{"id":998,"date":"2018-03-26T14:14:35","date_gmt":"2018-03-26T12:14:35","guid":{"rendered":"http:\/\/www.lyceelafayette.fr\/?p=998"},"modified":"2019-05-23T14:02:06","modified_gmt":"2019-05-23T12:02:06","slug":"palmares-2018-des-lycees-en-seine-et-marne-la-fayette-en-tete","status":"publish","type":"post","link":"https:\/\/www.lyceelafayette.fr\/index.php\/2018\/03\/26\/palmares-2018-des-lycees-en-seine-et-marne-la-fayette-en-tete\/","title":{"rendered":"Palmar\u00e8s 2018 des lyc\u00e9es en Seine-et-Marne : La Fayette en t\u00eate"},"content":{"rendered":"\n<p>&gt;<a href=\"http:\/\/www.leparisien.fr\/info-paris-ile-de-france-oise\/\">\u00cele-de-France &amp; Oise<\/a>&gt;<a href=\"http:\/\/www.leparisien.fr\/seine-et-marne-77\/\">Seine-et-Marne<\/a>|Sylvain Deleuze|\n                21 mars 2018, 6h24\n            |\n                    MAJ : 21 mars 2018, 15h07\n                |<a href=\"http:\/\/l.leparisien.fr\/_share\/facebook?b=Kaz9HugrQrFoK%2Fmqw3nxXrzTScb%2FHZ4NbYnf57hFR70%3D&amp;u=http%3A%2F%2Fwww.leparisien.fr%2Fseine-et-marne-77%2Fpalmares-2018-des-lycees-en-seine-et-marne-la-fayette-sur-un-petit-nuage-21-03-2018-7620378.php&amp;f=1&amp;fb=177619252338205\"><\/a><a href=\"http:\/\/l.leparisien.fr\/_share\/twitter?b=Kaz9HugrQrFoK%2Fmqw3nxXrzTScb%2FHZ4NbYnf57hFR70%3D&amp;u=http%3A%2F%2Fwww.leparisien.fr%2Fseine-et-marne-77%2Fpalmares-2018-des-lycees-en-seine-et-marne-la-fayette-sur-un-petit-nuage-21-03-2018-7620378.php&amp;f=1&amp;tm=LeParisien_77&amp;m=Palmar%C3%A8s%202018%20des%20lyc%C3%A9es%20en%20Seine-et-Marne%20%3A%20La%20Fayette%20en%20t%C3%AAte\"><\/a><a>0<\/a><\/p>\n\n\n\n<figure class=\"wp-block-image\"><img decoding=\"async\" src=\"http:\/\/s1.lprs1.fr\/images\/2018\/03\/21\/7620768_710c9ad8-2c58-11e8-99f7-8a2d246b98d0-1_1000x625.jpg\" alt=\"\"\/><figcaption>\n Champagne-sur-Seine, lundi matin. Des \u00e9l\u00e8ves du lyc\u00e9e travaillent sur \nla mise au point d\u2019un simulateur de vols et d\u2019interventions de pompiers \npour le SDIS 77. LP\/Sylvain Deleuze<\/figcaption><\/figure>\n\n\n\n<figure class=\"wp-block-image\"><img decoding=\"async\" src=\"http:\/\/s1.lprs1.fr\/assets\/v2\/img\/svg\/E-Label-EXCLU-60.svg\" alt=\"picto exclusif\"\/><\/figure>\n\n\n\n<h2 class=\"wp-block-heading\">Le lyc\u00e9e public La Fayette de Champagne-sur-Seine est le premier lyc\u00e9e public de Seine-et-Marne suite aux r\u00e9sultats du bac 2017.<\/h2>\n\n\n\n<p>Le\n lyc\u00e9e La Fayette, \u00e0 Champagne-sur-Seine, atteint la premi\u00e8re marche des\n lyc\u00e9es publics de Seine-et-Marne dans notre palmar\u00e8s \u00e9tabli \u00e0 partir \ndes donn\u00e9es du minist\u00e8re de l\u2019Education nationale, ce mercredi.<\/p>\n\n\n\n<p>Juste\n derri\u00e8re l\u2019\u00e9tablissement priv\u00e9 Saint-Laurent La Paix Notre-Dame, \u00e0 \nLagny-sur-Marne, qui figure en t\u00eate du tableau pour la Seine-et-Marne. \nAu niveau national, le lyc\u00e9e La Fayette se classe 44e.<\/p>\n\n\n\n<p><a href=\"http:\/\/www.parisetudiant.com\/etudiant\/annuaire-lycees\/classement\/lycees-gt\/ile-de-france_10\/seine-et-marne_77.html\">Classement des Lyc\u00e9es en Seine-et-Marne<\/a><\/p>\n\n\n\n<figure><iframe loading=\"lazy\" src=\"https:\/\/atelier.leparisien.fr\/palmares\/admin\/palmaresLycees77.php\" width=\"100%\" height=\"1350\"><\/iframe><\/figure>\n\n\n\n<p>Ce\n classement tient compte des r\u00e9sultats au baccalaur\u00e9at, La Fayette \naffiche 94 % de r\u00e9ussite, du taux de mentions, qui atteint les 45 %, et \nsurtout de la plus-value qu\u2019apporte l\u2019\u00e9tablissement \u00e0 ses \u00e9l\u00e8ves, soit \nla note maximale de 20 points. A \u00e9galit\u00e9 pour ce crit\u00e8re avec le lyc\u00e9e \npriv\u00e9 latignacien.<\/p>\n\n\n\n<p><strong>LIRE AUSSI &gt;<\/strong><a href=\"http:\/\/www.leparisien.fr\/societe\/palmares-2018-des-lycees-l-etablissement-le-plus-performant-est-a-clichy-sous-bois-21-03-2018-7619928.php\">Palmar\u00e8s 2018 des lyc\u00e9es : l\u2019\u00e9tablissement le plus performant est \u00e0\u2026 Clichy-sous-Bois<\/a><\/p>\n\n\n\n<p>Cette\n derni\u00e8re valeur t\u00e9moigne du grand nombre d\u2019\u00e9l\u00e8ves de seconde qui \nobtiennent le pr\u00e9cieux s\u00e9same. \u00ab On n\u2019attend pas qu\u2019ils d\u00e9crochent. Nous\n essayons de les suivre de pr\u00e8s \u00bb, explique Philippe Deslandres, le \nproviseur depuis cinq ans de ce paquebot de 1 100 \u00e9l\u00e8ves et 146 \nprofesseurs.<\/p>\n\n\n\n<p>\u00ab Nous avons un avantage : nous ne sommes pas lyc\u00e9e \nde secteur \u00bb, explique modestement Philippe Deslandres, heureux et fier \nde ce r\u00e9sultat. Autrement dit, le lyc\u00e9e des m\u00e9tiers de l\u2019\u00e9nergie, du \nnum\u00e9rique et des industries de production attire les \u00e9l\u00e8ves, notamment \npour les d\u00e9bouch\u00e9s qu\u2019offrent certains bacs professionnels.<\/p>\n\n\n\n<figure class=\"wp-block-image\"><img decoding=\"async\" src=\"http:\/\/www.leparisien.fr\/images\/2018\/03\/21\/303f5460-2d10-11e8-9898-0b2025ca72bb_1.jpg\" alt=\"-\"\/><\/figure>\n\n\n\n<p><em>En\n mai 2016, un h\u00e9licopt\u00e8re avait fait une d\u00e9monstration dans la cour du \nlyc\u00e9e pour c\u00e9l\u00e9brer un partenariat avec les pompiers. LP\/Pascal \nVillebeuf <\/em><\/p>\n\n\n\n<p>\u00ab Certaines soci\u00e9t\u00e9s viennent directement \nchercher nos \u00e9l\u00e8ves des formations industrielles \u00e0 la sortie du lyc\u00e9e. \nIls ont parfois des salaires sup\u00e9rieurs \u00e0 ceux de leurs professeurs \u00bb, \nconstate le proviseur.<\/p>\n\n\n\n<p>Quant \u00e0 la section g\u00e9n\u00e9rale, vis\u00e9e par ce \npalmar\u00e8s, les \u00e9l\u00e8ves sont en sections Sciences (S) et Sciences et \nTechnologies Industrielles (STI). Sur les 49 \u00e9l\u00e8ves ayant pass\u00e9 le bac \nSTI, 48 l\u2019ont obtenu.<\/p>\n\n\n\n<figure class=\"wp-block-image\"><img decoding=\"async\" src=\"http:\/\/www.leparisien.fr\/images\/2018\/03\/21\/369c0f6e-2c5d-11e8-bbc8-a425285f33d6_1.jpg\" alt=\"-\"\/><\/figure>\n\n\n\n<p><em>En mai 2016, des \u00e9tudiants de BTS ont con\u00e7u un simulateur de vol en h\u00e9licopt\u00e8re. LP\/Pascal Villebeuf <\/em><\/p>\n\n\n\n<p>\u00ab Nous allons de la 3<sup>e<\/sup>\n jusqu\u2019aux classes pr\u00e9paratoires \u00bb, d\u00e9taille le patron qui attribut ses \nbons r\u00e9sultats \u00e0 l\u2019internat qui accueille 200 \u00e9l\u00e8ves \u00e0 \nChampagne-sur-Seine et 68 \u00e0 H\u00e9ricy. \u00ab Cela permet un v\u00e9ritable suivi des\n \u00e9l\u00e8ves. Des professeurs de math\u00e9matiques les aident pour leurs devoirs \ndeux soirs par semaine \u00bb, d\u00e9taille Philippe Deslandres.<\/p>\n\n\n\n<p>M\u00eame si \nl\u2019\u00e9tablissement porte bien le poids des ans et devrait \u00eatre r\u00e9nov\u00e9 d\u2019ici\n quelques ann\u00e9es, de nombreuses classes sont \u00e9quip\u00e9es d\u2019ordinateur.<\/p>\n\n\n\n<p>Dans\n d\u2019autres, des \u00e9l\u00e8ves peuvent travailler sur la r\u00e9alisation de drones ou\n du travail sur un v\u00e9lo solex \u00e9lectrique, ou essayer de mettre au point \ndes simulateurs, comme cet impressionnant<a href=\"http:\/\/www.leparisien.fr\/informations\/des-etudiants-creent-un-simulateur-de-vol-pour-former-les-pompiers-30-05-2016-5840211.php\"> simulateur d\u2019h\u00e9licopt\u00e8re<\/a>,\n r\u00e9alis\u00e9 essentiellement par les \u00e9l\u00e8ves de BTS. \u00ab On y jette juste un \n\u0153il, mais c\u2019est motivant et concret comme travail \u00bb, indique un \u00e9l\u00e8ve de\n terminale.<strong>Comment lire notre tableau <\/strong><\/p>\n\n\n\n<p>Dans notre classement, r\u00e9alis\u00e9 \u00e0 partir des indicateurs de l\u2019<a href=\"http:\/\/www.education.gouv.fr\/cid3014\/les-indicateurs-resultats-des-lycees.html\" target=\"_blank\" rel=\"noreferrer noopener\">Education nationale<\/a>,\n nous mettons en avant la capacit\u00e9 des \u00e9tablissements \u00e0 faire progresser\n leurs \u00e9l\u00e8ves pour leur faire d\u00e9crocher le bac. Pour y parvenir, nous \ncomparons le taux de r\u00e9ussite \u00e0 l\u2019examen r\u00e9alis\u00e9 par le lyc\u00e9e avec le \ntaux de r\u00e9ussite attendu. Ce dernier est calcul\u00e9 en fonction de \nplusieurs crit\u00e8res comme l\u2019\u00e2ge des \u00e9l\u00e8ves, leur r\u00e9ussite au brevet, leur\n profil social.<\/p>\n\n\n\n<p>Outre cette valeur ajout\u00e9e <strong>\u00ab performance \u00bb<\/strong>, nous tenons aussi compte de la valeur ajout\u00e9e <strong>\u00ab accompagnement \u00bb<\/strong>\n (c\u2019est-\u00e0-dire la capacit\u00e9 de l\u2019\u00e9tablissement \u00e0 garder ses \u00e9l\u00e8ves entre \nla seconde et la terminale). Nouveaut\u00e9 cette ann\u00e9e : nous prenons \n\u00e9galement en consid\u00e9ration la valeur ajout\u00e9e <strong>\u00ab mention \u00bb<\/strong> (la \ndiff\u00e9rence entre le taux brut de mention et le taux attendu). Notre \nvaleur ajout\u00e9e totale est le cumul de ces trois crit\u00e8res.<\/p>\n","protected":false},"excerpt":{"rendered":"<p>&gt;\u00cele-de-France &amp; Oise&gt;Seine-et-Marne|Sylvain Deleuze| 21 mars 2018, 6h24 | MAJ : 21 mars 2018, 15h07 |0 Le lyc\u00e9e public La Fayette de Champagne-sur-Seine est le premier lyc\u00e9e public de Seine-et-Marne suite aux r\u00e9sultats du bac 2017. Le lyc\u00e9e La Fayette, \u00e0 Champagne-sur-Seine, atteint la premi\u00e8re marche des lyc\u00e9es publics de&#8230; <a class=\"continue-reading-link\" href=\"https:\/\/www.lyceelafayette.fr\/index.php\/2018\/03\/26\/palmares-2018-des-lycees-en-seine-et-marne-la-fayette-en-tete\/\">lire la suite<\/a><\/p>\n","protected":false},"author":1,"featured_media":0,"comment_status":"open","ping_status":"open","sticky":false,"template":"","format":"standard","meta":{"footnotes":""},"categories":[1],"tags":[],"class_list":["post-998","post","type-post","status-publish","format-standard","hentry","category-non-classe"],"yoast_head":"<!-- This site is optimized with the Yoast SEO plugin v27.5 - https:\/\/yoast.com\/product\/yoast-seo-wordpress\/ -->\n<title>Palmar\u00e8s 2018 des lyc\u00e9es en Seine-et-Marne : La Fayette en t\u00eate - Lyc\u00e9e La Fayette<\/title>\n<meta name=\"robots\" content=\"index, follow, max-snippet:-1, max-image-preview:large, max-video-preview:-1\" \/>\n<link rel=\"canonical\" href=\"https:\/\/www.lyceelafayette.fr\/index.php\/2018\/03\/26\/palmares-2018-des-lycees-en-seine-et-marne-la-fayette-en-tete\/\" \/>\n<meta property=\"og:locale\" content=\"fr_FR\" \/>\n<meta property=\"og:type\" content=\"article\" \/>\n<meta property=\"og:title\" content=\"Palmar\u00e8s 2018 des lyc\u00e9es en Seine-et-Marne : La Fayette en t\u00eate - Lyc\u00e9e La Fayette\" \/>\n<meta property=\"og:description\" content=\"&gt;\u00cele-de-France &amp; Oise&gt;Seine-et-Marne|Sylvain Deleuze| 21 mars 2018, 6h24 | MAJ : 21 mars 2018, 15h07 |0 Le lyc\u00e9e public La Fayette de Champagne-sur-Seine est le premier lyc\u00e9e public de Seine-et-Marne suite aux r\u00e9sultats du bac 2017. Le lyc\u00e9e La Fayette, \u00e0 Champagne-sur-Seine, atteint la premi\u00e8re marche des lyc\u00e9es publics de... lire la suite\" \/>\n<meta property=\"og:url\" content=\"https:\/\/www.lyceelafayette.fr\/index.php\/2018\/03\/26\/palmares-2018-des-lycees-en-seine-et-marne-la-fayette-en-tete\/\" \/>\n<meta property=\"og:site_name\" content=\"Lyc\u00e9e La Fayette\" \/>\n<meta property=\"article:published_time\" content=\"2018-03-26T12:14:35+00:00\" \/>\n<meta property=\"article:modified_time\" content=\"2019-05-23T12:02:06+00:00\" \/>\n<meta property=\"og:image\" content=\"http:\/\/s1.lprs1.fr\/images\/2018\/03\/21\/7620768_710c9ad8-2c58-11e8-99f7-8a2d246b98d0-1_1000x625.jpg\" \/>\n<meta name=\"author\" content=\"Patrice B\u00e9nier\" \/>\n<meta name=\"twitter:card\" content=\"summary_large_image\" \/>\n<meta name=\"twitter:label1\" content=\"\u00c9crit par\" \/>\n\t<meta name=\"twitter:data1\" content=\"Patrice B\u00e9nier\" \/>\n\t<meta name=\"twitter:label2\" content=\"Dur\u00e9e de lecture estim\u00e9e\" \/>\n\t<meta name=\"twitter:data2\" content=\"4 minutes\" \/>\n<script type=\"application\/ld+json\" class=\"yoast-schema-graph\">{\"@context\":\"https:\\\/\\\/schema.org\",\"@graph\":[{\"@type\":\"Article\",\"@id\":\"https:\\\/\\\/www.lyceelafayette.fr\\\/index.php\\\/2018\\\/03\\\/26\\\/palmares-2018-des-lycees-en-seine-et-marne-la-fayette-en-tete\\\/#article\",\"isPartOf\":{\"@id\":\"https:\\\/\\\/www.lyceelafayette.fr\\\/index.php\\\/2018\\\/03\\\/26\\\/palmares-2018-des-lycees-en-seine-et-marne-la-fayette-en-tete\\\/\"},\"author\":{\"name\":\"Patrice B\u00e9nier\",\"@id\":\"https:\\\/\\\/www.lyceelafayette.fr\\\/#\\\/schema\\\/person\\\/5f4cb4b9d90036fb2c71cd40d4589e29\"},\"headline\":\"Palmar\u00e8s 2018 des lyc\u00e9es en Seine-et-Marne : La Fayette en t\u00eate\",\"datePublished\":\"2018-03-26T12:14:35+00:00\",\"dateModified\":\"2019-05-23T12:02:06+00:00\",\"mainEntityOfPage\":{\"@id\":\"https:\\\/\\\/www.lyceelafayette.fr\\\/index.php\\\/2018\\\/03\\\/26\\\/palmares-2018-des-lycees-en-seine-et-marne-la-fayette-en-tete\\\/\"},\"wordCount\":762,\"commentCount\":0,\"publisher\":{\"@id\":\"https:\\\/\\\/www.lyceelafayette.fr\\\/#organization\"},\"image\":{\"@id\":\"https:\\\/\\\/www.lyceelafayette.fr\\\/index.php\\\/2018\\\/03\\\/26\\\/palmares-2018-des-lycees-en-seine-et-marne-la-fayette-en-tete\\\/#primaryimage\"},\"thumbnailUrl\":\"http:\\\/\\\/s1.lprs1.fr\\\/images\\\/2018\\\/03\\\/21\\\/7620768_710c9ad8-2c58-11e8-99f7-8a2d246b98d0-1_1000x625.jpg\",\"inLanguage\":\"fr-FR\",\"potentialAction\":[{\"@type\":\"CommentAction\",\"name\":\"Comment\",\"target\":[\"https:\\\/\\\/www.lyceelafayette.fr\\\/index.php\\\/2018\\\/03\\\/26\\\/palmares-2018-des-lycees-en-seine-et-marne-la-fayette-en-tete\\\/#respond\"]}]},{\"@type\":\"WebPage\",\"@id\":\"https:\\\/\\\/www.lyceelafayette.fr\\\/index.php\\\/2018\\\/03\\\/26\\\/palmares-2018-des-lycees-en-seine-et-marne-la-fayette-en-tete\\\/\",\"url\":\"https:\\\/\\\/www.lyceelafayette.fr\\\/index.php\\\/2018\\\/03\\\/26\\\/palmares-2018-des-lycees-en-seine-et-marne-la-fayette-en-tete\\\/\",\"name\":\"Palmar\u00e8s 2018 des lyc\u00e9es en Seine-et-Marne : La Fayette en t\u00eate - Lyc\u00e9e La Fayette\",\"isPartOf\":{\"@id\":\"https:\\\/\\\/www.lyceelafayette.fr\\\/#website\"},\"primaryImageOfPage\":{\"@id\":\"https:\\\/\\\/www.lyceelafayette.fr\\\/index.php\\\/2018\\\/03\\\/26\\\/palmares-2018-des-lycees-en-seine-et-marne-la-fayette-en-tete\\\/#primaryimage\"},\"image\":{\"@id\":\"https:\\\/\\\/www.lyceelafayette.fr\\\/index.php\\\/2018\\\/03\\\/26\\\/palmares-2018-des-lycees-en-seine-et-marne-la-fayette-en-tete\\\/#primaryimage\"},\"thumbnailUrl\":\"http:\\\/\\\/s1.lprs1.fr\\\/images\\\/2018\\\/03\\\/21\\\/7620768_710c9ad8-2c58-11e8-99f7-8a2d246b98d0-1_1000x625.jpg\",\"datePublished\":\"2018-03-26T12:14:35+00:00\",\"dateModified\":\"2019-05-23T12:02:06+00:00\",\"breadcrumb\":{\"@id\":\"https:\\\/\\\/www.lyceelafayette.fr\\\/index.php\\\/2018\\\/03\\\/26\\\/palmares-2018-des-lycees-en-seine-et-marne-la-fayette-en-tete\\\/#breadcrumb\"},\"inLanguage\":\"fr-FR\",\"potentialAction\":[{\"@type\":\"ReadAction\",\"target\":[\"https:\\\/\\\/www.lyceelafayette.fr\\\/index.php\\\/2018\\\/03\\\/26\\\/palmares-2018-des-lycees-en-seine-et-marne-la-fayette-en-tete\\\/\"]}]},{\"@type\":\"ImageObject\",\"inLanguage\":\"fr-FR\",\"@id\":\"https:\\\/\\\/www.lyceelafayette.fr\\\/index.php\\\/2018\\\/03\\\/26\\\/palmares-2018-des-lycees-en-seine-et-marne-la-fayette-en-tete\\\/#primaryimage\",\"url\":\"http:\\\/\\\/s1.lprs1.fr\\\/images\\\/2018\\\/03\\\/21\\\/7620768_710c9ad8-2c58-11e8-99f7-8a2d246b98d0-1_1000x625.jpg\",\"contentUrl\":\"http:\\\/\\\/s1.lprs1.fr\\\/images\\\/2018\\\/03\\\/21\\\/7620768_710c9ad8-2c58-11e8-99f7-8a2d246b98d0-1_1000x625.jpg\"},{\"@type\":\"BreadcrumbList\",\"@id\":\"https:\\\/\\\/www.lyceelafayette.fr\\\/index.php\\\/2018\\\/03\\\/26\\\/palmares-2018-des-lycees-en-seine-et-marne-la-fayette-en-tete\\\/#breadcrumb\",\"itemListElement\":[{\"@type\":\"ListItem\",\"position\":1,\"name\":\"Accueil\",\"item\":\"https:\\\/\\\/www.lyceelafayette.fr\\\/\"},{\"@type\":\"ListItem\",\"position\":2,\"name\":\"Palmar\u00e8s 2018 des lyc\u00e9es en Seine-et-Marne : La Fayette en t\u00eate\"}]},{\"@type\":\"WebSite\",\"@id\":\"https:\\\/\\\/www.lyceelafayette.fr\\\/#website\",\"url\":\"https:\\\/\\\/www.lyceelafayette.fr\\\/\",\"name\":\"Lyc\u00e9e La Fayette\",\"description\":\"\",\"publisher\":{\"@id\":\"https:\\\/\\\/www.lyceelafayette.fr\\\/#organization\"},\"potentialAction\":[{\"@type\":\"SearchAction\",\"target\":{\"@type\":\"EntryPoint\",\"urlTemplate\":\"https:\\\/\\\/www.lyceelafayette.fr\\\/?s={search_term_string}\"},\"query-input\":{\"@type\":\"PropertyValueSpecification\",\"valueRequired\":true,\"valueName\":\"search_term_string\"}}],\"inLanguage\":\"fr-FR\"},{\"@type\":\"Organization\",\"@id\":\"https:\\\/\\\/www.lyceelafayette.fr\\\/#organization\",\"name\":\"Lyc\u00e9e La Fayette\",\"url\":\"https:\\\/\\\/www.lyceelafayette.fr\\\/\",\"logo\":{\"@type\":\"ImageObject\",\"inLanguage\":\"fr-FR\",\"@id\":\"https:\\\/\\\/www.lyceelafayette.fr\\\/#\\\/schema\\\/logo\\\/image\\\/\",\"url\":\"https:\\\/\\\/www.lyceelafayette.fr\\\/wp-content\\\/uploads\\\/2019\\\/06\\\/llf_logo_alpha.png\",\"contentUrl\":\"https:\\\/\\\/www.lyceelafayette.fr\\\/wp-content\\\/uploads\\\/2019\\\/06\\\/llf_logo_alpha.png\",\"width\":1583,\"height\":792,\"caption\":\"Lyc\u00e9e La Fayette\"},\"image\":{\"@id\":\"https:\\\/\\\/www.lyceelafayette.fr\\\/#\\\/schema\\\/logo\\\/image\\\/\"},\"sameAs\":[\"https:\\\/\\\/www.youtube.com\\\/channel\\\/UC2AOQowoMGBKdY4ToZsf9mw\"]},{\"@type\":\"Person\",\"@id\":\"https:\\\/\\\/www.lyceelafayette.fr\\\/#\\\/schema\\\/person\\\/5f4cb4b9d90036fb2c71cd40d4589e29\",\"name\":\"Patrice B\u00e9nier\",\"image\":{\"@type\":\"ImageObject\",\"inLanguage\":\"fr-FR\",\"@id\":\"https:\\\/\\\/secure.gravatar.com\\\/avatar\\\/61a0bf0c04ca9c40f61223e7c767537479999b339cc880ec3d3bb92d00426ff7?s=96&d=blank&r=g\",\"url\":\"https:\\\/\\\/secure.gravatar.com\\\/avatar\\\/61a0bf0c04ca9c40f61223e7c767537479999b339cc880ec3d3bb92d00426ff7?s=96&d=blank&r=g\",\"contentUrl\":\"https:\\\/\\\/secure.gravatar.com\\\/avatar\\\/61a0bf0c04ca9c40f61223e7c767537479999b339cc880ec3d3bb92d00426ff7?s=96&d=blank&r=g\",\"caption\":\"Patrice B\u00e9nier\"},\"url\":\"https:\\\/\\\/www.lyceelafayette.fr\\\/index.php\\\/author\\\/patrice\\\/\"}]}<\/script>\n<!-- \/ Yoast SEO plugin. -->","yoast_head_json":{"title":"Palmar\u00e8s 2018 des lyc\u00e9es en Seine-et-Marne : La Fayette en t\u00eate - Lyc\u00e9e La Fayette","robots":{"index":"index","follow":"follow","max-snippet":"max-snippet:-1","max-image-preview":"max-image-preview:large","max-video-preview":"max-video-preview:-1"},"canonical":"https:\/\/www.lyceelafayette.fr\/index.php\/2018\/03\/26\/palmares-2018-des-lycees-en-seine-et-marne-la-fayette-en-tete\/","og_locale":"fr_FR","og_type":"article","og_title":"Palmar\u00e8s 2018 des lyc\u00e9es en Seine-et-Marne : La Fayette en t\u00eate - Lyc\u00e9e La Fayette","og_description":"&gt;\u00cele-de-France &amp; Oise&gt;Seine-et-Marne|Sylvain Deleuze| 21 mars 2018, 6h24 | MAJ : 21 mars 2018, 15h07 |0 Le lyc\u00e9e public La Fayette de Champagne-sur-Seine est le premier lyc\u00e9e public de Seine-et-Marne suite aux r\u00e9sultats du bac 2017. Le lyc\u00e9e La Fayette, \u00e0 Champagne-sur-Seine, atteint la premi\u00e8re marche des lyc\u00e9es publics de... lire la suite","og_url":"https:\/\/www.lyceelafayette.fr\/index.php\/2018\/03\/26\/palmares-2018-des-lycees-en-seine-et-marne-la-fayette-en-tete\/","og_site_name":"Lyc\u00e9e La Fayette","article_published_time":"2018-03-26T12:14:35+00:00","article_modified_time":"2019-05-23T12:02:06+00:00","og_image":[{"url":"http:\/\/s1.lprs1.fr\/images\/2018\/03\/21\/7620768_710c9ad8-2c58-11e8-99f7-8a2d246b98d0-1_1000x625.jpg","type":"","width":"","height":""}],"author":"Patrice B\u00e9nier","twitter_card":"summary_large_image","twitter_misc":{"\u00c9crit par":"Patrice B\u00e9nier","Dur\u00e9e de lecture estim\u00e9e":"4 minutes"},"schema":{"@context":"https:\/\/schema.org","@graph":[{"@type":"Article","@id":"https:\/\/www.lyceelafayette.fr\/index.php\/2018\/03\/26\/palmares-2018-des-lycees-en-seine-et-marne-la-fayette-en-tete\/#article","isPartOf":{"@id":"https:\/\/www.lyceelafayette.fr\/index.php\/2018\/03\/26\/palmares-2018-des-lycees-en-seine-et-marne-la-fayette-en-tete\/"},"author":{"name":"Patrice B\u00e9nier","@id":"https:\/\/www.lyceelafayette.fr\/#\/schema\/person\/5f4cb4b9d90036fb2c71cd40d4589e29"},"headline":"Palmar\u00e8s 2018 des lyc\u00e9es en Seine-et-Marne : La Fayette en t\u00eate","datePublished":"2018-03-26T12:14:35+00:00","dateModified":"2019-05-23T12:02:06+00:00","mainEntityOfPage":{"@id":"https:\/\/www.lyceelafayette.fr\/index.php\/2018\/03\/26\/palmares-2018-des-lycees-en-seine-et-marne-la-fayette-en-tete\/"},"wordCount":762,"commentCount":0,"publisher":{"@id":"https:\/\/www.lyceelafayette.fr\/#organization"},"image":{"@id":"https:\/\/www.lyceelafayette.fr\/index.php\/2018\/03\/26\/palmares-2018-des-lycees-en-seine-et-marne-la-fayette-en-tete\/#primaryimage"},"thumbnailUrl":"http:\/\/s1.lprs1.fr\/images\/2018\/03\/21\/7620768_710c9ad8-2c58-11e8-99f7-8a2d246b98d0-1_1000x625.jpg","inLanguage":"fr-FR","potentialAction":[{"@type":"CommentAction","name":"Comment","target":["https:\/\/www.lyceelafayette.fr\/index.php\/2018\/03\/26\/palmares-2018-des-lycees-en-seine-et-marne-la-fayette-en-tete\/#respond"]}]},{"@type":"WebPage","@id":"https:\/\/www.lyceelafayette.fr\/index.php\/2018\/03\/26\/palmares-2018-des-lycees-en-seine-et-marne-la-fayette-en-tete\/","url":"https:\/\/www.lyceelafayette.fr\/index.php\/2018\/03\/26\/palmares-2018-des-lycees-en-seine-et-marne-la-fayette-en-tete\/","name":"Palmar\u00e8s 2018 des lyc\u00e9es en Seine-et-Marne : La Fayette en t\u00eate - Lyc\u00e9e La Fayette","isPartOf":{"@id":"https:\/\/www.lyceelafayette.fr\/#website"},"primaryImageOfPage":{"@id":"https:\/\/www.lyceelafayette.fr\/index.php\/2018\/03\/26\/palmares-2018-des-lycees-en-seine-et-marne-la-fayette-en-tete\/#primaryimage"},"image":{"@id":"https:\/\/www.lyceelafayette.fr\/index.php\/2018\/03\/26\/palmares-2018-des-lycees-en-seine-et-marne-la-fayette-en-tete\/#primaryimage"},"thumbnailUrl":"http:\/\/s1.lprs1.fr\/images\/2018\/03\/21\/7620768_710c9ad8-2c58-11e8-99f7-8a2d246b98d0-1_1000x625.jpg","datePublished":"2018-03-26T12:14:35+00:00","dateModified":"2019-05-23T12:02:06+00:00","breadcrumb":{"@id":"https:\/\/www.lyceelafayette.fr\/index.php\/2018\/03\/26\/palmares-2018-des-lycees-en-seine-et-marne-la-fayette-en-tete\/#breadcrumb"},"inLanguage":"fr-FR","potentialAction":[{"@type":"ReadAction","target":["https:\/\/www.lyceelafayette.fr\/index.php\/2018\/03\/26\/palmares-2018-des-lycees-en-seine-et-marne-la-fayette-en-tete\/"]}]},{"@type":"ImageObject","inLanguage":"fr-FR","@id":"https:\/\/www.lyceelafayette.fr\/index.php\/2018\/03\/26\/palmares-2018-des-lycees-en-seine-et-marne-la-fayette-en-tete\/#primaryimage","url":"http:\/\/s1.lprs1.fr\/images\/2018\/03\/21\/7620768_710c9ad8-2c58-11e8-99f7-8a2d246b98d0-1_1000x625.jpg","contentUrl":"http:\/\/s1.lprs1.fr\/images\/2018\/03\/21\/7620768_710c9ad8-2c58-11e8-99f7-8a2d246b98d0-1_1000x625.jpg"},{"@type":"BreadcrumbList","@id":"https:\/\/www.lyceelafayette.fr\/index.php\/2018\/03\/26\/palmares-2018-des-lycees-en-seine-et-marne-la-fayette-en-tete\/#breadcrumb","itemListElement":[{"@type":"ListItem","position":1,"name":"Accueil","item":"https:\/\/www.lyceelafayette.fr\/"},{"@type":"ListItem","position":2,"name":"Palmar\u00e8s 2018 des lyc\u00e9es en Seine-et-Marne : La Fayette en t\u00eate"}]},{"@type":"WebSite","@id":"https:\/\/www.lyceelafayette.fr\/#website","url":"https:\/\/www.lyceelafayette.fr\/","name":"Lyc\u00e9e La Fayette","description":"","publisher":{"@id":"https:\/\/www.lyceelafayette.fr\/#organization"},"potentialAction":[{"@type":"SearchAction","target":{"@type":"EntryPoint","urlTemplate":"https:\/\/www.lyceelafayette.fr\/?s={search_term_string}"},"query-input":{"@type":"PropertyValueSpecification","valueRequired":true,"valueName":"search_term_string"}}],"inLanguage":"fr-FR"},{"@type":"Organization","@id":"https:\/\/www.lyceelafayette.fr\/#organization","name":"Lyc\u00e9e La Fayette","url":"https:\/\/www.lyceelafayette.fr\/","logo":{"@type":"ImageObject","inLanguage":"fr-FR","@id":"https:\/\/www.lyceelafayette.fr\/#\/schema\/logo\/image\/","url":"https:\/\/www.lyceelafayette.fr\/wp-content\/uploads\/2019\/06\/llf_logo_alpha.png","contentUrl":"https:\/\/www.lyceelafayette.fr\/wp-content\/uploads\/2019\/06\/llf_logo_alpha.png","width":1583,"height":792,"caption":"Lyc\u00e9e La Fayette"},"image":{"@id":"https:\/\/www.lyceelafayette.fr\/#\/schema\/logo\/image\/"},"sameAs":["https:\/\/www.youtube.com\/channel\/UC2AOQowoMGBKdY4ToZsf9mw"]},{"@type":"Person","@id":"https:\/\/www.lyceelafayette.fr\/#\/schema\/person\/5f4cb4b9d90036fb2c71cd40d4589e29","name":"Patrice B\u00e9nier","image":{"@type":"ImageObject","inLanguage":"fr-FR","@id":"https:\/\/secure.gravatar.com\/avatar\/61a0bf0c04ca9c40f61223e7c767537479999b339cc880ec3d3bb92d00426ff7?s=96&d=blank&r=g","url":"https:\/\/secure.gravatar.com\/avatar\/61a0bf0c04ca9c40f61223e7c767537479999b339cc880ec3d3bb92d00426ff7?s=96&d=blank&r=g","contentUrl":"https:\/\/secure.gravatar.com\/avatar\/61a0bf0c04ca9c40f61223e7c767537479999b339cc880ec3d3bb92d00426ff7?s=96&d=blank&r=g","caption":"Patrice B\u00e9nier"},"url":"https:\/\/www.lyceelafayette.fr\/index.php\/author\/patrice\/"}]}},"_links":{"self":[{"href":"https:\/\/www.lyceelafayette.fr\/index.php\/wp-json\/wp\/v2\/posts\/998","targetHints":{"allow":["GET"]}}],"collection":[{"href":"https:\/\/www.lyceelafayette.fr\/index.php\/wp-json\/wp\/v2\/posts"}],"about":[{"href":"https:\/\/www.lyceelafayette.fr\/index.php\/wp-json\/wp\/v2\/types\/post"}],"author":[{"embeddable":true,"href":"https:\/\/www.lyceelafayette.fr\/index.php\/wp-json\/wp\/v2\/users\/1"}],"replies":[{"embeddable":true,"href":"https:\/\/www.lyceelafayette.fr\/index.php\/wp-json\/wp\/v2\/comments?post=998"}],"version-history":[{"count":2,"href":"https:\/\/www.lyceelafayette.fr\/index.php\/wp-json\/wp\/v2\/posts\/998\/revisions"}],"predecessor-version":[{"id":1944,"href":"https:\/\/www.lyceelafayette.fr\/index.php\/wp-json\/wp\/v2\/posts\/998\/revisions\/1944"}],"wp:attachment":[{"href":"https:\/\/www.lyceelafayette.fr\/index.php\/wp-json\/wp\/v2\/media?parent=998"}],"wp:term":[{"taxonomy":"category","embeddable":true,"href":"https:\/\/www.lyceelafayette.fr\/index.php\/wp-json\/wp\/v2\/categories?post=998"},{"taxonomy":"post_tag","embeddable":true,"href":"https:\/\/www.lyceelafayette.fr\/index.php\/wp-json\/wp\/v2\/tags?post=998"}],"curies":[{"name":"wp","href":"https:\/\/api.w.org\/{rel}","templated":true}]}}