{"id":983,"date":"2019-03-26T14:03:58","date_gmt":"2019-03-26T13:03:58","guid":{"rendered":"http:\/\/www.lyceelafayette.fr\/?p=983"},"modified":"2019-12-20T09:10:01","modified_gmt":"2019-12-20T08:10:01","slug":"palmares-2019-des-lycees","status":"publish","type":"post","link":"https:\/\/www.lyceelafayette.fr\/index.php\/2019\/03\/26\/palmares-2019-des-lycees\/","title":{"rendered":"Palmar\u00e8s 2019 des lyc\u00e9es"},"content":{"rendered":"\n<p><strong>Palmar\u00e8s 2019 des lyc\u00e9es : La\nFayette en p\u00f4le position en Seine-et-Marne<\/strong><\/p>\n\n\n\n<p>&gt;<a href=\"http:\/\/www.leparisien.fr\/info-paris-ile-de-france-oise\/\">\u00cele-de-France &amp; Oise<\/a>&gt;<a href=\"http:\/\/www.leparisien.fr\/seine-et-marne-77\/\">Seine-et-Marne<\/a>|Faustine\nL\u00e9o| 20 mars 2019, 6h44 |0<\/p>\n\n\n\n<figure class=\"wp-block-image\"><img decoding=\"async\" src=\"http:\/\/s1.lprs1.fr\/images\/2018\/03\/21\/7620768_710c9ad8-2c58-11e8-99f7-8a2d246b98d0-1_1000x625.jpg\" alt=\"\"\/><\/figure>\n\n\n\n<p>Lundi, des\n\u00e9l\u00e8ves du lyc\u00e9e La Fayette \u00e0 Champagne-sur-Seine travaillent sur la mise au\npoint d\u2019un simulateur de vols et d\u2019interventions pour le Sdis 77. LP\/Sylvain\nDeleuze<\/p>\n\n\n\n<p><strong>Sept lyc\u00e9es publics se classent parmi les dix premi\u00e8res\nplaces de notre palmar\u00e8s 2019. Parmi eux, La Fayette d\u00e9sormais habitu\u00e9 au\npodium et Descartes qui a pens\u00e9 sa perc\u00e9e.<\/strong><\/p>\n\n\n\n<p>Le voil\u00e0 au sommet. <a href=\"http:\/\/www.leparisien.fr\/seine-et-marne-77\/palmares-2018-des-lycees-en-seine-et-marne-la-fayette-sur-un-petit-nuage-21-03-2018-7620378.php\">Deuxi\u00e8me l\u2019an dernier <\/a>derri\u00e8re l\u2019\u00e9tablissement priv\u00e9 Saint-Laurent \u00e0 Lagny, le lyc\u00e9e public La\nFayette de Champagne-sur-Seine est cette fois au firmament de notre palmar\u00e8s\n2019. \u00ab On essaye de tout faire pour trouver une solution \u00e0 chaque \u00e9l\u00e8ve et\nl\u2019amener au bac, souligne le nouveau proviseur Didier Piesse, qui a poursuivi\nle travail de son pr\u00e9d\u00e9cesseur Philippe Deslandres. Nous travaillons pour les\n\u00e9l\u00e8ves, non pas dans l\u2019optique d\u2019\u00eatre bien class\u00e9s. M\u00eame si \u00eatre en premi\u00e8re\nposition de ce palmar\u00e8s des lyc\u00e9es est une satisfaction pour l\u2019\u00e9quipe\nenseignante \u00bb.<\/p>\n\n\n\n<p>Ici, personne n\u2019est laiss\u00e9 au bord du chemin, et encore moins ceux qui\narrivent en 1<sup>re<\/sup>, apr\u00e8s avoir connu des difficult\u00e9s dans les lyc\u00e9es\nvoisins de Fontainebleau. \u00ab Il est certain que nombre de nos \u00e9l\u00e8ves ont eu la\nchance de conna\u00eetre des professeurs disponibles et motiv\u00e9s pour les\naccompagner. Un enseignant ne ferme pas sa porte apr\u00e8s ses cours. Il reste pour\nreprendre un exercice. Il y a aussi des cours de soutien pour ceux qui sont en\ninternat \u00bb, insiste le chef de cet \u00e9tablissement qui scolarise plus de 1 000\n\u00e9l\u00e8ves de la 3<sup>e<\/sup> au BTS en passant par les classes pr\u00e9paratoires.<\/p>\n\n\n\n<p><strong>LIRE AUSSI &gt;<\/strong>Palmar\u00e8s des lyc\u00e9es : Alfred-Nobel, \u00e0 Clichy-sous-Bois, en t\u00eate de notre\nclassement<\/p>\n\n\n\n<p>30 % des \u00e9l\u00e8ves appartiennent aux sections g\u00e9n\u00e9rales et technologiques,\ntoutes scientifiques. \u00ab Si un lyc\u00e9en est en difficult\u00e9 dans les mati\u00e8res\nth\u00e9oriques, nous \u00e9tudions toujours les passerelles possibles, en lui montrant\npar exemple ce qu\u2019est la fili\u00e8re \u00e9lectricit\u00e9, s\u2019il a des capacit\u00e9s dans les\nmati\u00e8res technologiques \u00bb, glisse Didier Piesse.<\/p>\n\n\n\n<p>\u00ab Les professeurs, jeunes et dynamiques, ont plein de projets avec les\n\u00e9l\u00e8ves, salue le maire (SE) de Champagne-sur-Seine, Michel Gonord. Tout cela\ncontribue \u00e0 redresser l\u2019image de la ville \u00bb.<\/p>\n\n\n\n<p>Cette mise en lumi\u00e8re \u00e9vitera peut-\u00eatre une des grandes craintes du\nproviseur : la suppression des classes g\u00e9n\u00e9rales et technologiques qui serait\nenvisag\u00e9e par le rectorat dans le cadre des \u00e9conomies budg\u00e9taires.<\/p>\n\n\n\n<figure class=\"wp-block-table\"><table class=\"\"><tbody><tr><td>\n  Lyc\u00e9e \/ statut \/ ville\n  <\/td><td>\n  <a href=\"https:\/\/atelier.leparisien.fr\/palmares\/admin\/palmaresLycees.php?slug=lycees-gt&amp;dep=&amp;mobile=&amp;statut=\"><strong>Valeur ajout\u00e9e<\/strong><\/a><strong><br>\n  <\/strong>\n  <\/td><td>\n  <a href=\"https:\/\/atelier.leparisien.fr\/palmares\/admin\/palmaresLycees.php?tri=tx_succes&amp;slug=lycees-gt&amp;dep=&amp;mobile=&amp;statut=\"><strong>Taux de <\/strong><strong><br>\n  <\/strong><strong>r\u00e9ussite<\/strong><\/a><strong><\/strong>\n  <\/td><td>\n  <a href=\"https:\/\/atelier.leparisien.fr\/palmares\/admin\/palmaresLycees.php?tri=tx_mentions&amp;slug=lycees-gt&amp;dep=&amp;mobile=&amp;statut=\"><strong>Taux de mentions<\/strong><\/a><strong><\/strong>\n  <\/td><td>\n  <a href=\"https:\/\/atelier.leparisien.fr\/palmares\/admin\/palmaresLycees.php?tri=tx_acces_2nd_bac&amp;slug=lycees-gt&amp;dep=&amp;mobile=&amp;statut=\"><strong>Acc\u00e8s 2<sup>de<\/sup>\/bac<\/strong><\/a><strong><\/strong>\n  <\/td><\/tr><tr><td>\n  <strong>1<\/strong>\n  <\/td><td>\n  Lyc\u00e9e polyvalent La Fayette\n  public &#8211;\n  Champagne-sur-Seine 77430\n  <\/td><td>\n  23\n  <\/td><td>\n  94%\n  <\/td><td>\n  51%\n  <\/td><td>\n  74%\n  <\/td><\/tr><tr><td>\n  <strong>2<\/strong>\n  <\/td><td>\n  Lyc\u00e9e Ren\u00e9 Descartes\n  public &#8211;\n  Champs-sur-Marne 77420\n  <\/td><td>\n  21\n  <\/td><td>\n  90%\n  <\/td><td>\n  45%\n  <\/td><td>\n  83%\n  <\/td><\/tr><tr><td>\n  <strong>3<\/strong>\n  <\/td><td>\n  Lyc\u00e9e Le Gu\u00e9 \u00e0 Tresmes\n  public &#8211;\n  Congis-sur-Th\u00e9rouanne 77440\n  <\/td><td>\n  19\n  <\/td><td>\n  96%\n  <\/td><td>\n  58%\n  <\/td><td>\n  76%\n  <\/td><\/tr><tr><td>\n  <strong>4<\/strong>\n  <\/td><td>\n  Lyc\u00e9e priv\u00e9 saint-Laurent La Paix Notre-Dame\n  priv\u00e9 sous\n  contrat &#8211; Lagny-sur-Marne 77400\n  <\/td><td>\n  18\n  <\/td><td>\n  100%\n  <\/td><td>\n  83%\n  <\/td><td>\n  86%\n  <\/td><\/tr><tr><td>\n  <strong>5<\/strong>\n  <\/td><td>\n  Lyc\u00e9e Emily Bront\u00eb\n  public &#8211; Lognes\n  77185\n  <\/td><td>\n  16\n  <\/td><td>\n  96%\n  <\/td><td>\n  58%\n  <\/td><td>\n  87%\n  <\/td><\/tr><tr><td>\n  <strong>6<\/strong>\n  <\/td><td>\n  Lyc\u00e9e polyvalent Cl\u00e9ment Ader\n  public &#8211; Tournan-en-Brie\n  77220\n  <\/td><td>\n  14\n  <\/td><td>\n  93%\n  <\/td><td>\n  47%\n  <\/td><td>\n  80%\n  <\/td><\/tr><tr><td>\n  <strong>7<\/strong>\n  <\/td><td>\n  Lyc\u00e9e polyvalent Maurice Rondeau\n  priv\u00e9 sous\n  contrat &#8211; Bussy-Saint-Georges 77600\n  <\/td><td>\n  13\n  <\/td><td>\n  100%\n  <\/td><td>\n  77%\n  <\/td><td>\n  90%\n  <\/td><\/tr><tr><td>\n  <strong>8<\/strong>\n  <\/td><td>\n  Lyc\u00e9e priv\u00e9 european campus Sainte-Th\u00e9r\u00e8se\n  priv\u00e9 sous\n  contrat &#8211; Ozoir-la-Ferri\u00e8re 77330\n  <\/td><td>\n  11\n  <\/td><td>\n  100%\n  <\/td><td>\n  89%\n  <\/td><td>\n  82%\n  <\/td><\/tr><tr><td>\n  <strong>9<\/strong>\n  <\/td><td>\n  Lyc\u00e9e polyvalent les Pannevelles\n  public &#8211; Provins\n  77160\n  <\/td><td>\n  11\n  <\/td><td>\n  86%\n  <\/td><td>\n  41%\n  <\/td><td>\n  75%\n  <\/td><\/tr><tr><td>\n  <strong>10<\/strong>\n  <\/td><td>\n  Lyc\u00e9e professionnel Lino Ventura\n  public &#8211;\n  Ozoir-la-Ferri\u00e8re 77330\n  <\/td><td>\n  9\n  <\/td><td>\n  100%\n  <\/td><td>\n  56%\n  <\/td><td>\n  51%\n  <\/td><\/tr><tr><td>\n  <strong>11<\/strong>\n  <\/td><td>\n  Lyc\u00e9e polyvalent Blaise Pascal\n  public &#8211;\n  Brie-Comte-Robert 77170\n  <\/td><td>\n  9\n  <\/td><td>\n  91%\n  <\/td><td>\n  52%\n  <\/td><td>\n  84%\n  <\/td><\/tr><tr><td>\n  <strong>12<\/strong>\n  <\/td><td>\n  Lyc\u00e9e Charles le Chauve\n  public &#8211;\n  Roissy-en-Brie 77680\n  <\/td><td>\n  8\n  <\/td><td>\n  91%\n  <\/td><td>\n  46%\n  <\/td><td>\n  84%\n  <\/td><\/tr><tr><td>\n  <strong>13<\/strong>\n  <\/td><td>\n  Lyc\u00e9e saint-Aspais\n  priv\u00e9 sous\n  contrat &#8211; Melun 77000\n  <\/td><td>\n  7\n  <\/td><td>\n  99%\n  <\/td><td>\n  70%\n  <\/td><td>\n  88%\n  <\/td><\/tr><tr><td>\n  <strong>14<\/strong>\n  <\/td><td>\n  Lyc\u00e9e Sainte-Croix\n  priv\u00e9 sous\n  contrat &#8211; Provins 77160\n  <\/td><td>\n  7\n  <\/td><td>\n  97%\n  <\/td><td>\n  49%\n  <\/td><td>\n  80%\n  <\/td><\/tr><tr><td>\n  <strong>15<\/strong>\n  <\/td><td>\n  Lyc\u00e9e Charlotte Delbo\n  public &#8211;\n  Dammartin-en-Go\u00eble 77230\n  <\/td><td>\n  7\n  <\/td><td>\n  90%\n  <\/td><td>\n  43%\n  <\/td><td>\n  70%\n  <\/td><\/tr><tr><td>\n  <strong>16<\/strong>\n  <\/td><td>\n  Lyc\u00e9e polyvalent Fr\u00e9d\u00e9ric Joliot-Curie\n  public &#8211;\n  Dammarie-les-Lys 77190\n  <\/td><td>\n  6\n  <\/td><td>\n  92%\n  <\/td><td>\n  43%\n  <\/td><td>\n  84%\n  <\/td><\/tr><tr><td>\n  <strong>17<\/strong>\n  <\/td><td>\n  Lyc\u00e9e Fran\u00e7ois Ier\n  public &#8211;\n  Fontainebleau 77300\n  <\/td><td>\n  5\n  <\/td><td>\n  96%\n  <\/td><td>\n  69%\n  <\/td><td>\n  86%\n  <\/td><\/tr><tr><td>\n  <strong>18<\/strong>\n  <\/td><td>\n  Lyc\u00e9e\n  Martin Luther King\n  public &#8211; Bussy-Saint-Georges 77600\n  <\/td><td>\n  5\n  <\/td><td>\n  93%\n  <\/td><td>\n  51%\n  <\/td><td>\n  86%\n  <\/td><\/tr><tr><td>\n  <strong>19<\/strong>\n  <\/td><td>\n  Lyc\u00e9e polyvalent Simone Signoret\n  public &#8211;\n  Vaux-le-P\u00e9nil 77000\n  <\/td><td>\n  5\n  <\/td><td>\n  93%\n  <\/td><td>\n  43%\n  <\/td><td>\n  87%\n  <\/td><\/tr><tr><td>\n  <strong>20<\/strong>\n  <\/td><td>\n  Lyc\u00e9e Sonia Delaunay\n  public &#8211; Cesson\n  77240\n  <\/td><td>\n  4\n  <\/td><td>\n  95%\n  <\/td><td>\n  63%\n  <\/td><td>\n  80%\n  <\/td><\/tr><tr><td>\n  <strong>21<\/strong>\n  <\/td><td>\n  Lyc\u00e9e Galil\u00e9e\n  public &#8211;\n  Combs-la-Ville 77380\n  <\/td><td>\n  4\n  <\/td><td>\n  93%\n  <\/td><td>\n  50%\n  <\/td><td>\n  79%\n  <\/td><\/tr><tr><td>\n  <strong>22<\/strong>\n  <\/td><td>\n  Lyc\u00e9e Thibaut de Champagne\n  public &#8211; Provins\n  77160\n  <\/td><td>\n  3\n  <\/td><td>\n  88%\n  <\/td><td>\n  35%\n  <\/td><td>\n  79%\n  <\/td><\/tr><tr><td>\n  <strong>23<\/strong>\n  <\/td><td>\n  Lyc\u00e9e Becquerel\n  public &#8211; Nangis\n  77370\n  <\/td><td>\n  3\n  <\/td><td>\n  87%\n  <\/td><td>\n  38%\n  <\/td><td>\n  68%\n  <\/td><\/tr><tr><td>\n  <strong>24<\/strong>\n  <\/td><td>\n  Lyc\u00e9e polyvalent Honor\u00e9 de Balzac\n  public &#8211;\n  Mitry-Mory 77290\n  <\/td><td>\n  3\n  <\/td><td>\n  83%\n  <\/td><td>\n  37%\n  <\/td><td>\n  77%\n  <\/td><\/tr><tr><td>\n  <strong>25<\/strong>\n  <\/td><td>\n  Lyc\u00e9e polyvalent de Serris Emilie du Ch\u00e2telet\n  public &#8211; Serris\n  77700\n  <\/td><td>\n  2\n  <\/td><td>\n  91%\n  <\/td><td>\n  57%\n  <\/td><td>\n  75%\n  <\/td><\/tr><\/tbody><\/table><\/figure>\n","protected":false},"excerpt":{"rendered":"<p>Palmar\u00e8s 2019 des lyc\u00e9es : La Fayette en p\u00f4le position en Seine-et-Marne &gt;\u00cele-de-France &amp; Oise&gt;Seine-et-Marne|Faustine L\u00e9o| 20 mars 2019, 6h44 |0 Lundi, des \u00e9l\u00e8ves du lyc\u00e9e La Fayette \u00e0 Champagne-sur-Seine travaillent sur la mise au point d\u2019un simulateur de vols et d\u2019interventions pour le Sdis 77. LP\/Sylvain Deleuze Sept lyc\u00e9es&#8230; <a class=\"continue-reading-link\" href=\"https:\/\/www.lyceelafayette.fr\/index.php\/2019\/03\/26\/palmares-2019-des-lycees\/\">lire la suite<\/a><\/p>\n","protected":false},"author":1,"featured_media":425,"comment_status":"open","ping_status":"open","sticky":false,"template":"","format":"standard","meta":{"footnotes":""},"categories":[1],"tags":[8,64],"class_list":["post-983","post","type-post","status-publish","format-standard","has-post-thumbnail","hentry","category-non-classe","tag-8","tag-palmares"],"yoast_head":"<!-- This site is optimized with the Yoast SEO plugin v27.5 - https:\/\/yoast.com\/product\/yoast-seo-wordpress\/ -->\n<title>Palmar\u00e8s 2019 des lyc\u00e9es - Lyc\u00e9e La Fayette<\/title>\n<meta name=\"robots\" content=\"index, follow, max-snippet:-1, max-image-preview:large, max-video-preview:-1\" \/>\n<link rel=\"canonical\" href=\"https:\/\/www.lyceelafayette.fr\/index.php\/2019\/03\/26\/palmares-2019-des-lycees\/\" \/>\n<meta property=\"og:locale\" content=\"fr_FR\" \/>\n<meta property=\"og:type\" content=\"article\" \/>\n<meta property=\"og:title\" content=\"Palmar\u00e8s 2019 des lyc\u00e9es - Lyc\u00e9e La Fayette\" \/>\n<meta property=\"og:description\" content=\"Palmar\u00e8s 2019 des lyc\u00e9es : La Fayette en p\u00f4le position en Seine-et-Marne &gt;\u00cele-de-France &amp; Oise&gt;Seine-et-Marne|Faustine L\u00e9o| 20 mars 2019, 6h44 |0 Lundi, des \u00e9l\u00e8ves du lyc\u00e9e La Fayette \u00e0 Champagne-sur-Seine travaillent sur la mise au point d\u2019un simulateur de vols et d\u2019interventions pour le Sdis 77. LP\/Sylvain Deleuze Sept lyc\u00e9es... lire la suite\" \/>\n<meta property=\"og:url\" content=\"https:\/\/www.lyceelafayette.fr\/index.php\/2019\/03\/26\/palmares-2019-des-lycees\/\" \/>\n<meta property=\"og:site_name\" content=\"Lyc\u00e9e La Fayette\" \/>\n<meta property=\"article:published_time\" content=\"2019-03-26T13:03:58+00:00\" \/>\n<meta property=\"article:modified_time\" content=\"2019-12-20T08:10:01+00:00\" \/>\n<meta property=\"og:image\" content=\"https:\/\/www.lyceelafayette.fr\/wp-content\/uploads\/2019\/01\/flyer_BtsSNIR_2018_html_e06bf028086baa75.jpg\" \/>\n\t<meta property=\"og:image:width\" content=\"259\" \/>\n\t<meta property=\"og:image:height\" content=\"194\" \/>\n\t<meta property=\"og:image:type\" content=\"image\/jpeg\" \/>\n<meta name=\"author\" content=\"Patrice B\u00e9nier\" \/>\n<meta name=\"twitter:card\" content=\"summary_large_image\" \/>\n<meta name=\"twitter:label1\" content=\"\u00c9crit par\" \/>\n\t<meta name=\"twitter:data1\" content=\"Patrice B\u00e9nier\" \/>\n\t<meta name=\"twitter:label2\" content=\"Dur\u00e9e de lecture estim\u00e9e\" \/>\n\t<meta name=\"twitter:data2\" content=\"3 minutes\" \/>\n<script type=\"application\/ld+json\" class=\"yoast-schema-graph\">{\"@context\":\"https:\\\/\\\/schema.org\",\"@graph\":[{\"@type\":\"Article\",\"@id\":\"https:\\\/\\\/www.lyceelafayette.fr\\\/index.php\\\/2019\\\/03\\\/26\\\/palmares-2019-des-lycees\\\/#article\",\"isPartOf\":{\"@id\":\"https:\\\/\\\/www.lyceelafayette.fr\\\/index.php\\\/2019\\\/03\\\/26\\\/palmares-2019-des-lycees\\\/\"},\"author\":{\"name\":\"Patrice B\u00e9nier\",\"@id\":\"https:\\\/\\\/www.lyceelafayette.fr\\\/#\\\/schema\\\/person\\\/5f4cb4b9d90036fb2c71cd40d4589e29\"},\"headline\":\"Palmar\u00e8s 2019 des lyc\u00e9es\",\"datePublished\":\"2019-03-26T13:03:58+00:00\",\"dateModified\":\"2019-12-20T08:10:01+00:00\",\"mainEntityOfPage\":{\"@id\":\"https:\\\/\\\/www.lyceelafayette.fr\\\/index.php\\\/2019\\\/03\\\/26\\\/palmares-2019-des-lycees\\\/\"},\"wordCount\":685,\"commentCount\":0,\"publisher\":{\"@id\":\"https:\\\/\\\/www.lyceelafayette.fr\\\/#organization\"},\"image\":{\"@id\":\"https:\\\/\\\/www.lyceelafayette.fr\\\/index.php\\\/2019\\\/03\\\/26\\\/palmares-2019-des-lycees\\\/#primaryimage\"},\"thumbnailUrl\":\"https:\\\/\\\/www.lyceelafayette.fr\\\/wp-content\\\/uploads\\\/2019\\\/01\\\/flyer_BtsSNIR_2018_html_e06bf028086baa75.jpg\",\"keywords\":[\"2019\",\"palmar\u00e8s\"],\"inLanguage\":\"fr-FR\",\"potentialAction\":[{\"@type\":\"CommentAction\",\"name\":\"Comment\",\"target\":[\"https:\\\/\\\/www.lyceelafayette.fr\\\/index.php\\\/2019\\\/03\\\/26\\\/palmares-2019-des-lycees\\\/#respond\"]}]},{\"@type\":\"WebPage\",\"@id\":\"https:\\\/\\\/www.lyceelafayette.fr\\\/index.php\\\/2019\\\/03\\\/26\\\/palmares-2019-des-lycees\\\/\",\"url\":\"https:\\\/\\\/www.lyceelafayette.fr\\\/index.php\\\/2019\\\/03\\\/26\\\/palmares-2019-des-lycees\\\/\",\"name\":\"Palmar\u00e8s 2019 des lyc\u00e9es - Lyc\u00e9e La Fayette\",\"isPartOf\":{\"@id\":\"https:\\\/\\\/www.lyceelafayette.fr\\\/#website\"},\"primaryImageOfPage\":{\"@id\":\"https:\\\/\\\/www.lyceelafayette.fr\\\/index.php\\\/2019\\\/03\\\/26\\\/palmares-2019-des-lycees\\\/#primaryimage\"},\"image\":{\"@id\":\"https:\\\/\\\/www.lyceelafayette.fr\\\/index.php\\\/2019\\\/03\\\/26\\\/palmares-2019-des-lycees\\\/#primaryimage\"},\"thumbnailUrl\":\"https:\\\/\\\/www.lyceelafayette.fr\\\/wp-content\\\/uploads\\\/2019\\\/01\\\/flyer_BtsSNIR_2018_html_e06bf028086baa75.jpg\",\"datePublished\":\"2019-03-26T13:03:58+00:00\",\"dateModified\":\"2019-12-20T08:10:01+00:00\",\"breadcrumb\":{\"@id\":\"https:\\\/\\\/www.lyceelafayette.fr\\\/index.php\\\/2019\\\/03\\\/26\\\/palmares-2019-des-lycees\\\/#breadcrumb\"},\"inLanguage\":\"fr-FR\",\"potentialAction\":[{\"@type\":\"ReadAction\",\"target\":[\"https:\\\/\\\/www.lyceelafayette.fr\\\/index.php\\\/2019\\\/03\\\/26\\\/palmares-2019-des-lycees\\\/\"]}]},{\"@type\":\"ImageObject\",\"inLanguage\":\"fr-FR\",\"@id\":\"https:\\\/\\\/www.lyceelafayette.fr\\\/index.php\\\/2019\\\/03\\\/26\\\/palmares-2019-des-lycees\\\/#primaryimage\",\"url\":\"https:\\\/\\\/www.lyceelafayette.fr\\\/wp-content\\\/uploads\\\/2019\\\/01\\\/flyer_BtsSNIR_2018_html_e06bf028086baa75.jpg\",\"contentUrl\":\"https:\\\/\\\/www.lyceelafayette.fr\\\/wp-content\\\/uploads\\\/2019\\\/01\\\/flyer_BtsSNIR_2018_html_e06bf028086baa75.jpg\",\"width\":259,\"height\":194},{\"@type\":\"BreadcrumbList\",\"@id\":\"https:\\\/\\\/www.lyceelafayette.fr\\\/index.php\\\/2019\\\/03\\\/26\\\/palmares-2019-des-lycees\\\/#breadcrumb\",\"itemListElement\":[{\"@type\":\"ListItem\",\"position\":1,\"name\":\"Accueil\",\"item\":\"https:\\\/\\\/www.lyceelafayette.fr\\\/\"},{\"@type\":\"ListItem\",\"position\":2,\"name\":\"Palmar\u00e8s 2019 des lyc\u00e9es\"}]},{\"@type\":\"WebSite\",\"@id\":\"https:\\\/\\\/www.lyceelafayette.fr\\\/#website\",\"url\":\"https:\\\/\\\/www.lyceelafayette.fr\\\/\",\"name\":\"Lyc\u00e9e La Fayette\",\"description\":\"\",\"publisher\":{\"@id\":\"https:\\\/\\\/www.lyceelafayette.fr\\\/#organization\"},\"potentialAction\":[{\"@type\":\"SearchAction\",\"target\":{\"@type\":\"EntryPoint\",\"urlTemplate\":\"https:\\\/\\\/www.lyceelafayette.fr\\\/?s={search_term_string}\"},\"query-input\":{\"@type\":\"PropertyValueSpecification\",\"valueRequired\":true,\"valueName\":\"search_term_string\"}}],\"inLanguage\":\"fr-FR\"},{\"@type\":\"Organization\",\"@id\":\"https:\\\/\\\/www.lyceelafayette.fr\\\/#organization\",\"name\":\"Lyc\u00e9e La Fayette\",\"url\":\"https:\\\/\\\/www.lyceelafayette.fr\\\/\",\"logo\":{\"@type\":\"ImageObject\",\"inLanguage\":\"fr-FR\",\"@id\":\"https:\\\/\\\/www.lyceelafayette.fr\\\/#\\\/schema\\\/logo\\\/image\\\/\",\"url\":\"https:\\\/\\\/www.lyceelafayette.fr\\\/wp-content\\\/uploads\\\/2019\\\/06\\\/llf_logo_alpha.png\",\"contentUrl\":\"https:\\\/\\\/www.lyceelafayette.fr\\\/wp-content\\\/uploads\\\/2019\\\/06\\\/llf_logo_alpha.png\",\"width\":1583,\"height\":792,\"caption\":\"Lyc\u00e9e La Fayette\"},\"image\":{\"@id\":\"https:\\\/\\\/www.lyceelafayette.fr\\\/#\\\/schema\\\/logo\\\/image\\\/\"},\"sameAs\":[\"https:\\\/\\\/www.youtube.com\\\/channel\\\/UC2AOQowoMGBKdY4ToZsf9mw\"]},{\"@type\":\"Person\",\"@id\":\"https:\\\/\\\/www.lyceelafayette.fr\\\/#\\\/schema\\\/person\\\/5f4cb4b9d90036fb2c71cd40d4589e29\",\"name\":\"Patrice B\u00e9nier\",\"image\":{\"@type\":\"ImageObject\",\"inLanguage\":\"fr-FR\",\"@id\":\"https:\\\/\\\/secure.gravatar.com\\\/avatar\\\/61a0bf0c04ca9c40f61223e7c767537479999b339cc880ec3d3bb92d00426ff7?s=96&d=blank&r=g\",\"url\":\"https:\\\/\\\/secure.gravatar.com\\\/avatar\\\/61a0bf0c04ca9c40f61223e7c767537479999b339cc880ec3d3bb92d00426ff7?s=96&d=blank&r=g\",\"contentUrl\":\"https:\\\/\\\/secure.gravatar.com\\\/avatar\\\/61a0bf0c04ca9c40f61223e7c767537479999b339cc880ec3d3bb92d00426ff7?s=96&d=blank&r=g\",\"caption\":\"Patrice B\u00e9nier\"},\"url\":\"https:\\\/\\\/www.lyceelafayette.fr\\\/index.php\\\/author\\\/patrice\\\/\"}]}<\/script>\n<!-- \/ Yoast SEO plugin. -->","yoast_head_json":{"title":"Palmar\u00e8s 2019 des lyc\u00e9es - Lyc\u00e9e La Fayette","robots":{"index":"index","follow":"follow","max-snippet":"max-snippet:-1","max-image-preview":"max-image-preview:large","max-video-preview":"max-video-preview:-1"},"canonical":"https:\/\/www.lyceelafayette.fr\/index.php\/2019\/03\/26\/palmares-2019-des-lycees\/","og_locale":"fr_FR","og_type":"article","og_title":"Palmar\u00e8s 2019 des lyc\u00e9es - Lyc\u00e9e La Fayette","og_description":"Palmar\u00e8s 2019 des lyc\u00e9es : La Fayette en p\u00f4le position en Seine-et-Marne &gt;\u00cele-de-France &amp; Oise&gt;Seine-et-Marne|Faustine L\u00e9o| 20 mars 2019, 6h44 |0 Lundi, des \u00e9l\u00e8ves du lyc\u00e9e La Fayette \u00e0 Champagne-sur-Seine travaillent sur la mise au point d\u2019un simulateur de vols et d\u2019interventions pour le Sdis 77. LP\/Sylvain Deleuze Sept lyc\u00e9es... lire la suite","og_url":"https:\/\/www.lyceelafayette.fr\/index.php\/2019\/03\/26\/palmares-2019-des-lycees\/","og_site_name":"Lyc\u00e9e La Fayette","article_published_time":"2019-03-26T13:03:58+00:00","article_modified_time":"2019-12-20T08:10:01+00:00","og_image":[{"width":259,"height":194,"url":"https:\/\/www.lyceelafayette.fr\/wp-content\/uploads\/2019\/01\/flyer_BtsSNIR_2018_html_e06bf028086baa75.jpg","type":"image\/jpeg"}],"author":"Patrice B\u00e9nier","twitter_card":"summary_large_image","twitter_misc":{"\u00c9crit par":"Patrice B\u00e9nier","Dur\u00e9e de lecture estim\u00e9e":"3 minutes"},"schema":{"@context":"https:\/\/schema.org","@graph":[{"@type":"Article","@id":"https:\/\/www.lyceelafayette.fr\/index.php\/2019\/03\/26\/palmares-2019-des-lycees\/#article","isPartOf":{"@id":"https:\/\/www.lyceelafayette.fr\/index.php\/2019\/03\/26\/palmares-2019-des-lycees\/"},"author":{"name":"Patrice B\u00e9nier","@id":"https:\/\/www.lyceelafayette.fr\/#\/schema\/person\/5f4cb4b9d90036fb2c71cd40d4589e29"},"headline":"Palmar\u00e8s 2019 des lyc\u00e9es","datePublished":"2019-03-26T13:03:58+00:00","dateModified":"2019-12-20T08:10:01+00:00","mainEntityOfPage":{"@id":"https:\/\/www.lyceelafayette.fr\/index.php\/2019\/03\/26\/palmares-2019-des-lycees\/"},"wordCount":685,"commentCount":0,"publisher":{"@id":"https:\/\/www.lyceelafayette.fr\/#organization"},"image":{"@id":"https:\/\/www.lyceelafayette.fr\/index.php\/2019\/03\/26\/palmares-2019-des-lycees\/#primaryimage"},"thumbnailUrl":"https:\/\/www.lyceelafayette.fr\/wp-content\/uploads\/2019\/01\/flyer_BtsSNIR_2018_html_e06bf028086baa75.jpg","keywords":["2019","palmar\u00e8s"],"inLanguage":"fr-FR","potentialAction":[{"@type":"CommentAction","name":"Comment","target":["https:\/\/www.lyceelafayette.fr\/index.php\/2019\/03\/26\/palmares-2019-des-lycees\/#respond"]}]},{"@type":"WebPage","@id":"https:\/\/www.lyceelafayette.fr\/index.php\/2019\/03\/26\/palmares-2019-des-lycees\/","url":"https:\/\/www.lyceelafayette.fr\/index.php\/2019\/03\/26\/palmares-2019-des-lycees\/","name":"Palmar\u00e8s 2019 des lyc\u00e9es - Lyc\u00e9e La Fayette","isPartOf":{"@id":"https:\/\/www.lyceelafayette.fr\/#website"},"primaryImageOfPage":{"@id":"https:\/\/www.lyceelafayette.fr\/index.php\/2019\/03\/26\/palmares-2019-des-lycees\/#primaryimage"},"image":{"@id":"https:\/\/www.lyceelafayette.fr\/index.php\/2019\/03\/26\/palmares-2019-des-lycees\/#primaryimage"},"thumbnailUrl":"https:\/\/www.lyceelafayette.fr\/wp-content\/uploads\/2019\/01\/flyer_BtsSNIR_2018_html_e06bf028086baa75.jpg","datePublished":"2019-03-26T13:03:58+00:00","dateModified":"2019-12-20T08:10:01+00:00","breadcrumb":{"@id":"https:\/\/www.lyceelafayette.fr\/index.php\/2019\/03\/26\/palmares-2019-des-lycees\/#breadcrumb"},"inLanguage":"fr-FR","potentialAction":[{"@type":"ReadAction","target":["https:\/\/www.lyceelafayette.fr\/index.php\/2019\/03\/26\/palmares-2019-des-lycees\/"]}]},{"@type":"ImageObject","inLanguage":"fr-FR","@id":"https:\/\/www.lyceelafayette.fr\/index.php\/2019\/03\/26\/palmares-2019-des-lycees\/#primaryimage","url":"https:\/\/www.lyceelafayette.fr\/wp-content\/uploads\/2019\/01\/flyer_BtsSNIR_2018_html_e06bf028086baa75.jpg","contentUrl":"https:\/\/www.lyceelafayette.fr\/wp-content\/uploads\/2019\/01\/flyer_BtsSNIR_2018_html_e06bf028086baa75.jpg","width":259,"height":194},{"@type":"BreadcrumbList","@id":"https:\/\/www.lyceelafayette.fr\/index.php\/2019\/03\/26\/palmares-2019-des-lycees\/#breadcrumb","itemListElement":[{"@type":"ListItem","position":1,"name":"Accueil","item":"https:\/\/www.lyceelafayette.fr\/"},{"@type":"ListItem","position":2,"name":"Palmar\u00e8s 2019 des lyc\u00e9es"}]},{"@type":"WebSite","@id":"https:\/\/www.lyceelafayette.fr\/#website","url":"https:\/\/www.lyceelafayette.fr\/","name":"Lyc\u00e9e La Fayette","description":"","publisher":{"@id":"https:\/\/www.lyceelafayette.fr\/#organization"},"potentialAction":[{"@type":"SearchAction","target":{"@type":"EntryPoint","urlTemplate":"https:\/\/www.lyceelafayette.fr\/?s={search_term_string}"},"query-input":{"@type":"PropertyValueSpecification","valueRequired":true,"valueName":"search_term_string"}}],"inLanguage":"fr-FR"},{"@type":"Organization","@id":"https:\/\/www.lyceelafayette.fr\/#organization","name":"Lyc\u00e9e La Fayette","url":"https:\/\/www.lyceelafayette.fr\/","logo":{"@type":"ImageObject","inLanguage":"fr-FR","@id":"https:\/\/www.lyceelafayette.fr\/#\/schema\/logo\/image\/","url":"https:\/\/www.lyceelafayette.fr\/wp-content\/uploads\/2019\/06\/llf_logo_alpha.png","contentUrl":"https:\/\/www.lyceelafayette.fr\/wp-content\/uploads\/2019\/06\/llf_logo_alpha.png","width":1583,"height":792,"caption":"Lyc\u00e9e La Fayette"},"image":{"@id":"https:\/\/www.lyceelafayette.fr\/#\/schema\/logo\/image\/"},"sameAs":["https:\/\/www.youtube.com\/channel\/UC2AOQowoMGBKdY4ToZsf9mw"]},{"@type":"Person","@id":"https:\/\/www.lyceelafayette.fr\/#\/schema\/person\/5f4cb4b9d90036fb2c71cd40d4589e29","name":"Patrice B\u00e9nier","image":{"@type":"ImageObject","inLanguage":"fr-FR","@id":"https:\/\/secure.gravatar.com\/avatar\/61a0bf0c04ca9c40f61223e7c767537479999b339cc880ec3d3bb92d00426ff7?s=96&d=blank&r=g","url":"https:\/\/secure.gravatar.com\/avatar\/61a0bf0c04ca9c40f61223e7c767537479999b339cc880ec3d3bb92d00426ff7?s=96&d=blank&r=g","contentUrl":"https:\/\/secure.gravatar.com\/avatar\/61a0bf0c04ca9c40f61223e7c767537479999b339cc880ec3d3bb92d00426ff7?s=96&d=blank&r=g","caption":"Patrice B\u00e9nier"},"url":"https:\/\/www.lyceelafayette.fr\/index.php\/author\/patrice\/"}]}},"_links":{"self":[{"href":"https:\/\/www.lyceelafayette.fr\/index.php\/wp-json\/wp\/v2\/posts\/983","targetHints":{"allow":["GET"]}}],"collection":[{"href":"https:\/\/www.lyceelafayette.fr\/index.php\/wp-json\/wp\/v2\/posts"}],"about":[{"href":"https:\/\/www.lyceelafayette.fr\/index.php\/wp-json\/wp\/v2\/types\/post"}],"author":[{"embeddable":true,"href":"https:\/\/www.lyceelafayette.fr\/index.php\/wp-json\/wp\/v2\/users\/1"}],"replies":[{"embeddable":true,"href":"https:\/\/www.lyceelafayette.fr\/index.php\/wp-json\/wp\/v2\/comments?post=983"}],"version-history":[{"count":2,"href":"https:\/\/www.lyceelafayette.fr\/index.php\/wp-json\/wp\/v2\/posts\/983\/revisions"}],"predecessor-version":[{"id":2323,"href":"https:\/\/www.lyceelafayette.fr\/index.php\/wp-json\/wp\/v2\/posts\/983\/revisions\/2323"}],"wp:featuredmedia":[{"embeddable":true,"href":"https:\/\/www.lyceelafayette.fr\/index.php\/wp-json\/wp\/v2\/media\/425"}],"wp:attachment":[{"href":"https:\/\/www.lyceelafayette.fr\/index.php\/wp-json\/wp\/v2\/media?parent=983"}],"wp:term":[{"taxonomy":"category","embeddable":true,"href":"https:\/\/www.lyceelafayette.fr\/index.php\/wp-json\/wp\/v2\/categories?post=983"},{"taxonomy":"post_tag","embeddable":true,"href":"https:\/\/www.lyceelafayette.fr\/index.php\/wp-json\/wp\/v2\/tags?post=983"}],"curies":[{"name":"wp","href":"https:\/\/api.w.org\/{rel}","templated":true}]}}