{"id":7367,"date":"2026-01-27T11:49:29","date_gmt":"2026-01-27T10:49:29","guid":{"rendered":"https:\/\/www.lyceelafayette.fr\/?p=7367"},"modified":"2026-01-27T11:49:30","modified_gmt":"2026-01-27T10:49:30","slug":"cmqe-immersion-dans-lindustrie-du-futur","status":"publish","type":"post","link":"https:\/\/www.lyceelafayette.fr\/index.php\/2026\/01\/27\/cmqe-immersion-dans-lindustrie-du-futur\/","title":{"rendered":"CMQE, Immersion dans l\u2019Industrie du Futur"},"content":{"rendered":"\n<p>Le Centre Innovation a accueilli deux classes du lyc\u00e9e Lafayette de Champagne-sur-Seine : Terminale Bac Pro MELEC et 1\u00e8re ann\u00e9e de BTS \u00c9lectrotechnique. Une journ\u00e9e riche en d\u00e9couvertes, o\u00f9 lyc\u00e9ens, \u00e9tudiants et enseignants ont explor\u00e9 concr\u00e8tement les m\u00e9tiers et technologies de l\u2019industrie du futur.<\/p>\n\n\n\n<figure class=\"wp-block-image size-full\"><img loading=\"lazy\" decoding=\"async\" width=\"4032\" height=\"3024\" src=\"https:\/\/www.lyceelafayette.fr\/wp-content\/uploads\/2026\/01\/IMG_2675.jpeg\" alt=\"\" class=\"wp-image-7388\"\/><\/figure>\n\n\n\n<p>Les \u00e9l\u00e8ves ont visit\u00e9 notre usine de d\u00e9monstration scooter-s\u00e8che-linge et particip\u00e9 \u00e0 <strong>4 ateliers pratiques<\/strong> :<\/p>\n\n\n\n<ol class=\"wp-block-list\">\n<li>Logigramme de fonctionnement d\u2019une usine de fabrication de boissons<\/li>\n\n\n\n<li>Sc\u00e9nario de maintenance en r\u00e9alit\u00e9 augment\u00e9e<\/li>\n\n\n\n<li>Collecte et traitement de donn\u00e9es machines via API et MQTT<\/li>\n\n\n\n<li>Programmation de robots collaboratifs et mobiles<\/li>\n<\/ol>\n\n\n\n<p><strong>Objectifs :<\/strong><\/p>\n\n\n\n<ul class=\"wp-block-list\">\n<li>Valoriser les fili\u00e8res MELEC et \u00c9lectrotechnique<\/li>\n\n\n\n<li>Renforcer la liaison pr\u00e9-post Bac et l\u2019insertion professionnelle<\/li>\n\n\n\n<li>D\u00e9velopper comp\u00e9tences techniques et transversales : travail d\u2019\u00e9quipe, optimisation de production, enjeux industriels<\/li>\n<\/ul>\n\n\n\n<figure class=\"wp-block-gallery has-nested-images columns-default is-cropped wp-block-gallery-1 is-layout-flex wp-block-gallery-is-layout-flex\">\n<figure class=\"wp-block-image size-large\"><img loading=\"lazy\" decoding=\"async\" width=\"4032\" height=\"3024\" data-id=\"7390\" src=\"https:\/\/www.lyceelafayette.fr\/wp-content\/uploads\/2026\/01\/IMG_2677.jpeg\" alt=\"\" class=\"wp-image-7390\"\/><\/figure>\n\n\n\n<figure class=\"wp-block-image size-large\"><img loading=\"lazy\" decoding=\"async\" width=\"4032\" height=\"3024\" data-id=\"7389\" src=\"https:\/\/www.lyceelafayette.fr\/wp-content\/uploads\/2026\/01\/IMG_2676.jpeg\" alt=\"\" class=\"wp-image-7389\"\/><\/figure>\n<\/figure>\n\n\n\n<blockquote class=\"wp-block-quote is-layout-flow wp-block-quote-is-layout-flow\">\n<p><em>\u201cJourn\u00e9e tr\u00e8s riche et enrichissante. L\u2019occasion pour les jeunes de travailler sur du mat\u00e9riel que nous ne pouvons pas avoir en lyc\u00e9e. \u00c0 refaire !\u201d<\/em> \u2013 David Brunet, enseignant<\/p>\n<\/blockquote>\n\n\n\n<p>Pendant ce temps, la <strong>GT Maintenance industrielle<\/strong> a explor\u00e9 innovations p\u00e9dagogiques, r\u00e9alit\u00e9 augment\u00e9e et \u00e9quipements techniques, avec l\u2019appui de Schneider Electric.<\/p>\n\n\n\n<p>\ud83d\udc9a Le Campus, c\u2019est nous tous !<br>\ud83d\ude80 L\u2019industrie du futur, c\u2019est maintenant !<\/p>\n","protected":false},"excerpt":{"rendered":"<p>Le Centre Innovation a accueilli deux classes du lyc\u00e9e Lafayette de Champagne-sur-Seine : Terminale Bac Pro MELEC et 1\u00e8re ann\u00e9e de BTS \u00c9lectrotechnique. Une journ\u00e9e riche en d\u00e9couvertes, o\u00f9 lyc\u00e9ens, \u00e9tudiants et enseignants ont explor\u00e9 concr\u00e8tement les m\u00e9tiers et technologies de l\u2019industrie du futur. Les \u00e9l\u00e8ves ont visit\u00e9 notre usine&#8230; <a class=\"continue-reading-link\" href=\"https:\/\/www.lyceelafayette.fr\/index.php\/2026\/01\/27\/cmqe-immersion-dans-lindustrie-du-futur\/\">lire la suite<\/a><\/p>\n","protected":false},"author":8,"featured_media":7389,"comment_status":"closed","ping_status":"open","sticky":false,"template":"","format":"standard","meta":{"footnotes":""},"categories":[1],"tags":[],"class_list":["post-7367","post","type-post","status-publish","format-standard","has-post-thumbnail","hentry","category-non-classe"],"yoast_head":"<!-- This site is optimized with the Yoast SEO plugin v27.5 - https:\/\/yoast.com\/product\/yoast-seo-wordpress\/ -->\n<title>CMQE, Immersion dans l\u2019Industrie du Futur - Lyc\u00e9e La Fayette<\/title>\n<meta name=\"robots\" content=\"index, follow, max-snippet:-1, max-image-preview:large, max-video-preview:-1\" \/>\n<link rel=\"canonical\" href=\"https:\/\/www.lyceelafayette.fr\/index.php\/2026\/01\/27\/cmqe-immersion-dans-lindustrie-du-futur\/\" \/>\n<meta property=\"og:locale\" content=\"fr_FR\" \/>\n<meta property=\"og:type\" content=\"article\" \/>\n<meta property=\"og:title\" content=\"CMQE, Immersion dans l\u2019Industrie du Futur - Lyc\u00e9e La Fayette\" \/>\n<meta property=\"og:description\" content=\"Le Centre Innovation a accueilli deux classes du lyc\u00e9e Lafayette de Champagne-sur-Seine : Terminale Bac Pro MELEC et 1\u00e8re ann\u00e9e de BTS \u00c9lectrotechnique. Une journ\u00e9e riche en d\u00e9couvertes, o\u00f9 lyc\u00e9ens, \u00e9tudiants et enseignants ont explor\u00e9 concr\u00e8tement les m\u00e9tiers et technologies de l\u2019industrie du futur. Les \u00e9l\u00e8ves ont visit\u00e9 notre usine... lire la suite\" \/>\n<meta property=\"og:url\" content=\"https:\/\/www.lyceelafayette.fr\/index.php\/2026\/01\/27\/cmqe-immersion-dans-lindustrie-du-futur\/\" \/>\n<meta property=\"og:site_name\" content=\"Lyc\u00e9e La Fayette\" \/>\n<meta property=\"article:published_time\" content=\"2026-01-27T10:49:29+00:00\" \/>\n<meta property=\"article:modified_time\" content=\"2026-01-27T10:49:30+00:00\" \/>\n<meta property=\"og:image\" content=\"https:\/\/www.lyceelafayette.fr\/wp-content\/uploads\/2026\/01\/IMG_2676.jpeg\" \/>\n\t<meta property=\"og:image:width\" content=\"4032\" \/>\n\t<meta property=\"og:image:height\" content=\"3024\" \/>\n\t<meta property=\"og:image:type\" content=\"image\/jpeg\" \/>\n<meta name=\"author\" content=\"Alexandre Facchin\" \/>\n<meta name=\"twitter:card\" content=\"summary_large_image\" \/>\n<meta name=\"twitter:label1\" content=\"\u00c9crit par\" \/>\n\t<meta name=\"twitter:data1\" content=\"Alexandre Facchin\" \/>\n\t<meta name=\"twitter:label2\" content=\"Dur\u00e9e de lecture estim\u00e9e\" \/>\n\t<meta name=\"twitter:data2\" content=\"2 minutes\" \/>\n<script type=\"application\/ld+json\" class=\"yoast-schema-graph\">{\"@context\":\"https:\\\/\\\/schema.org\",\"@graph\":[{\"@type\":\"Article\",\"@id\":\"https:\\\/\\\/www.lyceelafayette.fr\\\/index.php\\\/2026\\\/01\\\/27\\\/cmqe-immersion-dans-lindustrie-du-futur\\\/#article\",\"isPartOf\":{\"@id\":\"https:\\\/\\\/www.lyceelafayette.fr\\\/index.php\\\/2026\\\/01\\\/27\\\/cmqe-immersion-dans-lindustrie-du-futur\\\/\"},\"author\":{\"name\":\"Alexandre Facchin\",\"@id\":\"https:\\\/\\\/www.lyceelafayette.fr\\\/#\\\/schema\\\/person\\\/ce6db8a1157d50329e1fd65f9a9b5df8\"},\"headline\":\"CMQE, Immersion dans l\u2019Industrie du Futur\",\"datePublished\":\"2026-01-27T10:49:29+00:00\",\"dateModified\":\"2026-01-27T10:49:30+00:00\",\"mainEntityOfPage\":{\"@id\":\"https:\\\/\\\/www.lyceelafayette.fr\\\/index.php\\\/2026\\\/01\\\/27\\\/cmqe-immersion-dans-lindustrie-du-futur\\\/\"},\"wordCount\":212,\"publisher\":{\"@id\":\"https:\\\/\\\/www.lyceelafayette.fr\\\/#organization\"},\"image\":{\"@id\":\"https:\\\/\\\/www.lyceelafayette.fr\\\/index.php\\\/2026\\\/01\\\/27\\\/cmqe-immersion-dans-lindustrie-du-futur\\\/#primaryimage\"},\"thumbnailUrl\":\"https:\\\/\\\/www.lyceelafayette.fr\\\/wp-content\\\/uploads\\\/2026\\\/01\\\/IMG_2676.jpeg\",\"inLanguage\":\"fr-FR\"},{\"@type\":\"WebPage\",\"@id\":\"https:\\\/\\\/www.lyceelafayette.fr\\\/index.php\\\/2026\\\/01\\\/27\\\/cmqe-immersion-dans-lindustrie-du-futur\\\/\",\"url\":\"https:\\\/\\\/www.lyceelafayette.fr\\\/index.php\\\/2026\\\/01\\\/27\\\/cmqe-immersion-dans-lindustrie-du-futur\\\/\",\"name\":\"CMQE, Immersion dans l\u2019Industrie du Futur - Lyc\u00e9e La Fayette\",\"isPartOf\":{\"@id\":\"https:\\\/\\\/www.lyceelafayette.fr\\\/#website\"},\"primaryImageOfPage\":{\"@id\":\"https:\\\/\\\/www.lyceelafayette.fr\\\/index.php\\\/2026\\\/01\\\/27\\\/cmqe-immersion-dans-lindustrie-du-futur\\\/#primaryimage\"},\"image\":{\"@id\":\"https:\\\/\\\/www.lyceelafayette.fr\\\/index.php\\\/2026\\\/01\\\/27\\\/cmqe-immersion-dans-lindustrie-du-futur\\\/#primaryimage\"},\"thumbnailUrl\":\"https:\\\/\\\/www.lyceelafayette.fr\\\/wp-content\\\/uploads\\\/2026\\\/01\\\/IMG_2676.jpeg\",\"datePublished\":\"2026-01-27T10:49:29+00:00\",\"dateModified\":\"2026-01-27T10:49:30+00:00\",\"breadcrumb\":{\"@id\":\"https:\\\/\\\/www.lyceelafayette.fr\\\/index.php\\\/2026\\\/01\\\/27\\\/cmqe-immersion-dans-lindustrie-du-futur\\\/#breadcrumb\"},\"inLanguage\":\"fr-FR\",\"potentialAction\":[{\"@type\":\"ReadAction\",\"target\":[\"https:\\\/\\\/www.lyceelafayette.fr\\\/index.php\\\/2026\\\/01\\\/27\\\/cmqe-immersion-dans-lindustrie-du-futur\\\/\"]}]},{\"@type\":\"ImageObject\",\"inLanguage\":\"fr-FR\",\"@id\":\"https:\\\/\\\/www.lyceelafayette.fr\\\/index.php\\\/2026\\\/01\\\/27\\\/cmqe-immersion-dans-lindustrie-du-futur\\\/#primaryimage\",\"url\":\"https:\\\/\\\/www.lyceelafayette.fr\\\/wp-content\\\/uploads\\\/2026\\\/01\\\/IMG_2676.jpeg\",\"contentUrl\":\"https:\\\/\\\/www.lyceelafayette.fr\\\/wp-content\\\/uploads\\\/2026\\\/01\\\/IMG_2676.jpeg\",\"width\":4032,\"height\":3024},{\"@type\":\"BreadcrumbList\",\"@id\":\"https:\\\/\\\/www.lyceelafayette.fr\\\/index.php\\\/2026\\\/01\\\/27\\\/cmqe-immersion-dans-lindustrie-du-futur\\\/#breadcrumb\",\"itemListElement\":[{\"@type\":\"ListItem\",\"position\":1,\"name\":\"Accueil\",\"item\":\"https:\\\/\\\/www.lyceelafayette.fr\\\/\"},{\"@type\":\"ListItem\",\"position\":2,\"name\":\"CMQE, Immersion dans l\u2019Industrie du Futur\"}]},{\"@type\":\"WebSite\",\"@id\":\"https:\\\/\\\/www.lyceelafayette.fr\\\/#website\",\"url\":\"https:\\\/\\\/www.lyceelafayette.fr\\\/\",\"name\":\"Lyc\u00e9e La Fayette\",\"description\":\"\",\"publisher\":{\"@id\":\"https:\\\/\\\/www.lyceelafayette.fr\\\/#organization\"},\"potentialAction\":[{\"@type\":\"SearchAction\",\"target\":{\"@type\":\"EntryPoint\",\"urlTemplate\":\"https:\\\/\\\/www.lyceelafayette.fr\\\/?s={search_term_string}\"},\"query-input\":{\"@type\":\"PropertyValueSpecification\",\"valueRequired\":true,\"valueName\":\"search_term_string\"}}],\"inLanguage\":\"fr-FR\"},{\"@type\":\"Organization\",\"@id\":\"https:\\\/\\\/www.lyceelafayette.fr\\\/#organization\",\"name\":\"Lyc\u00e9e La Fayette\",\"url\":\"https:\\\/\\\/www.lyceelafayette.fr\\\/\",\"logo\":{\"@type\":\"ImageObject\",\"inLanguage\":\"fr-FR\",\"@id\":\"https:\\\/\\\/www.lyceelafayette.fr\\\/#\\\/schema\\\/logo\\\/image\\\/\",\"url\":\"https:\\\/\\\/www.lyceelafayette.fr\\\/wp-content\\\/uploads\\\/2019\\\/06\\\/llf_logo_alpha.png\",\"contentUrl\":\"https:\\\/\\\/www.lyceelafayette.fr\\\/wp-content\\\/uploads\\\/2019\\\/06\\\/llf_logo_alpha.png\",\"width\":1583,\"height\":792,\"caption\":\"Lyc\u00e9e La Fayette\"},\"image\":{\"@id\":\"https:\\\/\\\/www.lyceelafayette.fr\\\/#\\\/schema\\\/logo\\\/image\\\/\"},\"sameAs\":[\"https:\\\/\\\/www.youtube.com\\\/channel\\\/UC2AOQowoMGBKdY4ToZsf9mw\"]},{\"@type\":\"Person\",\"@id\":\"https:\\\/\\\/www.lyceelafayette.fr\\\/#\\\/schema\\\/person\\\/ce6db8a1157d50329e1fd65f9a9b5df8\",\"name\":\"Alexandre Facchin\",\"image\":{\"@type\":\"ImageObject\",\"inLanguage\":\"fr-FR\",\"@id\":\"https:\\\/\\\/secure.gravatar.com\\\/avatar\\\/c94ab2db74f6be2880cb92feeab1c3c9a55baee6dab0b6f9fbb80e1bc3336b7a?s=96&d=blank&r=g\",\"url\":\"https:\\\/\\\/secure.gravatar.com\\\/avatar\\\/c94ab2db74f6be2880cb92feeab1c3c9a55baee6dab0b6f9fbb80e1bc3336b7a?s=96&d=blank&r=g\",\"contentUrl\":\"https:\\\/\\\/secure.gravatar.com\\\/avatar\\\/c94ab2db74f6be2880cb92feeab1c3c9a55baee6dab0b6f9fbb80e1bc3336b7a?s=96&d=blank&r=g\",\"caption\":\"Alexandre Facchin\"},\"url\":\"https:\\\/\\\/www.lyceelafayette.fr\\\/index.php\\\/author\\\/admin\\\/\"}]}<\/script>\n<!-- \/ Yoast SEO plugin. -->","yoast_head_json":{"title":"CMQE, Immersion dans l\u2019Industrie du Futur - Lyc\u00e9e La Fayette","robots":{"index":"index","follow":"follow","max-snippet":"max-snippet:-1","max-image-preview":"max-image-preview:large","max-video-preview":"max-video-preview:-1"},"canonical":"https:\/\/www.lyceelafayette.fr\/index.php\/2026\/01\/27\/cmqe-immersion-dans-lindustrie-du-futur\/","og_locale":"fr_FR","og_type":"article","og_title":"CMQE, Immersion dans l\u2019Industrie du Futur - Lyc\u00e9e La Fayette","og_description":"Le Centre Innovation a accueilli deux classes du lyc\u00e9e Lafayette de Champagne-sur-Seine : Terminale Bac Pro MELEC et 1\u00e8re ann\u00e9e de BTS \u00c9lectrotechnique. Une journ\u00e9e riche en d\u00e9couvertes, o\u00f9 lyc\u00e9ens, \u00e9tudiants et enseignants ont explor\u00e9 concr\u00e8tement les m\u00e9tiers et technologies de l\u2019industrie du futur. Les \u00e9l\u00e8ves ont visit\u00e9 notre usine... lire la suite","og_url":"https:\/\/www.lyceelafayette.fr\/index.php\/2026\/01\/27\/cmqe-immersion-dans-lindustrie-du-futur\/","og_site_name":"Lyc\u00e9e La Fayette","article_published_time":"2026-01-27T10:49:29+00:00","article_modified_time":"2026-01-27T10:49:30+00:00","og_image":[{"width":4032,"height":3024,"url":"https:\/\/www.lyceelafayette.fr\/wp-content\/uploads\/2026\/01\/IMG_2676.jpeg","type":"image\/jpeg"}],"author":"Alexandre Facchin","twitter_card":"summary_large_image","twitter_misc":{"\u00c9crit par":"Alexandre Facchin","Dur\u00e9e de lecture estim\u00e9e":"2 minutes"},"schema":{"@context":"https:\/\/schema.org","@graph":[{"@type":"Article","@id":"https:\/\/www.lyceelafayette.fr\/index.php\/2026\/01\/27\/cmqe-immersion-dans-lindustrie-du-futur\/#article","isPartOf":{"@id":"https:\/\/www.lyceelafayette.fr\/index.php\/2026\/01\/27\/cmqe-immersion-dans-lindustrie-du-futur\/"},"author":{"name":"Alexandre Facchin","@id":"https:\/\/www.lyceelafayette.fr\/#\/schema\/person\/ce6db8a1157d50329e1fd65f9a9b5df8"},"headline":"CMQE, Immersion dans l\u2019Industrie du Futur","datePublished":"2026-01-27T10:49:29+00:00","dateModified":"2026-01-27T10:49:30+00:00","mainEntityOfPage":{"@id":"https:\/\/www.lyceelafayette.fr\/index.php\/2026\/01\/27\/cmqe-immersion-dans-lindustrie-du-futur\/"},"wordCount":212,"publisher":{"@id":"https:\/\/www.lyceelafayette.fr\/#organization"},"image":{"@id":"https:\/\/www.lyceelafayette.fr\/index.php\/2026\/01\/27\/cmqe-immersion-dans-lindustrie-du-futur\/#primaryimage"},"thumbnailUrl":"https:\/\/www.lyceelafayette.fr\/wp-content\/uploads\/2026\/01\/IMG_2676.jpeg","inLanguage":"fr-FR"},{"@type":"WebPage","@id":"https:\/\/www.lyceelafayette.fr\/index.php\/2026\/01\/27\/cmqe-immersion-dans-lindustrie-du-futur\/","url":"https:\/\/www.lyceelafayette.fr\/index.php\/2026\/01\/27\/cmqe-immersion-dans-lindustrie-du-futur\/","name":"CMQE, Immersion dans l\u2019Industrie du Futur - Lyc\u00e9e La Fayette","isPartOf":{"@id":"https:\/\/www.lyceelafayette.fr\/#website"},"primaryImageOfPage":{"@id":"https:\/\/www.lyceelafayette.fr\/index.php\/2026\/01\/27\/cmqe-immersion-dans-lindustrie-du-futur\/#primaryimage"},"image":{"@id":"https:\/\/www.lyceelafayette.fr\/index.php\/2026\/01\/27\/cmqe-immersion-dans-lindustrie-du-futur\/#primaryimage"},"thumbnailUrl":"https:\/\/www.lyceelafayette.fr\/wp-content\/uploads\/2026\/01\/IMG_2676.jpeg","datePublished":"2026-01-27T10:49:29+00:00","dateModified":"2026-01-27T10:49:30+00:00","breadcrumb":{"@id":"https:\/\/www.lyceelafayette.fr\/index.php\/2026\/01\/27\/cmqe-immersion-dans-lindustrie-du-futur\/#breadcrumb"},"inLanguage":"fr-FR","potentialAction":[{"@type":"ReadAction","target":["https:\/\/www.lyceelafayette.fr\/index.php\/2026\/01\/27\/cmqe-immersion-dans-lindustrie-du-futur\/"]}]},{"@type":"ImageObject","inLanguage":"fr-FR","@id":"https:\/\/www.lyceelafayette.fr\/index.php\/2026\/01\/27\/cmqe-immersion-dans-lindustrie-du-futur\/#primaryimage","url":"https:\/\/www.lyceelafayette.fr\/wp-content\/uploads\/2026\/01\/IMG_2676.jpeg","contentUrl":"https:\/\/www.lyceelafayette.fr\/wp-content\/uploads\/2026\/01\/IMG_2676.jpeg","width":4032,"height":3024},{"@type":"BreadcrumbList","@id":"https:\/\/www.lyceelafayette.fr\/index.php\/2026\/01\/27\/cmqe-immersion-dans-lindustrie-du-futur\/#breadcrumb","itemListElement":[{"@type":"ListItem","position":1,"name":"Accueil","item":"https:\/\/www.lyceelafayette.fr\/"},{"@type":"ListItem","position":2,"name":"CMQE, Immersion dans l\u2019Industrie du Futur"}]},{"@type":"WebSite","@id":"https:\/\/www.lyceelafayette.fr\/#website","url":"https:\/\/www.lyceelafayette.fr\/","name":"Lyc\u00e9e La Fayette","description":"","publisher":{"@id":"https:\/\/www.lyceelafayette.fr\/#organization"},"potentialAction":[{"@type":"SearchAction","target":{"@type":"EntryPoint","urlTemplate":"https:\/\/www.lyceelafayette.fr\/?s={search_term_string}"},"query-input":{"@type":"PropertyValueSpecification","valueRequired":true,"valueName":"search_term_string"}}],"inLanguage":"fr-FR"},{"@type":"Organization","@id":"https:\/\/www.lyceelafayette.fr\/#organization","name":"Lyc\u00e9e La Fayette","url":"https:\/\/www.lyceelafayette.fr\/","logo":{"@type":"ImageObject","inLanguage":"fr-FR","@id":"https:\/\/www.lyceelafayette.fr\/#\/schema\/logo\/image\/","url":"https:\/\/www.lyceelafayette.fr\/wp-content\/uploads\/2019\/06\/llf_logo_alpha.png","contentUrl":"https:\/\/www.lyceelafayette.fr\/wp-content\/uploads\/2019\/06\/llf_logo_alpha.png","width":1583,"height":792,"caption":"Lyc\u00e9e La Fayette"},"image":{"@id":"https:\/\/www.lyceelafayette.fr\/#\/schema\/logo\/image\/"},"sameAs":["https:\/\/www.youtube.com\/channel\/UC2AOQowoMGBKdY4ToZsf9mw"]},{"@type":"Person","@id":"https:\/\/www.lyceelafayette.fr\/#\/schema\/person\/ce6db8a1157d50329e1fd65f9a9b5df8","name":"Alexandre Facchin","image":{"@type":"ImageObject","inLanguage":"fr-FR","@id":"https:\/\/secure.gravatar.com\/avatar\/c94ab2db74f6be2880cb92feeab1c3c9a55baee6dab0b6f9fbb80e1bc3336b7a?s=96&d=blank&r=g","url":"https:\/\/secure.gravatar.com\/avatar\/c94ab2db74f6be2880cb92feeab1c3c9a55baee6dab0b6f9fbb80e1bc3336b7a?s=96&d=blank&r=g","contentUrl":"https:\/\/secure.gravatar.com\/avatar\/c94ab2db74f6be2880cb92feeab1c3c9a55baee6dab0b6f9fbb80e1bc3336b7a?s=96&d=blank&r=g","caption":"Alexandre Facchin"},"url":"https:\/\/www.lyceelafayette.fr\/index.php\/author\/admin\/"}]}},"_links":{"self":[{"href":"https:\/\/www.lyceelafayette.fr\/index.php\/wp-json\/wp\/v2\/posts\/7367","targetHints":{"allow":["GET"]}}],"collection":[{"href":"https:\/\/www.lyceelafayette.fr\/index.php\/wp-json\/wp\/v2\/posts"}],"about":[{"href":"https:\/\/www.lyceelafayette.fr\/index.php\/wp-json\/wp\/v2\/types\/post"}],"author":[{"embeddable":true,"href":"https:\/\/www.lyceelafayette.fr\/index.php\/wp-json\/wp\/v2\/users\/8"}],"replies":[{"embeddable":true,"href":"https:\/\/www.lyceelafayette.fr\/index.php\/wp-json\/wp\/v2\/comments?post=7367"}],"version-history":[{"count":3,"href":"https:\/\/www.lyceelafayette.fr\/index.php\/wp-json\/wp\/v2\/posts\/7367\/revisions"}],"predecessor-version":[{"id":7417,"href":"https:\/\/www.lyceelafayette.fr\/index.php\/wp-json\/wp\/v2\/posts\/7367\/revisions\/7417"}],"wp:featuredmedia":[{"embeddable":true,"href":"https:\/\/www.lyceelafayette.fr\/index.php\/wp-json\/wp\/v2\/media\/7389"}],"wp:attachment":[{"href":"https:\/\/www.lyceelafayette.fr\/index.php\/wp-json\/wp\/v2\/media?parent=7367"}],"wp:term":[{"taxonomy":"category","embeddable":true,"href":"https:\/\/www.lyceelafayette.fr\/index.php\/wp-json\/wp\/v2\/categories?post=7367"},{"taxonomy":"post_tag","embeddable":true,"href":"https:\/\/www.lyceelafayette.fr\/index.php\/wp-json\/wp\/v2\/tags?post=7367"}],"curies":[{"name":"wp","href":"https:\/\/api.w.org\/{rel}","templated":true}]}}