{"id":7299,"date":"2025-11-28T14:24:55","date_gmt":"2025-11-28T13:24:55","guid":{"rendered":"https:\/\/www.lyceelafayette.fr\/?p=7299"},"modified":"2025-11-28T14:25:23","modified_gmt":"2025-11-28T13:25:23","slug":"un-avenir-professionnel-dans-le-nucleaire-civil","status":"publish","type":"post","link":"https:\/\/www.lyceelafayette.fr\/index.php\/2025\/11\/28\/un-avenir-professionnel-dans-le-nucleaire-civil\/","title":{"rendered":"Un avenir professionnel dans le nucl\u00e9aire civil ?"},"content":{"rendered":"\n<p>Les \u00e9tudiants de <strong>1re et 2e ann\u00e9e de BTS \u00c9lectrotechnique<\/strong> ont particip\u00e9, ce <strong>mercredi 5 novembre 2025<\/strong>, au <strong>World Nuclear Exhibition (WNE)<\/strong>, le salon mondial d\u00e9di\u00e9 au nucl\u00e9aire civil.<br>Accueillis par des membres du <strong>GIFEN<\/strong> et par <strong>Philippe Poubeau<\/strong>, repr\u00e9sentant de l\u2019Universit\u00e9 des M\u00e9tiers du Nucl\u00e9aire, ils ont d\u00e9couvert une fili\u00e8re en pleine expansion et des opportunit\u00e9s professionnelles nombreuses et vari\u00e9es.<\/p>\n\n\n\n<figure class=\"wp-block-gallery has-nested-images columns-default is-cropped wp-block-gallery-1 is-layout-flex wp-block-gallery-is-layout-flex\">\n<figure class=\"wp-block-image size-large\"><img loading=\"lazy\" decoding=\"async\" width=\"2000\" height=\"1500\" data-id=\"7300\" src=\"https:\/\/www.lyceelafayette.fr\/wp-content\/uploads\/2025\/11\/IMG_2328.jpg\" alt=\"\" class=\"wp-image-7300\"\/><\/figure>\n\n\n\n<figure class=\"wp-block-image size-large\"><img loading=\"lazy\" decoding=\"async\" width=\"2000\" height=\"1500\" data-id=\"7301\" src=\"https:\/\/www.lyceelafayette.fr\/wp-content\/uploads\/2025\/11\/IMG_2330.jpg\" alt=\"\" class=\"wp-image-7301\"\/><\/figure>\n\n\n\n<figure class=\"wp-block-image size-large\"><img loading=\"lazy\" decoding=\"async\" width=\"2000\" height=\"1500\" data-id=\"7302\" src=\"https:\/\/www.lyceelafayette.fr\/wp-content\/uploads\/2025\/11\/IMG_2331.jpg\" alt=\"\" class=\"wp-image-7302\"\/><\/figure>\n\n\n\n<figure class=\"wp-block-image size-large\"><img loading=\"lazy\" decoding=\"async\" width=\"2000\" height=\"1500\" data-id=\"7303\" src=\"https:\/\/www.lyceelafayette.fr\/wp-content\/uploads\/2025\/11\/IMG_2332.jpg\" alt=\"\" class=\"wp-image-7303\"\/><\/figure>\n\n\n\n<figure class=\"wp-block-image size-large\"><img loading=\"lazy\" decoding=\"async\" width=\"2000\" height=\"1125\" data-id=\"7304\" src=\"https:\/\/www.lyceelafayette.fr\/wp-content\/uploads\/2025\/11\/IMG_2333.jpg\" alt=\"\" class=\"wp-image-7304\"\/><\/figure>\n\n\n\n<figure class=\"wp-block-image size-large\"><img loading=\"lazy\" decoding=\"async\" width=\"2000\" height=\"1125\" data-id=\"7305\" src=\"https:\/\/www.lyceelafayette.fr\/wp-content\/uploads\/2025\/11\/IMG_2334.jpg\" alt=\"\" class=\"wp-image-7305\"\/><\/figure>\n\n\n\n<figure class=\"wp-block-image size-large\"><img loading=\"lazy\" decoding=\"async\" width=\"2000\" height=\"1500\" data-id=\"7306\" src=\"https:\/\/www.lyceelafayette.fr\/wp-content\/uploads\/2025\/11\/IMG_2336.jpg\" alt=\"\" class=\"wp-image-7306\"\/><\/figure>\n\n\n\n<figure class=\"wp-block-image size-large\"><img loading=\"lazy\" decoding=\"async\" width=\"2000\" height=\"1500\" data-id=\"7307\" src=\"https:\/\/www.lyceelafayette.fr\/wp-content\/uploads\/2025\/11\/IMG_2337.jpg\" alt=\"\" class=\"wp-image-7307\"\/><\/figure>\n<\/figure>\n\n\n\n<p>Au programme :<\/p>\n\n\n\n<ul class=\"wp-block-list\">\n<li>\u00e9changes avec des <strong>techniciens et ing\u00e9nieurs<\/strong> du secteur ;<\/li>\n\n\n\n<li>d\u00e9couverte des m\u00e9tiers accessibles apr\u00e8s un <strong>BTS ou une poursuite d\u2019\u00e9tudes<\/strong> ;<\/li>\n\n\n\n<li>immersion en <strong>r\u00e9alit\u00e9 virtuelle<\/strong> dans l\u2019environnement nucl\u00e9aire, dont la visite du c\u0153ur d\u2019un r\u00e9acteur ;<\/li>\n\n\n\n<li>participation \u00e0 des <strong>conf\u00e9rences<\/strong> anim\u00e9es par de jeunes professionnels.<\/li>\n<\/ul>\n\n\n\n<p>Les \u00e9tudiants ont \u00e9galement explor\u00e9 plusieurs stands, notamment ceux de <strong>SNEF<\/strong> et <strong>Capgemini<\/strong>, o\u00f9 ils ont assist\u00e9 \u00e0 la pr\u00e9sentation d\u2019un <strong>robot humano\u00efde d\u2019assistance<\/strong>, d\u00e9monstration qui illustre les innovations technologiques port\u00e9es par la fili\u00e8re.<\/p>\n\n\n\n<p>Cette sortie a \u00e9t\u00e9 particuli\u00e8rement <strong>enrichissante<\/strong> et permet aux \u00e9tudiants d\u2019envisager sereinement leur avenir dans un secteur qui <strong>recrute massivement et durablement<\/strong>.<br>Pour d\u00e9couvrir les m\u00e9tiers du nucl\u00e9aire : <a href=\"https:\/\/www.monavenirdanslenucleaire.fr\/\">https:\/\/www.monavenirdanslenucleaire.fr\/<\/a><\/p>\n","protected":false},"excerpt":{"rendered":"<p>Les \u00e9tudiants de 1re et 2e ann\u00e9e de BTS \u00c9lectrotechnique ont particip\u00e9, ce mercredi 5 novembre 2025, au World Nuclear Exhibition (WNE), le salon mondial d\u00e9di\u00e9 au nucl\u00e9aire civil.Accueillis par des membres du GIFEN et par Philippe Poubeau, repr\u00e9sentant de l\u2019Universit\u00e9 des M\u00e9tiers du Nucl\u00e9aire, ils ont d\u00e9couvert une fili\u00e8re&#8230; <a class=\"continue-reading-link\" href=\"https:\/\/www.lyceelafayette.fr\/index.php\/2025\/11\/28\/un-avenir-professionnel-dans-le-nucleaire-civil\/\">lire la suite<\/a><\/p>\n","protected":false},"author":8,"featured_media":7306,"comment_status":"closed","ping_status":"open","sticky":false,"template":"","format":"standard","meta":{"footnotes":""},"categories":[6,93,5],"tags":[15,75,33,44],"class_list":["post-7299","post","type-post","status-publish","format-standard","has-post-thumbnail","hentry","category-bts","category-formations","category-sorties","tag-bts","tag-electrotechnique","tag-etudiants","tag-sortie"],"yoast_head":"<!-- This site is optimized with the Yoast SEO plugin v27.5 - https:\/\/yoast.com\/product\/yoast-seo-wordpress\/ -->\n<title>Un avenir professionnel dans le nucl\u00e9aire civil ? - Lyc\u00e9e La Fayette<\/title>\n<meta name=\"robots\" content=\"index, follow, max-snippet:-1, max-image-preview:large, max-video-preview:-1\" \/>\n<link rel=\"canonical\" href=\"https:\/\/www.lyceelafayette.fr\/index.php\/2025\/11\/28\/un-avenir-professionnel-dans-le-nucleaire-civil\/\" \/>\n<meta property=\"og:locale\" content=\"fr_FR\" \/>\n<meta property=\"og:type\" content=\"article\" \/>\n<meta property=\"og:title\" content=\"Un avenir professionnel dans le nucl\u00e9aire civil ? - Lyc\u00e9e La Fayette\" \/>\n<meta property=\"og:description\" content=\"Les \u00e9tudiants de 1re et 2e ann\u00e9e de BTS \u00c9lectrotechnique ont particip\u00e9, ce mercredi 5 novembre 2025, au World Nuclear Exhibition (WNE), le salon mondial d\u00e9di\u00e9 au nucl\u00e9aire civil.Accueillis par des membres du GIFEN et par Philippe Poubeau, repr\u00e9sentant de l\u2019Universit\u00e9 des M\u00e9tiers du Nucl\u00e9aire, ils ont d\u00e9couvert une fili\u00e8re... lire la suite\" \/>\n<meta property=\"og:url\" content=\"https:\/\/www.lyceelafayette.fr\/index.php\/2025\/11\/28\/un-avenir-professionnel-dans-le-nucleaire-civil\/\" \/>\n<meta property=\"og:site_name\" content=\"Lyc\u00e9e La Fayette\" \/>\n<meta property=\"article:published_time\" content=\"2025-11-28T13:24:55+00:00\" \/>\n<meta property=\"article:modified_time\" content=\"2025-11-28T13:25:23+00:00\" \/>\n<meta property=\"og:image\" content=\"https:\/\/www.lyceelafayette.fr\/wp-content\/uploads\/2025\/11\/IMG_2336.jpg\" \/>\n\t<meta property=\"og:image:width\" content=\"2000\" \/>\n\t<meta property=\"og:image:height\" content=\"1500\" \/>\n\t<meta property=\"og:image:type\" content=\"image\/jpeg\" \/>\n<meta name=\"author\" content=\"Alexandre Facchin\" \/>\n<meta name=\"twitter:card\" content=\"summary_large_image\" \/>\n<meta name=\"twitter:label1\" content=\"\u00c9crit par\" \/>\n\t<meta name=\"twitter:data1\" content=\"Alexandre Facchin\" \/>\n\t<meta name=\"twitter:label2\" content=\"Dur\u00e9e de lecture estim\u00e9e\" \/>\n\t<meta name=\"twitter:data2\" content=\"3 minutes\" \/>\n<script type=\"application\/ld+json\" class=\"yoast-schema-graph\">{\"@context\":\"https:\\\/\\\/schema.org\",\"@graph\":[{\"@type\":\"Article\",\"@id\":\"https:\\\/\\\/www.lyceelafayette.fr\\\/index.php\\\/2025\\\/11\\\/28\\\/un-avenir-professionnel-dans-le-nucleaire-civil\\\/#article\",\"isPartOf\":{\"@id\":\"https:\\\/\\\/www.lyceelafayette.fr\\\/index.php\\\/2025\\\/11\\\/28\\\/un-avenir-professionnel-dans-le-nucleaire-civil\\\/\"},\"author\":{\"name\":\"Alexandre Facchin\",\"@id\":\"https:\\\/\\\/www.lyceelafayette.fr\\\/#\\\/schema\\\/person\\\/ce6db8a1157d50329e1fd65f9a9b5df8\"},\"headline\":\"Un avenir professionnel dans le nucl\u00e9aire civil ?\",\"datePublished\":\"2025-11-28T13:24:55+00:00\",\"dateModified\":\"2025-11-28T13:25:23+00:00\",\"mainEntityOfPage\":{\"@id\":\"https:\\\/\\\/www.lyceelafayette.fr\\\/index.php\\\/2025\\\/11\\\/28\\\/un-avenir-professionnel-dans-le-nucleaire-civil\\\/\"},\"wordCount\":211,\"publisher\":{\"@id\":\"https:\\\/\\\/www.lyceelafayette.fr\\\/#organization\"},\"image\":{\"@id\":\"https:\\\/\\\/www.lyceelafayette.fr\\\/index.php\\\/2025\\\/11\\\/28\\\/un-avenir-professionnel-dans-le-nucleaire-civil\\\/#primaryimage\"},\"thumbnailUrl\":\"https:\\\/\\\/www.lyceelafayette.fr\\\/wp-content\\\/uploads\\\/2025\\\/11\\\/IMG_2336.jpg\",\"keywords\":[\"BTS\",\"\u00e9lectrotechnique\",\"\u00e9tudiants\",\"sortie\"],\"articleSection\":[\"BTS\",\"formations\",\"sorties\"],\"inLanguage\":\"fr-FR\"},{\"@type\":\"WebPage\",\"@id\":\"https:\\\/\\\/www.lyceelafayette.fr\\\/index.php\\\/2025\\\/11\\\/28\\\/un-avenir-professionnel-dans-le-nucleaire-civil\\\/\",\"url\":\"https:\\\/\\\/www.lyceelafayette.fr\\\/index.php\\\/2025\\\/11\\\/28\\\/un-avenir-professionnel-dans-le-nucleaire-civil\\\/\",\"name\":\"Un avenir professionnel dans le nucl\u00e9aire civil ? - Lyc\u00e9e La Fayette\",\"isPartOf\":{\"@id\":\"https:\\\/\\\/www.lyceelafayette.fr\\\/#website\"},\"primaryImageOfPage\":{\"@id\":\"https:\\\/\\\/www.lyceelafayette.fr\\\/index.php\\\/2025\\\/11\\\/28\\\/un-avenir-professionnel-dans-le-nucleaire-civil\\\/#primaryimage\"},\"image\":{\"@id\":\"https:\\\/\\\/www.lyceelafayette.fr\\\/index.php\\\/2025\\\/11\\\/28\\\/un-avenir-professionnel-dans-le-nucleaire-civil\\\/#primaryimage\"},\"thumbnailUrl\":\"https:\\\/\\\/www.lyceelafayette.fr\\\/wp-content\\\/uploads\\\/2025\\\/11\\\/IMG_2336.jpg\",\"datePublished\":\"2025-11-28T13:24:55+00:00\",\"dateModified\":\"2025-11-28T13:25:23+00:00\",\"breadcrumb\":{\"@id\":\"https:\\\/\\\/www.lyceelafayette.fr\\\/index.php\\\/2025\\\/11\\\/28\\\/un-avenir-professionnel-dans-le-nucleaire-civil\\\/#breadcrumb\"},\"inLanguage\":\"fr-FR\",\"potentialAction\":[{\"@type\":\"ReadAction\",\"target\":[\"https:\\\/\\\/www.lyceelafayette.fr\\\/index.php\\\/2025\\\/11\\\/28\\\/un-avenir-professionnel-dans-le-nucleaire-civil\\\/\"]}]},{\"@type\":\"ImageObject\",\"inLanguage\":\"fr-FR\",\"@id\":\"https:\\\/\\\/www.lyceelafayette.fr\\\/index.php\\\/2025\\\/11\\\/28\\\/un-avenir-professionnel-dans-le-nucleaire-civil\\\/#primaryimage\",\"url\":\"https:\\\/\\\/www.lyceelafayette.fr\\\/wp-content\\\/uploads\\\/2025\\\/11\\\/IMG_2336.jpg\",\"contentUrl\":\"https:\\\/\\\/www.lyceelafayette.fr\\\/wp-content\\\/uploads\\\/2025\\\/11\\\/IMG_2336.jpg\",\"width\":2000,\"height\":1500},{\"@type\":\"BreadcrumbList\",\"@id\":\"https:\\\/\\\/www.lyceelafayette.fr\\\/index.php\\\/2025\\\/11\\\/28\\\/un-avenir-professionnel-dans-le-nucleaire-civil\\\/#breadcrumb\",\"itemListElement\":[{\"@type\":\"ListItem\",\"position\":1,\"name\":\"Accueil\",\"item\":\"https:\\\/\\\/www.lyceelafayette.fr\\\/\"},{\"@type\":\"ListItem\",\"position\":2,\"name\":\"Un avenir professionnel dans le nucl\u00e9aire civil ?\"}]},{\"@type\":\"WebSite\",\"@id\":\"https:\\\/\\\/www.lyceelafayette.fr\\\/#website\",\"url\":\"https:\\\/\\\/www.lyceelafayette.fr\\\/\",\"name\":\"Lyc\u00e9e La Fayette\",\"description\":\"\",\"publisher\":{\"@id\":\"https:\\\/\\\/www.lyceelafayette.fr\\\/#organization\"},\"potentialAction\":[{\"@type\":\"SearchAction\",\"target\":{\"@type\":\"EntryPoint\",\"urlTemplate\":\"https:\\\/\\\/www.lyceelafayette.fr\\\/?s={search_term_string}\"},\"query-input\":{\"@type\":\"PropertyValueSpecification\",\"valueRequired\":true,\"valueName\":\"search_term_string\"}}],\"inLanguage\":\"fr-FR\"},{\"@type\":\"Organization\",\"@id\":\"https:\\\/\\\/www.lyceelafayette.fr\\\/#organization\",\"name\":\"Lyc\u00e9e La Fayette\",\"url\":\"https:\\\/\\\/www.lyceelafayette.fr\\\/\",\"logo\":{\"@type\":\"ImageObject\",\"inLanguage\":\"fr-FR\",\"@id\":\"https:\\\/\\\/www.lyceelafayette.fr\\\/#\\\/schema\\\/logo\\\/image\\\/\",\"url\":\"https:\\\/\\\/www.lyceelafayette.fr\\\/wp-content\\\/uploads\\\/2019\\\/06\\\/llf_logo_alpha.png\",\"contentUrl\":\"https:\\\/\\\/www.lyceelafayette.fr\\\/wp-content\\\/uploads\\\/2019\\\/06\\\/llf_logo_alpha.png\",\"width\":1583,\"height\":792,\"caption\":\"Lyc\u00e9e La Fayette\"},\"image\":{\"@id\":\"https:\\\/\\\/www.lyceelafayette.fr\\\/#\\\/schema\\\/logo\\\/image\\\/\"},\"sameAs\":[\"https:\\\/\\\/www.youtube.com\\\/channel\\\/UC2AOQowoMGBKdY4ToZsf9mw\"]},{\"@type\":\"Person\",\"@id\":\"https:\\\/\\\/www.lyceelafayette.fr\\\/#\\\/schema\\\/person\\\/ce6db8a1157d50329e1fd65f9a9b5df8\",\"name\":\"Alexandre Facchin\",\"image\":{\"@type\":\"ImageObject\",\"inLanguage\":\"fr-FR\",\"@id\":\"https:\\\/\\\/secure.gravatar.com\\\/avatar\\\/c94ab2db74f6be2880cb92feeab1c3c9a55baee6dab0b6f9fbb80e1bc3336b7a?s=96&d=blank&r=g\",\"url\":\"https:\\\/\\\/secure.gravatar.com\\\/avatar\\\/c94ab2db74f6be2880cb92feeab1c3c9a55baee6dab0b6f9fbb80e1bc3336b7a?s=96&d=blank&r=g\",\"contentUrl\":\"https:\\\/\\\/secure.gravatar.com\\\/avatar\\\/c94ab2db74f6be2880cb92feeab1c3c9a55baee6dab0b6f9fbb80e1bc3336b7a?s=96&d=blank&r=g\",\"caption\":\"Alexandre Facchin\"},\"url\":\"https:\\\/\\\/www.lyceelafayette.fr\\\/index.php\\\/author\\\/admin\\\/\"}]}<\/script>\n<!-- \/ Yoast SEO plugin. -->","yoast_head_json":{"title":"Un avenir professionnel dans le nucl\u00e9aire civil ? - Lyc\u00e9e La Fayette","robots":{"index":"index","follow":"follow","max-snippet":"max-snippet:-1","max-image-preview":"max-image-preview:large","max-video-preview":"max-video-preview:-1"},"canonical":"https:\/\/www.lyceelafayette.fr\/index.php\/2025\/11\/28\/un-avenir-professionnel-dans-le-nucleaire-civil\/","og_locale":"fr_FR","og_type":"article","og_title":"Un avenir professionnel dans le nucl\u00e9aire civil ? - Lyc\u00e9e La Fayette","og_description":"Les \u00e9tudiants de 1re et 2e ann\u00e9e de BTS \u00c9lectrotechnique ont particip\u00e9, ce mercredi 5 novembre 2025, au World Nuclear Exhibition (WNE), le salon mondial d\u00e9di\u00e9 au nucl\u00e9aire civil.Accueillis par des membres du GIFEN et par Philippe Poubeau, repr\u00e9sentant de l\u2019Universit\u00e9 des M\u00e9tiers du Nucl\u00e9aire, ils ont d\u00e9couvert une fili\u00e8re... lire la suite","og_url":"https:\/\/www.lyceelafayette.fr\/index.php\/2025\/11\/28\/un-avenir-professionnel-dans-le-nucleaire-civil\/","og_site_name":"Lyc\u00e9e La Fayette","article_published_time":"2025-11-28T13:24:55+00:00","article_modified_time":"2025-11-28T13:25:23+00:00","og_image":[{"width":2000,"height":1500,"url":"https:\/\/www.lyceelafayette.fr\/wp-content\/uploads\/2025\/11\/IMG_2336.jpg","type":"image\/jpeg"}],"author":"Alexandre Facchin","twitter_card":"summary_large_image","twitter_misc":{"\u00c9crit par":"Alexandre Facchin","Dur\u00e9e de lecture estim\u00e9e":"3 minutes"},"schema":{"@context":"https:\/\/schema.org","@graph":[{"@type":"Article","@id":"https:\/\/www.lyceelafayette.fr\/index.php\/2025\/11\/28\/un-avenir-professionnel-dans-le-nucleaire-civil\/#article","isPartOf":{"@id":"https:\/\/www.lyceelafayette.fr\/index.php\/2025\/11\/28\/un-avenir-professionnel-dans-le-nucleaire-civil\/"},"author":{"name":"Alexandre Facchin","@id":"https:\/\/www.lyceelafayette.fr\/#\/schema\/person\/ce6db8a1157d50329e1fd65f9a9b5df8"},"headline":"Un avenir professionnel dans le nucl\u00e9aire civil ?","datePublished":"2025-11-28T13:24:55+00:00","dateModified":"2025-11-28T13:25:23+00:00","mainEntityOfPage":{"@id":"https:\/\/www.lyceelafayette.fr\/index.php\/2025\/11\/28\/un-avenir-professionnel-dans-le-nucleaire-civil\/"},"wordCount":211,"publisher":{"@id":"https:\/\/www.lyceelafayette.fr\/#organization"},"image":{"@id":"https:\/\/www.lyceelafayette.fr\/index.php\/2025\/11\/28\/un-avenir-professionnel-dans-le-nucleaire-civil\/#primaryimage"},"thumbnailUrl":"https:\/\/www.lyceelafayette.fr\/wp-content\/uploads\/2025\/11\/IMG_2336.jpg","keywords":["BTS","\u00e9lectrotechnique","\u00e9tudiants","sortie"],"articleSection":["BTS","formations","sorties"],"inLanguage":"fr-FR"},{"@type":"WebPage","@id":"https:\/\/www.lyceelafayette.fr\/index.php\/2025\/11\/28\/un-avenir-professionnel-dans-le-nucleaire-civil\/","url":"https:\/\/www.lyceelafayette.fr\/index.php\/2025\/11\/28\/un-avenir-professionnel-dans-le-nucleaire-civil\/","name":"Un avenir professionnel dans le nucl\u00e9aire civil ? - Lyc\u00e9e La Fayette","isPartOf":{"@id":"https:\/\/www.lyceelafayette.fr\/#website"},"primaryImageOfPage":{"@id":"https:\/\/www.lyceelafayette.fr\/index.php\/2025\/11\/28\/un-avenir-professionnel-dans-le-nucleaire-civil\/#primaryimage"},"image":{"@id":"https:\/\/www.lyceelafayette.fr\/index.php\/2025\/11\/28\/un-avenir-professionnel-dans-le-nucleaire-civil\/#primaryimage"},"thumbnailUrl":"https:\/\/www.lyceelafayette.fr\/wp-content\/uploads\/2025\/11\/IMG_2336.jpg","datePublished":"2025-11-28T13:24:55+00:00","dateModified":"2025-11-28T13:25:23+00:00","breadcrumb":{"@id":"https:\/\/www.lyceelafayette.fr\/index.php\/2025\/11\/28\/un-avenir-professionnel-dans-le-nucleaire-civil\/#breadcrumb"},"inLanguage":"fr-FR","potentialAction":[{"@type":"ReadAction","target":["https:\/\/www.lyceelafayette.fr\/index.php\/2025\/11\/28\/un-avenir-professionnel-dans-le-nucleaire-civil\/"]}]},{"@type":"ImageObject","inLanguage":"fr-FR","@id":"https:\/\/www.lyceelafayette.fr\/index.php\/2025\/11\/28\/un-avenir-professionnel-dans-le-nucleaire-civil\/#primaryimage","url":"https:\/\/www.lyceelafayette.fr\/wp-content\/uploads\/2025\/11\/IMG_2336.jpg","contentUrl":"https:\/\/www.lyceelafayette.fr\/wp-content\/uploads\/2025\/11\/IMG_2336.jpg","width":2000,"height":1500},{"@type":"BreadcrumbList","@id":"https:\/\/www.lyceelafayette.fr\/index.php\/2025\/11\/28\/un-avenir-professionnel-dans-le-nucleaire-civil\/#breadcrumb","itemListElement":[{"@type":"ListItem","position":1,"name":"Accueil","item":"https:\/\/www.lyceelafayette.fr\/"},{"@type":"ListItem","position":2,"name":"Un avenir professionnel dans le nucl\u00e9aire civil ?"}]},{"@type":"WebSite","@id":"https:\/\/www.lyceelafayette.fr\/#website","url":"https:\/\/www.lyceelafayette.fr\/","name":"Lyc\u00e9e La Fayette","description":"","publisher":{"@id":"https:\/\/www.lyceelafayette.fr\/#organization"},"potentialAction":[{"@type":"SearchAction","target":{"@type":"EntryPoint","urlTemplate":"https:\/\/www.lyceelafayette.fr\/?s={search_term_string}"},"query-input":{"@type":"PropertyValueSpecification","valueRequired":true,"valueName":"search_term_string"}}],"inLanguage":"fr-FR"},{"@type":"Organization","@id":"https:\/\/www.lyceelafayette.fr\/#organization","name":"Lyc\u00e9e La Fayette","url":"https:\/\/www.lyceelafayette.fr\/","logo":{"@type":"ImageObject","inLanguage":"fr-FR","@id":"https:\/\/www.lyceelafayette.fr\/#\/schema\/logo\/image\/","url":"https:\/\/www.lyceelafayette.fr\/wp-content\/uploads\/2019\/06\/llf_logo_alpha.png","contentUrl":"https:\/\/www.lyceelafayette.fr\/wp-content\/uploads\/2019\/06\/llf_logo_alpha.png","width":1583,"height":792,"caption":"Lyc\u00e9e La Fayette"},"image":{"@id":"https:\/\/www.lyceelafayette.fr\/#\/schema\/logo\/image\/"},"sameAs":["https:\/\/www.youtube.com\/channel\/UC2AOQowoMGBKdY4ToZsf9mw"]},{"@type":"Person","@id":"https:\/\/www.lyceelafayette.fr\/#\/schema\/person\/ce6db8a1157d50329e1fd65f9a9b5df8","name":"Alexandre Facchin","image":{"@type":"ImageObject","inLanguage":"fr-FR","@id":"https:\/\/secure.gravatar.com\/avatar\/c94ab2db74f6be2880cb92feeab1c3c9a55baee6dab0b6f9fbb80e1bc3336b7a?s=96&d=blank&r=g","url":"https:\/\/secure.gravatar.com\/avatar\/c94ab2db74f6be2880cb92feeab1c3c9a55baee6dab0b6f9fbb80e1bc3336b7a?s=96&d=blank&r=g","contentUrl":"https:\/\/secure.gravatar.com\/avatar\/c94ab2db74f6be2880cb92feeab1c3c9a55baee6dab0b6f9fbb80e1bc3336b7a?s=96&d=blank&r=g","caption":"Alexandre Facchin"},"url":"https:\/\/www.lyceelafayette.fr\/index.php\/author\/admin\/"}]}},"_links":{"self":[{"href":"https:\/\/www.lyceelafayette.fr\/index.php\/wp-json\/wp\/v2\/posts\/7299","targetHints":{"allow":["GET"]}}],"collection":[{"href":"https:\/\/www.lyceelafayette.fr\/index.php\/wp-json\/wp\/v2\/posts"}],"about":[{"href":"https:\/\/www.lyceelafayette.fr\/index.php\/wp-json\/wp\/v2\/types\/post"}],"author":[{"embeddable":true,"href":"https:\/\/www.lyceelafayette.fr\/index.php\/wp-json\/wp\/v2\/users\/8"}],"replies":[{"embeddable":true,"href":"https:\/\/www.lyceelafayette.fr\/index.php\/wp-json\/wp\/v2\/comments?post=7299"}],"version-history":[{"count":1,"href":"https:\/\/www.lyceelafayette.fr\/index.php\/wp-json\/wp\/v2\/posts\/7299\/revisions"}],"predecessor-version":[{"id":7308,"href":"https:\/\/www.lyceelafayette.fr\/index.php\/wp-json\/wp\/v2\/posts\/7299\/revisions\/7308"}],"wp:featuredmedia":[{"embeddable":true,"href":"https:\/\/www.lyceelafayette.fr\/index.php\/wp-json\/wp\/v2\/media\/7306"}],"wp:attachment":[{"href":"https:\/\/www.lyceelafayette.fr\/index.php\/wp-json\/wp\/v2\/media?parent=7299"}],"wp:term":[{"taxonomy":"category","embeddable":true,"href":"https:\/\/www.lyceelafayette.fr\/index.php\/wp-json\/wp\/v2\/categories?post=7299"},{"taxonomy":"post_tag","embeddable":true,"href":"https:\/\/www.lyceelafayette.fr\/index.php\/wp-json\/wp\/v2\/tags?post=7299"}],"curies":[{"name":"wp","href":"https:\/\/api.w.org\/{rel}","templated":true}]}}