{"id":7265,"date":"2025-10-15T20:47:18","date_gmt":"2025-10-15T18:47:18","guid":{"rendered":"https:\/\/www.lyceelafayette.fr\/?p=7265"},"modified":"2025-10-15T20:52:18","modified_gmt":"2025-10-15T18:52:18","slug":"une-dragonne-pour-le-marteau-de-thor","status":"publish","type":"post","link":"https:\/\/www.lyceelafayette.fr\/index.php\/2025\/10\/15\/une-dragonne-pour-le-marteau-de-thor\/","title":{"rendered":"Une dragonne pour le marteau de Thor"},"content":{"rendered":"\n<p>Les \u00e9tudiants de 1re ann\u00e9e de <strong>BTS CPRP (Conception des Processus de R\u00e9alisation de Produits)<\/strong> du <strong>Lyc\u00e9e La Fayette<\/strong> avaient r\u00e9alis\u00e9 l\u2019an dernier une <strong>mascotte<\/strong> pour le concours <strong>FANUC IACN Bac +2<\/strong>, un projet r\u00e9compens\u00e9 par le <a href=\"https:\/\/www.lyceelafayette.fr\/index.php\/2025\/04\/09\/1er-prix-pour-notre-mascotte\/\"><strong>premier prix national<\/strong> \ud83c\udfc6<\/a>.<\/p>\n\n\n\n<figure class=\"wp-block-embed is-type-video is-provider-youtube wp-block-embed-youtube wp-embed-aspect-16-9 wp-has-aspect-ratio\"><div class=\"wp-block-embed__wrapper\">\n<iframe loading=\"lazy\" title=\"OLYMPIADES FANUC 2025 : Concours Int\u00e9gration &amp; Automatisme de la CN\" width=\"920\" height=\"518\" src=\"https:\/\/www.youtube.com\/embed\/jt1sMikmAHM?feature=oembed\" frameborder=\"0\" allow=\"accelerometer; autoplay; clipboard-write; encrypted-media; gyroscope; picture-in-picture; web-share\" referrerpolicy=\"strict-origin-when-cross-origin\" allowfullscreen><\/iframe>\n<\/div><\/figure>\n\n\n\n<p><\/p>\n\n\n\n<p>Pour l\u2019\u00e9dition 2025, un <strong>nouveau partenariat<\/strong> voit le jour avec le <strong><a href=\"https:\/\/lyceefloratristan77.com\/\">Lyc\u00e9e Flora Tristan<\/a><\/strong> et sa <strong>section Bac Pro M\u00e9tiers du Cuir \u2013 option maroquinerie<\/strong>.<\/p>\n\n\n\n<figure class=\"wp-block-image size-full\"><img loading=\"lazy\" decoding=\"async\" width=\"4032\" height=\"3024\" src=\"https:\/\/www.lyceelafayette.fr\/wp-content\/uploads\/2025\/10\/machine-pour-bisauter.jpg\" alt=\"\" class=\"wp-image-7273\"\/><\/figure>\n\n\n\n<p><strong>Objectif : <\/strong>concevoir <strong>une dragonne en cuir<\/strong> pour le c\u00e9l\u00e8bre <strong>marteau de Thor<\/strong>, mascotte embl\u00e9matique du projet.<\/p>\n\n\n\n<p>Le <strong>mardi 14 octobre<\/strong>, Mme <strong>Duez-Broslawski<\/strong> et Mme <strong>L\u00e9a Buchmuller<\/strong> ont accueilli cinq \u00e9tudiants de <strong>BTS \u00c9lectrotechnique 2e ann\u00e9e<\/strong> participant au concours cette ann\u00e9e. Apr\u00e8s la pr\u00e9sentation du projet et la remise du marteau, les \u00e9l\u00e8ves de seconde et de premi\u00e8re ont pr\u00e9sent\u00e9 leur <strong>atelier de maroquinerie<\/strong>, leurs <strong>machines de d\u00e9coupe et d\u2019assemblage<\/strong> ainsi que leurs r\u00e9alisations.<\/p>\n\n\n\n<figure class=\"wp-block-gallery has-nested-images columns-default is-cropped wp-block-gallery-1 is-layout-flex wp-block-gallery-is-layout-flex\">\n<figure class=\"wp-block-image size-large\"><img loading=\"lazy\" decoding=\"async\" width=\"4032\" height=\"3024\" data-id=\"7276\" src=\"https:\/\/www.lyceelafayette.fr\/wp-content\/uploads\/2025\/10\/vue-ensemble-e\u0301le\u0300ves-et-e\u0301tudiants.jpg\" alt=\"\" class=\"wp-image-7276\"\/><\/figure>\n\n\n\n<figure class=\"wp-block-image size-large\"><img loading=\"lazy\" decoding=\"async\" width=\"4032\" height=\"3024\" data-id=\"7275\" src=\"https:\/\/www.lyceelafayette.fr\/wp-content\/uploads\/2025\/10\/vue-atelier.jpg\" alt=\"\" class=\"wp-image-7275\"\/><\/figure>\n\n\n\n<figure class=\"wp-block-image size-large\"><img loading=\"lazy\" decoding=\"async\" width=\"4032\" height=\"3024\" data-id=\"7274\" src=\"https:\/\/www.lyceelafayette.fr\/wp-content\/uploads\/2025\/10\/matie\u0300re-premie\u0300re.jpg\" alt=\"\" class=\"wp-image-7274\"\/><\/figure>\n\n\n\n<figure class=\"wp-block-image size-large\"><img loading=\"lazy\" decoding=\"async\" width=\"4032\" height=\"3024\" data-id=\"7272\" src=\"https:\/\/www.lyceelafayette.fr\/wp-content\/uploads\/2025\/10\/machine-a\u0300-parer-refandeuse.jpg\" alt=\"\" class=\"wp-image-7272\"\/><\/figure>\n\n\n\n<figure class=\"wp-block-image size-large\"><img loading=\"lazy\" decoding=\"async\" width=\"4032\" height=\"3024\" data-id=\"7271\" src=\"https:\/\/www.lyceelafayette.fr\/wp-content\/uploads\/2025\/10\/machine-a\u0300-coudre-programmable.jpg\" alt=\"\" class=\"wp-image-7271\"\/><\/figure>\n\n\n\n<figure class=\"wp-block-image size-large\"><img loading=\"lazy\" decoding=\"async\" width=\"4032\" height=\"3024\" data-id=\"7270\" src=\"https:\/\/www.lyceelafayette.fr\/wp-content\/uploads\/2025\/10\/machine-a\u0300-coudre.jpg\" alt=\"\" class=\"wp-image-7270\"\/><\/figure>\n\n\n\n<figure class=\"wp-block-image size-large\"><img loading=\"lazy\" decoding=\"async\" width=\"3024\" height=\"4032\" data-id=\"7269\" src=\"https:\/\/www.lyceelafayette.fr\/wp-content\/uploads\/2025\/10\/fer.jpg\" alt=\"\" class=\"wp-image-7269\"\/><\/figure>\n\n\n\n<figure class=\"wp-block-image size-large\"><img loading=\"lazy\" decoding=\"async\" width=\"3024\" height=\"4032\" data-id=\"7268\" src=\"https:\/\/www.lyceelafayette.fr\/wp-content\/uploads\/2025\/10\/e\u0301tablis.jpg\" alt=\"\" class=\"wp-image-7268\"\/><\/figure>\n\n\n\n<figure class=\"wp-block-image size-large\"><img loading=\"lazy\" decoding=\"async\" width=\"4032\" height=\"3024\" data-id=\"7267\" src=\"https:\/\/www.lyceelafayette.fr\/wp-content\/uploads\/2025\/10\/de\u0301coupe-de-lanie\u0300re-detail.jpg\" alt=\"\" class=\"wp-image-7267\"\/><\/figure>\n\n\n\n<figure class=\"wp-block-image size-large\"><img loading=\"lazy\" decoding=\"async\" width=\"3024\" height=\"4032\" data-id=\"7266\" src=\"https:\/\/www.lyceelafayette.fr\/wp-content\/uploads\/2025\/10\/de\u0301coupe-de-lanie\u0300re.jpg\" alt=\"\" class=\"wp-image-7266\"\/><\/figure>\n<\/figure>\n\n\n\n<p>Gr\u00e2ce \u00e0 ce <strong>partenariat inter-lyc\u00e9es<\/strong>, la section M\u00e9tiers du cuir du Lyc\u00e9e Flora Tristan s\u2019est \u00e9quip\u00e9e d\u2019une <strong>machine \u00e0 d\u00e9couper des lani\u00e8res de cuir<\/strong>, ouvrant de nouvelles perspectives de cr\u00e9ation.<\/p>\n\n\n\n<p>Les \u00e9l\u00e8ves des deux \u00e9tablissements vont d\u00e9sormais concevoir plusieurs <strong>mod\u00e8les de dragonnes<\/strong>, et un <strong>jury<\/strong> viendra s\u00e9lectionner celle qui accompagnera officiellement le marteau de Thor.<\/p>\n\n\n\n<p>Un grand <strong>merci<\/strong> \u00e0 nos coll\u00e8gues du Lyc\u00e9e Flora Tristan pour leur accueil chaleureux et leur implication dans ce <strong>beau projet collaboratif<\/strong>.<br>La <strong>prochaine rencontre<\/strong> se tiendra au <strong>Lyc\u00e9e La Fayette<\/strong> !<\/p>\n\n\n\n<figure class=\"wp-block-image size-full\"><img loading=\"lazy\" decoding=\"async\" width=\"3024\" height=\"4032\" src=\"https:\/\/www.lyceelafayette.fr\/wp-content\/uploads\/2025\/04\/marteau-et-prix.jpeg\" alt=\"\" class=\"wp-image-6997\"\/><\/figure>\n","protected":false},"excerpt":{"rendered":"<p>Les \u00e9tudiants de 1re ann\u00e9e de BTS CPRP (Conception des Processus de R\u00e9alisation de Produits) du Lyc\u00e9e La Fayette avaient r\u00e9alis\u00e9 l\u2019an dernier une mascotte pour le concours FANUC IACN Bac +2, un projet r\u00e9compens\u00e9 par le premier prix national \ud83c\udfc6. Pour l\u2019\u00e9dition 2025, un nouveau partenariat voit le jour&#8230; <a class=\"continue-reading-link\" href=\"https:\/\/www.lyceelafayette.fr\/index.php\/2025\/10\/15\/une-dragonne-pour-le-marteau-de-thor\/\">lire la suite<\/a><\/p>\n","protected":false},"author":8,"featured_media":7273,"comment_status":"closed","ping_status":"open","sticky":false,"template":"","format":"standard","meta":{"footnotes":""},"categories":[1],"tags":[],"class_list":["post-7265","post","type-post","status-publish","format-standard","has-post-thumbnail","hentry","category-non-classe"],"yoast_head":"<!-- This site is optimized with the Yoast SEO plugin v27.5 - https:\/\/yoast.com\/product\/yoast-seo-wordpress\/ -->\n<title>Une dragonne pour le marteau de Thor - Lyc\u00e9e La Fayette<\/title>\n<meta name=\"robots\" content=\"index, follow, max-snippet:-1, max-image-preview:large, max-video-preview:-1\" \/>\n<link rel=\"canonical\" href=\"https:\/\/www.lyceelafayette.fr\/index.php\/2025\/10\/15\/une-dragonne-pour-le-marteau-de-thor\/\" \/>\n<meta property=\"og:locale\" content=\"fr_FR\" \/>\n<meta property=\"og:type\" content=\"article\" \/>\n<meta property=\"og:title\" content=\"Une dragonne pour le marteau de Thor - Lyc\u00e9e La Fayette\" \/>\n<meta property=\"og:description\" content=\"Les \u00e9tudiants de 1re ann\u00e9e de BTS CPRP (Conception des Processus de R\u00e9alisation de Produits) du Lyc\u00e9e La Fayette avaient r\u00e9alis\u00e9 l\u2019an dernier une mascotte pour le concours FANUC IACN Bac +2, un projet r\u00e9compens\u00e9 par le premier prix national \ud83c\udfc6. Pour l\u2019\u00e9dition 2025, un nouveau partenariat voit le jour... lire la suite\" \/>\n<meta property=\"og:url\" content=\"https:\/\/www.lyceelafayette.fr\/index.php\/2025\/10\/15\/une-dragonne-pour-le-marteau-de-thor\/\" \/>\n<meta property=\"og:site_name\" content=\"Lyc\u00e9e La Fayette\" \/>\n<meta property=\"article:published_time\" content=\"2025-10-15T18:47:18+00:00\" \/>\n<meta property=\"article:modified_time\" content=\"2025-10-15T18:52:18+00:00\" \/>\n<meta property=\"og:image\" content=\"https:\/\/www.lyceelafayette.fr\/wp-content\/uploads\/2025\/10\/machine-pour-bisauter.jpg\" \/>\n\t<meta property=\"og:image:width\" content=\"4032\" \/>\n\t<meta property=\"og:image:height\" content=\"3024\" \/>\n\t<meta property=\"og:image:type\" content=\"image\/jpeg\" \/>\n<meta name=\"author\" content=\"Alexandre Facchin\" \/>\n<meta name=\"twitter:card\" content=\"summary_large_image\" \/>\n<meta name=\"twitter:label1\" content=\"\u00c9crit par\" \/>\n\t<meta name=\"twitter:data1\" content=\"Alexandre Facchin\" \/>\n\t<meta name=\"twitter:label2\" content=\"Dur\u00e9e de lecture estim\u00e9e\" \/>\n\t<meta name=\"twitter:data2\" content=\"4 minutes\" \/>\n<script type=\"application\/ld+json\" class=\"yoast-schema-graph\">{\"@context\":\"https:\\\/\\\/schema.org\",\"@graph\":[{\"@type\":\"Article\",\"@id\":\"https:\\\/\\\/www.lyceelafayette.fr\\\/index.php\\\/2025\\\/10\\\/15\\\/une-dragonne-pour-le-marteau-de-thor\\\/#article\",\"isPartOf\":{\"@id\":\"https:\\\/\\\/www.lyceelafayette.fr\\\/index.php\\\/2025\\\/10\\\/15\\\/une-dragonne-pour-le-marteau-de-thor\\\/\"},\"author\":{\"name\":\"Alexandre Facchin\",\"@id\":\"https:\\\/\\\/www.lyceelafayette.fr\\\/#\\\/schema\\\/person\\\/ce6db8a1157d50329e1fd65f9a9b5df8\"},\"headline\":\"Une dragonne pour le marteau de Thor\",\"datePublished\":\"2025-10-15T18:47:18+00:00\",\"dateModified\":\"2025-10-15T18:52:18+00:00\",\"mainEntityOfPage\":{\"@id\":\"https:\\\/\\\/www.lyceelafayette.fr\\\/index.php\\\/2025\\\/10\\\/15\\\/une-dragonne-pour-le-marteau-de-thor\\\/\"},\"wordCount\":272,\"publisher\":{\"@id\":\"https:\\\/\\\/www.lyceelafayette.fr\\\/#organization\"},\"image\":{\"@id\":\"https:\\\/\\\/www.lyceelafayette.fr\\\/index.php\\\/2025\\\/10\\\/15\\\/une-dragonne-pour-le-marteau-de-thor\\\/#primaryimage\"},\"thumbnailUrl\":\"https:\\\/\\\/www.lyceelafayette.fr\\\/wp-content\\\/uploads\\\/2025\\\/10\\\/machine-pour-bisauter.jpg\",\"inLanguage\":\"fr-FR\"},{\"@type\":\"WebPage\",\"@id\":\"https:\\\/\\\/www.lyceelafayette.fr\\\/index.php\\\/2025\\\/10\\\/15\\\/une-dragonne-pour-le-marteau-de-thor\\\/\",\"url\":\"https:\\\/\\\/www.lyceelafayette.fr\\\/index.php\\\/2025\\\/10\\\/15\\\/une-dragonne-pour-le-marteau-de-thor\\\/\",\"name\":\"Une dragonne pour le marteau de Thor - Lyc\u00e9e La Fayette\",\"isPartOf\":{\"@id\":\"https:\\\/\\\/www.lyceelafayette.fr\\\/#website\"},\"primaryImageOfPage\":{\"@id\":\"https:\\\/\\\/www.lyceelafayette.fr\\\/index.php\\\/2025\\\/10\\\/15\\\/une-dragonne-pour-le-marteau-de-thor\\\/#primaryimage\"},\"image\":{\"@id\":\"https:\\\/\\\/www.lyceelafayette.fr\\\/index.php\\\/2025\\\/10\\\/15\\\/une-dragonne-pour-le-marteau-de-thor\\\/#primaryimage\"},\"thumbnailUrl\":\"https:\\\/\\\/www.lyceelafayette.fr\\\/wp-content\\\/uploads\\\/2025\\\/10\\\/machine-pour-bisauter.jpg\",\"datePublished\":\"2025-10-15T18:47:18+00:00\",\"dateModified\":\"2025-10-15T18:52:18+00:00\",\"breadcrumb\":{\"@id\":\"https:\\\/\\\/www.lyceelafayette.fr\\\/index.php\\\/2025\\\/10\\\/15\\\/une-dragonne-pour-le-marteau-de-thor\\\/#breadcrumb\"},\"inLanguage\":\"fr-FR\",\"potentialAction\":[{\"@type\":\"ReadAction\",\"target\":[\"https:\\\/\\\/www.lyceelafayette.fr\\\/index.php\\\/2025\\\/10\\\/15\\\/une-dragonne-pour-le-marteau-de-thor\\\/\"]}]},{\"@type\":\"ImageObject\",\"inLanguage\":\"fr-FR\",\"@id\":\"https:\\\/\\\/www.lyceelafayette.fr\\\/index.php\\\/2025\\\/10\\\/15\\\/une-dragonne-pour-le-marteau-de-thor\\\/#primaryimage\",\"url\":\"https:\\\/\\\/www.lyceelafayette.fr\\\/wp-content\\\/uploads\\\/2025\\\/10\\\/machine-pour-bisauter.jpg\",\"contentUrl\":\"https:\\\/\\\/www.lyceelafayette.fr\\\/wp-content\\\/uploads\\\/2025\\\/10\\\/machine-pour-bisauter.jpg\",\"width\":4032,\"height\":3024},{\"@type\":\"BreadcrumbList\",\"@id\":\"https:\\\/\\\/www.lyceelafayette.fr\\\/index.php\\\/2025\\\/10\\\/15\\\/une-dragonne-pour-le-marteau-de-thor\\\/#breadcrumb\",\"itemListElement\":[{\"@type\":\"ListItem\",\"position\":1,\"name\":\"Accueil\",\"item\":\"https:\\\/\\\/www.lyceelafayette.fr\\\/\"},{\"@type\":\"ListItem\",\"position\":2,\"name\":\"Une dragonne pour le marteau de Thor\"}]},{\"@type\":\"WebSite\",\"@id\":\"https:\\\/\\\/www.lyceelafayette.fr\\\/#website\",\"url\":\"https:\\\/\\\/www.lyceelafayette.fr\\\/\",\"name\":\"Lyc\u00e9e La Fayette\",\"description\":\"\",\"publisher\":{\"@id\":\"https:\\\/\\\/www.lyceelafayette.fr\\\/#organization\"},\"potentialAction\":[{\"@type\":\"SearchAction\",\"target\":{\"@type\":\"EntryPoint\",\"urlTemplate\":\"https:\\\/\\\/www.lyceelafayette.fr\\\/?s={search_term_string}\"},\"query-input\":{\"@type\":\"PropertyValueSpecification\",\"valueRequired\":true,\"valueName\":\"search_term_string\"}}],\"inLanguage\":\"fr-FR\"},{\"@type\":\"Organization\",\"@id\":\"https:\\\/\\\/www.lyceelafayette.fr\\\/#organization\",\"name\":\"Lyc\u00e9e La Fayette\",\"url\":\"https:\\\/\\\/www.lyceelafayette.fr\\\/\",\"logo\":{\"@type\":\"ImageObject\",\"inLanguage\":\"fr-FR\",\"@id\":\"https:\\\/\\\/www.lyceelafayette.fr\\\/#\\\/schema\\\/logo\\\/image\\\/\",\"url\":\"https:\\\/\\\/www.lyceelafayette.fr\\\/wp-content\\\/uploads\\\/2019\\\/06\\\/llf_logo_alpha.png\",\"contentUrl\":\"https:\\\/\\\/www.lyceelafayette.fr\\\/wp-content\\\/uploads\\\/2019\\\/06\\\/llf_logo_alpha.png\",\"width\":1583,\"height\":792,\"caption\":\"Lyc\u00e9e La Fayette\"},\"image\":{\"@id\":\"https:\\\/\\\/www.lyceelafayette.fr\\\/#\\\/schema\\\/logo\\\/image\\\/\"},\"sameAs\":[\"https:\\\/\\\/www.youtube.com\\\/channel\\\/UC2AOQowoMGBKdY4ToZsf9mw\"]},{\"@type\":\"Person\",\"@id\":\"https:\\\/\\\/www.lyceelafayette.fr\\\/#\\\/schema\\\/person\\\/ce6db8a1157d50329e1fd65f9a9b5df8\",\"name\":\"Alexandre Facchin\",\"image\":{\"@type\":\"ImageObject\",\"inLanguage\":\"fr-FR\",\"@id\":\"https:\\\/\\\/secure.gravatar.com\\\/avatar\\\/c94ab2db74f6be2880cb92feeab1c3c9a55baee6dab0b6f9fbb80e1bc3336b7a?s=96&d=blank&r=g\",\"url\":\"https:\\\/\\\/secure.gravatar.com\\\/avatar\\\/c94ab2db74f6be2880cb92feeab1c3c9a55baee6dab0b6f9fbb80e1bc3336b7a?s=96&d=blank&r=g\",\"contentUrl\":\"https:\\\/\\\/secure.gravatar.com\\\/avatar\\\/c94ab2db74f6be2880cb92feeab1c3c9a55baee6dab0b6f9fbb80e1bc3336b7a?s=96&d=blank&r=g\",\"caption\":\"Alexandre Facchin\"},\"url\":\"https:\\\/\\\/www.lyceelafayette.fr\\\/index.php\\\/author\\\/admin\\\/\"}]}<\/script>\n<!-- \/ Yoast SEO plugin. -->","yoast_head_json":{"title":"Une dragonne pour le marteau de Thor - Lyc\u00e9e La Fayette","robots":{"index":"index","follow":"follow","max-snippet":"max-snippet:-1","max-image-preview":"max-image-preview:large","max-video-preview":"max-video-preview:-1"},"canonical":"https:\/\/www.lyceelafayette.fr\/index.php\/2025\/10\/15\/une-dragonne-pour-le-marteau-de-thor\/","og_locale":"fr_FR","og_type":"article","og_title":"Une dragonne pour le marteau de Thor - Lyc\u00e9e La Fayette","og_description":"Les \u00e9tudiants de 1re ann\u00e9e de BTS CPRP (Conception des Processus de R\u00e9alisation de Produits) du Lyc\u00e9e La Fayette avaient r\u00e9alis\u00e9 l\u2019an dernier une mascotte pour le concours FANUC IACN Bac +2, un projet r\u00e9compens\u00e9 par le premier prix national \ud83c\udfc6. Pour l\u2019\u00e9dition 2025, un nouveau partenariat voit le jour... lire la suite","og_url":"https:\/\/www.lyceelafayette.fr\/index.php\/2025\/10\/15\/une-dragonne-pour-le-marteau-de-thor\/","og_site_name":"Lyc\u00e9e La Fayette","article_published_time":"2025-10-15T18:47:18+00:00","article_modified_time":"2025-10-15T18:52:18+00:00","og_image":[{"width":4032,"height":3024,"url":"https:\/\/www.lyceelafayette.fr\/wp-content\/uploads\/2025\/10\/machine-pour-bisauter.jpg","type":"image\/jpeg"}],"author":"Alexandre Facchin","twitter_card":"summary_large_image","twitter_misc":{"\u00c9crit par":"Alexandre Facchin","Dur\u00e9e de lecture estim\u00e9e":"4 minutes"},"schema":{"@context":"https:\/\/schema.org","@graph":[{"@type":"Article","@id":"https:\/\/www.lyceelafayette.fr\/index.php\/2025\/10\/15\/une-dragonne-pour-le-marteau-de-thor\/#article","isPartOf":{"@id":"https:\/\/www.lyceelafayette.fr\/index.php\/2025\/10\/15\/une-dragonne-pour-le-marteau-de-thor\/"},"author":{"name":"Alexandre Facchin","@id":"https:\/\/www.lyceelafayette.fr\/#\/schema\/person\/ce6db8a1157d50329e1fd65f9a9b5df8"},"headline":"Une dragonne pour le marteau de Thor","datePublished":"2025-10-15T18:47:18+00:00","dateModified":"2025-10-15T18:52:18+00:00","mainEntityOfPage":{"@id":"https:\/\/www.lyceelafayette.fr\/index.php\/2025\/10\/15\/une-dragonne-pour-le-marteau-de-thor\/"},"wordCount":272,"publisher":{"@id":"https:\/\/www.lyceelafayette.fr\/#organization"},"image":{"@id":"https:\/\/www.lyceelafayette.fr\/index.php\/2025\/10\/15\/une-dragonne-pour-le-marteau-de-thor\/#primaryimage"},"thumbnailUrl":"https:\/\/www.lyceelafayette.fr\/wp-content\/uploads\/2025\/10\/machine-pour-bisauter.jpg","inLanguage":"fr-FR"},{"@type":"WebPage","@id":"https:\/\/www.lyceelafayette.fr\/index.php\/2025\/10\/15\/une-dragonne-pour-le-marteau-de-thor\/","url":"https:\/\/www.lyceelafayette.fr\/index.php\/2025\/10\/15\/une-dragonne-pour-le-marteau-de-thor\/","name":"Une dragonne pour le marteau de Thor - Lyc\u00e9e La Fayette","isPartOf":{"@id":"https:\/\/www.lyceelafayette.fr\/#website"},"primaryImageOfPage":{"@id":"https:\/\/www.lyceelafayette.fr\/index.php\/2025\/10\/15\/une-dragonne-pour-le-marteau-de-thor\/#primaryimage"},"image":{"@id":"https:\/\/www.lyceelafayette.fr\/index.php\/2025\/10\/15\/une-dragonne-pour-le-marteau-de-thor\/#primaryimage"},"thumbnailUrl":"https:\/\/www.lyceelafayette.fr\/wp-content\/uploads\/2025\/10\/machine-pour-bisauter.jpg","datePublished":"2025-10-15T18:47:18+00:00","dateModified":"2025-10-15T18:52:18+00:00","breadcrumb":{"@id":"https:\/\/www.lyceelafayette.fr\/index.php\/2025\/10\/15\/une-dragonne-pour-le-marteau-de-thor\/#breadcrumb"},"inLanguage":"fr-FR","potentialAction":[{"@type":"ReadAction","target":["https:\/\/www.lyceelafayette.fr\/index.php\/2025\/10\/15\/une-dragonne-pour-le-marteau-de-thor\/"]}]},{"@type":"ImageObject","inLanguage":"fr-FR","@id":"https:\/\/www.lyceelafayette.fr\/index.php\/2025\/10\/15\/une-dragonne-pour-le-marteau-de-thor\/#primaryimage","url":"https:\/\/www.lyceelafayette.fr\/wp-content\/uploads\/2025\/10\/machine-pour-bisauter.jpg","contentUrl":"https:\/\/www.lyceelafayette.fr\/wp-content\/uploads\/2025\/10\/machine-pour-bisauter.jpg","width":4032,"height":3024},{"@type":"BreadcrumbList","@id":"https:\/\/www.lyceelafayette.fr\/index.php\/2025\/10\/15\/une-dragonne-pour-le-marteau-de-thor\/#breadcrumb","itemListElement":[{"@type":"ListItem","position":1,"name":"Accueil","item":"https:\/\/www.lyceelafayette.fr\/"},{"@type":"ListItem","position":2,"name":"Une dragonne pour le marteau de Thor"}]},{"@type":"WebSite","@id":"https:\/\/www.lyceelafayette.fr\/#website","url":"https:\/\/www.lyceelafayette.fr\/","name":"Lyc\u00e9e La Fayette","description":"","publisher":{"@id":"https:\/\/www.lyceelafayette.fr\/#organization"},"potentialAction":[{"@type":"SearchAction","target":{"@type":"EntryPoint","urlTemplate":"https:\/\/www.lyceelafayette.fr\/?s={search_term_string}"},"query-input":{"@type":"PropertyValueSpecification","valueRequired":true,"valueName":"search_term_string"}}],"inLanguage":"fr-FR"},{"@type":"Organization","@id":"https:\/\/www.lyceelafayette.fr\/#organization","name":"Lyc\u00e9e La Fayette","url":"https:\/\/www.lyceelafayette.fr\/","logo":{"@type":"ImageObject","inLanguage":"fr-FR","@id":"https:\/\/www.lyceelafayette.fr\/#\/schema\/logo\/image\/","url":"https:\/\/www.lyceelafayette.fr\/wp-content\/uploads\/2019\/06\/llf_logo_alpha.png","contentUrl":"https:\/\/www.lyceelafayette.fr\/wp-content\/uploads\/2019\/06\/llf_logo_alpha.png","width":1583,"height":792,"caption":"Lyc\u00e9e La Fayette"},"image":{"@id":"https:\/\/www.lyceelafayette.fr\/#\/schema\/logo\/image\/"},"sameAs":["https:\/\/www.youtube.com\/channel\/UC2AOQowoMGBKdY4ToZsf9mw"]},{"@type":"Person","@id":"https:\/\/www.lyceelafayette.fr\/#\/schema\/person\/ce6db8a1157d50329e1fd65f9a9b5df8","name":"Alexandre Facchin","image":{"@type":"ImageObject","inLanguage":"fr-FR","@id":"https:\/\/secure.gravatar.com\/avatar\/c94ab2db74f6be2880cb92feeab1c3c9a55baee6dab0b6f9fbb80e1bc3336b7a?s=96&d=blank&r=g","url":"https:\/\/secure.gravatar.com\/avatar\/c94ab2db74f6be2880cb92feeab1c3c9a55baee6dab0b6f9fbb80e1bc3336b7a?s=96&d=blank&r=g","contentUrl":"https:\/\/secure.gravatar.com\/avatar\/c94ab2db74f6be2880cb92feeab1c3c9a55baee6dab0b6f9fbb80e1bc3336b7a?s=96&d=blank&r=g","caption":"Alexandre Facchin"},"url":"https:\/\/www.lyceelafayette.fr\/index.php\/author\/admin\/"}]}},"_links":{"self":[{"href":"https:\/\/www.lyceelafayette.fr\/index.php\/wp-json\/wp\/v2\/posts\/7265","targetHints":{"allow":["GET"]}}],"collection":[{"href":"https:\/\/www.lyceelafayette.fr\/index.php\/wp-json\/wp\/v2\/posts"}],"about":[{"href":"https:\/\/www.lyceelafayette.fr\/index.php\/wp-json\/wp\/v2\/types\/post"}],"author":[{"embeddable":true,"href":"https:\/\/www.lyceelafayette.fr\/index.php\/wp-json\/wp\/v2\/users\/8"}],"replies":[{"embeddable":true,"href":"https:\/\/www.lyceelafayette.fr\/index.php\/wp-json\/wp\/v2\/comments?post=7265"}],"version-history":[{"count":3,"href":"https:\/\/www.lyceelafayette.fr\/index.php\/wp-json\/wp\/v2\/posts\/7265\/revisions"}],"predecessor-version":[{"id":7279,"href":"https:\/\/www.lyceelafayette.fr\/index.php\/wp-json\/wp\/v2\/posts\/7265\/revisions\/7279"}],"wp:featuredmedia":[{"embeddable":true,"href":"https:\/\/www.lyceelafayette.fr\/index.php\/wp-json\/wp\/v2\/media\/7273"}],"wp:attachment":[{"href":"https:\/\/www.lyceelafayette.fr\/index.php\/wp-json\/wp\/v2\/media?parent=7265"}],"wp:term":[{"taxonomy":"category","embeddable":true,"href":"https:\/\/www.lyceelafayette.fr\/index.php\/wp-json\/wp\/v2\/categories?post=7265"},{"taxonomy":"post_tag","embeddable":true,"href":"https:\/\/www.lyceelafayette.fr\/index.php\/wp-json\/wp\/v2\/tags?post=7265"}],"curies":[{"name":"wp","href":"https:\/\/api.w.org\/{rel}","templated":true}]}}