{"id":7046,"date":"2025-05-23T15:51:15","date_gmt":"2025-05-23T13:51:15","guid":{"rendered":"https:\/\/www.lyceelafayette.fr\/?p=7046"},"modified":"2025-05-23T15:52:18","modified_gmt":"2025-05-23T13:52:18","slug":"une-journee-a-la-cite-des-sciences-curiosite-et-enthousiasme-au-rendez-vous","status":"publish","type":"post","link":"https:\/\/www.lyceelafayette.fr\/index.php\/2025\/05\/23\/une-journee-a-la-cite-des-sciences-curiosite-et-enthousiasme-au-rendez-vous\/","title":{"rendered":"Une journ\u00e9e \u00e0 la Cit\u00e9 des sciences : curiosit\u00e9 et enthousiasme au rendez-vous !"},"content":{"rendered":"\n<p>Le 2 avril, les \u00e9l\u00e8ves de 1re Coiffure et 1re Esth\u00e9tique ont v\u00e9cu une sortie p\u00e9dagogique aussi enrichissante que dynamique \u00e0 la Cit\u00e9 des sciences et de l\u2019industrie.<\/p>\n\n\n\n<figure class=\"wp-block-image size-full\"><img loading=\"lazy\" decoding=\"async\" width=\"1024\" height=\"682\" src=\"https:\/\/www.lyceelafayette.fr\/wp-content\/uploads\/2025\/05\/DSC09386.jpg\" alt=\"\" class=\"wp-image-7050\"\/><\/figure>\n\n\n\n<p>Au programme : expositions interactives, ateliers surprenants, d\u00e9couvertes scientifiques&#8230; et surtout, beaucoup de bonne humeur ! Curieuses et motiv\u00e9es, les \u00e9l\u00e8ves ont explor\u00e9 des th\u00e9matiques vari\u00e9es, du corps humain aux nouvelles technologies, en passant par l\u2019environnement.<\/p>\n\n\n\n<p>Ce moment de partage, \u00e0 la fois ludique et formateur, a permis de renforcer les liens entre \u00e9l\u00e8ves et enseignants dans un cadre diff\u00e9rent de celui de la classe. Une journ\u00e9e pleine d&rsquo;\u00e9nergie, captur\u00e9e en images d\u00e8s la sortie du car et tout au long des parcours d\u2019exposition.<\/p>\n\n\n\n<p>Une belle parenth\u00e8se culturelle et scientifique \u00e0 renouveler !<\/p>\n\n\n\n<figure class=\"wp-block-gallery has-nested-images columns-default is-cropped wp-block-gallery-1 is-layout-flex wp-block-gallery-is-layout-flex\">\n<figure class=\"wp-block-image size-large\"><img loading=\"lazy\" decoding=\"async\" width=\"1024\" height=\"611\" data-id=\"7053\" src=\"https:\/\/www.lyceelafayette.fr\/wp-content\/uploads\/2025\/05\/DSC09415.jpg\" alt=\"\" class=\"wp-image-7053\"\/><\/figure>\n\n\n\n<figure class=\"wp-block-image size-large\"><img loading=\"lazy\" decoding=\"async\" width=\"1024\" height=\"682\" data-id=\"7054\" src=\"https:\/\/www.lyceelafayette.fr\/wp-content\/uploads\/2025\/05\/DSC09427.jpg\" alt=\"\" class=\"wp-image-7054\"\/><\/figure>\n\n\n\n<figure class=\"wp-block-image size-large\"><img loading=\"lazy\" decoding=\"async\" width=\"1024\" height=\"682\" data-id=\"7055\" src=\"https:\/\/www.lyceelafayette.fr\/wp-content\/uploads\/2025\/05\/DSC09461.jpg\" alt=\"\" class=\"wp-image-7055\"\/><\/figure>\n\n\n\n<figure class=\"wp-block-image size-large\"><img loading=\"lazy\" decoding=\"async\" width=\"1024\" height=\"682\" data-id=\"7056\" src=\"https:\/\/www.lyceelafayette.fr\/wp-content\/uploads\/2025\/05\/DSC09553.jpg\" alt=\"\" class=\"wp-image-7056\"\/><\/figure>\n\n\n\n<figure class=\"wp-block-image size-large\"><img loading=\"lazy\" decoding=\"async\" width=\"1024\" height=\"682\" data-id=\"7057\" src=\"https:\/\/www.lyceelafayette.fr\/wp-content\/uploads\/2025\/05\/DSC09646.jpg\" alt=\"\" class=\"wp-image-7057\"\/><\/figure>\n\n\n\n<figure class=\"wp-block-image size-large\"><img loading=\"lazy\" decoding=\"async\" width=\"1024\" height=\"1536\" data-id=\"7052\" src=\"https:\/\/www.lyceelafayette.fr\/wp-content\/uploads\/2025\/05\/DSC09413.jpg\" alt=\"\" class=\"wp-image-7052\"\/><\/figure>\n\n\n\n<figure class=\"wp-block-image size-large\"><img loading=\"lazy\" decoding=\"async\" width=\"1024\" height=\"682\" data-id=\"7051\" src=\"https:\/\/www.lyceelafayette.fr\/wp-content\/uploads\/2025\/05\/DSC09404.jpg\" alt=\"\" class=\"wp-image-7051\"\/><\/figure>\n\n\n\n<figure class=\"wp-block-image size-large\"><img loading=\"lazy\" decoding=\"async\" width=\"1024\" height=\"682\" data-id=\"7049\" src=\"https:\/\/www.lyceelafayette.fr\/wp-content\/uploads\/2025\/05\/DSC09385.jpg\" alt=\"\" class=\"wp-image-7049\"\/><\/figure>\n<\/figure>\n","protected":false},"excerpt":{"rendered":"<p>Le 2 avril, les \u00e9l\u00e8ves de 1re Coiffure et 1re Esth\u00e9tique ont v\u00e9cu une sortie p\u00e9dagogique aussi enrichissante que dynamique \u00e0 la Cit\u00e9 des sciences et de l\u2019industrie. Au programme : expositions interactives, ateliers surprenants, d\u00e9couvertes scientifiques&#8230; et surtout, beaucoup de bonne humeur ! Curieuses et motiv\u00e9es, les \u00e9l\u00e8ves ont&#8230; <a class=\"continue-reading-link\" href=\"https:\/\/www.lyceelafayette.fr\/index.php\/2025\/05\/23\/une-journee-a-la-cite-des-sciences-curiosite-et-enthousiasme-au-rendez-vous\/\">lire la suite<\/a><\/p>\n","protected":false},"author":8,"featured_media":7052,"comment_status":"closed","ping_status":"open","sticky":false,"template":"","format":"standard","meta":{"footnotes":""},"categories":[5],"tags":[],"class_list":["post-7046","post","type-post","status-publish","format-standard","has-post-thumbnail","hentry","category-sorties"],"yoast_head":"<!-- This site is optimized with the Yoast SEO plugin v27.5 - https:\/\/yoast.com\/product\/yoast-seo-wordpress\/ -->\n<title>Une journ\u00e9e \u00e0 la Cit\u00e9 des sciences : curiosit\u00e9 et enthousiasme au rendez-vous ! - Lyc\u00e9e La Fayette<\/title>\n<meta name=\"robots\" content=\"index, follow, max-snippet:-1, max-image-preview:large, max-video-preview:-1\" \/>\n<link rel=\"canonical\" href=\"https:\/\/www.lyceelafayette.fr\/index.php\/2025\/05\/23\/une-journee-a-la-cite-des-sciences-curiosite-et-enthousiasme-au-rendez-vous\/\" \/>\n<meta property=\"og:locale\" content=\"fr_FR\" \/>\n<meta property=\"og:type\" content=\"article\" \/>\n<meta property=\"og:title\" content=\"Une journ\u00e9e \u00e0 la Cit\u00e9 des sciences : curiosit\u00e9 et enthousiasme au rendez-vous ! - Lyc\u00e9e La Fayette\" \/>\n<meta property=\"og:description\" content=\"Le 2 avril, les \u00e9l\u00e8ves de 1re Coiffure et 1re Esth\u00e9tique ont v\u00e9cu une sortie p\u00e9dagogique aussi enrichissante que dynamique \u00e0 la Cit\u00e9 des sciences et de l\u2019industrie. Au programme : expositions interactives, ateliers surprenants, d\u00e9couvertes scientifiques&#8230; et surtout, beaucoup de bonne humeur ! Curieuses et motiv\u00e9es, les \u00e9l\u00e8ves ont... lire la suite\" \/>\n<meta property=\"og:url\" content=\"https:\/\/www.lyceelafayette.fr\/index.php\/2025\/05\/23\/une-journee-a-la-cite-des-sciences-curiosite-et-enthousiasme-au-rendez-vous\/\" \/>\n<meta property=\"og:site_name\" content=\"Lyc\u00e9e La Fayette\" \/>\n<meta property=\"article:published_time\" content=\"2025-05-23T13:51:15+00:00\" \/>\n<meta property=\"article:modified_time\" content=\"2025-05-23T13:52:18+00:00\" \/>\n<meta property=\"og:image\" content=\"https:\/\/www.lyceelafayette.fr\/wp-content\/uploads\/2025\/05\/DSC09413.jpg\" \/>\n\t<meta property=\"og:image:width\" content=\"1024\" \/>\n\t<meta property=\"og:image:height\" content=\"1536\" \/>\n\t<meta property=\"og:image:type\" content=\"image\/jpeg\" \/>\n<meta name=\"author\" content=\"Alexandre Facchin\" \/>\n<meta name=\"twitter:card\" content=\"summary_large_image\" \/>\n<meta name=\"twitter:label1\" content=\"\u00c9crit par\" \/>\n\t<meta name=\"twitter:data1\" content=\"Alexandre Facchin\" \/>\n\t<meta name=\"twitter:label2\" content=\"Dur\u00e9e de lecture estim\u00e9e\" \/>\n\t<meta name=\"twitter:data2\" content=\"3 minutes\" \/>\n<script type=\"application\/ld+json\" class=\"yoast-schema-graph\">{\"@context\":\"https:\\\/\\\/schema.org\",\"@graph\":[{\"@type\":\"Article\",\"@id\":\"https:\\\/\\\/www.lyceelafayette.fr\\\/index.php\\\/2025\\\/05\\\/23\\\/une-journee-a-la-cite-des-sciences-curiosite-et-enthousiasme-au-rendez-vous\\\/#article\",\"isPartOf\":{\"@id\":\"https:\\\/\\\/www.lyceelafayette.fr\\\/index.php\\\/2025\\\/05\\\/23\\\/une-journee-a-la-cite-des-sciences-curiosite-et-enthousiasme-au-rendez-vous\\\/\"},\"author\":{\"name\":\"Alexandre Facchin\",\"@id\":\"https:\\\/\\\/www.lyceelafayette.fr\\\/#\\\/schema\\\/person\\\/ce6db8a1157d50329e1fd65f9a9b5df8\"},\"headline\":\"Une journ\u00e9e \u00e0 la Cit\u00e9 des sciences : curiosit\u00e9 et enthousiasme au rendez-vous !\",\"datePublished\":\"2025-05-23T13:51:15+00:00\",\"dateModified\":\"2025-05-23T13:52:18+00:00\",\"mainEntityOfPage\":{\"@id\":\"https:\\\/\\\/www.lyceelafayette.fr\\\/index.php\\\/2025\\\/05\\\/23\\\/une-journee-a-la-cite-des-sciences-curiosite-et-enthousiasme-au-rendez-vous\\\/\"},\"wordCount\":145,\"publisher\":{\"@id\":\"https:\\\/\\\/www.lyceelafayette.fr\\\/#organization\"},\"image\":{\"@id\":\"https:\\\/\\\/www.lyceelafayette.fr\\\/index.php\\\/2025\\\/05\\\/23\\\/une-journee-a-la-cite-des-sciences-curiosite-et-enthousiasme-au-rendez-vous\\\/#primaryimage\"},\"thumbnailUrl\":\"https:\\\/\\\/www.lyceelafayette.fr\\\/wp-content\\\/uploads\\\/2025\\\/05\\\/DSC09413.jpg\",\"articleSection\":[\"sorties\"],\"inLanguage\":\"fr-FR\"},{\"@type\":\"WebPage\",\"@id\":\"https:\\\/\\\/www.lyceelafayette.fr\\\/index.php\\\/2025\\\/05\\\/23\\\/une-journee-a-la-cite-des-sciences-curiosite-et-enthousiasme-au-rendez-vous\\\/\",\"url\":\"https:\\\/\\\/www.lyceelafayette.fr\\\/index.php\\\/2025\\\/05\\\/23\\\/une-journee-a-la-cite-des-sciences-curiosite-et-enthousiasme-au-rendez-vous\\\/\",\"name\":\"Une journ\u00e9e \u00e0 la Cit\u00e9 des sciences : curiosit\u00e9 et enthousiasme au rendez-vous ! - Lyc\u00e9e La Fayette\",\"isPartOf\":{\"@id\":\"https:\\\/\\\/www.lyceelafayette.fr\\\/#website\"},\"primaryImageOfPage\":{\"@id\":\"https:\\\/\\\/www.lyceelafayette.fr\\\/index.php\\\/2025\\\/05\\\/23\\\/une-journee-a-la-cite-des-sciences-curiosite-et-enthousiasme-au-rendez-vous\\\/#primaryimage\"},\"image\":{\"@id\":\"https:\\\/\\\/www.lyceelafayette.fr\\\/index.php\\\/2025\\\/05\\\/23\\\/une-journee-a-la-cite-des-sciences-curiosite-et-enthousiasme-au-rendez-vous\\\/#primaryimage\"},\"thumbnailUrl\":\"https:\\\/\\\/www.lyceelafayette.fr\\\/wp-content\\\/uploads\\\/2025\\\/05\\\/DSC09413.jpg\",\"datePublished\":\"2025-05-23T13:51:15+00:00\",\"dateModified\":\"2025-05-23T13:52:18+00:00\",\"breadcrumb\":{\"@id\":\"https:\\\/\\\/www.lyceelafayette.fr\\\/index.php\\\/2025\\\/05\\\/23\\\/une-journee-a-la-cite-des-sciences-curiosite-et-enthousiasme-au-rendez-vous\\\/#breadcrumb\"},\"inLanguage\":\"fr-FR\",\"potentialAction\":[{\"@type\":\"ReadAction\",\"target\":[\"https:\\\/\\\/www.lyceelafayette.fr\\\/index.php\\\/2025\\\/05\\\/23\\\/une-journee-a-la-cite-des-sciences-curiosite-et-enthousiasme-au-rendez-vous\\\/\"]}]},{\"@type\":\"ImageObject\",\"inLanguage\":\"fr-FR\",\"@id\":\"https:\\\/\\\/www.lyceelafayette.fr\\\/index.php\\\/2025\\\/05\\\/23\\\/une-journee-a-la-cite-des-sciences-curiosite-et-enthousiasme-au-rendez-vous\\\/#primaryimage\",\"url\":\"https:\\\/\\\/www.lyceelafayette.fr\\\/wp-content\\\/uploads\\\/2025\\\/05\\\/DSC09413.jpg\",\"contentUrl\":\"https:\\\/\\\/www.lyceelafayette.fr\\\/wp-content\\\/uploads\\\/2025\\\/05\\\/DSC09413.jpg\",\"width\":1024,\"height\":1536},{\"@type\":\"BreadcrumbList\",\"@id\":\"https:\\\/\\\/www.lyceelafayette.fr\\\/index.php\\\/2025\\\/05\\\/23\\\/une-journee-a-la-cite-des-sciences-curiosite-et-enthousiasme-au-rendez-vous\\\/#breadcrumb\",\"itemListElement\":[{\"@type\":\"ListItem\",\"position\":1,\"name\":\"Accueil\",\"item\":\"https:\\\/\\\/www.lyceelafayette.fr\\\/\"},{\"@type\":\"ListItem\",\"position\":2,\"name\":\"Une journ\u00e9e \u00e0 la Cit\u00e9 des sciences : curiosit\u00e9 et enthousiasme au rendez-vous !\"}]},{\"@type\":\"WebSite\",\"@id\":\"https:\\\/\\\/www.lyceelafayette.fr\\\/#website\",\"url\":\"https:\\\/\\\/www.lyceelafayette.fr\\\/\",\"name\":\"Lyc\u00e9e La Fayette\",\"description\":\"\",\"publisher\":{\"@id\":\"https:\\\/\\\/www.lyceelafayette.fr\\\/#organization\"},\"potentialAction\":[{\"@type\":\"SearchAction\",\"target\":{\"@type\":\"EntryPoint\",\"urlTemplate\":\"https:\\\/\\\/www.lyceelafayette.fr\\\/?s={search_term_string}\"},\"query-input\":{\"@type\":\"PropertyValueSpecification\",\"valueRequired\":true,\"valueName\":\"search_term_string\"}}],\"inLanguage\":\"fr-FR\"},{\"@type\":\"Organization\",\"@id\":\"https:\\\/\\\/www.lyceelafayette.fr\\\/#organization\",\"name\":\"Lyc\u00e9e La Fayette\",\"url\":\"https:\\\/\\\/www.lyceelafayette.fr\\\/\",\"logo\":{\"@type\":\"ImageObject\",\"inLanguage\":\"fr-FR\",\"@id\":\"https:\\\/\\\/www.lyceelafayette.fr\\\/#\\\/schema\\\/logo\\\/image\\\/\",\"url\":\"https:\\\/\\\/www.lyceelafayette.fr\\\/wp-content\\\/uploads\\\/2019\\\/06\\\/llf_logo_alpha.png\",\"contentUrl\":\"https:\\\/\\\/www.lyceelafayette.fr\\\/wp-content\\\/uploads\\\/2019\\\/06\\\/llf_logo_alpha.png\",\"width\":1583,\"height\":792,\"caption\":\"Lyc\u00e9e La Fayette\"},\"image\":{\"@id\":\"https:\\\/\\\/www.lyceelafayette.fr\\\/#\\\/schema\\\/logo\\\/image\\\/\"},\"sameAs\":[\"https:\\\/\\\/www.youtube.com\\\/channel\\\/UC2AOQowoMGBKdY4ToZsf9mw\"]},{\"@type\":\"Person\",\"@id\":\"https:\\\/\\\/www.lyceelafayette.fr\\\/#\\\/schema\\\/person\\\/ce6db8a1157d50329e1fd65f9a9b5df8\",\"name\":\"Alexandre Facchin\",\"image\":{\"@type\":\"ImageObject\",\"inLanguage\":\"fr-FR\",\"@id\":\"https:\\\/\\\/secure.gravatar.com\\\/avatar\\\/c94ab2db74f6be2880cb92feeab1c3c9a55baee6dab0b6f9fbb80e1bc3336b7a?s=96&d=blank&r=g\",\"url\":\"https:\\\/\\\/secure.gravatar.com\\\/avatar\\\/c94ab2db74f6be2880cb92feeab1c3c9a55baee6dab0b6f9fbb80e1bc3336b7a?s=96&d=blank&r=g\",\"contentUrl\":\"https:\\\/\\\/secure.gravatar.com\\\/avatar\\\/c94ab2db74f6be2880cb92feeab1c3c9a55baee6dab0b6f9fbb80e1bc3336b7a?s=96&d=blank&r=g\",\"caption\":\"Alexandre Facchin\"},\"url\":\"https:\\\/\\\/www.lyceelafayette.fr\\\/index.php\\\/author\\\/admin\\\/\"}]}<\/script>\n<!-- \/ Yoast SEO plugin. -->","yoast_head_json":{"title":"Une journ\u00e9e \u00e0 la Cit\u00e9 des sciences : curiosit\u00e9 et enthousiasme au rendez-vous ! - Lyc\u00e9e La Fayette","robots":{"index":"index","follow":"follow","max-snippet":"max-snippet:-1","max-image-preview":"max-image-preview:large","max-video-preview":"max-video-preview:-1"},"canonical":"https:\/\/www.lyceelafayette.fr\/index.php\/2025\/05\/23\/une-journee-a-la-cite-des-sciences-curiosite-et-enthousiasme-au-rendez-vous\/","og_locale":"fr_FR","og_type":"article","og_title":"Une journ\u00e9e \u00e0 la Cit\u00e9 des sciences : curiosit\u00e9 et enthousiasme au rendez-vous ! - Lyc\u00e9e La Fayette","og_description":"Le 2 avril, les \u00e9l\u00e8ves de 1re Coiffure et 1re Esth\u00e9tique ont v\u00e9cu une sortie p\u00e9dagogique aussi enrichissante que dynamique \u00e0 la Cit\u00e9 des sciences et de l\u2019industrie. Au programme : expositions interactives, ateliers surprenants, d\u00e9couvertes scientifiques&#8230; et surtout, beaucoup de bonne humeur ! Curieuses et motiv\u00e9es, les \u00e9l\u00e8ves ont... lire la suite","og_url":"https:\/\/www.lyceelafayette.fr\/index.php\/2025\/05\/23\/une-journee-a-la-cite-des-sciences-curiosite-et-enthousiasme-au-rendez-vous\/","og_site_name":"Lyc\u00e9e La Fayette","article_published_time":"2025-05-23T13:51:15+00:00","article_modified_time":"2025-05-23T13:52:18+00:00","og_image":[{"width":1024,"height":1536,"url":"https:\/\/www.lyceelafayette.fr\/wp-content\/uploads\/2025\/05\/DSC09413.jpg","type":"image\/jpeg"}],"author":"Alexandre Facchin","twitter_card":"summary_large_image","twitter_misc":{"\u00c9crit par":"Alexandre Facchin","Dur\u00e9e de lecture estim\u00e9e":"3 minutes"},"schema":{"@context":"https:\/\/schema.org","@graph":[{"@type":"Article","@id":"https:\/\/www.lyceelafayette.fr\/index.php\/2025\/05\/23\/une-journee-a-la-cite-des-sciences-curiosite-et-enthousiasme-au-rendez-vous\/#article","isPartOf":{"@id":"https:\/\/www.lyceelafayette.fr\/index.php\/2025\/05\/23\/une-journee-a-la-cite-des-sciences-curiosite-et-enthousiasme-au-rendez-vous\/"},"author":{"name":"Alexandre Facchin","@id":"https:\/\/www.lyceelafayette.fr\/#\/schema\/person\/ce6db8a1157d50329e1fd65f9a9b5df8"},"headline":"Une journ\u00e9e \u00e0 la Cit\u00e9 des sciences : curiosit\u00e9 et enthousiasme au rendez-vous !","datePublished":"2025-05-23T13:51:15+00:00","dateModified":"2025-05-23T13:52:18+00:00","mainEntityOfPage":{"@id":"https:\/\/www.lyceelafayette.fr\/index.php\/2025\/05\/23\/une-journee-a-la-cite-des-sciences-curiosite-et-enthousiasme-au-rendez-vous\/"},"wordCount":145,"publisher":{"@id":"https:\/\/www.lyceelafayette.fr\/#organization"},"image":{"@id":"https:\/\/www.lyceelafayette.fr\/index.php\/2025\/05\/23\/une-journee-a-la-cite-des-sciences-curiosite-et-enthousiasme-au-rendez-vous\/#primaryimage"},"thumbnailUrl":"https:\/\/www.lyceelafayette.fr\/wp-content\/uploads\/2025\/05\/DSC09413.jpg","articleSection":["sorties"],"inLanguage":"fr-FR"},{"@type":"WebPage","@id":"https:\/\/www.lyceelafayette.fr\/index.php\/2025\/05\/23\/une-journee-a-la-cite-des-sciences-curiosite-et-enthousiasme-au-rendez-vous\/","url":"https:\/\/www.lyceelafayette.fr\/index.php\/2025\/05\/23\/une-journee-a-la-cite-des-sciences-curiosite-et-enthousiasme-au-rendez-vous\/","name":"Une journ\u00e9e \u00e0 la Cit\u00e9 des sciences : curiosit\u00e9 et enthousiasme au rendez-vous ! - Lyc\u00e9e La Fayette","isPartOf":{"@id":"https:\/\/www.lyceelafayette.fr\/#website"},"primaryImageOfPage":{"@id":"https:\/\/www.lyceelafayette.fr\/index.php\/2025\/05\/23\/une-journee-a-la-cite-des-sciences-curiosite-et-enthousiasme-au-rendez-vous\/#primaryimage"},"image":{"@id":"https:\/\/www.lyceelafayette.fr\/index.php\/2025\/05\/23\/une-journee-a-la-cite-des-sciences-curiosite-et-enthousiasme-au-rendez-vous\/#primaryimage"},"thumbnailUrl":"https:\/\/www.lyceelafayette.fr\/wp-content\/uploads\/2025\/05\/DSC09413.jpg","datePublished":"2025-05-23T13:51:15+00:00","dateModified":"2025-05-23T13:52:18+00:00","breadcrumb":{"@id":"https:\/\/www.lyceelafayette.fr\/index.php\/2025\/05\/23\/une-journee-a-la-cite-des-sciences-curiosite-et-enthousiasme-au-rendez-vous\/#breadcrumb"},"inLanguage":"fr-FR","potentialAction":[{"@type":"ReadAction","target":["https:\/\/www.lyceelafayette.fr\/index.php\/2025\/05\/23\/une-journee-a-la-cite-des-sciences-curiosite-et-enthousiasme-au-rendez-vous\/"]}]},{"@type":"ImageObject","inLanguage":"fr-FR","@id":"https:\/\/www.lyceelafayette.fr\/index.php\/2025\/05\/23\/une-journee-a-la-cite-des-sciences-curiosite-et-enthousiasme-au-rendez-vous\/#primaryimage","url":"https:\/\/www.lyceelafayette.fr\/wp-content\/uploads\/2025\/05\/DSC09413.jpg","contentUrl":"https:\/\/www.lyceelafayette.fr\/wp-content\/uploads\/2025\/05\/DSC09413.jpg","width":1024,"height":1536},{"@type":"BreadcrumbList","@id":"https:\/\/www.lyceelafayette.fr\/index.php\/2025\/05\/23\/une-journee-a-la-cite-des-sciences-curiosite-et-enthousiasme-au-rendez-vous\/#breadcrumb","itemListElement":[{"@type":"ListItem","position":1,"name":"Accueil","item":"https:\/\/www.lyceelafayette.fr\/"},{"@type":"ListItem","position":2,"name":"Une journ\u00e9e \u00e0 la Cit\u00e9 des sciences : curiosit\u00e9 et enthousiasme au rendez-vous !"}]},{"@type":"WebSite","@id":"https:\/\/www.lyceelafayette.fr\/#website","url":"https:\/\/www.lyceelafayette.fr\/","name":"Lyc\u00e9e La Fayette","description":"","publisher":{"@id":"https:\/\/www.lyceelafayette.fr\/#organization"},"potentialAction":[{"@type":"SearchAction","target":{"@type":"EntryPoint","urlTemplate":"https:\/\/www.lyceelafayette.fr\/?s={search_term_string}"},"query-input":{"@type":"PropertyValueSpecification","valueRequired":true,"valueName":"search_term_string"}}],"inLanguage":"fr-FR"},{"@type":"Organization","@id":"https:\/\/www.lyceelafayette.fr\/#organization","name":"Lyc\u00e9e La Fayette","url":"https:\/\/www.lyceelafayette.fr\/","logo":{"@type":"ImageObject","inLanguage":"fr-FR","@id":"https:\/\/www.lyceelafayette.fr\/#\/schema\/logo\/image\/","url":"https:\/\/www.lyceelafayette.fr\/wp-content\/uploads\/2019\/06\/llf_logo_alpha.png","contentUrl":"https:\/\/www.lyceelafayette.fr\/wp-content\/uploads\/2019\/06\/llf_logo_alpha.png","width":1583,"height":792,"caption":"Lyc\u00e9e La Fayette"},"image":{"@id":"https:\/\/www.lyceelafayette.fr\/#\/schema\/logo\/image\/"},"sameAs":["https:\/\/www.youtube.com\/channel\/UC2AOQowoMGBKdY4ToZsf9mw"]},{"@type":"Person","@id":"https:\/\/www.lyceelafayette.fr\/#\/schema\/person\/ce6db8a1157d50329e1fd65f9a9b5df8","name":"Alexandre Facchin","image":{"@type":"ImageObject","inLanguage":"fr-FR","@id":"https:\/\/secure.gravatar.com\/avatar\/c94ab2db74f6be2880cb92feeab1c3c9a55baee6dab0b6f9fbb80e1bc3336b7a?s=96&d=blank&r=g","url":"https:\/\/secure.gravatar.com\/avatar\/c94ab2db74f6be2880cb92feeab1c3c9a55baee6dab0b6f9fbb80e1bc3336b7a?s=96&d=blank&r=g","contentUrl":"https:\/\/secure.gravatar.com\/avatar\/c94ab2db74f6be2880cb92feeab1c3c9a55baee6dab0b6f9fbb80e1bc3336b7a?s=96&d=blank&r=g","caption":"Alexandre Facchin"},"url":"https:\/\/www.lyceelafayette.fr\/index.php\/author\/admin\/"}]}},"_links":{"self":[{"href":"https:\/\/www.lyceelafayette.fr\/index.php\/wp-json\/wp\/v2\/posts\/7046","targetHints":{"allow":["GET"]}}],"collection":[{"href":"https:\/\/www.lyceelafayette.fr\/index.php\/wp-json\/wp\/v2\/posts"}],"about":[{"href":"https:\/\/www.lyceelafayette.fr\/index.php\/wp-json\/wp\/v2\/types\/post"}],"author":[{"embeddable":true,"href":"https:\/\/www.lyceelafayette.fr\/index.php\/wp-json\/wp\/v2\/users\/8"}],"replies":[{"embeddable":true,"href":"https:\/\/www.lyceelafayette.fr\/index.php\/wp-json\/wp\/v2\/comments?post=7046"}],"version-history":[{"count":3,"href":"https:\/\/www.lyceelafayette.fr\/index.php\/wp-json\/wp\/v2\/posts\/7046\/revisions"}],"predecessor-version":[{"id":7058,"href":"https:\/\/www.lyceelafayette.fr\/index.php\/wp-json\/wp\/v2\/posts\/7046\/revisions\/7058"}],"wp:featuredmedia":[{"embeddable":true,"href":"https:\/\/www.lyceelafayette.fr\/index.php\/wp-json\/wp\/v2\/media\/7052"}],"wp:attachment":[{"href":"https:\/\/www.lyceelafayette.fr\/index.php\/wp-json\/wp\/v2\/media?parent=7046"}],"wp:term":[{"taxonomy":"category","embeddable":true,"href":"https:\/\/www.lyceelafayette.fr\/index.php\/wp-json\/wp\/v2\/categories?post=7046"},{"taxonomy":"post_tag","embeddable":true,"href":"https:\/\/www.lyceelafayette.fr\/index.php\/wp-json\/wp\/v2\/tags?post=7046"}],"curies":[{"name":"wp","href":"https:\/\/api.w.org\/{rel}","templated":true}]}}