{"id":7033,"date":"2025-04-29T17:13:46","date_gmt":"2025-04-29T15:13:46","guid":{"rendered":"https:\/\/www.lyceelafayette.fr\/?p=7033"},"modified":"2025-04-29T17:13:47","modified_gmt":"2025-04-29T15:13:47","slug":"un-joueur-international-au-lycee-la-fayette-amara-simba-a-la-rencontre-des-eleves","status":"publish","type":"post","link":"https:\/\/www.lyceelafayette.fr\/index.php\/2025\/04\/29\/un-joueur-international-au-lycee-la-fayette-amara-simba-a-la-rencontre-des-eleves\/","title":{"rendered":"Un joueur international au lyc\u00e9e La Fayette : Amara Simba \u00e0 la rencontre des \u00e9l\u00e8ves"},"content":{"rendered":"\n<p>Le vendredi 4 avril 2025, les \u00e9l\u00e8ves de la classe de <strong>2MTNE3<\/strong> ont eu l\u2019honneur de recevoir <strong>Amara Simba<\/strong>, ex-attaquant international et l\u00e9gende du PSG, dans le cadre d\u2019un projet li\u00e9 au <strong>label \u00ab\u00a0Sport\u00a0\u00bb<\/strong>.<\/p>\n\n\n\n<figure class=\"wp-block-gallery has-nested-images columns-default is-cropped wp-block-gallery-1 is-layout-flex wp-block-gallery-is-layout-flex\">\n<figure class=\"wp-block-image size-large\"><img loading=\"lazy\" decoding=\"async\" width=\"1080\" height=\"470\" data-id=\"7034\" src=\"https:\/\/www.lyceelafayette.fr\/wp-content\/uploads\/2025\/04\/air-Simba.jpg\" alt=\"\" class=\"wp-image-7034\"\/><\/figure>\n\n\n\n<figure class=\"wp-block-image size-large\"><img loading=\"lazy\" decoding=\"async\" width=\"1125\" height=\"1500\" data-id=\"7035\" src=\"https:\/\/www.lyceelafayette.fr\/wp-content\/uploads\/2025\/04\/IMG_20250404_111335.jpg\" alt=\"\" class=\"wp-image-7035\"\/><\/figure>\n\n\n\n<figure class=\"wp-block-image size-large\"><img loading=\"lazy\" decoding=\"async\" width=\"1125\" height=\"1500\" data-id=\"7036\" src=\"https:\/\/www.lyceelafayette.fr\/wp-content\/uploads\/2025\/04\/IMG_20250404_111512.jpg\" alt=\"\" class=\"wp-image-7036\"\/><\/figure>\n<\/figure>\n\n\n\n<p>Apr\u00e8s plusieurs s\u00e9ances de pr\u00e9paration o\u00f9 les \u00e9l\u00e8ves ont men\u00e9 des recherches sur leur invit\u00e9, ils ont pu \u00e9changer directement avec le \u00ab roi de la bicyclette \u00bb lors d\u2019une <strong>rencontre riche et inspirante<\/strong>. L\u2019occasion pour eux d\u2019aborder sa carri\u00e8re, ses entra\u00eeneurs (Ars\u00e8ne Wenger\u2026), ses co\u00e9quipiers (Zidane, Platini, Deschamps\u2026) et ses plus beaux souvenirs de joueur.<\/p>\n\n\n\n<p>La matin\u00e9e s\u2019est poursuivie par une <strong>s\u00e9ance de football encadr\u00e9e par Amara Simba<\/strong> : \u00e9chauffement, exercices techniques, match avec les \u00e9l\u00e8ves\u2026 et une inoubliable s\u00e9ance de tirs au but.<\/p>\n\n\n\n<p>Pour m\u00e9moire, Amara Simba a rejoint le <strong>PSG en 1986<\/strong> apr\u00e8s 4 ann\u00e9es en amateur. Il a brill\u00e9 par ses retourn\u00e9s spectaculaires, d\u00e9crochant trois fois le troph\u00e9e du plus beau but de la saison. S\u00e9lectionn\u00e9 trois fois en \u00e9quipe de France, il y inscrit deux buts. Une blessure l\u2019emp\u00eachera cependant de participer \u00e0 l\u2019Euro 1992.<\/p>\n\n\n\n<p>Les \u00e9l\u00e8ves retiendront surtout un message fort : <strong>le travail, associ\u00e9 au talent, ouvre les portes du haut niveau<\/strong>. Une rencontre marquante, entre admiration et inspiration.<\/p>\n","protected":false},"excerpt":{"rendered":"<p>Le vendredi 4 avril 2025, les \u00e9l\u00e8ves de la classe de 2MTNE3 ont eu l\u2019honneur de recevoir Amara Simba, ex-attaquant international et l\u00e9gende du PSG, dans le cadre d\u2019un projet li\u00e9 au label \u00ab\u00a0Sport\u00a0\u00bb. Apr\u00e8s plusieurs s\u00e9ances de pr\u00e9paration o\u00f9 les \u00e9l\u00e8ves ont men\u00e9 des recherches sur leur invit\u00e9, ils&#8230; <a class=\"continue-reading-link\" href=\"https:\/\/www.lyceelafayette.fr\/index.php\/2025\/04\/29\/un-joueur-international-au-lycee-la-fayette-amara-simba-a-la-rencontre-des-eleves\/\">lire la suite<\/a><\/p>\n","protected":false},"author":8,"featured_media":7036,"comment_status":"closed","ping_status":"open","sticky":false,"template":"","format":"standard","meta":{"footnotes":""},"categories":[1],"tags":[],"class_list":["post-7033","post","type-post","status-publish","format-standard","has-post-thumbnail","hentry","category-non-classe"],"yoast_head":"<!-- This site is optimized with the Yoast SEO plugin v27.5 - https:\/\/yoast.com\/product\/yoast-seo-wordpress\/ -->\n<title>Un joueur international au lyc\u00e9e La Fayette : Amara Simba \u00e0 la rencontre des \u00e9l\u00e8ves - Lyc\u00e9e La Fayette<\/title>\n<meta name=\"robots\" content=\"index, follow, max-snippet:-1, max-image-preview:large, max-video-preview:-1\" \/>\n<link rel=\"canonical\" href=\"https:\/\/www.lyceelafayette.fr\/index.php\/2025\/04\/29\/un-joueur-international-au-lycee-la-fayette-amara-simba-a-la-rencontre-des-eleves\/\" \/>\n<meta property=\"og:locale\" content=\"fr_FR\" \/>\n<meta property=\"og:type\" content=\"article\" \/>\n<meta property=\"og:title\" content=\"Un joueur international au lyc\u00e9e La Fayette : Amara Simba \u00e0 la rencontre des \u00e9l\u00e8ves - Lyc\u00e9e La Fayette\" \/>\n<meta property=\"og:description\" content=\"Le vendredi 4 avril 2025, les \u00e9l\u00e8ves de la classe de 2MTNE3 ont eu l\u2019honneur de recevoir Amara Simba, ex-attaquant international et l\u00e9gende du PSG, dans le cadre d\u2019un projet li\u00e9 au label \u00ab\u00a0Sport\u00a0\u00bb. Apr\u00e8s plusieurs s\u00e9ances de pr\u00e9paration o\u00f9 les \u00e9l\u00e8ves ont men\u00e9 des recherches sur leur invit\u00e9, ils... lire la suite\" \/>\n<meta property=\"og:url\" content=\"https:\/\/www.lyceelafayette.fr\/index.php\/2025\/04\/29\/un-joueur-international-au-lycee-la-fayette-amara-simba-a-la-rencontre-des-eleves\/\" \/>\n<meta property=\"og:site_name\" content=\"Lyc\u00e9e La Fayette\" \/>\n<meta property=\"article:published_time\" content=\"2025-04-29T15:13:46+00:00\" \/>\n<meta property=\"article:modified_time\" content=\"2025-04-29T15:13:47+00:00\" \/>\n<meta property=\"og:image\" content=\"https:\/\/www.lyceelafayette.fr\/wp-content\/uploads\/2025\/04\/IMG_20250404_111512.jpg\" \/>\n\t<meta property=\"og:image:width\" content=\"1125\" \/>\n\t<meta property=\"og:image:height\" content=\"1500\" \/>\n\t<meta property=\"og:image:type\" content=\"image\/jpeg\" \/>\n<meta name=\"author\" content=\"Alexandre Facchin\" \/>\n<meta name=\"twitter:card\" content=\"summary_large_image\" \/>\n<meta name=\"twitter:label1\" content=\"\u00c9crit par\" \/>\n\t<meta name=\"twitter:data1\" content=\"Alexandre Facchin\" \/>\n\t<meta name=\"twitter:label2\" content=\"Dur\u00e9e de lecture estim\u00e9e\" \/>\n\t<meta name=\"twitter:data2\" content=\"2 minutes\" \/>\n<script type=\"application\/ld+json\" class=\"yoast-schema-graph\">{\"@context\":\"https:\\\/\\\/schema.org\",\"@graph\":[{\"@type\":\"Article\",\"@id\":\"https:\\\/\\\/www.lyceelafayette.fr\\\/index.php\\\/2025\\\/04\\\/29\\\/un-joueur-international-au-lycee-la-fayette-amara-simba-a-la-rencontre-des-eleves\\\/#article\",\"isPartOf\":{\"@id\":\"https:\\\/\\\/www.lyceelafayette.fr\\\/index.php\\\/2025\\\/04\\\/29\\\/un-joueur-international-au-lycee-la-fayette-amara-simba-a-la-rencontre-des-eleves\\\/\"},\"author\":{\"name\":\"Alexandre Facchin\",\"@id\":\"https:\\\/\\\/www.lyceelafayette.fr\\\/#\\\/schema\\\/person\\\/ce6db8a1157d50329e1fd65f9a9b5df8\"},\"headline\":\"Un joueur international au lyc\u00e9e La Fayette : Amara Simba \u00e0 la rencontre des \u00e9l\u00e8ves\",\"datePublished\":\"2025-04-29T15:13:46+00:00\",\"dateModified\":\"2025-04-29T15:13:47+00:00\",\"mainEntityOfPage\":{\"@id\":\"https:\\\/\\\/www.lyceelafayette.fr\\\/index.php\\\/2025\\\/04\\\/29\\\/un-joueur-international-au-lycee-la-fayette-amara-simba-a-la-rencontre-des-eleves\\\/\"},\"wordCount\":237,\"publisher\":{\"@id\":\"https:\\\/\\\/www.lyceelafayette.fr\\\/#organization\"},\"image\":{\"@id\":\"https:\\\/\\\/www.lyceelafayette.fr\\\/index.php\\\/2025\\\/04\\\/29\\\/un-joueur-international-au-lycee-la-fayette-amara-simba-a-la-rencontre-des-eleves\\\/#primaryimage\"},\"thumbnailUrl\":\"https:\\\/\\\/www.lyceelafayette.fr\\\/wp-content\\\/uploads\\\/2025\\\/04\\\/IMG_20250404_111512.jpg\",\"inLanguage\":\"fr-FR\"},{\"@type\":\"WebPage\",\"@id\":\"https:\\\/\\\/www.lyceelafayette.fr\\\/index.php\\\/2025\\\/04\\\/29\\\/un-joueur-international-au-lycee-la-fayette-amara-simba-a-la-rencontre-des-eleves\\\/\",\"url\":\"https:\\\/\\\/www.lyceelafayette.fr\\\/index.php\\\/2025\\\/04\\\/29\\\/un-joueur-international-au-lycee-la-fayette-amara-simba-a-la-rencontre-des-eleves\\\/\",\"name\":\"Un joueur international au lyc\u00e9e La Fayette : Amara Simba \u00e0 la rencontre des \u00e9l\u00e8ves - Lyc\u00e9e La Fayette\",\"isPartOf\":{\"@id\":\"https:\\\/\\\/www.lyceelafayette.fr\\\/#website\"},\"primaryImageOfPage\":{\"@id\":\"https:\\\/\\\/www.lyceelafayette.fr\\\/index.php\\\/2025\\\/04\\\/29\\\/un-joueur-international-au-lycee-la-fayette-amara-simba-a-la-rencontre-des-eleves\\\/#primaryimage\"},\"image\":{\"@id\":\"https:\\\/\\\/www.lyceelafayette.fr\\\/index.php\\\/2025\\\/04\\\/29\\\/un-joueur-international-au-lycee-la-fayette-amara-simba-a-la-rencontre-des-eleves\\\/#primaryimage\"},\"thumbnailUrl\":\"https:\\\/\\\/www.lyceelafayette.fr\\\/wp-content\\\/uploads\\\/2025\\\/04\\\/IMG_20250404_111512.jpg\",\"datePublished\":\"2025-04-29T15:13:46+00:00\",\"dateModified\":\"2025-04-29T15:13:47+00:00\",\"breadcrumb\":{\"@id\":\"https:\\\/\\\/www.lyceelafayette.fr\\\/index.php\\\/2025\\\/04\\\/29\\\/un-joueur-international-au-lycee-la-fayette-amara-simba-a-la-rencontre-des-eleves\\\/#breadcrumb\"},\"inLanguage\":\"fr-FR\",\"potentialAction\":[{\"@type\":\"ReadAction\",\"target\":[\"https:\\\/\\\/www.lyceelafayette.fr\\\/index.php\\\/2025\\\/04\\\/29\\\/un-joueur-international-au-lycee-la-fayette-amara-simba-a-la-rencontre-des-eleves\\\/\"]}]},{\"@type\":\"ImageObject\",\"inLanguage\":\"fr-FR\",\"@id\":\"https:\\\/\\\/www.lyceelafayette.fr\\\/index.php\\\/2025\\\/04\\\/29\\\/un-joueur-international-au-lycee-la-fayette-amara-simba-a-la-rencontre-des-eleves\\\/#primaryimage\",\"url\":\"https:\\\/\\\/www.lyceelafayette.fr\\\/wp-content\\\/uploads\\\/2025\\\/04\\\/IMG_20250404_111512.jpg\",\"contentUrl\":\"https:\\\/\\\/www.lyceelafayette.fr\\\/wp-content\\\/uploads\\\/2025\\\/04\\\/IMG_20250404_111512.jpg\",\"width\":1125,\"height\":1500},{\"@type\":\"BreadcrumbList\",\"@id\":\"https:\\\/\\\/www.lyceelafayette.fr\\\/index.php\\\/2025\\\/04\\\/29\\\/un-joueur-international-au-lycee-la-fayette-amara-simba-a-la-rencontre-des-eleves\\\/#breadcrumb\",\"itemListElement\":[{\"@type\":\"ListItem\",\"position\":1,\"name\":\"Accueil\",\"item\":\"https:\\\/\\\/www.lyceelafayette.fr\\\/\"},{\"@type\":\"ListItem\",\"position\":2,\"name\":\"Un joueur international au lyc\u00e9e La Fayette : Amara Simba \u00e0 la rencontre des \u00e9l\u00e8ves\"}]},{\"@type\":\"WebSite\",\"@id\":\"https:\\\/\\\/www.lyceelafayette.fr\\\/#website\",\"url\":\"https:\\\/\\\/www.lyceelafayette.fr\\\/\",\"name\":\"Lyc\u00e9e La Fayette\",\"description\":\"\",\"publisher\":{\"@id\":\"https:\\\/\\\/www.lyceelafayette.fr\\\/#organization\"},\"potentialAction\":[{\"@type\":\"SearchAction\",\"target\":{\"@type\":\"EntryPoint\",\"urlTemplate\":\"https:\\\/\\\/www.lyceelafayette.fr\\\/?s={search_term_string}\"},\"query-input\":{\"@type\":\"PropertyValueSpecification\",\"valueRequired\":true,\"valueName\":\"search_term_string\"}}],\"inLanguage\":\"fr-FR\"},{\"@type\":\"Organization\",\"@id\":\"https:\\\/\\\/www.lyceelafayette.fr\\\/#organization\",\"name\":\"Lyc\u00e9e La Fayette\",\"url\":\"https:\\\/\\\/www.lyceelafayette.fr\\\/\",\"logo\":{\"@type\":\"ImageObject\",\"inLanguage\":\"fr-FR\",\"@id\":\"https:\\\/\\\/www.lyceelafayette.fr\\\/#\\\/schema\\\/logo\\\/image\\\/\",\"url\":\"https:\\\/\\\/www.lyceelafayette.fr\\\/wp-content\\\/uploads\\\/2019\\\/06\\\/llf_logo_alpha.png\",\"contentUrl\":\"https:\\\/\\\/www.lyceelafayette.fr\\\/wp-content\\\/uploads\\\/2019\\\/06\\\/llf_logo_alpha.png\",\"width\":1583,\"height\":792,\"caption\":\"Lyc\u00e9e La Fayette\"},\"image\":{\"@id\":\"https:\\\/\\\/www.lyceelafayette.fr\\\/#\\\/schema\\\/logo\\\/image\\\/\"},\"sameAs\":[\"https:\\\/\\\/www.youtube.com\\\/channel\\\/UC2AOQowoMGBKdY4ToZsf9mw\"]},{\"@type\":\"Person\",\"@id\":\"https:\\\/\\\/www.lyceelafayette.fr\\\/#\\\/schema\\\/person\\\/ce6db8a1157d50329e1fd65f9a9b5df8\",\"name\":\"Alexandre Facchin\",\"image\":{\"@type\":\"ImageObject\",\"inLanguage\":\"fr-FR\",\"@id\":\"https:\\\/\\\/secure.gravatar.com\\\/avatar\\\/c94ab2db74f6be2880cb92feeab1c3c9a55baee6dab0b6f9fbb80e1bc3336b7a?s=96&d=blank&r=g\",\"url\":\"https:\\\/\\\/secure.gravatar.com\\\/avatar\\\/c94ab2db74f6be2880cb92feeab1c3c9a55baee6dab0b6f9fbb80e1bc3336b7a?s=96&d=blank&r=g\",\"contentUrl\":\"https:\\\/\\\/secure.gravatar.com\\\/avatar\\\/c94ab2db74f6be2880cb92feeab1c3c9a55baee6dab0b6f9fbb80e1bc3336b7a?s=96&d=blank&r=g\",\"caption\":\"Alexandre Facchin\"},\"url\":\"https:\\\/\\\/www.lyceelafayette.fr\\\/index.php\\\/author\\\/admin\\\/\"}]}<\/script>\n<!-- \/ Yoast SEO plugin. -->","yoast_head_json":{"title":"Un joueur international au lyc\u00e9e La Fayette : Amara Simba \u00e0 la rencontre des \u00e9l\u00e8ves - Lyc\u00e9e La Fayette","robots":{"index":"index","follow":"follow","max-snippet":"max-snippet:-1","max-image-preview":"max-image-preview:large","max-video-preview":"max-video-preview:-1"},"canonical":"https:\/\/www.lyceelafayette.fr\/index.php\/2025\/04\/29\/un-joueur-international-au-lycee-la-fayette-amara-simba-a-la-rencontre-des-eleves\/","og_locale":"fr_FR","og_type":"article","og_title":"Un joueur international au lyc\u00e9e La Fayette : Amara Simba \u00e0 la rencontre des \u00e9l\u00e8ves - Lyc\u00e9e La Fayette","og_description":"Le vendredi 4 avril 2025, les \u00e9l\u00e8ves de la classe de 2MTNE3 ont eu l\u2019honneur de recevoir Amara Simba, ex-attaquant international et l\u00e9gende du PSG, dans le cadre d\u2019un projet li\u00e9 au label \u00ab\u00a0Sport\u00a0\u00bb. Apr\u00e8s plusieurs s\u00e9ances de pr\u00e9paration o\u00f9 les \u00e9l\u00e8ves ont men\u00e9 des recherches sur leur invit\u00e9, ils... lire la suite","og_url":"https:\/\/www.lyceelafayette.fr\/index.php\/2025\/04\/29\/un-joueur-international-au-lycee-la-fayette-amara-simba-a-la-rencontre-des-eleves\/","og_site_name":"Lyc\u00e9e La Fayette","article_published_time":"2025-04-29T15:13:46+00:00","article_modified_time":"2025-04-29T15:13:47+00:00","og_image":[{"width":1125,"height":1500,"url":"https:\/\/www.lyceelafayette.fr\/wp-content\/uploads\/2025\/04\/IMG_20250404_111512.jpg","type":"image\/jpeg"}],"author":"Alexandre Facchin","twitter_card":"summary_large_image","twitter_misc":{"\u00c9crit par":"Alexandre Facchin","Dur\u00e9e de lecture estim\u00e9e":"2 minutes"},"schema":{"@context":"https:\/\/schema.org","@graph":[{"@type":"Article","@id":"https:\/\/www.lyceelafayette.fr\/index.php\/2025\/04\/29\/un-joueur-international-au-lycee-la-fayette-amara-simba-a-la-rencontre-des-eleves\/#article","isPartOf":{"@id":"https:\/\/www.lyceelafayette.fr\/index.php\/2025\/04\/29\/un-joueur-international-au-lycee-la-fayette-amara-simba-a-la-rencontre-des-eleves\/"},"author":{"name":"Alexandre Facchin","@id":"https:\/\/www.lyceelafayette.fr\/#\/schema\/person\/ce6db8a1157d50329e1fd65f9a9b5df8"},"headline":"Un joueur international au lyc\u00e9e La Fayette : Amara Simba \u00e0 la rencontre des \u00e9l\u00e8ves","datePublished":"2025-04-29T15:13:46+00:00","dateModified":"2025-04-29T15:13:47+00:00","mainEntityOfPage":{"@id":"https:\/\/www.lyceelafayette.fr\/index.php\/2025\/04\/29\/un-joueur-international-au-lycee-la-fayette-amara-simba-a-la-rencontre-des-eleves\/"},"wordCount":237,"publisher":{"@id":"https:\/\/www.lyceelafayette.fr\/#organization"},"image":{"@id":"https:\/\/www.lyceelafayette.fr\/index.php\/2025\/04\/29\/un-joueur-international-au-lycee-la-fayette-amara-simba-a-la-rencontre-des-eleves\/#primaryimage"},"thumbnailUrl":"https:\/\/www.lyceelafayette.fr\/wp-content\/uploads\/2025\/04\/IMG_20250404_111512.jpg","inLanguage":"fr-FR"},{"@type":"WebPage","@id":"https:\/\/www.lyceelafayette.fr\/index.php\/2025\/04\/29\/un-joueur-international-au-lycee-la-fayette-amara-simba-a-la-rencontre-des-eleves\/","url":"https:\/\/www.lyceelafayette.fr\/index.php\/2025\/04\/29\/un-joueur-international-au-lycee-la-fayette-amara-simba-a-la-rencontre-des-eleves\/","name":"Un joueur international au lyc\u00e9e La Fayette : Amara Simba \u00e0 la rencontre des \u00e9l\u00e8ves - Lyc\u00e9e La Fayette","isPartOf":{"@id":"https:\/\/www.lyceelafayette.fr\/#website"},"primaryImageOfPage":{"@id":"https:\/\/www.lyceelafayette.fr\/index.php\/2025\/04\/29\/un-joueur-international-au-lycee-la-fayette-amara-simba-a-la-rencontre-des-eleves\/#primaryimage"},"image":{"@id":"https:\/\/www.lyceelafayette.fr\/index.php\/2025\/04\/29\/un-joueur-international-au-lycee-la-fayette-amara-simba-a-la-rencontre-des-eleves\/#primaryimage"},"thumbnailUrl":"https:\/\/www.lyceelafayette.fr\/wp-content\/uploads\/2025\/04\/IMG_20250404_111512.jpg","datePublished":"2025-04-29T15:13:46+00:00","dateModified":"2025-04-29T15:13:47+00:00","breadcrumb":{"@id":"https:\/\/www.lyceelafayette.fr\/index.php\/2025\/04\/29\/un-joueur-international-au-lycee-la-fayette-amara-simba-a-la-rencontre-des-eleves\/#breadcrumb"},"inLanguage":"fr-FR","potentialAction":[{"@type":"ReadAction","target":["https:\/\/www.lyceelafayette.fr\/index.php\/2025\/04\/29\/un-joueur-international-au-lycee-la-fayette-amara-simba-a-la-rencontre-des-eleves\/"]}]},{"@type":"ImageObject","inLanguage":"fr-FR","@id":"https:\/\/www.lyceelafayette.fr\/index.php\/2025\/04\/29\/un-joueur-international-au-lycee-la-fayette-amara-simba-a-la-rencontre-des-eleves\/#primaryimage","url":"https:\/\/www.lyceelafayette.fr\/wp-content\/uploads\/2025\/04\/IMG_20250404_111512.jpg","contentUrl":"https:\/\/www.lyceelafayette.fr\/wp-content\/uploads\/2025\/04\/IMG_20250404_111512.jpg","width":1125,"height":1500},{"@type":"BreadcrumbList","@id":"https:\/\/www.lyceelafayette.fr\/index.php\/2025\/04\/29\/un-joueur-international-au-lycee-la-fayette-amara-simba-a-la-rencontre-des-eleves\/#breadcrumb","itemListElement":[{"@type":"ListItem","position":1,"name":"Accueil","item":"https:\/\/www.lyceelafayette.fr\/"},{"@type":"ListItem","position":2,"name":"Un joueur international au lyc\u00e9e La Fayette : Amara Simba \u00e0 la rencontre des \u00e9l\u00e8ves"}]},{"@type":"WebSite","@id":"https:\/\/www.lyceelafayette.fr\/#website","url":"https:\/\/www.lyceelafayette.fr\/","name":"Lyc\u00e9e La Fayette","description":"","publisher":{"@id":"https:\/\/www.lyceelafayette.fr\/#organization"},"potentialAction":[{"@type":"SearchAction","target":{"@type":"EntryPoint","urlTemplate":"https:\/\/www.lyceelafayette.fr\/?s={search_term_string}"},"query-input":{"@type":"PropertyValueSpecification","valueRequired":true,"valueName":"search_term_string"}}],"inLanguage":"fr-FR"},{"@type":"Organization","@id":"https:\/\/www.lyceelafayette.fr\/#organization","name":"Lyc\u00e9e La Fayette","url":"https:\/\/www.lyceelafayette.fr\/","logo":{"@type":"ImageObject","inLanguage":"fr-FR","@id":"https:\/\/www.lyceelafayette.fr\/#\/schema\/logo\/image\/","url":"https:\/\/www.lyceelafayette.fr\/wp-content\/uploads\/2019\/06\/llf_logo_alpha.png","contentUrl":"https:\/\/www.lyceelafayette.fr\/wp-content\/uploads\/2019\/06\/llf_logo_alpha.png","width":1583,"height":792,"caption":"Lyc\u00e9e La Fayette"},"image":{"@id":"https:\/\/www.lyceelafayette.fr\/#\/schema\/logo\/image\/"},"sameAs":["https:\/\/www.youtube.com\/channel\/UC2AOQowoMGBKdY4ToZsf9mw"]},{"@type":"Person","@id":"https:\/\/www.lyceelafayette.fr\/#\/schema\/person\/ce6db8a1157d50329e1fd65f9a9b5df8","name":"Alexandre Facchin","image":{"@type":"ImageObject","inLanguage":"fr-FR","@id":"https:\/\/secure.gravatar.com\/avatar\/c94ab2db74f6be2880cb92feeab1c3c9a55baee6dab0b6f9fbb80e1bc3336b7a?s=96&d=blank&r=g","url":"https:\/\/secure.gravatar.com\/avatar\/c94ab2db74f6be2880cb92feeab1c3c9a55baee6dab0b6f9fbb80e1bc3336b7a?s=96&d=blank&r=g","contentUrl":"https:\/\/secure.gravatar.com\/avatar\/c94ab2db74f6be2880cb92feeab1c3c9a55baee6dab0b6f9fbb80e1bc3336b7a?s=96&d=blank&r=g","caption":"Alexandre Facchin"},"url":"https:\/\/www.lyceelafayette.fr\/index.php\/author\/admin\/"}]}},"_links":{"self":[{"href":"https:\/\/www.lyceelafayette.fr\/index.php\/wp-json\/wp\/v2\/posts\/7033","targetHints":{"allow":["GET"]}}],"collection":[{"href":"https:\/\/www.lyceelafayette.fr\/index.php\/wp-json\/wp\/v2\/posts"}],"about":[{"href":"https:\/\/www.lyceelafayette.fr\/index.php\/wp-json\/wp\/v2\/types\/post"}],"author":[{"embeddable":true,"href":"https:\/\/www.lyceelafayette.fr\/index.php\/wp-json\/wp\/v2\/users\/8"}],"replies":[{"embeddable":true,"href":"https:\/\/www.lyceelafayette.fr\/index.php\/wp-json\/wp\/v2\/comments?post=7033"}],"version-history":[{"count":1,"href":"https:\/\/www.lyceelafayette.fr\/index.php\/wp-json\/wp\/v2\/posts\/7033\/revisions"}],"predecessor-version":[{"id":7037,"href":"https:\/\/www.lyceelafayette.fr\/index.php\/wp-json\/wp\/v2\/posts\/7033\/revisions\/7037"}],"wp:featuredmedia":[{"embeddable":true,"href":"https:\/\/www.lyceelafayette.fr\/index.php\/wp-json\/wp\/v2\/media\/7036"}],"wp:attachment":[{"href":"https:\/\/www.lyceelafayette.fr\/index.php\/wp-json\/wp\/v2\/media?parent=7033"}],"wp:term":[{"taxonomy":"category","embeddable":true,"href":"https:\/\/www.lyceelafayette.fr\/index.php\/wp-json\/wp\/v2\/categories?post=7033"},{"taxonomy":"post_tag","embeddable":true,"href":"https:\/\/www.lyceelafayette.fr\/index.php\/wp-json\/wp\/v2\/tags?post=7033"}],"curies":[{"name":"wp","href":"https:\/\/api.w.org\/{rel}","templated":true}]}}