{"id":7001,"date":"2025-04-09T20:45:40","date_gmt":"2025-04-09T18:45:40","guid":{"rendered":"https:\/\/www.lyceelafayette.fr\/?p=7001"},"modified":"2025-04-28T17:07:48","modified_gmt":"2025-04-28T15:07:48","slug":"lequipe-du-bts-electrotechnique-decroche-la-1re-place-au-concours-fanuc","status":"publish","type":"post","link":"https:\/\/www.lyceelafayette.fr\/index.php\/2025\/04\/09\/lequipe-du-bts-electrotechnique-decroche-la-1re-place-au-concours-fanuc\/","title":{"rendered":"\ud83e\udd47L\u2019\u00e9quipe du BTS \u00c9lectrotechnique d\u00e9croche la 1re place au concours FANUC !"},"content":{"rendered":"<div class=\"wp-block-image\">\n<figure class=\"alignleft size-full\"><img loading=\"lazy\" decoding=\"async\" width=\"304\" height=\"91\" src=\"https:\/\/www.lyceelafayette.fr\/wp-content\/uploads\/2025\/04\/image-1.png\" alt=\"\" class=\"wp-image-7003\"\/><\/figure>\n<\/div>\n\n<div class=\"wp-block-image\">\n<figure class=\"alignright size-full\"><img loading=\"lazy\" decoding=\"async\" width=\"186\" height=\"93\" src=\"https:\/\/www.lyceelafayette.fr\/wp-content\/uploads\/2025\/04\/image-2.png\" alt=\"\" class=\"wp-image-7004\"\/><\/figure>\n<\/div>\n\n\n<p><\/p>\n\n\n\n<p><\/p>\n\n\n\n<p>Le mercredi <strong>2 avril 2025<\/strong>, trois \u00e9tudiants de 2e ann\u00e9e de <strong>BTS \u00c9lectrotechnique<\/strong> ont fait briller les couleurs du lyc\u00e9e La Fayette en remportant la <strong>1re place<\/strong> du <strong>concours FANUC IACN Bac +2<\/strong> !<\/p>\n\n\n\n<p>\ud83d\udc68\u200d\ud83c\udf93 <strong>Axel Enjolras<\/strong>, <strong>Brendan Maillard<\/strong> et <strong>Todisoa Marius Rakotosolofo<\/strong> ont particip\u00e9 \u00e0 cette finale qui s\u2019est d\u00e9roul\u00e9e toute la journ\u00e9e dans les locaux de la soci\u00e9t\u00e9 <strong>FANUC<\/strong> \u00e0 <strong>Lisses<\/strong>. Nous remercions chaleureusement toute l\u2019\u00e9quipe de FANUC pour son accueil, et en particulier l\u2019\u00e9quipe CNC, ainsi que <strong>M. Michel Renaud<\/strong>, pour son accompagnement tout au long des \u00e9tapes du concours.<\/p>\n\n\n\n<figure class=\"wp-block-image size-full\"><img loading=\"lazy\" decoding=\"async\" width=\"451\" height=\"263\" src=\"https:\/\/www.lyceelafayette.fr\/wp-content\/uploads\/2025\/04\/image.png\" alt=\"\" class=\"wp-image-7002\"\/><\/figure>\n\n\n\n<hr class=\"wp-block-separator has-alpha-channel-opacity\"\/>\n\n\n\n<h4 class=\"wp-block-heading\">\ud83d\udd0d Une finale intense, riche en d\u00e9fis<\/h4>\n\n\n\n<p>Nos trois \u00e9tudiants ont affront\u00e9 quatre \u00e9preuves techniques :<\/p>\n\n\n\n<ul class=\"wp-block-list\">\n<li><strong>\u00c9preuve 1 \u2013 S\u00e9curisation d\u2019un parc machine<\/strong><br>Objectif : r\u00e9aliser la <strong>sauvegarde compl\u00e8te<\/strong> d\u2019une commande num\u00e9rique (CN) et v\u00e9rifier son bon fonctionnement.<\/li>\n<\/ul>\n\n\n\n<figure class=\"wp-block-image size-full\"><img loading=\"lazy\" decoding=\"async\" width=\"453\" height=\"340\" src=\"https:\/\/www.lyceelafayette.fr\/wp-content\/uploads\/2025\/04\/image-3.png\" alt=\"\" class=\"wp-image-7005\"\/><\/figure>\n\n\n\n<ul class=\"wp-block-list\">\n<li><strong>\u00c9preuve 2 \u2013 Chargement de l\u2019AVP (Avant-Projet)<\/strong><br>Il s\u2019agissait de <strong>charger l\u2019AVP r\u00e9alis\u00e9 en phase 1<\/strong> dans la cellule \u00e9ducation FANUC, d\u2019en <strong>v\u00e9rifier le fonctionnement<\/strong>, puis de <strong>le pr\u00e9senter et l\u2019expliquer<\/strong> aux membres du jury.<br>\ud83d\udcce Voir l\u2019<a class=\"\" href=\"https:\/\/www.lyceelafayette.fr\/index.php\/2024\/12\/12\/finale-concours-fanuc\/\">article sur la phase 1<\/a><\/li>\n<\/ul>\n\n\n\n<figure class=\"wp-block-image size-full\"><img loading=\"lazy\" decoding=\"async\" width=\"908\" height=\"680\" src=\"https:\/\/www.lyceelafayette.fr\/wp-content\/uploads\/2025\/04\/image-4.png\" alt=\"\" class=\"wp-image-7007\"\/><\/figure>\n\n\n\n<ul class=\"wp-block-list\">\n<li><strong>\u00c9preuve 3 \u2013 Impr\u00e9vu<\/strong><br>Les \u00e9tudiants devaient identifier et <strong>r\u00e9soudre des pannes<\/strong> sur une machine r\u00e9elle, puis <strong>valider le bon fonctionnement<\/strong> apr\u00e8s remise en \u00e9tat.<\/li>\n<\/ul>\n\n\n\n<figure class=\"wp-block-image size-full\"><img loading=\"lazy\" decoding=\"async\" width=\"730\" height=\"548\" src=\"https:\/\/www.lyceelafayette.fr\/wp-content\/uploads\/2025\/04\/image-5.png\" alt=\"\" class=\"wp-image-7008\"\/><\/figure>\n\n\n\n<ul class=\"wp-block-list\">\n<li><strong>\u00c9preuve 4 \u2013 \u00c9volution de l\u2019AVP<\/strong><br>Objectif : d\u00e9velopper une <strong>Interface Homme-Machine (IHM)<\/strong> pour le transfert du cadre de fen\u00eatre, <strong>adapter les programmes ISO et PMC<\/strong>, et <strong>param\u00e9trer les axes de rotation<\/strong>.<\/li>\n<\/ul>\n\n\n\n<p>Enfin, les \u00e9quipes ont particip\u00e9 \u00e0 un <strong>quiz final<\/strong> portant sur les technologies FANUC et leurs applications industrielles.<\/p>\n\n\n\n<figure class=\"wp-block-image size-full\"><img loading=\"lazy\" decoding=\"async\" width=\"908\" height=\"680\" src=\"https:\/\/www.lyceelafayette.fr\/wp-content\/uploads\/2025\/04\/image-6.png\" alt=\"\" class=\"wp-image-7009\"\/><\/figure>\n\n\n\n<hr class=\"wp-block-separator has-alpha-channel-opacity\"\/>\n\n\n\n<h4 class=\"wp-block-heading\">\ud83c\udfc6 Un doubl\u00e9 gagnant !<\/h4>\n\n\n\n<p>Nos trois \u00e9tudiants ont <strong>brillamment termin\u00e9 \u00e0 la premi\u00e8re place<\/strong> sur les <strong>8 \u00e9quipes finalistes<\/strong> venues de toute la France. Une belle reconnaissance pour cette troisi\u00e8me participation du lyc\u00e9e La Fayette \u00e0 ce concours exigeant.<\/p>\n\n\n\n<p>Et ce n\u2019est pas tout ! Ils remportent aussi le <strong>1er prix du concours de mascottes<\/strong>, gr\u00e2ce \u00e0 une impressionnante r\u00e9plique grandeur nature de <strong>Mj\u00f6llnir<\/strong>, le marteau de Thor, con\u00e7ue et fabriqu\u00e9e par quatre \u00e9tudiants de BTS CPRP avec l\u2019appui de leur enseignant <strong>M. Christophe Scherg<\/strong>.<br>\ud83d\udd17 Voir <a href=\"https:\/\/www.lyceelafayette.fr\/wp-content\/uploads\/2025\/04\/mascotte-fanuc-1er-prix.mp4\">l\u2019article d\u00e9di\u00e9 \u00e0 la mascotte<\/a><\/p>\n\n\n\n<figure class=\"wp-block-image size-full\"><img loading=\"lazy\" decoding=\"async\" width=\"908\" height=\"680\" src=\"https:\/\/www.lyceelafayette.fr\/wp-content\/uploads\/2025\/04\/image-7.png\" alt=\"\" class=\"wp-image-7010\"\/><\/figure>\n\n\n\n<figure class=\"wp-block-image size-full\"><img loading=\"lazy\" decoding=\"async\" width=\"908\" height=\"680\" src=\"https:\/\/www.lyceelafayette.fr\/wp-content\/uploads\/2025\/04\/image-8.png\" alt=\"\" class=\"wp-image-7011\"\/><\/figure>\n\n\n\n<hr class=\"wp-block-separator has-alpha-channel-opacity\"\/>\n\n\n\n<h4 class=\"wp-block-heading\">\ud83c\udf93 Une source d\u2019inspiration pour les futures promotions<\/h4>\n\n\n\n<p>Le lendemain de la victoire, nos laur\u00e9ats ont \u00e9t\u00e9 f\u00e9licit\u00e9s par <strong>Mme Chauvet-Gaultier<\/strong>, proviseure du lyc\u00e9e.<\/p>\n\n\n\n<figure class=\"wp-block-image size-full\"><img loading=\"lazy\" decoding=\"async\" width=\"908\" height=\"680\" src=\"https:\/\/www.lyceelafayette.fr\/wp-content\/uploads\/2025\/04\/image-9.png\" alt=\"\" class=\"wp-image-7012\"\/><\/figure>\n\n\n\n<p>\u00c0 noter : des \u00e9tudiants de 1re ann\u00e9e ont pu <strong>assister \u00e0 cette finale<\/strong> lors d\u2019une visite organis\u00e9e. Une belle fa\u00e7on de leur faire d\u00e9couvrir les exigences et les opportunit\u00e9s de ce concours, et peut-\u00eatre de faire na\u00eetre des vocations pour <strong>l\u2019\u00e9dition 2026<\/strong> !<\/p>\n\n\n\n<figure class=\"wp-block-image size-full\"><img loading=\"lazy\" decoding=\"async\" width=\"910\" height=\"454\" src=\"https:\/\/www.lyceelafayette.fr\/wp-content\/uploads\/2025\/04\/image-10.png\" alt=\"\" class=\"wp-image-7013\"\/><\/figure>\n\n\n\n<p>En parall\u00e8le, <strong>M. David Brunet<\/strong>, enseignant encadrant, et <strong>Philippe Oram<\/strong>, <a href=\"https:\/\/www.lyceelafayette.fr\/index.php\/2024\/02\/12\/lequipe-du-bts-electrotechnique-de-2e-annee-arrivee-6e-au-concours-fanuc\/\">finaliste en 2024<\/a>, ont anim\u00e9 une <strong>conf\u00e9rence<\/strong> aux c\u00f4t\u00e9s de <strong>Michel Renaud<\/strong> de FANUC pour pr\u00e9senter la pr\u00e9paration au concours et encourager les prochaines g\u00e9n\u00e9rations d\u2019\u00e9tudiants.<\/p>\n\n\n\n<figure class=\"wp-block-image size-full\"><img loading=\"lazy\" decoding=\"async\" width=\"894\" height=\"624\" src=\"https:\/\/www.lyceelafayette.fr\/wp-content\/uploads\/2025\/04\/image-11.png\" alt=\"\" class=\"wp-image-7014\"\/><\/figure>\n\n\n\n<hr class=\"wp-block-separator has-alpha-channel-opacity\"\/>\n\n\n\n<p>\ud83c\udf89 Encore bravo \u00e0 Axel, Brendan et Marius pour ce magnifique parcours !<br>\ud83d\udc4f Merci \u00e9galement \u00e0 toute l\u2019\u00e9quipe p\u00e9dagogique pour son engagement et \u00e0 nos partenaires industriels pour leur soutien.<\/p>\n\n\n\n<p>\ud83d\udcf8 Voir les photos de la finale sur <a class=\"\" href=\"https:\/\/www.facebook.com\/100063281316524\/posts\/965344405584928\/?mibextid=wwXIfr&amp;rdid=Ddb41rvU2JICUeTM\">la page Facebook de FANUC<\/a><\/p>\n\n\n\n<figure class=\"wp-block-embed is-type-video is-provider-youtube wp-block-embed-youtube wp-embed-aspect-16-9 wp-has-aspect-ratio\"><div class=\"wp-block-embed__wrapper\">\n<iframe loading=\"lazy\" title=\"OLYMPIADES FANUC 2025 : Concours Int\u00e9gration &amp; Automatisme de la CN\" width=\"920\" height=\"518\" src=\"https:\/\/www.youtube.com\/embed\/jt1sMikmAHM?feature=oembed\" frameborder=\"0\" allow=\"accelerometer; autoplay; clipboard-write; encrypted-media; gyroscope; picture-in-picture; web-share\" referrerpolicy=\"strict-origin-when-cross-origin\" allowfullscreen><\/iframe>\n<\/div><\/figure>\n","protected":false},"excerpt":{"rendered":"<p>Le mercredi 2 avril 2025, trois \u00e9tudiants de 2e ann\u00e9e de BTS \u00c9lectrotechnique ont fait briller les couleurs du lyc\u00e9e La Fayette en remportant la 1re place du concours FANUC IACN Bac +2 ! \ud83d\udc68\u200d\ud83c\udf93 Axel Enjolras, Brendan Maillard et Todisoa Marius Rakotosolofo ont particip\u00e9 \u00e0 cette finale qui s\u2019est&#8230; <a class=\"continue-reading-link\" href=\"https:\/\/www.lyceelafayette.fr\/index.php\/2025\/04\/09\/lequipe-du-bts-electrotechnique-decroche-la-1re-place-au-concours-fanuc\/\">lire la suite<\/a><\/p>\n","protected":false},"author":8,"featured_media":7005,"comment_status":"closed","ping_status":"open","sticky":false,"template":"","format":"standard","meta":{"footnotes":""},"categories":[1],"tags":[],"class_list":["post-7001","post","type-post","status-publish","format-standard","has-post-thumbnail","hentry","category-non-classe"],"yoast_head":"<!-- This site is optimized with the Yoast SEO plugin v27.5 - https:\/\/yoast.com\/product\/yoast-seo-wordpress\/ -->\n<title>\ud83e\udd47L\u2019\u00e9quipe du BTS \u00c9lectrotechnique d\u00e9croche la 1re place au concours FANUC ! - Lyc\u00e9e La Fayette<\/title>\n<meta name=\"robots\" content=\"index, follow, max-snippet:-1, max-image-preview:large, max-video-preview:-1\" \/>\n<link rel=\"canonical\" href=\"https:\/\/www.lyceelafayette.fr\/index.php\/2025\/04\/09\/lequipe-du-bts-electrotechnique-decroche-la-1re-place-au-concours-fanuc\/\" \/>\n<meta property=\"og:locale\" content=\"fr_FR\" \/>\n<meta property=\"og:type\" content=\"article\" \/>\n<meta property=\"og:title\" content=\"\ud83e\udd47L\u2019\u00e9quipe du BTS \u00c9lectrotechnique d\u00e9croche la 1re place au concours FANUC ! - Lyc\u00e9e La Fayette\" \/>\n<meta property=\"og:description\" content=\"Le mercredi 2 avril 2025, trois \u00e9tudiants de 2e ann\u00e9e de BTS \u00c9lectrotechnique ont fait briller les couleurs du lyc\u00e9e La Fayette en remportant la 1re place du concours FANUC IACN Bac +2 ! \ud83d\udc68\u200d\ud83c\udf93 Axel Enjolras, Brendan Maillard et Todisoa Marius Rakotosolofo ont particip\u00e9 \u00e0 cette finale qui s\u2019est... lire la suite\" \/>\n<meta property=\"og:url\" content=\"https:\/\/www.lyceelafayette.fr\/index.php\/2025\/04\/09\/lequipe-du-bts-electrotechnique-decroche-la-1re-place-au-concours-fanuc\/\" \/>\n<meta property=\"og:site_name\" content=\"Lyc\u00e9e La Fayette\" \/>\n<meta property=\"article:published_time\" content=\"2025-04-09T18:45:40+00:00\" \/>\n<meta property=\"article:modified_time\" content=\"2025-04-28T15:07:48+00:00\" \/>\n<meta property=\"og:image\" content=\"https:\/\/www.lyceelafayette.fr\/wp-content\/uploads\/2025\/04\/image-3.png\" \/>\n\t<meta property=\"og:image:width\" content=\"453\" \/>\n\t<meta property=\"og:image:height\" content=\"340\" \/>\n\t<meta property=\"og:image:type\" content=\"image\/png\" \/>\n<meta name=\"author\" content=\"Alexandre Facchin\" \/>\n<meta name=\"twitter:card\" content=\"summary_large_image\" \/>\n<meta name=\"twitter:label1\" content=\"\u00c9crit par\" \/>\n\t<meta name=\"twitter:data1\" content=\"Alexandre Facchin\" \/>\n\t<meta name=\"twitter:label2\" content=\"Dur\u00e9e de lecture estim\u00e9e\" \/>\n\t<meta name=\"twitter:data2\" content=\"6 minutes\" \/>\n<script type=\"application\/ld+json\" class=\"yoast-schema-graph\">{\"@context\":\"https:\\\/\\\/schema.org\",\"@graph\":[{\"@type\":\"Article\",\"@id\":\"https:\\\/\\\/www.lyceelafayette.fr\\\/index.php\\\/2025\\\/04\\\/09\\\/lequipe-du-bts-electrotechnique-decroche-la-1re-place-au-concours-fanuc\\\/#article\",\"isPartOf\":{\"@id\":\"https:\\\/\\\/www.lyceelafayette.fr\\\/index.php\\\/2025\\\/04\\\/09\\\/lequipe-du-bts-electrotechnique-decroche-la-1re-place-au-concours-fanuc\\\/\"},\"author\":{\"name\":\"Alexandre Facchin\",\"@id\":\"https:\\\/\\\/www.lyceelafayette.fr\\\/#\\\/schema\\\/person\\\/ce6db8a1157d50329e1fd65f9a9b5df8\"},\"headline\":\"\ud83e\udd47L\u2019\u00e9quipe du BTS \u00c9lectrotechnique d\u00e9croche la 1re place au concours FANUC !\",\"datePublished\":\"2025-04-09T18:45:40+00:00\",\"dateModified\":\"2025-04-28T15:07:48+00:00\",\"mainEntityOfPage\":{\"@id\":\"https:\\\/\\\/www.lyceelafayette.fr\\\/index.php\\\/2025\\\/04\\\/09\\\/lequipe-du-bts-electrotechnique-decroche-la-1re-place-au-concours-fanuc\\\/\"},\"wordCount\":535,\"publisher\":{\"@id\":\"https:\\\/\\\/www.lyceelafayette.fr\\\/#organization\"},\"image\":{\"@id\":\"https:\\\/\\\/www.lyceelafayette.fr\\\/index.php\\\/2025\\\/04\\\/09\\\/lequipe-du-bts-electrotechnique-decroche-la-1re-place-au-concours-fanuc\\\/#primaryimage\"},\"thumbnailUrl\":\"https:\\\/\\\/www.lyceelafayette.fr\\\/wp-content\\\/uploads\\\/2025\\\/04\\\/image-3.png\",\"inLanguage\":\"fr-FR\"},{\"@type\":\"WebPage\",\"@id\":\"https:\\\/\\\/www.lyceelafayette.fr\\\/index.php\\\/2025\\\/04\\\/09\\\/lequipe-du-bts-electrotechnique-decroche-la-1re-place-au-concours-fanuc\\\/\",\"url\":\"https:\\\/\\\/www.lyceelafayette.fr\\\/index.php\\\/2025\\\/04\\\/09\\\/lequipe-du-bts-electrotechnique-decroche-la-1re-place-au-concours-fanuc\\\/\",\"name\":\"\ud83e\udd47L\u2019\u00e9quipe du BTS \u00c9lectrotechnique d\u00e9croche la 1re place au concours FANUC ! - Lyc\u00e9e La Fayette\",\"isPartOf\":{\"@id\":\"https:\\\/\\\/www.lyceelafayette.fr\\\/#website\"},\"primaryImageOfPage\":{\"@id\":\"https:\\\/\\\/www.lyceelafayette.fr\\\/index.php\\\/2025\\\/04\\\/09\\\/lequipe-du-bts-electrotechnique-decroche-la-1re-place-au-concours-fanuc\\\/#primaryimage\"},\"image\":{\"@id\":\"https:\\\/\\\/www.lyceelafayette.fr\\\/index.php\\\/2025\\\/04\\\/09\\\/lequipe-du-bts-electrotechnique-decroche-la-1re-place-au-concours-fanuc\\\/#primaryimage\"},\"thumbnailUrl\":\"https:\\\/\\\/www.lyceelafayette.fr\\\/wp-content\\\/uploads\\\/2025\\\/04\\\/image-3.png\",\"datePublished\":\"2025-04-09T18:45:40+00:00\",\"dateModified\":\"2025-04-28T15:07:48+00:00\",\"breadcrumb\":{\"@id\":\"https:\\\/\\\/www.lyceelafayette.fr\\\/index.php\\\/2025\\\/04\\\/09\\\/lequipe-du-bts-electrotechnique-decroche-la-1re-place-au-concours-fanuc\\\/#breadcrumb\"},\"inLanguage\":\"fr-FR\",\"potentialAction\":[{\"@type\":\"ReadAction\",\"target\":[\"https:\\\/\\\/www.lyceelafayette.fr\\\/index.php\\\/2025\\\/04\\\/09\\\/lequipe-du-bts-electrotechnique-decroche-la-1re-place-au-concours-fanuc\\\/\"]}]},{\"@type\":\"ImageObject\",\"inLanguage\":\"fr-FR\",\"@id\":\"https:\\\/\\\/www.lyceelafayette.fr\\\/index.php\\\/2025\\\/04\\\/09\\\/lequipe-du-bts-electrotechnique-decroche-la-1re-place-au-concours-fanuc\\\/#primaryimage\",\"url\":\"https:\\\/\\\/www.lyceelafayette.fr\\\/wp-content\\\/uploads\\\/2025\\\/04\\\/image-3.png\",\"contentUrl\":\"https:\\\/\\\/www.lyceelafayette.fr\\\/wp-content\\\/uploads\\\/2025\\\/04\\\/image-3.png\",\"width\":453,\"height\":340},{\"@type\":\"BreadcrumbList\",\"@id\":\"https:\\\/\\\/www.lyceelafayette.fr\\\/index.php\\\/2025\\\/04\\\/09\\\/lequipe-du-bts-electrotechnique-decroche-la-1re-place-au-concours-fanuc\\\/#breadcrumb\",\"itemListElement\":[{\"@type\":\"ListItem\",\"position\":1,\"name\":\"Accueil\",\"item\":\"https:\\\/\\\/www.lyceelafayette.fr\\\/\"},{\"@type\":\"ListItem\",\"position\":2,\"name\":\"\ud83e\udd47L\u2019\u00e9quipe du BTS \u00c9lectrotechnique d\u00e9croche la 1re place au concours FANUC !\"}]},{\"@type\":\"WebSite\",\"@id\":\"https:\\\/\\\/www.lyceelafayette.fr\\\/#website\",\"url\":\"https:\\\/\\\/www.lyceelafayette.fr\\\/\",\"name\":\"Lyc\u00e9e La Fayette\",\"description\":\"\",\"publisher\":{\"@id\":\"https:\\\/\\\/www.lyceelafayette.fr\\\/#organization\"},\"potentialAction\":[{\"@type\":\"SearchAction\",\"target\":{\"@type\":\"EntryPoint\",\"urlTemplate\":\"https:\\\/\\\/www.lyceelafayette.fr\\\/?s={search_term_string}\"},\"query-input\":{\"@type\":\"PropertyValueSpecification\",\"valueRequired\":true,\"valueName\":\"search_term_string\"}}],\"inLanguage\":\"fr-FR\"},{\"@type\":\"Organization\",\"@id\":\"https:\\\/\\\/www.lyceelafayette.fr\\\/#organization\",\"name\":\"Lyc\u00e9e La Fayette\",\"url\":\"https:\\\/\\\/www.lyceelafayette.fr\\\/\",\"logo\":{\"@type\":\"ImageObject\",\"inLanguage\":\"fr-FR\",\"@id\":\"https:\\\/\\\/www.lyceelafayette.fr\\\/#\\\/schema\\\/logo\\\/image\\\/\",\"url\":\"https:\\\/\\\/www.lyceelafayette.fr\\\/wp-content\\\/uploads\\\/2019\\\/06\\\/llf_logo_alpha.png\",\"contentUrl\":\"https:\\\/\\\/www.lyceelafayette.fr\\\/wp-content\\\/uploads\\\/2019\\\/06\\\/llf_logo_alpha.png\",\"width\":1583,\"height\":792,\"caption\":\"Lyc\u00e9e La Fayette\"},\"image\":{\"@id\":\"https:\\\/\\\/www.lyceelafayette.fr\\\/#\\\/schema\\\/logo\\\/image\\\/\"},\"sameAs\":[\"https:\\\/\\\/www.youtube.com\\\/channel\\\/UC2AOQowoMGBKdY4ToZsf9mw\"]},{\"@type\":\"Person\",\"@id\":\"https:\\\/\\\/www.lyceelafayette.fr\\\/#\\\/schema\\\/person\\\/ce6db8a1157d50329e1fd65f9a9b5df8\",\"name\":\"Alexandre Facchin\",\"image\":{\"@type\":\"ImageObject\",\"inLanguage\":\"fr-FR\",\"@id\":\"https:\\\/\\\/secure.gravatar.com\\\/avatar\\\/c94ab2db74f6be2880cb92feeab1c3c9a55baee6dab0b6f9fbb80e1bc3336b7a?s=96&d=blank&r=g\",\"url\":\"https:\\\/\\\/secure.gravatar.com\\\/avatar\\\/c94ab2db74f6be2880cb92feeab1c3c9a55baee6dab0b6f9fbb80e1bc3336b7a?s=96&d=blank&r=g\",\"contentUrl\":\"https:\\\/\\\/secure.gravatar.com\\\/avatar\\\/c94ab2db74f6be2880cb92feeab1c3c9a55baee6dab0b6f9fbb80e1bc3336b7a?s=96&d=blank&r=g\",\"caption\":\"Alexandre Facchin\"},\"url\":\"https:\\\/\\\/www.lyceelafayette.fr\\\/index.php\\\/author\\\/admin\\\/\"}]}<\/script>\n<!-- \/ Yoast SEO plugin. -->","yoast_head_json":{"title":"\ud83e\udd47L\u2019\u00e9quipe du BTS \u00c9lectrotechnique d\u00e9croche la 1re place au concours FANUC ! - Lyc\u00e9e La Fayette","robots":{"index":"index","follow":"follow","max-snippet":"max-snippet:-1","max-image-preview":"max-image-preview:large","max-video-preview":"max-video-preview:-1"},"canonical":"https:\/\/www.lyceelafayette.fr\/index.php\/2025\/04\/09\/lequipe-du-bts-electrotechnique-decroche-la-1re-place-au-concours-fanuc\/","og_locale":"fr_FR","og_type":"article","og_title":"\ud83e\udd47L\u2019\u00e9quipe du BTS \u00c9lectrotechnique d\u00e9croche la 1re place au concours FANUC ! - Lyc\u00e9e La Fayette","og_description":"Le mercredi 2 avril 2025, trois \u00e9tudiants de 2e ann\u00e9e de BTS \u00c9lectrotechnique ont fait briller les couleurs du lyc\u00e9e La Fayette en remportant la 1re place du concours FANUC IACN Bac +2 ! \ud83d\udc68\u200d\ud83c\udf93 Axel Enjolras, Brendan Maillard et Todisoa Marius Rakotosolofo ont particip\u00e9 \u00e0 cette finale qui s\u2019est... lire la suite","og_url":"https:\/\/www.lyceelafayette.fr\/index.php\/2025\/04\/09\/lequipe-du-bts-electrotechnique-decroche-la-1re-place-au-concours-fanuc\/","og_site_name":"Lyc\u00e9e La Fayette","article_published_time":"2025-04-09T18:45:40+00:00","article_modified_time":"2025-04-28T15:07:48+00:00","og_image":[{"width":453,"height":340,"url":"https:\/\/www.lyceelafayette.fr\/wp-content\/uploads\/2025\/04\/image-3.png","type":"image\/png"}],"author":"Alexandre Facchin","twitter_card":"summary_large_image","twitter_misc":{"\u00c9crit par":"Alexandre Facchin","Dur\u00e9e de lecture estim\u00e9e":"6 minutes"},"schema":{"@context":"https:\/\/schema.org","@graph":[{"@type":"Article","@id":"https:\/\/www.lyceelafayette.fr\/index.php\/2025\/04\/09\/lequipe-du-bts-electrotechnique-decroche-la-1re-place-au-concours-fanuc\/#article","isPartOf":{"@id":"https:\/\/www.lyceelafayette.fr\/index.php\/2025\/04\/09\/lequipe-du-bts-electrotechnique-decroche-la-1re-place-au-concours-fanuc\/"},"author":{"name":"Alexandre Facchin","@id":"https:\/\/www.lyceelafayette.fr\/#\/schema\/person\/ce6db8a1157d50329e1fd65f9a9b5df8"},"headline":"\ud83e\udd47L\u2019\u00e9quipe du BTS \u00c9lectrotechnique d\u00e9croche la 1re place au concours FANUC !","datePublished":"2025-04-09T18:45:40+00:00","dateModified":"2025-04-28T15:07:48+00:00","mainEntityOfPage":{"@id":"https:\/\/www.lyceelafayette.fr\/index.php\/2025\/04\/09\/lequipe-du-bts-electrotechnique-decroche-la-1re-place-au-concours-fanuc\/"},"wordCount":535,"publisher":{"@id":"https:\/\/www.lyceelafayette.fr\/#organization"},"image":{"@id":"https:\/\/www.lyceelafayette.fr\/index.php\/2025\/04\/09\/lequipe-du-bts-electrotechnique-decroche-la-1re-place-au-concours-fanuc\/#primaryimage"},"thumbnailUrl":"https:\/\/www.lyceelafayette.fr\/wp-content\/uploads\/2025\/04\/image-3.png","inLanguage":"fr-FR"},{"@type":"WebPage","@id":"https:\/\/www.lyceelafayette.fr\/index.php\/2025\/04\/09\/lequipe-du-bts-electrotechnique-decroche-la-1re-place-au-concours-fanuc\/","url":"https:\/\/www.lyceelafayette.fr\/index.php\/2025\/04\/09\/lequipe-du-bts-electrotechnique-decroche-la-1re-place-au-concours-fanuc\/","name":"\ud83e\udd47L\u2019\u00e9quipe du BTS \u00c9lectrotechnique d\u00e9croche la 1re place au concours FANUC ! - Lyc\u00e9e La Fayette","isPartOf":{"@id":"https:\/\/www.lyceelafayette.fr\/#website"},"primaryImageOfPage":{"@id":"https:\/\/www.lyceelafayette.fr\/index.php\/2025\/04\/09\/lequipe-du-bts-electrotechnique-decroche-la-1re-place-au-concours-fanuc\/#primaryimage"},"image":{"@id":"https:\/\/www.lyceelafayette.fr\/index.php\/2025\/04\/09\/lequipe-du-bts-electrotechnique-decroche-la-1re-place-au-concours-fanuc\/#primaryimage"},"thumbnailUrl":"https:\/\/www.lyceelafayette.fr\/wp-content\/uploads\/2025\/04\/image-3.png","datePublished":"2025-04-09T18:45:40+00:00","dateModified":"2025-04-28T15:07:48+00:00","breadcrumb":{"@id":"https:\/\/www.lyceelafayette.fr\/index.php\/2025\/04\/09\/lequipe-du-bts-electrotechnique-decroche-la-1re-place-au-concours-fanuc\/#breadcrumb"},"inLanguage":"fr-FR","potentialAction":[{"@type":"ReadAction","target":["https:\/\/www.lyceelafayette.fr\/index.php\/2025\/04\/09\/lequipe-du-bts-electrotechnique-decroche-la-1re-place-au-concours-fanuc\/"]}]},{"@type":"ImageObject","inLanguage":"fr-FR","@id":"https:\/\/www.lyceelafayette.fr\/index.php\/2025\/04\/09\/lequipe-du-bts-electrotechnique-decroche-la-1re-place-au-concours-fanuc\/#primaryimage","url":"https:\/\/www.lyceelafayette.fr\/wp-content\/uploads\/2025\/04\/image-3.png","contentUrl":"https:\/\/www.lyceelafayette.fr\/wp-content\/uploads\/2025\/04\/image-3.png","width":453,"height":340},{"@type":"BreadcrumbList","@id":"https:\/\/www.lyceelafayette.fr\/index.php\/2025\/04\/09\/lequipe-du-bts-electrotechnique-decroche-la-1re-place-au-concours-fanuc\/#breadcrumb","itemListElement":[{"@type":"ListItem","position":1,"name":"Accueil","item":"https:\/\/www.lyceelafayette.fr\/"},{"@type":"ListItem","position":2,"name":"\ud83e\udd47L\u2019\u00e9quipe du BTS \u00c9lectrotechnique d\u00e9croche la 1re place au concours FANUC !"}]},{"@type":"WebSite","@id":"https:\/\/www.lyceelafayette.fr\/#website","url":"https:\/\/www.lyceelafayette.fr\/","name":"Lyc\u00e9e La Fayette","description":"","publisher":{"@id":"https:\/\/www.lyceelafayette.fr\/#organization"},"potentialAction":[{"@type":"SearchAction","target":{"@type":"EntryPoint","urlTemplate":"https:\/\/www.lyceelafayette.fr\/?s={search_term_string}"},"query-input":{"@type":"PropertyValueSpecification","valueRequired":true,"valueName":"search_term_string"}}],"inLanguage":"fr-FR"},{"@type":"Organization","@id":"https:\/\/www.lyceelafayette.fr\/#organization","name":"Lyc\u00e9e La Fayette","url":"https:\/\/www.lyceelafayette.fr\/","logo":{"@type":"ImageObject","inLanguage":"fr-FR","@id":"https:\/\/www.lyceelafayette.fr\/#\/schema\/logo\/image\/","url":"https:\/\/www.lyceelafayette.fr\/wp-content\/uploads\/2019\/06\/llf_logo_alpha.png","contentUrl":"https:\/\/www.lyceelafayette.fr\/wp-content\/uploads\/2019\/06\/llf_logo_alpha.png","width":1583,"height":792,"caption":"Lyc\u00e9e La Fayette"},"image":{"@id":"https:\/\/www.lyceelafayette.fr\/#\/schema\/logo\/image\/"},"sameAs":["https:\/\/www.youtube.com\/channel\/UC2AOQowoMGBKdY4ToZsf9mw"]},{"@type":"Person","@id":"https:\/\/www.lyceelafayette.fr\/#\/schema\/person\/ce6db8a1157d50329e1fd65f9a9b5df8","name":"Alexandre Facchin","image":{"@type":"ImageObject","inLanguage":"fr-FR","@id":"https:\/\/secure.gravatar.com\/avatar\/c94ab2db74f6be2880cb92feeab1c3c9a55baee6dab0b6f9fbb80e1bc3336b7a?s=96&d=blank&r=g","url":"https:\/\/secure.gravatar.com\/avatar\/c94ab2db74f6be2880cb92feeab1c3c9a55baee6dab0b6f9fbb80e1bc3336b7a?s=96&d=blank&r=g","contentUrl":"https:\/\/secure.gravatar.com\/avatar\/c94ab2db74f6be2880cb92feeab1c3c9a55baee6dab0b6f9fbb80e1bc3336b7a?s=96&d=blank&r=g","caption":"Alexandre Facchin"},"url":"https:\/\/www.lyceelafayette.fr\/index.php\/author\/admin\/"}]}},"_links":{"self":[{"href":"https:\/\/www.lyceelafayette.fr\/index.php\/wp-json\/wp\/v2\/posts\/7001","targetHints":{"allow":["GET"]}}],"collection":[{"href":"https:\/\/www.lyceelafayette.fr\/index.php\/wp-json\/wp\/v2\/posts"}],"about":[{"href":"https:\/\/www.lyceelafayette.fr\/index.php\/wp-json\/wp\/v2\/types\/post"}],"author":[{"embeddable":true,"href":"https:\/\/www.lyceelafayette.fr\/index.php\/wp-json\/wp\/v2\/users\/8"}],"replies":[{"embeddable":true,"href":"https:\/\/www.lyceelafayette.fr\/index.php\/wp-json\/wp\/v2\/comments?post=7001"}],"version-history":[{"count":5,"href":"https:\/\/www.lyceelafayette.fr\/index.php\/wp-json\/wp\/v2\/posts\/7001\/revisions"}],"predecessor-version":[{"id":7023,"href":"https:\/\/www.lyceelafayette.fr\/index.php\/wp-json\/wp\/v2\/posts\/7001\/revisions\/7023"}],"wp:featuredmedia":[{"embeddable":true,"href":"https:\/\/www.lyceelafayette.fr\/index.php\/wp-json\/wp\/v2\/media\/7005"}],"wp:attachment":[{"href":"https:\/\/www.lyceelafayette.fr\/index.php\/wp-json\/wp\/v2\/media?parent=7001"}],"wp:term":[{"taxonomy":"category","embeddable":true,"href":"https:\/\/www.lyceelafayette.fr\/index.php\/wp-json\/wp\/v2\/categories?post=7001"},{"taxonomy":"post_tag","embeddable":true,"href":"https:\/\/www.lyceelafayette.fr\/index.php\/wp-json\/wp\/v2\/tags?post=7001"}],"curies":[{"name":"wp","href":"https:\/\/api.w.org\/{rel}","templated":true}]}}