{"id":6957,"date":"2025-01-30T11:24:26","date_gmt":"2025-01-30T10:24:26","guid":{"rendered":"https:\/\/www.lyceelafayette.fr\/?p=6957"},"modified":"2025-01-30T11:24:26","modified_gmt":"2025-01-30T10:24:26","slug":"lequipe-du-bts-electrotechnique-de-2e-annee-en-formation-chez-fanuc","status":"publish","type":"post","link":"https:\/\/www.lyceelafayette.fr\/index.php\/2025\/01\/30\/lequipe-du-bts-electrotechnique-de-2e-annee-en-formation-chez-fanuc\/","title":{"rendered":"L\u2019\u00e9quipe du BTS \u00e9lectrotechnique de 2e ann\u00e9e en formation chez FANUC"},"content":{"rendered":"\n<figure class=\"wp-block-image size-full\"><img loading=\"lazy\" decoding=\"async\" width=\"1298\" height=\"304\" src=\"https:\/\/www.lyceelafayette.fr\/wp-content\/uploads\/2025\/01\/image-7.png\" alt=\"\" class=\"wp-image-6959\"\/><\/figure>\n\n\n\n<p>Axel Enjolras, Brendan Maillard et Todisoa Marius Rakotosolofo, \u00e9tudiants en 2<sup>e<\/sup> ann\u00e9e de BTS \u00e9lectrotechnique, participent au concours organis\u00e9 par <a href=\"https:\/\/olympiades-fanuc.com\/\">FANUC<\/a>.<\/p>\n\n\n\n<p>Ils sont qualifi\u00e9s pour la <a href=\"https:\/\/www.lyceelafayette.fr\/index.php\/2024\/12\/12\/finale-concours-fanuc\/\">finale<\/a>.<\/p>\n\n\n\n<p>Mercredi 15 janvier, ils ont pass\u00e9 la journ\u00e9e, accompagn\u00e9s de leur enseignant M Brunet, chez FANUC \u00e0 Lisses afin d\u2019\u00eatre form\u00e9s sur la prise en main de la cellule \u00e9ducation sur laquelle ils vont effectuer la finale du concours le 2 avril prochain.<\/p>\n\n\n\n<p>L\u2019objectif \u00e9tait de savoir faire une sauvegarde d\u2019une machine existante, de configurer les but\u00e9es logicielles des axes, de configurer la prise d\u2019origine d\u2019un axe et ensuite de charger tout le projet qu\u2019ils ont r\u00e9alis\u00e9 pour l\u2019avant-projet pour le faire fonctionner.<\/p>\n\n\n\n<p>Une journ\u00e9e charg\u00e9e en information qui leur a permis d\u2019envisager plus sereinement la finale. Il leur reste 2 mois et demi pour finaliser leur pr\u00e9paration.<\/p>\n\n\n\n<figure class=\"wp-block-image size-full\"><img loading=\"lazy\" decoding=\"async\" width=\"3088\" height=\"2320\" src=\"https:\/\/www.lyceelafayette.fr\/wp-content\/uploads\/2025\/01\/image-8.png\" alt=\"\" class=\"wp-image-6960\"\/><\/figure>\n\n\n\n<figure class=\"wp-block-image size-full\"><img loading=\"lazy\" decoding=\"async\" width=\"3088\" height=\"2320\" src=\"https:\/\/www.lyceelafayette.fr\/wp-content\/uploads\/2025\/01\/image-9.png\" alt=\"\" class=\"wp-image-6961\"\/><\/figure>\n\n\n\n<figure class=\"wp-block-image size-full\"><img loading=\"lazy\" decoding=\"async\" width=\"3088\" height=\"2320\" src=\"https:\/\/www.lyceelafayette.fr\/wp-content\/uploads\/2025\/01\/image-10.png\" alt=\"\" class=\"wp-image-6962\"\/><\/figure>\n","protected":false},"excerpt":{"rendered":"<p>Axel Enjolras, Brendan Maillard et Todisoa Marius Rakotosolofo, \u00e9tudiants en 2e ann\u00e9e de BTS \u00e9lectrotechnique, participent au concours organis\u00e9 par FANUC. Ils sont qualifi\u00e9s pour la finale. Mercredi 15 janvier, ils ont pass\u00e9 la journ\u00e9e, accompagn\u00e9s de leur enseignant M Brunet, chez FANUC \u00e0 Lisses afin d\u2019\u00eatre form\u00e9s sur la&#8230; <a class=\"continue-reading-link\" href=\"https:\/\/www.lyceelafayette.fr\/index.php\/2025\/01\/30\/lequipe-du-bts-electrotechnique-de-2e-annee-en-formation-chez-fanuc\/\">lire la suite<\/a><\/p>\n","protected":false},"author":8,"featured_media":6962,"comment_status":"closed","ping_status":"open","sticky":false,"template":"","format":"standard","meta":{"footnotes":""},"categories":[1],"tags":[],"class_list":["post-6957","post","type-post","status-publish","format-standard","has-post-thumbnail","hentry","category-non-classe"],"yoast_head":"<!-- This site is optimized with the Yoast SEO plugin v27.5 - https:\/\/yoast.com\/product\/yoast-seo-wordpress\/ -->\n<title>L\u2019\u00e9quipe du BTS \u00e9lectrotechnique de 2e ann\u00e9e en formation chez FANUC - Lyc\u00e9e La Fayette<\/title>\n<meta name=\"robots\" content=\"index, follow, max-snippet:-1, max-image-preview:large, max-video-preview:-1\" \/>\n<link rel=\"canonical\" href=\"https:\/\/www.lyceelafayette.fr\/index.php\/2025\/01\/30\/lequipe-du-bts-electrotechnique-de-2e-annee-en-formation-chez-fanuc\/\" \/>\n<meta property=\"og:locale\" content=\"fr_FR\" \/>\n<meta property=\"og:type\" content=\"article\" \/>\n<meta property=\"og:title\" content=\"L\u2019\u00e9quipe du BTS \u00e9lectrotechnique de 2e ann\u00e9e en formation chez FANUC - Lyc\u00e9e La Fayette\" \/>\n<meta property=\"og:description\" content=\"Axel Enjolras, Brendan Maillard et Todisoa Marius Rakotosolofo, \u00e9tudiants en 2e ann\u00e9e de BTS \u00e9lectrotechnique, participent au concours organis\u00e9 par FANUC. Ils sont qualifi\u00e9s pour la finale. Mercredi 15 janvier, ils ont pass\u00e9 la journ\u00e9e, accompagn\u00e9s de leur enseignant M Brunet, chez FANUC \u00e0 Lisses afin d\u2019\u00eatre form\u00e9s sur la... lire la suite\" \/>\n<meta property=\"og:url\" content=\"https:\/\/www.lyceelafayette.fr\/index.php\/2025\/01\/30\/lequipe-du-bts-electrotechnique-de-2e-annee-en-formation-chez-fanuc\/\" \/>\n<meta property=\"og:site_name\" content=\"Lyc\u00e9e La Fayette\" \/>\n<meta property=\"article:published_time\" content=\"2025-01-30T10:24:26+00:00\" \/>\n<meta property=\"og:image\" content=\"https:\/\/www.lyceelafayette.fr\/wp-content\/uploads\/2025\/01\/image-10.png\" \/>\n\t<meta property=\"og:image:width\" content=\"920\" \/>\n\t<meta property=\"og:image:height\" content=\"691\" \/>\n\t<meta property=\"og:image:type\" content=\"image\/png\" \/>\n<meta name=\"author\" content=\"Alexandre Facchin\" \/>\n<meta name=\"twitter:card\" content=\"summary_large_image\" \/>\n<meta name=\"twitter:label1\" content=\"\u00c9crit par\" \/>\n\t<meta name=\"twitter:data1\" content=\"Alexandre Facchin\" \/>\n\t<meta name=\"twitter:label2\" content=\"Dur\u00e9e de lecture estim\u00e9e\" \/>\n\t<meta name=\"twitter:data2\" content=\"2 minutes\" \/>\n<script type=\"application\/ld+json\" class=\"yoast-schema-graph\">{\"@context\":\"https:\\\/\\\/schema.org\",\"@graph\":[{\"@type\":\"Article\",\"@id\":\"https:\\\/\\\/www.lyceelafayette.fr\\\/index.php\\\/2025\\\/01\\\/30\\\/lequipe-du-bts-electrotechnique-de-2e-annee-en-formation-chez-fanuc\\\/#article\",\"isPartOf\":{\"@id\":\"https:\\\/\\\/www.lyceelafayette.fr\\\/index.php\\\/2025\\\/01\\\/30\\\/lequipe-du-bts-electrotechnique-de-2e-annee-en-formation-chez-fanuc\\\/\"},\"author\":{\"name\":\"Alexandre Facchin\",\"@id\":\"https:\\\/\\\/www.lyceelafayette.fr\\\/#\\\/schema\\\/person\\\/ce6db8a1157d50329e1fd65f9a9b5df8\"},\"headline\":\"L\u2019\u00e9quipe du BTS \u00e9lectrotechnique de 2e ann\u00e9e en formation chez FANUC\",\"datePublished\":\"2025-01-30T10:24:26+00:00\",\"mainEntityOfPage\":{\"@id\":\"https:\\\/\\\/www.lyceelafayette.fr\\\/index.php\\\/2025\\\/01\\\/30\\\/lequipe-du-bts-electrotechnique-de-2e-annee-en-formation-chez-fanuc\\\/\"},\"wordCount\":162,\"publisher\":{\"@id\":\"https:\\\/\\\/www.lyceelafayette.fr\\\/#organization\"},\"image\":{\"@id\":\"https:\\\/\\\/www.lyceelafayette.fr\\\/index.php\\\/2025\\\/01\\\/30\\\/lequipe-du-bts-electrotechnique-de-2e-annee-en-formation-chez-fanuc\\\/#primaryimage\"},\"thumbnailUrl\":\"https:\\\/\\\/www.lyceelafayette.fr\\\/wp-content\\\/uploads\\\/2025\\\/01\\\/image-10.png\",\"inLanguage\":\"fr-FR\"},{\"@type\":\"WebPage\",\"@id\":\"https:\\\/\\\/www.lyceelafayette.fr\\\/index.php\\\/2025\\\/01\\\/30\\\/lequipe-du-bts-electrotechnique-de-2e-annee-en-formation-chez-fanuc\\\/\",\"url\":\"https:\\\/\\\/www.lyceelafayette.fr\\\/index.php\\\/2025\\\/01\\\/30\\\/lequipe-du-bts-electrotechnique-de-2e-annee-en-formation-chez-fanuc\\\/\",\"name\":\"L\u2019\u00e9quipe du BTS \u00e9lectrotechnique de 2e ann\u00e9e en formation chez FANUC - Lyc\u00e9e La Fayette\",\"isPartOf\":{\"@id\":\"https:\\\/\\\/www.lyceelafayette.fr\\\/#website\"},\"primaryImageOfPage\":{\"@id\":\"https:\\\/\\\/www.lyceelafayette.fr\\\/index.php\\\/2025\\\/01\\\/30\\\/lequipe-du-bts-electrotechnique-de-2e-annee-en-formation-chez-fanuc\\\/#primaryimage\"},\"image\":{\"@id\":\"https:\\\/\\\/www.lyceelafayette.fr\\\/index.php\\\/2025\\\/01\\\/30\\\/lequipe-du-bts-electrotechnique-de-2e-annee-en-formation-chez-fanuc\\\/#primaryimage\"},\"thumbnailUrl\":\"https:\\\/\\\/www.lyceelafayette.fr\\\/wp-content\\\/uploads\\\/2025\\\/01\\\/image-10.png\",\"datePublished\":\"2025-01-30T10:24:26+00:00\",\"breadcrumb\":{\"@id\":\"https:\\\/\\\/www.lyceelafayette.fr\\\/index.php\\\/2025\\\/01\\\/30\\\/lequipe-du-bts-electrotechnique-de-2e-annee-en-formation-chez-fanuc\\\/#breadcrumb\"},\"inLanguage\":\"fr-FR\",\"potentialAction\":[{\"@type\":\"ReadAction\",\"target\":[\"https:\\\/\\\/www.lyceelafayette.fr\\\/index.php\\\/2025\\\/01\\\/30\\\/lequipe-du-bts-electrotechnique-de-2e-annee-en-formation-chez-fanuc\\\/\"]}]},{\"@type\":\"ImageObject\",\"inLanguage\":\"fr-FR\",\"@id\":\"https:\\\/\\\/www.lyceelafayette.fr\\\/index.php\\\/2025\\\/01\\\/30\\\/lequipe-du-bts-electrotechnique-de-2e-annee-en-formation-chez-fanuc\\\/#primaryimage\",\"url\":\"https:\\\/\\\/www.lyceelafayette.fr\\\/wp-content\\\/uploads\\\/2025\\\/01\\\/image-10.png\",\"contentUrl\":\"https:\\\/\\\/www.lyceelafayette.fr\\\/wp-content\\\/uploads\\\/2025\\\/01\\\/image-10.png\",\"width\":3088,\"height\":2320},{\"@type\":\"BreadcrumbList\",\"@id\":\"https:\\\/\\\/www.lyceelafayette.fr\\\/index.php\\\/2025\\\/01\\\/30\\\/lequipe-du-bts-electrotechnique-de-2e-annee-en-formation-chez-fanuc\\\/#breadcrumb\",\"itemListElement\":[{\"@type\":\"ListItem\",\"position\":1,\"name\":\"Accueil\",\"item\":\"https:\\\/\\\/www.lyceelafayette.fr\\\/\"},{\"@type\":\"ListItem\",\"position\":2,\"name\":\"L\u2019\u00e9quipe du BTS \u00e9lectrotechnique de 2e ann\u00e9e en formation chez FANUC\"}]},{\"@type\":\"WebSite\",\"@id\":\"https:\\\/\\\/www.lyceelafayette.fr\\\/#website\",\"url\":\"https:\\\/\\\/www.lyceelafayette.fr\\\/\",\"name\":\"Lyc\u00e9e La Fayette\",\"description\":\"\",\"publisher\":{\"@id\":\"https:\\\/\\\/www.lyceelafayette.fr\\\/#organization\"},\"potentialAction\":[{\"@type\":\"SearchAction\",\"target\":{\"@type\":\"EntryPoint\",\"urlTemplate\":\"https:\\\/\\\/www.lyceelafayette.fr\\\/?s={search_term_string}\"},\"query-input\":{\"@type\":\"PropertyValueSpecification\",\"valueRequired\":true,\"valueName\":\"search_term_string\"}}],\"inLanguage\":\"fr-FR\"},{\"@type\":\"Organization\",\"@id\":\"https:\\\/\\\/www.lyceelafayette.fr\\\/#organization\",\"name\":\"Lyc\u00e9e La Fayette\",\"url\":\"https:\\\/\\\/www.lyceelafayette.fr\\\/\",\"logo\":{\"@type\":\"ImageObject\",\"inLanguage\":\"fr-FR\",\"@id\":\"https:\\\/\\\/www.lyceelafayette.fr\\\/#\\\/schema\\\/logo\\\/image\\\/\",\"url\":\"https:\\\/\\\/www.lyceelafayette.fr\\\/wp-content\\\/uploads\\\/2019\\\/06\\\/llf_logo_alpha.png\",\"contentUrl\":\"https:\\\/\\\/www.lyceelafayette.fr\\\/wp-content\\\/uploads\\\/2019\\\/06\\\/llf_logo_alpha.png\",\"width\":1583,\"height\":792,\"caption\":\"Lyc\u00e9e La Fayette\"},\"image\":{\"@id\":\"https:\\\/\\\/www.lyceelafayette.fr\\\/#\\\/schema\\\/logo\\\/image\\\/\"},\"sameAs\":[\"https:\\\/\\\/www.youtube.com\\\/channel\\\/UC2AOQowoMGBKdY4ToZsf9mw\"]},{\"@type\":\"Person\",\"@id\":\"https:\\\/\\\/www.lyceelafayette.fr\\\/#\\\/schema\\\/person\\\/ce6db8a1157d50329e1fd65f9a9b5df8\",\"name\":\"Alexandre Facchin\",\"image\":{\"@type\":\"ImageObject\",\"inLanguage\":\"fr-FR\",\"@id\":\"https:\\\/\\\/secure.gravatar.com\\\/avatar\\\/c94ab2db74f6be2880cb92feeab1c3c9a55baee6dab0b6f9fbb80e1bc3336b7a?s=96&d=blank&r=g\",\"url\":\"https:\\\/\\\/secure.gravatar.com\\\/avatar\\\/c94ab2db74f6be2880cb92feeab1c3c9a55baee6dab0b6f9fbb80e1bc3336b7a?s=96&d=blank&r=g\",\"contentUrl\":\"https:\\\/\\\/secure.gravatar.com\\\/avatar\\\/c94ab2db74f6be2880cb92feeab1c3c9a55baee6dab0b6f9fbb80e1bc3336b7a?s=96&d=blank&r=g\",\"caption\":\"Alexandre Facchin\"},\"url\":\"https:\\\/\\\/www.lyceelafayette.fr\\\/index.php\\\/author\\\/admin\\\/\"}]}<\/script>\n<!-- \/ Yoast SEO plugin. -->","yoast_head_json":{"title":"L\u2019\u00e9quipe du BTS \u00e9lectrotechnique de 2e ann\u00e9e en formation chez FANUC - Lyc\u00e9e La Fayette","robots":{"index":"index","follow":"follow","max-snippet":"max-snippet:-1","max-image-preview":"max-image-preview:large","max-video-preview":"max-video-preview:-1"},"canonical":"https:\/\/www.lyceelafayette.fr\/index.php\/2025\/01\/30\/lequipe-du-bts-electrotechnique-de-2e-annee-en-formation-chez-fanuc\/","og_locale":"fr_FR","og_type":"article","og_title":"L\u2019\u00e9quipe du BTS \u00e9lectrotechnique de 2e ann\u00e9e en formation chez FANUC - Lyc\u00e9e La Fayette","og_description":"Axel Enjolras, Brendan Maillard et Todisoa Marius Rakotosolofo, \u00e9tudiants en 2e ann\u00e9e de BTS \u00e9lectrotechnique, participent au concours organis\u00e9 par FANUC. Ils sont qualifi\u00e9s pour la finale. Mercredi 15 janvier, ils ont pass\u00e9 la journ\u00e9e, accompagn\u00e9s de leur enseignant M Brunet, chez FANUC \u00e0 Lisses afin d\u2019\u00eatre form\u00e9s sur la... lire la suite","og_url":"https:\/\/www.lyceelafayette.fr\/index.php\/2025\/01\/30\/lequipe-du-bts-electrotechnique-de-2e-annee-en-formation-chez-fanuc\/","og_site_name":"Lyc\u00e9e La Fayette","article_published_time":"2025-01-30T10:24:26+00:00","og_image":[{"url":"https:\/\/www.lyceelafayette.fr\/wp-content\/uploads\/2025\/01\/image-10.png","width":920,"height":691,"type":"image\/png"}],"author":"Alexandre Facchin","twitter_card":"summary_large_image","twitter_misc":{"\u00c9crit par":"Alexandre Facchin","Dur\u00e9e de lecture estim\u00e9e":"2 minutes"},"schema":{"@context":"https:\/\/schema.org","@graph":[{"@type":"Article","@id":"https:\/\/www.lyceelafayette.fr\/index.php\/2025\/01\/30\/lequipe-du-bts-electrotechnique-de-2e-annee-en-formation-chez-fanuc\/#article","isPartOf":{"@id":"https:\/\/www.lyceelafayette.fr\/index.php\/2025\/01\/30\/lequipe-du-bts-electrotechnique-de-2e-annee-en-formation-chez-fanuc\/"},"author":{"name":"Alexandre Facchin","@id":"https:\/\/www.lyceelafayette.fr\/#\/schema\/person\/ce6db8a1157d50329e1fd65f9a9b5df8"},"headline":"L\u2019\u00e9quipe du BTS \u00e9lectrotechnique de 2e ann\u00e9e en formation chez FANUC","datePublished":"2025-01-30T10:24:26+00:00","mainEntityOfPage":{"@id":"https:\/\/www.lyceelafayette.fr\/index.php\/2025\/01\/30\/lequipe-du-bts-electrotechnique-de-2e-annee-en-formation-chez-fanuc\/"},"wordCount":162,"publisher":{"@id":"https:\/\/www.lyceelafayette.fr\/#organization"},"image":{"@id":"https:\/\/www.lyceelafayette.fr\/index.php\/2025\/01\/30\/lequipe-du-bts-electrotechnique-de-2e-annee-en-formation-chez-fanuc\/#primaryimage"},"thumbnailUrl":"https:\/\/www.lyceelafayette.fr\/wp-content\/uploads\/2025\/01\/image-10.png","inLanguage":"fr-FR"},{"@type":"WebPage","@id":"https:\/\/www.lyceelafayette.fr\/index.php\/2025\/01\/30\/lequipe-du-bts-electrotechnique-de-2e-annee-en-formation-chez-fanuc\/","url":"https:\/\/www.lyceelafayette.fr\/index.php\/2025\/01\/30\/lequipe-du-bts-electrotechnique-de-2e-annee-en-formation-chez-fanuc\/","name":"L\u2019\u00e9quipe du BTS \u00e9lectrotechnique de 2e ann\u00e9e en formation chez FANUC - Lyc\u00e9e La Fayette","isPartOf":{"@id":"https:\/\/www.lyceelafayette.fr\/#website"},"primaryImageOfPage":{"@id":"https:\/\/www.lyceelafayette.fr\/index.php\/2025\/01\/30\/lequipe-du-bts-electrotechnique-de-2e-annee-en-formation-chez-fanuc\/#primaryimage"},"image":{"@id":"https:\/\/www.lyceelafayette.fr\/index.php\/2025\/01\/30\/lequipe-du-bts-electrotechnique-de-2e-annee-en-formation-chez-fanuc\/#primaryimage"},"thumbnailUrl":"https:\/\/www.lyceelafayette.fr\/wp-content\/uploads\/2025\/01\/image-10.png","datePublished":"2025-01-30T10:24:26+00:00","breadcrumb":{"@id":"https:\/\/www.lyceelafayette.fr\/index.php\/2025\/01\/30\/lequipe-du-bts-electrotechnique-de-2e-annee-en-formation-chez-fanuc\/#breadcrumb"},"inLanguage":"fr-FR","potentialAction":[{"@type":"ReadAction","target":["https:\/\/www.lyceelafayette.fr\/index.php\/2025\/01\/30\/lequipe-du-bts-electrotechnique-de-2e-annee-en-formation-chez-fanuc\/"]}]},{"@type":"ImageObject","inLanguage":"fr-FR","@id":"https:\/\/www.lyceelafayette.fr\/index.php\/2025\/01\/30\/lequipe-du-bts-electrotechnique-de-2e-annee-en-formation-chez-fanuc\/#primaryimage","url":"https:\/\/www.lyceelafayette.fr\/wp-content\/uploads\/2025\/01\/image-10.png","contentUrl":"https:\/\/www.lyceelafayette.fr\/wp-content\/uploads\/2025\/01\/image-10.png","width":3088,"height":2320},{"@type":"BreadcrumbList","@id":"https:\/\/www.lyceelafayette.fr\/index.php\/2025\/01\/30\/lequipe-du-bts-electrotechnique-de-2e-annee-en-formation-chez-fanuc\/#breadcrumb","itemListElement":[{"@type":"ListItem","position":1,"name":"Accueil","item":"https:\/\/www.lyceelafayette.fr\/"},{"@type":"ListItem","position":2,"name":"L\u2019\u00e9quipe du BTS \u00e9lectrotechnique de 2e ann\u00e9e en formation chez FANUC"}]},{"@type":"WebSite","@id":"https:\/\/www.lyceelafayette.fr\/#website","url":"https:\/\/www.lyceelafayette.fr\/","name":"Lyc\u00e9e La Fayette","description":"","publisher":{"@id":"https:\/\/www.lyceelafayette.fr\/#organization"},"potentialAction":[{"@type":"SearchAction","target":{"@type":"EntryPoint","urlTemplate":"https:\/\/www.lyceelafayette.fr\/?s={search_term_string}"},"query-input":{"@type":"PropertyValueSpecification","valueRequired":true,"valueName":"search_term_string"}}],"inLanguage":"fr-FR"},{"@type":"Organization","@id":"https:\/\/www.lyceelafayette.fr\/#organization","name":"Lyc\u00e9e La Fayette","url":"https:\/\/www.lyceelafayette.fr\/","logo":{"@type":"ImageObject","inLanguage":"fr-FR","@id":"https:\/\/www.lyceelafayette.fr\/#\/schema\/logo\/image\/","url":"https:\/\/www.lyceelafayette.fr\/wp-content\/uploads\/2019\/06\/llf_logo_alpha.png","contentUrl":"https:\/\/www.lyceelafayette.fr\/wp-content\/uploads\/2019\/06\/llf_logo_alpha.png","width":1583,"height":792,"caption":"Lyc\u00e9e La Fayette"},"image":{"@id":"https:\/\/www.lyceelafayette.fr\/#\/schema\/logo\/image\/"},"sameAs":["https:\/\/www.youtube.com\/channel\/UC2AOQowoMGBKdY4ToZsf9mw"]},{"@type":"Person","@id":"https:\/\/www.lyceelafayette.fr\/#\/schema\/person\/ce6db8a1157d50329e1fd65f9a9b5df8","name":"Alexandre Facchin","image":{"@type":"ImageObject","inLanguage":"fr-FR","@id":"https:\/\/secure.gravatar.com\/avatar\/c94ab2db74f6be2880cb92feeab1c3c9a55baee6dab0b6f9fbb80e1bc3336b7a?s=96&d=blank&r=g","url":"https:\/\/secure.gravatar.com\/avatar\/c94ab2db74f6be2880cb92feeab1c3c9a55baee6dab0b6f9fbb80e1bc3336b7a?s=96&d=blank&r=g","contentUrl":"https:\/\/secure.gravatar.com\/avatar\/c94ab2db74f6be2880cb92feeab1c3c9a55baee6dab0b6f9fbb80e1bc3336b7a?s=96&d=blank&r=g","caption":"Alexandre Facchin"},"url":"https:\/\/www.lyceelafayette.fr\/index.php\/author\/admin\/"}]}},"_links":{"self":[{"href":"https:\/\/www.lyceelafayette.fr\/index.php\/wp-json\/wp\/v2\/posts\/6957","targetHints":{"allow":["GET"]}}],"collection":[{"href":"https:\/\/www.lyceelafayette.fr\/index.php\/wp-json\/wp\/v2\/posts"}],"about":[{"href":"https:\/\/www.lyceelafayette.fr\/index.php\/wp-json\/wp\/v2\/types\/post"}],"author":[{"embeddable":true,"href":"https:\/\/www.lyceelafayette.fr\/index.php\/wp-json\/wp\/v2\/users\/8"}],"replies":[{"embeddable":true,"href":"https:\/\/www.lyceelafayette.fr\/index.php\/wp-json\/wp\/v2\/comments?post=6957"}],"version-history":[{"count":1,"href":"https:\/\/www.lyceelafayette.fr\/index.php\/wp-json\/wp\/v2\/posts\/6957\/revisions"}],"predecessor-version":[{"id":6963,"href":"https:\/\/www.lyceelafayette.fr\/index.php\/wp-json\/wp\/v2\/posts\/6957\/revisions\/6963"}],"wp:featuredmedia":[{"embeddable":true,"href":"https:\/\/www.lyceelafayette.fr\/index.php\/wp-json\/wp\/v2\/media\/6962"}],"wp:attachment":[{"href":"https:\/\/www.lyceelafayette.fr\/index.php\/wp-json\/wp\/v2\/media?parent=6957"}],"wp:term":[{"taxonomy":"category","embeddable":true,"href":"https:\/\/www.lyceelafayette.fr\/index.php\/wp-json\/wp\/v2\/categories?post=6957"},{"taxonomy":"post_tag","embeddable":true,"href":"https:\/\/www.lyceelafayette.fr\/index.php\/wp-json\/wp\/v2\/tags?post=6957"}],"curies":[{"name":"wp","href":"https:\/\/api.w.org\/{rel}","templated":true}]}}