{"id":6937,"date":"2025-01-10T08:07:42","date_gmt":"2025-01-10T07:07:42","guid":{"rendered":"https:\/\/www.lyceelafayette.fr\/?p=6937"},"modified":"2025-01-10T08:10:15","modified_gmt":"2025-01-10T07:10:15","slug":"forum-post-bac-fontainebleau","status":"publish","type":"post","link":"https:\/\/www.lyceelafayette.fr\/index.php\/2025\/01\/10\/forum-post-bac-fontainebleau\/","title":{"rendered":"FORUM POST-BAC Fontainebleau"},"content":{"rendered":"\n<figure class=\"wp-block-image size-full\"><img loading=\"lazy\" decoding=\"async\" width=\"830\" height=\"1174\" src=\"https:\/\/www.lyceelafayette.fr\/wp-content\/uploads\/2025\/01\/image-4.png\" alt=\"\" class=\"wp-image-6938\"\/><\/figure>\n\n\n\n<p>Le samedi 25 janvier 2025, de 9h \u00e0 13h, le campus de Fontainebleau accueillera le Forum Post-Bac. \u00c9tudiants et familles pourront d\u00e9couvrir les Classes Pr\u00e9paratoires aux Grandes \u00c9coles (CPGE), les \u00e9tudes de sant\u00e9, les formations en alternance, et les cl\u00e9s pour r\u00e9ussir \u00e0 l&rsquo;universit\u00e9. Une opportunit\u00e9 unique pour s&rsquo;informer sur les parcours d&rsquo;enseignement sup\u00e9rieur et pr\u00e9parer son avenir !<\/p>\n\n\n\n<p><strong>Lieu :<\/strong> Route Foresti\u00e8re Hurtaut, 77300 Fontainebleau.<\/p>\n\n\n\n<p><strong>Contact :<\/strong> <a>informations.iutsf@u-pec.fr<\/a><\/p>\n","protected":false},"excerpt":{"rendered":"<p>Le samedi 25 janvier 2025, de 9h \u00e0 13h, le campus de Fontainebleau accueillera le Forum Post-Bac. \u00c9tudiants et familles pourront d\u00e9couvrir les Classes Pr\u00e9paratoires aux Grandes \u00c9coles (CPGE), les \u00e9tudes de sant\u00e9, les formations en alternance, et les cl\u00e9s pour r\u00e9ussir \u00e0 l&rsquo;universit\u00e9. Une opportunit\u00e9 unique pour s&rsquo;informer sur&#8230; <a class=\"continue-reading-link\" href=\"https:\/\/www.lyceelafayette.fr\/index.php\/2025\/01\/10\/forum-post-bac-fontainebleau\/\">lire la suite<\/a><\/p>\n","protected":false},"author":8,"featured_media":6938,"comment_status":"closed","ping_status":"open","sticky":false,"template":"","format":"standard","meta":{"footnotes":""},"categories":[6,146,93,87,86],"tags":[],"class_list":["post-6937","post","type-post","status-publish","format-standard","has-post-thumbnail","hentry","category-bts","category-cpge","category-formations","category-forum-sud-77","category-jpo"],"yoast_head":"<!-- This site is optimized with the Yoast SEO plugin v27.5 - https:\/\/yoast.com\/product\/yoast-seo-wordpress\/ -->\n<title>FORUM POST-BAC Fontainebleau - Lyc\u00e9e La Fayette<\/title>\n<meta name=\"robots\" content=\"index, follow, max-snippet:-1, max-image-preview:large, max-video-preview:-1\" \/>\n<link rel=\"canonical\" href=\"https:\/\/www.lyceelafayette.fr\/index.php\/2025\/01\/10\/forum-post-bac-fontainebleau\/\" \/>\n<meta property=\"og:locale\" content=\"fr_FR\" \/>\n<meta property=\"og:type\" content=\"article\" \/>\n<meta property=\"og:title\" content=\"FORUM POST-BAC Fontainebleau - Lyc\u00e9e La Fayette\" \/>\n<meta property=\"og:description\" content=\"Le samedi 25 janvier 2025, de 9h \u00e0 13h, le campus de Fontainebleau accueillera le Forum Post-Bac. \u00c9tudiants et familles pourront d\u00e9couvrir les Classes Pr\u00e9paratoires aux Grandes \u00c9coles (CPGE), les \u00e9tudes de sant\u00e9, les formations en alternance, et les cl\u00e9s pour r\u00e9ussir \u00e0 l&rsquo;universit\u00e9. Une opportunit\u00e9 unique pour s&rsquo;informer sur... lire la suite\" \/>\n<meta property=\"og:url\" content=\"https:\/\/www.lyceelafayette.fr\/index.php\/2025\/01\/10\/forum-post-bac-fontainebleau\/\" \/>\n<meta property=\"og:site_name\" content=\"Lyc\u00e9e La Fayette\" \/>\n<meta property=\"article:published_time\" content=\"2025-01-10T07:07:42+00:00\" \/>\n<meta property=\"article:modified_time\" content=\"2025-01-10T07:10:15+00:00\" \/>\n<meta property=\"og:image\" content=\"https:\/\/www.lyceelafayette.fr\/wp-content\/uploads\/2025\/01\/image-4.png\" \/>\n\t<meta property=\"og:image:width\" content=\"830\" \/>\n\t<meta property=\"og:image:height\" content=\"1174\" \/>\n\t<meta property=\"og:image:type\" content=\"image\/png\" \/>\n<meta name=\"author\" content=\"Alexandre Facchin\" \/>\n<meta name=\"twitter:card\" content=\"summary_large_image\" \/>\n<meta name=\"twitter:label1\" content=\"\u00c9crit par\" \/>\n\t<meta name=\"twitter:data1\" content=\"Alexandre Facchin\" \/>\n\t<meta name=\"twitter:label2\" content=\"Dur\u00e9e de lecture estim\u00e9e\" \/>\n\t<meta name=\"twitter:data2\" content=\"1 minute\" \/>\n<script type=\"application\/ld+json\" class=\"yoast-schema-graph\">{\"@context\":\"https:\\\/\\\/schema.org\",\"@graph\":[{\"@type\":\"Article\",\"@id\":\"https:\\\/\\\/www.lyceelafayette.fr\\\/index.php\\\/2025\\\/01\\\/10\\\/forum-post-bac-fontainebleau\\\/#article\",\"isPartOf\":{\"@id\":\"https:\\\/\\\/www.lyceelafayette.fr\\\/index.php\\\/2025\\\/01\\\/10\\\/forum-post-bac-fontainebleau\\\/\"},\"author\":{\"name\":\"Alexandre Facchin\",\"@id\":\"https:\\\/\\\/www.lyceelafayette.fr\\\/#\\\/schema\\\/person\\\/ce6db8a1157d50329e1fd65f9a9b5df8\"},\"headline\":\"FORUM POST-BAC Fontainebleau\",\"datePublished\":\"2025-01-10T07:07:42+00:00\",\"dateModified\":\"2025-01-10T07:10:15+00:00\",\"mainEntityOfPage\":{\"@id\":\"https:\\\/\\\/www.lyceelafayette.fr\\\/index.php\\\/2025\\\/01\\\/10\\\/forum-post-bac-fontainebleau\\\/\"},\"wordCount\":77,\"publisher\":{\"@id\":\"https:\\\/\\\/www.lyceelafayette.fr\\\/#organization\"},\"image\":{\"@id\":\"https:\\\/\\\/www.lyceelafayette.fr\\\/index.php\\\/2025\\\/01\\\/10\\\/forum-post-bac-fontainebleau\\\/#primaryimage\"},\"thumbnailUrl\":\"https:\\\/\\\/www.lyceelafayette.fr\\\/wp-content\\\/uploads\\\/2025\\\/01\\\/image-4.png\",\"articleSection\":[\"BTS\",\"CPGE\",\"formations\",\"Forum sud 77\",\"JPO\"],\"inLanguage\":\"fr-FR\"},{\"@type\":\"WebPage\",\"@id\":\"https:\\\/\\\/www.lyceelafayette.fr\\\/index.php\\\/2025\\\/01\\\/10\\\/forum-post-bac-fontainebleau\\\/\",\"url\":\"https:\\\/\\\/www.lyceelafayette.fr\\\/index.php\\\/2025\\\/01\\\/10\\\/forum-post-bac-fontainebleau\\\/\",\"name\":\"FORUM POST-BAC Fontainebleau - Lyc\u00e9e La Fayette\",\"isPartOf\":{\"@id\":\"https:\\\/\\\/www.lyceelafayette.fr\\\/#website\"},\"primaryImageOfPage\":{\"@id\":\"https:\\\/\\\/www.lyceelafayette.fr\\\/index.php\\\/2025\\\/01\\\/10\\\/forum-post-bac-fontainebleau\\\/#primaryimage\"},\"image\":{\"@id\":\"https:\\\/\\\/www.lyceelafayette.fr\\\/index.php\\\/2025\\\/01\\\/10\\\/forum-post-bac-fontainebleau\\\/#primaryimage\"},\"thumbnailUrl\":\"https:\\\/\\\/www.lyceelafayette.fr\\\/wp-content\\\/uploads\\\/2025\\\/01\\\/image-4.png\",\"datePublished\":\"2025-01-10T07:07:42+00:00\",\"dateModified\":\"2025-01-10T07:10:15+00:00\",\"breadcrumb\":{\"@id\":\"https:\\\/\\\/www.lyceelafayette.fr\\\/index.php\\\/2025\\\/01\\\/10\\\/forum-post-bac-fontainebleau\\\/#breadcrumb\"},\"inLanguage\":\"fr-FR\",\"potentialAction\":[{\"@type\":\"ReadAction\",\"target\":[\"https:\\\/\\\/www.lyceelafayette.fr\\\/index.php\\\/2025\\\/01\\\/10\\\/forum-post-bac-fontainebleau\\\/\"]}]},{\"@type\":\"ImageObject\",\"inLanguage\":\"fr-FR\",\"@id\":\"https:\\\/\\\/www.lyceelafayette.fr\\\/index.php\\\/2025\\\/01\\\/10\\\/forum-post-bac-fontainebleau\\\/#primaryimage\",\"url\":\"https:\\\/\\\/www.lyceelafayette.fr\\\/wp-content\\\/uploads\\\/2025\\\/01\\\/image-4.png\",\"contentUrl\":\"https:\\\/\\\/www.lyceelafayette.fr\\\/wp-content\\\/uploads\\\/2025\\\/01\\\/image-4.png\",\"width\":830,\"height\":1174},{\"@type\":\"BreadcrumbList\",\"@id\":\"https:\\\/\\\/www.lyceelafayette.fr\\\/index.php\\\/2025\\\/01\\\/10\\\/forum-post-bac-fontainebleau\\\/#breadcrumb\",\"itemListElement\":[{\"@type\":\"ListItem\",\"position\":1,\"name\":\"Accueil\",\"item\":\"https:\\\/\\\/www.lyceelafayette.fr\\\/\"},{\"@type\":\"ListItem\",\"position\":2,\"name\":\"FORUM POST-BAC Fontainebleau\"}]},{\"@type\":\"WebSite\",\"@id\":\"https:\\\/\\\/www.lyceelafayette.fr\\\/#website\",\"url\":\"https:\\\/\\\/www.lyceelafayette.fr\\\/\",\"name\":\"Lyc\u00e9e La Fayette\",\"description\":\"\",\"publisher\":{\"@id\":\"https:\\\/\\\/www.lyceelafayette.fr\\\/#organization\"},\"potentialAction\":[{\"@type\":\"SearchAction\",\"target\":{\"@type\":\"EntryPoint\",\"urlTemplate\":\"https:\\\/\\\/www.lyceelafayette.fr\\\/?s={search_term_string}\"},\"query-input\":{\"@type\":\"PropertyValueSpecification\",\"valueRequired\":true,\"valueName\":\"search_term_string\"}}],\"inLanguage\":\"fr-FR\"},{\"@type\":\"Organization\",\"@id\":\"https:\\\/\\\/www.lyceelafayette.fr\\\/#organization\",\"name\":\"Lyc\u00e9e La Fayette\",\"url\":\"https:\\\/\\\/www.lyceelafayette.fr\\\/\",\"logo\":{\"@type\":\"ImageObject\",\"inLanguage\":\"fr-FR\",\"@id\":\"https:\\\/\\\/www.lyceelafayette.fr\\\/#\\\/schema\\\/logo\\\/image\\\/\",\"url\":\"https:\\\/\\\/www.lyceelafayette.fr\\\/wp-content\\\/uploads\\\/2019\\\/06\\\/llf_logo_alpha.png\",\"contentUrl\":\"https:\\\/\\\/www.lyceelafayette.fr\\\/wp-content\\\/uploads\\\/2019\\\/06\\\/llf_logo_alpha.png\",\"width\":1583,\"height\":792,\"caption\":\"Lyc\u00e9e La Fayette\"},\"image\":{\"@id\":\"https:\\\/\\\/www.lyceelafayette.fr\\\/#\\\/schema\\\/logo\\\/image\\\/\"},\"sameAs\":[\"https:\\\/\\\/www.youtube.com\\\/channel\\\/UC2AOQowoMGBKdY4ToZsf9mw\"]},{\"@type\":\"Person\",\"@id\":\"https:\\\/\\\/www.lyceelafayette.fr\\\/#\\\/schema\\\/person\\\/ce6db8a1157d50329e1fd65f9a9b5df8\",\"name\":\"Alexandre Facchin\",\"image\":{\"@type\":\"ImageObject\",\"inLanguage\":\"fr-FR\",\"@id\":\"https:\\\/\\\/secure.gravatar.com\\\/avatar\\\/c94ab2db74f6be2880cb92feeab1c3c9a55baee6dab0b6f9fbb80e1bc3336b7a?s=96&d=blank&r=g\",\"url\":\"https:\\\/\\\/secure.gravatar.com\\\/avatar\\\/c94ab2db74f6be2880cb92feeab1c3c9a55baee6dab0b6f9fbb80e1bc3336b7a?s=96&d=blank&r=g\",\"contentUrl\":\"https:\\\/\\\/secure.gravatar.com\\\/avatar\\\/c94ab2db74f6be2880cb92feeab1c3c9a55baee6dab0b6f9fbb80e1bc3336b7a?s=96&d=blank&r=g\",\"caption\":\"Alexandre Facchin\"},\"url\":\"https:\\\/\\\/www.lyceelafayette.fr\\\/index.php\\\/author\\\/admin\\\/\"}]}<\/script>\n<!-- \/ Yoast SEO plugin. -->","yoast_head_json":{"title":"FORUM POST-BAC Fontainebleau - Lyc\u00e9e La Fayette","robots":{"index":"index","follow":"follow","max-snippet":"max-snippet:-1","max-image-preview":"max-image-preview:large","max-video-preview":"max-video-preview:-1"},"canonical":"https:\/\/www.lyceelafayette.fr\/index.php\/2025\/01\/10\/forum-post-bac-fontainebleau\/","og_locale":"fr_FR","og_type":"article","og_title":"FORUM POST-BAC Fontainebleau - Lyc\u00e9e La Fayette","og_description":"Le samedi 25 janvier 2025, de 9h \u00e0 13h, le campus de Fontainebleau accueillera le Forum Post-Bac. \u00c9tudiants et familles pourront d\u00e9couvrir les Classes Pr\u00e9paratoires aux Grandes \u00c9coles (CPGE), les \u00e9tudes de sant\u00e9, les formations en alternance, et les cl\u00e9s pour r\u00e9ussir \u00e0 l&rsquo;universit\u00e9. Une opportunit\u00e9 unique pour s&rsquo;informer sur... lire la suite","og_url":"https:\/\/www.lyceelafayette.fr\/index.php\/2025\/01\/10\/forum-post-bac-fontainebleau\/","og_site_name":"Lyc\u00e9e La Fayette","article_published_time":"2025-01-10T07:07:42+00:00","article_modified_time":"2025-01-10T07:10:15+00:00","og_image":[{"width":830,"height":1174,"url":"https:\/\/www.lyceelafayette.fr\/wp-content\/uploads\/2025\/01\/image-4.png","type":"image\/png"}],"author":"Alexandre Facchin","twitter_card":"summary_large_image","twitter_misc":{"\u00c9crit par":"Alexandre Facchin","Dur\u00e9e de lecture estim\u00e9e":"1 minute"},"schema":{"@context":"https:\/\/schema.org","@graph":[{"@type":"Article","@id":"https:\/\/www.lyceelafayette.fr\/index.php\/2025\/01\/10\/forum-post-bac-fontainebleau\/#article","isPartOf":{"@id":"https:\/\/www.lyceelafayette.fr\/index.php\/2025\/01\/10\/forum-post-bac-fontainebleau\/"},"author":{"name":"Alexandre Facchin","@id":"https:\/\/www.lyceelafayette.fr\/#\/schema\/person\/ce6db8a1157d50329e1fd65f9a9b5df8"},"headline":"FORUM POST-BAC Fontainebleau","datePublished":"2025-01-10T07:07:42+00:00","dateModified":"2025-01-10T07:10:15+00:00","mainEntityOfPage":{"@id":"https:\/\/www.lyceelafayette.fr\/index.php\/2025\/01\/10\/forum-post-bac-fontainebleau\/"},"wordCount":77,"publisher":{"@id":"https:\/\/www.lyceelafayette.fr\/#organization"},"image":{"@id":"https:\/\/www.lyceelafayette.fr\/index.php\/2025\/01\/10\/forum-post-bac-fontainebleau\/#primaryimage"},"thumbnailUrl":"https:\/\/www.lyceelafayette.fr\/wp-content\/uploads\/2025\/01\/image-4.png","articleSection":["BTS","CPGE","formations","Forum sud 77","JPO"],"inLanguage":"fr-FR"},{"@type":"WebPage","@id":"https:\/\/www.lyceelafayette.fr\/index.php\/2025\/01\/10\/forum-post-bac-fontainebleau\/","url":"https:\/\/www.lyceelafayette.fr\/index.php\/2025\/01\/10\/forum-post-bac-fontainebleau\/","name":"FORUM POST-BAC Fontainebleau - Lyc\u00e9e La Fayette","isPartOf":{"@id":"https:\/\/www.lyceelafayette.fr\/#website"},"primaryImageOfPage":{"@id":"https:\/\/www.lyceelafayette.fr\/index.php\/2025\/01\/10\/forum-post-bac-fontainebleau\/#primaryimage"},"image":{"@id":"https:\/\/www.lyceelafayette.fr\/index.php\/2025\/01\/10\/forum-post-bac-fontainebleau\/#primaryimage"},"thumbnailUrl":"https:\/\/www.lyceelafayette.fr\/wp-content\/uploads\/2025\/01\/image-4.png","datePublished":"2025-01-10T07:07:42+00:00","dateModified":"2025-01-10T07:10:15+00:00","breadcrumb":{"@id":"https:\/\/www.lyceelafayette.fr\/index.php\/2025\/01\/10\/forum-post-bac-fontainebleau\/#breadcrumb"},"inLanguage":"fr-FR","potentialAction":[{"@type":"ReadAction","target":["https:\/\/www.lyceelafayette.fr\/index.php\/2025\/01\/10\/forum-post-bac-fontainebleau\/"]}]},{"@type":"ImageObject","inLanguage":"fr-FR","@id":"https:\/\/www.lyceelafayette.fr\/index.php\/2025\/01\/10\/forum-post-bac-fontainebleau\/#primaryimage","url":"https:\/\/www.lyceelafayette.fr\/wp-content\/uploads\/2025\/01\/image-4.png","contentUrl":"https:\/\/www.lyceelafayette.fr\/wp-content\/uploads\/2025\/01\/image-4.png","width":830,"height":1174},{"@type":"BreadcrumbList","@id":"https:\/\/www.lyceelafayette.fr\/index.php\/2025\/01\/10\/forum-post-bac-fontainebleau\/#breadcrumb","itemListElement":[{"@type":"ListItem","position":1,"name":"Accueil","item":"https:\/\/www.lyceelafayette.fr\/"},{"@type":"ListItem","position":2,"name":"FORUM POST-BAC Fontainebleau"}]},{"@type":"WebSite","@id":"https:\/\/www.lyceelafayette.fr\/#website","url":"https:\/\/www.lyceelafayette.fr\/","name":"Lyc\u00e9e La Fayette","description":"","publisher":{"@id":"https:\/\/www.lyceelafayette.fr\/#organization"},"potentialAction":[{"@type":"SearchAction","target":{"@type":"EntryPoint","urlTemplate":"https:\/\/www.lyceelafayette.fr\/?s={search_term_string}"},"query-input":{"@type":"PropertyValueSpecification","valueRequired":true,"valueName":"search_term_string"}}],"inLanguage":"fr-FR"},{"@type":"Organization","@id":"https:\/\/www.lyceelafayette.fr\/#organization","name":"Lyc\u00e9e La Fayette","url":"https:\/\/www.lyceelafayette.fr\/","logo":{"@type":"ImageObject","inLanguage":"fr-FR","@id":"https:\/\/www.lyceelafayette.fr\/#\/schema\/logo\/image\/","url":"https:\/\/www.lyceelafayette.fr\/wp-content\/uploads\/2019\/06\/llf_logo_alpha.png","contentUrl":"https:\/\/www.lyceelafayette.fr\/wp-content\/uploads\/2019\/06\/llf_logo_alpha.png","width":1583,"height":792,"caption":"Lyc\u00e9e La Fayette"},"image":{"@id":"https:\/\/www.lyceelafayette.fr\/#\/schema\/logo\/image\/"},"sameAs":["https:\/\/www.youtube.com\/channel\/UC2AOQowoMGBKdY4ToZsf9mw"]},{"@type":"Person","@id":"https:\/\/www.lyceelafayette.fr\/#\/schema\/person\/ce6db8a1157d50329e1fd65f9a9b5df8","name":"Alexandre Facchin","image":{"@type":"ImageObject","inLanguage":"fr-FR","@id":"https:\/\/secure.gravatar.com\/avatar\/c94ab2db74f6be2880cb92feeab1c3c9a55baee6dab0b6f9fbb80e1bc3336b7a?s=96&d=blank&r=g","url":"https:\/\/secure.gravatar.com\/avatar\/c94ab2db74f6be2880cb92feeab1c3c9a55baee6dab0b6f9fbb80e1bc3336b7a?s=96&d=blank&r=g","contentUrl":"https:\/\/secure.gravatar.com\/avatar\/c94ab2db74f6be2880cb92feeab1c3c9a55baee6dab0b6f9fbb80e1bc3336b7a?s=96&d=blank&r=g","caption":"Alexandre Facchin"},"url":"https:\/\/www.lyceelafayette.fr\/index.php\/author\/admin\/"}]}},"_links":{"self":[{"href":"https:\/\/www.lyceelafayette.fr\/index.php\/wp-json\/wp\/v2\/posts\/6937","targetHints":{"allow":["GET"]}}],"collection":[{"href":"https:\/\/www.lyceelafayette.fr\/index.php\/wp-json\/wp\/v2\/posts"}],"about":[{"href":"https:\/\/www.lyceelafayette.fr\/index.php\/wp-json\/wp\/v2\/types\/post"}],"author":[{"embeddable":true,"href":"https:\/\/www.lyceelafayette.fr\/index.php\/wp-json\/wp\/v2\/users\/8"}],"replies":[{"embeddable":true,"href":"https:\/\/www.lyceelafayette.fr\/index.php\/wp-json\/wp\/v2\/comments?post=6937"}],"version-history":[{"count":2,"href":"https:\/\/www.lyceelafayette.fr\/index.php\/wp-json\/wp\/v2\/posts\/6937\/revisions"}],"predecessor-version":[{"id":6940,"href":"https:\/\/www.lyceelafayette.fr\/index.php\/wp-json\/wp\/v2\/posts\/6937\/revisions\/6940"}],"wp:featuredmedia":[{"embeddable":true,"href":"https:\/\/www.lyceelafayette.fr\/index.php\/wp-json\/wp\/v2\/media\/6938"}],"wp:attachment":[{"href":"https:\/\/www.lyceelafayette.fr\/index.php\/wp-json\/wp\/v2\/media?parent=6937"}],"wp:term":[{"taxonomy":"category","embeddable":true,"href":"https:\/\/www.lyceelafayette.fr\/index.php\/wp-json\/wp\/v2\/categories?post=6937"},{"taxonomy":"post_tag","embeddable":true,"href":"https:\/\/www.lyceelafayette.fr\/index.php\/wp-json\/wp\/v2\/tags?post=6937"}],"curies":[{"name":"wp","href":"https:\/\/api.w.org\/{rel}","templated":true}]}}