{"id":6817,"date":"2024-10-11T09:05:14","date_gmt":"2024-10-11T07:05:14","guid":{"rendered":"https:\/\/www.lyceelafayette.fr\/?p=6817"},"modified":"2024-10-11T09:05:15","modified_gmt":"2024-10-11T07:05:15","slug":"visite-de-canasuc","status":"publish","type":"post","link":"https:\/\/www.lyceelafayette.fr\/index.php\/2024\/10\/11\/visite-de-canasuc\/","title":{"rendered":"Visite de CANASUC"},"content":{"rendered":"\n<p>Mercredi 9 octobre, les \u00e9l\u00e8ves de 3\u00e8me A ont eu la chance de se rendre \u00e0 Ury pour y d\u00e9couvrir l\u2019usine de Canasuc, o\u00f9 sont confectionn\u00e9s des sucres moul\u00e9s destin\u00e9s au march\u00e9 du luxe.<\/p>\n\n\n\n<p>Au cours de la visite, ils ont pu \u00e9changer avec Mme Eva Beschemin, la responsable, qui leur a pr\u00e9sent\u00e9 l\u2019entreprise, son historique et ses clients. Ils ont \u00e9galement pu l\u2019interroger sur son parcours professionnel et sur le processus d\u2019achat d\u2019une entreprise.<\/p>\n\n\n\n<figure class=\"wp-block-gallery has-nested-images columns-default is-cropped wp-block-gallery-1 is-layout-flex wp-block-gallery-is-layout-flex\">\n<figure class=\"wp-block-image size-large\"><img loading=\"lazy\" decoding=\"async\" width=\"1500\" height=\"1125\" data-id=\"6818\" src=\"https:\/\/www.lyceelafayette.fr\/wp-content\/uploads\/2024\/10\/IMG_2009.jpeg\" alt=\"\" class=\"wp-image-6818\"\/><\/figure>\n\n\n\n<figure class=\"wp-block-image size-large\"><img loading=\"lazy\" decoding=\"async\" width=\"1500\" height=\"1125\" data-id=\"6820\" src=\"https:\/\/www.lyceelafayette.fr\/wp-content\/uploads\/2024\/10\/IMG_2010.jpeg\" alt=\"\" class=\"wp-image-6820\"\/><\/figure>\n\n\n\n<figure class=\"wp-block-image size-large\"><img loading=\"lazy\" decoding=\"async\" width=\"1500\" height=\"1125\" data-id=\"6821\" src=\"https:\/\/www.lyceelafayette.fr\/wp-content\/uploads\/2024\/10\/IMG_2011.jpeg\" alt=\"\" class=\"wp-image-6821\"\/><\/figure>\n\n\n\n<figure class=\"wp-block-image size-large\"><img loading=\"lazy\" decoding=\"async\" width=\"1500\" height=\"1125\" data-id=\"6819\" src=\"https:\/\/www.lyceelafayette.fr\/wp-content\/uploads\/2024\/10\/IMG_2012.jpeg\" alt=\"\" class=\"wp-image-6819\"\/><\/figure>\n<\/figure>\n\n\n\n<p>Apr\u00e8s la visite des bureaux, les \u00e9l\u00e8ves ont pu descendre dans l\u2019atelier de production, o\u00f9 ils ont observ\u00e9 les diff\u00e9rentes \u00e9tapes de la fabrication du sucre. Ils ont ainsi pu voir comment se d\u00e9roulaient le moulage, le s\u00e9chage, le contr\u00f4le qualit\u00e9, l\u2019emballage et l\u2019exp\u00e9dition des sucres.<\/p>\n\n\n\n<p>Les plus courageux ont pu s\u2019essayer au moulage du sucre et constater que c\u2019est un travail tr\u00e8s physique !<\/p>\n\n\n\n<p>Enfin, pour clore la visite, Mme Beschemin a invit\u00e9 les \u00e9l\u00e8ves \u00e0 r\u00e9fl\u00e9chir \u00ab au sucre de demain \u00bb en inventant sa forme, son nom, son slogan, et la campagne publicitaire qui accompagnerait son lancement.<\/p>\n","protected":false},"excerpt":{"rendered":"<p>Mercredi 9 octobre, les \u00e9l\u00e8ves de 3\u00e8me A ont eu la chance de se rendre \u00e0 Ury pour y d\u00e9couvrir l\u2019usine de Canasuc, o\u00f9 sont confectionn\u00e9s des sucres moul\u00e9s destin\u00e9s au march\u00e9 du luxe. Au cours de la visite, ils ont pu \u00e9changer avec Mme Eva Beschemin, la responsable, qui&#8230; <a class=\"continue-reading-link\" href=\"https:\/\/www.lyceelafayette.fr\/index.php\/2024\/10\/11\/visite-de-canasuc\/\">lire la suite<\/a><\/p>\n","protected":false},"author":8,"featured_media":6818,"comment_status":"closed","ping_status":"open","sticky":false,"template":"","format":"standard","meta":{"footnotes":""},"categories":[1],"tags":[],"class_list":["post-6817","post","type-post","status-publish","format-standard","has-post-thumbnail","hentry","category-non-classe"],"yoast_head":"<!-- This site is optimized with the Yoast SEO plugin v27.5 - https:\/\/yoast.com\/product\/yoast-seo-wordpress\/ -->\n<title>Visite de CANASUC - Lyc\u00e9e La Fayette<\/title>\n<meta name=\"robots\" content=\"index, follow, max-snippet:-1, max-image-preview:large, max-video-preview:-1\" \/>\n<link rel=\"canonical\" href=\"https:\/\/www.lyceelafayette.fr\/index.php\/2024\/10\/11\/visite-de-canasuc\/\" \/>\n<meta property=\"og:locale\" content=\"fr_FR\" \/>\n<meta property=\"og:type\" content=\"article\" \/>\n<meta property=\"og:title\" content=\"Visite de CANASUC - Lyc\u00e9e La Fayette\" \/>\n<meta property=\"og:description\" content=\"Mercredi 9 octobre, les \u00e9l\u00e8ves de 3\u00e8me A ont eu la chance de se rendre \u00e0 Ury pour y d\u00e9couvrir l\u2019usine de Canasuc, o\u00f9 sont confectionn\u00e9s des sucres moul\u00e9s destin\u00e9s au march\u00e9 du luxe. Au cours de la visite, ils ont pu \u00e9changer avec Mme Eva Beschemin, la responsable, qui... lire la suite\" \/>\n<meta property=\"og:url\" content=\"https:\/\/www.lyceelafayette.fr\/index.php\/2024\/10\/11\/visite-de-canasuc\/\" \/>\n<meta property=\"og:site_name\" content=\"Lyc\u00e9e La Fayette\" \/>\n<meta property=\"article:published_time\" content=\"2024-10-11T07:05:14+00:00\" \/>\n<meta property=\"article:modified_time\" content=\"2024-10-11T07:05:15+00:00\" \/>\n<meta property=\"og:image\" content=\"https:\/\/www.lyceelafayette.fr\/wp-content\/uploads\/2024\/10\/IMG_2009.jpeg\" \/>\n\t<meta property=\"og:image:width\" content=\"1500\" \/>\n\t<meta property=\"og:image:height\" content=\"1125\" \/>\n\t<meta property=\"og:image:type\" content=\"image\/jpeg\" \/>\n<meta name=\"author\" content=\"Alexandre Facchin\" \/>\n<meta name=\"twitter:card\" content=\"summary_large_image\" \/>\n<meta name=\"twitter:label1\" content=\"\u00c9crit par\" \/>\n\t<meta name=\"twitter:data1\" content=\"Alexandre Facchin\" \/>\n\t<meta name=\"twitter:label2\" content=\"Dur\u00e9e de lecture estim\u00e9e\" \/>\n\t<meta name=\"twitter:data2\" content=\"2 minutes\" \/>\n<script type=\"application\/ld+json\" class=\"yoast-schema-graph\">{\"@context\":\"https:\\\/\\\/schema.org\",\"@graph\":[{\"@type\":\"Article\",\"@id\":\"https:\\\/\\\/www.lyceelafayette.fr\\\/index.php\\\/2024\\\/10\\\/11\\\/visite-de-canasuc\\\/#article\",\"isPartOf\":{\"@id\":\"https:\\\/\\\/www.lyceelafayette.fr\\\/index.php\\\/2024\\\/10\\\/11\\\/visite-de-canasuc\\\/\"},\"author\":{\"name\":\"Alexandre Facchin\",\"@id\":\"https:\\\/\\\/www.lyceelafayette.fr\\\/#\\\/schema\\\/person\\\/ce6db8a1157d50329e1fd65f9a9b5df8\"},\"headline\":\"Visite de CANASUC\",\"datePublished\":\"2024-10-11T07:05:14+00:00\",\"dateModified\":\"2024-10-11T07:05:15+00:00\",\"mainEntityOfPage\":{\"@id\":\"https:\\\/\\\/www.lyceelafayette.fr\\\/index.php\\\/2024\\\/10\\\/11\\\/visite-de-canasuc\\\/\"},\"wordCount\":199,\"publisher\":{\"@id\":\"https:\\\/\\\/www.lyceelafayette.fr\\\/#organization\"},\"image\":{\"@id\":\"https:\\\/\\\/www.lyceelafayette.fr\\\/index.php\\\/2024\\\/10\\\/11\\\/visite-de-canasuc\\\/#primaryimage\"},\"thumbnailUrl\":\"https:\\\/\\\/www.lyceelafayette.fr\\\/wp-content\\\/uploads\\\/2024\\\/10\\\/IMG_2009.jpeg\",\"inLanguage\":\"fr-FR\"},{\"@type\":\"WebPage\",\"@id\":\"https:\\\/\\\/www.lyceelafayette.fr\\\/index.php\\\/2024\\\/10\\\/11\\\/visite-de-canasuc\\\/\",\"url\":\"https:\\\/\\\/www.lyceelafayette.fr\\\/index.php\\\/2024\\\/10\\\/11\\\/visite-de-canasuc\\\/\",\"name\":\"Visite de CANASUC - Lyc\u00e9e La Fayette\",\"isPartOf\":{\"@id\":\"https:\\\/\\\/www.lyceelafayette.fr\\\/#website\"},\"primaryImageOfPage\":{\"@id\":\"https:\\\/\\\/www.lyceelafayette.fr\\\/index.php\\\/2024\\\/10\\\/11\\\/visite-de-canasuc\\\/#primaryimage\"},\"image\":{\"@id\":\"https:\\\/\\\/www.lyceelafayette.fr\\\/index.php\\\/2024\\\/10\\\/11\\\/visite-de-canasuc\\\/#primaryimage\"},\"thumbnailUrl\":\"https:\\\/\\\/www.lyceelafayette.fr\\\/wp-content\\\/uploads\\\/2024\\\/10\\\/IMG_2009.jpeg\",\"datePublished\":\"2024-10-11T07:05:14+00:00\",\"dateModified\":\"2024-10-11T07:05:15+00:00\",\"breadcrumb\":{\"@id\":\"https:\\\/\\\/www.lyceelafayette.fr\\\/index.php\\\/2024\\\/10\\\/11\\\/visite-de-canasuc\\\/#breadcrumb\"},\"inLanguage\":\"fr-FR\",\"potentialAction\":[{\"@type\":\"ReadAction\",\"target\":[\"https:\\\/\\\/www.lyceelafayette.fr\\\/index.php\\\/2024\\\/10\\\/11\\\/visite-de-canasuc\\\/\"]}]},{\"@type\":\"ImageObject\",\"inLanguage\":\"fr-FR\",\"@id\":\"https:\\\/\\\/www.lyceelafayette.fr\\\/index.php\\\/2024\\\/10\\\/11\\\/visite-de-canasuc\\\/#primaryimage\",\"url\":\"https:\\\/\\\/www.lyceelafayette.fr\\\/wp-content\\\/uploads\\\/2024\\\/10\\\/IMG_2009.jpeg\",\"contentUrl\":\"https:\\\/\\\/www.lyceelafayette.fr\\\/wp-content\\\/uploads\\\/2024\\\/10\\\/IMG_2009.jpeg\",\"width\":1500,\"height\":1125},{\"@type\":\"BreadcrumbList\",\"@id\":\"https:\\\/\\\/www.lyceelafayette.fr\\\/index.php\\\/2024\\\/10\\\/11\\\/visite-de-canasuc\\\/#breadcrumb\",\"itemListElement\":[{\"@type\":\"ListItem\",\"position\":1,\"name\":\"Accueil\",\"item\":\"https:\\\/\\\/www.lyceelafayette.fr\\\/\"},{\"@type\":\"ListItem\",\"position\":2,\"name\":\"Visite de CANASUC\"}]},{\"@type\":\"WebSite\",\"@id\":\"https:\\\/\\\/www.lyceelafayette.fr\\\/#website\",\"url\":\"https:\\\/\\\/www.lyceelafayette.fr\\\/\",\"name\":\"Lyc\u00e9e La Fayette\",\"description\":\"\",\"publisher\":{\"@id\":\"https:\\\/\\\/www.lyceelafayette.fr\\\/#organization\"},\"potentialAction\":[{\"@type\":\"SearchAction\",\"target\":{\"@type\":\"EntryPoint\",\"urlTemplate\":\"https:\\\/\\\/www.lyceelafayette.fr\\\/?s={search_term_string}\"},\"query-input\":{\"@type\":\"PropertyValueSpecification\",\"valueRequired\":true,\"valueName\":\"search_term_string\"}}],\"inLanguage\":\"fr-FR\"},{\"@type\":\"Organization\",\"@id\":\"https:\\\/\\\/www.lyceelafayette.fr\\\/#organization\",\"name\":\"Lyc\u00e9e La Fayette\",\"url\":\"https:\\\/\\\/www.lyceelafayette.fr\\\/\",\"logo\":{\"@type\":\"ImageObject\",\"inLanguage\":\"fr-FR\",\"@id\":\"https:\\\/\\\/www.lyceelafayette.fr\\\/#\\\/schema\\\/logo\\\/image\\\/\",\"url\":\"https:\\\/\\\/www.lyceelafayette.fr\\\/wp-content\\\/uploads\\\/2019\\\/06\\\/llf_logo_alpha.png\",\"contentUrl\":\"https:\\\/\\\/www.lyceelafayette.fr\\\/wp-content\\\/uploads\\\/2019\\\/06\\\/llf_logo_alpha.png\",\"width\":1583,\"height\":792,\"caption\":\"Lyc\u00e9e La Fayette\"},\"image\":{\"@id\":\"https:\\\/\\\/www.lyceelafayette.fr\\\/#\\\/schema\\\/logo\\\/image\\\/\"},\"sameAs\":[\"https:\\\/\\\/www.youtube.com\\\/channel\\\/UC2AOQowoMGBKdY4ToZsf9mw\"]},{\"@type\":\"Person\",\"@id\":\"https:\\\/\\\/www.lyceelafayette.fr\\\/#\\\/schema\\\/person\\\/ce6db8a1157d50329e1fd65f9a9b5df8\",\"name\":\"Alexandre Facchin\",\"image\":{\"@type\":\"ImageObject\",\"inLanguage\":\"fr-FR\",\"@id\":\"https:\\\/\\\/secure.gravatar.com\\\/avatar\\\/c94ab2db74f6be2880cb92feeab1c3c9a55baee6dab0b6f9fbb80e1bc3336b7a?s=96&d=blank&r=g\",\"url\":\"https:\\\/\\\/secure.gravatar.com\\\/avatar\\\/c94ab2db74f6be2880cb92feeab1c3c9a55baee6dab0b6f9fbb80e1bc3336b7a?s=96&d=blank&r=g\",\"contentUrl\":\"https:\\\/\\\/secure.gravatar.com\\\/avatar\\\/c94ab2db74f6be2880cb92feeab1c3c9a55baee6dab0b6f9fbb80e1bc3336b7a?s=96&d=blank&r=g\",\"caption\":\"Alexandre Facchin\"},\"url\":\"https:\\\/\\\/www.lyceelafayette.fr\\\/index.php\\\/author\\\/admin\\\/\"}]}<\/script>\n<!-- \/ Yoast SEO plugin. -->","yoast_head_json":{"title":"Visite de CANASUC - Lyc\u00e9e La Fayette","robots":{"index":"index","follow":"follow","max-snippet":"max-snippet:-1","max-image-preview":"max-image-preview:large","max-video-preview":"max-video-preview:-1"},"canonical":"https:\/\/www.lyceelafayette.fr\/index.php\/2024\/10\/11\/visite-de-canasuc\/","og_locale":"fr_FR","og_type":"article","og_title":"Visite de CANASUC - Lyc\u00e9e La Fayette","og_description":"Mercredi 9 octobre, les \u00e9l\u00e8ves de 3\u00e8me A ont eu la chance de se rendre \u00e0 Ury pour y d\u00e9couvrir l\u2019usine de Canasuc, o\u00f9 sont confectionn\u00e9s des sucres moul\u00e9s destin\u00e9s au march\u00e9 du luxe. Au cours de la visite, ils ont pu \u00e9changer avec Mme Eva Beschemin, la responsable, qui... lire la suite","og_url":"https:\/\/www.lyceelafayette.fr\/index.php\/2024\/10\/11\/visite-de-canasuc\/","og_site_name":"Lyc\u00e9e La Fayette","article_published_time":"2024-10-11T07:05:14+00:00","article_modified_time":"2024-10-11T07:05:15+00:00","og_image":[{"width":1500,"height":1125,"url":"https:\/\/www.lyceelafayette.fr\/wp-content\/uploads\/2024\/10\/IMG_2009.jpeg","type":"image\/jpeg"}],"author":"Alexandre Facchin","twitter_card":"summary_large_image","twitter_misc":{"\u00c9crit par":"Alexandre Facchin","Dur\u00e9e de lecture estim\u00e9e":"2 minutes"},"schema":{"@context":"https:\/\/schema.org","@graph":[{"@type":"Article","@id":"https:\/\/www.lyceelafayette.fr\/index.php\/2024\/10\/11\/visite-de-canasuc\/#article","isPartOf":{"@id":"https:\/\/www.lyceelafayette.fr\/index.php\/2024\/10\/11\/visite-de-canasuc\/"},"author":{"name":"Alexandre Facchin","@id":"https:\/\/www.lyceelafayette.fr\/#\/schema\/person\/ce6db8a1157d50329e1fd65f9a9b5df8"},"headline":"Visite de CANASUC","datePublished":"2024-10-11T07:05:14+00:00","dateModified":"2024-10-11T07:05:15+00:00","mainEntityOfPage":{"@id":"https:\/\/www.lyceelafayette.fr\/index.php\/2024\/10\/11\/visite-de-canasuc\/"},"wordCount":199,"publisher":{"@id":"https:\/\/www.lyceelafayette.fr\/#organization"},"image":{"@id":"https:\/\/www.lyceelafayette.fr\/index.php\/2024\/10\/11\/visite-de-canasuc\/#primaryimage"},"thumbnailUrl":"https:\/\/www.lyceelafayette.fr\/wp-content\/uploads\/2024\/10\/IMG_2009.jpeg","inLanguage":"fr-FR"},{"@type":"WebPage","@id":"https:\/\/www.lyceelafayette.fr\/index.php\/2024\/10\/11\/visite-de-canasuc\/","url":"https:\/\/www.lyceelafayette.fr\/index.php\/2024\/10\/11\/visite-de-canasuc\/","name":"Visite de CANASUC - Lyc\u00e9e La Fayette","isPartOf":{"@id":"https:\/\/www.lyceelafayette.fr\/#website"},"primaryImageOfPage":{"@id":"https:\/\/www.lyceelafayette.fr\/index.php\/2024\/10\/11\/visite-de-canasuc\/#primaryimage"},"image":{"@id":"https:\/\/www.lyceelafayette.fr\/index.php\/2024\/10\/11\/visite-de-canasuc\/#primaryimage"},"thumbnailUrl":"https:\/\/www.lyceelafayette.fr\/wp-content\/uploads\/2024\/10\/IMG_2009.jpeg","datePublished":"2024-10-11T07:05:14+00:00","dateModified":"2024-10-11T07:05:15+00:00","breadcrumb":{"@id":"https:\/\/www.lyceelafayette.fr\/index.php\/2024\/10\/11\/visite-de-canasuc\/#breadcrumb"},"inLanguage":"fr-FR","potentialAction":[{"@type":"ReadAction","target":["https:\/\/www.lyceelafayette.fr\/index.php\/2024\/10\/11\/visite-de-canasuc\/"]}]},{"@type":"ImageObject","inLanguage":"fr-FR","@id":"https:\/\/www.lyceelafayette.fr\/index.php\/2024\/10\/11\/visite-de-canasuc\/#primaryimage","url":"https:\/\/www.lyceelafayette.fr\/wp-content\/uploads\/2024\/10\/IMG_2009.jpeg","contentUrl":"https:\/\/www.lyceelafayette.fr\/wp-content\/uploads\/2024\/10\/IMG_2009.jpeg","width":1500,"height":1125},{"@type":"BreadcrumbList","@id":"https:\/\/www.lyceelafayette.fr\/index.php\/2024\/10\/11\/visite-de-canasuc\/#breadcrumb","itemListElement":[{"@type":"ListItem","position":1,"name":"Accueil","item":"https:\/\/www.lyceelafayette.fr\/"},{"@type":"ListItem","position":2,"name":"Visite de CANASUC"}]},{"@type":"WebSite","@id":"https:\/\/www.lyceelafayette.fr\/#website","url":"https:\/\/www.lyceelafayette.fr\/","name":"Lyc\u00e9e La Fayette","description":"","publisher":{"@id":"https:\/\/www.lyceelafayette.fr\/#organization"},"potentialAction":[{"@type":"SearchAction","target":{"@type":"EntryPoint","urlTemplate":"https:\/\/www.lyceelafayette.fr\/?s={search_term_string}"},"query-input":{"@type":"PropertyValueSpecification","valueRequired":true,"valueName":"search_term_string"}}],"inLanguage":"fr-FR"},{"@type":"Organization","@id":"https:\/\/www.lyceelafayette.fr\/#organization","name":"Lyc\u00e9e La Fayette","url":"https:\/\/www.lyceelafayette.fr\/","logo":{"@type":"ImageObject","inLanguage":"fr-FR","@id":"https:\/\/www.lyceelafayette.fr\/#\/schema\/logo\/image\/","url":"https:\/\/www.lyceelafayette.fr\/wp-content\/uploads\/2019\/06\/llf_logo_alpha.png","contentUrl":"https:\/\/www.lyceelafayette.fr\/wp-content\/uploads\/2019\/06\/llf_logo_alpha.png","width":1583,"height":792,"caption":"Lyc\u00e9e La Fayette"},"image":{"@id":"https:\/\/www.lyceelafayette.fr\/#\/schema\/logo\/image\/"},"sameAs":["https:\/\/www.youtube.com\/channel\/UC2AOQowoMGBKdY4ToZsf9mw"]},{"@type":"Person","@id":"https:\/\/www.lyceelafayette.fr\/#\/schema\/person\/ce6db8a1157d50329e1fd65f9a9b5df8","name":"Alexandre Facchin","image":{"@type":"ImageObject","inLanguage":"fr-FR","@id":"https:\/\/secure.gravatar.com\/avatar\/c94ab2db74f6be2880cb92feeab1c3c9a55baee6dab0b6f9fbb80e1bc3336b7a?s=96&d=blank&r=g","url":"https:\/\/secure.gravatar.com\/avatar\/c94ab2db74f6be2880cb92feeab1c3c9a55baee6dab0b6f9fbb80e1bc3336b7a?s=96&d=blank&r=g","contentUrl":"https:\/\/secure.gravatar.com\/avatar\/c94ab2db74f6be2880cb92feeab1c3c9a55baee6dab0b6f9fbb80e1bc3336b7a?s=96&d=blank&r=g","caption":"Alexandre Facchin"},"url":"https:\/\/www.lyceelafayette.fr\/index.php\/author\/admin\/"}]}},"_links":{"self":[{"href":"https:\/\/www.lyceelafayette.fr\/index.php\/wp-json\/wp\/v2\/posts\/6817","targetHints":{"allow":["GET"]}}],"collection":[{"href":"https:\/\/www.lyceelafayette.fr\/index.php\/wp-json\/wp\/v2\/posts"}],"about":[{"href":"https:\/\/www.lyceelafayette.fr\/index.php\/wp-json\/wp\/v2\/types\/post"}],"author":[{"embeddable":true,"href":"https:\/\/www.lyceelafayette.fr\/index.php\/wp-json\/wp\/v2\/users\/8"}],"replies":[{"embeddable":true,"href":"https:\/\/www.lyceelafayette.fr\/index.php\/wp-json\/wp\/v2\/comments?post=6817"}],"version-history":[{"count":1,"href":"https:\/\/www.lyceelafayette.fr\/index.php\/wp-json\/wp\/v2\/posts\/6817\/revisions"}],"predecessor-version":[{"id":6822,"href":"https:\/\/www.lyceelafayette.fr\/index.php\/wp-json\/wp\/v2\/posts\/6817\/revisions\/6822"}],"wp:featuredmedia":[{"embeddable":true,"href":"https:\/\/www.lyceelafayette.fr\/index.php\/wp-json\/wp\/v2\/media\/6818"}],"wp:attachment":[{"href":"https:\/\/www.lyceelafayette.fr\/index.php\/wp-json\/wp\/v2\/media?parent=6817"}],"wp:term":[{"taxonomy":"category","embeddable":true,"href":"https:\/\/www.lyceelafayette.fr\/index.php\/wp-json\/wp\/v2\/categories?post=6817"},{"taxonomy":"post_tag","embeddable":true,"href":"https:\/\/www.lyceelafayette.fr\/index.php\/wp-json\/wp\/v2\/tags?post=6817"}],"curies":[{"name":"wp","href":"https:\/\/api.w.org\/{rel}","templated":true}]}}