{"id":6804,"date":"2024-10-04T15:13:48","date_gmt":"2024-10-04T13:13:48","guid":{"rendered":"https:\/\/www.lyceelafayette.fr\/?p=6804"},"modified":"2024-10-04T15:13:49","modified_gmt":"2024-10-04T13:13:49","slug":"institut-pedagogique-de-coiffure-2024-2025","status":"publish","type":"post","link":"https:\/\/www.lyceelafayette.fr\/index.php\/2024\/10\/04\/institut-pedagogique-de-coiffure-2024-2025\/","title":{"rendered":"Institut P\u00e9dagogique de Coiffure 2024-2025"},"content":{"rendered":"\n<p>Venez profiter d&rsquo;un moment de d\u00e9tente !<\/p>\n\n\n\n<p>Le Lyc\u00e9e La Fayette, situ\u00e9 \u00e0 la Place des C\u00e9lestins \u00e0 Champagne-sur-Seine, vous ouvre les portes de son institut p\u00e9dagogique pour l&rsquo;ann\u00e9e scolaire 2024-2025. Les \u00e9l\u00e8ves de la section M\u00e9tiers de la Coiffure vous invitent \u00e0 d\u00e9couvrir leurs talents et \u00e0 profiter de soins capillaires de qualit\u00e9 \u00e0 des tarifs accessibles.<\/p>\n\n\n\n<p>L\u2019institut vous propose une large gamme de services, allant du brushing \u00e0 la coloration, en passant par la coupe et le soin. Que vous souhaitiez un changement de look ou simplement un moment de bien-\u00eatre, nos \u00e9l\u00e8ves sont pr\u00eats \u00e0 vous accueillir avec professionnalisme et convivialit\u00e9.<\/p>\n\n\n\n<p><strong>Horaires d&rsquo;ouverture :<\/strong><\/p>\n\n\n\n<ul class=\"wp-block-list\">\n<li>Vendredis et lundis : de 14h00 \u00e0 17h00.<br><strong>Dates cl\u00e9s :<\/strong><\/li>\n\n\n\n<li>Octobre : Vendredi 4<\/li>\n\n\n\n<li>Novembre : Vendredi 8, Lundi 25<\/li>\n\n\n\n<li>D\u00e9cembre : Lundi 16<\/li>\n\n\n\n<li>Et bien d&rsquo;autres dates en 2025 !<\/li>\n<\/ul>\n\n\n\n<p><strong>Tarifs des prestations<\/strong> :<\/p>\n\n\n\n<ul class=\"wp-block-list\">\n<li>Shampoing + soin : 4\u20ac<\/li>\n\n\n\n<li>Coupe de cheveux : 4\u20ac<\/li>\n\n\n\n<li>Permanente ou lissage \u00e0 partir de 15\u20ac<\/li>\n\n\n\n<li>Coloration d\u00e8s 10\u20ac<br>(Tarifs sp\u00e9ciaux pour certaines associations et gratuit\u00e9 pour les mod\u00e8les d&rsquo;examen)<\/li>\n<\/ul>\n\n\n\n<p>Pour plus de d\u00e9tails sur les prestations ou pour prendre rendez-vous, contactez-nous au 01.64.69.54.10. Nous vous attendons nombreux pour vous offrir une exp\u00e9rience de coiffure unique \u00e0 prix r\u00e9duit !<\/p>\n\n\n\n<div class=\"wp-block-file\"><a id=\"wp-block-file--media-3db3a0f1-d7c0-446c-b988-df88359860a0\" href=\"https:\/\/www.lyceelafayette.fr\/wp-content\/uploads\/2024\/10\/Flyer-institut-pe\u0301dagogique-2024-2025.pdf\">Flyer institut pe\u0301dagogique 2024-2025<\/a><a href=\"https:\/\/www.lyceelafayette.fr\/wp-content\/uploads\/2024\/10\/Flyer-institut-pe\u0301dagogique-2024-2025.pdf\" class=\"wp-block-file__button wp-element-button\" download aria-describedby=\"wp-block-file--media-3db3a0f1-d7c0-446c-b988-df88359860a0\">T\u00e9l\u00e9charger<\/a><\/div>\n\n\n\n<div class=\"wp-block-file\"><a id=\"wp-block-file--media-759d41ed-aac9-4294-bdca-0d3b21e47001\" href=\"https:\/\/www.lyceelafayette.fr\/wp-content\/uploads\/2024\/10\/Tarifs-A4-paysage-couleur.pdf\">Tarifs A4 paysage couleur<\/a><a href=\"https:\/\/www.lyceelafayette.fr\/wp-content\/uploads\/2024\/10\/Tarifs-A4-paysage-couleur.pdf\" class=\"wp-block-file__button wp-element-button\" download aria-describedby=\"wp-block-file--media-759d41ed-aac9-4294-bdca-0d3b21e47001\">T\u00e9l\u00e9charger<\/a><\/div>\n\n\n\n<figure class=\"wp-block-image size-full\"><img loading=\"lazy\" decoding=\"async\" width=\"303\" height=\"179\" src=\"https:\/\/www.lyceelafayette.fr\/wp-content\/uploads\/2024\/10\/image.png\" alt=\"\" class=\"wp-image-6807\"\/><\/figure>\n","protected":false},"excerpt":{"rendered":"<p>Venez profiter d&rsquo;un moment de d\u00e9tente ! Le Lyc\u00e9e La Fayette, situ\u00e9 \u00e0 la Place des C\u00e9lestins \u00e0 Champagne-sur-Seine, vous ouvre les portes de son institut p\u00e9dagogique pour l&rsquo;ann\u00e9e scolaire 2024-2025. Les \u00e9l\u00e8ves de la section M\u00e9tiers de la Coiffure vous invitent \u00e0 d\u00e9couvrir leurs talents et \u00e0 profiter de&#8230; <a class=\"continue-reading-link\" href=\"https:\/\/www.lyceelafayette.fr\/index.php\/2024\/10\/04\/institut-pedagogique-de-coiffure-2024-2025\/\">lire la suite<\/a><\/p>\n","protected":false},"author":8,"featured_media":6807,"comment_status":"closed","ping_status":"open","sticky":false,"template":"","format":"standard","meta":{"footnotes":""},"categories":[136,93],"tags":[138,19],"class_list":["post-6804","post","type-post","status-publish","format-standard","has-post-thumbnail","hentry","category-coiffure","category-formations","tag-138","tag-pro"],"yoast_head":"<!-- This site is optimized with the Yoast SEO plugin v27.5 - https:\/\/yoast.com\/product\/yoast-seo-wordpress\/ -->\n<title>Institut P\u00e9dagogique de Coiffure 2024-2025 - Lyc\u00e9e La Fayette<\/title>\n<meta name=\"robots\" content=\"index, follow, max-snippet:-1, max-image-preview:large, max-video-preview:-1\" \/>\n<link rel=\"canonical\" href=\"https:\/\/www.lyceelafayette.fr\/index.php\/2024\/10\/04\/institut-pedagogique-de-coiffure-2024-2025\/\" \/>\n<meta property=\"og:locale\" content=\"fr_FR\" \/>\n<meta property=\"og:type\" content=\"article\" \/>\n<meta property=\"og:title\" content=\"Institut P\u00e9dagogique de Coiffure 2024-2025 - Lyc\u00e9e La Fayette\" \/>\n<meta property=\"og:description\" content=\"Venez profiter d&rsquo;un moment de d\u00e9tente ! Le Lyc\u00e9e La Fayette, situ\u00e9 \u00e0 la Place des C\u00e9lestins \u00e0 Champagne-sur-Seine, vous ouvre les portes de son institut p\u00e9dagogique pour l&rsquo;ann\u00e9e scolaire 2024-2025. Les \u00e9l\u00e8ves de la section M\u00e9tiers de la Coiffure vous invitent \u00e0 d\u00e9couvrir leurs talents et \u00e0 profiter de... lire la suite\" \/>\n<meta property=\"og:url\" content=\"https:\/\/www.lyceelafayette.fr\/index.php\/2024\/10\/04\/institut-pedagogique-de-coiffure-2024-2025\/\" \/>\n<meta property=\"og:site_name\" content=\"Lyc\u00e9e La Fayette\" \/>\n<meta property=\"article:published_time\" content=\"2024-10-04T13:13:48+00:00\" \/>\n<meta property=\"article:modified_time\" content=\"2024-10-04T13:13:49+00:00\" \/>\n<meta property=\"og:image\" content=\"https:\/\/www.lyceelafayette.fr\/wp-content\/uploads\/2024\/10\/image.png\" \/>\n\t<meta property=\"og:image:width\" content=\"303\" \/>\n\t<meta property=\"og:image:height\" content=\"179\" \/>\n\t<meta property=\"og:image:type\" content=\"image\/png\" \/>\n<meta name=\"author\" content=\"Alexandre Facchin\" \/>\n<meta name=\"twitter:card\" content=\"summary_large_image\" \/>\n<meta name=\"twitter:label1\" content=\"\u00c9crit par\" \/>\n\t<meta name=\"twitter:data1\" content=\"Alexandre Facchin\" \/>\n\t<meta name=\"twitter:label2\" content=\"Dur\u00e9e de lecture estim\u00e9e\" \/>\n\t<meta name=\"twitter:data2\" content=\"2 minutes\" \/>\n<script type=\"application\/ld+json\" class=\"yoast-schema-graph\">{\"@context\":\"https:\\\/\\\/schema.org\",\"@graph\":[{\"@type\":\"Article\",\"@id\":\"https:\\\/\\\/www.lyceelafayette.fr\\\/index.php\\\/2024\\\/10\\\/04\\\/institut-pedagogique-de-coiffure-2024-2025\\\/#article\",\"isPartOf\":{\"@id\":\"https:\\\/\\\/www.lyceelafayette.fr\\\/index.php\\\/2024\\\/10\\\/04\\\/institut-pedagogique-de-coiffure-2024-2025\\\/\"},\"author\":{\"name\":\"Alexandre Facchin\",\"@id\":\"https:\\\/\\\/www.lyceelafayette.fr\\\/#\\\/schema\\\/person\\\/ce6db8a1157d50329e1fd65f9a9b5df8\"},\"headline\":\"Institut P\u00e9dagogique de Coiffure 2024-2025\",\"datePublished\":\"2024-10-04T13:13:48+00:00\",\"dateModified\":\"2024-10-04T13:13:49+00:00\",\"mainEntityOfPage\":{\"@id\":\"https:\\\/\\\/www.lyceelafayette.fr\\\/index.php\\\/2024\\\/10\\\/04\\\/institut-pedagogique-de-coiffure-2024-2025\\\/\"},\"wordCount\":217,\"publisher\":{\"@id\":\"https:\\\/\\\/www.lyceelafayette.fr\\\/#organization\"},\"image\":{\"@id\":\"https:\\\/\\\/www.lyceelafayette.fr\\\/index.php\\\/2024\\\/10\\\/04\\\/institut-pedagogique-de-coiffure-2024-2025\\\/#primaryimage\"},\"thumbnailUrl\":\"https:\\\/\\\/www.lyceelafayette.fr\\\/wp-content\\\/uploads\\\/2024\\\/10\\\/image.png\",\"keywords\":[\"2024\",\"PRO\"],\"articleSection\":[\"coiffure\",\"formations\"],\"inLanguage\":\"fr-FR\"},{\"@type\":\"WebPage\",\"@id\":\"https:\\\/\\\/www.lyceelafayette.fr\\\/index.php\\\/2024\\\/10\\\/04\\\/institut-pedagogique-de-coiffure-2024-2025\\\/\",\"url\":\"https:\\\/\\\/www.lyceelafayette.fr\\\/index.php\\\/2024\\\/10\\\/04\\\/institut-pedagogique-de-coiffure-2024-2025\\\/\",\"name\":\"Institut P\u00e9dagogique de Coiffure 2024-2025 - Lyc\u00e9e La Fayette\",\"isPartOf\":{\"@id\":\"https:\\\/\\\/www.lyceelafayette.fr\\\/#website\"},\"primaryImageOfPage\":{\"@id\":\"https:\\\/\\\/www.lyceelafayette.fr\\\/index.php\\\/2024\\\/10\\\/04\\\/institut-pedagogique-de-coiffure-2024-2025\\\/#primaryimage\"},\"image\":{\"@id\":\"https:\\\/\\\/www.lyceelafayette.fr\\\/index.php\\\/2024\\\/10\\\/04\\\/institut-pedagogique-de-coiffure-2024-2025\\\/#primaryimage\"},\"thumbnailUrl\":\"https:\\\/\\\/www.lyceelafayette.fr\\\/wp-content\\\/uploads\\\/2024\\\/10\\\/image.png\",\"datePublished\":\"2024-10-04T13:13:48+00:00\",\"dateModified\":\"2024-10-04T13:13:49+00:00\",\"breadcrumb\":{\"@id\":\"https:\\\/\\\/www.lyceelafayette.fr\\\/index.php\\\/2024\\\/10\\\/04\\\/institut-pedagogique-de-coiffure-2024-2025\\\/#breadcrumb\"},\"inLanguage\":\"fr-FR\",\"potentialAction\":[{\"@type\":\"ReadAction\",\"target\":[\"https:\\\/\\\/www.lyceelafayette.fr\\\/index.php\\\/2024\\\/10\\\/04\\\/institut-pedagogique-de-coiffure-2024-2025\\\/\"]}]},{\"@type\":\"ImageObject\",\"inLanguage\":\"fr-FR\",\"@id\":\"https:\\\/\\\/www.lyceelafayette.fr\\\/index.php\\\/2024\\\/10\\\/04\\\/institut-pedagogique-de-coiffure-2024-2025\\\/#primaryimage\",\"url\":\"https:\\\/\\\/www.lyceelafayette.fr\\\/wp-content\\\/uploads\\\/2024\\\/10\\\/image.png\",\"contentUrl\":\"https:\\\/\\\/www.lyceelafayette.fr\\\/wp-content\\\/uploads\\\/2024\\\/10\\\/image.png\",\"width\":303,\"height\":179},{\"@type\":\"BreadcrumbList\",\"@id\":\"https:\\\/\\\/www.lyceelafayette.fr\\\/index.php\\\/2024\\\/10\\\/04\\\/institut-pedagogique-de-coiffure-2024-2025\\\/#breadcrumb\",\"itemListElement\":[{\"@type\":\"ListItem\",\"position\":1,\"name\":\"Accueil\",\"item\":\"https:\\\/\\\/www.lyceelafayette.fr\\\/\"},{\"@type\":\"ListItem\",\"position\":2,\"name\":\"Institut P\u00e9dagogique de Coiffure 2024-2025\"}]},{\"@type\":\"WebSite\",\"@id\":\"https:\\\/\\\/www.lyceelafayette.fr\\\/#website\",\"url\":\"https:\\\/\\\/www.lyceelafayette.fr\\\/\",\"name\":\"Lyc\u00e9e La Fayette\",\"description\":\"\",\"publisher\":{\"@id\":\"https:\\\/\\\/www.lyceelafayette.fr\\\/#organization\"},\"potentialAction\":[{\"@type\":\"SearchAction\",\"target\":{\"@type\":\"EntryPoint\",\"urlTemplate\":\"https:\\\/\\\/www.lyceelafayette.fr\\\/?s={search_term_string}\"},\"query-input\":{\"@type\":\"PropertyValueSpecification\",\"valueRequired\":true,\"valueName\":\"search_term_string\"}}],\"inLanguage\":\"fr-FR\"},{\"@type\":\"Organization\",\"@id\":\"https:\\\/\\\/www.lyceelafayette.fr\\\/#organization\",\"name\":\"Lyc\u00e9e La Fayette\",\"url\":\"https:\\\/\\\/www.lyceelafayette.fr\\\/\",\"logo\":{\"@type\":\"ImageObject\",\"inLanguage\":\"fr-FR\",\"@id\":\"https:\\\/\\\/www.lyceelafayette.fr\\\/#\\\/schema\\\/logo\\\/image\\\/\",\"url\":\"https:\\\/\\\/www.lyceelafayette.fr\\\/wp-content\\\/uploads\\\/2019\\\/06\\\/llf_logo_alpha.png\",\"contentUrl\":\"https:\\\/\\\/www.lyceelafayette.fr\\\/wp-content\\\/uploads\\\/2019\\\/06\\\/llf_logo_alpha.png\",\"width\":1583,\"height\":792,\"caption\":\"Lyc\u00e9e La Fayette\"},\"image\":{\"@id\":\"https:\\\/\\\/www.lyceelafayette.fr\\\/#\\\/schema\\\/logo\\\/image\\\/\"},\"sameAs\":[\"https:\\\/\\\/www.youtube.com\\\/channel\\\/UC2AOQowoMGBKdY4ToZsf9mw\"]},{\"@type\":\"Person\",\"@id\":\"https:\\\/\\\/www.lyceelafayette.fr\\\/#\\\/schema\\\/person\\\/ce6db8a1157d50329e1fd65f9a9b5df8\",\"name\":\"Alexandre Facchin\",\"image\":{\"@type\":\"ImageObject\",\"inLanguage\":\"fr-FR\",\"@id\":\"https:\\\/\\\/secure.gravatar.com\\\/avatar\\\/c94ab2db74f6be2880cb92feeab1c3c9a55baee6dab0b6f9fbb80e1bc3336b7a?s=96&d=blank&r=g\",\"url\":\"https:\\\/\\\/secure.gravatar.com\\\/avatar\\\/c94ab2db74f6be2880cb92feeab1c3c9a55baee6dab0b6f9fbb80e1bc3336b7a?s=96&d=blank&r=g\",\"contentUrl\":\"https:\\\/\\\/secure.gravatar.com\\\/avatar\\\/c94ab2db74f6be2880cb92feeab1c3c9a55baee6dab0b6f9fbb80e1bc3336b7a?s=96&d=blank&r=g\",\"caption\":\"Alexandre Facchin\"},\"url\":\"https:\\\/\\\/www.lyceelafayette.fr\\\/index.php\\\/author\\\/admin\\\/\"}]}<\/script>\n<!-- \/ Yoast SEO plugin. -->","yoast_head_json":{"title":"Institut P\u00e9dagogique de Coiffure 2024-2025 - Lyc\u00e9e La Fayette","robots":{"index":"index","follow":"follow","max-snippet":"max-snippet:-1","max-image-preview":"max-image-preview:large","max-video-preview":"max-video-preview:-1"},"canonical":"https:\/\/www.lyceelafayette.fr\/index.php\/2024\/10\/04\/institut-pedagogique-de-coiffure-2024-2025\/","og_locale":"fr_FR","og_type":"article","og_title":"Institut P\u00e9dagogique de Coiffure 2024-2025 - Lyc\u00e9e La Fayette","og_description":"Venez profiter d&rsquo;un moment de d\u00e9tente ! Le Lyc\u00e9e La Fayette, situ\u00e9 \u00e0 la Place des C\u00e9lestins \u00e0 Champagne-sur-Seine, vous ouvre les portes de son institut p\u00e9dagogique pour l&rsquo;ann\u00e9e scolaire 2024-2025. Les \u00e9l\u00e8ves de la section M\u00e9tiers de la Coiffure vous invitent \u00e0 d\u00e9couvrir leurs talents et \u00e0 profiter de... lire la suite","og_url":"https:\/\/www.lyceelafayette.fr\/index.php\/2024\/10\/04\/institut-pedagogique-de-coiffure-2024-2025\/","og_site_name":"Lyc\u00e9e La Fayette","article_published_time":"2024-10-04T13:13:48+00:00","article_modified_time":"2024-10-04T13:13:49+00:00","og_image":[{"width":303,"height":179,"url":"https:\/\/www.lyceelafayette.fr\/wp-content\/uploads\/2024\/10\/image.png","type":"image\/png"}],"author":"Alexandre Facchin","twitter_card":"summary_large_image","twitter_misc":{"\u00c9crit par":"Alexandre Facchin","Dur\u00e9e de lecture estim\u00e9e":"2 minutes"},"schema":{"@context":"https:\/\/schema.org","@graph":[{"@type":"Article","@id":"https:\/\/www.lyceelafayette.fr\/index.php\/2024\/10\/04\/institut-pedagogique-de-coiffure-2024-2025\/#article","isPartOf":{"@id":"https:\/\/www.lyceelafayette.fr\/index.php\/2024\/10\/04\/institut-pedagogique-de-coiffure-2024-2025\/"},"author":{"name":"Alexandre Facchin","@id":"https:\/\/www.lyceelafayette.fr\/#\/schema\/person\/ce6db8a1157d50329e1fd65f9a9b5df8"},"headline":"Institut P\u00e9dagogique de Coiffure 2024-2025","datePublished":"2024-10-04T13:13:48+00:00","dateModified":"2024-10-04T13:13:49+00:00","mainEntityOfPage":{"@id":"https:\/\/www.lyceelafayette.fr\/index.php\/2024\/10\/04\/institut-pedagogique-de-coiffure-2024-2025\/"},"wordCount":217,"publisher":{"@id":"https:\/\/www.lyceelafayette.fr\/#organization"},"image":{"@id":"https:\/\/www.lyceelafayette.fr\/index.php\/2024\/10\/04\/institut-pedagogique-de-coiffure-2024-2025\/#primaryimage"},"thumbnailUrl":"https:\/\/www.lyceelafayette.fr\/wp-content\/uploads\/2024\/10\/image.png","keywords":["2024","PRO"],"articleSection":["coiffure","formations"],"inLanguage":"fr-FR"},{"@type":"WebPage","@id":"https:\/\/www.lyceelafayette.fr\/index.php\/2024\/10\/04\/institut-pedagogique-de-coiffure-2024-2025\/","url":"https:\/\/www.lyceelafayette.fr\/index.php\/2024\/10\/04\/institut-pedagogique-de-coiffure-2024-2025\/","name":"Institut P\u00e9dagogique de Coiffure 2024-2025 - Lyc\u00e9e La Fayette","isPartOf":{"@id":"https:\/\/www.lyceelafayette.fr\/#website"},"primaryImageOfPage":{"@id":"https:\/\/www.lyceelafayette.fr\/index.php\/2024\/10\/04\/institut-pedagogique-de-coiffure-2024-2025\/#primaryimage"},"image":{"@id":"https:\/\/www.lyceelafayette.fr\/index.php\/2024\/10\/04\/institut-pedagogique-de-coiffure-2024-2025\/#primaryimage"},"thumbnailUrl":"https:\/\/www.lyceelafayette.fr\/wp-content\/uploads\/2024\/10\/image.png","datePublished":"2024-10-04T13:13:48+00:00","dateModified":"2024-10-04T13:13:49+00:00","breadcrumb":{"@id":"https:\/\/www.lyceelafayette.fr\/index.php\/2024\/10\/04\/institut-pedagogique-de-coiffure-2024-2025\/#breadcrumb"},"inLanguage":"fr-FR","potentialAction":[{"@type":"ReadAction","target":["https:\/\/www.lyceelafayette.fr\/index.php\/2024\/10\/04\/institut-pedagogique-de-coiffure-2024-2025\/"]}]},{"@type":"ImageObject","inLanguage":"fr-FR","@id":"https:\/\/www.lyceelafayette.fr\/index.php\/2024\/10\/04\/institut-pedagogique-de-coiffure-2024-2025\/#primaryimage","url":"https:\/\/www.lyceelafayette.fr\/wp-content\/uploads\/2024\/10\/image.png","contentUrl":"https:\/\/www.lyceelafayette.fr\/wp-content\/uploads\/2024\/10\/image.png","width":303,"height":179},{"@type":"BreadcrumbList","@id":"https:\/\/www.lyceelafayette.fr\/index.php\/2024\/10\/04\/institut-pedagogique-de-coiffure-2024-2025\/#breadcrumb","itemListElement":[{"@type":"ListItem","position":1,"name":"Accueil","item":"https:\/\/www.lyceelafayette.fr\/"},{"@type":"ListItem","position":2,"name":"Institut P\u00e9dagogique de Coiffure 2024-2025"}]},{"@type":"WebSite","@id":"https:\/\/www.lyceelafayette.fr\/#website","url":"https:\/\/www.lyceelafayette.fr\/","name":"Lyc\u00e9e La Fayette","description":"","publisher":{"@id":"https:\/\/www.lyceelafayette.fr\/#organization"},"potentialAction":[{"@type":"SearchAction","target":{"@type":"EntryPoint","urlTemplate":"https:\/\/www.lyceelafayette.fr\/?s={search_term_string}"},"query-input":{"@type":"PropertyValueSpecification","valueRequired":true,"valueName":"search_term_string"}}],"inLanguage":"fr-FR"},{"@type":"Organization","@id":"https:\/\/www.lyceelafayette.fr\/#organization","name":"Lyc\u00e9e La Fayette","url":"https:\/\/www.lyceelafayette.fr\/","logo":{"@type":"ImageObject","inLanguage":"fr-FR","@id":"https:\/\/www.lyceelafayette.fr\/#\/schema\/logo\/image\/","url":"https:\/\/www.lyceelafayette.fr\/wp-content\/uploads\/2019\/06\/llf_logo_alpha.png","contentUrl":"https:\/\/www.lyceelafayette.fr\/wp-content\/uploads\/2019\/06\/llf_logo_alpha.png","width":1583,"height":792,"caption":"Lyc\u00e9e La Fayette"},"image":{"@id":"https:\/\/www.lyceelafayette.fr\/#\/schema\/logo\/image\/"},"sameAs":["https:\/\/www.youtube.com\/channel\/UC2AOQowoMGBKdY4ToZsf9mw"]},{"@type":"Person","@id":"https:\/\/www.lyceelafayette.fr\/#\/schema\/person\/ce6db8a1157d50329e1fd65f9a9b5df8","name":"Alexandre Facchin","image":{"@type":"ImageObject","inLanguage":"fr-FR","@id":"https:\/\/secure.gravatar.com\/avatar\/c94ab2db74f6be2880cb92feeab1c3c9a55baee6dab0b6f9fbb80e1bc3336b7a?s=96&d=blank&r=g","url":"https:\/\/secure.gravatar.com\/avatar\/c94ab2db74f6be2880cb92feeab1c3c9a55baee6dab0b6f9fbb80e1bc3336b7a?s=96&d=blank&r=g","contentUrl":"https:\/\/secure.gravatar.com\/avatar\/c94ab2db74f6be2880cb92feeab1c3c9a55baee6dab0b6f9fbb80e1bc3336b7a?s=96&d=blank&r=g","caption":"Alexandre Facchin"},"url":"https:\/\/www.lyceelafayette.fr\/index.php\/author\/admin\/"}]}},"_links":{"self":[{"href":"https:\/\/www.lyceelafayette.fr\/index.php\/wp-json\/wp\/v2\/posts\/6804","targetHints":{"allow":["GET"]}}],"collection":[{"href":"https:\/\/www.lyceelafayette.fr\/index.php\/wp-json\/wp\/v2\/posts"}],"about":[{"href":"https:\/\/www.lyceelafayette.fr\/index.php\/wp-json\/wp\/v2\/types\/post"}],"author":[{"embeddable":true,"href":"https:\/\/www.lyceelafayette.fr\/index.php\/wp-json\/wp\/v2\/users\/8"}],"replies":[{"embeddable":true,"href":"https:\/\/www.lyceelafayette.fr\/index.php\/wp-json\/wp\/v2\/comments?post=6804"}],"version-history":[{"count":1,"href":"https:\/\/www.lyceelafayette.fr\/index.php\/wp-json\/wp\/v2\/posts\/6804\/revisions"}],"predecessor-version":[{"id":6808,"href":"https:\/\/www.lyceelafayette.fr\/index.php\/wp-json\/wp\/v2\/posts\/6804\/revisions\/6808"}],"wp:featuredmedia":[{"embeddable":true,"href":"https:\/\/www.lyceelafayette.fr\/index.php\/wp-json\/wp\/v2\/media\/6807"}],"wp:attachment":[{"href":"https:\/\/www.lyceelafayette.fr\/index.php\/wp-json\/wp\/v2\/media?parent=6804"}],"wp:term":[{"taxonomy":"category","embeddable":true,"href":"https:\/\/www.lyceelafayette.fr\/index.php\/wp-json\/wp\/v2\/categories?post=6804"},{"taxonomy":"post_tag","embeddable":true,"href":"https:\/\/www.lyceelafayette.fr\/index.php\/wp-json\/wp\/v2\/tags?post=6804"}],"curies":[{"name":"wp","href":"https:\/\/api.w.org\/{rel}","templated":true}]}}