{"id":6799,"date":"2024-09-24T15:00:43","date_gmt":"2024-09-24T13:00:43","guid":{"rendered":"https:\/\/www.lyceelafayette.fr\/?p=6799"},"modified":"2024-09-24T15:00:44","modified_gmt":"2024-09-24T13:00:44","slug":"decouvrez-linstitut-pedagogique-de-beaute-et-bien-etre-du-lycee-la-fayette","status":"publish","type":"post","link":"https:\/\/www.lyceelafayette.fr\/index.php\/2024\/09\/24\/decouvrez-linstitut-pedagogique-de-beaute-et-bien-etre-du-lycee-la-fayette\/","title":{"rendered":"D\u00e9couvrez l&rsquo;Institut P\u00e9dagogique de Beaut\u00e9 et Bien-\u00eatre du Lyc\u00e9e La Fayette"},"content":{"rendered":"\n<p>L&rsquo;Institut P\u00e9dagogique de notre section esth\u00e9tique est heureux de vous accueillir pour des moments de d\u00e9tente et de soins, encadr\u00e9s par nos \u00e9l\u00e8ves en formation. Venez profiter de soins de qualit\u00e9 \u00e0 des tarifs avantageux, tout en contribuant \u00e0 la formation de nos futurs professionnels !<\/p>\n\n\n\n<p><strong>Horaires d&rsquo;ouverture :<\/strong> Les mercredis de 14h00 \u00e0 17h00. Prenez rendez-vous d\u00e8s maintenant au 01 64 69 54 10.<\/p>\n\n\n\n<div class=\"wp-block-file\"><a id=\"wp-block-file--media-767d1ab9-5c4c-4018-86af-26397bf79d69\" href=\"https:\/\/www.lyceelafayette.fr\/wp-content\/uploads\/2024\/09\/Tarifs-2024-2025.pdf\">Tarifs 2024-2025<\/a><a href=\"https:\/\/www.lyceelafayette.fr\/wp-content\/uploads\/2024\/09\/Tarifs-2024-2025.pdf\" class=\"wp-block-file__button wp-element-button\" download aria-describedby=\"wp-block-file--media-767d1ab9-5c4c-4018-86af-26397bf79d69\">T\u00e9l\u00e9charger<\/a><\/div>\n\n\n\n<p><strong>Dates 2024-2025 :<\/strong><\/p>\n\n\n\n<ul class=\"wp-block-list\">\n<li>Septembre : 18, 25<\/li>\n\n\n\n<li>Octobre : 9, 16<\/li>\n\n\n\n<li>Novembre : 6, 13, 20, 27<\/li>\n\n\n\n<li>D\u00e9cembre : 4, 11, 18<\/li>\n\n\n\n<li>Janvier : 8, 15, 22, 29<\/li>\n\n\n\n<li>F\u00e9vrier : 5, 12<\/li>\n\n\n\n<li>Mars : 5, 12, 19, 26<\/li>\n\n\n\n<li>Avril : 2, 8<\/li>\n<\/ul>\n\n\n\n<p><strong>Nos prestations :<\/strong><\/p>\n\n\n\n<ul class=\"wp-block-list\">\n<li><strong>Soin du visage :<\/strong> \u00c0 partir de 18\u20ac<\/li>\n\n\n\n<li><strong>Soin du corps :<\/strong> \u00c0 partir de 20\u20ac<\/li>\n\n\n\n<li><strong>Manucure et beaut\u00e9 des pieds :<\/strong> \u00c0 partir de 10\u20ac<\/li>\n\n\n\n<li><strong>\u00c9pilation :<\/strong> \u00c0 partir de 5\u20ac<\/li>\n\n\n\n<li><strong>Maquillage et autres services :<\/strong> \u00c0 partir de 5\u20ac<\/li>\n<\/ul>\n\n\n\n<p>Pour en savoir plus sur les tarifs et d\u00e9tails des prestations, consultez notre <a href=\"https:\/\/www.lyceelafayette.fr\/wp-content\/uploads\/2024\/09\/Tarifs-2024-2025.pdf\">catalogue de services<\/a>. Paiement par ch\u00e8que ou en esp\u00e8ces.<\/p>\n\n\n\n<p>Ne tardez plus et r\u00e9servez d\u00e8s aujourd&rsquo;hui pour une exp\u00e9rience beaut\u00e9 unique, tout en soutenant la formation de nos \u00e9tudiants !<\/p>\n\n\n\n<figure class=\"wp-block-image size-full\"><img loading=\"lazy\" decoding=\"async\" width=\"2072\" height=\"854\" src=\"https:\/\/www.lyceelafayette.fr\/wp-content\/uploads\/2024\/09\/image-1.png\" alt=\"\" class=\"wp-image-6801\"\/><\/figure>\n","protected":false},"excerpt":{"rendered":"<p>L&rsquo;Institut P\u00e9dagogique de notre section esth\u00e9tique est heureux de vous accueillir pour des moments de d\u00e9tente et de soins, encadr\u00e9s par nos \u00e9l\u00e8ves en formation. Venez profiter de soins de qualit\u00e9 \u00e0 des tarifs avantageux, tout en contribuant \u00e0 la formation de nos futurs professionnels ! Horaires d&rsquo;ouverture : Les&#8230; <a class=\"continue-reading-link\" href=\"https:\/\/www.lyceelafayette.fr\/index.php\/2024\/09\/24\/decouvrez-linstitut-pedagogique-de-beaute-et-bien-etre-du-lycee-la-fayette\/\">lire la suite<\/a><\/p>\n","protected":false},"author":8,"featured_media":6801,"comment_status":"closed","ping_status":"open","sticky":false,"template":"","format":"standard","meta":{"footnotes":""},"categories":[93],"tags":[138,143,49,19],"class_list":["post-6799","post","type-post","status-publish","format-standard","has-post-thumbnail","hentry","category-formations","tag-138","tag-143","tag-esthetique","tag-pro"],"yoast_head":"<!-- This site is optimized with the Yoast SEO plugin v27.5 - https:\/\/yoast.com\/product\/yoast-seo-wordpress\/ -->\n<title>D\u00e9couvrez l&#039;Institut P\u00e9dagogique de Beaut\u00e9 et Bien-\u00eatre du Lyc\u00e9e La Fayette - Lyc\u00e9e La Fayette<\/title>\n<meta name=\"robots\" content=\"index, follow, max-snippet:-1, max-image-preview:large, max-video-preview:-1\" \/>\n<link rel=\"canonical\" href=\"https:\/\/www.lyceelafayette.fr\/index.php\/2024\/09\/24\/decouvrez-linstitut-pedagogique-de-beaute-et-bien-etre-du-lycee-la-fayette\/\" \/>\n<meta property=\"og:locale\" content=\"fr_FR\" \/>\n<meta property=\"og:type\" content=\"article\" \/>\n<meta property=\"og:title\" content=\"D\u00e9couvrez l&#039;Institut P\u00e9dagogique de Beaut\u00e9 et Bien-\u00eatre du Lyc\u00e9e La Fayette - Lyc\u00e9e La Fayette\" \/>\n<meta property=\"og:description\" content=\"L&rsquo;Institut P\u00e9dagogique de notre section esth\u00e9tique est heureux de vous accueillir pour des moments de d\u00e9tente et de soins, encadr\u00e9s par nos \u00e9l\u00e8ves en formation. Venez profiter de soins de qualit\u00e9 \u00e0 des tarifs avantageux, tout en contribuant \u00e0 la formation de nos futurs professionnels ! Horaires d&rsquo;ouverture : Les... lire la suite\" \/>\n<meta property=\"og:url\" content=\"https:\/\/www.lyceelafayette.fr\/index.php\/2024\/09\/24\/decouvrez-linstitut-pedagogique-de-beaute-et-bien-etre-du-lycee-la-fayette\/\" \/>\n<meta property=\"og:site_name\" content=\"Lyc\u00e9e La Fayette\" \/>\n<meta property=\"article:published_time\" content=\"2024-09-24T13:00:43+00:00\" \/>\n<meta property=\"article:modified_time\" content=\"2024-09-24T13:00:44+00:00\" \/>\n<meta property=\"og:image\" content=\"https:\/\/www.lyceelafayette.fr\/wp-content\/uploads\/2024\/09\/image-1.png\" \/>\n\t<meta property=\"og:image:width\" content=\"2072\" \/>\n\t<meta property=\"og:image:height\" content=\"854\" \/>\n\t<meta property=\"og:image:type\" content=\"image\/png\" \/>\n<meta name=\"author\" content=\"Alexandre Facchin\" \/>\n<meta name=\"twitter:card\" content=\"summary_large_image\" \/>\n<meta name=\"twitter:label1\" content=\"\u00c9crit par\" \/>\n\t<meta name=\"twitter:data1\" content=\"Alexandre Facchin\" \/>\n\t<meta name=\"twitter:label2\" content=\"Dur\u00e9e de lecture estim\u00e9e\" \/>\n\t<meta name=\"twitter:data2\" content=\"2 minutes\" \/>\n<script type=\"application\/ld+json\" class=\"yoast-schema-graph\">{\"@context\":\"https:\\\/\\\/schema.org\",\"@graph\":[{\"@type\":\"Article\",\"@id\":\"https:\\\/\\\/www.lyceelafayette.fr\\\/index.php\\\/2024\\\/09\\\/24\\\/decouvrez-linstitut-pedagogique-de-beaute-et-bien-etre-du-lycee-la-fayette\\\/#article\",\"isPartOf\":{\"@id\":\"https:\\\/\\\/www.lyceelafayette.fr\\\/index.php\\\/2024\\\/09\\\/24\\\/decouvrez-linstitut-pedagogique-de-beaute-et-bien-etre-du-lycee-la-fayette\\\/\"},\"author\":{\"name\":\"Alexandre Facchin\",\"@id\":\"https:\\\/\\\/www.lyceelafayette.fr\\\/#\\\/schema\\\/person\\\/ce6db8a1157d50329e1fd65f9a9b5df8\"},\"headline\":\"D\u00e9couvrez l&rsquo;Institut P\u00e9dagogique de Beaut\u00e9 et Bien-\u00eatre du Lyc\u00e9e La Fayette\",\"datePublished\":\"2024-09-24T13:00:43+00:00\",\"dateModified\":\"2024-09-24T13:00:44+00:00\",\"mainEntityOfPage\":{\"@id\":\"https:\\\/\\\/www.lyceelafayette.fr\\\/index.php\\\/2024\\\/09\\\/24\\\/decouvrez-linstitut-pedagogique-de-beaute-et-bien-etre-du-lycee-la-fayette\\\/\"},\"wordCount\":173,\"publisher\":{\"@id\":\"https:\\\/\\\/www.lyceelafayette.fr\\\/#organization\"},\"image\":{\"@id\":\"https:\\\/\\\/www.lyceelafayette.fr\\\/index.php\\\/2024\\\/09\\\/24\\\/decouvrez-linstitut-pedagogique-de-beaute-et-bien-etre-du-lycee-la-fayette\\\/#primaryimage\"},\"thumbnailUrl\":\"https:\\\/\\\/www.lyceelafayette.fr\\\/wp-content\\\/uploads\\\/2024\\\/09\\\/image-1.png\",\"keywords\":[\"2024\",\"2025\",\"esth\u00e9tique\",\"PRO\"],\"articleSection\":[\"formations\"],\"inLanguage\":\"fr-FR\"},{\"@type\":\"WebPage\",\"@id\":\"https:\\\/\\\/www.lyceelafayette.fr\\\/index.php\\\/2024\\\/09\\\/24\\\/decouvrez-linstitut-pedagogique-de-beaute-et-bien-etre-du-lycee-la-fayette\\\/\",\"url\":\"https:\\\/\\\/www.lyceelafayette.fr\\\/index.php\\\/2024\\\/09\\\/24\\\/decouvrez-linstitut-pedagogique-de-beaute-et-bien-etre-du-lycee-la-fayette\\\/\",\"name\":\"D\u00e9couvrez l'Institut P\u00e9dagogique de Beaut\u00e9 et Bien-\u00eatre du Lyc\u00e9e La Fayette - Lyc\u00e9e La Fayette\",\"isPartOf\":{\"@id\":\"https:\\\/\\\/www.lyceelafayette.fr\\\/#website\"},\"primaryImageOfPage\":{\"@id\":\"https:\\\/\\\/www.lyceelafayette.fr\\\/index.php\\\/2024\\\/09\\\/24\\\/decouvrez-linstitut-pedagogique-de-beaute-et-bien-etre-du-lycee-la-fayette\\\/#primaryimage\"},\"image\":{\"@id\":\"https:\\\/\\\/www.lyceelafayette.fr\\\/index.php\\\/2024\\\/09\\\/24\\\/decouvrez-linstitut-pedagogique-de-beaute-et-bien-etre-du-lycee-la-fayette\\\/#primaryimage\"},\"thumbnailUrl\":\"https:\\\/\\\/www.lyceelafayette.fr\\\/wp-content\\\/uploads\\\/2024\\\/09\\\/image-1.png\",\"datePublished\":\"2024-09-24T13:00:43+00:00\",\"dateModified\":\"2024-09-24T13:00:44+00:00\",\"breadcrumb\":{\"@id\":\"https:\\\/\\\/www.lyceelafayette.fr\\\/index.php\\\/2024\\\/09\\\/24\\\/decouvrez-linstitut-pedagogique-de-beaute-et-bien-etre-du-lycee-la-fayette\\\/#breadcrumb\"},\"inLanguage\":\"fr-FR\",\"potentialAction\":[{\"@type\":\"ReadAction\",\"target\":[\"https:\\\/\\\/www.lyceelafayette.fr\\\/index.php\\\/2024\\\/09\\\/24\\\/decouvrez-linstitut-pedagogique-de-beaute-et-bien-etre-du-lycee-la-fayette\\\/\"]}]},{\"@type\":\"ImageObject\",\"inLanguage\":\"fr-FR\",\"@id\":\"https:\\\/\\\/www.lyceelafayette.fr\\\/index.php\\\/2024\\\/09\\\/24\\\/decouvrez-linstitut-pedagogique-de-beaute-et-bien-etre-du-lycee-la-fayette\\\/#primaryimage\",\"url\":\"https:\\\/\\\/www.lyceelafayette.fr\\\/wp-content\\\/uploads\\\/2024\\\/09\\\/image-1.png\",\"contentUrl\":\"https:\\\/\\\/www.lyceelafayette.fr\\\/wp-content\\\/uploads\\\/2024\\\/09\\\/image-1.png\",\"width\":2072,\"height\":854},{\"@type\":\"BreadcrumbList\",\"@id\":\"https:\\\/\\\/www.lyceelafayette.fr\\\/index.php\\\/2024\\\/09\\\/24\\\/decouvrez-linstitut-pedagogique-de-beaute-et-bien-etre-du-lycee-la-fayette\\\/#breadcrumb\",\"itemListElement\":[{\"@type\":\"ListItem\",\"position\":1,\"name\":\"Accueil\",\"item\":\"https:\\\/\\\/www.lyceelafayette.fr\\\/\"},{\"@type\":\"ListItem\",\"position\":2,\"name\":\"D\u00e9couvrez l&rsquo;Institut P\u00e9dagogique de Beaut\u00e9 et Bien-\u00eatre du Lyc\u00e9e La Fayette\"}]},{\"@type\":\"WebSite\",\"@id\":\"https:\\\/\\\/www.lyceelafayette.fr\\\/#website\",\"url\":\"https:\\\/\\\/www.lyceelafayette.fr\\\/\",\"name\":\"Lyc\u00e9e La Fayette\",\"description\":\"\",\"publisher\":{\"@id\":\"https:\\\/\\\/www.lyceelafayette.fr\\\/#organization\"},\"potentialAction\":[{\"@type\":\"SearchAction\",\"target\":{\"@type\":\"EntryPoint\",\"urlTemplate\":\"https:\\\/\\\/www.lyceelafayette.fr\\\/?s={search_term_string}\"},\"query-input\":{\"@type\":\"PropertyValueSpecification\",\"valueRequired\":true,\"valueName\":\"search_term_string\"}}],\"inLanguage\":\"fr-FR\"},{\"@type\":\"Organization\",\"@id\":\"https:\\\/\\\/www.lyceelafayette.fr\\\/#organization\",\"name\":\"Lyc\u00e9e La Fayette\",\"url\":\"https:\\\/\\\/www.lyceelafayette.fr\\\/\",\"logo\":{\"@type\":\"ImageObject\",\"inLanguage\":\"fr-FR\",\"@id\":\"https:\\\/\\\/www.lyceelafayette.fr\\\/#\\\/schema\\\/logo\\\/image\\\/\",\"url\":\"https:\\\/\\\/www.lyceelafayette.fr\\\/wp-content\\\/uploads\\\/2019\\\/06\\\/llf_logo_alpha.png\",\"contentUrl\":\"https:\\\/\\\/www.lyceelafayette.fr\\\/wp-content\\\/uploads\\\/2019\\\/06\\\/llf_logo_alpha.png\",\"width\":1583,\"height\":792,\"caption\":\"Lyc\u00e9e La Fayette\"},\"image\":{\"@id\":\"https:\\\/\\\/www.lyceelafayette.fr\\\/#\\\/schema\\\/logo\\\/image\\\/\"},\"sameAs\":[\"https:\\\/\\\/www.youtube.com\\\/channel\\\/UC2AOQowoMGBKdY4ToZsf9mw\"]},{\"@type\":\"Person\",\"@id\":\"https:\\\/\\\/www.lyceelafayette.fr\\\/#\\\/schema\\\/person\\\/ce6db8a1157d50329e1fd65f9a9b5df8\",\"name\":\"Alexandre Facchin\",\"image\":{\"@type\":\"ImageObject\",\"inLanguage\":\"fr-FR\",\"@id\":\"https:\\\/\\\/secure.gravatar.com\\\/avatar\\\/c94ab2db74f6be2880cb92feeab1c3c9a55baee6dab0b6f9fbb80e1bc3336b7a?s=96&d=blank&r=g\",\"url\":\"https:\\\/\\\/secure.gravatar.com\\\/avatar\\\/c94ab2db74f6be2880cb92feeab1c3c9a55baee6dab0b6f9fbb80e1bc3336b7a?s=96&d=blank&r=g\",\"contentUrl\":\"https:\\\/\\\/secure.gravatar.com\\\/avatar\\\/c94ab2db74f6be2880cb92feeab1c3c9a55baee6dab0b6f9fbb80e1bc3336b7a?s=96&d=blank&r=g\",\"caption\":\"Alexandre Facchin\"},\"url\":\"https:\\\/\\\/www.lyceelafayette.fr\\\/index.php\\\/author\\\/admin\\\/\"}]}<\/script>\n<!-- \/ Yoast SEO plugin. -->","yoast_head_json":{"title":"D\u00e9couvrez l'Institut P\u00e9dagogique de Beaut\u00e9 et Bien-\u00eatre du Lyc\u00e9e La Fayette - Lyc\u00e9e La Fayette","robots":{"index":"index","follow":"follow","max-snippet":"max-snippet:-1","max-image-preview":"max-image-preview:large","max-video-preview":"max-video-preview:-1"},"canonical":"https:\/\/www.lyceelafayette.fr\/index.php\/2024\/09\/24\/decouvrez-linstitut-pedagogique-de-beaute-et-bien-etre-du-lycee-la-fayette\/","og_locale":"fr_FR","og_type":"article","og_title":"D\u00e9couvrez l'Institut P\u00e9dagogique de Beaut\u00e9 et Bien-\u00eatre du Lyc\u00e9e La Fayette - Lyc\u00e9e La Fayette","og_description":"L&rsquo;Institut P\u00e9dagogique de notre section esth\u00e9tique est heureux de vous accueillir pour des moments de d\u00e9tente et de soins, encadr\u00e9s par nos \u00e9l\u00e8ves en formation. Venez profiter de soins de qualit\u00e9 \u00e0 des tarifs avantageux, tout en contribuant \u00e0 la formation de nos futurs professionnels ! Horaires d&rsquo;ouverture : Les... lire la suite","og_url":"https:\/\/www.lyceelafayette.fr\/index.php\/2024\/09\/24\/decouvrez-linstitut-pedagogique-de-beaute-et-bien-etre-du-lycee-la-fayette\/","og_site_name":"Lyc\u00e9e La Fayette","article_published_time":"2024-09-24T13:00:43+00:00","article_modified_time":"2024-09-24T13:00:44+00:00","og_image":[{"width":2072,"height":854,"url":"https:\/\/www.lyceelafayette.fr\/wp-content\/uploads\/2024\/09\/image-1.png","type":"image\/png"}],"author":"Alexandre Facchin","twitter_card":"summary_large_image","twitter_misc":{"\u00c9crit par":"Alexandre Facchin","Dur\u00e9e de lecture estim\u00e9e":"2 minutes"},"schema":{"@context":"https:\/\/schema.org","@graph":[{"@type":"Article","@id":"https:\/\/www.lyceelafayette.fr\/index.php\/2024\/09\/24\/decouvrez-linstitut-pedagogique-de-beaute-et-bien-etre-du-lycee-la-fayette\/#article","isPartOf":{"@id":"https:\/\/www.lyceelafayette.fr\/index.php\/2024\/09\/24\/decouvrez-linstitut-pedagogique-de-beaute-et-bien-etre-du-lycee-la-fayette\/"},"author":{"name":"Alexandre Facchin","@id":"https:\/\/www.lyceelafayette.fr\/#\/schema\/person\/ce6db8a1157d50329e1fd65f9a9b5df8"},"headline":"D\u00e9couvrez l&rsquo;Institut P\u00e9dagogique de Beaut\u00e9 et Bien-\u00eatre du Lyc\u00e9e La Fayette","datePublished":"2024-09-24T13:00:43+00:00","dateModified":"2024-09-24T13:00:44+00:00","mainEntityOfPage":{"@id":"https:\/\/www.lyceelafayette.fr\/index.php\/2024\/09\/24\/decouvrez-linstitut-pedagogique-de-beaute-et-bien-etre-du-lycee-la-fayette\/"},"wordCount":173,"publisher":{"@id":"https:\/\/www.lyceelafayette.fr\/#organization"},"image":{"@id":"https:\/\/www.lyceelafayette.fr\/index.php\/2024\/09\/24\/decouvrez-linstitut-pedagogique-de-beaute-et-bien-etre-du-lycee-la-fayette\/#primaryimage"},"thumbnailUrl":"https:\/\/www.lyceelafayette.fr\/wp-content\/uploads\/2024\/09\/image-1.png","keywords":["2024","2025","esth\u00e9tique","PRO"],"articleSection":["formations"],"inLanguage":"fr-FR"},{"@type":"WebPage","@id":"https:\/\/www.lyceelafayette.fr\/index.php\/2024\/09\/24\/decouvrez-linstitut-pedagogique-de-beaute-et-bien-etre-du-lycee-la-fayette\/","url":"https:\/\/www.lyceelafayette.fr\/index.php\/2024\/09\/24\/decouvrez-linstitut-pedagogique-de-beaute-et-bien-etre-du-lycee-la-fayette\/","name":"D\u00e9couvrez l'Institut P\u00e9dagogique de Beaut\u00e9 et Bien-\u00eatre du Lyc\u00e9e La Fayette - Lyc\u00e9e La Fayette","isPartOf":{"@id":"https:\/\/www.lyceelafayette.fr\/#website"},"primaryImageOfPage":{"@id":"https:\/\/www.lyceelafayette.fr\/index.php\/2024\/09\/24\/decouvrez-linstitut-pedagogique-de-beaute-et-bien-etre-du-lycee-la-fayette\/#primaryimage"},"image":{"@id":"https:\/\/www.lyceelafayette.fr\/index.php\/2024\/09\/24\/decouvrez-linstitut-pedagogique-de-beaute-et-bien-etre-du-lycee-la-fayette\/#primaryimage"},"thumbnailUrl":"https:\/\/www.lyceelafayette.fr\/wp-content\/uploads\/2024\/09\/image-1.png","datePublished":"2024-09-24T13:00:43+00:00","dateModified":"2024-09-24T13:00:44+00:00","breadcrumb":{"@id":"https:\/\/www.lyceelafayette.fr\/index.php\/2024\/09\/24\/decouvrez-linstitut-pedagogique-de-beaute-et-bien-etre-du-lycee-la-fayette\/#breadcrumb"},"inLanguage":"fr-FR","potentialAction":[{"@type":"ReadAction","target":["https:\/\/www.lyceelafayette.fr\/index.php\/2024\/09\/24\/decouvrez-linstitut-pedagogique-de-beaute-et-bien-etre-du-lycee-la-fayette\/"]}]},{"@type":"ImageObject","inLanguage":"fr-FR","@id":"https:\/\/www.lyceelafayette.fr\/index.php\/2024\/09\/24\/decouvrez-linstitut-pedagogique-de-beaute-et-bien-etre-du-lycee-la-fayette\/#primaryimage","url":"https:\/\/www.lyceelafayette.fr\/wp-content\/uploads\/2024\/09\/image-1.png","contentUrl":"https:\/\/www.lyceelafayette.fr\/wp-content\/uploads\/2024\/09\/image-1.png","width":2072,"height":854},{"@type":"BreadcrumbList","@id":"https:\/\/www.lyceelafayette.fr\/index.php\/2024\/09\/24\/decouvrez-linstitut-pedagogique-de-beaute-et-bien-etre-du-lycee-la-fayette\/#breadcrumb","itemListElement":[{"@type":"ListItem","position":1,"name":"Accueil","item":"https:\/\/www.lyceelafayette.fr\/"},{"@type":"ListItem","position":2,"name":"D\u00e9couvrez l&rsquo;Institut P\u00e9dagogique de Beaut\u00e9 et Bien-\u00eatre du Lyc\u00e9e La Fayette"}]},{"@type":"WebSite","@id":"https:\/\/www.lyceelafayette.fr\/#website","url":"https:\/\/www.lyceelafayette.fr\/","name":"Lyc\u00e9e La Fayette","description":"","publisher":{"@id":"https:\/\/www.lyceelafayette.fr\/#organization"},"potentialAction":[{"@type":"SearchAction","target":{"@type":"EntryPoint","urlTemplate":"https:\/\/www.lyceelafayette.fr\/?s={search_term_string}"},"query-input":{"@type":"PropertyValueSpecification","valueRequired":true,"valueName":"search_term_string"}}],"inLanguage":"fr-FR"},{"@type":"Organization","@id":"https:\/\/www.lyceelafayette.fr\/#organization","name":"Lyc\u00e9e La Fayette","url":"https:\/\/www.lyceelafayette.fr\/","logo":{"@type":"ImageObject","inLanguage":"fr-FR","@id":"https:\/\/www.lyceelafayette.fr\/#\/schema\/logo\/image\/","url":"https:\/\/www.lyceelafayette.fr\/wp-content\/uploads\/2019\/06\/llf_logo_alpha.png","contentUrl":"https:\/\/www.lyceelafayette.fr\/wp-content\/uploads\/2019\/06\/llf_logo_alpha.png","width":1583,"height":792,"caption":"Lyc\u00e9e La Fayette"},"image":{"@id":"https:\/\/www.lyceelafayette.fr\/#\/schema\/logo\/image\/"},"sameAs":["https:\/\/www.youtube.com\/channel\/UC2AOQowoMGBKdY4ToZsf9mw"]},{"@type":"Person","@id":"https:\/\/www.lyceelafayette.fr\/#\/schema\/person\/ce6db8a1157d50329e1fd65f9a9b5df8","name":"Alexandre Facchin","image":{"@type":"ImageObject","inLanguage":"fr-FR","@id":"https:\/\/secure.gravatar.com\/avatar\/c94ab2db74f6be2880cb92feeab1c3c9a55baee6dab0b6f9fbb80e1bc3336b7a?s=96&d=blank&r=g","url":"https:\/\/secure.gravatar.com\/avatar\/c94ab2db74f6be2880cb92feeab1c3c9a55baee6dab0b6f9fbb80e1bc3336b7a?s=96&d=blank&r=g","contentUrl":"https:\/\/secure.gravatar.com\/avatar\/c94ab2db74f6be2880cb92feeab1c3c9a55baee6dab0b6f9fbb80e1bc3336b7a?s=96&d=blank&r=g","caption":"Alexandre Facchin"},"url":"https:\/\/www.lyceelafayette.fr\/index.php\/author\/admin\/"}]}},"_links":{"self":[{"href":"https:\/\/www.lyceelafayette.fr\/index.php\/wp-json\/wp\/v2\/posts\/6799","targetHints":{"allow":["GET"]}}],"collection":[{"href":"https:\/\/www.lyceelafayette.fr\/index.php\/wp-json\/wp\/v2\/posts"}],"about":[{"href":"https:\/\/www.lyceelafayette.fr\/index.php\/wp-json\/wp\/v2\/types\/post"}],"author":[{"embeddable":true,"href":"https:\/\/www.lyceelafayette.fr\/index.php\/wp-json\/wp\/v2\/users\/8"}],"replies":[{"embeddable":true,"href":"https:\/\/www.lyceelafayette.fr\/index.php\/wp-json\/wp\/v2\/comments?post=6799"}],"version-history":[{"count":1,"href":"https:\/\/www.lyceelafayette.fr\/index.php\/wp-json\/wp\/v2\/posts\/6799\/revisions"}],"predecessor-version":[{"id":6802,"href":"https:\/\/www.lyceelafayette.fr\/index.php\/wp-json\/wp\/v2\/posts\/6799\/revisions\/6802"}],"wp:featuredmedia":[{"embeddable":true,"href":"https:\/\/www.lyceelafayette.fr\/index.php\/wp-json\/wp\/v2\/media\/6801"}],"wp:attachment":[{"href":"https:\/\/www.lyceelafayette.fr\/index.php\/wp-json\/wp\/v2\/media?parent=6799"}],"wp:term":[{"taxonomy":"category","embeddable":true,"href":"https:\/\/www.lyceelafayette.fr\/index.php\/wp-json\/wp\/v2\/categories?post=6799"},{"taxonomy":"post_tag","embeddable":true,"href":"https:\/\/www.lyceelafayette.fr\/index.php\/wp-json\/wp\/v2\/tags?post=6799"}],"curies":[{"name":"wp","href":"https:\/\/api.w.org\/{rel}","templated":true}]}}