{"id":6757,"date":"2024-07-01T10:52:13","date_gmt":"2024-07-01T08:52:13","guid":{"rendered":"https:\/\/www.lyceelafayette.fr\/?p=6757"},"modified":"2024-07-01T10:52:14","modified_gmt":"2024-07-01T08:52:14","slug":"relookage-salle-detude-fontaineroux","status":"publish","type":"post","link":"https:\/\/www.lyceelafayette.fr\/index.php\/2024\/07\/01\/relookage-salle-detude-fontaineroux\/","title":{"rendered":"Relookage salle d&rsquo;\u00e9tude Fontaineroux"},"content":{"rendered":"\n<p><strong>\u00abTout Homme a eu, ou aura besoin d\u2019un dessin pour faire passer son message\u00bb <\/strong><em>Helber<\/em>.<\/p>\n\n\n\n<p>C\u2019est certainement ce qu\u2019ont pu ressentir certains \u00e9l\u00e8ves du Lyc\u00e9e La Fayette lorsque l\u2019opportunit\u00e9 leur a \u00e9t\u00e9 donn\u00e9e, de transmettre des id\u00e9es, des souvenirs ou des passions en relookant leur salle d\u2019\u00e9tude.<\/p>\n\n\n\n<figure class=\"wp-block-image size-full\"><img loading=\"lazy\" decoding=\"async\" width=\"899\" height=\"1600\" src=\"https:\/\/www.lyceelafayette.fr\/wp-content\/uploads\/2024\/07\/image-1.png\" alt=\"\" class=\"wp-image-6765\"\/><\/figure>\n\n\n\n<p>Durant l\u2019ann\u00e9e scolaire 2023\/2024, 9 \u00e9l\u00e8ves ont d\u00e9cid\u00e9 de participer \u00e0 un projet de fresques murales dans leur salle de permanence, afin de lui apporter de la couleur et de la vie. Ces \u00e9l\u00e8ves ont pu peindre le fruit de leur imagination. Pour la plupart, c\u2019\u00e9tait une exp\u00e9rience nouvelle d\u2019utiliser des outils comme le r\u00e9tro projecteur afin de cr\u00e9er des dessins de grande taille sur des murs.<\/p>\n\n\n\n<figure class=\"wp-block-image size-full\"><img loading=\"lazy\" decoding=\"async\" width=\"899\" height=\"1600\" src=\"https:\/\/www.lyceelafayette.fr\/wp-content\/uploads\/2024\/07\/image.png\" alt=\"\" class=\"wp-image-6764\"\/><\/figure>\n\n\n\n<p>Voici ce qu\u2019ont pu exprimer certains d\u2019entre eux;<\/p>\n\n\n\n<p><strong>\u00abJ\u2019ai d\u00e9cid\u00e9 de participer \u00e0 ce projet car j\u2019ai aim\u00e9 l\u2019id\u00e9e d\u2018avoir une salle de permanence en couleur et vivante !\u00bb <\/strong><em>Ethan FERRER<\/em><\/p>\n\n\n\n<p><strong>\u00abJ\u2019aime beaucoup le dessin et j\u2019aimerais devenir meilleur dans cette discipline.\u00bb <\/strong><em>Djiby DIARRA<\/em><\/p>\n\n\n\n<p><strong>\u00abNous avons voulu d\u00e9velopper notre cr\u00e9ativit\u00e9 et partager notre passion pour l\u2019automobile&nbsp;\u00bb <\/strong><em>Antony CAMELO, Valentin CACHE et Mathieu BOREL<\/em><\/p>\n\n\n\n<p>Ce projet permettant d\u2019offrir un cadre de vie plus propice \u00e0 l\u2019\u00e9panouissement scolaire a remport\u00e9 un franc succ\u00e8s; il se poursuivra certainement au-del\u00e0 de cette ann\u00e9e.<\/p>\n\n\n\n<p>Thomas DEBRUYNE<\/p>\n","protected":false},"excerpt":{"rendered":"<p>\u00abTout Homme a eu, ou aura besoin d\u2019un dessin pour faire passer son message\u00bb Helber. C\u2019est certainement ce qu\u2019ont pu ressentir certains \u00e9l\u00e8ves du Lyc\u00e9e La Fayette lorsque l\u2019opportunit\u00e9 leur a \u00e9t\u00e9 donn\u00e9e, de transmettre des id\u00e9es, des souvenirs ou des passions en relookant leur salle d\u2019\u00e9tude. Durant l\u2019ann\u00e9e scolaire&#8230; <a class=\"continue-reading-link\" href=\"https:\/\/www.lyceelafayette.fr\/index.php\/2024\/07\/01\/relookage-salle-detude-fontaineroux\/\">lire la suite<\/a><\/p>\n","protected":false},"author":8,"featured_media":6764,"comment_status":"closed","ping_status":"open","sticky":false,"template":"","format":"standard","meta":{"footnotes":""},"categories":[98],"tags":[29,19],"class_list":["post-6757","post","type-post","status-publish","format-standard","has-post-thumbnail","hentry","category-informations-generales","tag-chantier","tag-pro"],"yoast_head":"<!-- This site is optimized with the Yoast SEO plugin v27.5 - https:\/\/yoast.com\/product\/yoast-seo-wordpress\/ -->\n<title>Relookage salle d&#039;\u00e9tude Fontaineroux - Lyc\u00e9e La Fayette<\/title>\n<meta name=\"robots\" content=\"index, follow, max-snippet:-1, max-image-preview:large, max-video-preview:-1\" \/>\n<link rel=\"canonical\" href=\"https:\/\/www.lyceelafayette.fr\/index.php\/2024\/07\/01\/relookage-salle-detude-fontaineroux\/\" \/>\n<meta property=\"og:locale\" content=\"fr_FR\" \/>\n<meta property=\"og:type\" content=\"article\" \/>\n<meta property=\"og:title\" content=\"Relookage salle d&#039;\u00e9tude Fontaineroux - Lyc\u00e9e La Fayette\" \/>\n<meta property=\"og:description\" content=\"\u00abTout Homme a eu, ou aura besoin d\u2019un dessin pour faire passer son message\u00bb Helber. C\u2019est certainement ce qu\u2019ont pu ressentir certains \u00e9l\u00e8ves du Lyc\u00e9e La Fayette lorsque l\u2019opportunit\u00e9 leur a \u00e9t\u00e9 donn\u00e9e, de transmettre des id\u00e9es, des souvenirs ou des passions en relookant leur salle d\u2019\u00e9tude. Durant l\u2019ann\u00e9e scolaire... lire la suite\" \/>\n<meta property=\"og:url\" content=\"https:\/\/www.lyceelafayette.fr\/index.php\/2024\/07\/01\/relookage-salle-detude-fontaineroux\/\" \/>\n<meta property=\"og:site_name\" content=\"Lyc\u00e9e La Fayette\" \/>\n<meta property=\"article:published_time\" content=\"2024-07-01T08:52:13+00:00\" \/>\n<meta property=\"article:modified_time\" content=\"2024-07-01T08:52:14+00:00\" \/>\n<meta property=\"og:image\" content=\"https:\/\/www.lyceelafayette.fr\/wp-content\/uploads\/2024\/07\/image.png\" \/>\n\t<meta property=\"og:image:width\" content=\"899\" \/>\n\t<meta property=\"og:image:height\" content=\"1600\" \/>\n\t<meta property=\"og:image:type\" content=\"image\/png\" \/>\n<meta name=\"author\" content=\"Alexandre Facchin\" \/>\n<meta name=\"twitter:card\" content=\"summary_large_image\" \/>\n<meta name=\"twitter:label1\" content=\"\u00c9crit par\" \/>\n\t<meta name=\"twitter:data1\" content=\"Alexandre Facchin\" \/>\n\t<meta name=\"twitter:label2\" content=\"Dur\u00e9e de lecture estim\u00e9e\" \/>\n\t<meta name=\"twitter:data2\" content=\"2 minutes\" \/>\n<script type=\"application\/ld+json\" class=\"yoast-schema-graph\">{\"@context\":\"https:\\\/\\\/schema.org\",\"@graph\":[{\"@type\":\"Article\",\"@id\":\"https:\\\/\\\/www.lyceelafayette.fr\\\/index.php\\\/2024\\\/07\\\/01\\\/relookage-salle-detude-fontaineroux\\\/#article\",\"isPartOf\":{\"@id\":\"https:\\\/\\\/www.lyceelafayette.fr\\\/index.php\\\/2024\\\/07\\\/01\\\/relookage-salle-detude-fontaineroux\\\/\"},\"author\":{\"name\":\"Alexandre Facchin\",\"@id\":\"https:\\\/\\\/www.lyceelafayette.fr\\\/#\\\/schema\\\/person\\\/ce6db8a1157d50329e1fd65f9a9b5df8\"},\"headline\":\"Relookage salle d&rsquo;\u00e9tude Fontaineroux\",\"datePublished\":\"2024-07-01T08:52:13+00:00\",\"dateModified\":\"2024-07-01T08:52:14+00:00\",\"mainEntityOfPage\":{\"@id\":\"https:\\\/\\\/www.lyceelafayette.fr\\\/index.php\\\/2024\\\/07\\\/01\\\/relookage-salle-detude-fontaineroux\\\/\"},\"wordCount\":241,\"publisher\":{\"@id\":\"https:\\\/\\\/www.lyceelafayette.fr\\\/#organization\"},\"image\":{\"@id\":\"https:\\\/\\\/www.lyceelafayette.fr\\\/index.php\\\/2024\\\/07\\\/01\\\/relookage-salle-detude-fontaineroux\\\/#primaryimage\"},\"thumbnailUrl\":\"https:\\\/\\\/www.lyceelafayette.fr\\\/wp-content\\\/uploads\\\/2024\\\/07\\\/image.png\",\"keywords\":[\"chantier\",\"PRO\"],\"articleSection\":[\"Informations generales\"],\"inLanguage\":\"fr-FR\"},{\"@type\":\"WebPage\",\"@id\":\"https:\\\/\\\/www.lyceelafayette.fr\\\/index.php\\\/2024\\\/07\\\/01\\\/relookage-salle-detude-fontaineroux\\\/\",\"url\":\"https:\\\/\\\/www.lyceelafayette.fr\\\/index.php\\\/2024\\\/07\\\/01\\\/relookage-salle-detude-fontaineroux\\\/\",\"name\":\"Relookage salle d'\u00e9tude Fontaineroux - Lyc\u00e9e La Fayette\",\"isPartOf\":{\"@id\":\"https:\\\/\\\/www.lyceelafayette.fr\\\/#website\"},\"primaryImageOfPage\":{\"@id\":\"https:\\\/\\\/www.lyceelafayette.fr\\\/index.php\\\/2024\\\/07\\\/01\\\/relookage-salle-detude-fontaineroux\\\/#primaryimage\"},\"image\":{\"@id\":\"https:\\\/\\\/www.lyceelafayette.fr\\\/index.php\\\/2024\\\/07\\\/01\\\/relookage-salle-detude-fontaineroux\\\/#primaryimage\"},\"thumbnailUrl\":\"https:\\\/\\\/www.lyceelafayette.fr\\\/wp-content\\\/uploads\\\/2024\\\/07\\\/image.png\",\"datePublished\":\"2024-07-01T08:52:13+00:00\",\"dateModified\":\"2024-07-01T08:52:14+00:00\",\"breadcrumb\":{\"@id\":\"https:\\\/\\\/www.lyceelafayette.fr\\\/index.php\\\/2024\\\/07\\\/01\\\/relookage-salle-detude-fontaineroux\\\/#breadcrumb\"},\"inLanguage\":\"fr-FR\",\"potentialAction\":[{\"@type\":\"ReadAction\",\"target\":[\"https:\\\/\\\/www.lyceelafayette.fr\\\/index.php\\\/2024\\\/07\\\/01\\\/relookage-salle-detude-fontaineroux\\\/\"]}]},{\"@type\":\"ImageObject\",\"inLanguage\":\"fr-FR\",\"@id\":\"https:\\\/\\\/www.lyceelafayette.fr\\\/index.php\\\/2024\\\/07\\\/01\\\/relookage-salle-detude-fontaineroux\\\/#primaryimage\",\"url\":\"https:\\\/\\\/www.lyceelafayette.fr\\\/wp-content\\\/uploads\\\/2024\\\/07\\\/image.png\",\"contentUrl\":\"https:\\\/\\\/www.lyceelafayette.fr\\\/wp-content\\\/uploads\\\/2024\\\/07\\\/image.png\",\"width\":899,\"height\":1600},{\"@type\":\"BreadcrumbList\",\"@id\":\"https:\\\/\\\/www.lyceelafayette.fr\\\/index.php\\\/2024\\\/07\\\/01\\\/relookage-salle-detude-fontaineroux\\\/#breadcrumb\",\"itemListElement\":[{\"@type\":\"ListItem\",\"position\":1,\"name\":\"Accueil\",\"item\":\"https:\\\/\\\/www.lyceelafayette.fr\\\/\"},{\"@type\":\"ListItem\",\"position\":2,\"name\":\"Relookage salle d&rsquo;\u00e9tude Fontaineroux\"}]},{\"@type\":\"WebSite\",\"@id\":\"https:\\\/\\\/www.lyceelafayette.fr\\\/#website\",\"url\":\"https:\\\/\\\/www.lyceelafayette.fr\\\/\",\"name\":\"Lyc\u00e9e La Fayette\",\"description\":\"\",\"publisher\":{\"@id\":\"https:\\\/\\\/www.lyceelafayette.fr\\\/#organization\"},\"potentialAction\":[{\"@type\":\"SearchAction\",\"target\":{\"@type\":\"EntryPoint\",\"urlTemplate\":\"https:\\\/\\\/www.lyceelafayette.fr\\\/?s={search_term_string}\"},\"query-input\":{\"@type\":\"PropertyValueSpecification\",\"valueRequired\":true,\"valueName\":\"search_term_string\"}}],\"inLanguage\":\"fr-FR\"},{\"@type\":\"Organization\",\"@id\":\"https:\\\/\\\/www.lyceelafayette.fr\\\/#organization\",\"name\":\"Lyc\u00e9e La Fayette\",\"url\":\"https:\\\/\\\/www.lyceelafayette.fr\\\/\",\"logo\":{\"@type\":\"ImageObject\",\"inLanguage\":\"fr-FR\",\"@id\":\"https:\\\/\\\/www.lyceelafayette.fr\\\/#\\\/schema\\\/logo\\\/image\\\/\",\"url\":\"https:\\\/\\\/www.lyceelafayette.fr\\\/wp-content\\\/uploads\\\/2019\\\/06\\\/llf_logo_alpha.png\",\"contentUrl\":\"https:\\\/\\\/www.lyceelafayette.fr\\\/wp-content\\\/uploads\\\/2019\\\/06\\\/llf_logo_alpha.png\",\"width\":1583,\"height\":792,\"caption\":\"Lyc\u00e9e La Fayette\"},\"image\":{\"@id\":\"https:\\\/\\\/www.lyceelafayette.fr\\\/#\\\/schema\\\/logo\\\/image\\\/\"},\"sameAs\":[\"https:\\\/\\\/www.youtube.com\\\/channel\\\/UC2AOQowoMGBKdY4ToZsf9mw\"]},{\"@type\":\"Person\",\"@id\":\"https:\\\/\\\/www.lyceelafayette.fr\\\/#\\\/schema\\\/person\\\/ce6db8a1157d50329e1fd65f9a9b5df8\",\"name\":\"Alexandre Facchin\",\"image\":{\"@type\":\"ImageObject\",\"inLanguage\":\"fr-FR\",\"@id\":\"https:\\\/\\\/secure.gravatar.com\\\/avatar\\\/c94ab2db74f6be2880cb92feeab1c3c9a55baee6dab0b6f9fbb80e1bc3336b7a?s=96&d=blank&r=g\",\"url\":\"https:\\\/\\\/secure.gravatar.com\\\/avatar\\\/c94ab2db74f6be2880cb92feeab1c3c9a55baee6dab0b6f9fbb80e1bc3336b7a?s=96&d=blank&r=g\",\"contentUrl\":\"https:\\\/\\\/secure.gravatar.com\\\/avatar\\\/c94ab2db74f6be2880cb92feeab1c3c9a55baee6dab0b6f9fbb80e1bc3336b7a?s=96&d=blank&r=g\",\"caption\":\"Alexandre Facchin\"},\"url\":\"https:\\\/\\\/www.lyceelafayette.fr\\\/index.php\\\/author\\\/admin\\\/\"}]}<\/script>\n<!-- \/ Yoast SEO plugin. -->","yoast_head_json":{"title":"Relookage salle d'\u00e9tude Fontaineroux - Lyc\u00e9e La Fayette","robots":{"index":"index","follow":"follow","max-snippet":"max-snippet:-1","max-image-preview":"max-image-preview:large","max-video-preview":"max-video-preview:-1"},"canonical":"https:\/\/www.lyceelafayette.fr\/index.php\/2024\/07\/01\/relookage-salle-detude-fontaineroux\/","og_locale":"fr_FR","og_type":"article","og_title":"Relookage salle d'\u00e9tude Fontaineroux - Lyc\u00e9e La Fayette","og_description":"\u00abTout Homme a eu, ou aura besoin d\u2019un dessin pour faire passer son message\u00bb Helber. C\u2019est certainement ce qu\u2019ont pu ressentir certains \u00e9l\u00e8ves du Lyc\u00e9e La Fayette lorsque l\u2019opportunit\u00e9 leur a \u00e9t\u00e9 donn\u00e9e, de transmettre des id\u00e9es, des souvenirs ou des passions en relookant leur salle d\u2019\u00e9tude. Durant l\u2019ann\u00e9e scolaire... lire la suite","og_url":"https:\/\/www.lyceelafayette.fr\/index.php\/2024\/07\/01\/relookage-salle-detude-fontaineroux\/","og_site_name":"Lyc\u00e9e La Fayette","article_published_time":"2024-07-01T08:52:13+00:00","article_modified_time":"2024-07-01T08:52:14+00:00","og_image":[{"width":899,"height":1600,"url":"https:\/\/www.lyceelafayette.fr\/wp-content\/uploads\/2024\/07\/image.png","type":"image\/png"}],"author":"Alexandre Facchin","twitter_card":"summary_large_image","twitter_misc":{"\u00c9crit par":"Alexandre Facchin","Dur\u00e9e de lecture estim\u00e9e":"2 minutes"},"schema":{"@context":"https:\/\/schema.org","@graph":[{"@type":"Article","@id":"https:\/\/www.lyceelafayette.fr\/index.php\/2024\/07\/01\/relookage-salle-detude-fontaineroux\/#article","isPartOf":{"@id":"https:\/\/www.lyceelafayette.fr\/index.php\/2024\/07\/01\/relookage-salle-detude-fontaineroux\/"},"author":{"name":"Alexandre Facchin","@id":"https:\/\/www.lyceelafayette.fr\/#\/schema\/person\/ce6db8a1157d50329e1fd65f9a9b5df8"},"headline":"Relookage salle d&rsquo;\u00e9tude Fontaineroux","datePublished":"2024-07-01T08:52:13+00:00","dateModified":"2024-07-01T08:52:14+00:00","mainEntityOfPage":{"@id":"https:\/\/www.lyceelafayette.fr\/index.php\/2024\/07\/01\/relookage-salle-detude-fontaineroux\/"},"wordCount":241,"publisher":{"@id":"https:\/\/www.lyceelafayette.fr\/#organization"},"image":{"@id":"https:\/\/www.lyceelafayette.fr\/index.php\/2024\/07\/01\/relookage-salle-detude-fontaineroux\/#primaryimage"},"thumbnailUrl":"https:\/\/www.lyceelafayette.fr\/wp-content\/uploads\/2024\/07\/image.png","keywords":["chantier","PRO"],"articleSection":["Informations generales"],"inLanguage":"fr-FR"},{"@type":"WebPage","@id":"https:\/\/www.lyceelafayette.fr\/index.php\/2024\/07\/01\/relookage-salle-detude-fontaineroux\/","url":"https:\/\/www.lyceelafayette.fr\/index.php\/2024\/07\/01\/relookage-salle-detude-fontaineroux\/","name":"Relookage salle d'\u00e9tude Fontaineroux - Lyc\u00e9e La Fayette","isPartOf":{"@id":"https:\/\/www.lyceelafayette.fr\/#website"},"primaryImageOfPage":{"@id":"https:\/\/www.lyceelafayette.fr\/index.php\/2024\/07\/01\/relookage-salle-detude-fontaineroux\/#primaryimage"},"image":{"@id":"https:\/\/www.lyceelafayette.fr\/index.php\/2024\/07\/01\/relookage-salle-detude-fontaineroux\/#primaryimage"},"thumbnailUrl":"https:\/\/www.lyceelafayette.fr\/wp-content\/uploads\/2024\/07\/image.png","datePublished":"2024-07-01T08:52:13+00:00","dateModified":"2024-07-01T08:52:14+00:00","breadcrumb":{"@id":"https:\/\/www.lyceelafayette.fr\/index.php\/2024\/07\/01\/relookage-salle-detude-fontaineroux\/#breadcrumb"},"inLanguage":"fr-FR","potentialAction":[{"@type":"ReadAction","target":["https:\/\/www.lyceelafayette.fr\/index.php\/2024\/07\/01\/relookage-salle-detude-fontaineroux\/"]}]},{"@type":"ImageObject","inLanguage":"fr-FR","@id":"https:\/\/www.lyceelafayette.fr\/index.php\/2024\/07\/01\/relookage-salle-detude-fontaineroux\/#primaryimage","url":"https:\/\/www.lyceelafayette.fr\/wp-content\/uploads\/2024\/07\/image.png","contentUrl":"https:\/\/www.lyceelafayette.fr\/wp-content\/uploads\/2024\/07\/image.png","width":899,"height":1600},{"@type":"BreadcrumbList","@id":"https:\/\/www.lyceelafayette.fr\/index.php\/2024\/07\/01\/relookage-salle-detude-fontaineroux\/#breadcrumb","itemListElement":[{"@type":"ListItem","position":1,"name":"Accueil","item":"https:\/\/www.lyceelafayette.fr\/"},{"@type":"ListItem","position":2,"name":"Relookage salle d&rsquo;\u00e9tude Fontaineroux"}]},{"@type":"WebSite","@id":"https:\/\/www.lyceelafayette.fr\/#website","url":"https:\/\/www.lyceelafayette.fr\/","name":"Lyc\u00e9e La Fayette","description":"","publisher":{"@id":"https:\/\/www.lyceelafayette.fr\/#organization"},"potentialAction":[{"@type":"SearchAction","target":{"@type":"EntryPoint","urlTemplate":"https:\/\/www.lyceelafayette.fr\/?s={search_term_string}"},"query-input":{"@type":"PropertyValueSpecification","valueRequired":true,"valueName":"search_term_string"}}],"inLanguage":"fr-FR"},{"@type":"Organization","@id":"https:\/\/www.lyceelafayette.fr\/#organization","name":"Lyc\u00e9e La Fayette","url":"https:\/\/www.lyceelafayette.fr\/","logo":{"@type":"ImageObject","inLanguage":"fr-FR","@id":"https:\/\/www.lyceelafayette.fr\/#\/schema\/logo\/image\/","url":"https:\/\/www.lyceelafayette.fr\/wp-content\/uploads\/2019\/06\/llf_logo_alpha.png","contentUrl":"https:\/\/www.lyceelafayette.fr\/wp-content\/uploads\/2019\/06\/llf_logo_alpha.png","width":1583,"height":792,"caption":"Lyc\u00e9e La Fayette"},"image":{"@id":"https:\/\/www.lyceelafayette.fr\/#\/schema\/logo\/image\/"},"sameAs":["https:\/\/www.youtube.com\/channel\/UC2AOQowoMGBKdY4ToZsf9mw"]},{"@type":"Person","@id":"https:\/\/www.lyceelafayette.fr\/#\/schema\/person\/ce6db8a1157d50329e1fd65f9a9b5df8","name":"Alexandre Facchin","image":{"@type":"ImageObject","inLanguage":"fr-FR","@id":"https:\/\/secure.gravatar.com\/avatar\/c94ab2db74f6be2880cb92feeab1c3c9a55baee6dab0b6f9fbb80e1bc3336b7a?s=96&d=blank&r=g","url":"https:\/\/secure.gravatar.com\/avatar\/c94ab2db74f6be2880cb92feeab1c3c9a55baee6dab0b6f9fbb80e1bc3336b7a?s=96&d=blank&r=g","contentUrl":"https:\/\/secure.gravatar.com\/avatar\/c94ab2db74f6be2880cb92feeab1c3c9a55baee6dab0b6f9fbb80e1bc3336b7a?s=96&d=blank&r=g","caption":"Alexandre Facchin"},"url":"https:\/\/www.lyceelafayette.fr\/index.php\/author\/admin\/"}]}},"_links":{"self":[{"href":"https:\/\/www.lyceelafayette.fr\/index.php\/wp-json\/wp\/v2\/posts\/6757","targetHints":{"allow":["GET"]}}],"collection":[{"href":"https:\/\/www.lyceelafayette.fr\/index.php\/wp-json\/wp\/v2\/posts"}],"about":[{"href":"https:\/\/www.lyceelafayette.fr\/index.php\/wp-json\/wp\/v2\/types\/post"}],"author":[{"embeddable":true,"href":"https:\/\/www.lyceelafayette.fr\/index.php\/wp-json\/wp\/v2\/users\/8"}],"replies":[{"embeddable":true,"href":"https:\/\/www.lyceelafayette.fr\/index.php\/wp-json\/wp\/v2\/comments?post=6757"}],"version-history":[{"count":2,"href":"https:\/\/www.lyceelafayette.fr\/index.php\/wp-json\/wp\/v2\/posts\/6757\/revisions"}],"predecessor-version":[{"id":6766,"href":"https:\/\/www.lyceelafayette.fr\/index.php\/wp-json\/wp\/v2\/posts\/6757\/revisions\/6766"}],"wp:featuredmedia":[{"embeddable":true,"href":"https:\/\/www.lyceelafayette.fr\/index.php\/wp-json\/wp\/v2\/media\/6764"}],"wp:attachment":[{"href":"https:\/\/www.lyceelafayette.fr\/index.php\/wp-json\/wp\/v2\/media?parent=6757"}],"wp:term":[{"taxonomy":"category","embeddable":true,"href":"https:\/\/www.lyceelafayette.fr\/index.php\/wp-json\/wp\/v2\/categories?post=6757"},{"taxonomy":"post_tag","embeddable":true,"href":"https:\/\/www.lyceelafayette.fr\/index.php\/wp-json\/wp\/v2\/tags?post=6757"}],"curies":[{"name":"wp","href":"https:\/\/api.w.org\/{rel}","templated":true}]}}