{"id":6751,"date":"2024-06-12T11:31:33","date_gmt":"2024-06-12T09:31:33","guid":{"rendered":"https:\/\/www.lyceelafayette.fr\/?p=6751"},"modified":"2024-08-29T16:16:34","modified_gmt":"2024-08-29T14:16:34","slug":"dossiers-dinscription-et-de-reinscription-en-ligne","status":"publish","type":"post","link":"https:\/\/www.lyceelafayette.fr\/index.php\/2024\/06\/12\/dossiers-dinscription-et-de-reinscription-en-ligne\/","title":{"rendered":"Dossiers d&rsquo;Inscription et de R\u00e9inscription en Ligne"},"content":{"rendered":"\n<p>Chers Parents et \u00c9l\u00e8ves,<\/p>\n\n\n\n<p>Nous sommes heureux de vous annoncer que les dossiers d&rsquo;inscription et de r\u00e9inscription pour l&rsquo;ann\u00e9e scolaire prochaine au Lyc\u00e9e La Fayette de Champagne-sur-Seine sont d\u00e9sormais disponibles en ligne.<\/p>\n\n\n\n<p>Pour acc\u00e9der aux formulaires et aux informations n\u00e9cessaires, veuillez vous rendre sur <a href=\"https:\/\/www.lyceelafayette.fr\/index.php\/inscriptions-et-reinscriptions\/\">INSCRIPTION ET REINSCRIPTION<\/a>. Nous vous invitons \u00e0 compl\u00e9ter et soumettre vos dossiers suivant <a href=\"https:\/\/www.lyceelafayette.fr\/index.php\/2024\/06\/07\/calendrier-des-inscriptions\/\">le calendrier pr\u00e9vu<\/a>.<\/p>\n\n\n\n<p>Pour toute question ou assistance, n&rsquo;h\u00e9sitez pas \u00e0 contacter <a href=\"https:\/\/www.lyceelafayette.fr\/index.php\/ouverture-du-secretariat-eleves\/\">notre secr\u00e9tariat<\/a>.<\/p>\n\n\n\n<p><strong>TOUTES les inscriptions auront lieu sur le site de CHAMPAGNE<\/strong><\/p>\n","protected":false},"excerpt":{"rendered":"<p>Chers Parents et \u00c9l\u00e8ves, Nous sommes heureux de vous annoncer que les dossiers d&rsquo;inscription et de r\u00e9inscription pour l&rsquo;ann\u00e9e scolaire prochaine au Lyc\u00e9e La Fayette de Champagne-sur-Seine sont d\u00e9sormais disponibles en ligne. Pour acc\u00e9der aux formulaires et aux informations n\u00e9cessaires, veuillez vous rendre sur INSCRIPTION ET REINSCRIPTION. Nous vous invitons&#8230; <a class=\"continue-reading-link\" href=\"https:\/\/www.lyceelafayette.fr\/index.php\/2024\/06\/12\/dossiers-dinscription-et-de-reinscription-en-ligne\/\">lire la suite<\/a><\/p>\n","protected":false},"author":8,"featured_media":263,"comment_status":"closed","ping_status":"open","sticky":false,"template":"","format":"standard","meta":{"footnotes":""},"categories":[93,98],"tags":[],"class_list":["post-6751","post","type-post","status-publish","format-standard","has-post-thumbnail","hentry","category-formations","category-informations-generales"],"yoast_head":"<!-- This site is optimized with the Yoast SEO plugin v27.5 - https:\/\/yoast.com\/product\/yoast-seo-wordpress\/ -->\n<title>Dossiers d&#039;Inscription et de R\u00e9inscription en Ligne - Lyc\u00e9e La Fayette<\/title>\n<meta name=\"robots\" content=\"index, follow, max-snippet:-1, max-image-preview:large, max-video-preview:-1\" \/>\n<link rel=\"canonical\" href=\"https:\/\/www.lyceelafayette.fr\/index.php\/2024\/06\/12\/dossiers-dinscription-et-de-reinscription-en-ligne\/\" \/>\n<meta property=\"og:locale\" content=\"fr_FR\" \/>\n<meta property=\"og:type\" content=\"article\" \/>\n<meta property=\"og:title\" content=\"Dossiers d&#039;Inscription et de R\u00e9inscription en Ligne - Lyc\u00e9e La Fayette\" \/>\n<meta property=\"og:description\" content=\"Chers Parents et \u00c9l\u00e8ves, Nous sommes heureux de vous annoncer que les dossiers d&rsquo;inscription et de r\u00e9inscription pour l&rsquo;ann\u00e9e scolaire prochaine au Lyc\u00e9e La Fayette de Champagne-sur-Seine sont d\u00e9sormais disponibles en ligne. Pour acc\u00e9der aux formulaires et aux informations n\u00e9cessaires, veuillez vous rendre sur INSCRIPTION ET REINSCRIPTION. Nous vous invitons... lire la suite\" \/>\n<meta property=\"og:url\" content=\"https:\/\/www.lyceelafayette.fr\/index.php\/2024\/06\/12\/dossiers-dinscription-et-de-reinscription-en-ligne\/\" \/>\n<meta property=\"og:site_name\" content=\"Lyc\u00e9e La Fayette\" \/>\n<meta property=\"article:published_time\" content=\"2024-06-12T09:31:33+00:00\" \/>\n<meta property=\"article:modified_time\" content=\"2024-08-29T14:16:34+00:00\" \/>\n<meta property=\"og:image\" content=\"https:\/\/www.lyceelafayette.fr\/wp-content\/uploads\/2019\/01\/llf_logo_alpha-small.png\" \/>\n\t<meta property=\"og:image:width\" content=\"240\" \/>\n\t<meta property=\"og:image:height\" content=\"120\" \/>\n\t<meta property=\"og:image:type\" content=\"image\/png\" \/>\n<meta name=\"author\" content=\"Alexandre Facchin\" \/>\n<meta name=\"twitter:card\" content=\"summary_large_image\" \/>\n<meta name=\"twitter:label1\" content=\"\u00c9crit par\" \/>\n\t<meta name=\"twitter:data1\" content=\"Alexandre Facchin\" \/>\n\t<meta name=\"twitter:label2\" content=\"Dur\u00e9e de lecture estim\u00e9e\" \/>\n\t<meta name=\"twitter:data2\" content=\"1 minute\" \/>\n<script type=\"application\/ld+json\" class=\"yoast-schema-graph\">{\"@context\":\"https:\\\/\\\/schema.org\",\"@graph\":[{\"@type\":\"Article\",\"@id\":\"https:\\\/\\\/www.lyceelafayette.fr\\\/index.php\\\/2024\\\/06\\\/12\\\/dossiers-dinscription-et-de-reinscription-en-ligne\\\/#article\",\"isPartOf\":{\"@id\":\"https:\\\/\\\/www.lyceelafayette.fr\\\/index.php\\\/2024\\\/06\\\/12\\\/dossiers-dinscription-et-de-reinscription-en-ligne\\\/\"},\"author\":{\"name\":\"Alexandre Facchin\",\"@id\":\"https:\\\/\\\/www.lyceelafayette.fr\\\/#\\\/schema\\\/person\\\/ce6db8a1157d50329e1fd65f9a9b5df8\"},\"headline\":\"Dossiers d&rsquo;Inscription et de R\u00e9inscription en Ligne\",\"datePublished\":\"2024-06-12T09:31:33+00:00\",\"dateModified\":\"2024-08-29T14:16:34+00:00\",\"mainEntityOfPage\":{\"@id\":\"https:\\\/\\\/www.lyceelafayette.fr\\\/index.php\\\/2024\\\/06\\\/12\\\/dossiers-dinscription-et-de-reinscription-en-ligne\\\/\"},\"wordCount\":102,\"publisher\":{\"@id\":\"https:\\\/\\\/www.lyceelafayette.fr\\\/#organization\"},\"image\":{\"@id\":\"https:\\\/\\\/www.lyceelafayette.fr\\\/index.php\\\/2024\\\/06\\\/12\\\/dossiers-dinscription-et-de-reinscription-en-ligne\\\/#primaryimage\"},\"thumbnailUrl\":\"https:\\\/\\\/www.lyceelafayette.fr\\\/wp-content\\\/uploads\\\/2019\\\/01\\\/llf_logo_alpha-small.png\",\"articleSection\":[\"formations\",\"Informations generales\"],\"inLanguage\":\"fr-FR\"},{\"@type\":\"WebPage\",\"@id\":\"https:\\\/\\\/www.lyceelafayette.fr\\\/index.php\\\/2024\\\/06\\\/12\\\/dossiers-dinscription-et-de-reinscription-en-ligne\\\/\",\"url\":\"https:\\\/\\\/www.lyceelafayette.fr\\\/index.php\\\/2024\\\/06\\\/12\\\/dossiers-dinscription-et-de-reinscription-en-ligne\\\/\",\"name\":\"Dossiers d'Inscription et de R\u00e9inscription en Ligne - Lyc\u00e9e La Fayette\",\"isPartOf\":{\"@id\":\"https:\\\/\\\/www.lyceelafayette.fr\\\/#website\"},\"primaryImageOfPage\":{\"@id\":\"https:\\\/\\\/www.lyceelafayette.fr\\\/index.php\\\/2024\\\/06\\\/12\\\/dossiers-dinscription-et-de-reinscription-en-ligne\\\/#primaryimage\"},\"image\":{\"@id\":\"https:\\\/\\\/www.lyceelafayette.fr\\\/index.php\\\/2024\\\/06\\\/12\\\/dossiers-dinscription-et-de-reinscription-en-ligne\\\/#primaryimage\"},\"thumbnailUrl\":\"https:\\\/\\\/www.lyceelafayette.fr\\\/wp-content\\\/uploads\\\/2019\\\/01\\\/llf_logo_alpha-small.png\",\"datePublished\":\"2024-06-12T09:31:33+00:00\",\"dateModified\":\"2024-08-29T14:16:34+00:00\",\"breadcrumb\":{\"@id\":\"https:\\\/\\\/www.lyceelafayette.fr\\\/index.php\\\/2024\\\/06\\\/12\\\/dossiers-dinscription-et-de-reinscription-en-ligne\\\/#breadcrumb\"},\"inLanguage\":\"fr-FR\",\"potentialAction\":[{\"@type\":\"ReadAction\",\"target\":[\"https:\\\/\\\/www.lyceelafayette.fr\\\/index.php\\\/2024\\\/06\\\/12\\\/dossiers-dinscription-et-de-reinscription-en-ligne\\\/\"]}]},{\"@type\":\"ImageObject\",\"inLanguage\":\"fr-FR\",\"@id\":\"https:\\\/\\\/www.lyceelafayette.fr\\\/index.php\\\/2024\\\/06\\\/12\\\/dossiers-dinscription-et-de-reinscription-en-ligne\\\/#primaryimage\",\"url\":\"https:\\\/\\\/www.lyceelafayette.fr\\\/wp-content\\\/uploads\\\/2019\\\/01\\\/llf_logo_alpha-small.png\",\"contentUrl\":\"https:\\\/\\\/www.lyceelafayette.fr\\\/wp-content\\\/uploads\\\/2019\\\/01\\\/llf_logo_alpha-small.png\",\"width\":240,\"height\":120,\"caption\":\"Lyc\u00e9e La Fayette\"},{\"@type\":\"BreadcrumbList\",\"@id\":\"https:\\\/\\\/www.lyceelafayette.fr\\\/index.php\\\/2024\\\/06\\\/12\\\/dossiers-dinscription-et-de-reinscription-en-ligne\\\/#breadcrumb\",\"itemListElement\":[{\"@type\":\"ListItem\",\"position\":1,\"name\":\"Accueil\",\"item\":\"https:\\\/\\\/www.lyceelafayette.fr\\\/\"},{\"@type\":\"ListItem\",\"position\":2,\"name\":\"Dossiers d&rsquo;Inscription et de R\u00e9inscription en Ligne\"}]},{\"@type\":\"WebSite\",\"@id\":\"https:\\\/\\\/www.lyceelafayette.fr\\\/#website\",\"url\":\"https:\\\/\\\/www.lyceelafayette.fr\\\/\",\"name\":\"Lyc\u00e9e La Fayette\",\"description\":\"\",\"publisher\":{\"@id\":\"https:\\\/\\\/www.lyceelafayette.fr\\\/#organization\"},\"potentialAction\":[{\"@type\":\"SearchAction\",\"target\":{\"@type\":\"EntryPoint\",\"urlTemplate\":\"https:\\\/\\\/www.lyceelafayette.fr\\\/?s={search_term_string}\"},\"query-input\":{\"@type\":\"PropertyValueSpecification\",\"valueRequired\":true,\"valueName\":\"search_term_string\"}}],\"inLanguage\":\"fr-FR\"},{\"@type\":\"Organization\",\"@id\":\"https:\\\/\\\/www.lyceelafayette.fr\\\/#organization\",\"name\":\"Lyc\u00e9e La Fayette\",\"url\":\"https:\\\/\\\/www.lyceelafayette.fr\\\/\",\"logo\":{\"@type\":\"ImageObject\",\"inLanguage\":\"fr-FR\",\"@id\":\"https:\\\/\\\/www.lyceelafayette.fr\\\/#\\\/schema\\\/logo\\\/image\\\/\",\"url\":\"https:\\\/\\\/www.lyceelafayette.fr\\\/wp-content\\\/uploads\\\/2019\\\/06\\\/llf_logo_alpha.png\",\"contentUrl\":\"https:\\\/\\\/www.lyceelafayette.fr\\\/wp-content\\\/uploads\\\/2019\\\/06\\\/llf_logo_alpha.png\",\"width\":1583,\"height\":792,\"caption\":\"Lyc\u00e9e La Fayette\"},\"image\":{\"@id\":\"https:\\\/\\\/www.lyceelafayette.fr\\\/#\\\/schema\\\/logo\\\/image\\\/\"},\"sameAs\":[\"https:\\\/\\\/www.youtube.com\\\/channel\\\/UC2AOQowoMGBKdY4ToZsf9mw\"]},{\"@type\":\"Person\",\"@id\":\"https:\\\/\\\/www.lyceelafayette.fr\\\/#\\\/schema\\\/person\\\/ce6db8a1157d50329e1fd65f9a9b5df8\",\"name\":\"Alexandre Facchin\",\"image\":{\"@type\":\"ImageObject\",\"inLanguage\":\"fr-FR\",\"@id\":\"https:\\\/\\\/secure.gravatar.com\\\/avatar\\\/c94ab2db74f6be2880cb92feeab1c3c9a55baee6dab0b6f9fbb80e1bc3336b7a?s=96&d=blank&r=g\",\"url\":\"https:\\\/\\\/secure.gravatar.com\\\/avatar\\\/c94ab2db74f6be2880cb92feeab1c3c9a55baee6dab0b6f9fbb80e1bc3336b7a?s=96&d=blank&r=g\",\"contentUrl\":\"https:\\\/\\\/secure.gravatar.com\\\/avatar\\\/c94ab2db74f6be2880cb92feeab1c3c9a55baee6dab0b6f9fbb80e1bc3336b7a?s=96&d=blank&r=g\",\"caption\":\"Alexandre Facchin\"},\"url\":\"https:\\\/\\\/www.lyceelafayette.fr\\\/index.php\\\/author\\\/admin\\\/\"}]}<\/script>\n<!-- \/ Yoast SEO plugin. -->","yoast_head_json":{"title":"Dossiers d'Inscription et de R\u00e9inscription en Ligne - Lyc\u00e9e La Fayette","robots":{"index":"index","follow":"follow","max-snippet":"max-snippet:-1","max-image-preview":"max-image-preview:large","max-video-preview":"max-video-preview:-1"},"canonical":"https:\/\/www.lyceelafayette.fr\/index.php\/2024\/06\/12\/dossiers-dinscription-et-de-reinscription-en-ligne\/","og_locale":"fr_FR","og_type":"article","og_title":"Dossiers d'Inscription et de R\u00e9inscription en Ligne - Lyc\u00e9e La Fayette","og_description":"Chers Parents et \u00c9l\u00e8ves, Nous sommes heureux de vous annoncer que les dossiers d&rsquo;inscription et de r\u00e9inscription pour l&rsquo;ann\u00e9e scolaire prochaine au Lyc\u00e9e La Fayette de Champagne-sur-Seine sont d\u00e9sormais disponibles en ligne. Pour acc\u00e9der aux formulaires et aux informations n\u00e9cessaires, veuillez vous rendre sur INSCRIPTION ET REINSCRIPTION. Nous vous invitons... lire la suite","og_url":"https:\/\/www.lyceelafayette.fr\/index.php\/2024\/06\/12\/dossiers-dinscription-et-de-reinscription-en-ligne\/","og_site_name":"Lyc\u00e9e La Fayette","article_published_time":"2024-06-12T09:31:33+00:00","article_modified_time":"2024-08-29T14:16:34+00:00","og_image":[{"width":240,"height":120,"url":"https:\/\/www.lyceelafayette.fr\/wp-content\/uploads\/2019\/01\/llf_logo_alpha-small.png","type":"image\/png"}],"author":"Alexandre Facchin","twitter_card":"summary_large_image","twitter_misc":{"\u00c9crit par":"Alexandre Facchin","Dur\u00e9e de lecture estim\u00e9e":"1 minute"},"schema":{"@context":"https:\/\/schema.org","@graph":[{"@type":"Article","@id":"https:\/\/www.lyceelafayette.fr\/index.php\/2024\/06\/12\/dossiers-dinscription-et-de-reinscription-en-ligne\/#article","isPartOf":{"@id":"https:\/\/www.lyceelafayette.fr\/index.php\/2024\/06\/12\/dossiers-dinscription-et-de-reinscription-en-ligne\/"},"author":{"name":"Alexandre Facchin","@id":"https:\/\/www.lyceelafayette.fr\/#\/schema\/person\/ce6db8a1157d50329e1fd65f9a9b5df8"},"headline":"Dossiers d&rsquo;Inscription et de R\u00e9inscription en Ligne","datePublished":"2024-06-12T09:31:33+00:00","dateModified":"2024-08-29T14:16:34+00:00","mainEntityOfPage":{"@id":"https:\/\/www.lyceelafayette.fr\/index.php\/2024\/06\/12\/dossiers-dinscription-et-de-reinscription-en-ligne\/"},"wordCount":102,"publisher":{"@id":"https:\/\/www.lyceelafayette.fr\/#organization"},"image":{"@id":"https:\/\/www.lyceelafayette.fr\/index.php\/2024\/06\/12\/dossiers-dinscription-et-de-reinscription-en-ligne\/#primaryimage"},"thumbnailUrl":"https:\/\/www.lyceelafayette.fr\/wp-content\/uploads\/2019\/01\/llf_logo_alpha-small.png","articleSection":["formations","Informations generales"],"inLanguage":"fr-FR"},{"@type":"WebPage","@id":"https:\/\/www.lyceelafayette.fr\/index.php\/2024\/06\/12\/dossiers-dinscription-et-de-reinscription-en-ligne\/","url":"https:\/\/www.lyceelafayette.fr\/index.php\/2024\/06\/12\/dossiers-dinscription-et-de-reinscription-en-ligne\/","name":"Dossiers d'Inscription et de R\u00e9inscription en Ligne - Lyc\u00e9e La Fayette","isPartOf":{"@id":"https:\/\/www.lyceelafayette.fr\/#website"},"primaryImageOfPage":{"@id":"https:\/\/www.lyceelafayette.fr\/index.php\/2024\/06\/12\/dossiers-dinscription-et-de-reinscription-en-ligne\/#primaryimage"},"image":{"@id":"https:\/\/www.lyceelafayette.fr\/index.php\/2024\/06\/12\/dossiers-dinscription-et-de-reinscription-en-ligne\/#primaryimage"},"thumbnailUrl":"https:\/\/www.lyceelafayette.fr\/wp-content\/uploads\/2019\/01\/llf_logo_alpha-small.png","datePublished":"2024-06-12T09:31:33+00:00","dateModified":"2024-08-29T14:16:34+00:00","breadcrumb":{"@id":"https:\/\/www.lyceelafayette.fr\/index.php\/2024\/06\/12\/dossiers-dinscription-et-de-reinscription-en-ligne\/#breadcrumb"},"inLanguage":"fr-FR","potentialAction":[{"@type":"ReadAction","target":["https:\/\/www.lyceelafayette.fr\/index.php\/2024\/06\/12\/dossiers-dinscription-et-de-reinscription-en-ligne\/"]}]},{"@type":"ImageObject","inLanguage":"fr-FR","@id":"https:\/\/www.lyceelafayette.fr\/index.php\/2024\/06\/12\/dossiers-dinscription-et-de-reinscription-en-ligne\/#primaryimage","url":"https:\/\/www.lyceelafayette.fr\/wp-content\/uploads\/2019\/01\/llf_logo_alpha-small.png","contentUrl":"https:\/\/www.lyceelafayette.fr\/wp-content\/uploads\/2019\/01\/llf_logo_alpha-small.png","width":240,"height":120,"caption":"Lyc\u00e9e La Fayette"},{"@type":"BreadcrumbList","@id":"https:\/\/www.lyceelafayette.fr\/index.php\/2024\/06\/12\/dossiers-dinscription-et-de-reinscription-en-ligne\/#breadcrumb","itemListElement":[{"@type":"ListItem","position":1,"name":"Accueil","item":"https:\/\/www.lyceelafayette.fr\/"},{"@type":"ListItem","position":2,"name":"Dossiers d&rsquo;Inscription et de R\u00e9inscription en Ligne"}]},{"@type":"WebSite","@id":"https:\/\/www.lyceelafayette.fr\/#website","url":"https:\/\/www.lyceelafayette.fr\/","name":"Lyc\u00e9e La Fayette","description":"","publisher":{"@id":"https:\/\/www.lyceelafayette.fr\/#organization"},"potentialAction":[{"@type":"SearchAction","target":{"@type":"EntryPoint","urlTemplate":"https:\/\/www.lyceelafayette.fr\/?s={search_term_string}"},"query-input":{"@type":"PropertyValueSpecification","valueRequired":true,"valueName":"search_term_string"}}],"inLanguage":"fr-FR"},{"@type":"Organization","@id":"https:\/\/www.lyceelafayette.fr\/#organization","name":"Lyc\u00e9e La Fayette","url":"https:\/\/www.lyceelafayette.fr\/","logo":{"@type":"ImageObject","inLanguage":"fr-FR","@id":"https:\/\/www.lyceelafayette.fr\/#\/schema\/logo\/image\/","url":"https:\/\/www.lyceelafayette.fr\/wp-content\/uploads\/2019\/06\/llf_logo_alpha.png","contentUrl":"https:\/\/www.lyceelafayette.fr\/wp-content\/uploads\/2019\/06\/llf_logo_alpha.png","width":1583,"height":792,"caption":"Lyc\u00e9e La Fayette"},"image":{"@id":"https:\/\/www.lyceelafayette.fr\/#\/schema\/logo\/image\/"},"sameAs":["https:\/\/www.youtube.com\/channel\/UC2AOQowoMGBKdY4ToZsf9mw"]},{"@type":"Person","@id":"https:\/\/www.lyceelafayette.fr\/#\/schema\/person\/ce6db8a1157d50329e1fd65f9a9b5df8","name":"Alexandre Facchin","image":{"@type":"ImageObject","inLanguage":"fr-FR","@id":"https:\/\/secure.gravatar.com\/avatar\/c94ab2db74f6be2880cb92feeab1c3c9a55baee6dab0b6f9fbb80e1bc3336b7a?s=96&d=blank&r=g","url":"https:\/\/secure.gravatar.com\/avatar\/c94ab2db74f6be2880cb92feeab1c3c9a55baee6dab0b6f9fbb80e1bc3336b7a?s=96&d=blank&r=g","contentUrl":"https:\/\/secure.gravatar.com\/avatar\/c94ab2db74f6be2880cb92feeab1c3c9a55baee6dab0b6f9fbb80e1bc3336b7a?s=96&d=blank&r=g","caption":"Alexandre Facchin"},"url":"https:\/\/www.lyceelafayette.fr\/index.php\/author\/admin\/"}]}},"_links":{"self":[{"href":"https:\/\/www.lyceelafayette.fr\/index.php\/wp-json\/wp\/v2\/posts\/6751","targetHints":{"allow":["GET"]}}],"collection":[{"href":"https:\/\/www.lyceelafayette.fr\/index.php\/wp-json\/wp\/v2\/posts"}],"about":[{"href":"https:\/\/www.lyceelafayette.fr\/index.php\/wp-json\/wp\/v2\/types\/post"}],"author":[{"embeddable":true,"href":"https:\/\/www.lyceelafayette.fr\/index.php\/wp-json\/wp\/v2\/users\/8"}],"replies":[{"embeddable":true,"href":"https:\/\/www.lyceelafayette.fr\/index.php\/wp-json\/wp\/v2\/comments?post=6751"}],"version-history":[{"count":2,"href":"https:\/\/www.lyceelafayette.fr\/index.php\/wp-json\/wp\/v2\/posts\/6751\/revisions"}],"predecessor-version":[{"id":6755,"href":"https:\/\/www.lyceelafayette.fr\/index.php\/wp-json\/wp\/v2\/posts\/6751\/revisions\/6755"}],"wp:featuredmedia":[{"embeddable":true,"href":"https:\/\/www.lyceelafayette.fr\/index.php\/wp-json\/wp\/v2\/media\/263"}],"wp:attachment":[{"href":"https:\/\/www.lyceelafayette.fr\/index.php\/wp-json\/wp\/v2\/media?parent=6751"}],"wp:term":[{"taxonomy":"category","embeddable":true,"href":"https:\/\/www.lyceelafayette.fr\/index.php\/wp-json\/wp\/v2\/categories?post=6751"},{"taxonomy":"post_tag","embeddable":true,"href":"https:\/\/www.lyceelafayette.fr\/index.php\/wp-json\/wp\/v2\/tags?post=6751"}],"curies":[{"name":"wp","href":"https:\/\/api.w.org\/{rel}","templated":true}]}}