{"id":6733,"date":"2024-06-07T17:13:50","date_gmt":"2024-06-07T15:13:50","guid":{"rendered":"https:\/\/www.lyceelafayette.fr\/?p=6733"},"modified":"2024-09-13T08:12:02","modified_gmt":"2024-09-13T06:12:02","slug":"periode-de-pfmp-2024-2025","status":"publish","type":"post","link":"https:\/\/www.lyceelafayette.fr\/index.php\/2024\/06\/07\/periode-de-pfmp-2024-2025\/","title":{"rendered":"P\u00e9riode de PFMP 2024-2025"},"content":{"rendered":"\n<figure class=\"wp-block-image size-full\"><img loading=\"lazy\" decoding=\"async\" width=\"2198\" height=\"1108\" src=\"https:\/\/www.lyceelafayette.fr\/wp-content\/uploads\/2024\/06\/image.png\" alt=\"\" class=\"wp-image-6735\"\/><\/figure>\n\n\n\n<div class=\"wp-block-file\"><a id=\"wp-block-file--media-61a4b000-9732-4449-b41b-d3eec240c927\" href=\"https:\/\/www.lyceelafayette.fr\/wp-content\/uploads\/2024\/06\/06_06_2024-Planning-PFMP-2024-2025.pdf\">06_06_2024-Planning-PFMP-2024-2025<\/a><a href=\"https:\/\/www.lyceelafayette.fr\/wp-content\/uploads\/2024\/06\/06_06_2024-Planning-PFMP-2024-2025.pdf\" class=\"wp-block-file__button wp-element-button\" download aria-describedby=\"wp-block-file--media-61a4b000-9732-4449-b41b-d3eec240c927\">T\u00e9l\u00e9charger<\/a><\/div>\n\n\n\n<p>La P\u00e9riode de Formation en Milieu Professionnel (PFMP) est une \u00e9tape cl\u00e9 dans le parcours des \u00e9l\u00e8ves du lyc\u00e9e Lafayette. Pour l\u2019ann\u00e9e scolaire 2024-2025, ces p\u00e9riodes s&rsquo;\u00e9taleront tout au long de l\u2019ann\u00e9e et permettront aux \u00e9tudiants de BTS et aux lyc\u00e9ens des fili\u00e8res professionnelles de se plonger dans la r\u00e9alit\u00e9 du monde du travail.<\/p>\n\n\n\n<p>Les PFMP offrent aux \u00e9l\u00e8ves l\u2019occasion de mettre en pratique leurs comp\u00e9tences acquises en cours, de d\u00e9couvrir les exigences du milieu professionnel, et surtout, de d\u00e9velopper des contacts pr\u00e9cieux pour leur future insertion professionnelle. Ces stages sont non seulement une opportunit\u00e9 d\u2019apprentissage, mais aussi un moment privil\u00e9gi\u00e9 pour affiner leur projet professionnel.<\/p>\n\n\n\n<p>Chacun d\u2019entre eux est accompagn\u00e9 et suivi tout au long de cette p\u00e9riode afin de maximiser les b\u00e9n\u00e9fices de cette immersion en entreprise. Une exp\u00e9rience qui, souvent, ouvre de nouvelles perspectives et confirme la passion des \u00e9l\u00e8ves pour leur domaine.<\/p>\n\n\n\n<p>Bonne chance \u00e0 tous pour cette nouvelle ann\u00e9e de PFMP !<\/p>\n","protected":false},"excerpt":{"rendered":"<p>La P\u00e9riode de Formation en Milieu Professionnel (PFMP) est une \u00e9tape cl\u00e9 dans le parcours des \u00e9l\u00e8ves du lyc\u00e9e Lafayette. Pour l\u2019ann\u00e9e scolaire 2024-2025, ces p\u00e9riodes s&rsquo;\u00e9taleront tout au long de l\u2019ann\u00e9e et permettront aux \u00e9tudiants de BTS et aux lyc\u00e9ens des fili\u00e8res professionnelles de se plonger dans la r\u00e9alit\u00e9&#8230; <a class=\"continue-reading-link\" href=\"https:\/\/www.lyceelafayette.fr\/index.php\/2024\/06\/07\/periode-de-pfmp-2024-2025\/\">lire la suite<\/a><\/p>\n","protected":false},"author":8,"featured_media":6735,"comment_status":"closed","ping_status":"open","sticky":false,"template":"","format":"standard","meta":{"footnotes":""},"categories":[93,98],"tags":[],"class_list":["post-6733","post","type-post","status-publish","format-standard","has-post-thumbnail","hentry","category-formations","category-informations-generales"],"yoast_head":"<!-- This site is optimized with the Yoast SEO plugin v27.5 - https:\/\/yoast.com\/product\/yoast-seo-wordpress\/ -->\n<title>P\u00e9riode de PFMP 2024-2025 - Lyc\u00e9e La Fayette<\/title>\n<meta name=\"robots\" content=\"index, follow, max-snippet:-1, max-image-preview:large, max-video-preview:-1\" \/>\n<link rel=\"canonical\" href=\"https:\/\/www.lyceelafayette.fr\/index.php\/2024\/06\/07\/periode-de-pfmp-2024-2025\/\" \/>\n<meta property=\"og:locale\" content=\"fr_FR\" \/>\n<meta property=\"og:type\" content=\"article\" \/>\n<meta property=\"og:title\" content=\"P\u00e9riode de PFMP 2024-2025 - Lyc\u00e9e La Fayette\" \/>\n<meta property=\"og:description\" content=\"La P\u00e9riode de Formation en Milieu Professionnel (PFMP) est une \u00e9tape cl\u00e9 dans le parcours des \u00e9l\u00e8ves du lyc\u00e9e Lafayette. Pour l\u2019ann\u00e9e scolaire 2024-2025, ces p\u00e9riodes s&rsquo;\u00e9taleront tout au long de l\u2019ann\u00e9e et permettront aux \u00e9tudiants de BTS et aux lyc\u00e9ens des fili\u00e8res professionnelles de se plonger dans la r\u00e9alit\u00e9... lire la suite\" \/>\n<meta property=\"og:url\" content=\"https:\/\/www.lyceelafayette.fr\/index.php\/2024\/06\/07\/periode-de-pfmp-2024-2025\/\" \/>\n<meta property=\"og:site_name\" content=\"Lyc\u00e9e La Fayette\" \/>\n<meta property=\"article:published_time\" content=\"2024-06-07T15:13:50+00:00\" \/>\n<meta property=\"article:modified_time\" content=\"2024-09-13T06:12:02+00:00\" \/>\n<meta property=\"og:image\" content=\"https:\/\/www.lyceelafayette.fr\/wp-content\/uploads\/2024\/06\/image.png\" \/>\n\t<meta property=\"og:image:width\" content=\"2198\" \/>\n\t<meta property=\"og:image:height\" content=\"1108\" \/>\n\t<meta property=\"og:image:type\" content=\"image\/png\" \/>\n<meta name=\"author\" content=\"Alexandre Facchin\" \/>\n<meta name=\"twitter:card\" content=\"summary_large_image\" \/>\n<meta name=\"twitter:label1\" content=\"\u00c9crit par\" \/>\n\t<meta name=\"twitter:data1\" content=\"Alexandre Facchin\" \/>\n\t<meta name=\"twitter:label2\" content=\"Dur\u00e9e de lecture estim\u00e9e\" \/>\n\t<meta name=\"twitter:data2\" content=\"2 minutes\" \/>\n<script type=\"application\/ld+json\" class=\"yoast-schema-graph\">{\"@context\":\"https:\\\/\\\/schema.org\",\"@graph\":[{\"@type\":\"Article\",\"@id\":\"https:\\\/\\\/www.lyceelafayette.fr\\\/index.php\\\/2024\\\/06\\\/07\\\/periode-de-pfmp-2024-2025\\\/#article\",\"isPartOf\":{\"@id\":\"https:\\\/\\\/www.lyceelafayette.fr\\\/index.php\\\/2024\\\/06\\\/07\\\/periode-de-pfmp-2024-2025\\\/\"},\"author\":{\"name\":\"Alexandre Facchin\",\"@id\":\"https:\\\/\\\/www.lyceelafayette.fr\\\/#\\\/schema\\\/person\\\/ce6db8a1157d50329e1fd65f9a9b5df8\"},\"headline\":\"P\u00e9riode de PFMP 2024-2025\",\"datePublished\":\"2024-06-07T15:13:50+00:00\",\"dateModified\":\"2024-09-13T06:12:02+00:00\",\"mainEntityOfPage\":{\"@id\":\"https:\\\/\\\/www.lyceelafayette.fr\\\/index.php\\\/2024\\\/06\\\/07\\\/periode-de-pfmp-2024-2025\\\/\"},\"wordCount\":192,\"publisher\":{\"@id\":\"https:\\\/\\\/www.lyceelafayette.fr\\\/#organization\"},\"image\":{\"@id\":\"https:\\\/\\\/www.lyceelafayette.fr\\\/index.php\\\/2024\\\/06\\\/07\\\/periode-de-pfmp-2024-2025\\\/#primaryimage\"},\"thumbnailUrl\":\"https:\\\/\\\/www.lyceelafayette.fr\\\/wp-content\\\/uploads\\\/2024\\\/06\\\/image.png\",\"articleSection\":[\"formations\",\"Informations generales\"],\"inLanguage\":\"fr-FR\"},{\"@type\":\"WebPage\",\"@id\":\"https:\\\/\\\/www.lyceelafayette.fr\\\/index.php\\\/2024\\\/06\\\/07\\\/periode-de-pfmp-2024-2025\\\/\",\"url\":\"https:\\\/\\\/www.lyceelafayette.fr\\\/index.php\\\/2024\\\/06\\\/07\\\/periode-de-pfmp-2024-2025\\\/\",\"name\":\"P\u00e9riode de PFMP 2024-2025 - Lyc\u00e9e La Fayette\",\"isPartOf\":{\"@id\":\"https:\\\/\\\/www.lyceelafayette.fr\\\/#website\"},\"primaryImageOfPage\":{\"@id\":\"https:\\\/\\\/www.lyceelafayette.fr\\\/index.php\\\/2024\\\/06\\\/07\\\/periode-de-pfmp-2024-2025\\\/#primaryimage\"},\"image\":{\"@id\":\"https:\\\/\\\/www.lyceelafayette.fr\\\/index.php\\\/2024\\\/06\\\/07\\\/periode-de-pfmp-2024-2025\\\/#primaryimage\"},\"thumbnailUrl\":\"https:\\\/\\\/www.lyceelafayette.fr\\\/wp-content\\\/uploads\\\/2024\\\/06\\\/image.png\",\"datePublished\":\"2024-06-07T15:13:50+00:00\",\"dateModified\":\"2024-09-13T06:12:02+00:00\",\"breadcrumb\":{\"@id\":\"https:\\\/\\\/www.lyceelafayette.fr\\\/index.php\\\/2024\\\/06\\\/07\\\/periode-de-pfmp-2024-2025\\\/#breadcrumb\"},\"inLanguage\":\"fr-FR\",\"potentialAction\":[{\"@type\":\"ReadAction\",\"target\":[\"https:\\\/\\\/www.lyceelafayette.fr\\\/index.php\\\/2024\\\/06\\\/07\\\/periode-de-pfmp-2024-2025\\\/\"]}]},{\"@type\":\"ImageObject\",\"inLanguage\":\"fr-FR\",\"@id\":\"https:\\\/\\\/www.lyceelafayette.fr\\\/index.php\\\/2024\\\/06\\\/07\\\/periode-de-pfmp-2024-2025\\\/#primaryimage\",\"url\":\"https:\\\/\\\/www.lyceelafayette.fr\\\/wp-content\\\/uploads\\\/2024\\\/06\\\/image.png\",\"contentUrl\":\"https:\\\/\\\/www.lyceelafayette.fr\\\/wp-content\\\/uploads\\\/2024\\\/06\\\/image.png\",\"width\":2198,\"height\":1108},{\"@type\":\"BreadcrumbList\",\"@id\":\"https:\\\/\\\/www.lyceelafayette.fr\\\/index.php\\\/2024\\\/06\\\/07\\\/periode-de-pfmp-2024-2025\\\/#breadcrumb\",\"itemListElement\":[{\"@type\":\"ListItem\",\"position\":1,\"name\":\"Accueil\",\"item\":\"https:\\\/\\\/www.lyceelafayette.fr\\\/\"},{\"@type\":\"ListItem\",\"position\":2,\"name\":\"P\u00e9riode de PFMP 2024-2025\"}]},{\"@type\":\"WebSite\",\"@id\":\"https:\\\/\\\/www.lyceelafayette.fr\\\/#website\",\"url\":\"https:\\\/\\\/www.lyceelafayette.fr\\\/\",\"name\":\"Lyc\u00e9e La Fayette\",\"description\":\"\",\"publisher\":{\"@id\":\"https:\\\/\\\/www.lyceelafayette.fr\\\/#organization\"},\"potentialAction\":[{\"@type\":\"SearchAction\",\"target\":{\"@type\":\"EntryPoint\",\"urlTemplate\":\"https:\\\/\\\/www.lyceelafayette.fr\\\/?s={search_term_string}\"},\"query-input\":{\"@type\":\"PropertyValueSpecification\",\"valueRequired\":true,\"valueName\":\"search_term_string\"}}],\"inLanguage\":\"fr-FR\"},{\"@type\":\"Organization\",\"@id\":\"https:\\\/\\\/www.lyceelafayette.fr\\\/#organization\",\"name\":\"Lyc\u00e9e La Fayette\",\"url\":\"https:\\\/\\\/www.lyceelafayette.fr\\\/\",\"logo\":{\"@type\":\"ImageObject\",\"inLanguage\":\"fr-FR\",\"@id\":\"https:\\\/\\\/www.lyceelafayette.fr\\\/#\\\/schema\\\/logo\\\/image\\\/\",\"url\":\"https:\\\/\\\/www.lyceelafayette.fr\\\/wp-content\\\/uploads\\\/2019\\\/06\\\/llf_logo_alpha.png\",\"contentUrl\":\"https:\\\/\\\/www.lyceelafayette.fr\\\/wp-content\\\/uploads\\\/2019\\\/06\\\/llf_logo_alpha.png\",\"width\":1583,\"height\":792,\"caption\":\"Lyc\u00e9e La Fayette\"},\"image\":{\"@id\":\"https:\\\/\\\/www.lyceelafayette.fr\\\/#\\\/schema\\\/logo\\\/image\\\/\"},\"sameAs\":[\"https:\\\/\\\/www.youtube.com\\\/channel\\\/UC2AOQowoMGBKdY4ToZsf9mw\"]},{\"@type\":\"Person\",\"@id\":\"https:\\\/\\\/www.lyceelafayette.fr\\\/#\\\/schema\\\/person\\\/ce6db8a1157d50329e1fd65f9a9b5df8\",\"name\":\"Alexandre Facchin\",\"image\":{\"@type\":\"ImageObject\",\"inLanguage\":\"fr-FR\",\"@id\":\"https:\\\/\\\/secure.gravatar.com\\\/avatar\\\/c94ab2db74f6be2880cb92feeab1c3c9a55baee6dab0b6f9fbb80e1bc3336b7a?s=96&d=blank&r=g\",\"url\":\"https:\\\/\\\/secure.gravatar.com\\\/avatar\\\/c94ab2db74f6be2880cb92feeab1c3c9a55baee6dab0b6f9fbb80e1bc3336b7a?s=96&d=blank&r=g\",\"contentUrl\":\"https:\\\/\\\/secure.gravatar.com\\\/avatar\\\/c94ab2db74f6be2880cb92feeab1c3c9a55baee6dab0b6f9fbb80e1bc3336b7a?s=96&d=blank&r=g\",\"caption\":\"Alexandre Facchin\"},\"url\":\"https:\\\/\\\/www.lyceelafayette.fr\\\/index.php\\\/author\\\/admin\\\/\"}]}<\/script>\n<!-- \/ Yoast SEO plugin. -->","yoast_head_json":{"title":"P\u00e9riode de PFMP 2024-2025 - Lyc\u00e9e La Fayette","robots":{"index":"index","follow":"follow","max-snippet":"max-snippet:-1","max-image-preview":"max-image-preview:large","max-video-preview":"max-video-preview:-1"},"canonical":"https:\/\/www.lyceelafayette.fr\/index.php\/2024\/06\/07\/periode-de-pfmp-2024-2025\/","og_locale":"fr_FR","og_type":"article","og_title":"P\u00e9riode de PFMP 2024-2025 - Lyc\u00e9e La Fayette","og_description":"La P\u00e9riode de Formation en Milieu Professionnel (PFMP) est une \u00e9tape cl\u00e9 dans le parcours des \u00e9l\u00e8ves du lyc\u00e9e Lafayette. Pour l\u2019ann\u00e9e scolaire 2024-2025, ces p\u00e9riodes s&rsquo;\u00e9taleront tout au long de l\u2019ann\u00e9e et permettront aux \u00e9tudiants de BTS et aux lyc\u00e9ens des fili\u00e8res professionnelles de se plonger dans la r\u00e9alit\u00e9... lire la suite","og_url":"https:\/\/www.lyceelafayette.fr\/index.php\/2024\/06\/07\/periode-de-pfmp-2024-2025\/","og_site_name":"Lyc\u00e9e La Fayette","article_published_time":"2024-06-07T15:13:50+00:00","article_modified_time":"2024-09-13T06:12:02+00:00","og_image":[{"width":2198,"height":1108,"url":"https:\/\/www.lyceelafayette.fr\/wp-content\/uploads\/2024\/06\/image.png","type":"image\/png"}],"author":"Alexandre Facchin","twitter_card":"summary_large_image","twitter_misc":{"\u00c9crit par":"Alexandre Facchin","Dur\u00e9e de lecture estim\u00e9e":"2 minutes"},"schema":{"@context":"https:\/\/schema.org","@graph":[{"@type":"Article","@id":"https:\/\/www.lyceelafayette.fr\/index.php\/2024\/06\/07\/periode-de-pfmp-2024-2025\/#article","isPartOf":{"@id":"https:\/\/www.lyceelafayette.fr\/index.php\/2024\/06\/07\/periode-de-pfmp-2024-2025\/"},"author":{"name":"Alexandre Facchin","@id":"https:\/\/www.lyceelafayette.fr\/#\/schema\/person\/ce6db8a1157d50329e1fd65f9a9b5df8"},"headline":"P\u00e9riode de PFMP 2024-2025","datePublished":"2024-06-07T15:13:50+00:00","dateModified":"2024-09-13T06:12:02+00:00","mainEntityOfPage":{"@id":"https:\/\/www.lyceelafayette.fr\/index.php\/2024\/06\/07\/periode-de-pfmp-2024-2025\/"},"wordCount":192,"publisher":{"@id":"https:\/\/www.lyceelafayette.fr\/#organization"},"image":{"@id":"https:\/\/www.lyceelafayette.fr\/index.php\/2024\/06\/07\/periode-de-pfmp-2024-2025\/#primaryimage"},"thumbnailUrl":"https:\/\/www.lyceelafayette.fr\/wp-content\/uploads\/2024\/06\/image.png","articleSection":["formations","Informations generales"],"inLanguage":"fr-FR"},{"@type":"WebPage","@id":"https:\/\/www.lyceelafayette.fr\/index.php\/2024\/06\/07\/periode-de-pfmp-2024-2025\/","url":"https:\/\/www.lyceelafayette.fr\/index.php\/2024\/06\/07\/periode-de-pfmp-2024-2025\/","name":"P\u00e9riode de PFMP 2024-2025 - Lyc\u00e9e La Fayette","isPartOf":{"@id":"https:\/\/www.lyceelafayette.fr\/#website"},"primaryImageOfPage":{"@id":"https:\/\/www.lyceelafayette.fr\/index.php\/2024\/06\/07\/periode-de-pfmp-2024-2025\/#primaryimage"},"image":{"@id":"https:\/\/www.lyceelafayette.fr\/index.php\/2024\/06\/07\/periode-de-pfmp-2024-2025\/#primaryimage"},"thumbnailUrl":"https:\/\/www.lyceelafayette.fr\/wp-content\/uploads\/2024\/06\/image.png","datePublished":"2024-06-07T15:13:50+00:00","dateModified":"2024-09-13T06:12:02+00:00","breadcrumb":{"@id":"https:\/\/www.lyceelafayette.fr\/index.php\/2024\/06\/07\/periode-de-pfmp-2024-2025\/#breadcrumb"},"inLanguage":"fr-FR","potentialAction":[{"@type":"ReadAction","target":["https:\/\/www.lyceelafayette.fr\/index.php\/2024\/06\/07\/periode-de-pfmp-2024-2025\/"]}]},{"@type":"ImageObject","inLanguage":"fr-FR","@id":"https:\/\/www.lyceelafayette.fr\/index.php\/2024\/06\/07\/periode-de-pfmp-2024-2025\/#primaryimage","url":"https:\/\/www.lyceelafayette.fr\/wp-content\/uploads\/2024\/06\/image.png","contentUrl":"https:\/\/www.lyceelafayette.fr\/wp-content\/uploads\/2024\/06\/image.png","width":2198,"height":1108},{"@type":"BreadcrumbList","@id":"https:\/\/www.lyceelafayette.fr\/index.php\/2024\/06\/07\/periode-de-pfmp-2024-2025\/#breadcrumb","itemListElement":[{"@type":"ListItem","position":1,"name":"Accueil","item":"https:\/\/www.lyceelafayette.fr\/"},{"@type":"ListItem","position":2,"name":"P\u00e9riode de PFMP 2024-2025"}]},{"@type":"WebSite","@id":"https:\/\/www.lyceelafayette.fr\/#website","url":"https:\/\/www.lyceelafayette.fr\/","name":"Lyc\u00e9e La Fayette","description":"","publisher":{"@id":"https:\/\/www.lyceelafayette.fr\/#organization"},"potentialAction":[{"@type":"SearchAction","target":{"@type":"EntryPoint","urlTemplate":"https:\/\/www.lyceelafayette.fr\/?s={search_term_string}"},"query-input":{"@type":"PropertyValueSpecification","valueRequired":true,"valueName":"search_term_string"}}],"inLanguage":"fr-FR"},{"@type":"Organization","@id":"https:\/\/www.lyceelafayette.fr\/#organization","name":"Lyc\u00e9e La Fayette","url":"https:\/\/www.lyceelafayette.fr\/","logo":{"@type":"ImageObject","inLanguage":"fr-FR","@id":"https:\/\/www.lyceelafayette.fr\/#\/schema\/logo\/image\/","url":"https:\/\/www.lyceelafayette.fr\/wp-content\/uploads\/2019\/06\/llf_logo_alpha.png","contentUrl":"https:\/\/www.lyceelafayette.fr\/wp-content\/uploads\/2019\/06\/llf_logo_alpha.png","width":1583,"height":792,"caption":"Lyc\u00e9e La Fayette"},"image":{"@id":"https:\/\/www.lyceelafayette.fr\/#\/schema\/logo\/image\/"},"sameAs":["https:\/\/www.youtube.com\/channel\/UC2AOQowoMGBKdY4ToZsf9mw"]},{"@type":"Person","@id":"https:\/\/www.lyceelafayette.fr\/#\/schema\/person\/ce6db8a1157d50329e1fd65f9a9b5df8","name":"Alexandre Facchin","image":{"@type":"ImageObject","inLanguage":"fr-FR","@id":"https:\/\/secure.gravatar.com\/avatar\/c94ab2db74f6be2880cb92feeab1c3c9a55baee6dab0b6f9fbb80e1bc3336b7a?s=96&d=blank&r=g","url":"https:\/\/secure.gravatar.com\/avatar\/c94ab2db74f6be2880cb92feeab1c3c9a55baee6dab0b6f9fbb80e1bc3336b7a?s=96&d=blank&r=g","contentUrl":"https:\/\/secure.gravatar.com\/avatar\/c94ab2db74f6be2880cb92feeab1c3c9a55baee6dab0b6f9fbb80e1bc3336b7a?s=96&d=blank&r=g","caption":"Alexandre Facchin"},"url":"https:\/\/www.lyceelafayette.fr\/index.php\/author\/admin\/"}]}},"_links":{"self":[{"href":"https:\/\/www.lyceelafayette.fr\/index.php\/wp-json\/wp\/v2\/posts\/6733","targetHints":{"allow":["GET"]}}],"collection":[{"href":"https:\/\/www.lyceelafayette.fr\/index.php\/wp-json\/wp\/v2\/posts"}],"about":[{"href":"https:\/\/www.lyceelafayette.fr\/index.php\/wp-json\/wp\/v2\/types\/post"}],"author":[{"embeddable":true,"href":"https:\/\/www.lyceelafayette.fr\/index.php\/wp-json\/wp\/v2\/users\/8"}],"replies":[{"embeddable":true,"href":"https:\/\/www.lyceelafayette.fr\/index.php\/wp-json\/wp\/v2\/comments?post=6733"}],"version-history":[{"count":2,"href":"https:\/\/www.lyceelafayette.fr\/index.php\/wp-json\/wp\/v2\/posts\/6733\/revisions"}],"predecessor-version":[{"id":6797,"href":"https:\/\/www.lyceelafayette.fr\/index.php\/wp-json\/wp\/v2\/posts\/6733\/revisions\/6797"}],"wp:featuredmedia":[{"embeddable":true,"href":"https:\/\/www.lyceelafayette.fr\/index.php\/wp-json\/wp\/v2\/media\/6735"}],"wp:attachment":[{"href":"https:\/\/www.lyceelafayette.fr\/index.php\/wp-json\/wp\/v2\/media?parent=6733"}],"wp:term":[{"taxonomy":"category","embeddable":true,"href":"https:\/\/www.lyceelafayette.fr\/index.php\/wp-json\/wp\/v2\/categories?post=6733"},{"taxonomy":"post_tag","embeddable":true,"href":"https:\/\/www.lyceelafayette.fr\/index.php\/wp-json\/wp\/v2\/tags?post=6733"}],"curies":[{"name":"wp","href":"https:\/\/api.w.org\/{rel}","templated":true}]}}