{"id":6708,"date":"2024-05-24T15:52:55","date_gmt":"2024-05-24T13:52:55","guid":{"rendered":"https:\/\/www.lyceelafayette.fr\/?p=6708"},"modified":"2024-05-24T15:52:56","modified_gmt":"2024-05-24T13:52:56","slug":"jour-3-visitar-la-ciudad-de-las-artes-y-las-ciencias","status":"publish","type":"post","link":"https:\/\/www.lyceelafayette.fr\/index.php\/2024\/05\/24\/jour-3-visitar-la-ciudad-de-las-artes-y-las-ciencias\/","title":{"rendered":"Jour 3 :\u00a0visitar la Ciudad de las Artes y las Ciencias"},"content":{"rendered":"\n<p>el mi\u00e9rcoles fuimos a visitar la Ciudad de las Artes y las Ciencias que se sit\u00faa en la parte moderna de la ciudad. Despu\u00e9s tuvimos la suerte de ver una pel\u00edcula en un plan\u00e9tarium. Era incre\u00edble !<br>Por la tarde visitamos el Oceanografic. Es lo que hemos preferido.<br>Terminamos con un tiempo libre en un centro comercial.<br>Lorenzo Vilanova<\/p>\n\n\n\n<figure class=\"wp-block-image size-full\"><img loading=\"lazy\" decoding=\"async\" width=\"480\" height=\"640\" src=\"https:\/\/www.lyceelafayette.fr\/wp-content\/uploads\/2024\/05\/image-9.png\" alt=\"\" class=\"wp-image-6709\"\/><\/figure>\n\n\n\n<figure class=\"wp-block-image size-full\"><img loading=\"lazy\" decoding=\"async\" width=\"480\" height=\"640\" src=\"https:\/\/www.lyceelafayette.fr\/wp-content\/uploads\/2024\/05\/image-10.png\" alt=\"\" class=\"wp-image-6710\"\/><\/figure>\n\n\n\n<figure class=\"wp-block-image size-full\"><img loading=\"lazy\" decoding=\"async\" width=\"480\" height=\"640\" src=\"https:\/\/www.lyceelafayette.fr\/wp-content\/uploads\/2024\/05\/image-11.png\" alt=\"\" class=\"wp-image-6711\"\/><\/figure>\n\n\n\n<figure class=\"wp-block-image size-full\"><img loading=\"lazy\" decoding=\"async\" width=\"480\" height=\"640\" src=\"https:\/\/www.lyceelafayette.fr\/wp-content\/uploads\/2024\/05\/image-12.png\" alt=\"\" class=\"wp-image-6712\"\/><\/figure>\n\n\n\n<figure class=\"wp-block-image size-full\"><img loading=\"lazy\" decoding=\"async\" width=\"480\" height=\"640\" src=\"https:\/\/www.lyceelafayette.fr\/wp-content\/uploads\/2024\/05\/image-13.png\" alt=\"\" class=\"wp-image-6713\"\/><\/figure>\n","protected":false},"excerpt":{"rendered":"<p>el mi\u00e9rcoles fuimos a visitar la Ciudad de las Artes y las Ciencias que se sit\u00faa en la parte moderna de la ciudad. Despu\u00e9s tuvimos la suerte de ver una pel\u00edcula en un plan\u00e9tarium. Era incre\u00edble !Por la tarde visitamos el Oceanografic. Es lo que hemos preferido.Terminamos con un tiempo&#8230; <a class=\"continue-reading-link\" href=\"https:\/\/www.lyceelafayette.fr\/index.php\/2024\/05\/24\/jour-3-visitar-la-ciudad-de-las-artes-y-las-ciencias\/\">lire la suite<\/a><\/p>\n","protected":false},"author":8,"featured_media":6710,"comment_status":"closed","ping_status":"open","sticky":false,"template":"","format":"standard","meta":{"footnotes":""},"categories":[5],"tags":[141],"class_list":["post-6708","post","type-post","status-publish","format-standard","has-post-thumbnail","hentry","category-sorties","tag-espagne"],"yoast_head":"<!-- This site is optimized with the Yoast SEO plugin v27.5 - https:\/\/yoast.com\/product\/yoast-seo-wordpress\/ -->\n<title>Jour 3 :\u00a0visitar la Ciudad de las Artes y las Ciencias - Lyc\u00e9e La Fayette<\/title>\n<meta name=\"robots\" content=\"index, follow, max-snippet:-1, max-image-preview:large, max-video-preview:-1\" \/>\n<link rel=\"canonical\" href=\"https:\/\/www.lyceelafayette.fr\/index.php\/2024\/05\/24\/jour-3-visitar-la-ciudad-de-las-artes-y-las-ciencias\/\" \/>\n<meta property=\"og:locale\" content=\"fr_FR\" \/>\n<meta property=\"og:type\" content=\"article\" \/>\n<meta property=\"og:title\" content=\"Jour 3 :\u00a0visitar la Ciudad de las Artes y las Ciencias - Lyc\u00e9e La Fayette\" \/>\n<meta property=\"og:description\" content=\"el mi\u00e9rcoles fuimos a visitar la Ciudad de las Artes y las Ciencias que se sit\u00faa en la parte moderna de la ciudad. Despu\u00e9s tuvimos la suerte de ver una pel\u00edcula en un plan\u00e9tarium. Era incre\u00edble !Por la tarde visitamos el Oceanografic. Es lo que hemos preferido.Terminamos con un tiempo... lire la suite\" \/>\n<meta property=\"og:url\" content=\"https:\/\/www.lyceelafayette.fr\/index.php\/2024\/05\/24\/jour-3-visitar-la-ciudad-de-las-artes-y-las-ciencias\/\" \/>\n<meta property=\"og:site_name\" content=\"Lyc\u00e9e La Fayette\" \/>\n<meta property=\"article:published_time\" content=\"2024-05-24T13:52:55+00:00\" \/>\n<meta property=\"article:modified_time\" content=\"2024-05-24T13:52:56+00:00\" \/>\n<meta property=\"og:image\" content=\"https:\/\/www.lyceelafayette.fr\/wp-content\/uploads\/2024\/05\/image-10.png\" \/>\n\t<meta property=\"og:image:width\" content=\"480\" \/>\n\t<meta property=\"og:image:height\" content=\"640\" \/>\n\t<meta property=\"og:image:type\" content=\"image\/png\" \/>\n<meta name=\"author\" content=\"Alexandre Facchin\" \/>\n<meta name=\"twitter:card\" content=\"summary_large_image\" \/>\n<meta name=\"twitter:label1\" content=\"\u00c9crit par\" \/>\n\t<meta name=\"twitter:data1\" content=\"Alexandre Facchin\" \/>\n\t<meta name=\"twitter:label2\" content=\"Dur\u00e9e de lecture estim\u00e9e\" \/>\n\t<meta name=\"twitter:data2\" content=\"2 minutes\" \/>\n<script type=\"application\/ld+json\" class=\"yoast-schema-graph\">{\"@context\":\"https:\\\/\\\/schema.org\",\"@graph\":[{\"@type\":\"Article\",\"@id\":\"https:\\\/\\\/www.lyceelafayette.fr\\\/index.php\\\/2024\\\/05\\\/24\\\/jour-3-visitar-la-ciudad-de-las-artes-y-las-ciencias\\\/#article\",\"isPartOf\":{\"@id\":\"https:\\\/\\\/www.lyceelafayette.fr\\\/index.php\\\/2024\\\/05\\\/24\\\/jour-3-visitar-la-ciudad-de-las-artes-y-las-ciencias\\\/\"},\"author\":{\"name\":\"Alexandre Facchin\",\"@id\":\"https:\\\/\\\/www.lyceelafayette.fr\\\/#\\\/schema\\\/person\\\/ce6db8a1157d50329e1fd65f9a9b5df8\"},\"headline\":\"Jour 3 :\u00a0visitar la Ciudad de las Artes y las Ciencias\",\"datePublished\":\"2024-05-24T13:52:55+00:00\",\"dateModified\":\"2024-05-24T13:52:56+00:00\",\"mainEntityOfPage\":{\"@id\":\"https:\\\/\\\/www.lyceelafayette.fr\\\/index.php\\\/2024\\\/05\\\/24\\\/jour-3-visitar-la-ciudad-de-las-artes-y-las-ciencias\\\/\"},\"wordCount\":74,\"publisher\":{\"@id\":\"https:\\\/\\\/www.lyceelafayette.fr\\\/#organization\"},\"image\":{\"@id\":\"https:\\\/\\\/www.lyceelafayette.fr\\\/index.php\\\/2024\\\/05\\\/24\\\/jour-3-visitar-la-ciudad-de-las-artes-y-las-ciencias\\\/#primaryimage\"},\"thumbnailUrl\":\"https:\\\/\\\/www.lyceelafayette.fr\\\/wp-content\\\/uploads\\\/2024\\\/05\\\/image-10.png\",\"keywords\":[\"espagne\"],\"articleSection\":[\"sorties\"],\"inLanguage\":\"fr-FR\"},{\"@type\":\"WebPage\",\"@id\":\"https:\\\/\\\/www.lyceelafayette.fr\\\/index.php\\\/2024\\\/05\\\/24\\\/jour-3-visitar-la-ciudad-de-las-artes-y-las-ciencias\\\/\",\"url\":\"https:\\\/\\\/www.lyceelafayette.fr\\\/index.php\\\/2024\\\/05\\\/24\\\/jour-3-visitar-la-ciudad-de-las-artes-y-las-ciencias\\\/\",\"name\":\"Jour 3 :\u00a0visitar la Ciudad de las Artes y las Ciencias - Lyc\u00e9e La Fayette\",\"isPartOf\":{\"@id\":\"https:\\\/\\\/www.lyceelafayette.fr\\\/#website\"},\"primaryImageOfPage\":{\"@id\":\"https:\\\/\\\/www.lyceelafayette.fr\\\/index.php\\\/2024\\\/05\\\/24\\\/jour-3-visitar-la-ciudad-de-las-artes-y-las-ciencias\\\/#primaryimage\"},\"image\":{\"@id\":\"https:\\\/\\\/www.lyceelafayette.fr\\\/index.php\\\/2024\\\/05\\\/24\\\/jour-3-visitar-la-ciudad-de-las-artes-y-las-ciencias\\\/#primaryimage\"},\"thumbnailUrl\":\"https:\\\/\\\/www.lyceelafayette.fr\\\/wp-content\\\/uploads\\\/2024\\\/05\\\/image-10.png\",\"datePublished\":\"2024-05-24T13:52:55+00:00\",\"dateModified\":\"2024-05-24T13:52:56+00:00\",\"breadcrumb\":{\"@id\":\"https:\\\/\\\/www.lyceelafayette.fr\\\/index.php\\\/2024\\\/05\\\/24\\\/jour-3-visitar-la-ciudad-de-las-artes-y-las-ciencias\\\/#breadcrumb\"},\"inLanguage\":\"fr-FR\",\"potentialAction\":[{\"@type\":\"ReadAction\",\"target\":[\"https:\\\/\\\/www.lyceelafayette.fr\\\/index.php\\\/2024\\\/05\\\/24\\\/jour-3-visitar-la-ciudad-de-las-artes-y-las-ciencias\\\/\"]}]},{\"@type\":\"ImageObject\",\"inLanguage\":\"fr-FR\",\"@id\":\"https:\\\/\\\/www.lyceelafayette.fr\\\/index.php\\\/2024\\\/05\\\/24\\\/jour-3-visitar-la-ciudad-de-las-artes-y-las-ciencias\\\/#primaryimage\",\"url\":\"https:\\\/\\\/www.lyceelafayette.fr\\\/wp-content\\\/uploads\\\/2024\\\/05\\\/image-10.png\",\"contentUrl\":\"https:\\\/\\\/www.lyceelafayette.fr\\\/wp-content\\\/uploads\\\/2024\\\/05\\\/image-10.png\",\"width\":480,\"height\":640},{\"@type\":\"BreadcrumbList\",\"@id\":\"https:\\\/\\\/www.lyceelafayette.fr\\\/index.php\\\/2024\\\/05\\\/24\\\/jour-3-visitar-la-ciudad-de-las-artes-y-las-ciencias\\\/#breadcrumb\",\"itemListElement\":[{\"@type\":\"ListItem\",\"position\":1,\"name\":\"Accueil\",\"item\":\"https:\\\/\\\/www.lyceelafayette.fr\\\/\"},{\"@type\":\"ListItem\",\"position\":2,\"name\":\"Jour 3 :\u00a0visitar la Ciudad de las Artes y las Ciencias\"}]},{\"@type\":\"WebSite\",\"@id\":\"https:\\\/\\\/www.lyceelafayette.fr\\\/#website\",\"url\":\"https:\\\/\\\/www.lyceelafayette.fr\\\/\",\"name\":\"Lyc\u00e9e La Fayette\",\"description\":\"\",\"publisher\":{\"@id\":\"https:\\\/\\\/www.lyceelafayette.fr\\\/#organization\"},\"potentialAction\":[{\"@type\":\"SearchAction\",\"target\":{\"@type\":\"EntryPoint\",\"urlTemplate\":\"https:\\\/\\\/www.lyceelafayette.fr\\\/?s={search_term_string}\"},\"query-input\":{\"@type\":\"PropertyValueSpecification\",\"valueRequired\":true,\"valueName\":\"search_term_string\"}}],\"inLanguage\":\"fr-FR\"},{\"@type\":\"Organization\",\"@id\":\"https:\\\/\\\/www.lyceelafayette.fr\\\/#organization\",\"name\":\"Lyc\u00e9e La Fayette\",\"url\":\"https:\\\/\\\/www.lyceelafayette.fr\\\/\",\"logo\":{\"@type\":\"ImageObject\",\"inLanguage\":\"fr-FR\",\"@id\":\"https:\\\/\\\/www.lyceelafayette.fr\\\/#\\\/schema\\\/logo\\\/image\\\/\",\"url\":\"https:\\\/\\\/www.lyceelafayette.fr\\\/wp-content\\\/uploads\\\/2019\\\/06\\\/llf_logo_alpha.png\",\"contentUrl\":\"https:\\\/\\\/www.lyceelafayette.fr\\\/wp-content\\\/uploads\\\/2019\\\/06\\\/llf_logo_alpha.png\",\"width\":1583,\"height\":792,\"caption\":\"Lyc\u00e9e La Fayette\"},\"image\":{\"@id\":\"https:\\\/\\\/www.lyceelafayette.fr\\\/#\\\/schema\\\/logo\\\/image\\\/\"},\"sameAs\":[\"https:\\\/\\\/www.youtube.com\\\/channel\\\/UC2AOQowoMGBKdY4ToZsf9mw\"]},{\"@type\":\"Person\",\"@id\":\"https:\\\/\\\/www.lyceelafayette.fr\\\/#\\\/schema\\\/person\\\/ce6db8a1157d50329e1fd65f9a9b5df8\",\"name\":\"Alexandre Facchin\",\"image\":{\"@type\":\"ImageObject\",\"inLanguage\":\"fr-FR\",\"@id\":\"https:\\\/\\\/secure.gravatar.com\\\/avatar\\\/c94ab2db74f6be2880cb92feeab1c3c9a55baee6dab0b6f9fbb80e1bc3336b7a?s=96&d=blank&r=g\",\"url\":\"https:\\\/\\\/secure.gravatar.com\\\/avatar\\\/c94ab2db74f6be2880cb92feeab1c3c9a55baee6dab0b6f9fbb80e1bc3336b7a?s=96&d=blank&r=g\",\"contentUrl\":\"https:\\\/\\\/secure.gravatar.com\\\/avatar\\\/c94ab2db74f6be2880cb92feeab1c3c9a55baee6dab0b6f9fbb80e1bc3336b7a?s=96&d=blank&r=g\",\"caption\":\"Alexandre Facchin\"},\"url\":\"https:\\\/\\\/www.lyceelafayette.fr\\\/index.php\\\/author\\\/admin\\\/\"}]}<\/script>\n<!-- \/ Yoast SEO plugin. -->","yoast_head_json":{"title":"Jour 3 :\u00a0visitar la Ciudad de las Artes y las Ciencias - Lyc\u00e9e La Fayette","robots":{"index":"index","follow":"follow","max-snippet":"max-snippet:-1","max-image-preview":"max-image-preview:large","max-video-preview":"max-video-preview:-1"},"canonical":"https:\/\/www.lyceelafayette.fr\/index.php\/2024\/05\/24\/jour-3-visitar-la-ciudad-de-las-artes-y-las-ciencias\/","og_locale":"fr_FR","og_type":"article","og_title":"Jour 3 :\u00a0visitar la Ciudad de las Artes y las Ciencias - Lyc\u00e9e La Fayette","og_description":"el mi\u00e9rcoles fuimos a visitar la Ciudad de las Artes y las Ciencias que se sit\u00faa en la parte moderna de la ciudad. Despu\u00e9s tuvimos la suerte de ver una pel\u00edcula en un plan\u00e9tarium. Era incre\u00edble !Por la tarde visitamos el Oceanografic. Es lo que hemos preferido.Terminamos con un tiempo... lire la suite","og_url":"https:\/\/www.lyceelafayette.fr\/index.php\/2024\/05\/24\/jour-3-visitar-la-ciudad-de-las-artes-y-las-ciencias\/","og_site_name":"Lyc\u00e9e La Fayette","article_published_time":"2024-05-24T13:52:55+00:00","article_modified_time":"2024-05-24T13:52:56+00:00","og_image":[{"width":480,"height":640,"url":"https:\/\/www.lyceelafayette.fr\/wp-content\/uploads\/2024\/05\/image-10.png","type":"image\/png"}],"author":"Alexandre Facchin","twitter_card":"summary_large_image","twitter_misc":{"\u00c9crit par":"Alexandre Facchin","Dur\u00e9e de lecture estim\u00e9e":"2 minutes"},"schema":{"@context":"https:\/\/schema.org","@graph":[{"@type":"Article","@id":"https:\/\/www.lyceelafayette.fr\/index.php\/2024\/05\/24\/jour-3-visitar-la-ciudad-de-las-artes-y-las-ciencias\/#article","isPartOf":{"@id":"https:\/\/www.lyceelafayette.fr\/index.php\/2024\/05\/24\/jour-3-visitar-la-ciudad-de-las-artes-y-las-ciencias\/"},"author":{"name":"Alexandre Facchin","@id":"https:\/\/www.lyceelafayette.fr\/#\/schema\/person\/ce6db8a1157d50329e1fd65f9a9b5df8"},"headline":"Jour 3 :\u00a0visitar la Ciudad de las Artes y las Ciencias","datePublished":"2024-05-24T13:52:55+00:00","dateModified":"2024-05-24T13:52:56+00:00","mainEntityOfPage":{"@id":"https:\/\/www.lyceelafayette.fr\/index.php\/2024\/05\/24\/jour-3-visitar-la-ciudad-de-las-artes-y-las-ciencias\/"},"wordCount":74,"publisher":{"@id":"https:\/\/www.lyceelafayette.fr\/#organization"},"image":{"@id":"https:\/\/www.lyceelafayette.fr\/index.php\/2024\/05\/24\/jour-3-visitar-la-ciudad-de-las-artes-y-las-ciencias\/#primaryimage"},"thumbnailUrl":"https:\/\/www.lyceelafayette.fr\/wp-content\/uploads\/2024\/05\/image-10.png","keywords":["espagne"],"articleSection":["sorties"],"inLanguage":"fr-FR"},{"@type":"WebPage","@id":"https:\/\/www.lyceelafayette.fr\/index.php\/2024\/05\/24\/jour-3-visitar-la-ciudad-de-las-artes-y-las-ciencias\/","url":"https:\/\/www.lyceelafayette.fr\/index.php\/2024\/05\/24\/jour-3-visitar-la-ciudad-de-las-artes-y-las-ciencias\/","name":"Jour 3 :\u00a0visitar la Ciudad de las Artes y las Ciencias - Lyc\u00e9e La Fayette","isPartOf":{"@id":"https:\/\/www.lyceelafayette.fr\/#website"},"primaryImageOfPage":{"@id":"https:\/\/www.lyceelafayette.fr\/index.php\/2024\/05\/24\/jour-3-visitar-la-ciudad-de-las-artes-y-las-ciencias\/#primaryimage"},"image":{"@id":"https:\/\/www.lyceelafayette.fr\/index.php\/2024\/05\/24\/jour-3-visitar-la-ciudad-de-las-artes-y-las-ciencias\/#primaryimage"},"thumbnailUrl":"https:\/\/www.lyceelafayette.fr\/wp-content\/uploads\/2024\/05\/image-10.png","datePublished":"2024-05-24T13:52:55+00:00","dateModified":"2024-05-24T13:52:56+00:00","breadcrumb":{"@id":"https:\/\/www.lyceelafayette.fr\/index.php\/2024\/05\/24\/jour-3-visitar-la-ciudad-de-las-artes-y-las-ciencias\/#breadcrumb"},"inLanguage":"fr-FR","potentialAction":[{"@type":"ReadAction","target":["https:\/\/www.lyceelafayette.fr\/index.php\/2024\/05\/24\/jour-3-visitar-la-ciudad-de-las-artes-y-las-ciencias\/"]}]},{"@type":"ImageObject","inLanguage":"fr-FR","@id":"https:\/\/www.lyceelafayette.fr\/index.php\/2024\/05\/24\/jour-3-visitar-la-ciudad-de-las-artes-y-las-ciencias\/#primaryimage","url":"https:\/\/www.lyceelafayette.fr\/wp-content\/uploads\/2024\/05\/image-10.png","contentUrl":"https:\/\/www.lyceelafayette.fr\/wp-content\/uploads\/2024\/05\/image-10.png","width":480,"height":640},{"@type":"BreadcrumbList","@id":"https:\/\/www.lyceelafayette.fr\/index.php\/2024\/05\/24\/jour-3-visitar-la-ciudad-de-las-artes-y-las-ciencias\/#breadcrumb","itemListElement":[{"@type":"ListItem","position":1,"name":"Accueil","item":"https:\/\/www.lyceelafayette.fr\/"},{"@type":"ListItem","position":2,"name":"Jour 3 :\u00a0visitar la Ciudad de las Artes y las Ciencias"}]},{"@type":"WebSite","@id":"https:\/\/www.lyceelafayette.fr\/#website","url":"https:\/\/www.lyceelafayette.fr\/","name":"Lyc\u00e9e La Fayette","description":"","publisher":{"@id":"https:\/\/www.lyceelafayette.fr\/#organization"},"potentialAction":[{"@type":"SearchAction","target":{"@type":"EntryPoint","urlTemplate":"https:\/\/www.lyceelafayette.fr\/?s={search_term_string}"},"query-input":{"@type":"PropertyValueSpecification","valueRequired":true,"valueName":"search_term_string"}}],"inLanguage":"fr-FR"},{"@type":"Organization","@id":"https:\/\/www.lyceelafayette.fr\/#organization","name":"Lyc\u00e9e La Fayette","url":"https:\/\/www.lyceelafayette.fr\/","logo":{"@type":"ImageObject","inLanguage":"fr-FR","@id":"https:\/\/www.lyceelafayette.fr\/#\/schema\/logo\/image\/","url":"https:\/\/www.lyceelafayette.fr\/wp-content\/uploads\/2019\/06\/llf_logo_alpha.png","contentUrl":"https:\/\/www.lyceelafayette.fr\/wp-content\/uploads\/2019\/06\/llf_logo_alpha.png","width":1583,"height":792,"caption":"Lyc\u00e9e La Fayette"},"image":{"@id":"https:\/\/www.lyceelafayette.fr\/#\/schema\/logo\/image\/"},"sameAs":["https:\/\/www.youtube.com\/channel\/UC2AOQowoMGBKdY4ToZsf9mw"]},{"@type":"Person","@id":"https:\/\/www.lyceelafayette.fr\/#\/schema\/person\/ce6db8a1157d50329e1fd65f9a9b5df8","name":"Alexandre Facchin","image":{"@type":"ImageObject","inLanguage":"fr-FR","@id":"https:\/\/secure.gravatar.com\/avatar\/c94ab2db74f6be2880cb92feeab1c3c9a55baee6dab0b6f9fbb80e1bc3336b7a?s=96&d=blank&r=g","url":"https:\/\/secure.gravatar.com\/avatar\/c94ab2db74f6be2880cb92feeab1c3c9a55baee6dab0b6f9fbb80e1bc3336b7a?s=96&d=blank&r=g","contentUrl":"https:\/\/secure.gravatar.com\/avatar\/c94ab2db74f6be2880cb92feeab1c3c9a55baee6dab0b6f9fbb80e1bc3336b7a?s=96&d=blank&r=g","caption":"Alexandre Facchin"},"url":"https:\/\/www.lyceelafayette.fr\/index.php\/author\/admin\/"}]}},"_links":{"self":[{"href":"https:\/\/www.lyceelafayette.fr\/index.php\/wp-json\/wp\/v2\/posts\/6708","targetHints":{"allow":["GET"]}}],"collection":[{"href":"https:\/\/www.lyceelafayette.fr\/index.php\/wp-json\/wp\/v2\/posts"}],"about":[{"href":"https:\/\/www.lyceelafayette.fr\/index.php\/wp-json\/wp\/v2\/types\/post"}],"author":[{"embeddable":true,"href":"https:\/\/www.lyceelafayette.fr\/index.php\/wp-json\/wp\/v2\/users\/8"}],"replies":[{"embeddable":true,"href":"https:\/\/www.lyceelafayette.fr\/index.php\/wp-json\/wp\/v2\/comments?post=6708"}],"version-history":[{"count":1,"href":"https:\/\/www.lyceelafayette.fr\/index.php\/wp-json\/wp\/v2\/posts\/6708\/revisions"}],"predecessor-version":[{"id":6714,"href":"https:\/\/www.lyceelafayette.fr\/index.php\/wp-json\/wp\/v2\/posts\/6708\/revisions\/6714"}],"wp:featuredmedia":[{"embeddable":true,"href":"https:\/\/www.lyceelafayette.fr\/index.php\/wp-json\/wp\/v2\/media\/6710"}],"wp:attachment":[{"href":"https:\/\/www.lyceelafayette.fr\/index.php\/wp-json\/wp\/v2\/media?parent=6708"}],"wp:term":[{"taxonomy":"category","embeddable":true,"href":"https:\/\/www.lyceelafayette.fr\/index.php\/wp-json\/wp\/v2\/categories?post=6708"},{"taxonomy":"post_tag","embeddable":true,"href":"https:\/\/www.lyceelafayette.fr\/index.php\/wp-json\/wp\/v2\/tags?post=6708"}],"curies":[{"name":"wp","href":"https:\/\/api.w.org\/{rel}","templated":true}]}}