{"id":6691,"date":"2024-05-18T18:05:48","date_gmt":"2024-05-18T16:05:48","guid":{"rendered":"https:\/\/www.lyceelafayette.fr\/?p=6691"},"modified":"2024-05-18T18:11:25","modified_gmt":"2024-05-18T16:11:25","slug":"commemoration","status":"publish","type":"post","link":"https:\/\/www.lyceelafayette.fr\/index.php\/2024\/05\/18\/commemoration\/","title":{"rendered":"Comm\u00e9moration"},"content":{"rendered":"\n<p><strong>Les producticiens de la Fayette comm\u00e9morent les 80 ans du d\u00e9barquement de Normandie<\/strong><\/p>\n\n\n\n<p>Dans le cadre du projet de m\u00e9moire du d\u00e9barquement des forces alli\u00e9es en Normandie et en pr\u00e9paration du 80eme anniversaire du d\u00e9barquement, les \u00e9l\u00e8ves de la fili\u00e8re productique du lyc\u00e9e La Fayette se sont rendus en Normandie pour d\u00e9couvrir les lieux de m\u00e9moire. Sainte M\u00e8re Eglise, Plage d\u2019Arromanche, Cimeti\u00e8re militaire de Colleville, D-Day Experience, M\u00e9morial de Caen\u2026<\/p>\n\n\n\n<p>Ce voyage a \u00e9t\u00e9 l\u2019occasion pour les \u00e9l\u00e8ves de d\u00e9poser des plaques comm\u00e9moratives cr\u00e9\u00e9es et usin\u00e9es en classe.<\/p>\n\n\n\n<figure class=\"wp-block-image size-full\"><img loading=\"lazy\" decoding=\"async\" width=\"1170\" height=\"653\" src=\"https:\/\/www.lyceelafayette.fr\/wp-content\/uploads\/2024\/05\/IMG_9367.jpeg\" alt=\"\" class=\"wp-image-6693\"\/><\/figure>\n\n\n\n<figure class=\"wp-block-image\"><img decoding=\"async\" src=\"blob:https:\/\/www.lyceelafayette.fr\/01cb9433-4f89-49e4-9a82-6c50ea27b75b\" alt=\"\"\/><\/figure>\n\n\n\n<p>Ici, les \u00e9l\u00e8ves (Enzo et J\u00e9r\u00e9my en terminale, Yao en premi\u00e8re et Clemence en seconde) remettent une des plaques usin\u00e9es pour le Airborne Museum, sous le regard \u00e9mu de leurs professeurs M. Chekroune et M. Konyk.<\/p>\n\n\n\n<p>Au d\u00e9part de ce projet et du voyage, Enzo Marceau, \u00e9l\u00e8ve de terminale TRPM, investi dans une association de reconstitution historique, nous accueille avec ses camarades. Ils repr\u00e9sentent un groupe d&rsquo;\u00e9claireurs (pathfinders) qui ont \u00e9t\u00e9 parachut\u00e9s au dessus de la Normandie le 6 juin 1944 \u00e0 1h30 du matin afin de pr\u00e9parer le terrain pour les centaines de parachutistes qui ont saut\u00e9 sur le sol de Normandie.<\/p>\n\n\n\n<figure class=\"wp-block-image size-full\"><img loading=\"lazy\" decoding=\"async\" width=\"1600\" height=\"1254\" src=\"https:\/\/www.lyceelafayette.fr\/wp-content\/uploads\/2024\/05\/IMG_9368.jpeg\" alt=\"\" class=\"wp-image-6695\"\/><\/figure>\n\n\n\n<figure class=\"wp-block-image\"><img decoding=\"async\" src=\"blob:https:\/\/www.lyceelafayette.fr\/0ae7bffc-a219-4738-9aa5-d6d9a2b6ecc5\" alt=\"\"\/><\/figure>\n\n\n\n<p>Un grand merci aux \u00e9quipes qui ont contribu\u00e9 \u00e0 la r\u00e9ussite de ce s\u00e9jour culturel tant pour l\u2019organisation en amont que pour l\u2019encadrement. Merci \u00e9galement \u00e0 Jean Christophe Marchin, ancien CPE du lyc\u00e9e qui a impuls\u00e9 ce projet et grandement contribu\u00e9 \u00e0 sa pr\u00e9paration.<\/p>\n","protected":false},"excerpt":{"rendered":"<p>Les producticiens de la Fayette comm\u00e9morent les 80 ans du d\u00e9barquement de Normandie Dans le cadre du projet de m\u00e9moire du d\u00e9barquement des forces alli\u00e9es en Normandie et en pr\u00e9paration du 80eme anniversaire du d\u00e9barquement, les \u00e9l\u00e8ves de la fili\u00e8re productique du lyc\u00e9e La Fayette se sont rendus en Normandie&#8230; <a class=\"continue-reading-link\" href=\"https:\/\/www.lyceelafayette.fr\/index.php\/2024\/05\/18\/commemoration\/\">lire la suite<\/a><\/p>\n","protected":false},"author":8,"featured_media":6693,"comment_status":"closed","ping_status":"open","sticky":false,"template":"","format":"standard","meta":{"footnotes":""},"categories":[93,98],"tags":[138,44],"class_list":["post-6691","post","type-post","status-publish","format-standard","has-post-thumbnail","hentry","category-formations","category-informations-generales","tag-138","tag-sortie"],"yoast_head":"<!-- This site is optimized with the Yoast SEO plugin v27.5 - https:\/\/yoast.com\/product\/yoast-seo-wordpress\/ -->\n<title>Comm\u00e9moration - Lyc\u00e9e La Fayette<\/title>\n<meta name=\"robots\" content=\"index, follow, max-snippet:-1, max-image-preview:large, max-video-preview:-1\" \/>\n<link rel=\"canonical\" href=\"https:\/\/www.lyceelafayette.fr\/index.php\/2024\/05\/18\/commemoration\/\" \/>\n<meta property=\"og:locale\" content=\"fr_FR\" \/>\n<meta property=\"og:type\" content=\"article\" \/>\n<meta property=\"og:title\" content=\"Comm\u00e9moration - Lyc\u00e9e La Fayette\" \/>\n<meta property=\"og:description\" content=\"Les producticiens de la Fayette comm\u00e9morent les 80 ans du d\u00e9barquement de Normandie Dans le cadre du projet de m\u00e9moire du d\u00e9barquement des forces alli\u00e9es en Normandie et en pr\u00e9paration du 80eme anniversaire du d\u00e9barquement, les \u00e9l\u00e8ves de la fili\u00e8re productique du lyc\u00e9e La Fayette se sont rendus en Normandie... lire la suite\" \/>\n<meta property=\"og:url\" content=\"https:\/\/www.lyceelafayette.fr\/index.php\/2024\/05\/18\/commemoration\/\" \/>\n<meta property=\"og:site_name\" content=\"Lyc\u00e9e La Fayette\" \/>\n<meta property=\"article:published_time\" content=\"2024-05-18T16:05:48+00:00\" \/>\n<meta property=\"article:modified_time\" content=\"2024-05-18T16:11:25+00:00\" \/>\n<meta property=\"og:image\" content=\"https:\/\/www.lyceelafayette.fr\/wp-content\/uploads\/2024\/05\/IMG_9367.jpeg\" \/>\n\t<meta property=\"og:image:width\" content=\"1170\" \/>\n\t<meta property=\"og:image:height\" content=\"653\" \/>\n\t<meta property=\"og:image:type\" content=\"image\/jpeg\" \/>\n<meta name=\"author\" content=\"Alexandre Facchin\" \/>\n<meta name=\"twitter:card\" content=\"summary_large_image\" \/>\n<meta name=\"twitter:label1\" content=\"\u00c9crit par\" \/>\n\t<meta name=\"twitter:data1\" content=\"Alexandre Facchin\" \/>\n\t<meta name=\"twitter:label2\" content=\"Dur\u00e9e de lecture estim\u00e9e\" \/>\n\t<meta name=\"twitter:data2\" content=\"3 minutes\" \/>\n<script type=\"application\/ld+json\" class=\"yoast-schema-graph\">{\"@context\":\"https:\\\/\\\/schema.org\",\"@graph\":[{\"@type\":\"Article\",\"@id\":\"https:\\\/\\\/www.lyceelafayette.fr\\\/index.php\\\/2024\\\/05\\\/18\\\/commemoration\\\/#article\",\"isPartOf\":{\"@id\":\"https:\\\/\\\/www.lyceelafayette.fr\\\/index.php\\\/2024\\\/05\\\/18\\\/commemoration\\\/\"},\"author\":{\"name\":\"Alexandre Facchin\",\"@id\":\"https:\\\/\\\/www.lyceelafayette.fr\\\/#\\\/schema\\\/person\\\/ce6db8a1157d50329e1fd65f9a9b5df8\"},\"headline\":\"Comm\u00e9moration\",\"datePublished\":\"2024-05-18T16:05:48+00:00\",\"dateModified\":\"2024-05-18T16:11:25+00:00\",\"mainEntityOfPage\":{\"@id\":\"https:\\\/\\\/www.lyceelafayette.fr\\\/index.php\\\/2024\\\/05\\\/18\\\/commemoration\\\/\"},\"wordCount\":269,\"publisher\":{\"@id\":\"https:\\\/\\\/www.lyceelafayette.fr\\\/#organization\"},\"image\":{\"@id\":\"https:\\\/\\\/www.lyceelafayette.fr\\\/index.php\\\/2024\\\/05\\\/18\\\/commemoration\\\/#primaryimage\"},\"thumbnailUrl\":\"https:\\\/\\\/www.lyceelafayette.fr\\\/wp-content\\\/uploads\\\/2024\\\/05\\\/IMG_9367.jpeg\",\"keywords\":[\"2024\",\"sortie\"],\"articleSection\":[\"formations\",\"Informations generales\"],\"inLanguage\":\"fr-FR\"},{\"@type\":\"WebPage\",\"@id\":\"https:\\\/\\\/www.lyceelafayette.fr\\\/index.php\\\/2024\\\/05\\\/18\\\/commemoration\\\/\",\"url\":\"https:\\\/\\\/www.lyceelafayette.fr\\\/index.php\\\/2024\\\/05\\\/18\\\/commemoration\\\/\",\"name\":\"Comm\u00e9moration - Lyc\u00e9e La Fayette\",\"isPartOf\":{\"@id\":\"https:\\\/\\\/www.lyceelafayette.fr\\\/#website\"},\"primaryImageOfPage\":{\"@id\":\"https:\\\/\\\/www.lyceelafayette.fr\\\/index.php\\\/2024\\\/05\\\/18\\\/commemoration\\\/#primaryimage\"},\"image\":{\"@id\":\"https:\\\/\\\/www.lyceelafayette.fr\\\/index.php\\\/2024\\\/05\\\/18\\\/commemoration\\\/#primaryimage\"},\"thumbnailUrl\":\"https:\\\/\\\/www.lyceelafayette.fr\\\/wp-content\\\/uploads\\\/2024\\\/05\\\/IMG_9367.jpeg\",\"datePublished\":\"2024-05-18T16:05:48+00:00\",\"dateModified\":\"2024-05-18T16:11:25+00:00\",\"breadcrumb\":{\"@id\":\"https:\\\/\\\/www.lyceelafayette.fr\\\/index.php\\\/2024\\\/05\\\/18\\\/commemoration\\\/#breadcrumb\"},\"inLanguage\":\"fr-FR\",\"potentialAction\":[{\"@type\":\"ReadAction\",\"target\":[\"https:\\\/\\\/www.lyceelafayette.fr\\\/index.php\\\/2024\\\/05\\\/18\\\/commemoration\\\/\"]}]},{\"@type\":\"ImageObject\",\"inLanguage\":\"fr-FR\",\"@id\":\"https:\\\/\\\/www.lyceelafayette.fr\\\/index.php\\\/2024\\\/05\\\/18\\\/commemoration\\\/#primaryimage\",\"url\":\"https:\\\/\\\/www.lyceelafayette.fr\\\/wp-content\\\/uploads\\\/2024\\\/05\\\/IMG_9367.jpeg\",\"contentUrl\":\"https:\\\/\\\/www.lyceelafayette.fr\\\/wp-content\\\/uploads\\\/2024\\\/05\\\/IMG_9367.jpeg\",\"width\":1170,\"height\":653},{\"@type\":\"BreadcrumbList\",\"@id\":\"https:\\\/\\\/www.lyceelafayette.fr\\\/index.php\\\/2024\\\/05\\\/18\\\/commemoration\\\/#breadcrumb\",\"itemListElement\":[{\"@type\":\"ListItem\",\"position\":1,\"name\":\"Accueil\",\"item\":\"https:\\\/\\\/www.lyceelafayette.fr\\\/\"},{\"@type\":\"ListItem\",\"position\":2,\"name\":\"Comm\u00e9moration\"}]},{\"@type\":\"WebSite\",\"@id\":\"https:\\\/\\\/www.lyceelafayette.fr\\\/#website\",\"url\":\"https:\\\/\\\/www.lyceelafayette.fr\\\/\",\"name\":\"Lyc\u00e9e La Fayette\",\"description\":\"\",\"publisher\":{\"@id\":\"https:\\\/\\\/www.lyceelafayette.fr\\\/#organization\"},\"potentialAction\":[{\"@type\":\"SearchAction\",\"target\":{\"@type\":\"EntryPoint\",\"urlTemplate\":\"https:\\\/\\\/www.lyceelafayette.fr\\\/?s={search_term_string}\"},\"query-input\":{\"@type\":\"PropertyValueSpecification\",\"valueRequired\":true,\"valueName\":\"search_term_string\"}}],\"inLanguage\":\"fr-FR\"},{\"@type\":\"Organization\",\"@id\":\"https:\\\/\\\/www.lyceelafayette.fr\\\/#organization\",\"name\":\"Lyc\u00e9e La Fayette\",\"url\":\"https:\\\/\\\/www.lyceelafayette.fr\\\/\",\"logo\":{\"@type\":\"ImageObject\",\"inLanguage\":\"fr-FR\",\"@id\":\"https:\\\/\\\/www.lyceelafayette.fr\\\/#\\\/schema\\\/logo\\\/image\\\/\",\"url\":\"https:\\\/\\\/www.lyceelafayette.fr\\\/wp-content\\\/uploads\\\/2019\\\/06\\\/llf_logo_alpha.png\",\"contentUrl\":\"https:\\\/\\\/www.lyceelafayette.fr\\\/wp-content\\\/uploads\\\/2019\\\/06\\\/llf_logo_alpha.png\",\"width\":1583,\"height\":792,\"caption\":\"Lyc\u00e9e La Fayette\"},\"image\":{\"@id\":\"https:\\\/\\\/www.lyceelafayette.fr\\\/#\\\/schema\\\/logo\\\/image\\\/\"},\"sameAs\":[\"https:\\\/\\\/www.youtube.com\\\/channel\\\/UC2AOQowoMGBKdY4ToZsf9mw\"]},{\"@type\":\"Person\",\"@id\":\"https:\\\/\\\/www.lyceelafayette.fr\\\/#\\\/schema\\\/person\\\/ce6db8a1157d50329e1fd65f9a9b5df8\",\"name\":\"Alexandre Facchin\",\"image\":{\"@type\":\"ImageObject\",\"inLanguage\":\"fr-FR\",\"@id\":\"https:\\\/\\\/secure.gravatar.com\\\/avatar\\\/c94ab2db74f6be2880cb92feeab1c3c9a55baee6dab0b6f9fbb80e1bc3336b7a?s=96&d=blank&r=g\",\"url\":\"https:\\\/\\\/secure.gravatar.com\\\/avatar\\\/c94ab2db74f6be2880cb92feeab1c3c9a55baee6dab0b6f9fbb80e1bc3336b7a?s=96&d=blank&r=g\",\"contentUrl\":\"https:\\\/\\\/secure.gravatar.com\\\/avatar\\\/c94ab2db74f6be2880cb92feeab1c3c9a55baee6dab0b6f9fbb80e1bc3336b7a?s=96&d=blank&r=g\",\"caption\":\"Alexandre Facchin\"},\"url\":\"https:\\\/\\\/www.lyceelafayette.fr\\\/index.php\\\/author\\\/admin\\\/\"}]}<\/script>\n<!-- \/ Yoast SEO plugin. -->","yoast_head_json":{"title":"Comm\u00e9moration - Lyc\u00e9e La Fayette","robots":{"index":"index","follow":"follow","max-snippet":"max-snippet:-1","max-image-preview":"max-image-preview:large","max-video-preview":"max-video-preview:-1"},"canonical":"https:\/\/www.lyceelafayette.fr\/index.php\/2024\/05\/18\/commemoration\/","og_locale":"fr_FR","og_type":"article","og_title":"Comm\u00e9moration - Lyc\u00e9e La Fayette","og_description":"Les producticiens de la Fayette comm\u00e9morent les 80 ans du d\u00e9barquement de Normandie Dans le cadre du projet de m\u00e9moire du d\u00e9barquement des forces alli\u00e9es en Normandie et en pr\u00e9paration du 80eme anniversaire du d\u00e9barquement, les \u00e9l\u00e8ves de la fili\u00e8re productique du lyc\u00e9e La Fayette se sont rendus en Normandie... lire la suite","og_url":"https:\/\/www.lyceelafayette.fr\/index.php\/2024\/05\/18\/commemoration\/","og_site_name":"Lyc\u00e9e La Fayette","article_published_time":"2024-05-18T16:05:48+00:00","article_modified_time":"2024-05-18T16:11:25+00:00","og_image":[{"width":1170,"height":653,"url":"https:\/\/www.lyceelafayette.fr\/wp-content\/uploads\/2024\/05\/IMG_9367.jpeg","type":"image\/jpeg"}],"author":"Alexandre Facchin","twitter_card":"summary_large_image","twitter_misc":{"\u00c9crit par":"Alexandre Facchin","Dur\u00e9e de lecture estim\u00e9e":"3 minutes"},"schema":{"@context":"https:\/\/schema.org","@graph":[{"@type":"Article","@id":"https:\/\/www.lyceelafayette.fr\/index.php\/2024\/05\/18\/commemoration\/#article","isPartOf":{"@id":"https:\/\/www.lyceelafayette.fr\/index.php\/2024\/05\/18\/commemoration\/"},"author":{"name":"Alexandre Facchin","@id":"https:\/\/www.lyceelafayette.fr\/#\/schema\/person\/ce6db8a1157d50329e1fd65f9a9b5df8"},"headline":"Comm\u00e9moration","datePublished":"2024-05-18T16:05:48+00:00","dateModified":"2024-05-18T16:11:25+00:00","mainEntityOfPage":{"@id":"https:\/\/www.lyceelafayette.fr\/index.php\/2024\/05\/18\/commemoration\/"},"wordCount":269,"publisher":{"@id":"https:\/\/www.lyceelafayette.fr\/#organization"},"image":{"@id":"https:\/\/www.lyceelafayette.fr\/index.php\/2024\/05\/18\/commemoration\/#primaryimage"},"thumbnailUrl":"https:\/\/www.lyceelafayette.fr\/wp-content\/uploads\/2024\/05\/IMG_9367.jpeg","keywords":["2024","sortie"],"articleSection":["formations","Informations generales"],"inLanguage":"fr-FR"},{"@type":"WebPage","@id":"https:\/\/www.lyceelafayette.fr\/index.php\/2024\/05\/18\/commemoration\/","url":"https:\/\/www.lyceelafayette.fr\/index.php\/2024\/05\/18\/commemoration\/","name":"Comm\u00e9moration - Lyc\u00e9e La Fayette","isPartOf":{"@id":"https:\/\/www.lyceelafayette.fr\/#website"},"primaryImageOfPage":{"@id":"https:\/\/www.lyceelafayette.fr\/index.php\/2024\/05\/18\/commemoration\/#primaryimage"},"image":{"@id":"https:\/\/www.lyceelafayette.fr\/index.php\/2024\/05\/18\/commemoration\/#primaryimage"},"thumbnailUrl":"https:\/\/www.lyceelafayette.fr\/wp-content\/uploads\/2024\/05\/IMG_9367.jpeg","datePublished":"2024-05-18T16:05:48+00:00","dateModified":"2024-05-18T16:11:25+00:00","breadcrumb":{"@id":"https:\/\/www.lyceelafayette.fr\/index.php\/2024\/05\/18\/commemoration\/#breadcrumb"},"inLanguage":"fr-FR","potentialAction":[{"@type":"ReadAction","target":["https:\/\/www.lyceelafayette.fr\/index.php\/2024\/05\/18\/commemoration\/"]}]},{"@type":"ImageObject","inLanguage":"fr-FR","@id":"https:\/\/www.lyceelafayette.fr\/index.php\/2024\/05\/18\/commemoration\/#primaryimage","url":"https:\/\/www.lyceelafayette.fr\/wp-content\/uploads\/2024\/05\/IMG_9367.jpeg","contentUrl":"https:\/\/www.lyceelafayette.fr\/wp-content\/uploads\/2024\/05\/IMG_9367.jpeg","width":1170,"height":653},{"@type":"BreadcrumbList","@id":"https:\/\/www.lyceelafayette.fr\/index.php\/2024\/05\/18\/commemoration\/#breadcrumb","itemListElement":[{"@type":"ListItem","position":1,"name":"Accueil","item":"https:\/\/www.lyceelafayette.fr\/"},{"@type":"ListItem","position":2,"name":"Comm\u00e9moration"}]},{"@type":"WebSite","@id":"https:\/\/www.lyceelafayette.fr\/#website","url":"https:\/\/www.lyceelafayette.fr\/","name":"Lyc\u00e9e La Fayette","description":"","publisher":{"@id":"https:\/\/www.lyceelafayette.fr\/#organization"},"potentialAction":[{"@type":"SearchAction","target":{"@type":"EntryPoint","urlTemplate":"https:\/\/www.lyceelafayette.fr\/?s={search_term_string}"},"query-input":{"@type":"PropertyValueSpecification","valueRequired":true,"valueName":"search_term_string"}}],"inLanguage":"fr-FR"},{"@type":"Organization","@id":"https:\/\/www.lyceelafayette.fr\/#organization","name":"Lyc\u00e9e La Fayette","url":"https:\/\/www.lyceelafayette.fr\/","logo":{"@type":"ImageObject","inLanguage":"fr-FR","@id":"https:\/\/www.lyceelafayette.fr\/#\/schema\/logo\/image\/","url":"https:\/\/www.lyceelafayette.fr\/wp-content\/uploads\/2019\/06\/llf_logo_alpha.png","contentUrl":"https:\/\/www.lyceelafayette.fr\/wp-content\/uploads\/2019\/06\/llf_logo_alpha.png","width":1583,"height":792,"caption":"Lyc\u00e9e La Fayette"},"image":{"@id":"https:\/\/www.lyceelafayette.fr\/#\/schema\/logo\/image\/"},"sameAs":["https:\/\/www.youtube.com\/channel\/UC2AOQowoMGBKdY4ToZsf9mw"]},{"@type":"Person","@id":"https:\/\/www.lyceelafayette.fr\/#\/schema\/person\/ce6db8a1157d50329e1fd65f9a9b5df8","name":"Alexandre Facchin","image":{"@type":"ImageObject","inLanguage":"fr-FR","@id":"https:\/\/secure.gravatar.com\/avatar\/c94ab2db74f6be2880cb92feeab1c3c9a55baee6dab0b6f9fbb80e1bc3336b7a?s=96&d=blank&r=g","url":"https:\/\/secure.gravatar.com\/avatar\/c94ab2db74f6be2880cb92feeab1c3c9a55baee6dab0b6f9fbb80e1bc3336b7a?s=96&d=blank&r=g","contentUrl":"https:\/\/secure.gravatar.com\/avatar\/c94ab2db74f6be2880cb92feeab1c3c9a55baee6dab0b6f9fbb80e1bc3336b7a?s=96&d=blank&r=g","caption":"Alexandre Facchin"},"url":"https:\/\/www.lyceelafayette.fr\/index.php\/author\/admin\/"}]}},"_links":{"self":[{"href":"https:\/\/www.lyceelafayette.fr\/index.php\/wp-json\/wp\/v2\/posts\/6691","targetHints":{"allow":["GET"]}}],"collection":[{"href":"https:\/\/www.lyceelafayette.fr\/index.php\/wp-json\/wp\/v2\/posts"}],"about":[{"href":"https:\/\/www.lyceelafayette.fr\/index.php\/wp-json\/wp\/v2\/types\/post"}],"author":[{"embeddable":true,"href":"https:\/\/www.lyceelafayette.fr\/index.php\/wp-json\/wp\/v2\/users\/8"}],"replies":[{"embeddable":true,"href":"https:\/\/www.lyceelafayette.fr\/index.php\/wp-json\/wp\/v2\/comments?post=6691"}],"version-history":[{"count":2,"href":"https:\/\/www.lyceelafayette.fr\/index.php\/wp-json\/wp\/v2\/posts\/6691\/revisions"}],"predecessor-version":[{"id":6696,"href":"https:\/\/www.lyceelafayette.fr\/index.php\/wp-json\/wp\/v2\/posts\/6691\/revisions\/6696"}],"wp:featuredmedia":[{"embeddable":true,"href":"https:\/\/www.lyceelafayette.fr\/index.php\/wp-json\/wp\/v2\/media\/6693"}],"wp:attachment":[{"href":"https:\/\/www.lyceelafayette.fr\/index.php\/wp-json\/wp\/v2\/media?parent=6691"}],"wp:term":[{"taxonomy":"category","embeddable":true,"href":"https:\/\/www.lyceelafayette.fr\/index.php\/wp-json\/wp\/v2\/categories?post=6691"},{"taxonomy":"post_tag","embeddable":true,"href":"https:\/\/www.lyceelafayette.fr\/index.php\/wp-json\/wp\/v2\/tags?post=6691"}],"curies":[{"name":"wp","href":"https:\/\/api.w.org\/{rel}","templated":true}]}}