{"id":6686,"date":"2024-05-03T09:41:55","date_gmt":"2024-05-03T07:41:55","guid":{"rendered":"https:\/\/www.lyceelafayette.fr\/?p=6686"},"modified":"2024-05-03T09:41:56","modified_gmt":"2024-05-03T07:41:56","slug":"mathematiques-limportant-cest-de-participer","status":"publish","type":"post","link":"https:\/\/www.lyceelafayette.fr\/index.php\/2024\/05\/03\/mathematiques-limportant-cest-de-participer\/","title":{"rendered":"Math\u00e9matiques : l\u2019important c\u2019est de participer !"},"content":{"rendered":"\n<figure class=\"wp-block-image size-full\"><img loading=\"lazy\" decoding=\"async\" width=\"908\" height=\"158\" src=\"https:\/\/www.lyceelafayette.fr\/wp-content\/uploads\/2024\/05\/image.png\" alt=\"\" class=\"wp-image-6687\"\/><\/figure>\n\n\n\n<p>La semaine des Math\u00e9matiques s\u2019est d\u00e9roul\u00e9e&nbsp;<strong>du 13 au 20 mars 2024 sur le th\u00e8me \u00ab\u00a0Math\u00e9matiques : l\u2019important c\u2019est de participer !\u00a0\u00bb<\/strong>.<\/p>\n\n\n\n<p>Le lyc\u00e9e La Fayette n\u2019a pas d\u00e9rog\u00e9 \u00e0 la r\u00e8gle et a tenu \u00e0 souligner l\u2019importance culturelle des Math\u00e9matiques&nbsp;: la place qu\u2019elles occupent dans l\u2019histoire de l\u2019humanit\u00e9 et de notre compr\u00e9hension du monde est en effet immense. Les Math\u00e9matiques sont partout, dans notre quotidien, et elles peuvent aussi se faire ludiques, amusantes \u2026 Math\u00e9matiques et plaisir peuvent aller de pair&nbsp;!<\/p>\n\n\n\n<p>Notre lyc\u00e9e a donc propos\u00e9 \u00e0 l\u2019ensemble des \u00e9l\u00e8ves, enseignants et personnels un petit jeu math\u00e9matique sur le th\u00e8me des jeux olympiques&nbsp;: dix \u00e9nigmes ont \u00e9t\u00e9 diss\u00e9min\u00e9es sur les deux sites du lyc\u00e9e&nbsp;; chaque \u00e9nigme permettait de d\u00e9couvrir une lettre afin de former le nom d\u2019un historien c\u00e9l\u00e8bre&nbsp;: Pierre de Coubertin, p\u00e8re des Jeux olympiques modernes.<\/p>\n\n\n\n<p>Une quarantaine de participants ont os\u00e9 relever le d\u00e9fi&nbsp;: ils se sont creus\u00e9s les m\u00e9ninges, ont fait preuve de logique et d\u2019astuce \u2026Un grand bravo \u00e0 eux&nbsp;!<\/p>\n\n\n\n<p>Huit \u00e9l\u00e8ves se sont d\u00e9marqu\u00e9s en r\u00e9solvant avec brio toutes les \u00e9nigmes&nbsp;: Noah B.R, Adam H, Amine J, Lenny L, Math\u00e9o L, Martin M, Lionel P et Maxime Z.<\/p>\n\n\n\n<p>Leurs professeurs de math\u00e9matiques leur remettront une petite r\u00e9compense symbolique, en lien avec les math\u00e9matiques bien \u00e9videmment\u00a0!<\/p>\n\n\n\n<figure class=\"wp-block-image size-full\"><img loading=\"lazy\" decoding=\"async\" width=\"422\" height=\"436\" src=\"https:\/\/www.lyceelafayette.fr\/wp-content\/uploads\/2024\/05\/image-1.png\" alt=\"\" class=\"wp-image-6688\"\/><\/figure>\n","protected":false},"excerpt":{"rendered":"<p>La semaine des Math\u00e9matiques s\u2019est d\u00e9roul\u00e9e&nbsp;du 13 au 20 mars 2024 sur le th\u00e8me \u00ab\u00a0Math\u00e9matiques : l\u2019important c\u2019est de participer !\u00a0\u00bb. Le lyc\u00e9e La Fayette n\u2019a pas d\u00e9rog\u00e9 \u00e0 la r\u00e8gle et a tenu \u00e0 souligner l\u2019importance culturelle des Math\u00e9matiques&nbsp;: la place qu\u2019elles occupent dans l\u2019histoire de l\u2019humanit\u00e9 et de&#8230; <a class=\"continue-reading-link\" href=\"https:\/\/www.lyceelafayette.fr\/index.php\/2024\/05\/03\/mathematiques-limportant-cest-de-participer\/\">lire la suite<\/a><\/p>\n","protected":false},"author":8,"featured_media":0,"comment_status":"closed","ping_status":"open","sticky":false,"template":"","format":"standard","meta":{"footnotes":""},"categories":[1],"tags":[],"class_list":["post-6686","post","type-post","status-publish","format-standard","hentry","category-non-classe"],"yoast_head":"<!-- This site is optimized with the Yoast SEO plugin v27.5 - https:\/\/yoast.com\/product\/yoast-seo-wordpress\/ -->\n<title>Math\u00e9matiques : l\u2019important c\u2019est de participer ! - Lyc\u00e9e La Fayette<\/title>\n<meta name=\"robots\" content=\"index, follow, max-snippet:-1, max-image-preview:large, max-video-preview:-1\" \/>\n<link rel=\"canonical\" href=\"https:\/\/www.lyceelafayette.fr\/index.php\/2024\/05\/03\/mathematiques-limportant-cest-de-participer\/\" \/>\n<meta property=\"og:locale\" content=\"fr_FR\" \/>\n<meta property=\"og:type\" content=\"article\" \/>\n<meta property=\"og:title\" content=\"Math\u00e9matiques : l\u2019important c\u2019est de participer ! - Lyc\u00e9e La Fayette\" \/>\n<meta property=\"og:description\" content=\"La semaine des Math\u00e9matiques s\u2019est d\u00e9roul\u00e9e&nbsp;du 13 au 20 mars 2024 sur le th\u00e8me \u00ab\u00a0Math\u00e9matiques : l\u2019important c\u2019est de participer !\u00a0\u00bb. Le lyc\u00e9e La Fayette n\u2019a pas d\u00e9rog\u00e9 \u00e0 la r\u00e8gle et a tenu \u00e0 souligner l\u2019importance culturelle des Math\u00e9matiques&nbsp;: la place qu\u2019elles occupent dans l\u2019histoire de l\u2019humanit\u00e9 et de... lire la suite\" \/>\n<meta property=\"og:url\" content=\"https:\/\/www.lyceelafayette.fr\/index.php\/2024\/05\/03\/mathematiques-limportant-cest-de-participer\/\" \/>\n<meta property=\"og:site_name\" content=\"Lyc\u00e9e La Fayette\" \/>\n<meta property=\"article:published_time\" content=\"2024-05-03T07:41:55+00:00\" \/>\n<meta property=\"article:modified_time\" content=\"2024-05-03T07:41:56+00:00\" \/>\n<meta property=\"og:image\" content=\"https:\/\/www.lyceelafayette.fr\/wp-content\/uploads\/2024\/05\/image.png\" \/>\n<meta name=\"author\" content=\"Alexandre Facchin\" \/>\n<meta name=\"twitter:card\" content=\"summary_large_image\" \/>\n<meta name=\"twitter:label1\" content=\"\u00c9crit par\" \/>\n\t<meta name=\"twitter:data1\" content=\"Alexandre Facchin\" \/>\n\t<meta name=\"twitter:label2\" content=\"Dur\u00e9e de lecture estim\u00e9e\" \/>\n\t<meta name=\"twitter:data2\" content=\"2 minutes\" \/>\n<script type=\"application\/ld+json\" class=\"yoast-schema-graph\">{\"@context\":\"https:\\\/\\\/schema.org\",\"@graph\":[{\"@type\":\"Article\",\"@id\":\"https:\\\/\\\/www.lyceelafayette.fr\\\/index.php\\\/2024\\\/05\\\/03\\\/mathematiques-limportant-cest-de-participer\\\/#article\",\"isPartOf\":{\"@id\":\"https:\\\/\\\/www.lyceelafayette.fr\\\/index.php\\\/2024\\\/05\\\/03\\\/mathematiques-limportant-cest-de-participer\\\/\"},\"author\":{\"name\":\"Alexandre Facchin\",\"@id\":\"https:\\\/\\\/www.lyceelafayette.fr\\\/#\\\/schema\\\/person\\\/ce6db8a1157d50329e1fd65f9a9b5df8\"},\"headline\":\"Math\u00e9matiques : l\u2019important c\u2019est de participer !\",\"datePublished\":\"2024-05-03T07:41:55+00:00\",\"dateModified\":\"2024-05-03T07:41:56+00:00\",\"mainEntityOfPage\":{\"@id\":\"https:\\\/\\\/www.lyceelafayette.fr\\\/index.php\\\/2024\\\/05\\\/03\\\/mathematiques-limportant-cest-de-participer\\\/\"},\"wordCount\":264,\"publisher\":{\"@id\":\"https:\\\/\\\/www.lyceelafayette.fr\\\/#organization\"},\"image\":{\"@id\":\"https:\\\/\\\/www.lyceelafayette.fr\\\/index.php\\\/2024\\\/05\\\/03\\\/mathematiques-limportant-cest-de-participer\\\/#primaryimage\"},\"thumbnailUrl\":\"https:\\\/\\\/www.lyceelafayette.fr\\\/wp-content\\\/uploads\\\/2024\\\/05\\\/image.png\",\"inLanguage\":\"fr-FR\"},{\"@type\":\"WebPage\",\"@id\":\"https:\\\/\\\/www.lyceelafayette.fr\\\/index.php\\\/2024\\\/05\\\/03\\\/mathematiques-limportant-cest-de-participer\\\/\",\"url\":\"https:\\\/\\\/www.lyceelafayette.fr\\\/index.php\\\/2024\\\/05\\\/03\\\/mathematiques-limportant-cest-de-participer\\\/\",\"name\":\"Math\u00e9matiques : l\u2019important c\u2019est de participer ! - Lyc\u00e9e La Fayette\",\"isPartOf\":{\"@id\":\"https:\\\/\\\/www.lyceelafayette.fr\\\/#website\"},\"primaryImageOfPage\":{\"@id\":\"https:\\\/\\\/www.lyceelafayette.fr\\\/index.php\\\/2024\\\/05\\\/03\\\/mathematiques-limportant-cest-de-participer\\\/#primaryimage\"},\"image\":{\"@id\":\"https:\\\/\\\/www.lyceelafayette.fr\\\/index.php\\\/2024\\\/05\\\/03\\\/mathematiques-limportant-cest-de-participer\\\/#primaryimage\"},\"thumbnailUrl\":\"https:\\\/\\\/www.lyceelafayette.fr\\\/wp-content\\\/uploads\\\/2024\\\/05\\\/image.png\",\"datePublished\":\"2024-05-03T07:41:55+00:00\",\"dateModified\":\"2024-05-03T07:41:56+00:00\",\"breadcrumb\":{\"@id\":\"https:\\\/\\\/www.lyceelafayette.fr\\\/index.php\\\/2024\\\/05\\\/03\\\/mathematiques-limportant-cest-de-participer\\\/#breadcrumb\"},\"inLanguage\":\"fr-FR\",\"potentialAction\":[{\"@type\":\"ReadAction\",\"target\":[\"https:\\\/\\\/www.lyceelafayette.fr\\\/index.php\\\/2024\\\/05\\\/03\\\/mathematiques-limportant-cest-de-participer\\\/\"]}]},{\"@type\":\"ImageObject\",\"inLanguage\":\"fr-FR\",\"@id\":\"https:\\\/\\\/www.lyceelafayette.fr\\\/index.php\\\/2024\\\/05\\\/03\\\/mathematiques-limportant-cest-de-participer\\\/#primaryimage\",\"url\":\"https:\\\/\\\/www.lyceelafayette.fr\\\/wp-content\\\/uploads\\\/2024\\\/05\\\/image.png\",\"contentUrl\":\"https:\\\/\\\/www.lyceelafayette.fr\\\/wp-content\\\/uploads\\\/2024\\\/05\\\/image.png\",\"width\":908,\"height\":158},{\"@type\":\"BreadcrumbList\",\"@id\":\"https:\\\/\\\/www.lyceelafayette.fr\\\/index.php\\\/2024\\\/05\\\/03\\\/mathematiques-limportant-cest-de-participer\\\/#breadcrumb\",\"itemListElement\":[{\"@type\":\"ListItem\",\"position\":1,\"name\":\"Accueil\",\"item\":\"https:\\\/\\\/www.lyceelafayette.fr\\\/\"},{\"@type\":\"ListItem\",\"position\":2,\"name\":\"Math\u00e9matiques : l\u2019important c\u2019est de participer !\"}]},{\"@type\":\"WebSite\",\"@id\":\"https:\\\/\\\/www.lyceelafayette.fr\\\/#website\",\"url\":\"https:\\\/\\\/www.lyceelafayette.fr\\\/\",\"name\":\"Lyc\u00e9e La Fayette\",\"description\":\"\",\"publisher\":{\"@id\":\"https:\\\/\\\/www.lyceelafayette.fr\\\/#organization\"},\"potentialAction\":[{\"@type\":\"SearchAction\",\"target\":{\"@type\":\"EntryPoint\",\"urlTemplate\":\"https:\\\/\\\/www.lyceelafayette.fr\\\/?s={search_term_string}\"},\"query-input\":{\"@type\":\"PropertyValueSpecification\",\"valueRequired\":true,\"valueName\":\"search_term_string\"}}],\"inLanguage\":\"fr-FR\"},{\"@type\":\"Organization\",\"@id\":\"https:\\\/\\\/www.lyceelafayette.fr\\\/#organization\",\"name\":\"Lyc\u00e9e La Fayette\",\"url\":\"https:\\\/\\\/www.lyceelafayette.fr\\\/\",\"logo\":{\"@type\":\"ImageObject\",\"inLanguage\":\"fr-FR\",\"@id\":\"https:\\\/\\\/www.lyceelafayette.fr\\\/#\\\/schema\\\/logo\\\/image\\\/\",\"url\":\"https:\\\/\\\/www.lyceelafayette.fr\\\/wp-content\\\/uploads\\\/2019\\\/06\\\/llf_logo_alpha.png\",\"contentUrl\":\"https:\\\/\\\/www.lyceelafayette.fr\\\/wp-content\\\/uploads\\\/2019\\\/06\\\/llf_logo_alpha.png\",\"width\":1583,\"height\":792,\"caption\":\"Lyc\u00e9e La Fayette\"},\"image\":{\"@id\":\"https:\\\/\\\/www.lyceelafayette.fr\\\/#\\\/schema\\\/logo\\\/image\\\/\"},\"sameAs\":[\"https:\\\/\\\/www.youtube.com\\\/channel\\\/UC2AOQowoMGBKdY4ToZsf9mw\"]},{\"@type\":\"Person\",\"@id\":\"https:\\\/\\\/www.lyceelafayette.fr\\\/#\\\/schema\\\/person\\\/ce6db8a1157d50329e1fd65f9a9b5df8\",\"name\":\"Alexandre Facchin\",\"image\":{\"@type\":\"ImageObject\",\"inLanguage\":\"fr-FR\",\"@id\":\"https:\\\/\\\/secure.gravatar.com\\\/avatar\\\/c94ab2db74f6be2880cb92feeab1c3c9a55baee6dab0b6f9fbb80e1bc3336b7a?s=96&d=blank&r=g\",\"url\":\"https:\\\/\\\/secure.gravatar.com\\\/avatar\\\/c94ab2db74f6be2880cb92feeab1c3c9a55baee6dab0b6f9fbb80e1bc3336b7a?s=96&d=blank&r=g\",\"contentUrl\":\"https:\\\/\\\/secure.gravatar.com\\\/avatar\\\/c94ab2db74f6be2880cb92feeab1c3c9a55baee6dab0b6f9fbb80e1bc3336b7a?s=96&d=blank&r=g\",\"caption\":\"Alexandre Facchin\"},\"url\":\"https:\\\/\\\/www.lyceelafayette.fr\\\/index.php\\\/author\\\/admin\\\/\"}]}<\/script>\n<!-- \/ Yoast SEO plugin. -->","yoast_head_json":{"title":"Math\u00e9matiques : l\u2019important c\u2019est de participer ! - Lyc\u00e9e La Fayette","robots":{"index":"index","follow":"follow","max-snippet":"max-snippet:-1","max-image-preview":"max-image-preview:large","max-video-preview":"max-video-preview:-1"},"canonical":"https:\/\/www.lyceelafayette.fr\/index.php\/2024\/05\/03\/mathematiques-limportant-cest-de-participer\/","og_locale":"fr_FR","og_type":"article","og_title":"Math\u00e9matiques : l\u2019important c\u2019est de participer ! - Lyc\u00e9e La Fayette","og_description":"La semaine des Math\u00e9matiques s\u2019est d\u00e9roul\u00e9e&nbsp;du 13 au 20 mars 2024 sur le th\u00e8me \u00ab\u00a0Math\u00e9matiques : l\u2019important c\u2019est de participer !\u00a0\u00bb. Le lyc\u00e9e La Fayette n\u2019a pas d\u00e9rog\u00e9 \u00e0 la r\u00e8gle et a tenu \u00e0 souligner l\u2019importance culturelle des Math\u00e9matiques&nbsp;: la place qu\u2019elles occupent dans l\u2019histoire de l\u2019humanit\u00e9 et de... lire la suite","og_url":"https:\/\/www.lyceelafayette.fr\/index.php\/2024\/05\/03\/mathematiques-limportant-cest-de-participer\/","og_site_name":"Lyc\u00e9e La Fayette","article_published_time":"2024-05-03T07:41:55+00:00","article_modified_time":"2024-05-03T07:41:56+00:00","og_image":[{"url":"https:\/\/www.lyceelafayette.fr\/wp-content\/uploads\/2024\/05\/image.png","type":"","width":"","height":""}],"author":"Alexandre Facchin","twitter_card":"summary_large_image","twitter_misc":{"\u00c9crit par":"Alexandre Facchin","Dur\u00e9e de lecture estim\u00e9e":"2 minutes"},"schema":{"@context":"https:\/\/schema.org","@graph":[{"@type":"Article","@id":"https:\/\/www.lyceelafayette.fr\/index.php\/2024\/05\/03\/mathematiques-limportant-cest-de-participer\/#article","isPartOf":{"@id":"https:\/\/www.lyceelafayette.fr\/index.php\/2024\/05\/03\/mathematiques-limportant-cest-de-participer\/"},"author":{"name":"Alexandre Facchin","@id":"https:\/\/www.lyceelafayette.fr\/#\/schema\/person\/ce6db8a1157d50329e1fd65f9a9b5df8"},"headline":"Math\u00e9matiques : l\u2019important c\u2019est de participer !","datePublished":"2024-05-03T07:41:55+00:00","dateModified":"2024-05-03T07:41:56+00:00","mainEntityOfPage":{"@id":"https:\/\/www.lyceelafayette.fr\/index.php\/2024\/05\/03\/mathematiques-limportant-cest-de-participer\/"},"wordCount":264,"publisher":{"@id":"https:\/\/www.lyceelafayette.fr\/#organization"},"image":{"@id":"https:\/\/www.lyceelafayette.fr\/index.php\/2024\/05\/03\/mathematiques-limportant-cest-de-participer\/#primaryimage"},"thumbnailUrl":"https:\/\/www.lyceelafayette.fr\/wp-content\/uploads\/2024\/05\/image.png","inLanguage":"fr-FR"},{"@type":"WebPage","@id":"https:\/\/www.lyceelafayette.fr\/index.php\/2024\/05\/03\/mathematiques-limportant-cest-de-participer\/","url":"https:\/\/www.lyceelafayette.fr\/index.php\/2024\/05\/03\/mathematiques-limportant-cest-de-participer\/","name":"Math\u00e9matiques : l\u2019important c\u2019est de participer ! - Lyc\u00e9e La Fayette","isPartOf":{"@id":"https:\/\/www.lyceelafayette.fr\/#website"},"primaryImageOfPage":{"@id":"https:\/\/www.lyceelafayette.fr\/index.php\/2024\/05\/03\/mathematiques-limportant-cest-de-participer\/#primaryimage"},"image":{"@id":"https:\/\/www.lyceelafayette.fr\/index.php\/2024\/05\/03\/mathematiques-limportant-cest-de-participer\/#primaryimage"},"thumbnailUrl":"https:\/\/www.lyceelafayette.fr\/wp-content\/uploads\/2024\/05\/image.png","datePublished":"2024-05-03T07:41:55+00:00","dateModified":"2024-05-03T07:41:56+00:00","breadcrumb":{"@id":"https:\/\/www.lyceelafayette.fr\/index.php\/2024\/05\/03\/mathematiques-limportant-cest-de-participer\/#breadcrumb"},"inLanguage":"fr-FR","potentialAction":[{"@type":"ReadAction","target":["https:\/\/www.lyceelafayette.fr\/index.php\/2024\/05\/03\/mathematiques-limportant-cest-de-participer\/"]}]},{"@type":"ImageObject","inLanguage":"fr-FR","@id":"https:\/\/www.lyceelafayette.fr\/index.php\/2024\/05\/03\/mathematiques-limportant-cest-de-participer\/#primaryimage","url":"https:\/\/www.lyceelafayette.fr\/wp-content\/uploads\/2024\/05\/image.png","contentUrl":"https:\/\/www.lyceelafayette.fr\/wp-content\/uploads\/2024\/05\/image.png","width":908,"height":158},{"@type":"BreadcrumbList","@id":"https:\/\/www.lyceelafayette.fr\/index.php\/2024\/05\/03\/mathematiques-limportant-cest-de-participer\/#breadcrumb","itemListElement":[{"@type":"ListItem","position":1,"name":"Accueil","item":"https:\/\/www.lyceelafayette.fr\/"},{"@type":"ListItem","position":2,"name":"Math\u00e9matiques : l\u2019important c\u2019est de participer !"}]},{"@type":"WebSite","@id":"https:\/\/www.lyceelafayette.fr\/#website","url":"https:\/\/www.lyceelafayette.fr\/","name":"Lyc\u00e9e La Fayette","description":"","publisher":{"@id":"https:\/\/www.lyceelafayette.fr\/#organization"},"potentialAction":[{"@type":"SearchAction","target":{"@type":"EntryPoint","urlTemplate":"https:\/\/www.lyceelafayette.fr\/?s={search_term_string}"},"query-input":{"@type":"PropertyValueSpecification","valueRequired":true,"valueName":"search_term_string"}}],"inLanguage":"fr-FR"},{"@type":"Organization","@id":"https:\/\/www.lyceelafayette.fr\/#organization","name":"Lyc\u00e9e La Fayette","url":"https:\/\/www.lyceelafayette.fr\/","logo":{"@type":"ImageObject","inLanguage":"fr-FR","@id":"https:\/\/www.lyceelafayette.fr\/#\/schema\/logo\/image\/","url":"https:\/\/www.lyceelafayette.fr\/wp-content\/uploads\/2019\/06\/llf_logo_alpha.png","contentUrl":"https:\/\/www.lyceelafayette.fr\/wp-content\/uploads\/2019\/06\/llf_logo_alpha.png","width":1583,"height":792,"caption":"Lyc\u00e9e La Fayette"},"image":{"@id":"https:\/\/www.lyceelafayette.fr\/#\/schema\/logo\/image\/"},"sameAs":["https:\/\/www.youtube.com\/channel\/UC2AOQowoMGBKdY4ToZsf9mw"]},{"@type":"Person","@id":"https:\/\/www.lyceelafayette.fr\/#\/schema\/person\/ce6db8a1157d50329e1fd65f9a9b5df8","name":"Alexandre Facchin","image":{"@type":"ImageObject","inLanguage":"fr-FR","@id":"https:\/\/secure.gravatar.com\/avatar\/c94ab2db74f6be2880cb92feeab1c3c9a55baee6dab0b6f9fbb80e1bc3336b7a?s=96&d=blank&r=g","url":"https:\/\/secure.gravatar.com\/avatar\/c94ab2db74f6be2880cb92feeab1c3c9a55baee6dab0b6f9fbb80e1bc3336b7a?s=96&d=blank&r=g","contentUrl":"https:\/\/secure.gravatar.com\/avatar\/c94ab2db74f6be2880cb92feeab1c3c9a55baee6dab0b6f9fbb80e1bc3336b7a?s=96&d=blank&r=g","caption":"Alexandre Facchin"},"url":"https:\/\/www.lyceelafayette.fr\/index.php\/author\/admin\/"}]}},"_links":{"self":[{"href":"https:\/\/www.lyceelafayette.fr\/index.php\/wp-json\/wp\/v2\/posts\/6686","targetHints":{"allow":["GET"]}}],"collection":[{"href":"https:\/\/www.lyceelafayette.fr\/index.php\/wp-json\/wp\/v2\/posts"}],"about":[{"href":"https:\/\/www.lyceelafayette.fr\/index.php\/wp-json\/wp\/v2\/types\/post"}],"author":[{"embeddable":true,"href":"https:\/\/www.lyceelafayette.fr\/index.php\/wp-json\/wp\/v2\/users\/8"}],"replies":[{"embeddable":true,"href":"https:\/\/www.lyceelafayette.fr\/index.php\/wp-json\/wp\/v2\/comments?post=6686"}],"version-history":[{"count":1,"href":"https:\/\/www.lyceelafayette.fr\/index.php\/wp-json\/wp\/v2\/posts\/6686\/revisions"}],"predecessor-version":[{"id":6689,"href":"https:\/\/www.lyceelafayette.fr\/index.php\/wp-json\/wp\/v2\/posts\/6686\/revisions\/6689"}],"wp:attachment":[{"href":"https:\/\/www.lyceelafayette.fr\/index.php\/wp-json\/wp\/v2\/media?parent=6686"}],"wp:term":[{"taxonomy":"category","embeddable":true,"href":"https:\/\/www.lyceelafayette.fr\/index.php\/wp-json\/wp\/v2\/categories?post=6686"},{"taxonomy":"post_tag","embeddable":true,"href":"https:\/\/www.lyceelafayette.fr\/index.php\/wp-json\/wp\/v2\/tags?post=6686"}],"curies":[{"name":"wp","href":"https:\/\/api.w.org\/{rel}","templated":true}]}}