{"id":6677,"date":"2024-04-30T14:54:20","date_gmt":"2024-04-30T12:54:20","guid":{"rendered":"https:\/\/www.lyceelafayette.fr\/?p=6677"},"modified":"2024-04-30T14:54:21","modified_gmt":"2024-04-30T12:54:21","slug":"bts-electrotechnique-visite-du-site-edf-lab-les-renardieres","status":"publish","type":"post","link":"https:\/\/www.lyceelafayette.fr\/index.php\/2024\/04\/30\/bts-electrotechnique-visite-du-site-edf-lab-les-renardieres\/","title":{"rendered":"BTS \u00e9lectrotechnique &#8211; Visite du site EDF Lab Les Renardi\u00e8res"},"content":{"rendered":"\n<p>Gr\u00e2ce \u00e0 l\u2019aide de Mme Bregeat \u2013 Ing\u00e9nieure Pour l\u2019Education de l\u2019acad\u00e9mie de Cr\u00e9teil, et Mme LUMB, conseill\u00e8re expert RH sur le site EDF Lab des Renardi\u00e8res \u00e0 Moret-Loing-et-Orvanne, nous avons eu le plaisir de visiter trois laboratoires du site avec les \u00e9tudiants de 1<sup>re<\/sup> et 2<sup>e<\/sup> ann\u00e9e de BTS \u00e9lectrotechnique jeudi 25 avril.<\/p>\n\n\n\n<p><a href=\"https:\/\/www.edf.fr\/groupe-edf\/inventer-lavenir-de-lenergie\/rd-un-savoir-faire-mondial\/nos-offres\/edf-power-networks-lab\/nos-moyens-dessais\">https:\/\/www.edf.fr\/groupe-edf\/inventer-lavenir-de-lenergie\/rd-un-savoir-faire-mondial\/nos-offres\/edf-power-networks-lab\/nos-moyens-dessais<\/a><\/p>\n\n\n\n<figure class=\"wp-block-image size-full is-resized\"><img loading=\"lazy\" decoding=\"async\" width=\"4032\" height=\"3024\" src=\"https:\/\/www.lyceelafayette.fr\/wp-content\/uploads\/2024\/04\/image-2.png\" alt=\"\" class=\"wp-image-6679\" style=\"aspect-ratio:1;width:840px;height:auto\"\/><\/figure>\n\n\n\n<figure class=\"wp-block-image size-full\"><img loading=\"lazy\" decoding=\"async\" width=\"4032\" height=\"3024\" src=\"https:\/\/www.lyceelafayette.fr\/wp-content\/uploads\/2024\/04\/image-3.png\" alt=\"\" class=\"wp-image-6680\"\/><\/figure>\n\n\n\n<p>Apr\u00e8s avoir \u00e9t\u00e9 accueilli par Mme LUMB et deux de ses coll\u00e8gues, nous avons visit\u00e9s quatre laboratoires\u00a0:<\/p>\n\n\n\n<ul class=\"wp-block-list\">\n<li>Le laboratoire di\u00e9lectrique et CEM qui dispose d\u2019une tr\u00e8s grande <a href=\"https:\/\/fr.wikipedia.org\/w\/index.php?title=Cage_de_Faraday&amp;oldid=208764079\">cage de Faraday<\/a> afin de faire des essais di\u00e9lectrique jusqu\u2019\u00e0 800 kV sur du mat\u00e9riel de distribution HTB (> \u00e0 50 kV). Nous y avons aussi visit\u00e9 la chambre climatique de 1200 m\u00b3 qui peut cr\u00e9er une ambiance de -40\u00b0C \u00e0 +60\u00b0C pour tester la r\u00e9sistance des mat\u00e9riels.<\/li>\n<\/ul>\n\n\n\n<figure class=\"wp-block-image size-full\"><img loading=\"lazy\" decoding=\"async\" width=\"4032\" height=\"3024\" src=\"https:\/\/www.lyceelafayette.fr\/wp-content\/uploads\/2024\/04\/image-4.png\" alt=\"\" class=\"wp-image-6681\"\/><\/figure>\n\n\n\n<ul class=\"wp-block-list\">\n<li>Le laboratoire de puissance qui dispose d\u2019une puissance de 3300 MVA pour r\u00e9aliser des essais de court-circuit jusqu\u2019\u00e0 130 kA pendant 3s, des essais jusqu\u2019\u00e0 100 kV \u2013 25 kA sur des disjoncteurs.<\/li>\n<\/ul>\n\n\n\n<figure class=\"wp-block-image size-full\"><img loading=\"lazy\" decoding=\"async\" width=\"3024\" height=\"4032\" src=\"https:\/\/www.lyceelafayette.fr\/wp-content\/uploads\/2024\/04\/image-5.png\" alt=\"\" class=\"wp-image-6682\"\/><\/figure>\n\n\n\n<figure class=\"wp-block-image size-full\"><img loading=\"lazy\" decoding=\"async\" width=\"4032\" height=\"3024\" src=\"https:\/\/www.lyceelafayette.fr\/wp-content\/uploads\/2024\/04\/image-6.png\" alt=\"\" class=\"wp-image-6683\"\/><\/figure>\n\n\n\n<ul class=\"wp-block-list\">\n<li>Le laboratoire d\u2019essais de c\u00e2bles et accessoires qui r\u00e9alise des essais sur des c\u00e2bles BT et HT afin de qualifier leur usures sur le long terme. Ces essais durent 8 mois, en pla\u00e7ant le c\u00e2ble \u00e0 sa temp\u00e9rature nominale (90\u00b0C) afin de pr\u00e9voir son usure sur 30 ou 40 ans.<\/li>\n<\/ul>\n\n\n\n<p>Ces trois premiers laboratoires sont pr\u00e9sent\u00e9s dans cette vid\u00e9o YouTube<\/p>\n\n\n\n<figure class=\"wp-block-embed is-type-video is-provider-youtube wp-block-embed-youtube wp-embed-aspect-16-9 wp-has-aspect-ratio\"><div class=\"wp-block-embed__wrapper\">\n<iframe loading=\"lazy\" title=\"Les laboratoires haute tension de la R&amp;D d&#039;EDF\" width=\"920\" height=\"518\" src=\"https:\/\/www.youtube.com\/embed\/PFVMG-5cOoM?start=15&#038;feature=oembed\" frameborder=\"0\" allow=\"accelerometer; autoplay; clipboard-write; encrypted-media; gyroscope; picture-in-picture; web-share\" referrerpolicy=\"strict-origin-when-cross-origin\" allowfullscreen><\/iframe>\n<\/div><\/figure>\n\n\n\n<ul class=\"wp-block-list\">\n<li>La laboratoire Concept Grid qui reproduit \u00e0 \u00e9chelle r\u00e9duite un r\u00e9seau de distribution et permet de tester les mat\u00e9riels avant leur implantation sur le r\u00e9seau ENEDIS. Ils testent notamment les bornes de recharges pour v\u00e9hicule \u00e9lectrique et les syst\u00e8mes de <a href=\"https:\/\/www.edf.fr\/groupe-edf\/inventer-l-avenir-de-l-energie\/r-d-un-savoir-faire-mondial\/nos-offres\/edf-power-networks-lab\/nos-moyens-d-essais\/concept-grid\">stockage r\u00e9sidentiel<\/a>.<\/li>\n<\/ul>\n\n\n\n<p>Nous tenons \u00e0 remercier toutes les personnes du site des Renardi\u00e8res qui ont permis cette visite et nous ont accompagn\u00e9 sur cette matin\u00e9e.<\/p>\n\n\n\n<p>Le site recrute tous les ans trois ou quatre postes de techniciens. Les annonces sont publi\u00e9es sur <a href=\"https:\/\/www.edf.fr\/edf-recrute\">https:\/\/www.edf.fr\/edf-recrute<\/a><\/p>\n","protected":false},"excerpt":{"rendered":"<p>Gr\u00e2ce \u00e0 l\u2019aide de Mme Bregeat \u2013 Ing\u00e9nieure Pour l\u2019Education de l\u2019acad\u00e9mie de Cr\u00e9teil, et Mme LUMB, conseill\u00e8re expert RH sur le site EDF Lab des Renardi\u00e8res \u00e0 Moret-Loing-et-Orvanne, nous avons eu le plaisir de visiter trois laboratoires du site avec les \u00e9tudiants de 1re et 2e ann\u00e9e de BTS&#8230; <a class=\"continue-reading-link\" href=\"https:\/\/www.lyceelafayette.fr\/index.php\/2024\/04\/30\/bts-electrotechnique-visite-du-site-edf-lab-les-renardieres\/\">lire la suite<\/a><\/p>\n","protected":false},"author":8,"featured_media":0,"comment_status":"closed","ping_status":"open","sticky":false,"template":"","format":"standard","meta":{"footnotes":""},"categories":[6,5],"tags":[],"class_list":["post-6677","post","type-post","status-publish","format-standard","hentry","category-bts","category-sorties"],"yoast_head":"<!-- This site is optimized with the Yoast SEO plugin v27.5 - https:\/\/yoast.com\/product\/yoast-seo-wordpress\/ -->\n<title>BTS \u00e9lectrotechnique - Visite du site EDF Lab Les Renardi\u00e8res - Lyc\u00e9e La Fayette<\/title>\n<meta name=\"robots\" content=\"index, follow, max-snippet:-1, max-image-preview:large, max-video-preview:-1\" \/>\n<link rel=\"canonical\" href=\"https:\/\/www.lyceelafayette.fr\/index.php\/2024\/04\/30\/bts-electrotechnique-visite-du-site-edf-lab-les-renardieres\/\" \/>\n<meta property=\"og:locale\" content=\"fr_FR\" \/>\n<meta property=\"og:type\" content=\"article\" \/>\n<meta property=\"og:title\" content=\"BTS \u00e9lectrotechnique - Visite du site EDF Lab Les Renardi\u00e8res - Lyc\u00e9e La Fayette\" \/>\n<meta property=\"og:description\" content=\"Gr\u00e2ce \u00e0 l\u2019aide de Mme Bregeat \u2013 Ing\u00e9nieure Pour l\u2019Education de l\u2019acad\u00e9mie de Cr\u00e9teil, et Mme LUMB, conseill\u00e8re expert RH sur le site EDF Lab des Renardi\u00e8res \u00e0 Moret-Loing-et-Orvanne, nous avons eu le plaisir de visiter trois laboratoires du site avec les \u00e9tudiants de 1re et 2e ann\u00e9e de BTS... lire la suite\" \/>\n<meta property=\"og:url\" content=\"https:\/\/www.lyceelafayette.fr\/index.php\/2024\/04\/30\/bts-electrotechnique-visite-du-site-edf-lab-les-renardieres\/\" \/>\n<meta property=\"og:site_name\" content=\"Lyc\u00e9e La Fayette\" \/>\n<meta property=\"article:published_time\" content=\"2024-04-30T12:54:20+00:00\" \/>\n<meta property=\"article:modified_time\" content=\"2024-04-30T12:54:21+00:00\" \/>\n<meta property=\"og:image\" content=\"https:\/\/www.lyceelafayette.fr\/wp-content\/uploads\/2024\/04\/image-2.png\" \/>\n<meta name=\"author\" content=\"Alexandre Facchin\" \/>\n<meta name=\"twitter:card\" content=\"summary_large_image\" \/>\n<meta name=\"twitter:label1\" content=\"\u00c9crit par\" \/>\n\t<meta name=\"twitter:data1\" content=\"Alexandre Facchin\" \/>\n\t<meta name=\"twitter:label2\" content=\"Dur\u00e9e de lecture estim\u00e9e\" \/>\n\t<meta name=\"twitter:data2\" content=\"3 minutes\" \/>\n<script type=\"application\/ld+json\" class=\"yoast-schema-graph\">{\"@context\":\"https:\\\/\\\/schema.org\",\"@graph\":[{\"@type\":\"Article\",\"@id\":\"https:\\\/\\\/www.lyceelafayette.fr\\\/index.php\\\/2024\\\/04\\\/30\\\/bts-electrotechnique-visite-du-site-edf-lab-les-renardieres\\\/#article\",\"isPartOf\":{\"@id\":\"https:\\\/\\\/www.lyceelafayette.fr\\\/index.php\\\/2024\\\/04\\\/30\\\/bts-electrotechnique-visite-du-site-edf-lab-les-renardieres\\\/\"},\"author\":{\"name\":\"Alexandre Facchin\",\"@id\":\"https:\\\/\\\/www.lyceelafayette.fr\\\/#\\\/schema\\\/person\\\/ce6db8a1157d50329e1fd65f9a9b5df8\"},\"headline\":\"BTS \u00e9lectrotechnique &#8211; Visite du site EDF Lab Les Renardi\u00e8res\",\"datePublished\":\"2024-04-30T12:54:20+00:00\",\"dateModified\":\"2024-04-30T12:54:21+00:00\",\"mainEntityOfPage\":{\"@id\":\"https:\\\/\\\/www.lyceelafayette.fr\\\/index.php\\\/2024\\\/04\\\/30\\\/bts-electrotechnique-visite-du-site-edf-lab-les-renardieres\\\/\"},\"wordCount\":365,\"publisher\":{\"@id\":\"https:\\\/\\\/www.lyceelafayette.fr\\\/#organization\"},\"image\":{\"@id\":\"https:\\\/\\\/www.lyceelafayette.fr\\\/index.php\\\/2024\\\/04\\\/30\\\/bts-electrotechnique-visite-du-site-edf-lab-les-renardieres\\\/#primaryimage\"},\"thumbnailUrl\":\"https:\\\/\\\/www.lyceelafayette.fr\\\/wp-content\\\/uploads\\\/2024\\\/04\\\/image-2.png\",\"articleSection\":[\"BTS\",\"sorties\"],\"inLanguage\":\"fr-FR\"},{\"@type\":\"WebPage\",\"@id\":\"https:\\\/\\\/www.lyceelafayette.fr\\\/index.php\\\/2024\\\/04\\\/30\\\/bts-electrotechnique-visite-du-site-edf-lab-les-renardieres\\\/\",\"url\":\"https:\\\/\\\/www.lyceelafayette.fr\\\/index.php\\\/2024\\\/04\\\/30\\\/bts-electrotechnique-visite-du-site-edf-lab-les-renardieres\\\/\",\"name\":\"BTS \u00e9lectrotechnique - Visite du site EDF Lab Les Renardi\u00e8res - Lyc\u00e9e La Fayette\",\"isPartOf\":{\"@id\":\"https:\\\/\\\/www.lyceelafayette.fr\\\/#website\"},\"primaryImageOfPage\":{\"@id\":\"https:\\\/\\\/www.lyceelafayette.fr\\\/index.php\\\/2024\\\/04\\\/30\\\/bts-electrotechnique-visite-du-site-edf-lab-les-renardieres\\\/#primaryimage\"},\"image\":{\"@id\":\"https:\\\/\\\/www.lyceelafayette.fr\\\/index.php\\\/2024\\\/04\\\/30\\\/bts-electrotechnique-visite-du-site-edf-lab-les-renardieres\\\/#primaryimage\"},\"thumbnailUrl\":\"https:\\\/\\\/www.lyceelafayette.fr\\\/wp-content\\\/uploads\\\/2024\\\/04\\\/image-2.png\",\"datePublished\":\"2024-04-30T12:54:20+00:00\",\"dateModified\":\"2024-04-30T12:54:21+00:00\",\"breadcrumb\":{\"@id\":\"https:\\\/\\\/www.lyceelafayette.fr\\\/index.php\\\/2024\\\/04\\\/30\\\/bts-electrotechnique-visite-du-site-edf-lab-les-renardieres\\\/#breadcrumb\"},\"inLanguage\":\"fr-FR\",\"potentialAction\":[{\"@type\":\"ReadAction\",\"target\":[\"https:\\\/\\\/www.lyceelafayette.fr\\\/index.php\\\/2024\\\/04\\\/30\\\/bts-electrotechnique-visite-du-site-edf-lab-les-renardieres\\\/\"]}]},{\"@type\":\"ImageObject\",\"inLanguage\":\"fr-FR\",\"@id\":\"https:\\\/\\\/www.lyceelafayette.fr\\\/index.php\\\/2024\\\/04\\\/30\\\/bts-electrotechnique-visite-du-site-edf-lab-les-renardieres\\\/#primaryimage\",\"url\":\"https:\\\/\\\/www.lyceelafayette.fr\\\/wp-content\\\/uploads\\\/2024\\\/04\\\/image-2.png\",\"contentUrl\":\"https:\\\/\\\/www.lyceelafayette.fr\\\/wp-content\\\/uploads\\\/2024\\\/04\\\/image-2.png\",\"width\":4032,\"height\":3024},{\"@type\":\"BreadcrumbList\",\"@id\":\"https:\\\/\\\/www.lyceelafayette.fr\\\/index.php\\\/2024\\\/04\\\/30\\\/bts-electrotechnique-visite-du-site-edf-lab-les-renardieres\\\/#breadcrumb\",\"itemListElement\":[{\"@type\":\"ListItem\",\"position\":1,\"name\":\"Accueil\",\"item\":\"https:\\\/\\\/www.lyceelafayette.fr\\\/\"},{\"@type\":\"ListItem\",\"position\":2,\"name\":\"BTS \u00e9lectrotechnique &#8211; Visite du site EDF Lab Les Renardi\u00e8res\"}]},{\"@type\":\"WebSite\",\"@id\":\"https:\\\/\\\/www.lyceelafayette.fr\\\/#website\",\"url\":\"https:\\\/\\\/www.lyceelafayette.fr\\\/\",\"name\":\"Lyc\u00e9e La Fayette\",\"description\":\"\",\"publisher\":{\"@id\":\"https:\\\/\\\/www.lyceelafayette.fr\\\/#organization\"},\"potentialAction\":[{\"@type\":\"SearchAction\",\"target\":{\"@type\":\"EntryPoint\",\"urlTemplate\":\"https:\\\/\\\/www.lyceelafayette.fr\\\/?s={search_term_string}\"},\"query-input\":{\"@type\":\"PropertyValueSpecification\",\"valueRequired\":true,\"valueName\":\"search_term_string\"}}],\"inLanguage\":\"fr-FR\"},{\"@type\":\"Organization\",\"@id\":\"https:\\\/\\\/www.lyceelafayette.fr\\\/#organization\",\"name\":\"Lyc\u00e9e La Fayette\",\"url\":\"https:\\\/\\\/www.lyceelafayette.fr\\\/\",\"logo\":{\"@type\":\"ImageObject\",\"inLanguage\":\"fr-FR\",\"@id\":\"https:\\\/\\\/www.lyceelafayette.fr\\\/#\\\/schema\\\/logo\\\/image\\\/\",\"url\":\"https:\\\/\\\/www.lyceelafayette.fr\\\/wp-content\\\/uploads\\\/2019\\\/06\\\/llf_logo_alpha.png\",\"contentUrl\":\"https:\\\/\\\/www.lyceelafayette.fr\\\/wp-content\\\/uploads\\\/2019\\\/06\\\/llf_logo_alpha.png\",\"width\":1583,\"height\":792,\"caption\":\"Lyc\u00e9e La Fayette\"},\"image\":{\"@id\":\"https:\\\/\\\/www.lyceelafayette.fr\\\/#\\\/schema\\\/logo\\\/image\\\/\"},\"sameAs\":[\"https:\\\/\\\/www.youtube.com\\\/channel\\\/UC2AOQowoMGBKdY4ToZsf9mw\"]},{\"@type\":\"Person\",\"@id\":\"https:\\\/\\\/www.lyceelafayette.fr\\\/#\\\/schema\\\/person\\\/ce6db8a1157d50329e1fd65f9a9b5df8\",\"name\":\"Alexandre Facchin\",\"image\":{\"@type\":\"ImageObject\",\"inLanguage\":\"fr-FR\",\"@id\":\"https:\\\/\\\/secure.gravatar.com\\\/avatar\\\/c94ab2db74f6be2880cb92feeab1c3c9a55baee6dab0b6f9fbb80e1bc3336b7a?s=96&d=blank&r=g\",\"url\":\"https:\\\/\\\/secure.gravatar.com\\\/avatar\\\/c94ab2db74f6be2880cb92feeab1c3c9a55baee6dab0b6f9fbb80e1bc3336b7a?s=96&d=blank&r=g\",\"contentUrl\":\"https:\\\/\\\/secure.gravatar.com\\\/avatar\\\/c94ab2db74f6be2880cb92feeab1c3c9a55baee6dab0b6f9fbb80e1bc3336b7a?s=96&d=blank&r=g\",\"caption\":\"Alexandre Facchin\"},\"url\":\"https:\\\/\\\/www.lyceelafayette.fr\\\/index.php\\\/author\\\/admin\\\/\"}]}<\/script>\n<!-- \/ Yoast SEO plugin. -->","yoast_head_json":{"title":"BTS \u00e9lectrotechnique - Visite du site EDF Lab Les Renardi\u00e8res - Lyc\u00e9e La Fayette","robots":{"index":"index","follow":"follow","max-snippet":"max-snippet:-1","max-image-preview":"max-image-preview:large","max-video-preview":"max-video-preview:-1"},"canonical":"https:\/\/www.lyceelafayette.fr\/index.php\/2024\/04\/30\/bts-electrotechnique-visite-du-site-edf-lab-les-renardieres\/","og_locale":"fr_FR","og_type":"article","og_title":"BTS \u00e9lectrotechnique - Visite du site EDF Lab Les Renardi\u00e8res - Lyc\u00e9e La Fayette","og_description":"Gr\u00e2ce \u00e0 l\u2019aide de Mme Bregeat \u2013 Ing\u00e9nieure Pour l\u2019Education de l\u2019acad\u00e9mie de Cr\u00e9teil, et Mme LUMB, conseill\u00e8re expert RH sur le site EDF Lab des Renardi\u00e8res \u00e0 Moret-Loing-et-Orvanne, nous avons eu le plaisir de visiter trois laboratoires du site avec les \u00e9tudiants de 1re et 2e ann\u00e9e de BTS... lire la suite","og_url":"https:\/\/www.lyceelafayette.fr\/index.php\/2024\/04\/30\/bts-electrotechnique-visite-du-site-edf-lab-les-renardieres\/","og_site_name":"Lyc\u00e9e La Fayette","article_published_time":"2024-04-30T12:54:20+00:00","article_modified_time":"2024-04-30T12:54:21+00:00","og_image":[{"url":"https:\/\/www.lyceelafayette.fr\/wp-content\/uploads\/2024\/04\/image-2.png","type":"","width":"","height":""}],"author":"Alexandre Facchin","twitter_card":"summary_large_image","twitter_misc":{"\u00c9crit par":"Alexandre Facchin","Dur\u00e9e de lecture estim\u00e9e":"3 minutes"},"schema":{"@context":"https:\/\/schema.org","@graph":[{"@type":"Article","@id":"https:\/\/www.lyceelafayette.fr\/index.php\/2024\/04\/30\/bts-electrotechnique-visite-du-site-edf-lab-les-renardieres\/#article","isPartOf":{"@id":"https:\/\/www.lyceelafayette.fr\/index.php\/2024\/04\/30\/bts-electrotechnique-visite-du-site-edf-lab-les-renardieres\/"},"author":{"name":"Alexandre Facchin","@id":"https:\/\/www.lyceelafayette.fr\/#\/schema\/person\/ce6db8a1157d50329e1fd65f9a9b5df8"},"headline":"BTS \u00e9lectrotechnique &#8211; Visite du site EDF Lab Les Renardi\u00e8res","datePublished":"2024-04-30T12:54:20+00:00","dateModified":"2024-04-30T12:54:21+00:00","mainEntityOfPage":{"@id":"https:\/\/www.lyceelafayette.fr\/index.php\/2024\/04\/30\/bts-electrotechnique-visite-du-site-edf-lab-les-renardieres\/"},"wordCount":365,"publisher":{"@id":"https:\/\/www.lyceelafayette.fr\/#organization"},"image":{"@id":"https:\/\/www.lyceelafayette.fr\/index.php\/2024\/04\/30\/bts-electrotechnique-visite-du-site-edf-lab-les-renardieres\/#primaryimage"},"thumbnailUrl":"https:\/\/www.lyceelafayette.fr\/wp-content\/uploads\/2024\/04\/image-2.png","articleSection":["BTS","sorties"],"inLanguage":"fr-FR"},{"@type":"WebPage","@id":"https:\/\/www.lyceelafayette.fr\/index.php\/2024\/04\/30\/bts-electrotechnique-visite-du-site-edf-lab-les-renardieres\/","url":"https:\/\/www.lyceelafayette.fr\/index.php\/2024\/04\/30\/bts-electrotechnique-visite-du-site-edf-lab-les-renardieres\/","name":"BTS \u00e9lectrotechnique - Visite du site EDF Lab Les Renardi\u00e8res - Lyc\u00e9e La Fayette","isPartOf":{"@id":"https:\/\/www.lyceelafayette.fr\/#website"},"primaryImageOfPage":{"@id":"https:\/\/www.lyceelafayette.fr\/index.php\/2024\/04\/30\/bts-electrotechnique-visite-du-site-edf-lab-les-renardieres\/#primaryimage"},"image":{"@id":"https:\/\/www.lyceelafayette.fr\/index.php\/2024\/04\/30\/bts-electrotechnique-visite-du-site-edf-lab-les-renardieres\/#primaryimage"},"thumbnailUrl":"https:\/\/www.lyceelafayette.fr\/wp-content\/uploads\/2024\/04\/image-2.png","datePublished":"2024-04-30T12:54:20+00:00","dateModified":"2024-04-30T12:54:21+00:00","breadcrumb":{"@id":"https:\/\/www.lyceelafayette.fr\/index.php\/2024\/04\/30\/bts-electrotechnique-visite-du-site-edf-lab-les-renardieres\/#breadcrumb"},"inLanguage":"fr-FR","potentialAction":[{"@type":"ReadAction","target":["https:\/\/www.lyceelafayette.fr\/index.php\/2024\/04\/30\/bts-electrotechnique-visite-du-site-edf-lab-les-renardieres\/"]}]},{"@type":"ImageObject","inLanguage":"fr-FR","@id":"https:\/\/www.lyceelafayette.fr\/index.php\/2024\/04\/30\/bts-electrotechnique-visite-du-site-edf-lab-les-renardieres\/#primaryimage","url":"https:\/\/www.lyceelafayette.fr\/wp-content\/uploads\/2024\/04\/image-2.png","contentUrl":"https:\/\/www.lyceelafayette.fr\/wp-content\/uploads\/2024\/04\/image-2.png","width":4032,"height":3024},{"@type":"BreadcrumbList","@id":"https:\/\/www.lyceelafayette.fr\/index.php\/2024\/04\/30\/bts-electrotechnique-visite-du-site-edf-lab-les-renardieres\/#breadcrumb","itemListElement":[{"@type":"ListItem","position":1,"name":"Accueil","item":"https:\/\/www.lyceelafayette.fr\/"},{"@type":"ListItem","position":2,"name":"BTS \u00e9lectrotechnique &#8211; Visite du site EDF Lab Les Renardi\u00e8res"}]},{"@type":"WebSite","@id":"https:\/\/www.lyceelafayette.fr\/#website","url":"https:\/\/www.lyceelafayette.fr\/","name":"Lyc\u00e9e La Fayette","description":"","publisher":{"@id":"https:\/\/www.lyceelafayette.fr\/#organization"},"potentialAction":[{"@type":"SearchAction","target":{"@type":"EntryPoint","urlTemplate":"https:\/\/www.lyceelafayette.fr\/?s={search_term_string}"},"query-input":{"@type":"PropertyValueSpecification","valueRequired":true,"valueName":"search_term_string"}}],"inLanguage":"fr-FR"},{"@type":"Organization","@id":"https:\/\/www.lyceelafayette.fr\/#organization","name":"Lyc\u00e9e La Fayette","url":"https:\/\/www.lyceelafayette.fr\/","logo":{"@type":"ImageObject","inLanguage":"fr-FR","@id":"https:\/\/www.lyceelafayette.fr\/#\/schema\/logo\/image\/","url":"https:\/\/www.lyceelafayette.fr\/wp-content\/uploads\/2019\/06\/llf_logo_alpha.png","contentUrl":"https:\/\/www.lyceelafayette.fr\/wp-content\/uploads\/2019\/06\/llf_logo_alpha.png","width":1583,"height":792,"caption":"Lyc\u00e9e La Fayette"},"image":{"@id":"https:\/\/www.lyceelafayette.fr\/#\/schema\/logo\/image\/"},"sameAs":["https:\/\/www.youtube.com\/channel\/UC2AOQowoMGBKdY4ToZsf9mw"]},{"@type":"Person","@id":"https:\/\/www.lyceelafayette.fr\/#\/schema\/person\/ce6db8a1157d50329e1fd65f9a9b5df8","name":"Alexandre Facchin","image":{"@type":"ImageObject","inLanguage":"fr-FR","@id":"https:\/\/secure.gravatar.com\/avatar\/c94ab2db74f6be2880cb92feeab1c3c9a55baee6dab0b6f9fbb80e1bc3336b7a?s=96&d=blank&r=g","url":"https:\/\/secure.gravatar.com\/avatar\/c94ab2db74f6be2880cb92feeab1c3c9a55baee6dab0b6f9fbb80e1bc3336b7a?s=96&d=blank&r=g","contentUrl":"https:\/\/secure.gravatar.com\/avatar\/c94ab2db74f6be2880cb92feeab1c3c9a55baee6dab0b6f9fbb80e1bc3336b7a?s=96&d=blank&r=g","caption":"Alexandre Facchin"},"url":"https:\/\/www.lyceelafayette.fr\/index.php\/author\/admin\/"}]}},"_links":{"self":[{"href":"https:\/\/www.lyceelafayette.fr\/index.php\/wp-json\/wp\/v2\/posts\/6677","targetHints":{"allow":["GET"]}}],"collection":[{"href":"https:\/\/www.lyceelafayette.fr\/index.php\/wp-json\/wp\/v2\/posts"}],"about":[{"href":"https:\/\/www.lyceelafayette.fr\/index.php\/wp-json\/wp\/v2\/types\/post"}],"author":[{"embeddable":true,"href":"https:\/\/www.lyceelafayette.fr\/index.php\/wp-json\/wp\/v2\/users\/8"}],"replies":[{"embeddable":true,"href":"https:\/\/www.lyceelafayette.fr\/index.php\/wp-json\/wp\/v2\/comments?post=6677"}],"version-history":[{"count":1,"href":"https:\/\/www.lyceelafayette.fr\/index.php\/wp-json\/wp\/v2\/posts\/6677\/revisions"}],"predecessor-version":[{"id":6684,"href":"https:\/\/www.lyceelafayette.fr\/index.php\/wp-json\/wp\/v2\/posts\/6677\/revisions\/6684"}],"wp:attachment":[{"href":"https:\/\/www.lyceelafayette.fr\/index.php\/wp-json\/wp\/v2\/media?parent=6677"}],"wp:term":[{"taxonomy":"category","embeddable":true,"href":"https:\/\/www.lyceelafayette.fr\/index.php\/wp-json\/wp\/v2\/categories?post=6677"},{"taxonomy":"post_tag","embeddable":true,"href":"https:\/\/www.lyceelafayette.fr\/index.php\/wp-json\/wp\/v2\/tags?post=6677"}],"curies":[{"name":"wp","href":"https:\/\/api.w.org\/{rel}","templated":true}]}}