{"id":6657,"date":"2024-03-21T16:08:49","date_gmt":"2024-03-21T15:08:49","guid":{"rendered":"https:\/\/www.lyceelafayette.fr\/?p=6657"},"modified":"2024-03-21T16:08:50","modified_gmt":"2024-03-21T15:08:50","slug":"bts-ciel-une-nouvelle-salle-reseau","status":"publish","type":"post","link":"https:\/\/www.lyceelafayette.fr\/index.php\/2024\/03\/21\/bts-ciel-une-nouvelle-salle-reseau\/","title":{"rendered":"BTS CIEL, Une nouvelle salle r\u00e9seau"},"content":{"rendered":"\n<p>Au sein du BTS Cybers\u00e9curit\u00e9, Informatique R\u00e9seaux et \u00c9lectronique (CIEL) du Lyc\u00e9e La Fayette, les \u00e9tudiants ont r\u00e9cemment entrepris un projet ambitieux qui a captiv\u00e9 l&rsquo;attention de tous. En collaboration avec des partenaires de renom tels que CISCO et gr\u00e2ce \u00e0 la mobilisation de fonds p\u00e9dagogiques importants, ils ont transform\u00e9 leur salle de r\u00e9seau en un environnement technologique de pointe.<\/p>\n\n\n\n<figure class=\"wp-block-image size-full\"><img loading=\"lazy\" decoding=\"async\" width=\"4032\" height=\"3024\" src=\"https:\/\/www.lyceelafayette.fr\/wp-content\/uploads\/2024\/03\/IMG_9193.jpg\" alt=\"\" class=\"wp-image-6658\"\/><\/figure>\n\n\n\n<p>Ce projet multidisciplinaire a permis aux \u00e9tudiants d&rsquo;appliquer leurs connaissances en cybers\u00e9curit\u00e9, en informatique r\u00e9seaux dans un contexte r\u00e9el. Gr\u00e2ce \u00e0 l&rsquo;acquisition d&rsquo;\u00e9quipements de derni\u00e8re g\u00e9n\u00e9ration, incluant des commutateurs, des routeurs et des dispositifs de s\u00e9curit\u00e9, ils ont pu cr\u00e9er un environnement propice \u00e0 l&rsquo;apprentissage pratique et \u00e0 l&rsquo;exp\u00e9rimentation.<\/p>\n\n\n\n<figure class=\"wp-block-image size-full\"><img loading=\"lazy\" decoding=\"async\" width=\"3024\" height=\"4032\" src=\"https:\/\/www.lyceelafayette.fr\/wp-content\/uploads\/2024\/03\/IMG_9194.jpg\" alt=\"\" class=\"wp-image-6659\"\/><\/figure>\n\n\n\n<p>Cette initiative d\u00e9montre non seulement l&rsquo;engagement des \u00e9tudiants, mais aussi la volont\u00e9 du lyc\u00e9e de fournir des opportunit\u00e9s d&rsquo;apprentissage enrichissantes. En collaborant avec des leaders de l&rsquo;industrie, les \u00e9tudiants ont pu acqu\u00e9rir une exp\u00e9rience pr\u00e9cieuse qui les pr\u00e9pare efficacement pour leur future carri\u00e8re.<\/p>\n\n\n\n<figure class=\"wp-block-image size-full\"><img loading=\"lazy\" decoding=\"async\" width=\"3024\" height=\"4032\" src=\"https:\/\/www.lyceelafayette.fr\/wp-content\/uploads\/2024\/03\/IMG_9195.jpg\" alt=\"\" class=\"wp-image-6660\"\/><\/figure>\n\n\n\n<p>Nous remercions les \u00e9tudiants pour leur travail acharn\u00e9 tout au long de cette installation.<\/p>\n\n\n\n<figure class=\"wp-block-image size-full\"><img loading=\"lazy\" decoding=\"async\" width=\"4032\" height=\"3024\" src=\"https:\/\/www.lyceelafayette.fr\/wp-content\/uploads\/2024\/03\/IMG_9197.jpg\" alt=\"\" class=\"wp-image-6661\"\/><\/figure>\n\n\n\n<figure class=\"wp-block-image size-full\"><img loading=\"lazy\" decoding=\"async\" width=\"3024\" height=\"4032\" src=\"https:\/\/www.lyceelafayette.fr\/wp-content\/uploads\/2024\/03\/IMG_9199.jpg\" alt=\"\" class=\"wp-image-6662\"\/><\/figure>\n","protected":false},"excerpt":{"rendered":"<p>Au sein du BTS Cybers\u00e9curit\u00e9, Informatique R\u00e9seaux et \u00c9lectronique (CIEL) du Lyc\u00e9e La Fayette, les \u00e9tudiants ont r\u00e9cemment entrepris un projet ambitieux qui a captiv\u00e9 l&rsquo;attention de tous. En collaboration avec des partenaires de renom tels que CISCO et gr\u00e2ce \u00e0 la mobilisation de fonds p\u00e9dagogiques importants, ils ont transform\u00e9&#8230; <a class=\"continue-reading-link\" href=\"https:\/\/www.lyceelafayette.fr\/index.php\/2024\/03\/21\/bts-ciel-une-nouvelle-salle-reseau\/\">lire la suite<\/a><\/p>\n","protected":false},"author":8,"featured_media":6661,"comment_status":"closed","ping_status":"open","sticky":false,"template":"","format":"standard","meta":{"footnotes":""},"categories":[6],"tags":[15,133,139,33,72],"class_list":["post-6657","post","type-post","status-publish","format-standard","has-post-thumbnail","hentry","category-bts","tag-bts","tag-ciel","tag-cyber","tag-etudiants","tag-snir"],"yoast_head":"<!-- This site is optimized with the Yoast SEO plugin v27.5 - https:\/\/yoast.com\/product\/yoast-seo-wordpress\/ -->\n<title>BTS CIEL, Une nouvelle salle r\u00e9seau - Lyc\u00e9e La Fayette<\/title>\n<meta name=\"robots\" content=\"index, follow, max-snippet:-1, max-image-preview:large, max-video-preview:-1\" \/>\n<link rel=\"canonical\" href=\"https:\/\/www.lyceelafayette.fr\/index.php\/2024\/03\/21\/bts-ciel-une-nouvelle-salle-reseau\/\" \/>\n<meta property=\"og:locale\" content=\"fr_FR\" \/>\n<meta property=\"og:type\" content=\"article\" \/>\n<meta property=\"og:title\" content=\"BTS CIEL, Une nouvelle salle r\u00e9seau - Lyc\u00e9e La Fayette\" \/>\n<meta property=\"og:description\" content=\"Au sein du BTS Cybers\u00e9curit\u00e9, Informatique R\u00e9seaux et \u00c9lectronique (CIEL) du Lyc\u00e9e La Fayette, les \u00e9tudiants ont r\u00e9cemment entrepris un projet ambitieux qui a captiv\u00e9 l&rsquo;attention de tous. En collaboration avec des partenaires de renom tels que CISCO et gr\u00e2ce \u00e0 la mobilisation de fonds p\u00e9dagogiques importants, ils ont transform\u00e9... lire la suite\" \/>\n<meta property=\"og:url\" content=\"https:\/\/www.lyceelafayette.fr\/index.php\/2024\/03\/21\/bts-ciel-une-nouvelle-salle-reseau\/\" \/>\n<meta property=\"og:site_name\" content=\"Lyc\u00e9e La Fayette\" \/>\n<meta property=\"article:published_time\" content=\"2024-03-21T15:08:49+00:00\" \/>\n<meta property=\"article:modified_time\" content=\"2024-03-21T15:08:50+00:00\" \/>\n<meta property=\"og:image\" content=\"https:\/\/www.lyceelafayette.fr\/wp-content\/uploads\/2024\/03\/IMG_9197.jpg\" \/>\n\t<meta property=\"og:image:width\" content=\"4032\" \/>\n\t<meta property=\"og:image:height\" content=\"3024\" \/>\n\t<meta property=\"og:image:type\" content=\"image\/jpeg\" \/>\n<meta name=\"author\" content=\"Alexandre Facchin\" \/>\n<meta name=\"twitter:card\" content=\"summary_large_image\" \/>\n<meta name=\"twitter:label1\" content=\"\u00c9crit par\" \/>\n\t<meta name=\"twitter:data1\" content=\"Alexandre Facchin\" \/>\n\t<meta name=\"twitter:label2\" content=\"Dur\u00e9e de lecture estim\u00e9e\" \/>\n\t<meta name=\"twitter:data2\" content=\"3 minutes\" \/>\n<script type=\"application\/ld+json\" class=\"yoast-schema-graph\">{\"@context\":\"https:\\\/\\\/schema.org\",\"@graph\":[{\"@type\":\"Article\",\"@id\":\"https:\\\/\\\/www.lyceelafayette.fr\\\/index.php\\\/2024\\\/03\\\/21\\\/bts-ciel-une-nouvelle-salle-reseau\\\/#article\",\"isPartOf\":{\"@id\":\"https:\\\/\\\/www.lyceelafayette.fr\\\/index.php\\\/2024\\\/03\\\/21\\\/bts-ciel-une-nouvelle-salle-reseau\\\/\"},\"author\":{\"name\":\"Alexandre Facchin\",\"@id\":\"https:\\\/\\\/www.lyceelafayette.fr\\\/#\\\/schema\\\/person\\\/ce6db8a1157d50329e1fd65f9a9b5df8\"},\"headline\":\"BTS CIEL, Une nouvelle salle r\u00e9seau\",\"datePublished\":\"2024-03-21T15:08:49+00:00\",\"dateModified\":\"2024-03-21T15:08:50+00:00\",\"mainEntityOfPage\":{\"@id\":\"https:\\\/\\\/www.lyceelafayette.fr\\\/index.php\\\/2024\\\/03\\\/21\\\/bts-ciel-une-nouvelle-salle-reseau\\\/\"},\"wordCount\":203,\"publisher\":{\"@id\":\"https:\\\/\\\/www.lyceelafayette.fr\\\/#organization\"},\"image\":{\"@id\":\"https:\\\/\\\/www.lyceelafayette.fr\\\/index.php\\\/2024\\\/03\\\/21\\\/bts-ciel-une-nouvelle-salle-reseau\\\/#primaryimage\"},\"thumbnailUrl\":\"https:\\\/\\\/www.lyceelafayette.fr\\\/wp-content\\\/uploads\\\/2024\\\/03\\\/IMG_9197.jpg\",\"keywords\":[\"BTS\",\"CIEL\",\"Cyber\",\"\u00e9tudiants\",\"SNIR\"],\"articleSection\":[\"BTS\"],\"inLanguage\":\"fr-FR\"},{\"@type\":\"WebPage\",\"@id\":\"https:\\\/\\\/www.lyceelafayette.fr\\\/index.php\\\/2024\\\/03\\\/21\\\/bts-ciel-une-nouvelle-salle-reseau\\\/\",\"url\":\"https:\\\/\\\/www.lyceelafayette.fr\\\/index.php\\\/2024\\\/03\\\/21\\\/bts-ciel-une-nouvelle-salle-reseau\\\/\",\"name\":\"BTS CIEL, Une nouvelle salle r\u00e9seau - Lyc\u00e9e La Fayette\",\"isPartOf\":{\"@id\":\"https:\\\/\\\/www.lyceelafayette.fr\\\/#website\"},\"primaryImageOfPage\":{\"@id\":\"https:\\\/\\\/www.lyceelafayette.fr\\\/index.php\\\/2024\\\/03\\\/21\\\/bts-ciel-une-nouvelle-salle-reseau\\\/#primaryimage\"},\"image\":{\"@id\":\"https:\\\/\\\/www.lyceelafayette.fr\\\/index.php\\\/2024\\\/03\\\/21\\\/bts-ciel-une-nouvelle-salle-reseau\\\/#primaryimage\"},\"thumbnailUrl\":\"https:\\\/\\\/www.lyceelafayette.fr\\\/wp-content\\\/uploads\\\/2024\\\/03\\\/IMG_9197.jpg\",\"datePublished\":\"2024-03-21T15:08:49+00:00\",\"dateModified\":\"2024-03-21T15:08:50+00:00\",\"breadcrumb\":{\"@id\":\"https:\\\/\\\/www.lyceelafayette.fr\\\/index.php\\\/2024\\\/03\\\/21\\\/bts-ciel-une-nouvelle-salle-reseau\\\/#breadcrumb\"},\"inLanguage\":\"fr-FR\",\"potentialAction\":[{\"@type\":\"ReadAction\",\"target\":[\"https:\\\/\\\/www.lyceelafayette.fr\\\/index.php\\\/2024\\\/03\\\/21\\\/bts-ciel-une-nouvelle-salle-reseau\\\/\"]}]},{\"@type\":\"ImageObject\",\"inLanguage\":\"fr-FR\",\"@id\":\"https:\\\/\\\/www.lyceelafayette.fr\\\/index.php\\\/2024\\\/03\\\/21\\\/bts-ciel-une-nouvelle-salle-reseau\\\/#primaryimage\",\"url\":\"https:\\\/\\\/www.lyceelafayette.fr\\\/wp-content\\\/uploads\\\/2024\\\/03\\\/IMG_9197.jpg\",\"contentUrl\":\"https:\\\/\\\/www.lyceelafayette.fr\\\/wp-content\\\/uploads\\\/2024\\\/03\\\/IMG_9197.jpg\",\"width\":4032,\"height\":3024},{\"@type\":\"BreadcrumbList\",\"@id\":\"https:\\\/\\\/www.lyceelafayette.fr\\\/index.php\\\/2024\\\/03\\\/21\\\/bts-ciel-une-nouvelle-salle-reseau\\\/#breadcrumb\",\"itemListElement\":[{\"@type\":\"ListItem\",\"position\":1,\"name\":\"Accueil\",\"item\":\"https:\\\/\\\/www.lyceelafayette.fr\\\/\"},{\"@type\":\"ListItem\",\"position\":2,\"name\":\"BTS CIEL, Une nouvelle salle r\u00e9seau\"}]},{\"@type\":\"WebSite\",\"@id\":\"https:\\\/\\\/www.lyceelafayette.fr\\\/#website\",\"url\":\"https:\\\/\\\/www.lyceelafayette.fr\\\/\",\"name\":\"Lyc\u00e9e La Fayette\",\"description\":\"\",\"publisher\":{\"@id\":\"https:\\\/\\\/www.lyceelafayette.fr\\\/#organization\"},\"potentialAction\":[{\"@type\":\"SearchAction\",\"target\":{\"@type\":\"EntryPoint\",\"urlTemplate\":\"https:\\\/\\\/www.lyceelafayette.fr\\\/?s={search_term_string}\"},\"query-input\":{\"@type\":\"PropertyValueSpecification\",\"valueRequired\":true,\"valueName\":\"search_term_string\"}}],\"inLanguage\":\"fr-FR\"},{\"@type\":\"Organization\",\"@id\":\"https:\\\/\\\/www.lyceelafayette.fr\\\/#organization\",\"name\":\"Lyc\u00e9e La Fayette\",\"url\":\"https:\\\/\\\/www.lyceelafayette.fr\\\/\",\"logo\":{\"@type\":\"ImageObject\",\"inLanguage\":\"fr-FR\",\"@id\":\"https:\\\/\\\/www.lyceelafayette.fr\\\/#\\\/schema\\\/logo\\\/image\\\/\",\"url\":\"https:\\\/\\\/www.lyceelafayette.fr\\\/wp-content\\\/uploads\\\/2019\\\/06\\\/llf_logo_alpha.png\",\"contentUrl\":\"https:\\\/\\\/www.lyceelafayette.fr\\\/wp-content\\\/uploads\\\/2019\\\/06\\\/llf_logo_alpha.png\",\"width\":1583,\"height\":792,\"caption\":\"Lyc\u00e9e La Fayette\"},\"image\":{\"@id\":\"https:\\\/\\\/www.lyceelafayette.fr\\\/#\\\/schema\\\/logo\\\/image\\\/\"},\"sameAs\":[\"https:\\\/\\\/www.youtube.com\\\/channel\\\/UC2AOQowoMGBKdY4ToZsf9mw\"]},{\"@type\":\"Person\",\"@id\":\"https:\\\/\\\/www.lyceelafayette.fr\\\/#\\\/schema\\\/person\\\/ce6db8a1157d50329e1fd65f9a9b5df8\",\"name\":\"Alexandre Facchin\",\"image\":{\"@type\":\"ImageObject\",\"inLanguage\":\"fr-FR\",\"@id\":\"https:\\\/\\\/secure.gravatar.com\\\/avatar\\\/c94ab2db74f6be2880cb92feeab1c3c9a55baee6dab0b6f9fbb80e1bc3336b7a?s=96&d=blank&r=g\",\"url\":\"https:\\\/\\\/secure.gravatar.com\\\/avatar\\\/c94ab2db74f6be2880cb92feeab1c3c9a55baee6dab0b6f9fbb80e1bc3336b7a?s=96&d=blank&r=g\",\"contentUrl\":\"https:\\\/\\\/secure.gravatar.com\\\/avatar\\\/c94ab2db74f6be2880cb92feeab1c3c9a55baee6dab0b6f9fbb80e1bc3336b7a?s=96&d=blank&r=g\",\"caption\":\"Alexandre Facchin\"},\"url\":\"https:\\\/\\\/www.lyceelafayette.fr\\\/index.php\\\/author\\\/admin\\\/\"}]}<\/script>\n<!-- \/ Yoast SEO plugin. -->","yoast_head_json":{"title":"BTS CIEL, Une nouvelle salle r\u00e9seau - Lyc\u00e9e La Fayette","robots":{"index":"index","follow":"follow","max-snippet":"max-snippet:-1","max-image-preview":"max-image-preview:large","max-video-preview":"max-video-preview:-1"},"canonical":"https:\/\/www.lyceelafayette.fr\/index.php\/2024\/03\/21\/bts-ciel-une-nouvelle-salle-reseau\/","og_locale":"fr_FR","og_type":"article","og_title":"BTS CIEL, Une nouvelle salle r\u00e9seau - Lyc\u00e9e La Fayette","og_description":"Au sein du BTS Cybers\u00e9curit\u00e9, Informatique R\u00e9seaux et \u00c9lectronique (CIEL) du Lyc\u00e9e La Fayette, les \u00e9tudiants ont r\u00e9cemment entrepris un projet ambitieux qui a captiv\u00e9 l&rsquo;attention de tous. En collaboration avec des partenaires de renom tels que CISCO et gr\u00e2ce \u00e0 la mobilisation de fonds p\u00e9dagogiques importants, ils ont transform\u00e9... lire la suite","og_url":"https:\/\/www.lyceelafayette.fr\/index.php\/2024\/03\/21\/bts-ciel-une-nouvelle-salle-reseau\/","og_site_name":"Lyc\u00e9e La Fayette","article_published_time":"2024-03-21T15:08:49+00:00","article_modified_time":"2024-03-21T15:08:50+00:00","og_image":[{"width":4032,"height":3024,"url":"https:\/\/www.lyceelafayette.fr\/wp-content\/uploads\/2024\/03\/IMG_9197.jpg","type":"image\/jpeg"}],"author":"Alexandre Facchin","twitter_card":"summary_large_image","twitter_misc":{"\u00c9crit par":"Alexandre Facchin","Dur\u00e9e de lecture estim\u00e9e":"3 minutes"},"schema":{"@context":"https:\/\/schema.org","@graph":[{"@type":"Article","@id":"https:\/\/www.lyceelafayette.fr\/index.php\/2024\/03\/21\/bts-ciel-une-nouvelle-salle-reseau\/#article","isPartOf":{"@id":"https:\/\/www.lyceelafayette.fr\/index.php\/2024\/03\/21\/bts-ciel-une-nouvelle-salle-reseau\/"},"author":{"name":"Alexandre Facchin","@id":"https:\/\/www.lyceelafayette.fr\/#\/schema\/person\/ce6db8a1157d50329e1fd65f9a9b5df8"},"headline":"BTS CIEL, Une nouvelle salle r\u00e9seau","datePublished":"2024-03-21T15:08:49+00:00","dateModified":"2024-03-21T15:08:50+00:00","mainEntityOfPage":{"@id":"https:\/\/www.lyceelafayette.fr\/index.php\/2024\/03\/21\/bts-ciel-une-nouvelle-salle-reseau\/"},"wordCount":203,"publisher":{"@id":"https:\/\/www.lyceelafayette.fr\/#organization"},"image":{"@id":"https:\/\/www.lyceelafayette.fr\/index.php\/2024\/03\/21\/bts-ciel-une-nouvelle-salle-reseau\/#primaryimage"},"thumbnailUrl":"https:\/\/www.lyceelafayette.fr\/wp-content\/uploads\/2024\/03\/IMG_9197.jpg","keywords":["BTS","CIEL","Cyber","\u00e9tudiants","SNIR"],"articleSection":["BTS"],"inLanguage":"fr-FR"},{"@type":"WebPage","@id":"https:\/\/www.lyceelafayette.fr\/index.php\/2024\/03\/21\/bts-ciel-une-nouvelle-salle-reseau\/","url":"https:\/\/www.lyceelafayette.fr\/index.php\/2024\/03\/21\/bts-ciel-une-nouvelle-salle-reseau\/","name":"BTS CIEL, Une nouvelle salle r\u00e9seau - Lyc\u00e9e La Fayette","isPartOf":{"@id":"https:\/\/www.lyceelafayette.fr\/#website"},"primaryImageOfPage":{"@id":"https:\/\/www.lyceelafayette.fr\/index.php\/2024\/03\/21\/bts-ciel-une-nouvelle-salle-reseau\/#primaryimage"},"image":{"@id":"https:\/\/www.lyceelafayette.fr\/index.php\/2024\/03\/21\/bts-ciel-une-nouvelle-salle-reseau\/#primaryimage"},"thumbnailUrl":"https:\/\/www.lyceelafayette.fr\/wp-content\/uploads\/2024\/03\/IMG_9197.jpg","datePublished":"2024-03-21T15:08:49+00:00","dateModified":"2024-03-21T15:08:50+00:00","breadcrumb":{"@id":"https:\/\/www.lyceelafayette.fr\/index.php\/2024\/03\/21\/bts-ciel-une-nouvelle-salle-reseau\/#breadcrumb"},"inLanguage":"fr-FR","potentialAction":[{"@type":"ReadAction","target":["https:\/\/www.lyceelafayette.fr\/index.php\/2024\/03\/21\/bts-ciel-une-nouvelle-salle-reseau\/"]}]},{"@type":"ImageObject","inLanguage":"fr-FR","@id":"https:\/\/www.lyceelafayette.fr\/index.php\/2024\/03\/21\/bts-ciel-une-nouvelle-salle-reseau\/#primaryimage","url":"https:\/\/www.lyceelafayette.fr\/wp-content\/uploads\/2024\/03\/IMG_9197.jpg","contentUrl":"https:\/\/www.lyceelafayette.fr\/wp-content\/uploads\/2024\/03\/IMG_9197.jpg","width":4032,"height":3024},{"@type":"BreadcrumbList","@id":"https:\/\/www.lyceelafayette.fr\/index.php\/2024\/03\/21\/bts-ciel-une-nouvelle-salle-reseau\/#breadcrumb","itemListElement":[{"@type":"ListItem","position":1,"name":"Accueil","item":"https:\/\/www.lyceelafayette.fr\/"},{"@type":"ListItem","position":2,"name":"BTS CIEL, Une nouvelle salle r\u00e9seau"}]},{"@type":"WebSite","@id":"https:\/\/www.lyceelafayette.fr\/#website","url":"https:\/\/www.lyceelafayette.fr\/","name":"Lyc\u00e9e La Fayette","description":"","publisher":{"@id":"https:\/\/www.lyceelafayette.fr\/#organization"},"potentialAction":[{"@type":"SearchAction","target":{"@type":"EntryPoint","urlTemplate":"https:\/\/www.lyceelafayette.fr\/?s={search_term_string}"},"query-input":{"@type":"PropertyValueSpecification","valueRequired":true,"valueName":"search_term_string"}}],"inLanguage":"fr-FR"},{"@type":"Organization","@id":"https:\/\/www.lyceelafayette.fr\/#organization","name":"Lyc\u00e9e La Fayette","url":"https:\/\/www.lyceelafayette.fr\/","logo":{"@type":"ImageObject","inLanguage":"fr-FR","@id":"https:\/\/www.lyceelafayette.fr\/#\/schema\/logo\/image\/","url":"https:\/\/www.lyceelafayette.fr\/wp-content\/uploads\/2019\/06\/llf_logo_alpha.png","contentUrl":"https:\/\/www.lyceelafayette.fr\/wp-content\/uploads\/2019\/06\/llf_logo_alpha.png","width":1583,"height":792,"caption":"Lyc\u00e9e La Fayette"},"image":{"@id":"https:\/\/www.lyceelafayette.fr\/#\/schema\/logo\/image\/"},"sameAs":["https:\/\/www.youtube.com\/channel\/UC2AOQowoMGBKdY4ToZsf9mw"]},{"@type":"Person","@id":"https:\/\/www.lyceelafayette.fr\/#\/schema\/person\/ce6db8a1157d50329e1fd65f9a9b5df8","name":"Alexandre Facchin","image":{"@type":"ImageObject","inLanguage":"fr-FR","@id":"https:\/\/secure.gravatar.com\/avatar\/c94ab2db74f6be2880cb92feeab1c3c9a55baee6dab0b6f9fbb80e1bc3336b7a?s=96&d=blank&r=g","url":"https:\/\/secure.gravatar.com\/avatar\/c94ab2db74f6be2880cb92feeab1c3c9a55baee6dab0b6f9fbb80e1bc3336b7a?s=96&d=blank&r=g","contentUrl":"https:\/\/secure.gravatar.com\/avatar\/c94ab2db74f6be2880cb92feeab1c3c9a55baee6dab0b6f9fbb80e1bc3336b7a?s=96&d=blank&r=g","caption":"Alexandre Facchin"},"url":"https:\/\/www.lyceelafayette.fr\/index.php\/author\/admin\/"}]}},"_links":{"self":[{"href":"https:\/\/www.lyceelafayette.fr\/index.php\/wp-json\/wp\/v2\/posts\/6657","targetHints":{"allow":["GET"]}}],"collection":[{"href":"https:\/\/www.lyceelafayette.fr\/index.php\/wp-json\/wp\/v2\/posts"}],"about":[{"href":"https:\/\/www.lyceelafayette.fr\/index.php\/wp-json\/wp\/v2\/types\/post"}],"author":[{"embeddable":true,"href":"https:\/\/www.lyceelafayette.fr\/index.php\/wp-json\/wp\/v2\/users\/8"}],"replies":[{"embeddable":true,"href":"https:\/\/www.lyceelafayette.fr\/index.php\/wp-json\/wp\/v2\/comments?post=6657"}],"version-history":[{"count":1,"href":"https:\/\/www.lyceelafayette.fr\/index.php\/wp-json\/wp\/v2\/posts\/6657\/revisions"}],"predecessor-version":[{"id":6663,"href":"https:\/\/www.lyceelafayette.fr\/index.php\/wp-json\/wp\/v2\/posts\/6657\/revisions\/6663"}],"wp:featuredmedia":[{"embeddable":true,"href":"https:\/\/www.lyceelafayette.fr\/index.php\/wp-json\/wp\/v2\/media\/6661"}],"wp:attachment":[{"href":"https:\/\/www.lyceelafayette.fr\/index.php\/wp-json\/wp\/v2\/media?parent=6657"}],"wp:term":[{"taxonomy":"category","embeddable":true,"href":"https:\/\/www.lyceelafayette.fr\/index.php\/wp-json\/wp\/v2\/categories?post=6657"},{"taxonomy":"post_tag","embeddable":true,"href":"https:\/\/www.lyceelafayette.fr\/index.php\/wp-json\/wp\/v2\/tags?post=6657"}],"curies":[{"name":"wp","href":"https:\/\/api.w.org\/{rel}","templated":true}]}}