{"id":6625,"date":"2024-02-12T09:05:15","date_gmt":"2024-02-12T08:05:15","guid":{"rendered":"https:\/\/www.lyceelafayette.fr\/?p=6625"},"modified":"2024-02-12T09:05:16","modified_gmt":"2024-02-12T08:05:16","slug":"le-bts-ciel-ir-brille-au-challenge-pass-ton-hack","status":"publish","type":"post","link":"https:\/\/www.lyceelafayette.fr\/index.php\/2024\/02\/12\/le-bts-ciel-ir-brille-au-challenge-pass-ton-hack\/","title":{"rendered":"Le BTS CIEL-IR brille au Challenge \u00ab\u00a0Pass Ton Hack\u00a0\u00bb"},"content":{"rendered":"\n<p><strong>Capture The Flag<\/strong><\/p>\n\n\n\n<p>Au c\u0153ur de l&rsquo;innovation et de l&rsquo;excellence, les \u00e9tudiants du lyc\u00e9e La Fayette ont r\u00e9cemment d\u00e9montr\u00e9 leurs comp\u00e9tences en cybers\u00e9curit\u00e9 lors du challenge \u00ab\u00a0Pass Ton Hack\u00a0\u00bb. Cette comp\u00e9tition, r\u00e9put\u00e9e pour ses d\u00e9fis complexes en informatique, a \u00e9t\u00e9 l&rsquo;occasion pour nos jeunes talents de briller et de se distinguer, 22\/1280 dans le couloir des post-bac.<\/p>\n\n\n\n<figure class=\"wp-block-image size-full\"><img loading=\"lazy\" decoding=\"async\" width=\"640\" height=\"480\" src=\"https:\/\/www.lyceelafayette.fr\/wp-content\/uploads\/2024\/02\/image-4.png\" alt=\"\" class=\"wp-image-6626\"\/><\/figure>\n\n\n\n<p><strong>Une Pr\u00e9paration exemplaire<\/strong><\/p>\n\n\n\n<p>Gr\u00e2ce \u00e0 une pr\u00e9paration intensive encadr\u00e9e par notre \u00e9quipe p\u00e9dagogique, nos \u00e9tudiants ont pu affiner leurs comp\u00e9tences en cryptographie, s\u00e9curisation de r\u00e9seaux, et analyse de vuln\u00e9rabilit\u00e9s, se pr\u00e9parant \u00e0 relever les d\u00e9fis du challenge.<\/p>\n\n\n\n<figure class=\"wp-block-image size-full\"><img loading=\"lazy\" decoding=\"async\" width=\"640\" height=\"480\" src=\"https:\/\/www.lyceelafayette.fr\/wp-content\/uploads\/2024\/02\/image-5.png\" alt=\"\" class=\"wp-image-6627\"\/><\/figure>\n\n\n\n<figure class=\"wp-block-image size-full\"><img loading=\"lazy\" decoding=\"async\" width=\"640\" height=\"480\" src=\"https:\/\/www.lyceelafayette.fr\/wp-content\/uploads\/2024\/02\/image-6.png\" alt=\"\" class=\"wp-image-6628\"\/><\/figure>\n\n\n\n<p><strong>Excellence et Coh\u00e9sion d&rsquo;\u00c9quipe<\/strong><\/p>\n\n\n\n<p>Pendant la comp\u00e9tition, l&rsquo;esprit d&rsquo;\u00e9quipe et la coh\u00e9sion ont pr\u00e9valu. Nos \u00e9tudiants ont collabor\u00e9 avec efficacit\u00e9, mettant en pratique leur formation et leur passion pour la cybers\u00e9curit\u00e9, et ont obtenu d&rsquo;excellents r\u00e9sultats, se d\u00e9marquant parmi les participants.<\/p>\n\n\n\n<figure class=\"wp-block-image size-full\"><img loading=\"lazy\" decoding=\"async\" width=\"640\" height=\"480\" src=\"https:\/\/www.lyceelafayette.fr\/wp-content\/uploads\/2024\/02\/image-7.png\" alt=\"\" class=\"wp-image-6629\"\/><\/figure>\n\n\n\n<p><strong>Une Fiert\u00e9 pour le Lyc\u00e9e La Fayette<\/strong><\/p>\n\n\n\n<p>La r\u00e9ussite de nos \u00e9tudiants au \u00ab\u00a0Pass Ton Hack\u00a0\u00bb souligne l&rsquo;importance de l&rsquo;enseignement en cybers\u00e9curit\u00e9 et refl\u00e8te l&rsquo;engagement du lyc\u00e9e \u00e0 former les professionnels de demain. Nous sommes fiers de leurs accomplissements et encouragions la communaut\u00e9 \u00e9ducative \u00e0 continuer de soutenir ces talents \u00e9mergents en informatique.<\/p>\n\n\n\n<figure class=\"wp-block-image size-full\"><img loading=\"lazy\" decoding=\"async\" width=\"640\" height=\"480\" src=\"https:\/\/www.lyceelafayette.fr\/wp-content\/uploads\/2024\/02\/image-8.png\" alt=\"\" class=\"wp-image-6631\"\/><\/figure>\n","protected":false},"excerpt":{"rendered":"<p>Capture The Flag Au c\u0153ur de l&rsquo;innovation et de l&rsquo;excellence, les \u00e9tudiants du lyc\u00e9e La Fayette ont r\u00e9cemment d\u00e9montr\u00e9 leurs comp\u00e9tences en cybers\u00e9curit\u00e9 lors du challenge \u00ab\u00a0Pass Ton Hack\u00a0\u00bb. Cette comp\u00e9tition, r\u00e9put\u00e9e pour ses d\u00e9fis complexes en informatique, a \u00e9t\u00e9 l&rsquo;occasion pour nos jeunes talents de briller et de se&#8230; <a class=\"continue-reading-link\" href=\"https:\/\/www.lyceelafayette.fr\/index.php\/2024\/02\/12\/le-bts-ciel-ir-brille-au-challenge-pass-ton-hack\/\">lire la suite<\/a><\/p>\n","protected":false},"author":8,"featured_media":6628,"comment_status":"closed","ping_status":"open","sticky":false,"template":"","format":"standard","meta":{"footnotes":""},"categories":[6,93],"tags":[138,133,33],"class_list":["post-6625","post","type-post","status-publish","format-standard","has-post-thumbnail","hentry","category-bts","category-formations","tag-138","tag-ciel","tag-etudiants"],"yoast_head":"<!-- This site is optimized with the Yoast SEO plugin v27.5 - https:\/\/yoast.com\/product\/yoast-seo-wordpress\/ -->\n<title>Le BTS CIEL-IR brille au Challenge &quot;Pass Ton Hack&quot; - Lyc\u00e9e La Fayette<\/title>\n<meta name=\"robots\" content=\"index, follow, max-snippet:-1, max-image-preview:large, max-video-preview:-1\" \/>\n<link rel=\"canonical\" href=\"https:\/\/www.lyceelafayette.fr\/index.php\/2024\/02\/12\/le-bts-ciel-ir-brille-au-challenge-pass-ton-hack\/\" \/>\n<meta property=\"og:locale\" content=\"fr_FR\" \/>\n<meta property=\"og:type\" content=\"article\" \/>\n<meta property=\"og:title\" content=\"Le BTS CIEL-IR brille au Challenge &quot;Pass Ton Hack&quot; - Lyc\u00e9e La Fayette\" \/>\n<meta property=\"og:description\" content=\"Capture The Flag Au c\u0153ur de l&rsquo;innovation et de l&rsquo;excellence, les \u00e9tudiants du lyc\u00e9e La Fayette ont r\u00e9cemment d\u00e9montr\u00e9 leurs comp\u00e9tences en cybers\u00e9curit\u00e9 lors du challenge \u00ab\u00a0Pass Ton Hack\u00a0\u00bb. Cette comp\u00e9tition, r\u00e9put\u00e9e pour ses d\u00e9fis complexes en informatique, a \u00e9t\u00e9 l&rsquo;occasion pour nos jeunes talents de briller et de se... lire la suite\" \/>\n<meta property=\"og:url\" content=\"https:\/\/www.lyceelafayette.fr\/index.php\/2024\/02\/12\/le-bts-ciel-ir-brille-au-challenge-pass-ton-hack\/\" \/>\n<meta property=\"og:site_name\" content=\"Lyc\u00e9e La Fayette\" \/>\n<meta property=\"article:published_time\" content=\"2024-02-12T08:05:15+00:00\" \/>\n<meta property=\"article:modified_time\" content=\"2024-02-12T08:05:16+00:00\" \/>\n<meta property=\"og:image\" content=\"https:\/\/www.lyceelafayette.fr\/wp-content\/uploads\/2024\/02\/image-6.png\" \/>\n\t<meta property=\"og:image:width\" content=\"640\" \/>\n\t<meta property=\"og:image:height\" content=\"480\" \/>\n\t<meta property=\"og:image:type\" content=\"image\/png\" \/>\n<meta name=\"author\" content=\"Alexandre Facchin\" \/>\n<meta name=\"twitter:card\" content=\"summary_large_image\" \/>\n<meta name=\"twitter:label1\" content=\"\u00c9crit par\" \/>\n\t<meta name=\"twitter:data1\" content=\"Alexandre Facchin\" \/>\n\t<meta name=\"twitter:label2\" content=\"Dur\u00e9e de lecture estim\u00e9e\" \/>\n\t<meta name=\"twitter:data2\" content=\"3 minutes\" \/>\n<script type=\"application\/ld+json\" class=\"yoast-schema-graph\">{\"@context\":\"https:\\\/\\\/schema.org\",\"@graph\":[{\"@type\":\"Article\",\"@id\":\"https:\\\/\\\/www.lyceelafayette.fr\\\/index.php\\\/2024\\\/02\\\/12\\\/le-bts-ciel-ir-brille-au-challenge-pass-ton-hack\\\/#article\",\"isPartOf\":{\"@id\":\"https:\\\/\\\/www.lyceelafayette.fr\\\/index.php\\\/2024\\\/02\\\/12\\\/le-bts-ciel-ir-brille-au-challenge-pass-ton-hack\\\/\"},\"author\":{\"name\":\"Alexandre Facchin\",\"@id\":\"https:\\\/\\\/www.lyceelafayette.fr\\\/#\\\/schema\\\/person\\\/ce6db8a1157d50329e1fd65f9a9b5df8\"},\"headline\":\"Le BTS CIEL-IR brille au Challenge \u00ab\u00a0Pass Ton Hack\u00a0\u00bb\",\"datePublished\":\"2024-02-12T08:05:15+00:00\",\"dateModified\":\"2024-02-12T08:05:16+00:00\",\"mainEntityOfPage\":{\"@id\":\"https:\\\/\\\/www.lyceelafayette.fr\\\/index.php\\\/2024\\\/02\\\/12\\\/le-bts-ciel-ir-brille-au-challenge-pass-ton-hack\\\/\"},\"wordCount\":236,\"publisher\":{\"@id\":\"https:\\\/\\\/www.lyceelafayette.fr\\\/#organization\"},\"image\":{\"@id\":\"https:\\\/\\\/www.lyceelafayette.fr\\\/index.php\\\/2024\\\/02\\\/12\\\/le-bts-ciel-ir-brille-au-challenge-pass-ton-hack\\\/#primaryimage\"},\"thumbnailUrl\":\"https:\\\/\\\/www.lyceelafayette.fr\\\/wp-content\\\/uploads\\\/2024\\\/02\\\/image-6.png\",\"keywords\":[\"2024\",\"CIEL\",\"\u00e9tudiants\"],\"articleSection\":[\"BTS\",\"formations\"],\"inLanguage\":\"fr-FR\"},{\"@type\":\"WebPage\",\"@id\":\"https:\\\/\\\/www.lyceelafayette.fr\\\/index.php\\\/2024\\\/02\\\/12\\\/le-bts-ciel-ir-brille-au-challenge-pass-ton-hack\\\/\",\"url\":\"https:\\\/\\\/www.lyceelafayette.fr\\\/index.php\\\/2024\\\/02\\\/12\\\/le-bts-ciel-ir-brille-au-challenge-pass-ton-hack\\\/\",\"name\":\"Le BTS CIEL-IR brille au Challenge \\\"Pass Ton Hack\\\" - Lyc\u00e9e La Fayette\",\"isPartOf\":{\"@id\":\"https:\\\/\\\/www.lyceelafayette.fr\\\/#website\"},\"primaryImageOfPage\":{\"@id\":\"https:\\\/\\\/www.lyceelafayette.fr\\\/index.php\\\/2024\\\/02\\\/12\\\/le-bts-ciel-ir-brille-au-challenge-pass-ton-hack\\\/#primaryimage\"},\"image\":{\"@id\":\"https:\\\/\\\/www.lyceelafayette.fr\\\/index.php\\\/2024\\\/02\\\/12\\\/le-bts-ciel-ir-brille-au-challenge-pass-ton-hack\\\/#primaryimage\"},\"thumbnailUrl\":\"https:\\\/\\\/www.lyceelafayette.fr\\\/wp-content\\\/uploads\\\/2024\\\/02\\\/image-6.png\",\"datePublished\":\"2024-02-12T08:05:15+00:00\",\"dateModified\":\"2024-02-12T08:05:16+00:00\",\"breadcrumb\":{\"@id\":\"https:\\\/\\\/www.lyceelafayette.fr\\\/index.php\\\/2024\\\/02\\\/12\\\/le-bts-ciel-ir-brille-au-challenge-pass-ton-hack\\\/#breadcrumb\"},\"inLanguage\":\"fr-FR\",\"potentialAction\":[{\"@type\":\"ReadAction\",\"target\":[\"https:\\\/\\\/www.lyceelafayette.fr\\\/index.php\\\/2024\\\/02\\\/12\\\/le-bts-ciel-ir-brille-au-challenge-pass-ton-hack\\\/\"]}]},{\"@type\":\"ImageObject\",\"inLanguage\":\"fr-FR\",\"@id\":\"https:\\\/\\\/www.lyceelafayette.fr\\\/index.php\\\/2024\\\/02\\\/12\\\/le-bts-ciel-ir-brille-au-challenge-pass-ton-hack\\\/#primaryimage\",\"url\":\"https:\\\/\\\/www.lyceelafayette.fr\\\/wp-content\\\/uploads\\\/2024\\\/02\\\/image-6.png\",\"contentUrl\":\"https:\\\/\\\/www.lyceelafayette.fr\\\/wp-content\\\/uploads\\\/2024\\\/02\\\/image-6.png\",\"width\":640,\"height\":480},{\"@type\":\"BreadcrumbList\",\"@id\":\"https:\\\/\\\/www.lyceelafayette.fr\\\/index.php\\\/2024\\\/02\\\/12\\\/le-bts-ciel-ir-brille-au-challenge-pass-ton-hack\\\/#breadcrumb\",\"itemListElement\":[{\"@type\":\"ListItem\",\"position\":1,\"name\":\"Accueil\",\"item\":\"https:\\\/\\\/www.lyceelafayette.fr\\\/\"},{\"@type\":\"ListItem\",\"position\":2,\"name\":\"Le BTS CIEL-IR brille au Challenge \u00ab\u00a0Pass Ton Hack\u00a0\u00bb\"}]},{\"@type\":\"WebSite\",\"@id\":\"https:\\\/\\\/www.lyceelafayette.fr\\\/#website\",\"url\":\"https:\\\/\\\/www.lyceelafayette.fr\\\/\",\"name\":\"Lyc\u00e9e La Fayette\",\"description\":\"\",\"publisher\":{\"@id\":\"https:\\\/\\\/www.lyceelafayette.fr\\\/#organization\"},\"potentialAction\":[{\"@type\":\"SearchAction\",\"target\":{\"@type\":\"EntryPoint\",\"urlTemplate\":\"https:\\\/\\\/www.lyceelafayette.fr\\\/?s={search_term_string}\"},\"query-input\":{\"@type\":\"PropertyValueSpecification\",\"valueRequired\":true,\"valueName\":\"search_term_string\"}}],\"inLanguage\":\"fr-FR\"},{\"@type\":\"Organization\",\"@id\":\"https:\\\/\\\/www.lyceelafayette.fr\\\/#organization\",\"name\":\"Lyc\u00e9e La Fayette\",\"url\":\"https:\\\/\\\/www.lyceelafayette.fr\\\/\",\"logo\":{\"@type\":\"ImageObject\",\"inLanguage\":\"fr-FR\",\"@id\":\"https:\\\/\\\/www.lyceelafayette.fr\\\/#\\\/schema\\\/logo\\\/image\\\/\",\"url\":\"https:\\\/\\\/www.lyceelafayette.fr\\\/wp-content\\\/uploads\\\/2019\\\/06\\\/llf_logo_alpha.png\",\"contentUrl\":\"https:\\\/\\\/www.lyceelafayette.fr\\\/wp-content\\\/uploads\\\/2019\\\/06\\\/llf_logo_alpha.png\",\"width\":1583,\"height\":792,\"caption\":\"Lyc\u00e9e La Fayette\"},\"image\":{\"@id\":\"https:\\\/\\\/www.lyceelafayette.fr\\\/#\\\/schema\\\/logo\\\/image\\\/\"},\"sameAs\":[\"https:\\\/\\\/www.youtube.com\\\/channel\\\/UC2AOQowoMGBKdY4ToZsf9mw\"]},{\"@type\":\"Person\",\"@id\":\"https:\\\/\\\/www.lyceelafayette.fr\\\/#\\\/schema\\\/person\\\/ce6db8a1157d50329e1fd65f9a9b5df8\",\"name\":\"Alexandre Facchin\",\"image\":{\"@type\":\"ImageObject\",\"inLanguage\":\"fr-FR\",\"@id\":\"https:\\\/\\\/secure.gravatar.com\\\/avatar\\\/c94ab2db74f6be2880cb92feeab1c3c9a55baee6dab0b6f9fbb80e1bc3336b7a?s=96&d=blank&r=g\",\"url\":\"https:\\\/\\\/secure.gravatar.com\\\/avatar\\\/c94ab2db74f6be2880cb92feeab1c3c9a55baee6dab0b6f9fbb80e1bc3336b7a?s=96&d=blank&r=g\",\"contentUrl\":\"https:\\\/\\\/secure.gravatar.com\\\/avatar\\\/c94ab2db74f6be2880cb92feeab1c3c9a55baee6dab0b6f9fbb80e1bc3336b7a?s=96&d=blank&r=g\",\"caption\":\"Alexandre Facchin\"},\"url\":\"https:\\\/\\\/www.lyceelafayette.fr\\\/index.php\\\/author\\\/admin\\\/\"}]}<\/script>\n<!-- \/ Yoast SEO plugin. -->","yoast_head_json":{"title":"Le BTS CIEL-IR brille au Challenge \"Pass Ton Hack\" - Lyc\u00e9e La Fayette","robots":{"index":"index","follow":"follow","max-snippet":"max-snippet:-1","max-image-preview":"max-image-preview:large","max-video-preview":"max-video-preview:-1"},"canonical":"https:\/\/www.lyceelafayette.fr\/index.php\/2024\/02\/12\/le-bts-ciel-ir-brille-au-challenge-pass-ton-hack\/","og_locale":"fr_FR","og_type":"article","og_title":"Le BTS CIEL-IR brille au Challenge \"Pass Ton Hack\" - Lyc\u00e9e La Fayette","og_description":"Capture The Flag Au c\u0153ur de l&rsquo;innovation et de l&rsquo;excellence, les \u00e9tudiants du lyc\u00e9e La Fayette ont r\u00e9cemment d\u00e9montr\u00e9 leurs comp\u00e9tences en cybers\u00e9curit\u00e9 lors du challenge \u00ab\u00a0Pass Ton Hack\u00a0\u00bb. Cette comp\u00e9tition, r\u00e9put\u00e9e pour ses d\u00e9fis complexes en informatique, a \u00e9t\u00e9 l&rsquo;occasion pour nos jeunes talents de briller et de se... lire la suite","og_url":"https:\/\/www.lyceelafayette.fr\/index.php\/2024\/02\/12\/le-bts-ciel-ir-brille-au-challenge-pass-ton-hack\/","og_site_name":"Lyc\u00e9e La Fayette","article_published_time":"2024-02-12T08:05:15+00:00","article_modified_time":"2024-02-12T08:05:16+00:00","og_image":[{"width":640,"height":480,"url":"https:\/\/www.lyceelafayette.fr\/wp-content\/uploads\/2024\/02\/image-6.png","type":"image\/png"}],"author":"Alexandre Facchin","twitter_card":"summary_large_image","twitter_misc":{"\u00c9crit par":"Alexandre Facchin","Dur\u00e9e de lecture estim\u00e9e":"3 minutes"},"schema":{"@context":"https:\/\/schema.org","@graph":[{"@type":"Article","@id":"https:\/\/www.lyceelafayette.fr\/index.php\/2024\/02\/12\/le-bts-ciel-ir-brille-au-challenge-pass-ton-hack\/#article","isPartOf":{"@id":"https:\/\/www.lyceelafayette.fr\/index.php\/2024\/02\/12\/le-bts-ciel-ir-brille-au-challenge-pass-ton-hack\/"},"author":{"name":"Alexandre Facchin","@id":"https:\/\/www.lyceelafayette.fr\/#\/schema\/person\/ce6db8a1157d50329e1fd65f9a9b5df8"},"headline":"Le BTS CIEL-IR brille au Challenge \u00ab\u00a0Pass Ton Hack\u00a0\u00bb","datePublished":"2024-02-12T08:05:15+00:00","dateModified":"2024-02-12T08:05:16+00:00","mainEntityOfPage":{"@id":"https:\/\/www.lyceelafayette.fr\/index.php\/2024\/02\/12\/le-bts-ciel-ir-brille-au-challenge-pass-ton-hack\/"},"wordCount":236,"publisher":{"@id":"https:\/\/www.lyceelafayette.fr\/#organization"},"image":{"@id":"https:\/\/www.lyceelafayette.fr\/index.php\/2024\/02\/12\/le-bts-ciel-ir-brille-au-challenge-pass-ton-hack\/#primaryimage"},"thumbnailUrl":"https:\/\/www.lyceelafayette.fr\/wp-content\/uploads\/2024\/02\/image-6.png","keywords":["2024","CIEL","\u00e9tudiants"],"articleSection":["BTS","formations"],"inLanguage":"fr-FR"},{"@type":"WebPage","@id":"https:\/\/www.lyceelafayette.fr\/index.php\/2024\/02\/12\/le-bts-ciel-ir-brille-au-challenge-pass-ton-hack\/","url":"https:\/\/www.lyceelafayette.fr\/index.php\/2024\/02\/12\/le-bts-ciel-ir-brille-au-challenge-pass-ton-hack\/","name":"Le BTS CIEL-IR brille au Challenge \"Pass Ton Hack\" - Lyc\u00e9e La Fayette","isPartOf":{"@id":"https:\/\/www.lyceelafayette.fr\/#website"},"primaryImageOfPage":{"@id":"https:\/\/www.lyceelafayette.fr\/index.php\/2024\/02\/12\/le-bts-ciel-ir-brille-au-challenge-pass-ton-hack\/#primaryimage"},"image":{"@id":"https:\/\/www.lyceelafayette.fr\/index.php\/2024\/02\/12\/le-bts-ciel-ir-brille-au-challenge-pass-ton-hack\/#primaryimage"},"thumbnailUrl":"https:\/\/www.lyceelafayette.fr\/wp-content\/uploads\/2024\/02\/image-6.png","datePublished":"2024-02-12T08:05:15+00:00","dateModified":"2024-02-12T08:05:16+00:00","breadcrumb":{"@id":"https:\/\/www.lyceelafayette.fr\/index.php\/2024\/02\/12\/le-bts-ciel-ir-brille-au-challenge-pass-ton-hack\/#breadcrumb"},"inLanguage":"fr-FR","potentialAction":[{"@type":"ReadAction","target":["https:\/\/www.lyceelafayette.fr\/index.php\/2024\/02\/12\/le-bts-ciel-ir-brille-au-challenge-pass-ton-hack\/"]}]},{"@type":"ImageObject","inLanguage":"fr-FR","@id":"https:\/\/www.lyceelafayette.fr\/index.php\/2024\/02\/12\/le-bts-ciel-ir-brille-au-challenge-pass-ton-hack\/#primaryimage","url":"https:\/\/www.lyceelafayette.fr\/wp-content\/uploads\/2024\/02\/image-6.png","contentUrl":"https:\/\/www.lyceelafayette.fr\/wp-content\/uploads\/2024\/02\/image-6.png","width":640,"height":480},{"@type":"BreadcrumbList","@id":"https:\/\/www.lyceelafayette.fr\/index.php\/2024\/02\/12\/le-bts-ciel-ir-brille-au-challenge-pass-ton-hack\/#breadcrumb","itemListElement":[{"@type":"ListItem","position":1,"name":"Accueil","item":"https:\/\/www.lyceelafayette.fr\/"},{"@type":"ListItem","position":2,"name":"Le BTS CIEL-IR brille au Challenge \u00ab\u00a0Pass Ton Hack\u00a0\u00bb"}]},{"@type":"WebSite","@id":"https:\/\/www.lyceelafayette.fr\/#website","url":"https:\/\/www.lyceelafayette.fr\/","name":"Lyc\u00e9e La Fayette","description":"","publisher":{"@id":"https:\/\/www.lyceelafayette.fr\/#organization"},"potentialAction":[{"@type":"SearchAction","target":{"@type":"EntryPoint","urlTemplate":"https:\/\/www.lyceelafayette.fr\/?s={search_term_string}"},"query-input":{"@type":"PropertyValueSpecification","valueRequired":true,"valueName":"search_term_string"}}],"inLanguage":"fr-FR"},{"@type":"Organization","@id":"https:\/\/www.lyceelafayette.fr\/#organization","name":"Lyc\u00e9e La Fayette","url":"https:\/\/www.lyceelafayette.fr\/","logo":{"@type":"ImageObject","inLanguage":"fr-FR","@id":"https:\/\/www.lyceelafayette.fr\/#\/schema\/logo\/image\/","url":"https:\/\/www.lyceelafayette.fr\/wp-content\/uploads\/2019\/06\/llf_logo_alpha.png","contentUrl":"https:\/\/www.lyceelafayette.fr\/wp-content\/uploads\/2019\/06\/llf_logo_alpha.png","width":1583,"height":792,"caption":"Lyc\u00e9e La Fayette"},"image":{"@id":"https:\/\/www.lyceelafayette.fr\/#\/schema\/logo\/image\/"},"sameAs":["https:\/\/www.youtube.com\/channel\/UC2AOQowoMGBKdY4ToZsf9mw"]},{"@type":"Person","@id":"https:\/\/www.lyceelafayette.fr\/#\/schema\/person\/ce6db8a1157d50329e1fd65f9a9b5df8","name":"Alexandre Facchin","image":{"@type":"ImageObject","inLanguage":"fr-FR","@id":"https:\/\/secure.gravatar.com\/avatar\/c94ab2db74f6be2880cb92feeab1c3c9a55baee6dab0b6f9fbb80e1bc3336b7a?s=96&d=blank&r=g","url":"https:\/\/secure.gravatar.com\/avatar\/c94ab2db74f6be2880cb92feeab1c3c9a55baee6dab0b6f9fbb80e1bc3336b7a?s=96&d=blank&r=g","contentUrl":"https:\/\/secure.gravatar.com\/avatar\/c94ab2db74f6be2880cb92feeab1c3c9a55baee6dab0b6f9fbb80e1bc3336b7a?s=96&d=blank&r=g","caption":"Alexandre Facchin"},"url":"https:\/\/www.lyceelafayette.fr\/index.php\/author\/admin\/"}]}},"_links":{"self":[{"href":"https:\/\/www.lyceelafayette.fr\/index.php\/wp-json\/wp\/v2\/posts\/6625","targetHints":{"allow":["GET"]}}],"collection":[{"href":"https:\/\/www.lyceelafayette.fr\/index.php\/wp-json\/wp\/v2\/posts"}],"about":[{"href":"https:\/\/www.lyceelafayette.fr\/index.php\/wp-json\/wp\/v2\/types\/post"}],"author":[{"embeddable":true,"href":"https:\/\/www.lyceelafayette.fr\/index.php\/wp-json\/wp\/v2\/users\/8"}],"replies":[{"embeddable":true,"href":"https:\/\/www.lyceelafayette.fr\/index.php\/wp-json\/wp\/v2\/comments?post=6625"}],"version-history":[{"count":2,"href":"https:\/\/www.lyceelafayette.fr\/index.php\/wp-json\/wp\/v2\/posts\/6625\/revisions"}],"predecessor-version":[{"id":6632,"href":"https:\/\/www.lyceelafayette.fr\/index.php\/wp-json\/wp\/v2\/posts\/6625\/revisions\/6632"}],"wp:featuredmedia":[{"embeddable":true,"href":"https:\/\/www.lyceelafayette.fr\/index.php\/wp-json\/wp\/v2\/media\/6628"}],"wp:attachment":[{"href":"https:\/\/www.lyceelafayette.fr\/index.php\/wp-json\/wp\/v2\/media?parent=6625"}],"wp:term":[{"taxonomy":"category","embeddable":true,"href":"https:\/\/www.lyceelafayette.fr\/index.php\/wp-json\/wp\/v2\/categories?post=6625"},{"taxonomy":"post_tag","embeddable":true,"href":"https:\/\/www.lyceelafayette.fr\/index.php\/wp-json\/wp\/v2\/tags?post=6625"}],"curies":[{"name":"wp","href":"https:\/\/api.w.org\/{rel}","templated":true}]}}