{"id":6618,"date":"2024-02-12T08:40:48","date_gmt":"2024-02-12T07:40:48","guid":{"rendered":"https:\/\/www.lyceelafayette.fr\/?p=6618"},"modified":"2024-02-12T08:40:49","modified_gmt":"2024-02-12T07:40:49","slug":"sortie-canasuc-des-3eme-prepa-metiers","status":"publish","type":"post","link":"https:\/\/www.lyceelafayette.fr\/index.php\/2024\/02\/12\/sortie-canasuc-des-3eme-prepa-metiers\/","title":{"rendered":"Sortie CANASUC des 3\u00e9me Pr\u00e9pa M\u00e9tiers"},"content":{"rendered":"\n<p>Le mercredi 29 novembre 2023, dans le cadre de la d\u00e9couverte professionnelle, les \u00e9l\u00e8ves de 3 pr\u00e9pa-m\u00e9tiers ont eu la chance de pouvoir visiter l\u2019usine de CANASUC \u00e0 URY.<\/p>\n\n\n\n<figure class=\"wp-block-image size-full\"><img loading=\"lazy\" decoding=\"async\" width=\"308\" height=\"230\" src=\"https:\/\/www.lyceelafayette.fr\/wp-content\/uploads\/2024\/02\/image-3.png\" alt=\"\" class=\"wp-image-6621\"\/><\/figure>\n\n\n\n<p>Ils ont pu y d\u00e9couvrir un nouvel univers, celui de l\u2019industrie du luxe, \u00e0 travers les processus de cr\u00e9ation, de fabrication et d\u2019emballage de sucres ornementaux, fabriqu\u00e9s \u00e0 la main.<\/p>\n\n\n\n<figure class=\"wp-block-image size-full\"><img loading=\"lazy\" decoding=\"async\" width=\"308\" height=\"230\" src=\"https:\/\/www.lyceelafayette.fr\/wp-content\/uploads\/2024\/02\/image-2.png\" alt=\"\" class=\"wp-image-6620\"\/><\/figure>\n\n\n\n<p>Cette visite \u00e9tait l\u2019occasion pour eux d\u2019observer les diff\u00e9rents services qui constituent une entreprise, apr\u00e8s les avoir \u00e9tudi\u00e9s<\/p>\n\n\n\n<p>Apr\u00e8s avoir discut\u00e9 avec la directrice, Mme BESCHEMIN, ils ont pu poser des questions \u00e0 la responsable de l&rsquo;administration des ventes ainsi qu&rsquo;\u00e0 la graphiste qui s&rsquo;occupe de la conception des sucres et de leurs emballages.<\/p>\n\n\n\n<figure class=\"wp-block-image size-full\"><img loading=\"lazy\" decoding=\"async\" width=\"408\" height=\"306\" src=\"https:\/\/www.lyceelafayette.fr\/wp-content\/uploads\/2024\/02\/image-1.png\" alt=\"\" class=\"wp-image-6619\"\/><\/figure>\n\n\n\n<p>La matin\u00e9e s&rsquo;est termin\u00e9e par la visite de l&rsquo;usine, o\u00f9 les \u00e9l\u00e8ves ont eu l&rsquo;opportunit\u00e9 d&rsquo;observer les diff\u00e9rentes \u00e9tapes de fabrication, notamment le moulage, le s\u00e9chage et l&#8217;emballage des sucres.<\/p>\n\n\n\n<p><strong>Les plus courageux ont m\u00eame pu s\u2019y essayer&nbsp;!<\/strong><\/p>\n\n\n\n<p>Avant de quitter l&rsquo;entreprise, les \u00e9l\u00e8ves, en bin\u00f4me, ont imagin\u00e9 et illustr\u00e9 leur propre sucre et organis\u00e9 sa promotion aupr\u00e8s de l&rsquo;entreprise.<\/p>\n\n\n\n<p><strong>Le lyc\u00e9e remercie chaleureusement CANASUC pour leur accueil et le temps qu\u2019ils ont consacr\u00e9 \u00e0 nos \u00e9l\u00e8ves.<\/strong><\/p>\n","protected":false},"excerpt":{"rendered":"<p>Le mercredi 29 novembre 2023, dans le cadre de la d\u00e9couverte professionnelle, les \u00e9l\u00e8ves de 3 pr\u00e9pa-m\u00e9tiers ont eu la chance de pouvoir visiter l\u2019usine de CANASUC \u00e0 URY. Ils ont pu y d\u00e9couvrir un nouvel univers, celui de l\u2019industrie du luxe, \u00e0 travers les processus de cr\u00e9ation, de fabrication&#8230; <a class=\"continue-reading-link\" href=\"https:\/\/www.lyceelafayette.fr\/index.php\/2024\/02\/12\/sortie-canasuc-des-3eme-prepa-metiers\/\">lire la suite<\/a><\/p>\n","protected":false},"author":8,"featured_media":6620,"comment_status":"closed","ping_status":"open","sticky":false,"template":"","format":"standard","meta":{"footnotes":""},"categories":[93,5],"tags":[],"class_list":["post-6618","post","type-post","status-publish","format-standard","has-post-thumbnail","hentry","category-formations","category-sorties"],"yoast_head":"<!-- This site is optimized with the Yoast SEO plugin v27.5 - https:\/\/yoast.com\/product\/yoast-seo-wordpress\/ -->\n<title>Sortie CANASUC des 3\u00e9me Pr\u00e9pa M\u00e9tiers - Lyc\u00e9e La Fayette<\/title>\n<meta name=\"robots\" content=\"index, follow, max-snippet:-1, max-image-preview:large, max-video-preview:-1\" \/>\n<link rel=\"canonical\" href=\"https:\/\/www.lyceelafayette.fr\/index.php\/2024\/02\/12\/sortie-canasuc-des-3eme-prepa-metiers\/\" \/>\n<meta property=\"og:locale\" content=\"fr_FR\" \/>\n<meta property=\"og:type\" content=\"article\" \/>\n<meta property=\"og:title\" content=\"Sortie CANASUC des 3\u00e9me Pr\u00e9pa M\u00e9tiers - Lyc\u00e9e La Fayette\" \/>\n<meta property=\"og:description\" content=\"Le mercredi 29 novembre 2023, dans le cadre de la d\u00e9couverte professionnelle, les \u00e9l\u00e8ves de 3 pr\u00e9pa-m\u00e9tiers ont eu la chance de pouvoir visiter l\u2019usine de CANASUC \u00e0 URY. Ils ont pu y d\u00e9couvrir un nouvel univers, celui de l\u2019industrie du luxe, \u00e0 travers les processus de cr\u00e9ation, de fabrication... lire la suite\" \/>\n<meta property=\"og:url\" content=\"https:\/\/www.lyceelafayette.fr\/index.php\/2024\/02\/12\/sortie-canasuc-des-3eme-prepa-metiers\/\" \/>\n<meta property=\"og:site_name\" content=\"Lyc\u00e9e La Fayette\" \/>\n<meta property=\"article:published_time\" content=\"2024-02-12T07:40:48+00:00\" \/>\n<meta property=\"article:modified_time\" content=\"2024-02-12T07:40:49+00:00\" \/>\n<meta property=\"og:image\" content=\"https:\/\/www.lyceelafayette.fr\/wp-content\/uploads\/2024\/02\/image-2.png\" \/>\n\t<meta property=\"og:image:width\" content=\"308\" \/>\n\t<meta property=\"og:image:height\" content=\"230\" \/>\n\t<meta property=\"og:image:type\" content=\"image\/png\" \/>\n<meta name=\"author\" content=\"Alexandre Facchin\" \/>\n<meta name=\"twitter:card\" content=\"summary_large_image\" \/>\n<meta name=\"twitter:label1\" content=\"\u00c9crit par\" \/>\n\t<meta name=\"twitter:data1\" content=\"Alexandre Facchin\" \/>\n\t<meta name=\"twitter:label2\" content=\"Dur\u00e9e de lecture estim\u00e9e\" \/>\n\t<meta name=\"twitter:data2\" content=\"2 minutes\" \/>\n<script type=\"application\/ld+json\" class=\"yoast-schema-graph\">{\"@context\":\"https:\\\/\\\/schema.org\",\"@graph\":[{\"@type\":\"Article\",\"@id\":\"https:\\\/\\\/www.lyceelafayette.fr\\\/index.php\\\/2024\\\/02\\\/12\\\/sortie-canasuc-des-3eme-prepa-metiers\\\/#article\",\"isPartOf\":{\"@id\":\"https:\\\/\\\/www.lyceelafayette.fr\\\/index.php\\\/2024\\\/02\\\/12\\\/sortie-canasuc-des-3eme-prepa-metiers\\\/\"},\"author\":{\"name\":\"Alexandre Facchin\",\"@id\":\"https:\\\/\\\/www.lyceelafayette.fr\\\/#\\\/schema\\\/person\\\/ce6db8a1157d50329e1fd65f9a9b5df8\"},\"headline\":\"Sortie CANASUC des 3\u00e9me Pr\u00e9pa M\u00e9tiers\",\"datePublished\":\"2024-02-12T07:40:48+00:00\",\"dateModified\":\"2024-02-12T07:40:49+00:00\",\"mainEntityOfPage\":{\"@id\":\"https:\\\/\\\/www.lyceelafayette.fr\\\/index.php\\\/2024\\\/02\\\/12\\\/sortie-canasuc-des-3eme-prepa-metiers\\\/\"},\"wordCount\":229,\"publisher\":{\"@id\":\"https:\\\/\\\/www.lyceelafayette.fr\\\/#organization\"},\"image\":{\"@id\":\"https:\\\/\\\/www.lyceelafayette.fr\\\/index.php\\\/2024\\\/02\\\/12\\\/sortie-canasuc-des-3eme-prepa-metiers\\\/#primaryimage\"},\"thumbnailUrl\":\"https:\\\/\\\/www.lyceelafayette.fr\\\/wp-content\\\/uploads\\\/2024\\\/02\\\/image-2.png\",\"articleSection\":[\"formations\",\"sorties\"],\"inLanguage\":\"fr-FR\"},{\"@type\":\"WebPage\",\"@id\":\"https:\\\/\\\/www.lyceelafayette.fr\\\/index.php\\\/2024\\\/02\\\/12\\\/sortie-canasuc-des-3eme-prepa-metiers\\\/\",\"url\":\"https:\\\/\\\/www.lyceelafayette.fr\\\/index.php\\\/2024\\\/02\\\/12\\\/sortie-canasuc-des-3eme-prepa-metiers\\\/\",\"name\":\"Sortie CANASUC des 3\u00e9me Pr\u00e9pa M\u00e9tiers - Lyc\u00e9e La Fayette\",\"isPartOf\":{\"@id\":\"https:\\\/\\\/www.lyceelafayette.fr\\\/#website\"},\"primaryImageOfPage\":{\"@id\":\"https:\\\/\\\/www.lyceelafayette.fr\\\/index.php\\\/2024\\\/02\\\/12\\\/sortie-canasuc-des-3eme-prepa-metiers\\\/#primaryimage\"},\"image\":{\"@id\":\"https:\\\/\\\/www.lyceelafayette.fr\\\/index.php\\\/2024\\\/02\\\/12\\\/sortie-canasuc-des-3eme-prepa-metiers\\\/#primaryimage\"},\"thumbnailUrl\":\"https:\\\/\\\/www.lyceelafayette.fr\\\/wp-content\\\/uploads\\\/2024\\\/02\\\/image-2.png\",\"datePublished\":\"2024-02-12T07:40:48+00:00\",\"dateModified\":\"2024-02-12T07:40:49+00:00\",\"breadcrumb\":{\"@id\":\"https:\\\/\\\/www.lyceelafayette.fr\\\/index.php\\\/2024\\\/02\\\/12\\\/sortie-canasuc-des-3eme-prepa-metiers\\\/#breadcrumb\"},\"inLanguage\":\"fr-FR\",\"potentialAction\":[{\"@type\":\"ReadAction\",\"target\":[\"https:\\\/\\\/www.lyceelafayette.fr\\\/index.php\\\/2024\\\/02\\\/12\\\/sortie-canasuc-des-3eme-prepa-metiers\\\/\"]}]},{\"@type\":\"ImageObject\",\"inLanguage\":\"fr-FR\",\"@id\":\"https:\\\/\\\/www.lyceelafayette.fr\\\/index.php\\\/2024\\\/02\\\/12\\\/sortie-canasuc-des-3eme-prepa-metiers\\\/#primaryimage\",\"url\":\"https:\\\/\\\/www.lyceelafayette.fr\\\/wp-content\\\/uploads\\\/2024\\\/02\\\/image-2.png\",\"contentUrl\":\"https:\\\/\\\/www.lyceelafayette.fr\\\/wp-content\\\/uploads\\\/2024\\\/02\\\/image-2.png\",\"width\":308,\"height\":230},{\"@type\":\"BreadcrumbList\",\"@id\":\"https:\\\/\\\/www.lyceelafayette.fr\\\/index.php\\\/2024\\\/02\\\/12\\\/sortie-canasuc-des-3eme-prepa-metiers\\\/#breadcrumb\",\"itemListElement\":[{\"@type\":\"ListItem\",\"position\":1,\"name\":\"Accueil\",\"item\":\"https:\\\/\\\/www.lyceelafayette.fr\\\/\"},{\"@type\":\"ListItem\",\"position\":2,\"name\":\"Sortie CANASUC des 3\u00e9me Pr\u00e9pa M\u00e9tiers\"}]},{\"@type\":\"WebSite\",\"@id\":\"https:\\\/\\\/www.lyceelafayette.fr\\\/#website\",\"url\":\"https:\\\/\\\/www.lyceelafayette.fr\\\/\",\"name\":\"Lyc\u00e9e La Fayette\",\"description\":\"\",\"publisher\":{\"@id\":\"https:\\\/\\\/www.lyceelafayette.fr\\\/#organization\"},\"potentialAction\":[{\"@type\":\"SearchAction\",\"target\":{\"@type\":\"EntryPoint\",\"urlTemplate\":\"https:\\\/\\\/www.lyceelafayette.fr\\\/?s={search_term_string}\"},\"query-input\":{\"@type\":\"PropertyValueSpecification\",\"valueRequired\":true,\"valueName\":\"search_term_string\"}}],\"inLanguage\":\"fr-FR\"},{\"@type\":\"Organization\",\"@id\":\"https:\\\/\\\/www.lyceelafayette.fr\\\/#organization\",\"name\":\"Lyc\u00e9e La Fayette\",\"url\":\"https:\\\/\\\/www.lyceelafayette.fr\\\/\",\"logo\":{\"@type\":\"ImageObject\",\"inLanguage\":\"fr-FR\",\"@id\":\"https:\\\/\\\/www.lyceelafayette.fr\\\/#\\\/schema\\\/logo\\\/image\\\/\",\"url\":\"https:\\\/\\\/www.lyceelafayette.fr\\\/wp-content\\\/uploads\\\/2019\\\/06\\\/llf_logo_alpha.png\",\"contentUrl\":\"https:\\\/\\\/www.lyceelafayette.fr\\\/wp-content\\\/uploads\\\/2019\\\/06\\\/llf_logo_alpha.png\",\"width\":1583,\"height\":792,\"caption\":\"Lyc\u00e9e La Fayette\"},\"image\":{\"@id\":\"https:\\\/\\\/www.lyceelafayette.fr\\\/#\\\/schema\\\/logo\\\/image\\\/\"},\"sameAs\":[\"https:\\\/\\\/www.youtube.com\\\/channel\\\/UC2AOQowoMGBKdY4ToZsf9mw\"]},{\"@type\":\"Person\",\"@id\":\"https:\\\/\\\/www.lyceelafayette.fr\\\/#\\\/schema\\\/person\\\/ce6db8a1157d50329e1fd65f9a9b5df8\",\"name\":\"Alexandre Facchin\",\"image\":{\"@type\":\"ImageObject\",\"inLanguage\":\"fr-FR\",\"@id\":\"https:\\\/\\\/secure.gravatar.com\\\/avatar\\\/c94ab2db74f6be2880cb92feeab1c3c9a55baee6dab0b6f9fbb80e1bc3336b7a?s=96&d=blank&r=g\",\"url\":\"https:\\\/\\\/secure.gravatar.com\\\/avatar\\\/c94ab2db74f6be2880cb92feeab1c3c9a55baee6dab0b6f9fbb80e1bc3336b7a?s=96&d=blank&r=g\",\"contentUrl\":\"https:\\\/\\\/secure.gravatar.com\\\/avatar\\\/c94ab2db74f6be2880cb92feeab1c3c9a55baee6dab0b6f9fbb80e1bc3336b7a?s=96&d=blank&r=g\",\"caption\":\"Alexandre Facchin\"},\"url\":\"https:\\\/\\\/www.lyceelafayette.fr\\\/index.php\\\/author\\\/admin\\\/\"}]}<\/script>\n<!-- \/ Yoast SEO plugin. -->","yoast_head_json":{"title":"Sortie CANASUC des 3\u00e9me Pr\u00e9pa M\u00e9tiers - Lyc\u00e9e La Fayette","robots":{"index":"index","follow":"follow","max-snippet":"max-snippet:-1","max-image-preview":"max-image-preview:large","max-video-preview":"max-video-preview:-1"},"canonical":"https:\/\/www.lyceelafayette.fr\/index.php\/2024\/02\/12\/sortie-canasuc-des-3eme-prepa-metiers\/","og_locale":"fr_FR","og_type":"article","og_title":"Sortie CANASUC des 3\u00e9me Pr\u00e9pa M\u00e9tiers - Lyc\u00e9e La Fayette","og_description":"Le mercredi 29 novembre 2023, dans le cadre de la d\u00e9couverte professionnelle, les \u00e9l\u00e8ves de 3 pr\u00e9pa-m\u00e9tiers ont eu la chance de pouvoir visiter l\u2019usine de CANASUC \u00e0 URY. Ils ont pu y d\u00e9couvrir un nouvel univers, celui de l\u2019industrie du luxe, \u00e0 travers les processus de cr\u00e9ation, de fabrication... lire la suite","og_url":"https:\/\/www.lyceelafayette.fr\/index.php\/2024\/02\/12\/sortie-canasuc-des-3eme-prepa-metiers\/","og_site_name":"Lyc\u00e9e La Fayette","article_published_time":"2024-02-12T07:40:48+00:00","article_modified_time":"2024-02-12T07:40:49+00:00","og_image":[{"width":308,"height":230,"url":"https:\/\/www.lyceelafayette.fr\/wp-content\/uploads\/2024\/02\/image-2.png","type":"image\/png"}],"author":"Alexandre Facchin","twitter_card":"summary_large_image","twitter_misc":{"\u00c9crit par":"Alexandre Facchin","Dur\u00e9e de lecture estim\u00e9e":"2 minutes"},"schema":{"@context":"https:\/\/schema.org","@graph":[{"@type":"Article","@id":"https:\/\/www.lyceelafayette.fr\/index.php\/2024\/02\/12\/sortie-canasuc-des-3eme-prepa-metiers\/#article","isPartOf":{"@id":"https:\/\/www.lyceelafayette.fr\/index.php\/2024\/02\/12\/sortie-canasuc-des-3eme-prepa-metiers\/"},"author":{"name":"Alexandre Facchin","@id":"https:\/\/www.lyceelafayette.fr\/#\/schema\/person\/ce6db8a1157d50329e1fd65f9a9b5df8"},"headline":"Sortie CANASUC des 3\u00e9me Pr\u00e9pa M\u00e9tiers","datePublished":"2024-02-12T07:40:48+00:00","dateModified":"2024-02-12T07:40:49+00:00","mainEntityOfPage":{"@id":"https:\/\/www.lyceelafayette.fr\/index.php\/2024\/02\/12\/sortie-canasuc-des-3eme-prepa-metiers\/"},"wordCount":229,"publisher":{"@id":"https:\/\/www.lyceelafayette.fr\/#organization"},"image":{"@id":"https:\/\/www.lyceelafayette.fr\/index.php\/2024\/02\/12\/sortie-canasuc-des-3eme-prepa-metiers\/#primaryimage"},"thumbnailUrl":"https:\/\/www.lyceelafayette.fr\/wp-content\/uploads\/2024\/02\/image-2.png","articleSection":["formations","sorties"],"inLanguage":"fr-FR"},{"@type":"WebPage","@id":"https:\/\/www.lyceelafayette.fr\/index.php\/2024\/02\/12\/sortie-canasuc-des-3eme-prepa-metiers\/","url":"https:\/\/www.lyceelafayette.fr\/index.php\/2024\/02\/12\/sortie-canasuc-des-3eme-prepa-metiers\/","name":"Sortie CANASUC des 3\u00e9me Pr\u00e9pa M\u00e9tiers - Lyc\u00e9e La Fayette","isPartOf":{"@id":"https:\/\/www.lyceelafayette.fr\/#website"},"primaryImageOfPage":{"@id":"https:\/\/www.lyceelafayette.fr\/index.php\/2024\/02\/12\/sortie-canasuc-des-3eme-prepa-metiers\/#primaryimage"},"image":{"@id":"https:\/\/www.lyceelafayette.fr\/index.php\/2024\/02\/12\/sortie-canasuc-des-3eme-prepa-metiers\/#primaryimage"},"thumbnailUrl":"https:\/\/www.lyceelafayette.fr\/wp-content\/uploads\/2024\/02\/image-2.png","datePublished":"2024-02-12T07:40:48+00:00","dateModified":"2024-02-12T07:40:49+00:00","breadcrumb":{"@id":"https:\/\/www.lyceelafayette.fr\/index.php\/2024\/02\/12\/sortie-canasuc-des-3eme-prepa-metiers\/#breadcrumb"},"inLanguage":"fr-FR","potentialAction":[{"@type":"ReadAction","target":["https:\/\/www.lyceelafayette.fr\/index.php\/2024\/02\/12\/sortie-canasuc-des-3eme-prepa-metiers\/"]}]},{"@type":"ImageObject","inLanguage":"fr-FR","@id":"https:\/\/www.lyceelafayette.fr\/index.php\/2024\/02\/12\/sortie-canasuc-des-3eme-prepa-metiers\/#primaryimage","url":"https:\/\/www.lyceelafayette.fr\/wp-content\/uploads\/2024\/02\/image-2.png","contentUrl":"https:\/\/www.lyceelafayette.fr\/wp-content\/uploads\/2024\/02\/image-2.png","width":308,"height":230},{"@type":"BreadcrumbList","@id":"https:\/\/www.lyceelafayette.fr\/index.php\/2024\/02\/12\/sortie-canasuc-des-3eme-prepa-metiers\/#breadcrumb","itemListElement":[{"@type":"ListItem","position":1,"name":"Accueil","item":"https:\/\/www.lyceelafayette.fr\/"},{"@type":"ListItem","position":2,"name":"Sortie CANASUC des 3\u00e9me Pr\u00e9pa M\u00e9tiers"}]},{"@type":"WebSite","@id":"https:\/\/www.lyceelafayette.fr\/#website","url":"https:\/\/www.lyceelafayette.fr\/","name":"Lyc\u00e9e La Fayette","description":"","publisher":{"@id":"https:\/\/www.lyceelafayette.fr\/#organization"},"potentialAction":[{"@type":"SearchAction","target":{"@type":"EntryPoint","urlTemplate":"https:\/\/www.lyceelafayette.fr\/?s={search_term_string}"},"query-input":{"@type":"PropertyValueSpecification","valueRequired":true,"valueName":"search_term_string"}}],"inLanguage":"fr-FR"},{"@type":"Organization","@id":"https:\/\/www.lyceelafayette.fr\/#organization","name":"Lyc\u00e9e La Fayette","url":"https:\/\/www.lyceelafayette.fr\/","logo":{"@type":"ImageObject","inLanguage":"fr-FR","@id":"https:\/\/www.lyceelafayette.fr\/#\/schema\/logo\/image\/","url":"https:\/\/www.lyceelafayette.fr\/wp-content\/uploads\/2019\/06\/llf_logo_alpha.png","contentUrl":"https:\/\/www.lyceelafayette.fr\/wp-content\/uploads\/2019\/06\/llf_logo_alpha.png","width":1583,"height":792,"caption":"Lyc\u00e9e La Fayette"},"image":{"@id":"https:\/\/www.lyceelafayette.fr\/#\/schema\/logo\/image\/"},"sameAs":["https:\/\/www.youtube.com\/channel\/UC2AOQowoMGBKdY4ToZsf9mw"]},{"@type":"Person","@id":"https:\/\/www.lyceelafayette.fr\/#\/schema\/person\/ce6db8a1157d50329e1fd65f9a9b5df8","name":"Alexandre Facchin","image":{"@type":"ImageObject","inLanguage":"fr-FR","@id":"https:\/\/secure.gravatar.com\/avatar\/c94ab2db74f6be2880cb92feeab1c3c9a55baee6dab0b6f9fbb80e1bc3336b7a?s=96&d=blank&r=g","url":"https:\/\/secure.gravatar.com\/avatar\/c94ab2db74f6be2880cb92feeab1c3c9a55baee6dab0b6f9fbb80e1bc3336b7a?s=96&d=blank&r=g","contentUrl":"https:\/\/secure.gravatar.com\/avatar\/c94ab2db74f6be2880cb92feeab1c3c9a55baee6dab0b6f9fbb80e1bc3336b7a?s=96&d=blank&r=g","caption":"Alexandre Facchin"},"url":"https:\/\/www.lyceelafayette.fr\/index.php\/author\/admin\/"}]}},"_links":{"self":[{"href":"https:\/\/www.lyceelafayette.fr\/index.php\/wp-json\/wp\/v2\/posts\/6618","targetHints":{"allow":["GET"]}}],"collection":[{"href":"https:\/\/www.lyceelafayette.fr\/index.php\/wp-json\/wp\/v2\/posts"}],"about":[{"href":"https:\/\/www.lyceelafayette.fr\/index.php\/wp-json\/wp\/v2\/types\/post"}],"author":[{"embeddable":true,"href":"https:\/\/www.lyceelafayette.fr\/index.php\/wp-json\/wp\/v2\/users\/8"}],"replies":[{"embeddable":true,"href":"https:\/\/www.lyceelafayette.fr\/index.php\/wp-json\/wp\/v2\/comments?post=6618"}],"version-history":[{"count":1,"href":"https:\/\/www.lyceelafayette.fr\/index.php\/wp-json\/wp\/v2\/posts\/6618\/revisions"}],"predecessor-version":[{"id":6622,"href":"https:\/\/www.lyceelafayette.fr\/index.php\/wp-json\/wp\/v2\/posts\/6618\/revisions\/6622"}],"wp:featuredmedia":[{"embeddable":true,"href":"https:\/\/www.lyceelafayette.fr\/index.php\/wp-json\/wp\/v2\/media\/6620"}],"wp:attachment":[{"href":"https:\/\/www.lyceelafayette.fr\/index.php\/wp-json\/wp\/v2\/media?parent=6618"}],"wp:term":[{"taxonomy":"category","embeddable":true,"href":"https:\/\/www.lyceelafayette.fr\/index.php\/wp-json\/wp\/v2\/categories?post=6618"},{"taxonomy":"post_tag","embeddable":true,"href":"https:\/\/www.lyceelafayette.fr\/index.php\/wp-json\/wp\/v2\/tags?post=6618"}],"curies":[{"name":"wp","href":"https:\/\/api.w.org\/{rel}","templated":true}]}}