{"id":6494,"date":"2023-12-19T16:07:05","date_gmt":"2023-12-19T15:07:05","guid":{"rendered":"https:\/\/www.lyceelafayette.fr\/?p=6494"},"modified":"2023-12-19T16:57:27","modified_gmt":"2023-12-19T15:57:27","slug":"bts-electrotechnique-qualifiee-finale-concours-fanuc","status":"publish","type":"post","link":"https:\/\/www.lyceelafayette.fr\/index.php\/2023\/12\/19\/bts-electrotechnique-qualifiee-finale-concours-fanuc\/","title":{"rendered":"BTS \u00e9lectrotechnique qualifi\u00e9 en finale du concours FANUC\u00a0!"},"content":{"rendered":"\n<p>Thibault Daudin et Philippe Oram, \u00e9tudiants en 2<sup>e<\/sup>&nbsp;ann\u00e9e de BTS \u00e9lectrotechnique, participent au concours organis\u00e9 par FANUC &#8212; <a href=\"https:\/\/olympiades-fanuc.com\/\">https:\/\/olympiades-fanuc.com\/<\/a>.<\/p>\n\n\n\n<figure class=\"wp-block-image size-full\"><img loading=\"lazy\" decoding=\"async\" width=\"4032\" height=\"3024\" src=\"https:\/\/www.lyceelafayette.fr\/wp-content\/uploads\/2023\/12\/IMG_6274.jpg\" alt=\"\" class=\"wp-image-6496\"\/><\/figure>\n\n\n\n<p>Ce concours comporte deux phases. Une premi\u00e8re, l\u2019avant-projet, pour laquelle il faut r\u00e9pondre \u00e0 un cahier des charges en utilisant les logiciels FANUC de programmation et de configuration de commande num\u00e9rique (CN), d\u2019interface homme-machine (IHM) et de programmation automate.<\/p>\n\n\n\n<p>Cette ann\u00e9e il s\u2019agissait de simuler le fonctionnement d\u2019une machine de sertissage de fen\u00eatre.<\/p>\n\n\n\n<figure class=\"wp-block-image size-full\"><img loading=\"lazy\" decoding=\"async\" width=\"908\" height=\"768\" src=\"https:\/\/www.lyceelafayette.fr\/wp-content\/uploads\/2023\/12\/image-2.png\" alt=\"\" class=\"wp-image-6497\"\/><\/figure>\n\n\n\n<figure class=\"wp-block-image size-full\"><img loading=\"lazy\" decoding=\"async\" width=\"908\" height=\"426\" src=\"https:\/\/www.lyceelafayette.fr\/wp-content\/uploads\/2023\/12\/image.jpeg\" alt=\"\" class=\"wp-image-6498\"\/><\/figure>\n\n\n\n<figure class=\"wp-block-image size-full\"><img loading=\"lazy\" decoding=\"async\" width=\"908\" height=\"306\" src=\"https:\/\/www.lyceelafayette.fr\/wp-content\/uploads\/2023\/12\/image-1.jpeg\" alt=\"\" class=\"wp-image-6499\"\/><\/figure>\n\n\n\n<p>Les deux \u00e9tudiants, accompagn\u00e9s de leur enseignant, David Brunet, ont r\u00e9alis\u00e9 une partie de l\u2019avant-projet avec notamment des \u00e9crans de l\u2019IHM pour piloter la machine&nbsp;:<\/p>\n\n\n\n<figure class=\"wp-block-image size-full\"><img loading=\"lazy\" decoding=\"async\" width=\"908\" height=\"680\" src=\"https:\/\/www.lyceelafayette.fr\/wp-content\/uploads\/2023\/12\/image-3.png\" alt=\"\" class=\"wp-image-6500\"\/><\/figure>\n\n\n\n<p>Un programme ISO pour le pilotage de la CN, int\u00e9grant du code G.<\/p>\n\n\n\n<p>Un programme PMC en langage LADDER pour g\u00e9rer l\u2019automate de la CN et l\u2019adaptation du clavier de la CN pour piloter la machine&nbsp;:<\/p>\n\n\n\n<figure class=\"wp-block-image size-full\"><img loading=\"lazy\" decoding=\"async\" width=\"570\" height=\"540\" src=\"https:\/\/www.lyceelafayette.fr\/wp-content\/uploads\/2023\/12\/image-4.png\" alt=\"\" class=\"wp-image-6501\"\/><\/figure>\n\n\n\n<p>Enfin, ils ont remis un rapport d\u00e9taillant la r\u00e9alisation de leur travail.<\/p>\n\n\n\n<p>Apr\u00e8s examen de leur dossier et de tous les documents d\u00e9pos\u00e9s, ils viennent d\u2019apprendre qu\u2019ils sont qualifi\u00e9s pour la phase finale qui aura lieu le 7 f\u00e9vrier prochain.<\/p>\n\n\n\n<p>D\u2019ici l\u00e0, ils auront droit \u00e0 une journ\u00e9e de formation dans les locaux de FANUC \u00e0 Lisses d\u00e9but janvier.<\/p>\n\n\n\n<p>Souhaitons leur bonne chance pour la finale&nbsp;!<\/p>\n","protected":false},"excerpt":{"rendered":"<p>Thibault Daudin et Philippe Oram, \u00e9tudiants en 2e&nbsp;ann\u00e9e de BTS \u00e9lectrotechnique, participent au concours organis\u00e9 par FANUC &#8212; https:\/\/olympiades-fanuc.com\/. Ce concours comporte deux phases. Une premi\u00e8re, l\u2019avant-projet, pour laquelle il faut r\u00e9pondre \u00e0 un cahier des charges en utilisant les logiciels FANUC de programmation et de configuration de commande num\u00e9rique&#8230; <a class=\"continue-reading-link\" href=\"https:\/\/www.lyceelafayette.fr\/index.php\/2023\/12\/19\/bts-electrotechnique-qualifiee-finale-concours-fanuc\/\">lire la suite<\/a><\/p>\n","protected":false},"author":8,"featured_media":6496,"comment_status":"closed","ping_status":"open","sticky":false,"template":"","format":"standard","meta":{"footnotes":""},"categories":[6,1],"tags":[15,20,75,109,33,124,19],"class_list":["post-6494","post","type-post","status-publish","format-standard","has-post-thumbnail","hentry","category-bts","category-non-classe","tag-bts","tag-electricite","tag-electrotechnique","tag-electrotechnique-2","tag-etudiants","tag-fanuc","tag-pro"],"yoast_head":"<!-- This site is optimized with the Yoast SEO plugin v27.5 - https:\/\/yoast.com\/product\/yoast-seo-wordpress\/ -->\n<title>BTS \u00e9lectrotechnique qualifi\u00e9 en finale du concours FANUC\u00a0! - Lyc\u00e9e La Fayette<\/title>\n<meta name=\"robots\" content=\"index, follow, max-snippet:-1, max-image-preview:large, max-video-preview:-1\" \/>\n<link rel=\"canonical\" href=\"https:\/\/www.lyceelafayette.fr\/index.php\/2023\/12\/19\/bts-electrotechnique-qualifiee-finale-concours-fanuc\/\" \/>\n<meta property=\"og:locale\" content=\"fr_FR\" \/>\n<meta property=\"og:type\" content=\"article\" \/>\n<meta property=\"og:title\" content=\"BTS \u00e9lectrotechnique qualifi\u00e9 en finale du concours FANUC\u00a0! - Lyc\u00e9e La Fayette\" \/>\n<meta property=\"og:description\" content=\"Thibault Daudin et Philippe Oram, \u00e9tudiants en 2e&nbsp;ann\u00e9e de BTS \u00e9lectrotechnique, participent au concours organis\u00e9 par FANUC &#8212; https:\/\/olympiades-fanuc.com\/. Ce concours comporte deux phases. Une premi\u00e8re, l\u2019avant-projet, pour laquelle il faut r\u00e9pondre \u00e0 un cahier des charges en utilisant les logiciels FANUC de programmation et de configuration de commande num\u00e9rique... lire la suite\" \/>\n<meta property=\"og:url\" content=\"https:\/\/www.lyceelafayette.fr\/index.php\/2023\/12\/19\/bts-electrotechnique-qualifiee-finale-concours-fanuc\/\" \/>\n<meta property=\"og:site_name\" content=\"Lyc\u00e9e La Fayette\" \/>\n<meta property=\"article:published_time\" content=\"2023-12-19T15:07:05+00:00\" \/>\n<meta property=\"article:modified_time\" content=\"2023-12-19T15:57:27+00:00\" \/>\n<meta property=\"og:image\" content=\"https:\/\/www.lyceelafayette.fr\/wp-content\/uploads\/2023\/12\/IMG_6274.jpg\" \/>\n\t<meta property=\"og:image:width\" content=\"4032\" \/>\n\t<meta property=\"og:image:height\" content=\"3024\" \/>\n\t<meta property=\"og:image:type\" content=\"image\/jpeg\" \/>\n<meta name=\"author\" content=\"Alexandre Facchin\" \/>\n<meta name=\"twitter:card\" content=\"summary_large_image\" \/>\n<meta name=\"twitter:label1\" content=\"\u00c9crit par\" \/>\n\t<meta name=\"twitter:data1\" content=\"Alexandre Facchin\" \/>\n\t<meta name=\"twitter:label2\" content=\"Dur\u00e9e de lecture estim\u00e9e\" \/>\n\t<meta name=\"twitter:data2\" content=\"3 minutes\" \/>\n<script type=\"application\/ld+json\" class=\"yoast-schema-graph\">{\"@context\":\"https:\\\/\\\/schema.org\",\"@graph\":[{\"@type\":\"Article\",\"@id\":\"https:\\\/\\\/www.lyceelafayette.fr\\\/index.php\\\/2023\\\/12\\\/19\\\/bts-electrotechnique-qualifiee-finale-concours-fanuc\\\/#article\",\"isPartOf\":{\"@id\":\"https:\\\/\\\/www.lyceelafayette.fr\\\/index.php\\\/2023\\\/12\\\/19\\\/bts-electrotechnique-qualifiee-finale-concours-fanuc\\\/\"},\"author\":{\"name\":\"Alexandre Facchin\",\"@id\":\"https:\\\/\\\/www.lyceelafayette.fr\\\/#\\\/schema\\\/person\\\/ce6db8a1157d50329e1fd65f9a9b5df8\"},\"headline\":\"BTS \u00e9lectrotechnique qualifi\u00e9 en finale du concours FANUC\u00a0!\",\"datePublished\":\"2023-12-19T15:07:05+00:00\",\"dateModified\":\"2023-12-19T15:57:27+00:00\",\"mainEntityOfPage\":{\"@id\":\"https:\\\/\\\/www.lyceelafayette.fr\\\/index.php\\\/2023\\\/12\\\/19\\\/bts-electrotechnique-qualifiee-finale-concours-fanuc\\\/\"},\"wordCount\":240,\"publisher\":{\"@id\":\"https:\\\/\\\/www.lyceelafayette.fr\\\/#organization\"},\"image\":{\"@id\":\"https:\\\/\\\/www.lyceelafayette.fr\\\/index.php\\\/2023\\\/12\\\/19\\\/bts-electrotechnique-qualifiee-finale-concours-fanuc\\\/#primaryimage\"},\"thumbnailUrl\":\"https:\\\/\\\/www.lyceelafayette.fr\\\/wp-content\\\/uploads\\\/2023\\\/12\\\/IMG_6274.jpg\",\"keywords\":[\"BTS\",\"\u00e9lectricit\u00e9\",\"\u00e9lectrotechnique\",\"Electrotechnique\",\"\u00e9tudiants\",\"FANUC\",\"PRO\"],\"articleSection\":[\"BTS\"],\"inLanguage\":\"fr-FR\"},{\"@type\":\"WebPage\",\"@id\":\"https:\\\/\\\/www.lyceelafayette.fr\\\/index.php\\\/2023\\\/12\\\/19\\\/bts-electrotechnique-qualifiee-finale-concours-fanuc\\\/\",\"url\":\"https:\\\/\\\/www.lyceelafayette.fr\\\/index.php\\\/2023\\\/12\\\/19\\\/bts-electrotechnique-qualifiee-finale-concours-fanuc\\\/\",\"name\":\"BTS \u00e9lectrotechnique qualifi\u00e9 en finale du concours FANUC\u00a0! - Lyc\u00e9e La Fayette\",\"isPartOf\":{\"@id\":\"https:\\\/\\\/www.lyceelafayette.fr\\\/#website\"},\"primaryImageOfPage\":{\"@id\":\"https:\\\/\\\/www.lyceelafayette.fr\\\/index.php\\\/2023\\\/12\\\/19\\\/bts-electrotechnique-qualifiee-finale-concours-fanuc\\\/#primaryimage\"},\"image\":{\"@id\":\"https:\\\/\\\/www.lyceelafayette.fr\\\/index.php\\\/2023\\\/12\\\/19\\\/bts-electrotechnique-qualifiee-finale-concours-fanuc\\\/#primaryimage\"},\"thumbnailUrl\":\"https:\\\/\\\/www.lyceelafayette.fr\\\/wp-content\\\/uploads\\\/2023\\\/12\\\/IMG_6274.jpg\",\"datePublished\":\"2023-12-19T15:07:05+00:00\",\"dateModified\":\"2023-12-19T15:57:27+00:00\",\"breadcrumb\":{\"@id\":\"https:\\\/\\\/www.lyceelafayette.fr\\\/index.php\\\/2023\\\/12\\\/19\\\/bts-electrotechnique-qualifiee-finale-concours-fanuc\\\/#breadcrumb\"},\"inLanguage\":\"fr-FR\",\"potentialAction\":[{\"@type\":\"ReadAction\",\"target\":[\"https:\\\/\\\/www.lyceelafayette.fr\\\/index.php\\\/2023\\\/12\\\/19\\\/bts-electrotechnique-qualifiee-finale-concours-fanuc\\\/\"]}]},{\"@type\":\"ImageObject\",\"inLanguage\":\"fr-FR\",\"@id\":\"https:\\\/\\\/www.lyceelafayette.fr\\\/index.php\\\/2023\\\/12\\\/19\\\/bts-electrotechnique-qualifiee-finale-concours-fanuc\\\/#primaryimage\",\"url\":\"https:\\\/\\\/www.lyceelafayette.fr\\\/wp-content\\\/uploads\\\/2023\\\/12\\\/IMG_6274.jpg\",\"contentUrl\":\"https:\\\/\\\/www.lyceelafayette.fr\\\/wp-content\\\/uploads\\\/2023\\\/12\\\/IMG_6274.jpg\",\"width\":4032,\"height\":3024},{\"@type\":\"BreadcrumbList\",\"@id\":\"https:\\\/\\\/www.lyceelafayette.fr\\\/index.php\\\/2023\\\/12\\\/19\\\/bts-electrotechnique-qualifiee-finale-concours-fanuc\\\/#breadcrumb\",\"itemListElement\":[{\"@type\":\"ListItem\",\"position\":1,\"name\":\"Accueil\",\"item\":\"https:\\\/\\\/www.lyceelafayette.fr\\\/\"},{\"@type\":\"ListItem\",\"position\":2,\"name\":\"BTS \u00e9lectrotechnique qualifi\u00e9 en finale du concours FANUC\u00a0!\"}]},{\"@type\":\"WebSite\",\"@id\":\"https:\\\/\\\/www.lyceelafayette.fr\\\/#website\",\"url\":\"https:\\\/\\\/www.lyceelafayette.fr\\\/\",\"name\":\"Lyc\u00e9e La Fayette\",\"description\":\"\",\"publisher\":{\"@id\":\"https:\\\/\\\/www.lyceelafayette.fr\\\/#organization\"},\"potentialAction\":[{\"@type\":\"SearchAction\",\"target\":{\"@type\":\"EntryPoint\",\"urlTemplate\":\"https:\\\/\\\/www.lyceelafayette.fr\\\/?s={search_term_string}\"},\"query-input\":{\"@type\":\"PropertyValueSpecification\",\"valueRequired\":true,\"valueName\":\"search_term_string\"}}],\"inLanguage\":\"fr-FR\"},{\"@type\":\"Organization\",\"@id\":\"https:\\\/\\\/www.lyceelafayette.fr\\\/#organization\",\"name\":\"Lyc\u00e9e La Fayette\",\"url\":\"https:\\\/\\\/www.lyceelafayette.fr\\\/\",\"logo\":{\"@type\":\"ImageObject\",\"inLanguage\":\"fr-FR\",\"@id\":\"https:\\\/\\\/www.lyceelafayette.fr\\\/#\\\/schema\\\/logo\\\/image\\\/\",\"url\":\"https:\\\/\\\/www.lyceelafayette.fr\\\/wp-content\\\/uploads\\\/2019\\\/06\\\/llf_logo_alpha.png\",\"contentUrl\":\"https:\\\/\\\/www.lyceelafayette.fr\\\/wp-content\\\/uploads\\\/2019\\\/06\\\/llf_logo_alpha.png\",\"width\":1583,\"height\":792,\"caption\":\"Lyc\u00e9e La Fayette\"},\"image\":{\"@id\":\"https:\\\/\\\/www.lyceelafayette.fr\\\/#\\\/schema\\\/logo\\\/image\\\/\"},\"sameAs\":[\"https:\\\/\\\/www.youtube.com\\\/channel\\\/UC2AOQowoMGBKdY4ToZsf9mw\"]},{\"@type\":\"Person\",\"@id\":\"https:\\\/\\\/www.lyceelafayette.fr\\\/#\\\/schema\\\/person\\\/ce6db8a1157d50329e1fd65f9a9b5df8\",\"name\":\"Alexandre Facchin\",\"image\":{\"@type\":\"ImageObject\",\"inLanguage\":\"fr-FR\",\"@id\":\"https:\\\/\\\/secure.gravatar.com\\\/avatar\\\/c94ab2db74f6be2880cb92feeab1c3c9a55baee6dab0b6f9fbb80e1bc3336b7a?s=96&d=blank&r=g\",\"url\":\"https:\\\/\\\/secure.gravatar.com\\\/avatar\\\/c94ab2db74f6be2880cb92feeab1c3c9a55baee6dab0b6f9fbb80e1bc3336b7a?s=96&d=blank&r=g\",\"contentUrl\":\"https:\\\/\\\/secure.gravatar.com\\\/avatar\\\/c94ab2db74f6be2880cb92feeab1c3c9a55baee6dab0b6f9fbb80e1bc3336b7a?s=96&d=blank&r=g\",\"caption\":\"Alexandre Facchin\"},\"url\":\"https:\\\/\\\/www.lyceelafayette.fr\\\/index.php\\\/author\\\/admin\\\/\"}]}<\/script>\n<!-- \/ Yoast SEO plugin. -->","yoast_head_json":{"title":"BTS \u00e9lectrotechnique qualifi\u00e9 en finale du concours FANUC\u00a0! - Lyc\u00e9e La Fayette","robots":{"index":"index","follow":"follow","max-snippet":"max-snippet:-1","max-image-preview":"max-image-preview:large","max-video-preview":"max-video-preview:-1"},"canonical":"https:\/\/www.lyceelafayette.fr\/index.php\/2023\/12\/19\/bts-electrotechnique-qualifiee-finale-concours-fanuc\/","og_locale":"fr_FR","og_type":"article","og_title":"BTS \u00e9lectrotechnique qualifi\u00e9 en finale du concours FANUC\u00a0! - Lyc\u00e9e La Fayette","og_description":"Thibault Daudin et Philippe Oram, \u00e9tudiants en 2e&nbsp;ann\u00e9e de BTS \u00e9lectrotechnique, participent au concours organis\u00e9 par FANUC &#8212; https:\/\/olympiades-fanuc.com\/. Ce concours comporte deux phases. Une premi\u00e8re, l\u2019avant-projet, pour laquelle il faut r\u00e9pondre \u00e0 un cahier des charges en utilisant les logiciels FANUC de programmation et de configuration de commande num\u00e9rique... lire la suite","og_url":"https:\/\/www.lyceelafayette.fr\/index.php\/2023\/12\/19\/bts-electrotechnique-qualifiee-finale-concours-fanuc\/","og_site_name":"Lyc\u00e9e La Fayette","article_published_time":"2023-12-19T15:07:05+00:00","article_modified_time":"2023-12-19T15:57:27+00:00","og_image":[{"width":4032,"height":3024,"url":"https:\/\/www.lyceelafayette.fr\/wp-content\/uploads\/2023\/12\/IMG_6274.jpg","type":"image\/jpeg"}],"author":"Alexandre Facchin","twitter_card":"summary_large_image","twitter_misc":{"\u00c9crit par":"Alexandre Facchin","Dur\u00e9e de lecture estim\u00e9e":"3 minutes"},"schema":{"@context":"https:\/\/schema.org","@graph":[{"@type":"Article","@id":"https:\/\/www.lyceelafayette.fr\/index.php\/2023\/12\/19\/bts-electrotechnique-qualifiee-finale-concours-fanuc\/#article","isPartOf":{"@id":"https:\/\/www.lyceelafayette.fr\/index.php\/2023\/12\/19\/bts-electrotechnique-qualifiee-finale-concours-fanuc\/"},"author":{"name":"Alexandre Facchin","@id":"https:\/\/www.lyceelafayette.fr\/#\/schema\/person\/ce6db8a1157d50329e1fd65f9a9b5df8"},"headline":"BTS \u00e9lectrotechnique qualifi\u00e9 en finale du concours FANUC\u00a0!","datePublished":"2023-12-19T15:07:05+00:00","dateModified":"2023-12-19T15:57:27+00:00","mainEntityOfPage":{"@id":"https:\/\/www.lyceelafayette.fr\/index.php\/2023\/12\/19\/bts-electrotechnique-qualifiee-finale-concours-fanuc\/"},"wordCount":240,"publisher":{"@id":"https:\/\/www.lyceelafayette.fr\/#organization"},"image":{"@id":"https:\/\/www.lyceelafayette.fr\/index.php\/2023\/12\/19\/bts-electrotechnique-qualifiee-finale-concours-fanuc\/#primaryimage"},"thumbnailUrl":"https:\/\/www.lyceelafayette.fr\/wp-content\/uploads\/2023\/12\/IMG_6274.jpg","keywords":["BTS","\u00e9lectricit\u00e9","\u00e9lectrotechnique","Electrotechnique","\u00e9tudiants","FANUC","PRO"],"articleSection":["BTS"],"inLanguage":"fr-FR"},{"@type":"WebPage","@id":"https:\/\/www.lyceelafayette.fr\/index.php\/2023\/12\/19\/bts-electrotechnique-qualifiee-finale-concours-fanuc\/","url":"https:\/\/www.lyceelafayette.fr\/index.php\/2023\/12\/19\/bts-electrotechnique-qualifiee-finale-concours-fanuc\/","name":"BTS \u00e9lectrotechnique qualifi\u00e9 en finale du concours FANUC\u00a0! - Lyc\u00e9e La Fayette","isPartOf":{"@id":"https:\/\/www.lyceelafayette.fr\/#website"},"primaryImageOfPage":{"@id":"https:\/\/www.lyceelafayette.fr\/index.php\/2023\/12\/19\/bts-electrotechnique-qualifiee-finale-concours-fanuc\/#primaryimage"},"image":{"@id":"https:\/\/www.lyceelafayette.fr\/index.php\/2023\/12\/19\/bts-electrotechnique-qualifiee-finale-concours-fanuc\/#primaryimage"},"thumbnailUrl":"https:\/\/www.lyceelafayette.fr\/wp-content\/uploads\/2023\/12\/IMG_6274.jpg","datePublished":"2023-12-19T15:07:05+00:00","dateModified":"2023-12-19T15:57:27+00:00","breadcrumb":{"@id":"https:\/\/www.lyceelafayette.fr\/index.php\/2023\/12\/19\/bts-electrotechnique-qualifiee-finale-concours-fanuc\/#breadcrumb"},"inLanguage":"fr-FR","potentialAction":[{"@type":"ReadAction","target":["https:\/\/www.lyceelafayette.fr\/index.php\/2023\/12\/19\/bts-electrotechnique-qualifiee-finale-concours-fanuc\/"]}]},{"@type":"ImageObject","inLanguage":"fr-FR","@id":"https:\/\/www.lyceelafayette.fr\/index.php\/2023\/12\/19\/bts-electrotechnique-qualifiee-finale-concours-fanuc\/#primaryimage","url":"https:\/\/www.lyceelafayette.fr\/wp-content\/uploads\/2023\/12\/IMG_6274.jpg","contentUrl":"https:\/\/www.lyceelafayette.fr\/wp-content\/uploads\/2023\/12\/IMG_6274.jpg","width":4032,"height":3024},{"@type":"BreadcrumbList","@id":"https:\/\/www.lyceelafayette.fr\/index.php\/2023\/12\/19\/bts-electrotechnique-qualifiee-finale-concours-fanuc\/#breadcrumb","itemListElement":[{"@type":"ListItem","position":1,"name":"Accueil","item":"https:\/\/www.lyceelafayette.fr\/"},{"@type":"ListItem","position":2,"name":"BTS \u00e9lectrotechnique qualifi\u00e9 en finale du concours FANUC\u00a0!"}]},{"@type":"WebSite","@id":"https:\/\/www.lyceelafayette.fr\/#website","url":"https:\/\/www.lyceelafayette.fr\/","name":"Lyc\u00e9e La Fayette","description":"","publisher":{"@id":"https:\/\/www.lyceelafayette.fr\/#organization"},"potentialAction":[{"@type":"SearchAction","target":{"@type":"EntryPoint","urlTemplate":"https:\/\/www.lyceelafayette.fr\/?s={search_term_string}"},"query-input":{"@type":"PropertyValueSpecification","valueRequired":true,"valueName":"search_term_string"}}],"inLanguage":"fr-FR"},{"@type":"Organization","@id":"https:\/\/www.lyceelafayette.fr\/#organization","name":"Lyc\u00e9e La Fayette","url":"https:\/\/www.lyceelafayette.fr\/","logo":{"@type":"ImageObject","inLanguage":"fr-FR","@id":"https:\/\/www.lyceelafayette.fr\/#\/schema\/logo\/image\/","url":"https:\/\/www.lyceelafayette.fr\/wp-content\/uploads\/2019\/06\/llf_logo_alpha.png","contentUrl":"https:\/\/www.lyceelafayette.fr\/wp-content\/uploads\/2019\/06\/llf_logo_alpha.png","width":1583,"height":792,"caption":"Lyc\u00e9e La Fayette"},"image":{"@id":"https:\/\/www.lyceelafayette.fr\/#\/schema\/logo\/image\/"},"sameAs":["https:\/\/www.youtube.com\/channel\/UC2AOQowoMGBKdY4ToZsf9mw"]},{"@type":"Person","@id":"https:\/\/www.lyceelafayette.fr\/#\/schema\/person\/ce6db8a1157d50329e1fd65f9a9b5df8","name":"Alexandre Facchin","image":{"@type":"ImageObject","inLanguage":"fr-FR","@id":"https:\/\/secure.gravatar.com\/avatar\/c94ab2db74f6be2880cb92feeab1c3c9a55baee6dab0b6f9fbb80e1bc3336b7a?s=96&d=blank&r=g","url":"https:\/\/secure.gravatar.com\/avatar\/c94ab2db74f6be2880cb92feeab1c3c9a55baee6dab0b6f9fbb80e1bc3336b7a?s=96&d=blank&r=g","contentUrl":"https:\/\/secure.gravatar.com\/avatar\/c94ab2db74f6be2880cb92feeab1c3c9a55baee6dab0b6f9fbb80e1bc3336b7a?s=96&d=blank&r=g","caption":"Alexandre Facchin"},"url":"https:\/\/www.lyceelafayette.fr\/index.php\/author\/admin\/"}]}},"_links":{"self":[{"href":"https:\/\/www.lyceelafayette.fr\/index.php\/wp-json\/wp\/v2\/posts\/6494","targetHints":{"allow":["GET"]}}],"collection":[{"href":"https:\/\/www.lyceelafayette.fr\/index.php\/wp-json\/wp\/v2\/posts"}],"about":[{"href":"https:\/\/www.lyceelafayette.fr\/index.php\/wp-json\/wp\/v2\/types\/post"}],"author":[{"embeddable":true,"href":"https:\/\/www.lyceelafayette.fr\/index.php\/wp-json\/wp\/v2\/users\/8"}],"replies":[{"embeddable":true,"href":"https:\/\/www.lyceelafayette.fr\/index.php\/wp-json\/wp\/v2\/comments?post=6494"}],"version-history":[{"count":4,"href":"https:\/\/www.lyceelafayette.fr\/index.php\/wp-json\/wp\/v2\/posts\/6494\/revisions"}],"predecessor-version":[{"id":6505,"href":"https:\/\/www.lyceelafayette.fr\/index.php\/wp-json\/wp\/v2\/posts\/6494\/revisions\/6505"}],"wp:featuredmedia":[{"embeddable":true,"href":"https:\/\/www.lyceelafayette.fr\/index.php\/wp-json\/wp\/v2\/media\/6496"}],"wp:attachment":[{"href":"https:\/\/www.lyceelafayette.fr\/index.php\/wp-json\/wp\/v2\/media?parent=6494"}],"wp:term":[{"taxonomy":"category","embeddable":true,"href":"https:\/\/www.lyceelafayette.fr\/index.php\/wp-json\/wp\/v2\/categories?post=6494"},{"taxonomy":"post_tag","embeddable":true,"href":"https:\/\/www.lyceelafayette.fr\/index.php\/wp-json\/wp\/v2\/tags?post=6494"}],"curies":[{"name":"wp","href":"https:\/\/api.w.org\/{rel}","templated":true}]}}