{"id":6409,"date":"2023-11-27T21:18:52","date_gmt":"2023-11-27T20:18:52","guid":{"rendered":"https:\/\/www.lyceelafayette.fr\/?p=6409"},"modified":"2023-11-27T21:40:18","modified_gmt":"2023-11-27T20:40:18","slug":"tables-rondes-de-lindustrie","status":"publish","type":"post","link":"https:\/\/www.lyceelafayette.fr\/index.php\/2023\/11\/27\/tables-rondes-de-lindustrie\/","title":{"rendered":"<div style=\"background-color:#0066CC;;color:white;text-align:center;\">Tables rondes de l\u2019industrie<div>"},"content":{"rendered":"\n<p>Le vendredi 17 novembre, le lyc\u00e9e La Fayette organisait ses premi\u00e8res tables rondes de l\u2019industrie.<\/p>\n\n\n\n<p>Le public a pu \u00e9changer avec des professionnels, des professeurs et des \u00e9l\u00e8ves, \u00e9tudiants de diff\u00e9rents domaines.<\/p>\n\n\n\n<figure class=\"wp-block-image size-full\"><a href=\"https:\/\/www.lyceelafayette.fr\/wp-content\/uploads\/2023\/11\/image-2.png\"><img loading=\"lazy\" decoding=\"async\" width=\"1633\" height=\"458\" src=\"https:\/\/www.lyceelafayette.fr\/wp-content\/uploads\/2023\/11\/image-8.png\" alt=\"\" class=\"wp-image-6422\"\/><\/a><\/figure>\n\n\n\n<p>La premi\u00e8re table ronde portait sur l\u2019<strong>\u00e9lectrotechnique<\/strong>. L\u2019\u00e9lectrotechnique c\u2019est&nbsp;: l\u2019\u00e9tude de la mise en \u0153uvre, de l&rsquo;utilisation et de la maintenance des \u00e9quipements \u00e9lectriques a tout d\u2019abord indiqu\u00e9 <strong>David Brunet, un professeur<\/strong>. Ensuite, nous avons fait la connaissance de <strong>Rayan<\/strong>, \u00e9tudiant en classe pr\u00e9paratoire pour une \u00e9cole d\u2019ing\u00e9nieur, la pr\u00e9pa ATS (admission technicien sup\u00e9rieur), ancien \u00e9l\u00e8ve de baccalaur\u00e9at professionnel. Le parcours de Rayan est riche et surtout d\u00e9montre qu\u2019un \u00e9l\u00e8ve de lyc\u00e9e professionnel peut envisager une belle poursuite d\u2019\u00e9tude. En effet, m\u00eame si le parcours de Rayan est atypique, il illustre n\u00e9anmoins qu\u2019avec de l\u2019engagement et de la volont\u00e9, il est possible de s\u2019inscrire dans une dynamique de r\u00e9ussite. Cette table ronde s\u2019est poursuivie avec l\u2019intervention de <strong>Fr\u00e9d\u00e9ric Vantouroux, Chef de mission parcours professionnel EDF &#8211; DPN &#8211; CNPE de Nogent Sur Seine<\/strong> qui a port\u00e9 nos regards vers la fili\u00e8re du nucl\u00e9aire. Le lyc\u00e9e est engag\u00e9 dans une coloration nucl\u00e9aire de ses fili\u00e8res m\u00e9tier de l\u2019\u00e9lectricit\u00e9 et des environnements connect\u00e9s, cela signifie que certains cours sont adapt\u00e9s afin de se projeter dans cet environnement a expliqu\u00e9 <strong>David Poujol<\/strong>, enseignant de la fili\u00e8re. Fr\u00e9d\u00e9ric Vantouroux a conclu en expliquant que le secteur du nucl\u00e9aire \u00e9tait porteur et avait besoin de recruter de mani\u00e8re cons\u00e9quente. Des vocations sont peut-\u00eatre en train de na\u00eetre&nbsp;!<\/p>\n\n\n\n<figure class=\"wp-block-image size-full\"><img loading=\"lazy\" decoding=\"async\" width=\"4602\" height=\"1966\" src=\"https:\/\/www.lyceelafayette.fr\/wp-content\/uploads\/2023\/11\/image-11.png\" alt=\"\" class=\"wp-image-6426\"\/><\/figure>\n\n\n\n<p>La fili\u00e8re de la <strong>productique<\/strong> a ensuite \u00e9t\u00e9 mise \u00e0 l\u2019honneur. La productique, qui peut se d\u00e9finir comme l&rsquo;int\u00e9gration de l&rsquo;informatique aux moyens de production, englobe \u00e9galement les techniques de manutention de poste \u00e0 poste, ou de machine \u00e0 machine, de machine \u00e0 magasin de stockage d&rsquo;en-cours ou de produits finis. <strong>H\u00e9l\u00e8ne Le Floch, Responsable de l\u2019administratif, de la comptabilit\u00e9 et des ressources humaines de l\u2019entreprise MECA DISTRIBUTION<\/strong> a introduit cette table ronde en pr\u00e9sentant son entreprise et a dress\u00e9 des perspectives en termes de recrutement notamment. Celles-ci sont tr\u00e8s int\u00e9ressantes, les besoins en recrutement sont cons\u00e9quents, et les \u00e9l\u00e8ves de lyc\u00e9e professionnel ont des profils particuli\u00e8rement recherch\u00e9s. <strong>Ir\u00e9na<\/strong>, \u00e9tudiante en apprentissage, a pr\u00e9sent\u00e9 son parcours avec beaucoup de dynamisme. Irina est notamment revenue sur la place des femmes dans ces fili\u00e8res majoritairement masculines. D\u00e9sormais, les femmes ont leur place dans ce secteur d\u2019activit\u00e9, m\u00eame dans les ateliers. En effet, la mixit\u00e9 apporte de la plus-value au sein des \u00e9quipes. <strong>J\u00e9r\u00e9my<\/strong>, \u00e9l\u00e8ve de baccalaur\u00e9at professionnel a \u00e9galement partag\u00e9 son parcours. Le lyc\u00e9e pro lui a permis de gagner en confiance en lui, car il aime ce qu\u2019il fait, et sait qu\u2019il va r\u00e9ussir. J\u00e9r\u00e9my est un \u00e9l\u00e8ve heureux&nbsp;! Enfin le professeur de la fili\u00e8re <strong>Karim Chekroune<\/strong> a expos\u00e9 les qualit\u00e9s n\u00e9cessaires afin de r\u00e9ussir son parcours&nbsp;: l\u00e0 aussi l\u2019engagement est important, mais les \u00e9l\u00e8ves travaillent \u00e9galement la pr\u00e9cision, la minutie, ce qui s\u2019apprend. Tous les \u00e9l\u00e8ves y ont donc toute leur place&nbsp;!<\/p>\n\n\n\n<figure class=\"wp-block-image size-full\"><img loading=\"lazy\" decoding=\"async\" width=\"5288\" height=\"3525\" src=\"https:\/\/www.lyceelafayette.fr\/wp-content\/uploads\/2023\/11\/image-12.png\" alt=\"\" class=\"wp-image-6427\"\/><\/figure>\n\n\n\n<p>Enfin, la table ronde autour de la <strong>cybers\u00e9curit\u00e9<\/strong> a d\u00e9but\u00e9 par une intervention de <strong>Patrick Maylaender<\/strong>, <strong>professeur<\/strong> afin qu\u2019il pr\u00e9sente ce domaine d\u2019activit\u00e9&nbsp;: la cybers\u00e9curit\u00e9 consiste \u00e0 prot\u00e9ger les syst\u00e8mes, les r\u00e9seaux et les programmes contre les attaques num\u00e9riques. Ces&nbsp;<a href=\"https:\/\/www.cisco.com\/site\/fr\/fr\/products\/security\/index.html\">cyberattaques<\/a>&nbsp;visent g\u00e9n\u00e9ralement \u00e0 acc\u00e9der \u00e0 des informations sensibles, \u00e0 les modifier ou \u00e0 les d\u00e9truire, \u00e0 extorquer de l&rsquo;argent aux utilisateurs, ou \u00e0 interrompre les processus normaux de l&rsquo;entreprise. En raison d\u2019un contexte tr\u00e8s \u00e9volutif, cette fili\u00e8re conna\u00eet de profondes mutations tr\u00e8s r\u00e9guli\u00e8rement. &nbsp;Cela implique que les r\u00e9f\u00e9rentiels de formations \u00e9voluent en permanence, ce qui nous demande de nous adapter a expliqu\u00e9 <strong>Alexandre Facchin professeur<\/strong>. D\u00e9sormais, les notions sont abord\u00e9es par le \u00ab faire&nbsp;\u00bb plut\u00f4t que par le \u00ab&nbsp;savoir&nbsp;\u00bb. <strong>Garance<\/strong>, <strong>\u00e9tudiante<\/strong>, a \u00e9galement expliqu\u00e9 que son engagement dans cette fili\u00e8re est une conjugaison de passion et d\u2019h\u00e9ritage familial. Garance est une \u00e9tudiante \u00e9panouie apr\u00e8s avoir \u00e9t\u00e9 une \u00e9l\u00e8ve peu motiv\u00e9e avant d\u2019obtenir son bac. <strong>Guillaume<\/strong> \u00e9l\u00e8ve de baccalaur\u00e9at t\u00e9moigne \u00e9galement&nbsp;: j\u2019aime ce que j\u2019apprends et je me sens bien dans ma fili\u00e8re. Guillaume envisage une poursuite d\u2019\u00e9tude. Enfin, <strong>le chef d\u2019escadron Thibaut Heckmann de l\u2019\u00e9cole des officiers de gendarmerie de Melun<\/strong> a apport\u00e9 son expertise dans le domaine&nbsp;: les enjeux sont nationaux et internationaux et la fili\u00e8re a besoin de personnels qualifi\u00e9s. Cette table ronde a \u00e9t\u00e9 l\u2019occasion pour le lyc\u00e9e d\u2019annoncer son futur partenariat avec l\u2019\u00e9cole des officiers de gendarmerie de Melun. Celui-ci se mat\u00e9rialisera par des conf\u00e9rences des experts de la cybers\u00e9curit\u00e9 pour les \u00e9tudiants, des immersions dans les locaux de la gendarmerie et des stages dans leurs structures. Cette collaboration, riche de promesses, permet \u00e9galement de valoriser l\u2019engagement citoyen des \u00e9l\u00e8ves, car les classes de BTS seront labellis\u00e9es classes de d\u00e9fense et de s\u00e9curit\u00e9 globale.<\/p>\n\n\n\n<figure class=\"wp-block-image size-full\"><img loading=\"lazy\" decoding=\"async\" width=\"5616\" height=\"2170\" src=\"https:\/\/www.lyceelafayette.fr\/wp-content\/uploads\/2023\/11\/image-14.png\" alt=\"\" class=\"wp-image-6430\"\/><\/figure>\n\n\n\n<p>Ces tables rondes ont \u00e9t\u00e9 conclues par l\u2019intervention de <strong>Michel Gonord, le maire de la ville de Champagne-Sur-Seine<\/strong>. Il a insist\u00e9 sur tout le b\u00e9n\u00e9fice qu\u2019il aurait pu tirer de ce type d\u2019\u00e9v\u00e9nement quand il \u00e9tait \u00e9l\u00e8ve.<\/p>\n\n\n\n<figure class=\"wp-block-image size-full\"><img loading=\"lazy\" decoding=\"async\" width=\"4239\" height=\"2385\" src=\"https:\/\/www.lyceelafayette.fr\/wp-content\/uploads\/2023\/11\/image-9.png\" alt=\"\" class=\"wp-image-6424\"\/><\/figure>\n\n\n\n<p>Le public a \u00e9t\u00e9 enchant\u00e9 de la richesse des \u00e9changes et de l\u2019engagement des \u00e9quipes au service de la r\u00e9ussite de chaque \u00e9l\u00e8ve. Le lyc\u00e9e vous accueille comme vous \u00eates&nbsp;! Rendez-vous pris pour l\u2019ann\u00e9e prochaine&nbsp;!<\/p>\n\n\n\n<p><strong>&nbsp;Le lyc\u00e9e la Fayette vous accueille pour les journ\u00e9es portes ouvertes le SAMEDI 3 FEVRIER 2024.<\/strong><\/p>\n","protected":false},"excerpt":{"rendered":"<p>Le vendredi 17 novembre, le lyc\u00e9e La Fayette organisait ses premi\u00e8res tables rondes de l\u2019industrie.<\/p>\n<p>Le public a pu \u00e9changer avec des professionnels, des professeurs et des \u00e9l\u00e8ves, \u00e9tudiants de diff\u00e9rents domaines. <a class=\"continue-reading-link\" href=\"https:\/\/www.lyceelafayette.fr\/index.php\/2023\/11\/27\/tables-rondes-de-lindustrie\/\">lire la suite<\/a><\/p>\n","protected":false},"author":8,"featured_media":6422,"comment_status":"closed","ping_status":"open","sticky":false,"template":"","format":"standard","meta":{"footnotes":""},"categories":[6,93,87,98,86,130],"tags":[29,20,75,33,132,19,131],"class_list":["post-6409","post","type-post","status-publish","format-standard","has-post-thumbnail","hentry","category-bts","category-formations","category-forum-sud-77","category-informations-generales","category-jpo","category-tables-rondes","tag-chantier","tag-electricite","tag-electrotechnique","tag-etudiants","tag-industries","tag-pro","tag-tables-rondes"],"yoast_head":"<!-- This site is optimized with the Yoast SEO plugin v27.5 - https:\/\/yoast.com\/product\/yoast-seo-wordpress\/ -->\n<title>Tables rondes de l\u2019industrie - Lyc\u00e9e La Fayette<\/title>\n<meta name=\"robots\" content=\"index, follow, max-snippet:-1, max-image-preview:large, max-video-preview:-1\" \/>\n<link rel=\"canonical\" href=\"https:\/\/www.lyceelafayette.fr\/index.php\/2023\/11\/27\/tables-rondes-de-lindustrie\/\" \/>\n<meta property=\"og:locale\" content=\"fr_FR\" \/>\n<meta property=\"og:type\" content=\"article\" \/>\n<meta property=\"og:title\" content=\"Tables rondes de l\u2019industrie - Lyc\u00e9e La Fayette\" \/>\n<meta property=\"og:description\" content=\"Le vendredi 17 novembre, le lyc\u00e9e La Fayette organisait ses premi\u00e8res tables rondes de l\u2019industrie. Le public a pu \u00e9changer avec des professionnels, des professeurs et des \u00e9l\u00e8ves, \u00e9tudiants de diff\u00e9rents domaines. lire la suite\" \/>\n<meta property=\"og:url\" content=\"https:\/\/www.lyceelafayette.fr\/index.php\/2023\/11\/27\/tables-rondes-de-lindustrie\/\" \/>\n<meta property=\"og:site_name\" content=\"Lyc\u00e9e La Fayette\" \/>\n<meta property=\"article:published_time\" content=\"2023-11-27T20:18:52+00:00\" \/>\n<meta property=\"article:modified_time\" content=\"2023-11-27T20:40:18+00:00\" \/>\n<meta property=\"og:image\" content=\"https:\/\/www.lyceelafayette.fr\/wp-content\/uploads\/2023\/11\/image-8.png\" \/>\n\t<meta property=\"og:image:width\" content=\"1633\" \/>\n\t<meta property=\"og:image:height\" content=\"458\" \/>\n\t<meta property=\"og:image:type\" content=\"image\/png\" \/>\n<meta name=\"author\" content=\"Alexandre Facchin\" \/>\n<meta name=\"twitter:card\" content=\"summary_large_image\" \/>\n<meta name=\"twitter:label1\" content=\"\u00c9crit par\" \/>\n\t<meta name=\"twitter:data1\" content=\"Alexandre Facchin\" \/>\n\t<meta name=\"twitter:label2\" content=\"Dur\u00e9e de lecture estim\u00e9e\" \/>\n\t<meta name=\"twitter:data2\" content=\"6 minutes\" \/>\n<script type=\"application\/ld+json\" class=\"yoast-schema-graph\">{\"@context\":\"https:\\\/\\\/schema.org\",\"@graph\":[{\"@type\":\"Article\",\"@id\":\"https:\\\/\\\/www.lyceelafayette.fr\\\/index.php\\\/2023\\\/11\\\/27\\\/tables-rondes-de-lindustrie\\\/#article\",\"isPartOf\":{\"@id\":\"https:\\\/\\\/www.lyceelafayette.fr\\\/index.php\\\/2023\\\/11\\\/27\\\/tables-rondes-de-lindustrie\\\/\"},\"author\":{\"name\":\"Alexandre Facchin\",\"@id\":\"https:\\\/\\\/www.lyceelafayette.fr\\\/#\\\/schema\\\/person\\\/ce6db8a1157d50329e1fd65f9a9b5df8\"},\"headline\":\"Tables rondes de l\u2019industrie\",\"datePublished\":\"2023-11-27T20:18:52+00:00\",\"dateModified\":\"2023-11-27T20:40:18+00:00\",\"mainEntityOfPage\":{\"@id\":\"https:\\\/\\\/www.lyceelafayette.fr\\\/index.php\\\/2023\\\/11\\\/27\\\/tables-rondes-de-lindustrie\\\/\"},\"wordCount\":1039,\"publisher\":{\"@id\":\"https:\\\/\\\/www.lyceelafayette.fr\\\/#organization\"},\"image\":{\"@id\":\"https:\\\/\\\/www.lyceelafayette.fr\\\/index.php\\\/2023\\\/11\\\/27\\\/tables-rondes-de-lindustrie\\\/#primaryimage\"},\"thumbnailUrl\":\"https:\\\/\\\/www.lyceelafayette.fr\\\/wp-content\\\/uploads\\\/2023\\\/11\\\/image-8.png\",\"keywords\":[\"chantier\",\"\u00e9lectricit\u00e9\",\"\u00e9lectrotechnique\",\"\u00e9tudiants\",\"industries\",\"PRO\",\"tables rondes\"],\"articleSection\":[\"BTS\",\"formations\",\"Forum sud 77\",\"Informations generales\",\"JPO\",\"Tables rondes\"],\"inLanguage\":\"fr-FR\"},{\"@type\":\"WebPage\",\"@id\":\"https:\\\/\\\/www.lyceelafayette.fr\\\/index.php\\\/2023\\\/11\\\/27\\\/tables-rondes-de-lindustrie\\\/\",\"url\":\"https:\\\/\\\/www.lyceelafayette.fr\\\/index.php\\\/2023\\\/11\\\/27\\\/tables-rondes-de-lindustrie\\\/\",\"name\":\"Tables rondes de l\u2019industrie - Lyc\u00e9e La Fayette\",\"isPartOf\":{\"@id\":\"https:\\\/\\\/www.lyceelafayette.fr\\\/#website\"},\"primaryImageOfPage\":{\"@id\":\"https:\\\/\\\/www.lyceelafayette.fr\\\/index.php\\\/2023\\\/11\\\/27\\\/tables-rondes-de-lindustrie\\\/#primaryimage\"},\"image\":{\"@id\":\"https:\\\/\\\/www.lyceelafayette.fr\\\/index.php\\\/2023\\\/11\\\/27\\\/tables-rondes-de-lindustrie\\\/#primaryimage\"},\"thumbnailUrl\":\"https:\\\/\\\/www.lyceelafayette.fr\\\/wp-content\\\/uploads\\\/2023\\\/11\\\/image-8.png\",\"datePublished\":\"2023-11-27T20:18:52+00:00\",\"dateModified\":\"2023-11-27T20:40:18+00:00\",\"breadcrumb\":{\"@id\":\"https:\\\/\\\/www.lyceelafayette.fr\\\/index.php\\\/2023\\\/11\\\/27\\\/tables-rondes-de-lindustrie\\\/#breadcrumb\"},\"inLanguage\":\"fr-FR\",\"potentialAction\":[{\"@type\":\"ReadAction\",\"target\":[\"https:\\\/\\\/www.lyceelafayette.fr\\\/index.php\\\/2023\\\/11\\\/27\\\/tables-rondes-de-lindustrie\\\/\"]}]},{\"@type\":\"ImageObject\",\"inLanguage\":\"fr-FR\",\"@id\":\"https:\\\/\\\/www.lyceelafayette.fr\\\/index.php\\\/2023\\\/11\\\/27\\\/tables-rondes-de-lindustrie\\\/#primaryimage\",\"url\":\"https:\\\/\\\/www.lyceelafayette.fr\\\/wp-content\\\/uploads\\\/2023\\\/11\\\/image-8.png\",\"contentUrl\":\"https:\\\/\\\/www.lyceelafayette.fr\\\/wp-content\\\/uploads\\\/2023\\\/11\\\/image-8.png\",\"width\":1633,\"height\":458},{\"@type\":\"BreadcrumbList\",\"@id\":\"https:\\\/\\\/www.lyceelafayette.fr\\\/index.php\\\/2023\\\/11\\\/27\\\/tables-rondes-de-lindustrie\\\/#breadcrumb\",\"itemListElement\":[{\"@type\":\"ListItem\",\"position\":1,\"name\":\"Accueil\",\"item\":\"https:\\\/\\\/www.lyceelafayette.fr\\\/\"},{\"@type\":\"ListItem\",\"position\":2,\"name\":\"Tables rondes de l\u2019industrie\"}]},{\"@type\":\"WebSite\",\"@id\":\"https:\\\/\\\/www.lyceelafayette.fr\\\/#website\",\"url\":\"https:\\\/\\\/www.lyceelafayette.fr\\\/\",\"name\":\"Lyc\u00e9e La Fayette\",\"description\":\"\",\"publisher\":{\"@id\":\"https:\\\/\\\/www.lyceelafayette.fr\\\/#organization\"},\"potentialAction\":[{\"@type\":\"SearchAction\",\"target\":{\"@type\":\"EntryPoint\",\"urlTemplate\":\"https:\\\/\\\/www.lyceelafayette.fr\\\/?s={search_term_string}\"},\"query-input\":{\"@type\":\"PropertyValueSpecification\",\"valueRequired\":true,\"valueName\":\"search_term_string\"}}],\"inLanguage\":\"fr-FR\"},{\"@type\":\"Organization\",\"@id\":\"https:\\\/\\\/www.lyceelafayette.fr\\\/#organization\",\"name\":\"Lyc\u00e9e La Fayette\",\"url\":\"https:\\\/\\\/www.lyceelafayette.fr\\\/\",\"logo\":{\"@type\":\"ImageObject\",\"inLanguage\":\"fr-FR\",\"@id\":\"https:\\\/\\\/www.lyceelafayette.fr\\\/#\\\/schema\\\/logo\\\/image\\\/\",\"url\":\"https:\\\/\\\/www.lyceelafayette.fr\\\/wp-content\\\/uploads\\\/2019\\\/06\\\/llf_logo_alpha.png\",\"contentUrl\":\"https:\\\/\\\/www.lyceelafayette.fr\\\/wp-content\\\/uploads\\\/2019\\\/06\\\/llf_logo_alpha.png\",\"width\":1583,\"height\":792,\"caption\":\"Lyc\u00e9e La Fayette\"},\"image\":{\"@id\":\"https:\\\/\\\/www.lyceelafayette.fr\\\/#\\\/schema\\\/logo\\\/image\\\/\"},\"sameAs\":[\"https:\\\/\\\/www.youtube.com\\\/channel\\\/UC2AOQowoMGBKdY4ToZsf9mw\"]},{\"@type\":\"Person\",\"@id\":\"https:\\\/\\\/www.lyceelafayette.fr\\\/#\\\/schema\\\/person\\\/ce6db8a1157d50329e1fd65f9a9b5df8\",\"name\":\"Alexandre Facchin\",\"image\":{\"@type\":\"ImageObject\",\"inLanguage\":\"fr-FR\",\"@id\":\"https:\\\/\\\/secure.gravatar.com\\\/avatar\\\/c94ab2db74f6be2880cb92feeab1c3c9a55baee6dab0b6f9fbb80e1bc3336b7a?s=96&d=blank&r=g\",\"url\":\"https:\\\/\\\/secure.gravatar.com\\\/avatar\\\/c94ab2db74f6be2880cb92feeab1c3c9a55baee6dab0b6f9fbb80e1bc3336b7a?s=96&d=blank&r=g\",\"contentUrl\":\"https:\\\/\\\/secure.gravatar.com\\\/avatar\\\/c94ab2db74f6be2880cb92feeab1c3c9a55baee6dab0b6f9fbb80e1bc3336b7a?s=96&d=blank&r=g\",\"caption\":\"Alexandre Facchin\"},\"url\":\"https:\\\/\\\/www.lyceelafayette.fr\\\/index.php\\\/author\\\/admin\\\/\"}]}<\/script>\n<!-- \/ Yoast SEO plugin. -->","yoast_head_json":{"title":"Tables rondes de l\u2019industrie - Lyc\u00e9e La Fayette","robots":{"index":"index","follow":"follow","max-snippet":"max-snippet:-1","max-image-preview":"max-image-preview:large","max-video-preview":"max-video-preview:-1"},"canonical":"https:\/\/www.lyceelafayette.fr\/index.php\/2023\/11\/27\/tables-rondes-de-lindustrie\/","og_locale":"fr_FR","og_type":"article","og_title":"Tables rondes de l\u2019industrie - Lyc\u00e9e La Fayette","og_description":"Le vendredi 17 novembre, le lyc\u00e9e La Fayette organisait ses premi\u00e8res tables rondes de l\u2019industrie. Le public a pu \u00e9changer avec des professionnels, des professeurs et des \u00e9l\u00e8ves, \u00e9tudiants de diff\u00e9rents domaines. lire la suite","og_url":"https:\/\/www.lyceelafayette.fr\/index.php\/2023\/11\/27\/tables-rondes-de-lindustrie\/","og_site_name":"Lyc\u00e9e La Fayette","article_published_time":"2023-11-27T20:18:52+00:00","article_modified_time":"2023-11-27T20:40:18+00:00","og_image":[{"width":1633,"height":458,"url":"https:\/\/www.lyceelafayette.fr\/wp-content\/uploads\/2023\/11\/image-8.png","type":"image\/png"}],"author":"Alexandre Facchin","twitter_card":"summary_large_image","twitter_misc":{"\u00c9crit par":"Alexandre Facchin","Dur\u00e9e de lecture estim\u00e9e":"6 minutes"},"schema":{"@context":"https:\/\/schema.org","@graph":[{"@type":"Article","@id":"https:\/\/www.lyceelafayette.fr\/index.php\/2023\/11\/27\/tables-rondes-de-lindustrie\/#article","isPartOf":{"@id":"https:\/\/www.lyceelafayette.fr\/index.php\/2023\/11\/27\/tables-rondes-de-lindustrie\/"},"author":{"name":"Alexandre Facchin","@id":"https:\/\/www.lyceelafayette.fr\/#\/schema\/person\/ce6db8a1157d50329e1fd65f9a9b5df8"},"headline":"Tables rondes de l\u2019industrie","datePublished":"2023-11-27T20:18:52+00:00","dateModified":"2023-11-27T20:40:18+00:00","mainEntityOfPage":{"@id":"https:\/\/www.lyceelafayette.fr\/index.php\/2023\/11\/27\/tables-rondes-de-lindustrie\/"},"wordCount":1039,"publisher":{"@id":"https:\/\/www.lyceelafayette.fr\/#organization"},"image":{"@id":"https:\/\/www.lyceelafayette.fr\/index.php\/2023\/11\/27\/tables-rondes-de-lindustrie\/#primaryimage"},"thumbnailUrl":"https:\/\/www.lyceelafayette.fr\/wp-content\/uploads\/2023\/11\/image-8.png","keywords":["chantier","\u00e9lectricit\u00e9","\u00e9lectrotechnique","\u00e9tudiants","industries","PRO","tables rondes"],"articleSection":["BTS","formations","Forum sud 77","Informations generales","JPO","Tables rondes"],"inLanguage":"fr-FR"},{"@type":"WebPage","@id":"https:\/\/www.lyceelafayette.fr\/index.php\/2023\/11\/27\/tables-rondes-de-lindustrie\/","url":"https:\/\/www.lyceelafayette.fr\/index.php\/2023\/11\/27\/tables-rondes-de-lindustrie\/","name":"Tables rondes de l\u2019industrie - Lyc\u00e9e La Fayette","isPartOf":{"@id":"https:\/\/www.lyceelafayette.fr\/#website"},"primaryImageOfPage":{"@id":"https:\/\/www.lyceelafayette.fr\/index.php\/2023\/11\/27\/tables-rondes-de-lindustrie\/#primaryimage"},"image":{"@id":"https:\/\/www.lyceelafayette.fr\/index.php\/2023\/11\/27\/tables-rondes-de-lindustrie\/#primaryimage"},"thumbnailUrl":"https:\/\/www.lyceelafayette.fr\/wp-content\/uploads\/2023\/11\/image-8.png","datePublished":"2023-11-27T20:18:52+00:00","dateModified":"2023-11-27T20:40:18+00:00","breadcrumb":{"@id":"https:\/\/www.lyceelafayette.fr\/index.php\/2023\/11\/27\/tables-rondes-de-lindustrie\/#breadcrumb"},"inLanguage":"fr-FR","potentialAction":[{"@type":"ReadAction","target":["https:\/\/www.lyceelafayette.fr\/index.php\/2023\/11\/27\/tables-rondes-de-lindustrie\/"]}]},{"@type":"ImageObject","inLanguage":"fr-FR","@id":"https:\/\/www.lyceelafayette.fr\/index.php\/2023\/11\/27\/tables-rondes-de-lindustrie\/#primaryimage","url":"https:\/\/www.lyceelafayette.fr\/wp-content\/uploads\/2023\/11\/image-8.png","contentUrl":"https:\/\/www.lyceelafayette.fr\/wp-content\/uploads\/2023\/11\/image-8.png","width":1633,"height":458},{"@type":"BreadcrumbList","@id":"https:\/\/www.lyceelafayette.fr\/index.php\/2023\/11\/27\/tables-rondes-de-lindustrie\/#breadcrumb","itemListElement":[{"@type":"ListItem","position":1,"name":"Accueil","item":"https:\/\/www.lyceelafayette.fr\/"},{"@type":"ListItem","position":2,"name":"Tables rondes de l\u2019industrie"}]},{"@type":"WebSite","@id":"https:\/\/www.lyceelafayette.fr\/#website","url":"https:\/\/www.lyceelafayette.fr\/","name":"Lyc\u00e9e La Fayette","description":"","publisher":{"@id":"https:\/\/www.lyceelafayette.fr\/#organization"},"potentialAction":[{"@type":"SearchAction","target":{"@type":"EntryPoint","urlTemplate":"https:\/\/www.lyceelafayette.fr\/?s={search_term_string}"},"query-input":{"@type":"PropertyValueSpecification","valueRequired":true,"valueName":"search_term_string"}}],"inLanguage":"fr-FR"},{"@type":"Organization","@id":"https:\/\/www.lyceelafayette.fr\/#organization","name":"Lyc\u00e9e La Fayette","url":"https:\/\/www.lyceelafayette.fr\/","logo":{"@type":"ImageObject","inLanguage":"fr-FR","@id":"https:\/\/www.lyceelafayette.fr\/#\/schema\/logo\/image\/","url":"https:\/\/www.lyceelafayette.fr\/wp-content\/uploads\/2019\/06\/llf_logo_alpha.png","contentUrl":"https:\/\/www.lyceelafayette.fr\/wp-content\/uploads\/2019\/06\/llf_logo_alpha.png","width":1583,"height":792,"caption":"Lyc\u00e9e La Fayette"},"image":{"@id":"https:\/\/www.lyceelafayette.fr\/#\/schema\/logo\/image\/"},"sameAs":["https:\/\/www.youtube.com\/channel\/UC2AOQowoMGBKdY4ToZsf9mw"]},{"@type":"Person","@id":"https:\/\/www.lyceelafayette.fr\/#\/schema\/person\/ce6db8a1157d50329e1fd65f9a9b5df8","name":"Alexandre Facchin","image":{"@type":"ImageObject","inLanguage":"fr-FR","@id":"https:\/\/secure.gravatar.com\/avatar\/c94ab2db74f6be2880cb92feeab1c3c9a55baee6dab0b6f9fbb80e1bc3336b7a?s=96&d=blank&r=g","url":"https:\/\/secure.gravatar.com\/avatar\/c94ab2db74f6be2880cb92feeab1c3c9a55baee6dab0b6f9fbb80e1bc3336b7a?s=96&d=blank&r=g","contentUrl":"https:\/\/secure.gravatar.com\/avatar\/c94ab2db74f6be2880cb92feeab1c3c9a55baee6dab0b6f9fbb80e1bc3336b7a?s=96&d=blank&r=g","caption":"Alexandre Facchin"},"url":"https:\/\/www.lyceelafayette.fr\/index.php\/author\/admin\/"}]}},"_links":{"self":[{"href":"https:\/\/www.lyceelafayette.fr\/index.php\/wp-json\/wp\/v2\/posts\/6409","targetHints":{"allow":["GET"]}}],"collection":[{"href":"https:\/\/www.lyceelafayette.fr\/index.php\/wp-json\/wp\/v2\/posts"}],"about":[{"href":"https:\/\/www.lyceelafayette.fr\/index.php\/wp-json\/wp\/v2\/types\/post"}],"author":[{"embeddable":true,"href":"https:\/\/www.lyceelafayette.fr\/index.php\/wp-json\/wp\/v2\/users\/8"}],"replies":[{"embeddable":true,"href":"https:\/\/www.lyceelafayette.fr\/index.php\/wp-json\/wp\/v2\/comments?post=6409"}],"version-history":[{"count":7,"href":"https:\/\/www.lyceelafayette.fr\/index.php\/wp-json\/wp\/v2\/posts\/6409\/revisions"}],"predecessor-version":[{"id":6432,"href":"https:\/\/www.lyceelafayette.fr\/index.php\/wp-json\/wp\/v2\/posts\/6409\/revisions\/6432"}],"wp:featuredmedia":[{"embeddable":true,"href":"https:\/\/www.lyceelafayette.fr\/index.php\/wp-json\/wp\/v2\/media\/6422"}],"wp:attachment":[{"href":"https:\/\/www.lyceelafayette.fr\/index.php\/wp-json\/wp\/v2\/media?parent=6409"}],"wp:term":[{"taxonomy":"category","embeddable":true,"href":"https:\/\/www.lyceelafayette.fr\/index.php\/wp-json\/wp\/v2\/categories?post=6409"},{"taxonomy":"post_tag","embeddable":true,"href":"https:\/\/www.lyceelafayette.fr\/index.php\/wp-json\/wp\/v2\/tags?post=6409"}],"curies":[{"name":"wp","href":"https:\/\/api.w.org\/{rel}","templated":true}]}}