{"id":6272,"date":"2023-05-16T15:14:57","date_gmt":"2023-05-16T13:14:57","guid":{"rendered":"https:\/\/www.lyceelafayette.fr\/?p=6272"},"modified":"2023-05-16T15:14:57","modified_gmt":"2023-05-16T13:14:57","slug":"la-fayette-a-lopera-garnier","status":"publish","type":"post","link":"https:\/\/www.lyceelafayette.fr\/index.php\/2023\/05\/16\/la-fayette-a-lopera-garnier\/","title":{"rendered":"La Fayette \u00e0 l&rsquo;op\u00e9ra Garnier"},"content":{"rendered":"\n<p>Les \u00e9l\u00e8ves des classes de 2CAPEPC\u00a0et de\u00a0\u00a02MBBE3\u00a0ont visit\u00e9 l&rsquo;op\u00e9ra Garnier vendredi 14 avril\u00a02023. Cette visite a eu lieu dans le cadre du projet \u00ab\u00a0Les concerts de poche\u00a0\u00bb dont l&rsquo;objectif est de donner acc\u00e8s \u00e0 la culture musicale classique \u00e0 un public n\u00e9ophyte.\u00a0<strong>Mardi 23 mai 2023, ces \u00e9l\u00e8ves vont eux-m\u00eame devenir des artistes&#8230;<\/strong><\/p>\n\n\n\n<p class=\"has-text-align-center\"><strong>Venez nombreux les soutenir \u00e0 Villemer !<\/strong><\/p>\n\n\n\n<figure class=\"wp-block-gallery has-nested-images columns-default is-cropped wp-block-gallery-1 is-layout-flex wp-block-gallery-is-layout-flex\">\n<figure class=\"wp-block-image size-large\"><img loading=\"lazy\" decoding=\"async\" width=\"768\" height=\"1024\" data-id=\"6274\" src=\"https:\/\/www.lyceelafayette.fr\/wp-content\/uploads\/2023\/05\/IMG-7752-768x1024.jpeg\" alt=\"\" class=\"wp-image-6274\" srcset=\"https:\/\/www.lyceelafayette.fr\/wp-content\/uploads\/2023\/05\/IMG-7752-768x1024.jpeg 768w, https:\/\/www.lyceelafayette.fr\/wp-content\/uploads\/2023\/05\/IMG-7752-225x300.jpeg 225w, https:\/\/www.lyceelafayette.fr\/wp-content\/uploads\/2023\/05\/IMG-7752-1152x1536.jpeg 1152w, https:\/\/www.lyceelafayette.fr\/wp-content\/uploads\/2023\/05\/IMG-7752-1536x2048.jpeg 1536w, https:\/\/www.lyceelafayette.fr\/wp-content\/uploads\/2023\/05\/IMG-7752-113x150.jpeg 113w, https:\/\/www.lyceelafayette.fr\/wp-content\/uploads\/2023\/05\/IMG-7752-scaled.jpeg 1920w\" sizes=\"auto, (max-width: 768px) 100vw, 768px\" \/><\/figure>\n\n\n\n<figure class=\"wp-block-image size-large\"><img loading=\"lazy\" decoding=\"async\" width=\"696\" height=\"1024\" data-id=\"6275\" src=\"https:\/\/www.lyceelafayette.fr\/wp-content\/uploads\/2023\/05\/IMG-7766-696x1024.jpeg\" alt=\"\" class=\"wp-image-6275\" srcset=\"https:\/\/www.lyceelafayette.fr\/wp-content\/uploads\/2023\/05\/IMG-7766-696x1024.jpeg 696w, https:\/\/www.lyceelafayette.fr\/wp-content\/uploads\/2023\/05\/IMG-7766-204x300.jpeg 204w, https:\/\/www.lyceelafayette.fr\/wp-content\/uploads\/2023\/05\/IMG-7766-768x1130.jpeg 768w, https:\/\/www.lyceelafayette.fr\/wp-content\/uploads\/2023\/05\/IMG-7766-1044x1536.jpeg 1044w, https:\/\/www.lyceelafayette.fr\/wp-content\/uploads\/2023\/05\/IMG-7766-1392x2048.jpeg 1392w, https:\/\/www.lyceelafayette.fr\/wp-content\/uploads\/2023\/05\/IMG-7766-102x150.jpeg 102w, https:\/\/www.lyceelafayette.fr\/wp-content\/uploads\/2023\/05\/IMG-7766-scaled.jpeg 1740w\" sizes=\"auto, (max-width: 696px) 100vw, 696px\" \/><\/figure>\n<\/figure>\n\n\n\n<figure class=\"wp-block-image size-large\"><img loading=\"lazy\" decoding=\"async\" width=\"694\" height=\"1024\" src=\"https:\/\/www.lyceelafayette.fr\/wp-content\/uploads\/2023\/05\/PHOTO-2023-05-12-15-18-38-694x1024.jpg\" alt=\"\" class=\"wp-image-6273\" srcset=\"https:\/\/www.lyceelafayette.fr\/wp-content\/uploads\/2023\/05\/PHOTO-2023-05-12-15-18-38-694x1024.jpg 694w, https:\/\/www.lyceelafayette.fr\/wp-content\/uploads\/2023\/05\/PHOTO-2023-05-12-15-18-38-203x300.jpg 203w, https:\/\/www.lyceelafayette.fr\/wp-content\/uploads\/2023\/05\/PHOTO-2023-05-12-15-18-38-768x1134.jpg 768w, https:\/\/www.lyceelafayette.fr\/wp-content\/uploads\/2023\/05\/PHOTO-2023-05-12-15-18-38-1041x1536.jpg 1041w, https:\/\/www.lyceelafayette.fr\/wp-content\/uploads\/2023\/05\/PHOTO-2023-05-12-15-18-38-102x150.jpg 102w, https:\/\/www.lyceelafayette.fr\/wp-content\/uploads\/2023\/05\/PHOTO-2023-05-12-15-18-38.jpg 1084w\" sizes=\"auto, (max-width: 694px) 100vw, 694px\" \/><\/figure>\n","protected":false},"excerpt":{"rendered":"<p>Les \u00e9l\u00e8ves des classes de 2CAPEPC\u00a0et de\u00a0\u00a02MBBE3\u00a0ont visit\u00e9 l&rsquo;op\u00e9ra Garnier vendredi 14 avril\u00a02023. Cette visite a eu lieu dans le cadre du projet \u00ab\u00a0Les concerts de poche\u00a0\u00bb dont l&rsquo;objectif est de donner acc\u00e8s \u00e0 la culture musicale classique \u00e0 un public n\u00e9ophyte.\u00a0Mardi 23 mai 2023, ces \u00e9l\u00e8ves vont eux-m\u00eame devenir&#8230; <a class=\"continue-reading-link\" href=\"https:\/\/www.lyceelafayette.fr\/index.php\/2023\/05\/16\/la-fayette-a-lopera-garnier\/\">lire la suite<\/a><\/p>\n","protected":false},"author":8,"featured_media":6275,"comment_status":"closed","ping_status":"open","sticky":false,"template":"","format":"standard","meta":{"footnotes":""},"categories":[5],"tags":[129,128,18,19],"class_list":["post-6272","post","type-post","status-publish","format-standard","has-post-thumbnail","hentry","category-sorties","tag-129","tag-2mbbe","tag-cap","tag-pro"],"yoast_head":"<!-- This site is optimized with the Yoast SEO plugin v27.5 - https:\/\/yoast.com\/product\/yoast-seo-wordpress\/ -->\n<title>La Fayette \u00e0 l&#039;op\u00e9ra Garnier - Lyc\u00e9e La Fayette<\/title>\n<meta name=\"description\" content=\"La Fayette \u00e0 l&#039;op\u00e9ra Garnier \u00e9l\u00e8ves des classes de 2CAPEPC\u00a0et de\u00a0\u00a02MBBE3 &quot;Les concerts de poche&quot; dont l&#039;objectif est de donner acc\u00e8s \u00e0 la culture musicale classique \u00e0 un public n\u00e9ophyte\" \/>\n<meta name=\"robots\" content=\"index, follow, max-snippet:-1, max-image-preview:large, max-video-preview:-1\" \/>\n<link rel=\"canonical\" href=\"https:\/\/www.lyceelafayette.fr\/index.php\/2023\/05\/16\/la-fayette-a-lopera-garnier\/\" \/>\n<meta property=\"og:locale\" content=\"fr_FR\" \/>\n<meta property=\"og:type\" content=\"article\" \/>\n<meta property=\"og:title\" content=\"La Fayette \u00e0 l&#039;op\u00e9ra Garnier - Lyc\u00e9e La Fayette\" \/>\n<meta property=\"og:description\" content=\"La Fayette \u00e0 l&#039;op\u00e9ra Garnier \u00e9l\u00e8ves des classes de 2CAPEPC\u00a0et de\u00a0\u00a02MBBE3 &quot;Les concerts de poche&quot; dont l&#039;objectif est de donner acc\u00e8s \u00e0 la culture musicale classique \u00e0 un public n\u00e9ophyte\" \/>\n<meta property=\"og:url\" content=\"https:\/\/www.lyceelafayette.fr\/index.php\/2023\/05\/16\/la-fayette-a-lopera-garnier\/\" \/>\n<meta property=\"og:site_name\" content=\"Lyc\u00e9e La Fayette\" \/>\n<meta property=\"article:published_time\" content=\"2023-05-16T13:14:57+00:00\" \/>\n<meta property=\"og:image\" content=\"https:\/\/www.lyceelafayette.fr\/wp-content\/uploads\/2023\/05\/IMG-7766-scaled.jpeg\" \/>\n\t<meta property=\"og:image:width\" content=\"1740\" \/>\n\t<meta property=\"og:image:height\" content=\"2560\" \/>\n\t<meta property=\"og:image:type\" content=\"image\/jpeg\" \/>\n<meta name=\"author\" content=\"Alexandre Facchin\" \/>\n<meta name=\"twitter:card\" content=\"summary_large_image\" \/>\n<meta name=\"twitter:label1\" content=\"\u00c9crit par\" \/>\n\t<meta name=\"twitter:data1\" content=\"Alexandre Facchin\" \/>\n\t<meta name=\"twitter:label2\" content=\"Dur\u00e9e de lecture estim\u00e9e\" \/>\n\t<meta name=\"twitter:data2\" content=\"1 minute\" \/>\n<script type=\"application\/ld+json\" class=\"yoast-schema-graph\">{\"@context\":\"https:\\\/\\\/schema.org\",\"@graph\":[{\"@type\":\"Article\",\"@id\":\"https:\\\/\\\/www.lyceelafayette.fr\\\/index.php\\\/2023\\\/05\\\/16\\\/la-fayette-a-lopera-garnier\\\/#article\",\"isPartOf\":{\"@id\":\"https:\\\/\\\/www.lyceelafayette.fr\\\/index.php\\\/2023\\\/05\\\/16\\\/la-fayette-a-lopera-garnier\\\/\"},\"author\":{\"name\":\"Alexandre Facchin\",\"@id\":\"https:\\\/\\\/www.lyceelafayette.fr\\\/#\\\/schema\\\/person\\\/ce6db8a1157d50329e1fd65f9a9b5df8\"},\"headline\":\"La Fayette \u00e0 l&rsquo;op\u00e9ra Garnier\",\"datePublished\":\"2023-05-16T13:14:57+00:00\",\"mainEntityOfPage\":{\"@id\":\"https:\\\/\\\/www.lyceelafayette.fr\\\/index.php\\\/2023\\\/05\\\/16\\\/la-fayette-a-lopera-garnier\\\/\"},\"wordCount\":70,\"publisher\":{\"@id\":\"https:\\\/\\\/www.lyceelafayette.fr\\\/#organization\"},\"image\":{\"@id\":\"https:\\\/\\\/www.lyceelafayette.fr\\\/index.php\\\/2023\\\/05\\\/16\\\/la-fayette-a-lopera-garnier\\\/#primaryimage\"},\"thumbnailUrl\":\"https:\\\/\\\/www.lyceelafayette.fr\\\/wp-content\\\/uploads\\\/2023\\\/05\\\/IMG-7766-scaled.jpeg\",\"keywords\":[\"2023\",\"2MBBE\",\"CAP\",\"PRO\"],\"articleSection\":[\"sorties\"],\"inLanguage\":\"fr-FR\"},{\"@type\":\"WebPage\",\"@id\":\"https:\\\/\\\/www.lyceelafayette.fr\\\/index.php\\\/2023\\\/05\\\/16\\\/la-fayette-a-lopera-garnier\\\/\",\"url\":\"https:\\\/\\\/www.lyceelafayette.fr\\\/index.php\\\/2023\\\/05\\\/16\\\/la-fayette-a-lopera-garnier\\\/\",\"name\":\"La Fayette \u00e0 l'op\u00e9ra Garnier - Lyc\u00e9e La Fayette\",\"isPartOf\":{\"@id\":\"https:\\\/\\\/www.lyceelafayette.fr\\\/#website\"},\"primaryImageOfPage\":{\"@id\":\"https:\\\/\\\/www.lyceelafayette.fr\\\/index.php\\\/2023\\\/05\\\/16\\\/la-fayette-a-lopera-garnier\\\/#primaryimage\"},\"image\":{\"@id\":\"https:\\\/\\\/www.lyceelafayette.fr\\\/index.php\\\/2023\\\/05\\\/16\\\/la-fayette-a-lopera-garnier\\\/#primaryimage\"},\"thumbnailUrl\":\"https:\\\/\\\/www.lyceelafayette.fr\\\/wp-content\\\/uploads\\\/2023\\\/05\\\/IMG-7766-scaled.jpeg\",\"datePublished\":\"2023-05-16T13:14:57+00:00\",\"description\":\"La Fayette \u00e0 l'op\u00e9ra Garnier \u00e9l\u00e8ves des classes de 2CAPEPC\u00a0et de\u00a0\u00a02MBBE3 \\\"Les concerts de poche\\\" dont l'objectif est de donner acc\u00e8s \u00e0 la culture musicale classique \u00e0 un public n\u00e9ophyte\",\"breadcrumb\":{\"@id\":\"https:\\\/\\\/www.lyceelafayette.fr\\\/index.php\\\/2023\\\/05\\\/16\\\/la-fayette-a-lopera-garnier\\\/#breadcrumb\"},\"inLanguage\":\"fr-FR\",\"potentialAction\":[{\"@type\":\"ReadAction\",\"target\":[\"https:\\\/\\\/www.lyceelafayette.fr\\\/index.php\\\/2023\\\/05\\\/16\\\/la-fayette-a-lopera-garnier\\\/\"]}]},{\"@type\":\"ImageObject\",\"inLanguage\":\"fr-FR\",\"@id\":\"https:\\\/\\\/www.lyceelafayette.fr\\\/index.php\\\/2023\\\/05\\\/16\\\/la-fayette-a-lopera-garnier\\\/#primaryimage\",\"url\":\"https:\\\/\\\/www.lyceelafayette.fr\\\/wp-content\\\/uploads\\\/2023\\\/05\\\/IMG-7766-scaled.jpeg\",\"contentUrl\":\"https:\\\/\\\/www.lyceelafayette.fr\\\/wp-content\\\/uploads\\\/2023\\\/05\\\/IMG-7766-scaled.jpeg\",\"width\":1740,\"height\":2560},{\"@type\":\"BreadcrumbList\",\"@id\":\"https:\\\/\\\/www.lyceelafayette.fr\\\/index.php\\\/2023\\\/05\\\/16\\\/la-fayette-a-lopera-garnier\\\/#breadcrumb\",\"itemListElement\":[{\"@type\":\"ListItem\",\"position\":1,\"name\":\"Accueil\",\"item\":\"https:\\\/\\\/www.lyceelafayette.fr\\\/\"},{\"@type\":\"ListItem\",\"position\":2,\"name\":\"La Fayette \u00e0 l&rsquo;op\u00e9ra Garnier\"}]},{\"@type\":\"WebSite\",\"@id\":\"https:\\\/\\\/www.lyceelafayette.fr\\\/#website\",\"url\":\"https:\\\/\\\/www.lyceelafayette.fr\\\/\",\"name\":\"Lyc\u00e9e La Fayette\",\"description\":\"\",\"publisher\":{\"@id\":\"https:\\\/\\\/www.lyceelafayette.fr\\\/#organization\"},\"potentialAction\":[{\"@type\":\"SearchAction\",\"target\":{\"@type\":\"EntryPoint\",\"urlTemplate\":\"https:\\\/\\\/www.lyceelafayette.fr\\\/?s={search_term_string}\"},\"query-input\":{\"@type\":\"PropertyValueSpecification\",\"valueRequired\":true,\"valueName\":\"search_term_string\"}}],\"inLanguage\":\"fr-FR\"},{\"@type\":\"Organization\",\"@id\":\"https:\\\/\\\/www.lyceelafayette.fr\\\/#organization\",\"name\":\"Lyc\u00e9e La Fayette\",\"url\":\"https:\\\/\\\/www.lyceelafayette.fr\\\/\",\"logo\":{\"@type\":\"ImageObject\",\"inLanguage\":\"fr-FR\",\"@id\":\"https:\\\/\\\/www.lyceelafayette.fr\\\/#\\\/schema\\\/logo\\\/image\\\/\",\"url\":\"https:\\\/\\\/www.lyceelafayette.fr\\\/wp-content\\\/uploads\\\/2019\\\/06\\\/llf_logo_alpha.png\",\"contentUrl\":\"https:\\\/\\\/www.lyceelafayette.fr\\\/wp-content\\\/uploads\\\/2019\\\/06\\\/llf_logo_alpha.png\",\"width\":1583,\"height\":792,\"caption\":\"Lyc\u00e9e La Fayette\"},\"image\":{\"@id\":\"https:\\\/\\\/www.lyceelafayette.fr\\\/#\\\/schema\\\/logo\\\/image\\\/\"},\"sameAs\":[\"https:\\\/\\\/www.youtube.com\\\/channel\\\/UC2AOQowoMGBKdY4ToZsf9mw\"]},{\"@type\":\"Person\",\"@id\":\"https:\\\/\\\/www.lyceelafayette.fr\\\/#\\\/schema\\\/person\\\/ce6db8a1157d50329e1fd65f9a9b5df8\",\"name\":\"Alexandre Facchin\",\"image\":{\"@type\":\"ImageObject\",\"inLanguage\":\"fr-FR\",\"@id\":\"https:\\\/\\\/secure.gravatar.com\\\/avatar\\\/c94ab2db74f6be2880cb92feeab1c3c9a55baee6dab0b6f9fbb80e1bc3336b7a?s=96&d=blank&r=g\",\"url\":\"https:\\\/\\\/secure.gravatar.com\\\/avatar\\\/c94ab2db74f6be2880cb92feeab1c3c9a55baee6dab0b6f9fbb80e1bc3336b7a?s=96&d=blank&r=g\",\"contentUrl\":\"https:\\\/\\\/secure.gravatar.com\\\/avatar\\\/c94ab2db74f6be2880cb92feeab1c3c9a55baee6dab0b6f9fbb80e1bc3336b7a?s=96&d=blank&r=g\",\"caption\":\"Alexandre Facchin\"},\"url\":\"https:\\\/\\\/www.lyceelafayette.fr\\\/index.php\\\/author\\\/admin\\\/\"}]}<\/script>\n<!-- \/ Yoast SEO plugin. -->","yoast_head_json":{"title":"La Fayette \u00e0 l'op\u00e9ra Garnier - Lyc\u00e9e La Fayette","description":"La Fayette \u00e0 l'op\u00e9ra Garnier \u00e9l\u00e8ves des classes de 2CAPEPC\u00a0et de\u00a0\u00a02MBBE3 \"Les concerts de poche\" dont l'objectif est de donner acc\u00e8s \u00e0 la culture musicale classique \u00e0 un public n\u00e9ophyte","robots":{"index":"index","follow":"follow","max-snippet":"max-snippet:-1","max-image-preview":"max-image-preview:large","max-video-preview":"max-video-preview:-1"},"canonical":"https:\/\/www.lyceelafayette.fr\/index.php\/2023\/05\/16\/la-fayette-a-lopera-garnier\/","og_locale":"fr_FR","og_type":"article","og_title":"La Fayette \u00e0 l'op\u00e9ra Garnier - Lyc\u00e9e La Fayette","og_description":"La Fayette \u00e0 l'op\u00e9ra Garnier \u00e9l\u00e8ves des classes de 2CAPEPC\u00a0et de\u00a0\u00a02MBBE3 \"Les concerts de poche\" dont l'objectif est de donner acc\u00e8s \u00e0 la culture musicale classique \u00e0 un public n\u00e9ophyte","og_url":"https:\/\/www.lyceelafayette.fr\/index.php\/2023\/05\/16\/la-fayette-a-lopera-garnier\/","og_site_name":"Lyc\u00e9e La Fayette","article_published_time":"2023-05-16T13:14:57+00:00","og_image":[{"width":1740,"height":2560,"url":"https:\/\/www.lyceelafayette.fr\/wp-content\/uploads\/2023\/05\/IMG-7766-scaled.jpeg","type":"image\/jpeg"}],"author":"Alexandre Facchin","twitter_card":"summary_large_image","twitter_misc":{"\u00c9crit par":"Alexandre Facchin","Dur\u00e9e de lecture estim\u00e9e":"1 minute"},"schema":{"@context":"https:\/\/schema.org","@graph":[{"@type":"Article","@id":"https:\/\/www.lyceelafayette.fr\/index.php\/2023\/05\/16\/la-fayette-a-lopera-garnier\/#article","isPartOf":{"@id":"https:\/\/www.lyceelafayette.fr\/index.php\/2023\/05\/16\/la-fayette-a-lopera-garnier\/"},"author":{"name":"Alexandre Facchin","@id":"https:\/\/www.lyceelafayette.fr\/#\/schema\/person\/ce6db8a1157d50329e1fd65f9a9b5df8"},"headline":"La Fayette \u00e0 l&rsquo;op\u00e9ra Garnier","datePublished":"2023-05-16T13:14:57+00:00","mainEntityOfPage":{"@id":"https:\/\/www.lyceelafayette.fr\/index.php\/2023\/05\/16\/la-fayette-a-lopera-garnier\/"},"wordCount":70,"publisher":{"@id":"https:\/\/www.lyceelafayette.fr\/#organization"},"image":{"@id":"https:\/\/www.lyceelafayette.fr\/index.php\/2023\/05\/16\/la-fayette-a-lopera-garnier\/#primaryimage"},"thumbnailUrl":"https:\/\/www.lyceelafayette.fr\/wp-content\/uploads\/2023\/05\/IMG-7766-scaled.jpeg","keywords":["2023","2MBBE","CAP","PRO"],"articleSection":["sorties"],"inLanguage":"fr-FR"},{"@type":"WebPage","@id":"https:\/\/www.lyceelafayette.fr\/index.php\/2023\/05\/16\/la-fayette-a-lopera-garnier\/","url":"https:\/\/www.lyceelafayette.fr\/index.php\/2023\/05\/16\/la-fayette-a-lopera-garnier\/","name":"La Fayette \u00e0 l'op\u00e9ra Garnier - Lyc\u00e9e La Fayette","isPartOf":{"@id":"https:\/\/www.lyceelafayette.fr\/#website"},"primaryImageOfPage":{"@id":"https:\/\/www.lyceelafayette.fr\/index.php\/2023\/05\/16\/la-fayette-a-lopera-garnier\/#primaryimage"},"image":{"@id":"https:\/\/www.lyceelafayette.fr\/index.php\/2023\/05\/16\/la-fayette-a-lopera-garnier\/#primaryimage"},"thumbnailUrl":"https:\/\/www.lyceelafayette.fr\/wp-content\/uploads\/2023\/05\/IMG-7766-scaled.jpeg","datePublished":"2023-05-16T13:14:57+00:00","description":"La Fayette \u00e0 l'op\u00e9ra Garnier \u00e9l\u00e8ves des classes de 2CAPEPC\u00a0et de\u00a0\u00a02MBBE3 \"Les concerts de poche\" dont l'objectif est de donner acc\u00e8s \u00e0 la culture musicale classique \u00e0 un public n\u00e9ophyte","breadcrumb":{"@id":"https:\/\/www.lyceelafayette.fr\/index.php\/2023\/05\/16\/la-fayette-a-lopera-garnier\/#breadcrumb"},"inLanguage":"fr-FR","potentialAction":[{"@type":"ReadAction","target":["https:\/\/www.lyceelafayette.fr\/index.php\/2023\/05\/16\/la-fayette-a-lopera-garnier\/"]}]},{"@type":"ImageObject","inLanguage":"fr-FR","@id":"https:\/\/www.lyceelafayette.fr\/index.php\/2023\/05\/16\/la-fayette-a-lopera-garnier\/#primaryimage","url":"https:\/\/www.lyceelafayette.fr\/wp-content\/uploads\/2023\/05\/IMG-7766-scaled.jpeg","contentUrl":"https:\/\/www.lyceelafayette.fr\/wp-content\/uploads\/2023\/05\/IMG-7766-scaled.jpeg","width":1740,"height":2560},{"@type":"BreadcrumbList","@id":"https:\/\/www.lyceelafayette.fr\/index.php\/2023\/05\/16\/la-fayette-a-lopera-garnier\/#breadcrumb","itemListElement":[{"@type":"ListItem","position":1,"name":"Accueil","item":"https:\/\/www.lyceelafayette.fr\/"},{"@type":"ListItem","position":2,"name":"La Fayette \u00e0 l&rsquo;op\u00e9ra Garnier"}]},{"@type":"WebSite","@id":"https:\/\/www.lyceelafayette.fr\/#website","url":"https:\/\/www.lyceelafayette.fr\/","name":"Lyc\u00e9e La Fayette","description":"","publisher":{"@id":"https:\/\/www.lyceelafayette.fr\/#organization"},"potentialAction":[{"@type":"SearchAction","target":{"@type":"EntryPoint","urlTemplate":"https:\/\/www.lyceelafayette.fr\/?s={search_term_string}"},"query-input":{"@type":"PropertyValueSpecification","valueRequired":true,"valueName":"search_term_string"}}],"inLanguage":"fr-FR"},{"@type":"Organization","@id":"https:\/\/www.lyceelafayette.fr\/#organization","name":"Lyc\u00e9e La Fayette","url":"https:\/\/www.lyceelafayette.fr\/","logo":{"@type":"ImageObject","inLanguage":"fr-FR","@id":"https:\/\/www.lyceelafayette.fr\/#\/schema\/logo\/image\/","url":"https:\/\/www.lyceelafayette.fr\/wp-content\/uploads\/2019\/06\/llf_logo_alpha.png","contentUrl":"https:\/\/www.lyceelafayette.fr\/wp-content\/uploads\/2019\/06\/llf_logo_alpha.png","width":1583,"height":792,"caption":"Lyc\u00e9e La Fayette"},"image":{"@id":"https:\/\/www.lyceelafayette.fr\/#\/schema\/logo\/image\/"},"sameAs":["https:\/\/www.youtube.com\/channel\/UC2AOQowoMGBKdY4ToZsf9mw"]},{"@type":"Person","@id":"https:\/\/www.lyceelafayette.fr\/#\/schema\/person\/ce6db8a1157d50329e1fd65f9a9b5df8","name":"Alexandre Facchin","image":{"@type":"ImageObject","inLanguage":"fr-FR","@id":"https:\/\/secure.gravatar.com\/avatar\/c94ab2db74f6be2880cb92feeab1c3c9a55baee6dab0b6f9fbb80e1bc3336b7a?s=96&d=blank&r=g","url":"https:\/\/secure.gravatar.com\/avatar\/c94ab2db74f6be2880cb92feeab1c3c9a55baee6dab0b6f9fbb80e1bc3336b7a?s=96&d=blank&r=g","contentUrl":"https:\/\/secure.gravatar.com\/avatar\/c94ab2db74f6be2880cb92feeab1c3c9a55baee6dab0b6f9fbb80e1bc3336b7a?s=96&d=blank&r=g","caption":"Alexandre Facchin"},"url":"https:\/\/www.lyceelafayette.fr\/index.php\/author\/admin\/"}]}},"_links":{"self":[{"href":"https:\/\/www.lyceelafayette.fr\/index.php\/wp-json\/wp\/v2\/posts\/6272","targetHints":{"allow":["GET"]}}],"collection":[{"href":"https:\/\/www.lyceelafayette.fr\/index.php\/wp-json\/wp\/v2\/posts"}],"about":[{"href":"https:\/\/www.lyceelafayette.fr\/index.php\/wp-json\/wp\/v2\/types\/post"}],"author":[{"embeddable":true,"href":"https:\/\/www.lyceelafayette.fr\/index.php\/wp-json\/wp\/v2\/users\/8"}],"replies":[{"embeddable":true,"href":"https:\/\/www.lyceelafayette.fr\/index.php\/wp-json\/wp\/v2\/comments?post=6272"}],"version-history":[{"count":1,"href":"https:\/\/www.lyceelafayette.fr\/index.php\/wp-json\/wp\/v2\/posts\/6272\/revisions"}],"predecessor-version":[{"id":6276,"href":"https:\/\/www.lyceelafayette.fr\/index.php\/wp-json\/wp\/v2\/posts\/6272\/revisions\/6276"}],"wp:featuredmedia":[{"embeddable":true,"href":"https:\/\/www.lyceelafayette.fr\/index.php\/wp-json\/wp\/v2\/media\/6275"}],"wp:attachment":[{"href":"https:\/\/www.lyceelafayette.fr\/index.php\/wp-json\/wp\/v2\/media?parent=6272"}],"wp:term":[{"taxonomy":"category","embeddable":true,"href":"https:\/\/www.lyceelafayette.fr\/index.php\/wp-json\/wp\/v2\/categories?post=6272"},{"taxonomy":"post_tag","embeddable":true,"href":"https:\/\/www.lyceelafayette.fr\/index.php\/wp-json\/wp\/v2\/tags?post=6272"}],"curies":[{"name":"wp","href":"https:\/\/api.w.org\/{rel}","templated":true}]}}