{"id":6264,"date":"2023-05-03T19:35:43","date_gmt":"2023-05-03T17:35:43","guid":{"rendered":"https:\/\/www.lyceelafayette.fr\/?p=6264"},"modified":"2023-05-03T19:35:44","modified_gmt":"2023-05-03T17:35:44","slug":"centrale-nucleaire-de-nogent-sur-seine","status":"publish","type":"post","link":"https:\/\/www.lyceelafayette.fr\/index.php\/2023\/05\/03\/centrale-nucleaire-de-nogent-sur-seine\/","title":{"rendered":"Centrale nucl\u00e9aire de Nogent-sur-Seine"},"content":{"rendered":"\n<p>Le jeudi 20 avril 2023, la classe de TCAP \u00c9lectricit\u00e9 du Lyc\u00e9e Lafayette a eu l&rsquo;opportunit\u00e9 de participer \u00e0 une visite guid\u00e9e de la centrale nucl\u00e9aire de Nogent-sur-Seine. Cette exp\u00e9rience leur a permis de d\u00e9couvrir le fonctionnement de cette installation, d&rsquo;en apprendre davantage sur l&rsquo;\u00e9nergie nucl\u00e9aire et son impact sur l&rsquo;environnement, ainsi que sur les mesures de s\u00e9curit\u00e9 strictes mises en place.<\/p>\n\n\n\n<p>Les \u00e9l\u00e8ves ont \u00e9t\u00e9 accompagn\u00e9s par des professionnels de l&rsquo;industrie nucl\u00e9aire qui ont r\u00e9pondu \u00e0 toutes leurs questions. Cette visite guid\u00e9e a \u00e9galement \u00e9t\u00e9 l&rsquo;occasion pour les \u00e9l\u00e8ves de d\u00e9couvrir des m\u00e9tiers dans le domaine de l&rsquo;\u00e9nergie nucl\u00e9aire.<\/p>\n\n\n\n<p>Cette exp\u00e9rience a \u00e9t\u00e9 un v\u00e9ritable enrichissement pour les \u00e9l\u00e8ves de TCAP \u00c9lectricit\u00e9 du Lyc\u00e9e La Fayette, leur permettant de d\u00e9couvrir un univers passionnant et d&rsquo;\u00e9largir leurs horizons professionnels.<\/p>\n\n\n\n<figure class=\"wp-block-image size-large\"><img loading=\"lazy\" decoding=\"async\" width=\"1024\" height=\"765\" src=\"https:\/\/www.lyceelafayette.fr\/wp-content\/uploads\/2023\/05\/IMG_2465-1024x765.jpeg\" alt=\"\" class=\"wp-image-6265\" srcset=\"https:\/\/www.lyceelafayette.fr\/wp-content\/uploads\/2023\/05\/IMG_2465-1024x765.jpeg 1024w, https:\/\/www.lyceelafayette.fr\/wp-content\/uploads\/2023\/05\/IMG_2465-300x224.jpeg 300w, https:\/\/www.lyceelafayette.fr\/wp-content\/uploads\/2023\/05\/IMG_2465-768x574.jpeg 768w, https:\/\/www.lyceelafayette.fr\/wp-content\/uploads\/2023\/05\/IMG_2465-1536x1147.jpeg 1536w, https:\/\/www.lyceelafayette.fr\/wp-content\/uploads\/2023\/05\/IMG_2465-2048x1530.jpeg 2048w, https:\/\/www.lyceelafayette.fr\/wp-content\/uploads\/2023\/05\/IMG_2465-150x112.jpeg 150w\" sizes=\"auto, (max-width: 1024px) 100vw, 1024px\" \/><\/figure>\n","protected":false},"excerpt":{"rendered":"<p>Le jeudi 20 avril 2023, la classe de TCAP \u00c9lectricit\u00e9 du Lyc\u00e9e Lafayette a eu l&rsquo;opportunit\u00e9 de participer \u00e0 une visite guid\u00e9e de la centrale nucl\u00e9aire de Nogent-sur-Seine. Cette exp\u00e9rience leur a permis de d\u00e9couvrir le fonctionnement de cette installation, d&rsquo;en apprendre davantage sur l&rsquo;\u00e9nergie nucl\u00e9aire et son impact sur&#8230; <a class=\"continue-reading-link\" href=\"https:\/\/www.lyceelafayette.fr\/index.php\/2023\/05\/03\/centrale-nucleaire-de-nogent-sur-seine\/\">lire la suite<\/a><\/p>\n","protected":false},"author":8,"featured_media":0,"comment_status":"closed","ping_status":"open","sticky":false,"template":"","format":"standard","meta":{"footnotes":""},"categories":[1],"tags":[],"class_list":["post-6264","post","type-post","status-publish","format-standard","hentry","category-non-classe"],"yoast_head":"<!-- This site is optimized with the Yoast SEO plugin v27.5 - https:\/\/yoast.com\/product\/yoast-seo-wordpress\/ -->\n<title>Centrale nucl\u00e9aire de Nogent-sur-Seine - Lyc\u00e9e La Fayette<\/title>\n<meta name=\"robots\" content=\"index, follow, max-snippet:-1, max-image-preview:large, max-video-preview:-1\" \/>\n<link rel=\"canonical\" href=\"https:\/\/www.lyceelafayette.fr\/index.php\/2023\/05\/03\/centrale-nucleaire-de-nogent-sur-seine\/\" \/>\n<meta property=\"og:locale\" content=\"fr_FR\" \/>\n<meta property=\"og:type\" content=\"article\" \/>\n<meta property=\"og:title\" content=\"Centrale nucl\u00e9aire de Nogent-sur-Seine - Lyc\u00e9e La Fayette\" \/>\n<meta property=\"og:description\" content=\"Le jeudi 20 avril 2023, la classe de TCAP \u00c9lectricit\u00e9 du Lyc\u00e9e Lafayette a eu l&rsquo;opportunit\u00e9 de participer \u00e0 une visite guid\u00e9e de la centrale nucl\u00e9aire de Nogent-sur-Seine. Cette exp\u00e9rience leur a permis de d\u00e9couvrir le fonctionnement de cette installation, d&rsquo;en apprendre davantage sur l&rsquo;\u00e9nergie nucl\u00e9aire et son impact sur... lire la suite\" \/>\n<meta property=\"og:url\" content=\"https:\/\/www.lyceelafayette.fr\/index.php\/2023\/05\/03\/centrale-nucleaire-de-nogent-sur-seine\/\" \/>\n<meta property=\"og:site_name\" content=\"Lyc\u00e9e La Fayette\" \/>\n<meta property=\"article:published_time\" content=\"2023-05-03T17:35:43+00:00\" \/>\n<meta property=\"article:modified_time\" content=\"2023-05-03T17:35:44+00:00\" \/>\n<meta property=\"og:image\" content=\"https:\/\/www.lyceelafayette.fr\/wp-content\/uploads\/2023\/05\/IMG_2465-1024x765.jpeg\" \/>\n<meta name=\"author\" content=\"Alexandre Facchin\" \/>\n<meta name=\"twitter:card\" content=\"summary_large_image\" \/>\n<meta name=\"twitter:label1\" content=\"\u00c9crit par\" \/>\n\t<meta name=\"twitter:data1\" content=\"Alexandre Facchin\" \/>\n\t<meta name=\"twitter:label2\" content=\"Dur\u00e9e de lecture estim\u00e9e\" \/>\n\t<meta name=\"twitter:data2\" content=\"1 minute\" \/>\n<script type=\"application\/ld+json\" class=\"yoast-schema-graph\">{\"@context\":\"https:\\\/\\\/schema.org\",\"@graph\":[{\"@type\":\"Article\",\"@id\":\"https:\\\/\\\/www.lyceelafayette.fr\\\/index.php\\\/2023\\\/05\\\/03\\\/centrale-nucleaire-de-nogent-sur-seine\\\/#article\",\"isPartOf\":{\"@id\":\"https:\\\/\\\/www.lyceelafayette.fr\\\/index.php\\\/2023\\\/05\\\/03\\\/centrale-nucleaire-de-nogent-sur-seine\\\/\"},\"author\":{\"name\":\"Alexandre Facchin\",\"@id\":\"https:\\\/\\\/www.lyceelafayette.fr\\\/#\\\/schema\\\/person\\\/ce6db8a1157d50329e1fd65f9a9b5df8\"},\"headline\":\"Centrale nucl\u00e9aire de Nogent-sur-Seine\",\"datePublished\":\"2023-05-03T17:35:43+00:00\",\"dateModified\":\"2023-05-03T17:35:44+00:00\",\"mainEntityOfPage\":{\"@id\":\"https:\\\/\\\/www.lyceelafayette.fr\\\/index.php\\\/2023\\\/05\\\/03\\\/centrale-nucleaire-de-nogent-sur-seine\\\/\"},\"wordCount\":159,\"publisher\":{\"@id\":\"https:\\\/\\\/www.lyceelafayette.fr\\\/#organization\"},\"image\":{\"@id\":\"https:\\\/\\\/www.lyceelafayette.fr\\\/index.php\\\/2023\\\/05\\\/03\\\/centrale-nucleaire-de-nogent-sur-seine\\\/#primaryimage\"},\"thumbnailUrl\":\"https:\\\/\\\/www.lyceelafayette.fr\\\/wp-content\\\/uploads\\\/2023\\\/05\\\/IMG_2465-1024x765.jpeg\",\"inLanguage\":\"fr-FR\"},{\"@type\":\"WebPage\",\"@id\":\"https:\\\/\\\/www.lyceelafayette.fr\\\/index.php\\\/2023\\\/05\\\/03\\\/centrale-nucleaire-de-nogent-sur-seine\\\/\",\"url\":\"https:\\\/\\\/www.lyceelafayette.fr\\\/index.php\\\/2023\\\/05\\\/03\\\/centrale-nucleaire-de-nogent-sur-seine\\\/\",\"name\":\"Centrale nucl\u00e9aire de Nogent-sur-Seine - Lyc\u00e9e La Fayette\",\"isPartOf\":{\"@id\":\"https:\\\/\\\/www.lyceelafayette.fr\\\/#website\"},\"primaryImageOfPage\":{\"@id\":\"https:\\\/\\\/www.lyceelafayette.fr\\\/index.php\\\/2023\\\/05\\\/03\\\/centrale-nucleaire-de-nogent-sur-seine\\\/#primaryimage\"},\"image\":{\"@id\":\"https:\\\/\\\/www.lyceelafayette.fr\\\/index.php\\\/2023\\\/05\\\/03\\\/centrale-nucleaire-de-nogent-sur-seine\\\/#primaryimage\"},\"thumbnailUrl\":\"https:\\\/\\\/www.lyceelafayette.fr\\\/wp-content\\\/uploads\\\/2023\\\/05\\\/IMG_2465-1024x765.jpeg\",\"datePublished\":\"2023-05-03T17:35:43+00:00\",\"dateModified\":\"2023-05-03T17:35:44+00:00\",\"breadcrumb\":{\"@id\":\"https:\\\/\\\/www.lyceelafayette.fr\\\/index.php\\\/2023\\\/05\\\/03\\\/centrale-nucleaire-de-nogent-sur-seine\\\/#breadcrumb\"},\"inLanguage\":\"fr-FR\",\"potentialAction\":[{\"@type\":\"ReadAction\",\"target\":[\"https:\\\/\\\/www.lyceelafayette.fr\\\/index.php\\\/2023\\\/05\\\/03\\\/centrale-nucleaire-de-nogent-sur-seine\\\/\"]}]},{\"@type\":\"ImageObject\",\"inLanguage\":\"fr-FR\",\"@id\":\"https:\\\/\\\/www.lyceelafayette.fr\\\/index.php\\\/2023\\\/05\\\/03\\\/centrale-nucleaire-de-nogent-sur-seine\\\/#primaryimage\",\"url\":\"https:\\\/\\\/www.lyceelafayette.fr\\\/wp-content\\\/uploads\\\/2023\\\/05\\\/IMG_2465-1024x765.jpeg\",\"contentUrl\":\"https:\\\/\\\/www.lyceelafayette.fr\\\/wp-content\\\/uploads\\\/2023\\\/05\\\/IMG_2465-1024x765.jpeg\"},{\"@type\":\"BreadcrumbList\",\"@id\":\"https:\\\/\\\/www.lyceelafayette.fr\\\/index.php\\\/2023\\\/05\\\/03\\\/centrale-nucleaire-de-nogent-sur-seine\\\/#breadcrumb\",\"itemListElement\":[{\"@type\":\"ListItem\",\"position\":1,\"name\":\"Accueil\",\"item\":\"https:\\\/\\\/www.lyceelafayette.fr\\\/\"},{\"@type\":\"ListItem\",\"position\":2,\"name\":\"Centrale nucl\u00e9aire de Nogent-sur-Seine\"}]},{\"@type\":\"WebSite\",\"@id\":\"https:\\\/\\\/www.lyceelafayette.fr\\\/#website\",\"url\":\"https:\\\/\\\/www.lyceelafayette.fr\\\/\",\"name\":\"Lyc\u00e9e La Fayette\",\"description\":\"\",\"publisher\":{\"@id\":\"https:\\\/\\\/www.lyceelafayette.fr\\\/#organization\"},\"potentialAction\":[{\"@type\":\"SearchAction\",\"target\":{\"@type\":\"EntryPoint\",\"urlTemplate\":\"https:\\\/\\\/www.lyceelafayette.fr\\\/?s={search_term_string}\"},\"query-input\":{\"@type\":\"PropertyValueSpecification\",\"valueRequired\":true,\"valueName\":\"search_term_string\"}}],\"inLanguage\":\"fr-FR\"},{\"@type\":\"Organization\",\"@id\":\"https:\\\/\\\/www.lyceelafayette.fr\\\/#organization\",\"name\":\"Lyc\u00e9e La Fayette\",\"url\":\"https:\\\/\\\/www.lyceelafayette.fr\\\/\",\"logo\":{\"@type\":\"ImageObject\",\"inLanguage\":\"fr-FR\",\"@id\":\"https:\\\/\\\/www.lyceelafayette.fr\\\/#\\\/schema\\\/logo\\\/image\\\/\",\"url\":\"https:\\\/\\\/www.lyceelafayette.fr\\\/wp-content\\\/uploads\\\/2019\\\/06\\\/llf_logo_alpha.png\",\"contentUrl\":\"https:\\\/\\\/www.lyceelafayette.fr\\\/wp-content\\\/uploads\\\/2019\\\/06\\\/llf_logo_alpha.png\",\"width\":1583,\"height\":792,\"caption\":\"Lyc\u00e9e La Fayette\"},\"image\":{\"@id\":\"https:\\\/\\\/www.lyceelafayette.fr\\\/#\\\/schema\\\/logo\\\/image\\\/\"},\"sameAs\":[\"https:\\\/\\\/www.youtube.com\\\/channel\\\/UC2AOQowoMGBKdY4ToZsf9mw\"]},{\"@type\":\"Person\",\"@id\":\"https:\\\/\\\/www.lyceelafayette.fr\\\/#\\\/schema\\\/person\\\/ce6db8a1157d50329e1fd65f9a9b5df8\",\"name\":\"Alexandre Facchin\",\"image\":{\"@type\":\"ImageObject\",\"inLanguage\":\"fr-FR\",\"@id\":\"https:\\\/\\\/secure.gravatar.com\\\/avatar\\\/c94ab2db74f6be2880cb92feeab1c3c9a55baee6dab0b6f9fbb80e1bc3336b7a?s=96&d=blank&r=g\",\"url\":\"https:\\\/\\\/secure.gravatar.com\\\/avatar\\\/c94ab2db74f6be2880cb92feeab1c3c9a55baee6dab0b6f9fbb80e1bc3336b7a?s=96&d=blank&r=g\",\"contentUrl\":\"https:\\\/\\\/secure.gravatar.com\\\/avatar\\\/c94ab2db74f6be2880cb92feeab1c3c9a55baee6dab0b6f9fbb80e1bc3336b7a?s=96&d=blank&r=g\",\"caption\":\"Alexandre Facchin\"},\"url\":\"https:\\\/\\\/www.lyceelafayette.fr\\\/index.php\\\/author\\\/admin\\\/\"}]}<\/script>\n<!-- \/ Yoast SEO plugin. -->","yoast_head_json":{"title":"Centrale nucl\u00e9aire de Nogent-sur-Seine - Lyc\u00e9e La Fayette","robots":{"index":"index","follow":"follow","max-snippet":"max-snippet:-1","max-image-preview":"max-image-preview:large","max-video-preview":"max-video-preview:-1"},"canonical":"https:\/\/www.lyceelafayette.fr\/index.php\/2023\/05\/03\/centrale-nucleaire-de-nogent-sur-seine\/","og_locale":"fr_FR","og_type":"article","og_title":"Centrale nucl\u00e9aire de Nogent-sur-Seine - Lyc\u00e9e La Fayette","og_description":"Le jeudi 20 avril 2023, la classe de TCAP \u00c9lectricit\u00e9 du Lyc\u00e9e Lafayette a eu l&rsquo;opportunit\u00e9 de participer \u00e0 une visite guid\u00e9e de la centrale nucl\u00e9aire de Nogent-sur-Seine. Cette exp\u00e9rience leur a permis de d\u00e9couvrir le fonctionnement de cette installation, d&rsquo;en apprendre davantage sur l&rsquo;\u00e9nergie nucl\u00e9aire et son impact sur... lire la suite","og_url":"https:\/\/www.lyceelafayette.fr\/index.php\/2023\/05\/03\/centrale-nucleaire-de-nogent-sur-seine\/","og_site_name":"Lyc\u00e9e La Fayette","article_published_time":"2023-05-03T17:35:43+00:00","article_modified_time":"2023-05-03T17:35:44+00:00","og_image":[{"url":"https:\/\/www.lyceelafayette.fr\/wp-content\/uploads\/2023\/05\/IMG_2465-1024x765.jpeg","type":"","width":"","height":""}],"author":"Alexandre Facchin","twitter_card":"summary_large_image","twitter_misc":{"\u00c9crit par":"Alexandre Facchin","Dur\u00e9e de lecture estim\u00e9e":"1 minute"},"schema":{"@context":"https:\/\/schema.org","@graph":[{"@type":"Article","@id":"https:\/\/www.lyceelafayette.fr\/index.php\/2023\/05\/03\/centrale-nucleaire-de-nogent-sur-seine\/#article","isPartOf":{"@id":"https:\/\/www.lyceelafayette.fr\/index.php\/2023\/05\/03\/centrale-nucleaire-de-nogent-sur-seine\/"},"author":{"name":"Alexandre Facchin","@id":"https:\/\/www.lyceelafayette.fr\/#\/schema\/person\/ce6db8a1157d50329e1fd65f9a9b5df8"},"headline":"Centrale nucl\u00e9aire de Nogent-sur-Seine","datePublished":"2023-05-03T17:35:43+00:00","dateModified":"2023-05-03T17:35:44+00:00","mainEntityOfPage":{"@id":"https:\/\/www.lyceelafayette.fr\/index.php\/2023\/05\/03\/centrale-nucleaire-de-nogent-sur-seine\/"},"wordCount":159,"publisher":{"@id":"https:\/\/www.lyceelafayette.fr\/#organization"},"image":{"@id":"https:\/\/www.lyceelafayette.fr\/index.php\/2023\/05\/03\/centrale-nucleaire-de-nogent-sur-seine\/#primaryimage"},"thumbnailUrl":"https:\/\/www.lyceelafayette.fr\/wp-content\/uploads\/2023\/05\/IMG_2465-1024x765.jpeg","inLanguage":"fr-FR"},{"@type":"WebPage","@id":"https:\/\/www.lyceelafayette.fr\/index.php\/2023\/05\/03\/centrale-nucleaire-de-nogent-sur-seine\/","url":"https:\/\/www.lyceelafayette.fr\/index.php\/2023\/05\/03\/centrale-nucleaire-de-nogent-sur-seine\/","name":"Centrale nucl\u00e9aire de Nogent-sur-Seine - Lyc\u00e9e La Fayette","isPartOf":{"@id":"https:\/\/www.lyceelafayette.fr\/#website"},"primaryImageOfPage":{"@id":"https:\/\/www.lyceelafayette.fr\/index.php\/2023\/05\/03\/centrale-nucleaire-de-nogent-sur-seine\/#primaryimage"},"image":{"@id":"https:\/\/www.lyceelafayette.fr\/index.php\/2023\/05\/03\/centrale-nucleaire-de-nogent-sur-seine\/#primaryimage"},"thumbnailUrl":"https:\/\/www.lyceelafayette.fr\/wp-content\/uploads\/2023\/05\/IMG_2465-1024x765.jpeg","datePublished":"2023-05-03T17:35:43+00:00","dateModified":"2023-05-03T17:35:44+00:00","breadcrumb":{"@id":"https:\/\/www.lyceelafayette.fr\/index.php\/2023\/05\/03\/centrale-nucleaire-de-nogent-sur-seine\/#breadcrumb"},"inLanguage":"fr-FR","potentialAction":[{"@type":"ReadAction","target":["https:\/\/www.lyceelafayette.fr\/index.php\/2023\/05\/03\/centrale-nucleaire-de-nogent-sur-seine\/"]}]},{"@type":"ImageObject","inLanguage":"fr-FR","@id":"https:\/\/www.lyceelafayette.fr\/index.php\/2023\/05\/03\/centrale-nucleaire-de-nogent-sur-seine\/#primaryimage","url":"https:\/\/www.lyceelafayette.fr\/wp-content\/uploads\/2023\/05\/IMG_2465-1024x765.jpeg","contentUrl":"https:\/\/www.lyceelafayette.fr\/wp-content\/uploads\/2023\/05\/IMG_2465-1024x765.jpeg"},{"@type":"BreadcrumbList","@id":"https:\/\/www.lyceelafayette.fr\/index.php\/2023\/05\/03\/centrale-nucleaire-de-nogent-sur-seine\/#breadcrumb","itemListElement":[{"@type":"ListItem","position":1,"name":"Accueil","item":"https:\/\/www.lyceelafayette.fr\/"},{"@type":"ListItem","position":2,"name":"Centrale nucl\u00e9aire de Nogent-sur-Seine"}]},{"@type":"WebSite","@id":"https:\/\/www.lyceelafayette.fr\/#website","url":"https:\/\/www.lyceelafayette.fr\/","name":"Lyc\u00e9e La Fayette","description":"","publisher":{"@id":"https:\/\/www.lyceelafayette.fr\/#organization"},"potentialAction":[{"@type":"SearchAction","target":{"@type":"EntryPoint","urlTemplate":"https:\/\/www.lyceelafayette.fr\/?s={search_term_string}"},"query-input":{"@type":"PropertyValueSpecification","valueRequired":true,"valueName":"search_term_string"}}],"inLanguage":"fr-FR"},{"@type":"Organization","@id":"https:\/\/www.lyceelafayette.fr\/#organization","name":"Lyc\u00e9e La Fayette","url":"https:\/\/www.lyceelafayette.fr\/","logo":{"@type":"ImageObject","inLanguage":"fr-FR","@id":"https:\/\/www.lyceelafayette.fr\/#\/schema\/logo\/image\/","url":"https:\/\/www.lyceelafayette.fr\/wp-content\/uploads\/2019\/06\/llf_logo_alpha.png","contentUrl":"https:\/\/www.lyceelafayette.fr\/wp-content\/uploads\/2019\/06\/llf_logo_alpha.png","width":1583,"height":792,"caption":"Lyc\u00e9e La Fayette"},"image":{"@id":"https:\/\/www.lyceelafayette.fr\/#\/schema\/logo\/image\/"},"sameAs":["https:\/\/www.youtube.com\/channel\/UC2AOQowoMGBKdY4ToZsf9mw"]},{"@type":"Person","@id":"https:\/\/www.lyceelafayette.fr\/#\/schema\/person\/ce6db8a1157d50329e1fd65f9a9b5df8","name":"Alexandre Facchin","image":{"@type":"ImageObject","inLanguage":"fr-FR","@id":"https:\/\/secure.gravatar.com\/avatar\/c94ab2db74f6be2880cb92feeab1c3c9a55baee6dab0b6f9fbb80e1bc3336b7a?s=96&d=blank&r=g","url":"https:\/\/secure.gravatar.com\/avatar\/c94ab2db74f6be2880cb92feeab1c3c9a55baee6dab0b6f9fbb80e1bc3336b7a?s=96&d=blank&r=g","contentUrl":"https:\/\/secure.gravatar.com\/avatar\/c94ab2db74f6be2880cb92feeab1c3c9a55baee6dab0b6f9fbb80e1bc3336b7a?s=96&d=blank&r=g","caption":"Alexandre Facchin"},"url":"https:\/\/www.lyceelafayette.fr\/index.php\/author\/admin\/"}]}},"_links":{"self":[{"href":"https:\/\/www.lyceelafayette.fr\/index.php\/wp-json\/wp\/v2\/posts\/6264","targetHints":{"allow":["GET"]}}],"collection":[{"href":"https:\/\/www.lyceelafayette.fr\/index.php\/wp-json\/wp\/v2\/posts"}],"about":[{"href":"https:\/\/www.lyceelafayette.fr\/index.php\/wp-json\/wp\/v2\/types\/post"}],"author":[{"embeddable":true,"href":"https:\/\/www.lyceelafayette.fr\/index.php\/wp-json\/wp\/v2\/users\/8"}],"replies":[{"embeddable":true,"href":"https:\/\/www.lyceelafayette.fr\/index.php\/wp-json\/wp\/v2\/comments?post=6264"}],"version-history":[{"count":1,"href":"https:\/\/www.lyceelafayette.fr\/index.php\/wp-json\/wp\/v2\/posts\/6264\/revisions"}],"predecessor-version":[{"id":6266,"href":"https:\/\/www.lyceelafayette.fr\/index.php\/wp-json\/wp\/v2\/posts\/6264\/revisions\/6266"}],"wp:attachment":[{"href":"https:\/\/www.lyceelafayette.fr\/index.php\/wp-json\/wp\/v2\/media?parent=6264"}],"wp:term":[{"taxonomy":"category","embeddable":true,"href":"https:\/\/www.lyceelafayette.fr\/index.php\/wp-json\/wp\/v2\/categories?post=6264"},{"taxonomy":"post_tag","embeddable":true,"href":"https:\/\/www.lyceelafayette.fr\/index.php\/wp-json\/wp\/v2\/tags?post=6264"}],"curies":[{"name":"wp","href":"https:\/\/api.w.org\/{rel}","templated":true}]}}