{"id":6204,"date":"2023-01-24T10:49:41","date_gmt":"2023-01-24T09:49:41","guid":{"rendered":"https:\/\/www.lyceelafayette.fr\/?p=6204"},"modified":"2023-01-24T10:49:41","modified_gmt":"2023-01-24T09:49:41","slug":"forum-post-bac","status":"publish","type":"post","link":"https:\/\/www.lyceelafayette.fr\/index.php\/2023\/01\/24\/forum-post-bac\/","title":{"rendered":"Forum post bac"},"content":{"rendered":"\n<p>Ce samedi 21 Janvier a eu lieu \u00e0 l&rsquo;IUT de Fontainebleau le forum \u00ab\u00a0Post-Bac\u00a0\u00bb organis\u00e9 par le CIO. A cette occasion, les enseignants de BTS et de CPGE ont pu \u00e9changer avec les futurs \u00e9tudiants int\u00e9ress\u00e9s pas nos fili\u00e8res.<\/p>\n\n\n\n<figure class=\"wp-block-gallery has-nested-images columns-default is-cropped wp-block-gallery-1 is-layout-flex wp-block-gallery-is-layout-flex\">\n<figure class=\"wp-block-image size-large\"><img loading=\"lazy\" decoding=\"async\" width=\"1024\" height=\"768\" data-id=\"6207\" src=\"https:\/\/www.lyceelafayette.fr\/wp-content\/uploads\/2023\/01\/WhatsApp-Image-2023-01-22-at-19.17.54-1024x768.jpeg\" alt=\"\" class=\"wp-image-6207\" srcset=\"https:\/\/www.lyceelafayette.fr\/wp-content\/uploads\/2023\/01\/WhatsApp-Image-2023-01-22-at-19.17.54-1024x768.jpeg 1024w, https:\/\/www.lyceelafayette.fr\/wp-content\/uploads\/2023\/01\/WhatsApp-Image-2023-01-22-at-19.17.54-300x225.jpeg 300w, https:\/\/www.lyceelafayette.fr\/wp-content\/uploads\/2023\/01\/WhatsApp-Image-2023-01-22-at-19.17.54-768x576.jpeg 768w, https:\/\/www.lyceelafayette.fr\/wp-content\/uploads\/2023\/01\/WhatsApp-Image-2023-01-22-at-19.17.54-1536x1152.jpeg 1536w, https:\/\/www.lyceelafayette.fr\/wp-content\/uploads\/2023\/01\/WhatsApp-Image-2023-01-22-at-19.17.54-150x113.jpeg 150w, https:\/\/www.lyceelafayette.fr\/wp-content\/uploads\/2023\/01\/WhatsApp-Image-2023-01-22-at-19.17.54.jpeg 1600w\" sizes=\"auto, (max-width: 1024px) 100vw, 1024px\" \/><\/figure>\n\n\n\n<figure class=\"wp-block-image size-large\"><img loading=\"lazy\" decoding=\"async\" width=\"1024\" height=\"768\" data-id=\"6208\" src=\"https:\/\/www.lyceelafayette.fr\/wp-content\/uploads\/2023\/01\/WhatsApp-Image-2023-01-22-at-19.17.55-1-1024x768.jpeg\" alt=\"\" class=\"wp-image-6208\" srcset=\"https:\/\/www.lyceelafayette.fr\/wp-content\/uploads\/2023\/01\/WhatsApp-Image-2023-01-22-at-19.17.55-1-1024x768.jpeg 1024w, https:\/\/www.lyceelafayette.fr\/wp-content\/uploads\/2023\/01\/WhatsApp-Image-2023-01-22-at-19.17.55-1-300x225.jpeg 300w, https:\/\/www.lyceelafayette.fr\/wp-content\/uploads\/2023\/01\/WhatsApp-Image-2023-01-22-at-19.17.55-1-768x576.jpeg 768w, https:\/\/www.lyceelafayette.fr\/wp-content\/uploads\/2023\/01\/WhatsApp-Image-2023-01-22-at-19.17.55-1-1536x1152.jpeg 1536w, https:\/\/www.lyceelafayette.fr\/wp-content\/uploads\/2023\/01\/WhatsApp-Image-2023-01-22-at-19.17.55-1-150x113.jpeg 150w, https:\/\/www.lyceelafayette.fr\/wp-content\/uploads\/2023\/01\/WhatsApp-Image-2023-01-22-at-19.17.55-1.jpeg 1600w\" sizes=\"auto, (max-width: 1024px) 100vw, 1024px\" \/><\/figure>\n\n\n\n<figure class=\"wp-block-image size-large\"><img loading=\"lazy\" decoding=\"async\" width=\"1024\" height=\"768\" data-id=\"6206\" src=\"https:\/\/www.lyceelafayette.fr\/wp-content\/uploads\/2023\/01\/WhatsApp-Image-2023-01-22-at-19.17.55-2-1024x768.jpeg\" alt=\"\" class=\"wp-image-6206\" srcset=\"https:\/\/www.lyceelafayette.fr\/wp-content\/uploads\/2023\/01\/WhatsApp-Image-2023-01-22-at-19.17.55-2-1024x768.jpeg 1024w, https:\/\/www.lyceelafayette.fr\/wp-content\/uploads\/2023\/01\/WhatsApp-Image-2023-01-22-at-19.17.55-2-300x225.jpeg 300w, https:\/\/www.lyceelafayette.fr\/wp-content\/uploads\/2023\/01\/WhatsApp-Image-2023-01-22-at-19.17.55-2-768x576.jpeg 768w, https:\/\/www.lyceelafayette.fr\/wp-content\/uploads\/2023\/01\/WhatsApp-Image-2023-01-22-at-19.17.55-2-1536x1152.jpeg 1536w, https:\/\/www.lyceelafayette.fr\/wp-content\/uploads\/2023\/01\/WhatsApp-Image-2023-01-22-at-19.17.55-2-150x113.jpeg 150w, https:\/\/www.lyceelafayette.fr\/wp-content\/uploads\/2023\/01\/WhatsApp-Image-2023-01-22-at-19.17.55-2.jpeg 1600w\" sizes=\"auto, (max-width: 1024px) 100vw, 1024px\" \/><\/figure>\n\n\n\n<figure class=\"wp-block-image size-large\"><img loading=\"lazy\" decoding=\"async\" width=\"1024\" height=\"768\" data-id=\"6205\" src=\"https:\/\/www.lyceelafayette.fr\/wp-content\/uploads\/2023\/01\/WhatsApp-Image-2023-01-22-at-19.17.55-1024x768.jpeg\" alt=\"\" class=\"wp-image-6205\" srcset=\"https:\/\/www.lyceelafayette.fr\/wp-content\/uploads\/2023\/01\/WhatsApp-Image-2023-01-22-at-19.17.55-1024x768.jpeg 1024w, https:\/\/www.lyceelafayette.fr\/wp-content\/uploads\/2023\/01\/WhatsApp-Image-2023-01-22-at-19.17.55-300x225.jpeg 300w, https:\/\/www.lyceelafayette.fr\/wp-content\/uploads\/2023\/01\/WhatsApp-Image-2023-01-22-at-19.17.55-768x576.jpeg 768w, https:\/\/www.lyceelafayette.fr\/wp-content\/uploads\/2023\/01\/WhatsApp-Image-2023-01-22-at-19.17.55-1536x1152.jpeg 1536w, https:\/\/www.lyceelafayette.fr\/wp-content\/uploads\/2023\/01\/WhatsApp-Image-2023-01-22-at-19.17.55-150x113.jpeg 150w, https:\/\/www.lyceelafayette.fr\/wp-content\/uploads\/2023\/01\/WhatsApp-Image-2023-01-22-at-19.17.55.jpeg 1600w\" sizes=\"auto, (max-width: 1024px) 100vw, 1024px\" \/><\/figure>\n<\/figure>\n","protected":false},"excerpt":{"rendered":"<p>Ce samedi 21 Janvier a eu lieu \u00e0 l&rsquo;IUT de Fontainebleau le forum \u00ab\u00a0Post-Bac\u00a0\u00bb organis\u00e9 par le CIO. A cette occasion, les enseignants de BTS et de CPGE ont pu \u00e9changer avec les futurs \u00e9tudiants int\u00e9ress\u00e9s pas nos fili\u00e8res. <a class=\"continue-reading-link\" href=\"https:\/\/www.lyceelafayette.fr\/index.php\/2023\/01\/24\/forum-post-bac\/\">lire la suite<\/a><\/p>\n","protected":false},"author":8,"featured_media":1985,"comment_status":"closed","ping_status":"open","sticky":false,"template":"","format":"standard","meta":{"footnotes":""},"categories":[1],"tags":[],"class_list":["post-6204","post","type-post","status-publish","format-standard","has-post-thumbnail","hentry","category-non-classe"],"yoast_head":"<!-- This site is optimized with the Yoast SEO plugin v27.5 - https:\/\/yoast.com\/product\/yoast-seo-wordpress\/ -->\n<title>Forum post bac - Lyc\u00e9e La Fayette<\/title>\n<meta name=\"robots\" content=\"index, follow, max-snippet:-1, max-image-preview:large, max-video-preview:-1\" \/>\n<link rel=\"canonical\" href=\"https:\/\/www.lyceelafayette.fr\/index.php\/2023\/01\/24\/forum-post-bac\/\" \/>\n<meta property=\"og:locale\" content=\"fr_FR\" \/>\n<meta property=\"og:type\" content=\"article\" \/>\n<meta property=\"og:title\" content=\"Forum post bac - Lyc\u00e9e La Fayette\" \/>\n<meta property=\"og:description\" content=\"Ce samedi 21 Janvier a eu lieu \u00e0 l&rsquo;IUT de Fontainebleau le forum \u00ab\u00a0Post-Bac\u00a0\u00bb organis\u00e9 par le CIO. A cette occasion, les enseignants de BTS et de CPGE ont pu \u00e9changer avec les futurs \u00e9tudiants int\u00e9ress\u00e9s pas nos fili\u00e8res. lire la suite\" \/>\n<meta property=\"og:url\" content=\"https:\/\/www.lyceelafayette.fr\/index.php\/2023\/01\/24\/forum-post-bac\/\" \/>\n<meta property=\"og:site_name\" content=\"Lyc\u00e9e La Fayette\" \/>\n<meta property=\"article:published_time\" content=\"2023-01-24T09:49:41+00:00\" \/>\n<meta property=\"og:image\" content=\"https:\/\/www.lyceelafayette.fr\/wp-content\/uploads\/2019\/06\/llf_logo_alpha.png\" \/>\n\t<meta property=\"og:image:width\" content=\"1583\" \/>\n\t<meta property=\"og:image:height\" content=\"792\" \/>\n\t<meta property=\"og:image:type\" content=\"image\/png\" \/>\n<meta name=\"author\" content=\"Alexandre Facchin\" \/>\n<meta name=\"twitter:card\" content=\"summary_large_image\" \/>\n<meta name=\"twitter:label1\" content=\"\u00c9crit par\" \/>\n\t<meta name=\"twitter:data1\" content=\"Alexandre Facchin\" \/>\n\t<meta name=\"twitter:label2\" content=\"Dur\u00e9e de lecture estim\u00e9e\" \/>\n\t<meta name=\"twitter:data2\" content=\"1 minute\" \/>\n<script type=\"application\/ld+json\" class=\"yoast-schema-graph\">{\"@context\":\"https:\\\/\\\/schema.org\",\"@graph\":[{\"@type\":\"Article\",\"@id\":\"https:\\\/\\\/www.lyceelafayette.fr\\\/index.php\\\/2023\\\/01\\\/24\\\/forum-post-bac\\\/#article\",\"isPartOf\":{\"@id\":\"https:\\\/\\\/www.lyceelafayette.fr\\\/index.php\\\/2023\\\/01\\\/24\\\/forum-post-bac\\\/\"},\"author\":{\"name\":\"Alexandre Facchin\",\"@id\":\"https:\\\/\\\/www.lyceelafayette.fr\\\/#\\\/schema\\\/person\\\/ce6db8a1157d50329e1fd65f9a9b5df8\"},\"headline\":\"Forum post bac\",\"datePublished\":\"2023-01-24T09:49:41+00:00\",\"mainEntityOfPage\":{\"@id\":\"https:\\\/\\\/www.lyceelafayette.fr\\\/index.php\\\/2023\\\/01\\\/24\\\/forum-post-bac\\\/\"},\"wordCount\":44,\"publisher\":{\"@id\":\"https:\\\/\\\/www.lyceelafayette.fr\\\/#organization\"},\"image\":{\"@id\":\"https:\\\/\\\/www.lyceelafayette.fr\\\/index.php\\\/2023\\\/01\\\/24\\\/forum-post-bac\\\/#primaryimage\"},\"thumbnailUrl\":\"https:\\\/\\\/www.lyceelafayette.fr\\\/wp-content\\\/uploads\\\/2019\\\/06\\\/llf_logo_alpha.png\",\"inLanguage\":\"fr-FR\"},{\"@type\":\"WebPage\",\"@id\":\"https:\\\/\\\/www.lyceelafayette.fr\\\/index.php\\\/2023\\\/01\\\/24\\\/forum-post-bac\\\/\",\"url\":\"https:\\\/\\\/www.lyceelafayette.fr\\\/index.php\\\/2023\\\/01\\\/24\\\/forum-post-bac\\\/\",\"name\":\"Forum post bac - Lyc\u00e9e La Fayette\",\"isPartOf\":{\"@id\":\"https:\\\/\\\/www.lyceelafayette.fr\\\/#website\"},\"primaryImageOfPage\":{\"@id\":\"https:\\\/\\\/www.lyceelafayette.fr\\\/index.php\\\/2023\\\/01\\\/24\\\/forum-post-bac\\\/#primaryimage\"},\"image\":{\"@id\":\"https:\\\/\\\/www.lyceelafayette.fr\\\/index.php\\\/2023\\\/01\\\/24\\\/forum-post-bac\\\/#primaryimage\"},\"thumbnailUrl\":\"https:\\\/\\\/www.lyceelafayette.fr\\\/wp-content\\\/uploads\\\/2019\\\/06\\\/llf_logo_alpha.png\",\"datePublished\":\"2023-01-24T09:49:41+00:00\",\"breadcrumb\":{\"@id\":\"https:\\\/\\\/www.lyceelafayette.fr\\\/index.php\\\/2023\\\/01\\\/24\\\/forum-post-bac\\\/#breadcrumb\"},\"inLanguage\":\"fr-FR\",\"potentialAction\":[{\"@type\":\"ReadAction\",\"target\":[\"https:\\\/\\\/www.lyceelafayette.fr\\\/index.php\\\/2023\\\/01\\\/24\\\/forum-post-bac\\\/\"]}]},{\"@type\":\"ImageObject\",\"inLanguage\":\"fr-FR\",\"@id\":\"https:\\\/\\\/www.lyceelafayette.fr\\\/index.php\\\/2023\\\/01\\\/24\\\/forum-post-bac\\\/#primaryimage\",\"url\":\"https:\\\/\\\/www.lyceelafayette.fr\\\/wp-content\\\/uploads\\\/2019\\\/06\\\/llf_logo_alpha.png\",\"contentUrl\":\"https:\\\/\\\/www.lyceelafayette.fr\\\/wp-content\\\/uploads\\\/2019\\\/06\\\/llf_logo_alpha.png\",\"width\":1583,\"height\":792},{\"@type\":\"BreadcrumbList\",\"@id\":\"https:\\\/\\\/www.lyceelafayette.fr\\\/index.php\\\/2023\\\/01\\\/24\\\/forum-post-bac\\\/#breadcrumb\",\"itemListElement\":[{\"@type\":\"ListItem\",\"position\":1,\"name\":\"Accueil\",\"item\":\"https:\\\/\\\/www.lyceelafayette.fr\\\/\"},{\"@type\":\"ListItem\",\"position\":2,\"name\":\"Forum post bac\"}]},{\"@type\":\"WebSite\",\"@id\":\"https:\\\/\\\/www.lyceelafayette.fr\\\/#website\",\"url\":\"https:\\\/\\\/www.lyceelafayette.fr\\\/\",\"name\":\"Lyc\u00e9e La Fayette\",\"description\":\"\",\"publisher\":{\"@id\":\"https:\\\/\\\/www.lyceelafayette.fr\\\/#organization\"},\"potentialAction\":[{\"@type\":\"SearchAction\",\"target\":{\"@type\":\"EntryPoint\",\"urlTemplate\":\"https:\\\/\\\/www.lyceelafayette.fr\\\/?s={search_term_string}\"},\"query-input\":{\"@type\":\"PropertyValueSpecification\",\"valueRequired\":true,\"valueName\":\"search_term_string\"}}],\"inLanguage\":\"fr-FR\"},{\"@type\":\"Organization\",\"@id\":\"https:\\\/\\\/www.lyceelafayette.fr\\\/#organization\",\"name\":\"Lyc\u00e9e La Fayette\",\"url\":\"https:\\\/\\\/www.lyceelafayette.fr\\\/\",\"logo\":{\"@type\":\"ImageObject\",\"inLanguage\":\"fr-FR\",\"@id\":\"https:\\\/\\\/www.lyceelafayette.fr\\\/#\\\/schema\\\/logo\\\/image\\\/\",\"url\":\"https:\\\/\\\/www.lyceelafayette.fr\\\/wp-content\\\/uploads\\\/2019\\\/06\\\/llf_logo_alpha.png\",\"contentUrl\":\"https:\\\/\\\/www.lyceelafayette.fr\\\/wp-content\\\/uploads\\\/2019\\\/06\\\/llf_logo_alpha.png\",\"width\":1583,\"height\":792,\"caption\":\"Lyc\u00e9e La Fayette\"},\"image\":{\"@id\":\"https:\\\/\\\/www.lyceelafayette.fr\\\/#\\\/schema\\\/logo\\\/image\\\/\"},\"sameAs\":[\"https:\\\/\\\/www.youtube.com\\\/channel\\\/UC2AOQowoMGBKdY4ToZsf9mw\"]},{\"@type\":\"Person\",\"@id\":\"https:\\\/\\\/www.lyceelafayette.fr\\\/#\\\/schema\\\/person\\\/ce6db8a1157d50329e1fd65f9a9b5df8\",\"name\":\"Alexandre Facchin\",\"image\":{\"@type\":\"ImageObject\",\"inLanguage\":\"fr-FR\",\"@id\":\"https:\\\/\\\/secure.gravatar.com\\\/avatar\\\/c94ab2db74f6be2880cb92feeab1c3c9a55baee6dab0b6f9fbb80e1bc3336b7a?s=96&d=blank&r=g\",\"url\":\"https:\\\/\\\/secure.gravatar.com\\\/avatar\\\/c94ab2db74f6be2880cb92feeab1c3c9a55baee6dab0b6f9fbb80e1bc3336b7a?s=96&d=blank&r=g\",\"contentUrl\":\"https:\\\/\\\/secure.gravatar.com\\\/avatar\\\/c94ab2db74f6be2880cb92feeab1c3c9a55baee6dab0b6f9fbb80e1bc3336b7a?s=96&d=blank&r=g\",\"caption\":\"Alexandre Facchin\"},\"url\":\"https:\\\/\\\/www.lyceelafayette.fr\\\/index.php\\\/author\\\/admin\\\/\"}]}<\/script>\n<!-- \/ Yoast SEO plugin. -->","yoast_head_json":{"title":"Forum post bac - Lyc\u00e9e La Fayette","robots":{"index":"index","follow":"follow","max-snippet":"max-snippet:-1","max-image-preview":"max-image-preview:large","max-video-preview":"max-video-preview:-1"},"canonical":"https:\/\/www.lyceelafayette.fr\/index.php\/2023\/01\/24\/forum-post-bac\/","og_locale":"fr_FR","og_type":"article","og_title":"Forum post bac - Lyc\u00e9e La Fayette","og_description":"Ce samedi 21 Janvier a eu lieu \u00e0 l&rsquo;IUT de Fontainebleau le forum \u00ab\u00a0Post-Bac\u00a0\u00bb organis\u00e9 par le CIO. A cette occasion, les enseignants de BTS et de CPGE ont pu \u00e9changer avec les futurs \u00e9tudiants int\u00e9ress\u00e9s pas nos fili\u00e8res. lire la suite","og_url":"https:\/\/www.lyceelafayette.fr\/index.php\/2023\/01\/24\/forum-post-bac\/","og_site_name":"Lyc\u00e9e La Fayette","article_published_time":"2023-01-24T09:49:41+00:00","og_image":[{"width":1583,"height":792,"url":"https:\/\/www.lyceelafayette.fr\/wp-content\/uploads\/2019\/06\/llf_logo_alpha.png","type":"image\/png"}],"author":"Alexandre Facchin","twitter_card":"summary_large_image","twitter_misc":{"\u00c9crit par":"Alexandre Facchin","Dur\u00e9e de lecture estim\u00e9e":"1 minute"},"schema":{"@context":"https:\/\/schema.org","@graph":[{"@type":"Article","@id":"https:\/\/www.lyceelafayette.fr\/index.php\/2023\/01\/24\/forum-post-bac\/#article","isPartOf":{"@id":"https:\/\/www.lyceelafayette.fr\/index.php\/2023\/01\/24\/forum-post-bac\/"},"author":{"name":"Alexandre Facchin","@id":"https:\/\/www.lyceelafayette.fr\/#\/schema\/person\/ce6db8a1157d50329e1fd65f9a9b5df8"},"headline":"Forum post bac","datePublished":"2023-01-24T09:49:41+00:00","mainEntityOfPage":{"@id":"https:\/\/www.lyceelafayette.fr\/index.php\/2023\/01\/24\/forum-post-bac\/"},"wordCount":44,"publisher":{"@id":"https:\/\/www.lyceelafayette.fr\/#organization"},"image":{"@id":"https:\/\/www.lyceelafayette.fr\/index.php\/2023\/01\/24\/forum-post-bac\/#primaryimage"},"thumbnailUrl":"https:\/\/www.lyceelafayette.fr\/wp-content\/uploads\/2019\/06\/llf_logo_alpha.png","inLanguage":"fr-FR"},{"@type":"WebPage","@id":"https:\/\/www.lyceelafayette.fr\/index.php\/2023\/01\/24\/forum-post-bac\/","url":"https:\/\/www.lyceelafayette.fr\/index.php\/2023\/01\/24\/forum-post-bac\/","name":"Forum post bac - Lyc\u00e9e La Fayette","isPartOf":{"@id":"https:\/\/www.lyceelafayette.fr\/#website"},"primaryImageOfPage":{"@id":"https:\/\/www.lyceelafayette.fr\/index.php\/2023\/01\/24\/forum-post-bac\/#primaryimage"},"image":{"@id":"https:\/\/www.lyceelafayette.fr\/index.php\/2023\/01\/24\/forum-post-bac\/#primaryimage"},"thumbnailUrl":"https:\/\/www.lyceelafayette.fr\/wp-content\/uploads\/2019\/06\/llf_logo_alpha.png","datePublished":"2023-01-24T09:49:41+00:00","breadcrumb":{"@id":"https:\/\/www.lyceelafayette.fr\/index.php\/2023\/01\/24\/forum-post-bac\/#breadcrumb"},"inLanguage":"fr-FR","potentialAction":[{"@type":"ReadAction","target":["https:\/\/www.lyceelafayette.fr\/index.php\/2023\/01\/24\/forum-post-bac\/"]}]},{"@type":"ImageObject","inLanguage":"fr-FR","@id":"https:\/\/www.lyceelafayette.fr\/index.php\/2023\/01\/24\/forum-post-bac\/#primaryimage","url":"https:\/\/www.lyceelafayette.fr\/wp-content\/uploads\/2019\/06\/llf_logo_alpha.png","contentUrl":"https:\/\/www.lyceelafayette.fr\/wp-content\/uploads\/2019\/06\/llf_logo_alpha.png","width":1583,"height":792},{"@type":"BreadcrumbList","@id":"https:\/\/www.lyceelafayette.fr\/index.php\/2023\/01\/24\/forum-post-bac\/#breadcrumb","itemListElement":[{"@type":"ListItem","position":1,"name":"Accueil","item":"https:\/\/www.lyceelafayette.fr\/"},{"@type":"ListItem","position":2,"name":"Forum post bac"}]},{"@type":"WebSite","@id":"https:\/\/www.lyceelafayette.fr\/#website","url":"https:\/\/www.lyceelafayette.fr\/","name":"Lyc\u00e9e La Fayette","description":"","publisher":{"@id":"https:\/\/www.lyceelafayette.fr\/#organization"},"potentialAction":[{"@type":"SearchAction","target":{"@type":"EntryPoint","urlTemplate":"https:\/\/www.lyceelafayette.fr\/?s={search_term_string}"},"query-input":{"@type":"PropertyValueSpecification","valueRequired":true,"valueName":"search_term_string"}}],"inLanguage":"fr-FR"},{"@type":"Organization","@id":"https:\/\/www.lyceelafayette.fr\/#organization","name":"Lyc\u00e9e La Fayette","url":"https:\/\/www.lyceelafayette.fr\/","logo":{"@type":"ImageObject","inLanguage":"fr-FR","@id":"https:\/\/www.lyceelafayette.fr\/#\/schema\/logo\/image\/","url":"https:\/\/www.lyceelafayette.fr\/wp-content\/uploads\/2019\/06\/llf_logo_alpha.png","contentUrl":"https:\/\/www.lyceelafayette.fr\/wp-content\/uploads\/2019\/06\/llf_logo_alpha.png","width":1583,"height":792,"caption":"Lyc\u00e9e La Fayette"},"image":{"@id":"https:\/\/www.lyceelafayette.fr\/#\/schema\/logo\/image\/"},"sameAs":["https:\/\/www.youtube.com\/channel\/UC2AOQowoMGBKdY4ToZsf9mw"]},{"@type":"Person","@id":"https:\/\/www.lyceelafayette.fr\/#\/schema\/person\/ce6db8a1157d50329e1fd65f9a9b5df8","name":"Alexandre Facchin","image":{"@type":"ImageObject","inLanguage":"fr-FR","@id":"https:\/\/secure.gravatar.com\/avatar\/c94ab2db74f6be2880cb92feeab1c3c9a55baee6dab0b6f9fbb80e1bc3336b7a?s=96&d=blank&r=g","url":"https:\/\/secure.gravatar.com\/avatar\/c94ab2db74f6be2880cb92feeab1c3c9a55baee6dab0b6f9fbb80e1bc3336b7a?s=96&d=blank&r=g","contentUrl":"https:\/\/secure.gravatar.com\/avatar\/c94ab2db74f6be2880cb92feeab1c3c9a55baee6dab0b6f9fbb80e1bc3336b7a?s=96&d=blank&r=g","caption":"Alexandre Facchin"},"url":"https:\/\/www.lyceelafayette.fr\/index.php\/author\/admin\/"}]}},"_links":{"self":[{"href":"https:\/\/www.lyceelafayette.fr\/index.php\/wp-json\/wp\/v2\/posts\/6204","targetHints":{"allow":["GET"]}}],"collection":[{"href":"https:\/\/www.lyceelafayette.fr\/index.php\/wp-json\/wp\/v2\/posts"}],"about":[{"href":"https:\/\/www.lyceelafayette.fr\/index.php\/wp-json\/wp\/v2\/types\/post"}],"author":[{"embeddable":true,"href":"https:\/\/www.lyceelafayette.fr\/index.php\/wp-json\/wp\/v2\/users\/8"}],"replies":[{"embeddable":true,"href":"https:\/\/www.lyceelafayette.fr\/index.php\/wp-json\/wp\/v2\/comments?post=6204"}],"version-history":[{"count":1,"href":"https:\/\/www.lyceelafayette.fr\/index.php\/wp-json\/wp\/v2\/posts\/6204\/revisions"}],"predecessor-version":[{"id":6209,"href":"https:\/\/www.lyceelafayette.fr\/index.php\/wp-json\/wp\/v2\/posts\/6204\/revisions\/6209"}],"wp:featuredmedia":[{"embeddable":true,"href":"https:\/\/www.lyceelafayette.fr\/index.php\/wp-json\/wp\/v2\/media\/1985"}],"wp:attachment":[{"href":"https:\/\/www.lyceelafayette.fr\/index.php\/wp-json\/wp\/v2\/media?parent=6204"}],"wp:term":[{"taxonomy":"category","embeddable":true,"href":"https:\/\/www.lyceelafayette.fr\/index.php\/wp-json\/wp\/v2\/categories?post=6204"},{"taxonomy":"post_tag","embeddable":true,"href":"https:\/\/www.lyceelafayette.fr\/index.php\/wp-json\/wp\/v2\/tags?post=6204"}],"curies":[{"name":"wp","href":"https:\/\/api.w.org\/{rel}","templated":true}]}}