{"id":6153,"date":"2023-01-03T16:24:31","date_gmt":"2023-01-03T15:24:31","guid":{"rendered":"https:\/\/www.lyceelafayette.fr\/?p=6153"},"modified":"2023-01-03T17:13:38","modified_gmt":"2023-01-03T16:13:38","slug":"finale-du-concours-fanuc","status":"publish","type":"post","link":"https:\/\/www.lyceelafayette.fr\/index.php\/2023\/01\/03\/finale-du-concours-fanuc\/","title":{"rendered":"Finale du concours FANUC\u00a0!"},"content":{"rendered":"\n<p><strong>L\u2019\u00e9quipe du BTS \u00e9lectrotechnique de 2<sup>e<\/sup> ann\u00e9e est qualifi\u00e9e pour la finale du concours FANUC&nbsp;!<\/strong><\/p>\n\n\n\n<figure class=\"wp-block-image size-large\"><img loading=\"lazy\" decoding=\"async\" width=\"1024\" height=\"768\" src=\"https:\/\/www.lyceelafayette.fr\/wp-content\/uploads\/2023\/01\/e\u0301quipe-concours-FANUC-lyce\u0301e-la-fayette-1024x768.jpg\" alt=\"\" class=\"wp-image-6160\" srcset=\"https:\/\/www.lyceelafayette.fr\/wp-content\/uploads\/2023\/01\/e\u0301quipe-concours-FANUC-lyce\u0301e-la-fayette-1024x768.jpg 1024w, https:\/\/www.lyceelafayette.fr\/wp-content\/uploads\/2023\/01\/e\u0301quipe-concours-FANUC-lyce\u0301e-la-fayette-300x225.jpg 300w, https:\/\/www.lyceelafayette.fr\/wp-content\/uploads\/2023\/01\/e\u0301quipe-concours-FANUC-lyce\u0301e-la-fayette-768x576.jpg 768w, https:\/\/www.lyceelafayette.fr\/wp-content\/uploads\/2023\/01\/e\u0301quipe-concours-FANUC-lyce\u0301e-la-fayette-1536x1152.jpg 1536w, https:\/\/www.lyceelafayette.fr\/wp-content\/uploads\/2023\/01\/e\u0301quipe-concours-FANUC-lyce\u0301e-la-fayette-2048x1536.jpg 2048w, https:\/\/www.lyceelafayette.fr\/wp-content\/uploads\/2023\/01\/e\u0301quipe-concours-FANUC-lyce\u0301e-la-fayette-150x113.jpg 150w\" sizes=\"auto, (max-width: 1024px) 100vw, 1024px\" \/><\/figure>\n\n\n\n<figure class=\"wp-block-image size-large\"><img loading=\"lazy\" decoding=\"async\" width=\"1024\" height=\"216\" src=\"https:\/\/www.lyceelafayette.fr\/wp-content\/uploads\/2023\/01\/image-4-1024x216.png\" alt=\"\" class=\"wp-image-6163\" srcset=\"https:\/\/www.lyceelafayette.fr\/wp-content\/uploads\/2023\/01\/image-4-1024x216.png 1024w, https:\/\/www.lyceelafayette.fr\/wp-content\/uploads\/2023\/01\/image-4-300x63.png 300w, https:\/\/www.lyceelafayette.fr\/wp-content\/uploads\/2023\/01\/image-4-768x162.png 768w, https:\/\/www.lyceelafayette.fr\/wp-content\/uploads\/2023\/01\/image-4-1536x324.png 1536w, https:\/\/www.lyceelafayette.fr\/wp-content\/uploads\/2023\/01\/image-4-150x32.png 150w, https:\/\/www.lyceelafayette.fr\/wp-content\/uploads\/2023\/01\/image-4.png 1642w\" sizes=\"auto, (max-width: 1024px) 100vw, 1024px\" \/><\/figure>\n\n\n\n<p><strong>Ethan Marzive<\/strong> et <strong>Rayan Soumahoro<\/strong>, \u00e9tudiants en 2<sup>e<\/sup> ann\u00e9e de <strong>BTS \u00e9lectrotechnique<\/strong>, participent pour la premi\u00e8re fois au concours organis\u00e9 par <a href=\"https:\/\/olympiades-fanuc.com\/\">FANUC<\/a>.<\/p>\n\n\n\n<p>Ce concours comporte deux phases. Une premi\u00e8re, l\u2019avant-projet, pour laquelle il faut r\u00e9pondre \u00e0 un cahier des charges en utilisant les logiciels FANUC de programmation et de configuration de commande num\u00e9rique (CN), d\u2019interface homme-machine (IHM) et de programmation automate.<\/p>\n\n\n\n<p>Cette ann\u00e9e il s\u2019agissait de simuler le fonctionnement d\u2019une machine de d\u00e9coupe de b\u00e2che \u00e0 bulle.<\/p>\n\n\n\n<figure class=\"wp-block-image size-full\"><img loading=\"lazy\" decoding=\"async\" width=\"908\" height=\"444\" src=\"https:\/\/www.lyceelafayette.fr\/wp-content\/uploads\/2023\/01\/image-2.png\" alt=\"\" class=\"wp-image-6157\" srcset=\"https:\/\/www.lyceelafayette.fr\/wp-content\/uploads\/2023\/01\/image-2.png 908w, https:\/\/www.lyceelafayette.fr\/wp-content\/uploads\/2023\/01\/image-2-300x147.png 300w, https:\/\/www.lyceelafayette.fr\/wp-content\/uploads\/2023\/01\/image-2-768x376.png 768w, https:\/\/www.lyceelafayette.fr\/wp-content\/uploads\/2023\/01\/image-2-150x73.png 150w\" sizes=\"auto, (max-width: 908px) 100vw, 908px\" \/><\/figure>\n\n\n\n<p>Les deux \u00e9tudiants, accompagn\u00e9s de leur enseignant, David Brunet, ont r\u00e9alis\u00e9 une partie de l\u2019avant-projet avec notamment des \u00e9crans de l\u2019IHM.<\/p>\n\n\n\n<figure class=\"wp-block-image size-full\"><img loading=\"lazy\" decoding=\"async\" width=\"860\" height=\"646\" src=\"https:\/\/www.lyceelafayette.fr\/wp-content\/uploads\/2023\/01\/image-3.png\" alt=\"\" class=\"wp-image-6158\" srcset=\"https:\/\/www.lyceelafayette.fr\/wp-content\/uploads\/2023\/01\/image-3.png 860w, https:\/\/www.lyceelafayette.fr\/wp-content\/uploads\/2023\/01\/image-3-300x225.png 300w, https:\/\/www.lyceelafayette.fr\/wp-content\/uploads\/2023\/01\/image-3-768x577.png 768w, https:\/\/www.lyceelafayette.fr\/wp-content\/uploads\/2023\/01\/image-3-150x113.png 150w\" sizes=\"auto, (max-width: 860px) 100vw, 860px\" \/><\/figure>\n\n\n\n<p>Ainsi qu\u2019un rapport d\u00e9taillant la r\u00e9alisation de leur travail.<\/p>\n\n\n\n<p>Apr\u00e8s examen de leur dossier, ils viennent d\u2019apprendre qu\u2019ils sont qualifi\u00e9s pour la phase finale qui aura lieu le 27 mars prochain.<\/p>\n\n\n\n<p>D\u2019ici l\u00e0, ils auront droit \u00e0 une journ\u00e9e de formation dans les locaux de FANUC \u00e0 Lisses fin janvier.<\/p>\n\n\n\n<p>Souhaitons leur bonne chance pour la finale&nbsp;!<\/p>\n","protected":false},"excerpt":{"rendered":"<p>L\u2019\u00e9quipe du BTS \u00e9lectrotechnique de 2e ann\u00e9e est qualifi\u00e9e pour la finale du concours FANUC&nbsp;! Ethan Marzive et Rayan Soumahoro, \u00e9tudiants en 2e ann\u00e9e de BTS \u00e9lectrotechnique, participent pour la premi\u00e8re fois au concours organis\u00e9 par FANUC. Ce concours comporte deux phases. Une premi\u00e8re, l\u2019avant-projet, pour laquelle il faut r\u00e9pondre&#8230; <a class=\"continue-reading-link\" href=\"https:\/\/www.lyceelafayette.fr\/index.php\/2023\/01\/03\/finale-du-concours-fanuc\/\">lire la suite<\/a><\/p>\n","protected":false},"author":8,"featured_media":6160,"comment_status":"closed","ping_status":"open","sticky":false,"template":"","format":"standard","meta":{"footnotes":""},"categories":[1],"tags":[],"class_list":["post-6153","post","type-post","status-publish","format-standard","has-post-thumbnail","hentry","category-non-classe"],"yoast_head":"<!-- This site is optimized with the Yoast SEO plugin v27.5 - https:\/\/yoast.com\/product\/yoast-seo-wordpress\/ -->\n<title>Finale du concours FANUC\u00a0! - Lyc\u00e9e La Fayette<\/title>\n<meta name=\"robots\" content=\"index, follow, max-snippet:-1, max-image-preview:large, max-video-preview:-1\" \/>\n<link rel=\"canonical\" href=\"https:\/\/www.lyceelafayette.fr\/index.php\/2023\/01\/03\/finale-du-concours-fanuc\/\" \/>\n<meta property=\"og:locale\" content=\"fr_FR\" \/>\n<meta property=\"og:type\" content=\"article\" \/>\n<meta property=\"og:title\" content=\"Finale du concours FANUC\u00a0! - Lyc\u00e9e La Fayette\" \/>\n<meta property=\"og:description\" content=\"L\u2019\u00e9quipe du BTS \u00e9lectrotechnique de 2e ann\u00e9e est qualifi\u00e9e pour la finale du concours FANUC&nbsp;! Ethan Marzive et Rayan Soumahoro, \u00e9tudiants en 2e ann\u00e9e de BTS \u00e9lectrotechnique, participent pour la premi\u00e8re fois au concours organis\u00e9 par FANUC. Ce concours comporte deux phases. Une premi\u00e8re, l\u2019avant-projet, pour laquelle il faut r\u00e9pondre... lire la suite\" \/>\n<meta property=\"og:url\" content=\"https:\/\/www.lyceelafayette.fr\/index.php\/2023\/01\/03\/finale-du-concours-fanuc\/\" \/>\n<meta property=\"og:site_name\" content=\"Lyc\u00e9e La Fayette\" \/>\n<meta property=\"article:published_time\" content=\"2023-01-03T15:24:31+00:00\" \/>\n<meta property=\"article:modified_time\" content=\"2023-01-03T16:13:38+00:00\" \/>\n<meta property=\"og:image\" content=\"https:\/\/www.lyceelafayette.fr\/wp-content\/uploads\/2023\/01\/e\u0301quipe-concours-FANUC-lyce\u0301e-la-fayette-scaled.jpg\" \/>\n\t<meta property=\"og:image:width\" content=\"2560\" \/>\n\t<meta property=\"og:image:height\" content=\"1920\" \/>\n\t<meta property=\"og:image:type\" content=\"image\/jpeg\" \/>\n<meta name=\"author\" content=\"Alexandre Facchin\" \/>\n<meta name=\"twitter:card\" content=\"summary_large_image\" \/>\n<meta name=\"twitter:label1\" content=\"\u00c9crit par\" \/>\n\t<meta name=\"twitter:data1\" content=\"Alexandre Facchin\" \/>\n\t<meta name=\"twitter:label2\" content=\"Dur\u00e9e de lecture estim\u00e9e\" \/>\n\t<meta name=\"twitter:data2\" content=\"2 minutes\" \/>\n<script type=\"application\/ld+json\" class=\"yoast-schema-graph\">{\"@context\":\"https:\\\/\\\/schema.org\",\"@graph\":[{\"@type\":\"Article\",\"@id\":\"https:\\\/\\\/www.lyceelafayette.fr\\\/index.php\\\/2023\\\/01\\\/03\\\/finale-du-concours-fanuc\\\/#article\",\"isPartOf\":{\"@id\":\"https:\\\/\\\/www.lyceelafayette.fr\\\/index.php\\\/2023\\\/01\\\/03\\\/finale-du-concours-fanuc\\\/\"},\"author\":{\"name\":\"Alexandre Facchin\",\"@id\":\"https:\\\/\\\/www.lyceelafayette.fr\\\/#\\\/schema\\\/person\\\/ce6db8a1157d50329e1fd65f9a9b5df8\"},\"headline\":\"Finale du concours FANUC\u00a0!\",\"datePublished\":\"2023-01-03T15:24:31+00:00\",\"dateModified\":\"2023-01-03T16:13:38+00:00\",\"mainEntityOfPage\":{\"@id\":\"https:\\\/\\\/www.lyceelafayette.fr\\\/index.php\\\/2023\\\/01\\\/03\\\/finale-du-concours-fanuc\\\/\"},\"wordCount\":199,\"publisher\":{\"@id\":\"https:\\\/\\\/www.lyceelafayette.fr\\\/#organization\"},\"image\":{\"@id\":\"https:\\\/\\\/www.lyceelafayette.fr\\\/index.php\\\/2023\\\/01\\\/03\\\/finale-du-concours-fanuc\\\/#primaryimage\"},\"thumbnailUrl\":\"https:\\\/\\\/www.lyceelafayette.fr\\\/wp-content\\\/uploads\\\/2023\\\/01\\\/e\u0301quipe-concours-FANUC-lyce\u0301e-la-fayette-scaled.jpg\",\"inLanguage\":\"fr-FR\"},{\"@type\":\"WebPage\",\"@id\":\"https:\\\/\\\/www.lyceelafayette.fr\\\/index.php\\\/2023\\\/01\\\/03\\\/finale-du-concours-fanuc\\\/\",\"url\":\"https:\\\/\\\/www.lyceelafayette.fr\\\/index.php\\\/2023\\\/01\\\/03\\\/finale-du-concours-fanuc\\\/\",\"name\":\"Finale du concours FANUC\u00a0! - Lyc\u00e9e La Fayette\",\"isPartOf\":{\"@id\":\"https:\\\/\\\/www.lyceelafayette.fr\\\/#website\"},\"primaryImageOfPage\":{\"@id\":\"https:\\\/\\\/www.lyceelafayette.fr\\\/index.php\\\/2023\\\/01\\\/03\\\/finale-du-concours-fanuc\\\/#primaryimage\"},\"image\":{\"@id\":\"https:\\\/\\\/www.lyceelafayette.fr\\\/index.php\\\/2023\\\/01\\\/03\\\/finale-du-concours-fanuc\\\/#primaryimage\"},\"thumbnailUrl\":\"https:\\\/\\\/www.lyceelafayette.fr\\\/wp-content\\\/uploads\\\/2023\\\/01\\\/e\u0301quipe-concours-FANUC-lyce\u0301e-la-fayette-scaled.jpg\",\"datePublished\":\"2023-01-03T15:24:31+00:00\",\"dateModified\":\"2023-01-03T16:13:38+00:00\",\"breadcrumb\":{\"@id\":\"https:\\\/\\\/www.lyceelafayette.fr\\\/index.php\\\/2023\\\/01\\\/03\\\/finale-du-concours-fanuc\\\/#breadcrumb\"},\"inLanguage\":\"fr-FR\",\"potentialAction\":[{\"@type\":\"ReadAction\",\"target\":[\"https:\\\/\\\/www.lyceelafayette.fr\\\/index.php\\\/2023\\\/01\\\/03\\\/finale-du-concours-fanuc\\\/\"]}]},{\"@type\":\"ImageObject\",\"inLanguage\":\"fr-FR\",\"@id\":\"https:\\\/\\\/www.lyceelafayette.fr\\\/index.php\\\/2023\\\/01\\\/03\\\/finale-du-concours-fanuc\\\/#primaryimage\",\"url\":\"https:\\\/\\\/www.lyceelafayette.fr\\\/wp-content\\\/uploads\\\/2023\\\/01\\\/e\u0301quipe-concours-FANUC-lyce\u0301e-la-fayette-scaled.jpg\",\"contentUrl\":\"https:\\\/\\\/www.lyceelafayette.fr\\\/wp-content\\\/uploads\\\/2023\\\/01\\\/e\u0301quipe-concours-FANUC-lyce\u0301e-la-fayette-scaled.jpg\",\"width\":2560,\"height\":1920},{\"@type\":\"BreadcrumbList\",\"@id\":\"https:\\\/\\\/www.lyceelafayette.fr\\\/index.php\\\/2023\\\/01\\\/03\\\/finale-du-concours-fanuc\\\/#breadcrumb\",\"itemListElement\":[{\"@type\":\"ListItem\",\"position\":1,\"name\":\"Accueil\",\"item\":\"https:\\\/\\\/www.lyceelafayette.fr\\\/\"},{\"@type\":\"ListItem\",\"position\":2,\"name\":\"Finale du concours FANUC\u00a0!\"}]},{\"@type\":\"WebSite\",\"@id\":\"https:\\\/\\\/www.lyceelafayette.fr\\\/#website\",\"url\":\"https:\\\/\\\/www.lyceelafayette.fr\\\/\",\"name\":\"Lyc\u00e9e La Fayette\",\"description\":\"\",\"publisher\":{\"@id\":\"https:\\\/\\\/www.lyceelafayette.fr\\\/#organization\"},\"potentialAction\":[{\"@type\":\"SearchAction\",\"target\":{\"@type\":\"EntryPoint\",\"urlTemplate\":\"https:\\\/\\\/www.lyceelafayette.fr\\\/?s={search_term_string}\"},\"query-input\":{\"@type\":\"PropertyValueSpecification\",\"valueRequired\":true,\"valueName\":\"search_term_string\"}}],\"inLanguage\":\"fr-FR\"},{\"@type\":\"Organization\",\"@id\":\"https:\\\/\\\/www.lyceelafayette.fr\\\/#organization\",\"name\":\"Lyc\u00e9e La Fayette\",\"url\":\"https:\\\/\\\/www.lyceelafayette.fr\\\/\",\"logo\":{\"@type\":\"ImageObject\",\"inLanguage\":\"fr-FR\",\"@id\":\"https:\\\/\\\/www.lyceelafayette.fr\\\/#\\\/schema\\\/logo\\\/image\\\/\",\"url\":\"https:\\\/\\\/www.lyceelafayette.fr\\\/wp-content\\\/uploads\\\/2019\\\/06\\\/llf_logo_alpha.png\",\"contentUrl\":\"https:\\\/\\\/www.lyceelafayette.fr\\\/wp-content\\\/uploads\\\/2019\\\/06\\\/llf_logo_alpha.png\",\"width\":1583,\"height\":792,\"caption\":\"Lyc\u00e9e La Fayette\"},\"image\":{\"@id\":\"https:\\\/\\\/www.lyceelafayette.fr\\\/#\\\/schema\\\/logo\\\/image\\\/\"},\"sameAs\":[\"https:\\\/\\\/www.youtube.com\\\/channel\\\/UC2AOQowoMGBKdY4ToZsf9mw\"]},{\"@type\":\"Person\",\"@id\":\"https:\\\/\\\/www.lyceelafayette.fr\\\/#\\\/schema\\\/person\\\/ce6db8a1157d50329e1fd65f9a9b5df8\",\"name\":\"Alexandre Facchin\",\"image\":{\"@type\":\"ImageObject\",\"inLanguage\":\"fr-FR\",\"@id\":\"https:\\\/\\\/secure.gravatar.com\\\/avatar\\\/c94ab2db74f6be2880cb92feeab1c3c9a55baee6dab0b6f9fbb80e1bc3336b7a?s=96&d=blank&r=g\",\"url\":\"https:\\\/\\\/secure.gravatar.com\\\/avatar\\\/c94ab2db74f6be2880cb92feeab1c3c9a55baee6dab0b6f9fbb80e1bc3336b7a?s=96&d=blank&r=g\",\"contentUrl\":\"https:\\\/\\\/secure.gravatar.com\\\/avatar\\\/c94ab2db74f6be2880cb92feeab1c3c9a55baee6dab0b6f9fbb80e1bc3336b7a?s=96&d=blank&r=g\",\"caption\":\"Alexandre Facchin\"},\"url\":\"https:\\\/\\\/www.lyceelafayette.fr\\\/index.php\\\/author\\\/admin\\\/\"}]}<\/script>\n<!-- \/ Yoast SEO plugin. -->","yoast_head_json":{"title":"Finale du concours FANUC\u00a0! - Lyc\u00e9e La Fayette","robots":{"index":"index","follow":"follow","max-snippet":"max-snippet:-1","max-image-preview":"max-image-preview:large","max-video-preview":"max-video-preview:-1"},"canonical":"https:\/\/www.lyceelafayette.fr\/index.php\/2023\/01\/03\/finale-du-concours-fanuc\/","og_locale":"fr_FR","og_type":"article","og_title":"Finale du concours FANUC\u00a0! - Lyc\u00e9e La Fayette","og_description":"L\u2019\u00e9quipe du BTS \u00e9lectrotechnique de 2e ann\u00e9e est qualifi\u00e9e pour la finale du concours FANUC&nbsp;! Ethan Marzive et Rayan Soumahoro, \u00e9tudiants en 2e ann\u00e9e de BTS \u00e9lectrotechnique, participent pour la premi\u00e8re fois au concours organis\u00e9 par FANUC. Ce concours comporte deux phases. Une premi\u00e8re, l\u2019avant-projet, pour laquelle il faut r\u00e9pondre... lire la suite","og_url":"https:\/\/www.lyceelafayette.fr\/index.php\/2023\/01\/03\/finale-du-concours-fanuc\/","og_site_name":"Lyc\u00e9e La Fayette","article_published_time":"2023-01-03T15:24:31+00:00","article_modified_time":"2023-01-03T16:13:38+00:00","og_image":[{"width":2560,"height":1920,"url":"https:\/\/www.lyceelafayette.fr\/wp-content\/uploads\/2023\/01\/e\u0301quipe-concours-FANUC-lyce\u0301e-la-fayette-scaled.jpg","type":"image\/jpeg"}],"author":"Alexandre Facchin","twitter_card":"summary_large_image","twitter_misc":{"\u00c9crit par":"Alexandre Facchin","Dur\u00e9e de lecture estim\u00e9e":"2 minutes"},"schema":{"@context":"https:\/\/schema.org","@graph":[{"@type":"Article","@id":"https:\/\/www.lyceelafayette.fr\/index.php\/2023\/01\/03\/finale-du-concours-fanuc\/#article","isPartOf":{"@id":"https:\/\/www.lyceelafayette.fr\/index.php\/2023\/01\/03\/finale-du-concours-fanuc\/"},"author":{"name":"Alexandre Facchin","@id":"https:\/\/www.lyceelafayette.fr\/#\/schema\/person\/ce6db8a1157d50329e1fd65f9a9b5df8"},"headline":"Finale du concours FANUC\u00a0!","datePublished":"2023-01-03T15:24:31+00:00","dateModified":"2023-01-03T16:13:38+00:00","mainEntityOfPage":{"@id":"https:\/\/www.lyceelafayette.fr\/index.php\/2023\/01\/03\/finale-du-concours-fanuc\/"},"wordCount":199,"publisher":{"@id":"https:\/\/www.lyceelafayette.fr\/#organization"},"image":{"@id":"https:\/\/www.lyceelafayette.fr\/index.php\/2023\/01\/03\/finale-du-concours-fanuc\/#primaryimage"},"thumbnailUrl":"https:\/\/www.lyceelafayette.fr\/wp-content\/uploads\/2023\/01\/e\u0301quipe-concours-FANUC-lyce\u0301e-la-fayette-scaled.jpg","inLanguage":"fr-FR"},{"@type":"WebPage","@id":"https:\/\/www.lyceelafayette.fr\/index.php\/2023\/01\/03\/finale-du-concours-fanuc\/","url":"https:\/\/www.lyceelafayette.fr\/index.php\/2023\/01\/03\/finale-du-concours-fanuc\/","name":"Finale du concours FANUC\u00a0! - Lyc\u00e9e La Fayette","isPartOf":{"@id":"https:\/\/www.lyceelafayette.fr\/#website"},"primaryImageOfPage":{"@id":"https:\/\/www.lyceelafayette.fr\/index.php\/2023\/01\/03\/finale-du-concours-fanuc\/#primaryimage"},"image":{"@id":"https:\/\/www.lyceelafayette.fr\/index.php\/2023\/01\/03\/finale-du-concours-fanuc\/#primaryimage"},"thumbnailUrl":"https:\/\/www.lyceelafayette.fr\/wp-content\/uploads\/2023\/01\/e\u0301quipe-concours-FANUC-lyce\u0301e-la-fayette-scaled.jpg","datePublished":"2023-01-03T15:24:31+00:00","dateModified":"2023-01-03T16:13:38+00:00","breadcrumb":{"@id":"https:\/\/www.lyceelafayette.fr\/index.php\/2023\/01\/03\/finale-du-concours-fanuc\/#breadcrumb"},"inLanguage":"fr-FR","potentialAction":[{"@type":"ReadAction","target":["https:\/\/www.lyceelafayette.fr\/index.php\/2023\/01\/03\/finale-du-concours-fanuc\/"]}]},{"@type":"ImageObject","inLanguage":"fr-FR","@id":"https:\/\/www.lyceelafayette.fr\/index.php\/2023\/01\/03\/finale-du-concours-fanuc\/#primaryimage","url":"https:\/\/www.lyceelafayette.fr\/wp-content\/uploads\/2023\/01\/e\u0301quipe-concours-FANUC-lyce\u0301e-la-fayette-scaled.jpg","contentUrl":"https:\/\/www.lyceelafayette.fr\/wp-content\/uploads\/2023\/01\/e\u0301quipe-concours-FANUC-lyce\u0301e-la-fayette-scaled.jpg","width":2560,"height":1920},{"@type":"BreadcrumbList","@id":"https:\/\/www.lyceelafayette.fr\/index.php\/2023\/01\/03\/finale-du-concours-fanuc\/#breadcrumb","itemListElement":[{"@type":"ListItem","position":1,"name":"Accueil","item":"https:\/\/www.lyceelafayette.fr\/"},{"@type":"ListItem","position":2,"name":"Finale du concours FANUC\u00a0!"}]},{"@type":"WebSite","@id":"https:\/\/www.lyceelafayette.fr\/#website","url":"https:\/\/www.lyceelafayette.fr\/","name":"Lyc\u00e9e La Fayette","description":"","publisher":{"@id":"https:\/\/www.lyceelafayette.fr\/#organization"},"potentialAction":[{"@type":"SearchAction","target":{"@type":"EntryPoint","urlTemplate":"https:\/\/www.lyceelafayette.fr\/?s={search_term_string}"},"query-input":{"@type":"PropertyValueSpecification","valueRequired":true,"valueName":"search_term_string"}}],"inLanguage":"fr-FR"},{"@type":"Organization","@id":"https:\/\/www.lyceelafayette.fr\/#organization","name":"Lyc\u00e9e La Fayette","url":"https:\/\/www.lyceelafayette.fr\/","logo":{"@type":"ImageObject","inLanguage":"fr-FR","@id":"https:\/\/www.lyceelafayette.fr\/#\/schema\/logo\/image\/","url":"https:\/\/www.lyceelafayette.fr\/wp-content\/uploads\/2019\/06\/llf_logo_alpha.png","contentUrl":"https:\/\/www.lyceelafayette.fr\/wp-content\/uploads\/2019\/06\/llf_logo_alpha.png","width":1583,"height":792,"caption":"Lyc\u00e9e La Fayette"},"image":{"@id":"https:\/\/www.lyceelafayette.fr\/#\/schema\/logo\/image\/"},"sameAs":["https:\/\/www.youtube.com\/channel\/UC2AOQowoMGBKdY4ToZsf9mw"]},{"@type":"Person","@id":"https:\/\/www.lyceelafayette.fr\/#\/schema\/person\/ce6db8a1157d50329e1fd65f9a9b5df8","name":"Alexandre Facchin","image":{"@type":"ImageObject","inLanguage":"fr-FR","@id":"https:\/\/secure.gravatar.com\/avatar\/c94ab2db74f6be2880cb92feeab1c3c9a55baee6dab0b6f9fbb80e1bc3336b7a?s=96&d=blank&r=g","url":"https:\/\/secure.gravatar.com\/avatar\/c94ab2db74f6be2880cb92feeab1c3c9a55baee6dab0b6f9fbb80e1bc3336b7a?s=96&d=blank&r=g","contentUrl":"https:\/\/secure.gravatar.com\/avatar\/c94ab2db74f6be2880cb92feeab1c3c9a55baee6dab0b6f9fbb80e1bc3336b7a?s=96&d=blank&r=g","caption":"Alexandre Facchin"},"url":"https:\/\/www.lyceelafayette.fr\/index.php\/author\/admin\/"}]}},"_links":{"self":[{"href":"https:\/\/www.lyceelafayette.fr\/index.php\/wp-json\/wp\/v2\/posts\/6153","targetHints":{"allow":["GET"]}}],"collection":[{"href":"https:\/\/www.lyceelafayette.fr\/index.php\/wp-json\/wp\/v2\/posts"}],"about":[{"href":"https:\/\/www.lyceelafayette.fr\/index.php\/wp-json\/wp\/v2\/types\/post"}],"author":[{"embeddable":true,"href":"https:\/\/www.lyceelafayette.fr\/index.php\/wp-json\/wp\/v2\/users\/8"}],"replies":[{"embeddable":true,"href":"https:\/\/www.lyceelafayette.fr\/index.php\/wp-json\/wp\/v2\/comments?post=6153"}],"version-history":[{"count":5,"href":"https:\/\/www.lyceelafayette.fr\/index.php\/wp-json\/wp\/v2\/posts\/6153\/revisions"}],"predecessor-version":[{"id":6165,"href":"https:\/\/www.lyceelafayette.fr\/index.php\/wp-json\/wp\/v2\/posts\/6153\/revisions\/6165"}],"wp:featuredmedia":[{"embeddable":true,"href":"https:\/\/www.lyceelafayette.fr\/index.php\/wp-json\/wp\/v2\/media\/6160"}],"wp:attachment":[{"href":"https:\/\/www.lyceelafayette.fr\/index.php\/wp-json\/wp\/v2\/media?parent=6153"}],"wp:term":[{"taxonomy":"category","embeddable":true,"href":"https:\/\/www.lyceelafayette.fr\/index.php\/wp-json\/wp\/v2\/categories?post=6153"},{"taxonomy":"post_tag","embeddable":true,"href":"https:\/\/www.lyceelafayette.fr\/index.php\/wp-json\/wp\/v2\/tags?post=6153"}],"curies":[{"name":"wp","href":"https:\/\/api.w.org\/{rel}","templated":true}]}}