{"id":6120,"date":"2022-12-08T14:20:54","date_gmt":"2022-12-08T13:20:54","guid":{"rendered":"https:\/\/www.lyceelafayette.fr\/?p=6120"},"modified":"2022-12-08T14:20:55","modified_gmt":"2022-12-08T13:20:55","slug":"stormshield-cybersecurite-et-partenariat","status":"publish","type":"post","link":"https:\/\/www.lyceelafayette.fr\/index.php\/2022\/12\/08\/stormshield-cybersecurite-et-partenariat\/","title":{"rendered":"Stormshield, cybers\u00e9curit\u00e9 et partenariat"},"content":{"rendered":"\n<p>Partout dans le monde, les entreprises, les institutions gouvernementales et les organismes de d\u00e9fense ont besoin d\u2019assurer la cybers\u00e9curit\u00e9 de leurs infrastructures critiques, de leurs donn\u00e9es sensibles et de leurs environnements op\u00e9rationnels. Le contexte national nous rappelle constamment l&rsquo;importance de la cybers\u00e9curit\u00e9.<\/p>\n\n\n\n<p>Le lyc\u00e9e La Fayette a sign\u00e9 un partenariat avec la soci\u00e9t\u00e9 Stormshield. Ce partenariat va permettre la mont\u00e9e en comp\u00e9tence des \u00e9quipes p\u00e9dagogiques et la certification d&rsquo;\u00e9tudiants. Ce partenariat se mat\u00e9rialise par la cr\u00e9ation d&rsquo;une <a href=\"https:\/\/institute.stormshield.eu\">acad\u00e9mie de formation<\/a>. <\/p>\n\n\n<div class=\"wp-block-image\">\n<figure class=\"alignleft size-full is-resized\"><img loading=\"lazy\" decoding=\"async\" src=\"https:\/\/www.lyceelafayette.fr\/wp-content\/uploads\/2022\/12\/image.png\" alt=\"\" class=\"wp-image-6121\" width=\"282\" height=\"141\" srcset=\"https:\/\/www.lyceelafayette.fr\/wp-content\/uploads\/2022\/12\/image.png 564w, https:\/\/www.lyceelafayette.fr\/wp-content\/uploads\/2022\/12\/image-300x150.png 300w, https:\/\/www.lyceelafayette.fr\/wp-content\/uploads\/2022\/12\/image-150x75.png 150w\" sizes=\"auto, (max-width: 282px) 100vw, 282px\" \/><\/figure>\n<\/div>\n\n\n<p>D\u00e8s la rentr\u00e9e 2023, les \u00e9tudiants du BTS SN-IR auront la possibilit\u00e9 de suivre un cursus de formation orient\u00e9 cybers\u00e9curit\u00e9 avec la possibilit\u00e9 de se certifier sur les produits Stormshield.<\/p>\n\n\n\n<p><a href=\"https:\/\/www.stormshield.com\/fr\/qui-sommes-nous\/une-histoire-ancree-dans-la-cybersecurite\/\">Stormshield<\/a> est une entreprise Fran\u00e7aise pionni\u00e8re dans ce domaine.<\/p>\n","protected":false},"excerpt":{"rendered":"<p>Partout dans le monde, les entreprises, les institutions gouvernementales et les organismes de d\u00e9fense ont besoin d\u2019assurer la cybers\u00e9curit\u00e9 de leurs infrastructures critiques, de leurs donn\u00e9es sensibles et de leurs environnements op\u00e9rationnels. Le contexte national nous rappelle constamment l&rsquo;importance de la cybers\u00e9curit\u00e9. Le lyc\u00e9e La Fayette a sign\u00e9 un partenariat&#8230; <a class=\"continue-reading-link\" href=\"https:\/\/www.lyceelafayette.fr\/index.php\/2022\/12\/08\/stormshield-cybersecurite-et-partenariat\/\">lire la suite<\/a><\/p>\n","protected":false},"author":8,"featured_media":0,"comment_status":"closed","ping_status":"open","sticky":false,"template":"","format":"standard","meta":{"footnotes":""},"categories":[1],"tags":[],"class_list":["post-6120","post","type-post","status-publish","format-standard","hentry","category-non-classe"],"yoast_head":"<!-- This site is optimized with the Yoast SEO plugin v27.5 - https:\/\/yoast.com\/product\/yoast-seo-wordpress\/ -->\n<title>Stormshield, cybers\u00e9curit\u00e9 et partenariat - Lyc\u00e9e La Fayette<\/title>\n<meta name=\"robots\" content=\"index, follow, max-snippet:-1, max-image-preview:large, max-video-preview:-1\" \/>\n<link rel=\"canonical\" href=\"https:\/\/www.lyceelafayette.fr\/index.php\/2022\/12\/08\/stormshield-cybersecurite-et-partenariat\/\" \/>\n<meta property=\"og:locale\" content=\"fr_FR\" \/>\n<meta property=\"og:type\" content=\"article\" \/>\n<meta property=\"og:title\" content=\"Stormshield, cybers\u00e9curit\u00e9 et partenariat - Lyc\u00e9e La Fayette\" \/>\n<meta property=\"og:description\" content=\"Partout dans le monde, les entreprises, les institutions gouvernementales et les organismes de d\u00e9fense ont besoin d\u2019assurer la cybers\u00e9curit\u00e9 de leurs infrastructures critiques, de leurs donn\u00e9es sensibles et de leurs environnements op\u00e9rationnels. Le contexte national nous rappelle constamment l&rsquo;importance de la cybers\u00e9curit\u00e9. Le lyc\u00e9e La Fayette a sign\u00e9 un partenariat... lire la suite\" \/>\n<meta property=\"og:url\" content=\"https:\/\/www.lyceelafayette.fr\/index.php\/2022\/12\/08\/stormshield-cybersecurite-et-partenariat\/\" \/>\n<meta property=\"og:site_name\" content=\"Lyc\u00e9e La Fayette\" \/>\n<meta property=\"article:published_time\" content=\"2022-12-08T13:20:54+00:00\" \/>\n<meta property=\"article:modified_time\" content=\"2022-12-08T13:20:55+00:00\" \/>\n<meta property=\"og:image\" content=\"https:\/\/www.lyceelafayette.fr\/wp-content\/uploads\/2022\/12\/image.png\" \/>\n<meta name=\"author\" content=\"Alexandre Facchin\" \/>\n<meta name=\"twitter:card\" content=\"summary_large_image\" \/>\n<meta name=\"twitter:label1\" content=\"\u00c9crit par\" \/>\n\t<meta name=\"twitter:data1\" content=\"Alexandre Facchin\" \/>\n\t<meta name=\"twitter:label2\" content=\"Dur\u00e9e de lecture estim\u00e9e\" \/>\n\t<meta name=\"twitter:data2\" content=\"1 minute\" \/>\n<script type=\"application\/ld+json\" class=\"yoast-schema-graph\">{\"@context\":\"https:\\\/\\\/schema.org\",\"@graph\":[{\"@type\":\"Article\",\"@id\":\"https:\\\/\\\/www.lyceelafayette.fr\\\/index.php\\\/2022\\\/12\\\/08\\\/stormshield-cybersecurite-et-partenariat\\\/#article\",\"isPartOf\":{\"@id\":\"https:\\\/\\\/www.lyceelafayette.fr\\\/index.php\\\/2022\\\/12\\\/08\\\/stormshield-cybersecurite-et-partenariat\\\/\"},\"author\":{\"name\":\"Alexandre Facchin\",\"@id\":\"https:\\\/\\\/www.lyceelafayette.fr\\\/#\\\/schema\\\/person\\\/ce6db8a1157d50329e1fd65f9a9b5df8\"},\"headline\":\"Stormshield, cybers\u00e9curit\u00e9 et partenariat\",\"datePublished\":\"2022-12-08T13:20:54+00:00\",\"dateModified\":\"2022-12-08T13:20:55+00:00\",\"mainEntityOfPage\":{\"@id\":\"https:\\\/\\\/www.lyceelafayette.fr\\\/index.php\\\/2022\\\/12\\\/08\\\/stormshield-cybersecurite-et-partenariat\\\/\"},\"wordCount\":145,\"publisher\":{\"@id\":\"https:\\\/\\\/www.lyceelafayette.fr\\\/#organization\"},\"image\":{\"@id\":\"https:\\\/\\\/www.lyceelafayette.fr\\\/index.php\\\/2022\\\/12\\\/08\\\/stormshield-cybersecurite-et-partenariat\\\/#primaryimage\"},\"thumbnailUrl\":\"https:\\\/\\\/www.lyceelafayette.fr\\\/wp-content\\\/uploads\\\/2022\\\/12\\\/image.png\",\"inLanguage\":\"fr-FR\"},{\"@type\":\"WebPage\",\"@id\":\"https:\\\/\\\/www.lyceelafayette.fr\\\/index.php\\\/2022\\\/12\\\/08\\\/stormshield-cybersecurite-et-partenariat\\\/\",\"url\":\"https:\\\/\\\/www.lyceelafayette.fr\\\/index.php\\\/2022\\\/12\\\/08\\\/stormshield-cybersecurite-et-partenariat\\\/\",\"name\":\"Stormshield, cybers\u00e9curit\u00e9 et partenariat - Lyc\u00e9e La Fayette\",\"isPartOf\":{\"@id\":\"https:\\\/\\\/www.lyceelafayette.fr\\\/#website\"},\"primaryImageOfPage\":{\"@id\":\"https:\\\/\\\/www.lyceelafayette.fr\\\/index.php\\\/2022\\\/12\\\/08\\\/stormshield-cybersecurite-et-partenariat\\\/#primaryimage\"},\"image\":{\"@id\":\"https:\\\/\\\/www.lyceelafayette.fr\\\/index.php\\\/2022\\\/12\\\/08\\\/stormshield-cybersecurite-et-partenariat\\\/#primaryimage\"},\"thumbnailUrl\":\"https:\\\/\\\/www.lyceelafayette.fr\\\/wp-content\\\/uploads\\\/2022\\\/12\\\/image.png\",\"datePublished\":\"2022-12-08T13:20:54+00:00\",\"dateModified\":\"2022-12-08T13:20:55+00:00\",\"breadcrumb\":{\"@id\":\"https:\\\/\\\/www.lyceelafayette.fr\\\/index.php\\\/2022\\\/12\\\/08\\\/stormshield-cybersecurite-et-partenariat\\\/#breadcrumb\"},\"inLanguage\":\"fr-FR\",\"potentialAction\":[{\"@type\":\"ReadAction\",\"target\":[\"https:\\\/\\\/www.lyceelafayette.fr\\\/index.php\\\/2022\\\/12\\\/08\\\/stormshield-cybersecurite-et-partenariat\\\/\"]}]},{\"@type\":\"ImageObject\",\"inLanguage\":\"fr-FR\",\"@id\":\"https:\\\/\\\/www.lyceelafayette.fr\\\/index.php\\\/2022\\\/12\\\/08\\\/stormshield-cybersecurite-et-partenariat\\\/#primaryimage\",\"url\":\"https:\\\/\\\/www.lyceelafayette.fr\\\/wp-content\\\/uploads\\\/2022\\\/12\\\/image.png\",\"contentUrl\":\"https:\\\/\\\/www.lyceelafayette.fr\\\/wp-content\\\/uploads\\\/2022\\\/12\\\/image.png\",\"width\":564,\"height\":282},{\"@type\":\"BreadcrumbList\",\"@id\":\"https:\\\/\\\/www.lyceelafayette.fr\\\/index.php\\\/2022\\\/12\\\/08\\\/stormshield-cybersecurite-et-partenariat\\\/#breadcrumb\",\"itemListElement\":[{\"@type\":\"ListItem\",\"position\":1,\"name\":\"Accueil\",\"item\":\"https:\\\/\\\/www.lyceelafayette.fr\\\/\"},{\"@type\":\"ListItem\",\"position\":2,\"name\":\"Stormshield, cybers\u00e9curit\u00e9 et partenariat\"}]},{\"@type\":\"WebSite\",\"@id\":\"https:\\\/\\\/www.lyceelafayette.fr\\\/#website\",\"url\":\"https:\\\/\\\/www.lyceelafayette.fr\\\/\",\"name\":\"Lyc\u00e9e La Fayette\",\"description\":\"\",\"publisher\":{\"@id\":\"https:\\\/\\\/www.lyceelafayette.fr\\\/#organization\"},\"potentialAction\":[{\"@type\":\"SearchAction\",\"target\":{\"@type\":\"EntryPoint\",\"urlTemplate\":\"https:\\\/\\\/www.lyceelafayette.fr\\\/?s={search_term_string}\"},\"query-input\":{\"@type\":\"PropertyValueSpecification\",\"valueRequired\":true,\"valueName\":\"search_term_string\"}}],\"inLanguage\":\"fr-FR\"},{\"@type\":\"Organization\",\"@id\":\"https:\\\/\\\/www.lyceelafayette.fr\\\/#organization\",\"name\":\"Lyc\u00e9e La Fayette\",\"url\":\"https:\\\/\\\/www.lyceelafayette.fr\\\/\",\"logo\":{\"@type\":\"ImageObject\",\"inLanguage\":\"fr-FR\",\"@id\":\"https:\\\/\\\/www.lyceelafayette.fr\\\/#\\\/schema\\\/logo\\\/image\\\/\",\"url\":\"https:\\\/\\\/www.lyceelafayette.fr\\\/wp-content\\\/uploads\\\/2019\\\/06\\\/llf_logo_alpha.png\",\"contentUrl\":\"https:\\\/\\\/www.lyceelafayette.fr\\\/wp-content\\\/uploads\\\/2019\\\/06\\\/llf_logo_alpha.png\",\"width\":1583,\"height\":792,\"caption\":\"Lyc\u00e9e La Fayette\"},\"image\":{\"@id\":\"https:\\\/\\\/www.lyceelafayette.fr\\\/#\\\/schema\\\/logo\\\/image\\\/\"},\"sameAs\":[\"https:\\\/\\\/www.youtube.com\\\/channel\\\/UC2AOQowoMGBKdY4ToZsf9mw\"]},{\"@type\":\"Person\",\"@id\":\"https:\\\/\\\/www.lyceelafayette.fr\\\/#\\\/schema\\\/person\\\/ce6db8a1157d50329e1fd65f9a9b5df8\",\"name\":\"Alexandre Facchin\",\"image\":{\"@type\":\"ImageObject\",\"inLanguage\":\"fr-FR\",\"@id\":\"https:\\\/\\\/secure.gravatar.com\\\/avatar\\\/c94ab2db74f6be2880cb92feeab1c3c9a55baee6dab0b6f9fbb80e1bc3336b7a?s=96&d=blank&r=g\",\"url\":\"https:\\\/\\\/secure.gravatar.com\\\/avatar\\\/c94ab2db74f6be2880cb92feeab1c3c9a55baee6dab0b6f9fbb80e1bc3336b7a?s=96&d=blank&r=g\",\"contentUrl\":\"https:\\\/\\\/secure.gravatar.com\\\/avatar\\\/c94ab2db74f6be2880cb92feeab1c3c9a55baee6dab0b6f9fbb80e1bc3336b7a?s=96&d=blank&r=g\",\"caption\":\"Alexandre Facchin\"},\"url\":\"https:\\\/\\\/www.lyceelafayette.fr\\\/index.php\\\/author\\\/admin\\\/\"}]}<\/script>\n<!-- \/ Yoast SEO plugin. -->","yoast_head_json":{"title":"Stormshield, cybers\u00e9curit\u00e9 et partenariat - Lyc\u00e9e La Fayette","robots":{"index":"index","follow":"follow","max-snippet":"max-snippet:-1","max-image-preview":"max-image-preview:large","max-video-preview":"max-video-preview:-1"},"canonical":"https:\/\/www.lyceelafayette.fr\/index.php\/2022\/12\/08\/stormshield-cybersecurite-et-partenariat\/","og_locale":"fr_FR","og_type":"article","og_title":"Stormshield, cybers\u00e9curit\u00e9 et partenariat - Lyc\u00e9e La Fayette","og_description":"Partout dans le monde, les entreprises, les institutions gouvernementales et les organismes de d\u00e9fense ont besoin d\u2019assurer la cybers\u00e9curit\u00e9 de leurs infrastructures critiques, de leurs donn\u00e9es sensibles et de leurs environnements op\u00e9rationnels. Le contexte national nous rappelle constamment l&rsquo;importance de la cybers\u00e9curit\u00e9. Le lyc\u00e9e La Fayette a sign\u00e9 un partenariat... lire la suite","og_url":"https:\/\/www.lyceelafayette.fr\/index.php\/2022\/12\/08\/stormshield-cybersecurite-et-partenariat\/","og_site_name":"Lyc\u00e9e La Fayette","article_published_time":"2022-12-08T13:20:54+00:00","article_modified_time":"2022-12-08T13:20:55+00:00","og_image":[{"url":"https:\/\/www.lyceelafayette.fr\/wp-content\/uploads\/2022\/12\/image.png","type":"","width":"","height":""}],"author":"Alexandre Facchin","twitter_card":"summary_large_image","twitter_misc":{"\u00c9crit par":"Alexandre Facchin","Dur\u00e9e de lecture estim\u00e9e":"1 minute"},"schema":{"@context":"https:\/\/schema.org","@graph":[{"@type":"Article","@id":"https:\/\/www.lyceelafayette.fr\/index.php\/2022\/12\/08\/stormshield-cybersecurite-et-partenariat\/#article","isPartOf":{"@id":"https:\/\/www.lyceelafayette.fr\/index.php\/2022\/12\/08\/stormshield-cybersecurite-et-partenariat\/"},"author":{"name":"Alexandre Facchin","@id":"https:\/\/www.lyceelafayette.fr\/#\/schema\/person\/ce6db8a1157d50329e1fd65f9a9b5df8"},"headline":"Stormshield, cybers\u00e9curit\u00e9 et partenariat","datePublished":"2022-12-08T13:20:54+00:00","dateModified":"2022-12-08T13:20:55+00:00","mainEntityOfPage":{"@id":"https:\/\/www.lyceelafayette.fr\/index.php\/2022\/12\/08\/stormshield-cybersecurite-et-partenariat\/"},"wordCount":145,"publisher":{"@id":"https:\/\/www.lyceelafayette.fr\/#organization"},"image":{"@id":"https:\/\/www.lyceelafayette.fr\/index.php\/2022\/12\/08\/stormshield-cybersecurite-et-partenariat\/#primaryimage"},"thumbnailUrl":"https:\/\/www.lyceelafayette.fr\/wp-content\/uploads\/2022\/12\/image.png","inLanguage":"fr-FR"},{"@type":"WebPage","@id":"https:\/\/www.lyceelafayette.fr\/index.php\/2022\/12\/08\/stormshield-cybersecurite-et-partenariat\/","url":"https:\/\/www.lyceelafayette.fr\/index.php\/2022\/12\/08\/stormshield-cybersecurite-et-partenariat\/","name":"Stormshield, cybers\u00e9curit\u00e9 et partenariat - Lyc\u00e9e La Fayette","isPartOf":{"@id":"https:\/\/www.lyceelafayette.fr\/#website"},"primaryImageOfPage":{"@id":"https:\/\/www.lyceelafayette.fr\/index.php\/2022\/12\/08\/stormshield-cybersecurite-et-partenariat\/#primaryimage"},"image":{"@id":"https:\/\/www.lyceelafayette.fr\/index.php\/2022\/12\/08\/stormshield-cybersecurite-et-partenariat\/#primaryimage"},"thumbnailUrl":"https:\/\/www.lyceelafayette.fr\/wp-content\/uploads\/2022\/12\/image.png","datePublished":"2022-12-08T13:20:54+00:00","dateModified":"2022-12-08T13:20:55+00:00","breadcrumb":{"@id":"https:\/\/www.lyceelafayette.fr\/index.php\/2022\/12\/08\/stormshield-cybersecurite-et-partenariat\/#breadcrumb"},"inLanguage":"fr-FR","potentialAction":[{"@type":"ReadAction","target":["https:\/\/www.lyceelafayette.fr\/index.php\/2022\/12\/08\/stormshield-cybersecurite-et-partenariat\/"]}]},{"@type":"ImageObject","inLanguage":"fr-FR","@id":"https:\/\/www.lyceelafayette.fr\/index.php\/2022\/12\/08\/stormshield-cybersecurite-et-partenariat\/#primaryimage","url":"https:\/\/www.lyceelafayette.fr\/wp-content\/uploads\/2022\/12\/image.png","contentUrl":"https:\/\/www.lyceelafayette.fr\/wp-content\/uploads\/2022\/12\/image.png","width":564,"height":282},{"@type":"BreadcrumbList","@id":"https:\/\/www.lyceelafayette.fr\/index.php\/2022\/12\/08\/stormshield-cybersecurite-et-partenariat\/#breadcrumb","itemListElement":[{"@type":"ListItem","position":1,"name":"Accueil","item":"https:\/\/www.lyceelafayette.fr\/"},{"@type":"ListItem","position":2,"name":"Stormshield, cybers\u00e9curit\u00e9 et partenariat"}]},{"@type":"WebSite","@id":"https:\/\/www.lyceelafayette.fr\/#website","url":"https:\/\/www.lyceelafayette.fr\/","name":"Lyc\u00e9e La Fayette","description":"","publisher":{"@id":"https:\/\/www.lyceelafayette.fr\/#organization"},"potentialAction":[{"@type":"SearchAction","target":{"@type":"EntryPoint","urlTemplate":"https:\/\/www.lyceelafayette.fr\/?s={search_term_string}"},"query-input":{"@type":"PropertyValueSpecification","valueRequired":true,"valueName":"search_term_string"}}],"inLanguage":"fr-FR"},{"@type":"Organization","@id":"https:\/\/www.lyceelafayette.fr\/#organization","name":"Lyc\u00e9e La Fayette","url":"https:\/\/www.lyceelafayette.fr\/","logo":{"@type":"ImageObject","inLanguage":"fr-FR","@id":"https:\/\/www.lyceelafayette.fr\/#\/schema\/logo\/image\/","url":"https:\/\/www.lyceelafayette.fr\/wp-content\/uploads\/2019\/06\/llf_logo_alpha.png","contentUrl":"https:\/\/www.lyceelafayette.fr\/wp-content\/uploads\/2019\/06\/llf_logo_alpha.png","width":1583,"height":792,"caption":"Lyc\u00e9e La Fayette"},"image":{"@id":"https:\/\/www.lyceelafayette.fr\/#\/schema\/logo\/image\/"},"sameAs":["https:\/\/www.youtube.com\/channel\/UC2AOQowoMGBKdY4ToZsf9mw"]},{"@type":"Person","@id":"https:\/\/www.lyceelafayette.fr\/#\/schema\/person\/ce6db8a1157d50329e1fd65f9a9b5df8","name":"Alexandre Facchin","image":{"@type":"ImageObject","inLanguage":"fr-FR","@id":"https:\/\/secure.gravatar.com\/avatar\/c94ab2db74f6be2880cb92feeab1c3c9a55baee6dab0b6f9fbb80e1bc3336b7a?s=96&d=blank&r=g","url":"https:\/\/secure.gravatar.com\/avatar\/c94ab2db74f6be2880cb92feeab1c3c9a55baee6dab0b6f9fbb80e1bc3336b7a?s=96&d=blank&r=g","contentUrl":"https:\/\/secure.gravatar.com\/avatar\/c94ab2db74f6be2880cb92feeab1c3c9a55baee6dab0b6f9fbb80e1bc3336b7a?s=96&d=blank&r=g","caption":"Alexandre Facchin"},"url":"https:\/\/www.lyceelafayette.fr\/index.php\/author\/admin\/"}]}},"_links":{"self":[{"href":"https:\/\/www.lyceelafayette.fr\/index.php\/wp-json\/wp\/v2\/posts\/6120","targetHints":{"allow":["GET"]}}],"collection":[{"href":"https:\/\/www.lyceelafayette.fr\/index.php\/wp-json\/wp\/v2\/posts"}],"about":[{"href":"https:\/\/www.lyceelafayette.fr\/index.php\/wp-json\/wp\/v2\/types\/post"}],"author":[{"embeddable":true,"href":"https:\/\/www.lyceelafayette.fr\/index.php\/wp-json\/wp\/v2\/users\/8"}],"replies":[{"embeddable":true,"href":"https:\/\/www.lyceelafayette.fr\/index.php\/wp-json\/wp\/v2\/comments?post=6120"}],"version-history":[{"count":1,"href":"https:\/\/www.lyceelafayette.fr\/index.php\/wp-json\/wp\/v2\/posts\/6120\/revisions"}],"predecessor-version":[{"id":6122,"href":"https:\/\/www.lyceelafayette.fr\/index.php\/wp-json\/wp\/v2\/posts\/6120\/revisions\/6122"}],"wp:attachment":[{"href":"https:\/\/www.lyceelafayette.fr\/index.php\/wp-json\/wp\/v2\/media?parent=6120"}],"wp:term":[{"taxonomy":"category","embeddable":true,"href":"https:\/\/www.lyceelafayette.fr\/index.php\/wp-json\/wp\/v2\/categories?post=6120"},{"taxonomy":"post_tag","embeddable":true,"href":"https:\/\/www.lyceelafayette.fr\/index.php\/wp-json\/wp\/v2\/tags?post=6120"}],"curies":[{"name":"wp","href":"https:\/\/api.w.org\/{rel}","templated":true}]}}