{"id":6080,"date":"2022-11-29T09:12:15","date_gmt":"2022-11-29T08:12:15","guid":{"rendered":"https:\/\/www.lyceelafayette.fr\/?p=6080"},"modified":"2022-11-29T09:12:16","modified_gmt":"2022-11-29T08:12:16","slug":"visite-du-cegep-de-matane","status":"publish","type":"post","link":"https:\/\/www.lyceelafayette.fr\/index.php\/2022\/11\/29\/visite-du-cegep-de-matane\/","title":{"rendered":"Visite du CEGEP de Matane"},"content":{"rendered":"\n<p>Nous avons eu le plaisir d&rsquo;accueillir <strong>\u00c9ric Desbiens<\/strong>, enseignant d\u2019\u00e9lectrotechnique au <a href=\"https:\/\/www.cegep-matane.qc.ca\/\">CEGEP de Matane<\/a>.<\/p>\n\n\n<div class=\"wp-block-image\">\n<figure class=\"alignleft size-full\"><img loading=\"lazy\" decoding=\"async\" width=\"324\" height=\"144\" src=\"https:\/\/www.lyceelafayette.fr\/wp-content\/uploads\/2022\/11\/image-5.png\" alt=\"\" class=\"wp-image-6085\" srcset=\"https:\/\/www.lyceelafayette.fr\/wp-content\/uploads\/2022\/11\/image-5.png 324w, https:\/\/www.lyceelafayette.fr\/wp-content\/uploads\/2022\/11\/image-5-300x133.png 300w, https:\/\/www.lyceelafayette.fr\/wp-content\/uploads\/2022\/11\/image-5-150x67.png 150w\" sizes=\"auto, (max-width: 324px) 100vw, 324px\" \/><\/figure>\n<\/div>\n\n\n<p>Cette visite s&rsquo;inscrit dans la poursuite du partenariat entre le lyc\u00e9e La Fayette et le CEGEP. Depuis pr\u00e8s de 10 ans, ce partenariat permet aux \u00e9tudiants de <strong>BTS SN-IR<\/strong> et <strong>BTS \u00e9lectrotechnique<\/strong> de faire une ann\u00e9e d\u2019\u00e9tude \u00e0 <a href=\"https:\/\/www.ville.matane.qc.ca\/\">Matane<\/a> et d\u2019obtenir un DEC (Dipl\u00f4me d\u2019Etude Coll\u00e9giale) ainsi qu\u2019un permis de travail pour y rester apr\u00e8s l\u2019obtention du dipl\u00f4me.<\/p>\n\n\n\n<figure class=\"wp-block-image size-large is-resized\"><img loading=\"lazy\" decoding=\"async\" src=\"https:\/\/www.lyceelafayette.fr\/wp-content\/uploads\/2022\/11\/image-4-1024x741.png\" alt=\"\" class=\"wp-image-6084\" width=\"768\" height=\"556\" srcset=\"https:\/\/www.lyceelafayette.fr\/wp-content\/uploads\/2022\/11\/image-4-1024x741.png 1024w, https:\/\/www.lyceelafayette.fr\/wp-content\/uploads\/2022\/11\/image-4-300x217.png 300w, https:\/\/www.lyceelafayette.fr\/wp-content\/uploads\/2022\/11\/image-4-768x556.png 768w, https:\/\/www.lyceelafayette.fr\/wp-content\/uploads\/2022\/11\/image-4-150x109.png 150w, https:\/\/www.lyceelafayette.fr\/wp-content\/uploads\/2022\/11\/image-4.png 1078w\" sizes=\"auto, (max-width: 768px) 100vw, 768px\" \/><\/figure>\n\n\n\n<p>Ce partenariat permet de r\u00e9duire les frais li\u00e9s \u00e0 cette poursuite d\u2019\u00e9tude, qui ne revient au final, pas plus cher qu\u2019une ann\u00e9e d\u2019\u00e9tude avec une chambre en cit\u00e9 universitaire.<\/p>\n\n\n\n<p>Cela faisait 8 ans qu\u2019<strong>Eric Desbiens<\/strong> \u00e9tait venu nous voir et cela a \u00e9t\u00e9 l\u2019occasion pour lui de pr\u00e9senter le partenariat aux \u00e9tudiants des deux BTS concern\u00e9s.<\/p>\n\n\n\n<p>Pour les \u00e9tudiants de BTS SN-IR, la fili\u00e8re du DEC est celle d\u2019informatique <a href=\"https:\/\/www.cegep-matane.qc.ca\/programmes\/informatique\/\">https:\/\/www.cegep-matane.qc.ca\/programmes\/informatique\/<\/a><\/p>\n\n\n\n<figure class=\"wp-block-image size-large is-resized\"><img loading=\"lazy\" decoding=\"async\" src=\"https:\/\/www.lyceelafayette.fr\/wp-content\/uploads\/2022\/11\/image-1-1024x310.png\" alt=\"\" class=\"wp-image-6081\" width=\"512\" height=\"155\" srcset=\"https:\/\/www.lyceelafayette.fr\/wp-content\/uploads\/2022\/11\/image-1-1024x310.png 1024w, https:\/\/www.lyceelafayette.fr\/wp-content\/uploads\/2022\/11\/image-1-300x91.png 300w, https:\/\/www.lyceelafayette.fr\/wp-content\/uploads\/2022\/11\/image-1-768x233.png 768w, https:\/\/www.lyceelafayette.fr\/wp-content\/uploads\/2022\/11\/image-1-1536x465.png 1536w, https:\/\/www.lyceelafayette.fr\/wp-content\/uploads\/2022\/11\/image-1-2048x620.png 2048w, https:\/\/www.lyceelafayette.fr\/wp-content\/uploads\/2022\/11\/image-1-150x45.png 150w\" sizes=\"auto, (max-width: 512px) 100vw, 512px\" \/><\/figure>\n\n\n\n<p>Pour les \u00e9tudiants de BTS \u00e9lectrotechnique, la fili\u00e8re du DEC est celle de la technologie du g\u00e9nie \u00e9lectrique, automatisation et contr\u00f4le <a href=\"https:\/\/www.cegep-matane.qc.ca\/programmes\/genie-electrique\/\">https:\/\/www.cegep-matane.qc.ca\/programmes\/genie-electrique\/<\/a><\/p>\n\n\n\n<figure class=\"wp-block-image size-large is-resized\"><img loading=\"lazy\" decoding=\"async\" src=\"https:\/\/www.lyceelafayette.fr\/wp-content\/uploads\/2022\/11\/image-2-1024x328.png\" alt=\"\" class=\"wp-image-6082\" width=\"512\" height=\"164\" srcset=\"https:\/\/www.lyceelafayette.fr\/wp-content\/uploads\/2022\/11\/image-2-1024x328.png 1024w, https:\/\/www.lyceelafayette.fr\/wp-content\/uploads\/2022\/11\/image-2-300x96.png 300w, https:\/\/www.lyceelafayette.fr\/wp-content\/uploads\/2022\/11\/image-2-768x246.png 768w, https:\/\/www.lyceelafayette.fr\/wp-content\/uploads\/2022\/11\/image-2-1536x492.png 1536w, https:\/\/www.lyceelafayette.fr\/wp-content\/uploads\/2022\/11\/image-2-2048x656.png 2048w, https:\/\/www.lyceelafayette.fr\/wp-content\/uploads\/2022\/11\/image-2-150x48.png 150w\" sizes=\"auto, (max-width: 512px) 100vw, 512px\" \/><\/figure>\n\n\n\n<p>Nous esp\u00e9rons que d\u00e8s l\u2019ann\u00e9e prochaine, des \u00e9tudiants du lyc\u00e9e La Fayette se rendront \u00e0 nouveau au CEGEP de Matane, pour incr\u00e9menter la liste des 40 \u00e9tudiants &#8212; 13 stagiaires de BTS SN-IR et 27 poursuivants en DEC &#8212; qui ont d\u00e9j\u00e0 tent\u00e9 l\u2019exp\u00e9rience.<\/p>\n\n\n\n<p><strong>Alexandre Facchin et Alain Menu &#8212; enseignants BTS SN-IR<\/strong><\/p>\n\n\n\n<p><strong>Armelle Zinck et David Brunet &#8212; enseignant-e-s BTS \u00e9lectrotechnique<\/strong><\/p>\n\n\n\n<figure class=\"wp-block-image size-large is-resized\"><img loading=\"lazy\" decoding=\"async\" src=\"https:\/\/www.lyceelafayette.fr\/wp-content\/uploads\/2022\/11\/image-3-1024x651.png\" alt=\"\" class=\"wp-image-6083\" width=\"512\" height=\"326\" srcset=\"https:\/\/www.lyceelafayette.fr\/wp-content\/uploads\/2022\/11\/image-3-1024x651.png 1024w, https:\/\/www.lyceelafayette.fr\/wp-content\/uploads\/2022\/11\/image-3-300x191.png 300w, https:\/\/www.lyceelafayette.fr\/wp-content\/uploads\/2022\/11\/image-3-768x489.png 768w, https:\/\/www.lyceelafayette.fr\/wp-content\/uploads\/2022\/11\/image-3-150x95.png 150w, https:\/\/www.lyceelafayette.fr\/wp-content\/uploads\/2022\/11\/image-3.png 1226w\" sizes=\"auto, (max-width: 512px) 100vw, 512px\" \/><\/figure>\n","protected":false},"excerpt":{"rendered":"<p>Nous avons eu le plaisir d&rsquo;accueillir \u00c9ric Desbiens, enseignant d\u2019\u00e9lectrotechnique au CEGEP de Matane. Cette visite s&rsquo;inscrit dans la poursuite du partenariat entre le lyc\u00e9e La Fayette et le CEGEP. Depuis pr\u00e8s de 10 ans, ce partenariat permet aux \u00e9tudiants de BTS SN-IR et BTS \u00e9lectrotechnique de faire une ann\u00e9e&#8230; <a class=\"continue-reading-link\" href=\"https:\/\/www.lyceelafayette.fr\/index.php\/2022\/11\/29\/visite-du-cegep-de-matane\/\">lire la suite<\/a><\/p>\n","protected":false},"author":8,"featured_media":6085,"comment_status":"closed","ping_status":"open","sticky":false,"template":"","format":"standard","meta":{"footnotes":""},"categories":[1],"tags":[108,15,20,109,33,72],"class_list":["post-6080","post","type-post","status-publish","format-standard","has-post-thumbnail","hentry","category-non-classe","tag-108","tag-bts","tag-electricite","tag-electrotechnique-2","tag-etudiants","tag-snir"],"yoast_head":"<!-- This site is optimized with the Yoast SEO plugin v27.5 - https:\/\/yoast.com\/product\/yoast-seo-wordpress\/ -->\n<title>Visite du CEGEP de Matane - Lyc\u00e9e La Fayette<\/title>\n<meta name=\"robots\" content=\"index, follow, max-snippet:-1, max-image-preview:large, max-video-preview:-1\" \/>\n<link rel=\"canonical\" href=\"https:\/\/www.lyceelafayette.fr\/index.php\/2022\/11\/29\/visite-du-cegep-de-matane\/\" \/>\n<meta property=\"og:locale\" content=\"fr_FR\" \/>\n<meta property=\"og:type\" content=\"article\" \/>\n<meta property=\"og:title\" content=\"Visite du CEGEP de Matane - Lyc\u00e9e La Fayette\" \/>\n<meta property=\"og:description\" content=\"Nous avons eu le plaisir d&rsquo;accueillir \u00c9ric Desbiens, enseignant d\u2019\u00e9lectrotechnique au CEGEP de Matane. Cette visite s&rsquo;inscrit dans la poursuite du partenariat entre le lyc\u00e9e La Fayette et le CEGEP. Depuis pr\u00e8s de 10 ans, ce partenariat permet aux \u00e9tudiants de BTS SN-IR et BTS \u00e9lectrotechnique de faire une ann\u00e9e... lire la suite\" \/>\n<meta property=\"og:url\" content=\"https:\/\/www.lyceelafayette.fr\/index.php\/2022\/11\/29\/visite-du-cegep-de-matane\/\" \/>\n<meta property=\"og:site_name\" content=\"Lyc\u00e9e La Fayette\" \/>\n<meta property=\"article:published_time\" content=\"2022-11-29T08:12:15+00:00\" \/>\n<meta property=\"article:modified_time\" content=\"2022-11-29T08:12:16+00:00\" \/>\n<meta property=\"og:image\" content=\"https:\/\/www.lyceelafayette.fr\/wp-content\/uploads\/2022\/11\/image-5.png\" \/>\n\t<meta property=\"og:image:width\" content=\"324\" \/>\n\t<meta property=\"og:image:height\" content=\"144\" \/>\n\t<meta property=\"og:image:type\" content=\"image\/png\" \/>\n<meta name=\"author\" content=\"Alexandre Facchin\" \/>\n<meta name=\"twitter:card\" content=\"summary_large_image\" \/>\n<meta name=\"twitter:label1\" content=\"\u00c9crit par\" \/>\n\t<meta name=\"twitter:data1\" content=\"Alexandre Facchin\" \/>\n\t<meta name=\"twitter:label2\" content=\"Dur\u00e9e de lecture estim\u00e9e\" \/>\n\t<meta name=\"twitter:data2\" content=\"3 minutes\" \/>\n<script type=\"application\/ld+json\" class=\"yoast-schema-graph\">{\"@context\":\"https:\\\/\\\/schema.org\",\"@graph\":[{\"@type\":\"Article\",\"@id\":\"https:\\\/\\\/www.lyceelafayette.fr\\\/index.php\\\/2022\\\/11\\\/29\\\/visite-du-cegep-de-matane\\\/#article\",\"isPartOf\":{\"@id\":\"https:\\\/\\\/www.lyceelafayette.fr\\\/index.php\\\/2022\\\/11\\\/29\\\/visite-du-cegep-de-matane\\\/\"},\"author\":{\"name\":\"Alexandre Facchin\",\"@id\":\"https:\\\/\\\/www.lyceelafayette.fr\\\/#\\\/schema\\\/person\\\/ce6db8a1157d50329e1fd65f9a9b5df8\"},\"headline\":\"Visite du CEGEP de Matane\",\"datePublished\":\"2022-11-29T08:12:15+00:00\",\"dateModified\":\"2022-11-29T08:12:16+00:00\",\"mainEntityOfPage\":{\"@id\":\"https:\\\/\\\/www.lyceelafayette.fr\\\/index.php\\\/2022\\\/11\\\/29\\\/visite-du-cegep-de-matane\\\/\"},\"wordCount\":274,\"publisher\":{\"@id\":\"https:\\\/\\\/www.lyceelafayette.fr\\\/#organization\"},\"image\":{\"@id\":\"https:\\\/\\\/www.lyceelafayette.fr\\\/index.php\\\/2022\\\/11\\\/29\\\/visite-du-cegep-de-matane\\\/#primaryimage\"},\"thumbnailUrl\":\"https:\\\/\\\/www.lyceelafayette.fr\\\/wp-content\\\/uploads\\\/2022\\\/11\\\/image-5.png\",\"keywords\":[\"2022\",\"BTS\",\"\u00e9lectricit\u00e9\",\"Electrotechnique\",\"\u00e9tudiants\",\"SNIR\"],\"inLanguage\":\"fr-FR\"},{\"@type\":\"WebPage\",\"@id\":\"https:\\\/\\\/www.lyceelafayette.fr\\\/index.php\\\/2022\\\/11\\\/29\\\/visite-du-cegep-de-matane\\\/\",\"url\":\"https:\\\/\\\/www.lyceelafayette.fr\\\/index.php\\\/2022\\\/11\\\/29\\\/visite-du-cegep-de-matane\\\/\",\"name\":\"Visite du CEGEP de Matane - Lyc\u00e9e La Fayette\",\"isPartOf\":{\"@id\":\"https:\\\/\\\/www.lyceelafayette.fr\\\/#website\"},\"primaryImageOfPage\":{\"@id\":\"https:\\\/\\\/www.lyceelafayette.fr\\\/index.php\\\/2022\\\/11\\\/29\\\/visite-du-cegep-de-matane\\\/#primaryimage\"},\"image\":{\"@id\":\"https:\\\/\\\/www.lyceelafayette.fr\\\/index.php\\\/2022\\\/11\\\/29\\\/visite-du-cegep-de-matane\\\/#primaryimage\"},\"thumbnailUrl\":\"https:\\\/\\\/www.lyceelafayette.fr\\\/wp-content\\\/uploads\\\/2022\\\/11\\\/image-5.png\",\"datePublished\":\"2022-11-29T08:12:15+00:00\",\"dateModified\":\"2022-11-29T08:12:16+00:00\",\"breadcrumb\":{\"@id\":\"https:\\\/\\\/www.lyceelafayette.fr\\\/index.php\\\/2022\\\/11\\\/29\\\/visite-du-cegep-de-matane\\\/#breadcrumb\"},\"inLanguage\":\"fr-FR\",\"potentialAction\":[{\"@type\":\"ReadAction\",\"target\":[\"https:\\\/\\\/www.lyceelafayette.fr\\\/index.php\\\/2022\\\/11\\\/29\\\/visite-du-cegep-de-matane\\\/\"]}]},{\"@type\":\"ImageObject\",\"inLanguage\":\"fr-FR\",\"@id\":\"https:\\\/\\\/www.lyceelafayette.fr\\\/index.php\\\/2022\\\/11\\\/29\\\/visite-du-cegep-de-matane\\\/#primaryimage\",\"url\":\"https:\\\/\\\/www.lyceelafayette.fr\\\/wp-content\\\/uploads\\\/2022\\\/11\\\/image-5.png\",\"contentUrl\":\"https:\\\/\\\/www.lyceelafayette.fr\\\/wp-content\\\/uploads\\\/2022\\\/11\\\/image-5.png\",\"width\":324,\"height\":144},{\"@type\":\"BreadcrumbList\",\"@id\":\"https:\\\/\\\/www.lyceelafayette.fr\\\/index.php\\\/2022\\\/11\\\/29\\\/visite-du-cegep-de-matane\\\/#breadcrumb\",\"itemListElement\":[{\"@type\":\"ListItem\",\"position\":1,\"name\":\"Accueil\",\"item\":\"https:\\\/\\\/www.lyceelafayette.fr\\\/\"},{\"@type\":\"ListItem\",\"position\":2,\"name\":\"Visite du CEGEP de Matane\"}]},{\"@type\":\"WebSite\",\"@id\":\"https:\\\/\\\/www.lyceelafayette.fr\\\/#website\",\"url\":\"https:\\\/\\\/www.lyceelafayette.fr\\\/\",\"name\":\"Lyc\u00e9e La Fayette\",\"description\":\"\",\"publisher\":{\"@id\":\"https:\\\/\\\/www.lyceelafayette.fr\\\/#organization\"},\"potentialAction\":[{\"@type\":\"SearchAction\",\"target\":{\"@type\":\"EntryPoint\",\"urlTemplate\":\"https:\\\/\\\/www.lyceelafayette.fr\\\/?s={search_term_string}\"},\"query-input\":{\"@type\":\"PropertyValueSpecification\",\"valueRequired\":true,\"valueName\":\"search_term_string\"}}],\"inLanguage\":\"fr-FR\"},{\"@type\":\"Organization\",\"@id\":\"https:\\\/\\\/www.lyceelafayette.fr\\\/#organization\",\"name\":\"Lyc\u00e9e La Fayette\",\"url\":\"https:\\\/\\\/www.lyceelafayette.fr\\\/\",\"logo\":{\"@type\":\"ImageObject\",\"inLanguage\":\"fr-FR\",\"@id\":\"https:\\\/\\\/www.lyceelafayette.fr\\\/#\\\/schema\\\/logo\\\/image\\\/\",\"url\":\"https:\\\/\\\/www.lyceelafayette.fr\\\/wp-content\\\/uploads\\\/2019\\\/06\\\/llf_logo_alpha.png\",\"contentUrl\":\"https:\\\/\\\/www.lyceelafayette.fr\\\/wp-content\\\/uploads\\\/2019\\\/06\\\/llf_logo_alpha.png\",\"width\":1583,\"height\":792,\"caption\":\"Lyc\u00e9e La Fayette\"},\"image\":{\"@id\":\"https:\\\/\\\/www.lyceelafayette.fr\\\/#\\\/schema\\\/logo\\\/image\\\/\"},\"sameAs\":[\"https:\\\/\\\/www.youtube.com\\\/channel\\\/UC2AOQowoMGBKdY4ToZsf9mw\"]},{\"@type\":\"Person\",\"@id\":\"https:\\\/\\\/www.lyceelafayette.fr\\\/#\\\/schema\\\/person\\\/ce6db8a1157d50329e1fd65f9a9b5df8\",\"name\":\"Alexandre Facchin\",\"image\":{\"@type\":\"ImageObject\",\"inLanguage\":\"fr-FR\",\"@id\":\"https:\\\/\\\/secure.gravatar.com\\\/avatar\\\/c94ab2db74f6be2880cb92feeab1c3c9a55baee6dab0b6f9fbb80e1bc3336b7a?s=96&d=blank&r=g\",\"url\":\"https:\\\/\\\/secure.gravatar.com\\\/avatar\\\/c94ab2db74f6be2880cb92feeab1c3c9a55baee6dab0b6f9fbb80e1bc3336b7a?s=96&d=blank&r=g\",\"contentUrl\":\"https:\\\/\\\/secure.gravatar.com\\\/avatar\\\/c94ab2db74f6be2880cb92feeab1c3c9a55baee6dab0b6f9fbb80e1bc3336b7a?s=96&d=blank&r=g\",\"caption\":\"Alexandre Facchin\"},\"url\":\"https:\\\/\\\/www.lyceelafayette.fr\\\/index.php\\\/author\\\/admin\\\/\"}]}<\/script>\n<!-- \/ Yoast SEO plugin. -->","yoast_head_json":{"title":"Visite du CEGEP de Matane - Lyc\u00e9e La Fayette","robots":{"index":"index","follow":"follow","max-snippet":"max-snippet:-1","max-image-preview":"max-image-preview:large","max-video-preview":"max-video-preview:-1"},"canonical":"https:\/\/www.lyceelafayette.fr\/index.php\/2022\/11\/29\/visite-du-cegep-de-matane\/","og_locale":"fr_FR","og_type":"article","og_title":"Visite du CEGEP de Matane - Lyc\u00e9e La Fayette","og_description":"Nous avons eu le plaisir d&rsquo;accueillir \u00c9ric Desbiens, enseignant d\u2019\u00e9lectrotechnique au CEGEP de Matane. Cette visite s&rsquo;inscrit dans la poursuite du partenariat entre le lyc\u00e9e La Fayette et le CEGEP. Depuis pr\u00e8s de 10 ans, ce partenariat permet aux \u00e9tudiants de BTS SN-IR et BTS \u00e9lectrotechnique de faire une ann\u00e9e... lire la suite","og_url":"https:\/\/www.lyceelafayette.fr\/index.php\/2022\/11\/29\/visite-du-cegep-de-matane\/","og_site_name":"Lyc\u00e9e La Fayette","article_published_time":"2022-11-29T08:12:15+00:00","article_modified_time":"2022-11-29T08:12:16+00:00","og_image":[{"width":324,"height":144,"url":"https:\/\/www.lyceelafayette.fr\/wp-content\/uploads\/2022\/11\/image-5.png","type":"image\/png"}],"author":"Alexandre Facchin","twitter_card":"summary_large_image","twitter_misc":{"\u00c9crit par":"Alexandre Facchin","Dur\u00e9e de lecture estim\u00e9e":"3 minutes"},"schema":{"@context":"https:\/\/schema.org","@graph":[{"@type":"Article","@id":"https:\/\/www.lyceelafayette.fr\/index.php\/2022\/11\/29\/visite-du-cegep-de-matane\/#article","isPartOf":{"@id":"https:\/\/www.lyceelafayette.fr\/index.php\/2022\/11\/29\/visite-du-cegep-de-matane\/"},"author":{"name":"Alexandre Facchin","@id":"https:\/\/www.lyceelafayette.fr\/#\/schema\/person\/ce6db8a1157d50329e1fd65f9a9b5df8"},"headline":"Visite du CEGEP de Matane","datePublished":"2022-11-29T08:12:15+00:00","dateModified":"2022-11-29T08:12:16+00:00","mainEntityOfPage":{"@id":"https:\/\/www.lyceelafayette.fr\/index.php\/2022\/11\/29\/visite-du-cegep-de-matane\/"},"wordCount":274,"publisher":{"@id":"https:\/\/www.lyceelafayette.fr\/#organization"},"image":{"@id":"https:\/\/www.lyceelafayette.fr\/index.php\/2022\/11\/29\/visite-du-cegep-de-matane\/#primaryimage"},"thumbnailUrl":"https:\/\/www.lyceelafayette.fr\/wp-content\/uploads\/2022\/11\/image-5.png","keywords":["2022","BTS","\u00e9lectricit\u00e9","Electrotechnique","\u00e9tudiants","SNIR"],"inLanguage":"fr-FR"},{"@type":"WebPage","@id":"https:\/\/www.lyceelafayette.fr\/index.php\/2022\/11\/29\/visite-du-cegep-de-matane\/","url":"https:\/\/www.lyceelafayette.fr\/index.php\/2022\/11\/29\/visite-du-cegep-de-matane\/","name":"Visite du CEGEP de Matane - Lyc\u00e9e La Fayette","isPartOf":{"@id":"https:\/\/www.lyceelafayette.fr\/#website"},"primaryImageOfPage":{"@id":"https:\/\/www.lyceelafayette.fr\/index.php\/2022\/11\/29\/visite-du-cegep-de-matane\/#primaryimage"},"image":{"@id":"https:\/\/www.lyceelafayette.fr\/index.php\/2022\/11\/29\/visite-du-cegep-de-matane\/#primaryimage"},"thumbnailUrl":"https:\/\/www.lyceelafayette.fr\/wp-content\/uploads\/2022\/11\/image-5.png","datePublished":"2022-11-29T08:12:15+00:00","dateModified":"2022-11-29T08:12:16+00:00","breadcrumb":{"@id":"https:\/\/www.lyceelafayette.fr\/index.php\/2022\/11\/29\/visite-du-cegep-de-matane\/#breadcrumb"},"inLanguage":"fr-FR","potentialAction":[{"@type":"ReadAction","target":["https:\/\/www.lyceelafayette.fr\/index.php\/2022\/11\/29\/visite-du-cegep-de-matane\/"]}]},{"@type":"ImageObject","inLanguage":"fr-FR","@id":"https:\/\/www.lyceelafayette.fr\/index.php\/2022\/11\/29\/visite-du-cegep-de-matane\/#primaryimage","url":"https:\/\/www.lyceelafayette.fr\/wp-content\/uploads\/2022\/11\/image-5.png","contentUrl":"https:\/\/www.lyceelafayette.fr\/wp-content\/uploads\/2022\/11\/image-5.png","width":324,"height":144},{"@type":"BreadcrumbList","@id":"https:\/\/www.lyceelafayette.fr\/index.php\/2022\/11\/29\/visite-du-cegep-de-matane\/#breadcrumb","itemListElement":[{"@type":"ListItem","position":1,"name":"Accueil","item":"https:\/\/www.lyceelafayette.fr\/"},{"@type":"ListItem","position":2,"name":"Visite du CEGEP de Matane"}]},{"@type":"WebSite","@id":"https:\/\/www.lyceelafayette.fr\/#website","url":"https:\/\/www.lyceelafayette.fr\/","name":"Lyc\u00e9e La Fayette","description":"","publisher":{"@id":"https:\/\/www.lyceelafayette.fr\/#organization"},"potentialAction":[{"@type":"SearchAction","target":{"@type":"EntryPoint","urlTemplate":"https:\/\/www.lyceelafayette.fr\/?s={search_term_string}"},"query-input":{"@type":"PropertyValueSpecification","valueRequired":true,"valueName":"search_term_string"}}],"inLanguage":"fr-FR"},{"@type":"Organization","@id":"https:\/\/www.lyceelafayette.fr\/#organization","name":"Lyc\u00e9e La Fayette","url":"https:\/\/www.lyceelafayette.fr\/","logo":{"@type":"ImageObject","inLanguage":"fr-FR","@id":"https:\/\/www.lyceelafayette.fr\/#\/schema\/logo\/image\/","url":"https:\/\/www.lyceelafayette.fr\/wp-content\/uploads\/2019\/06\/llf_logo_alpha.png","contentUrl":"https:\/\/www.lyceelafayette.fr\/wp-content\/uploads\/2019\/06\/llf_logo_alpha.png","width":1583,"height":792,"caption":"Lyc\u00e9e La Fayette"},"image":{"@id":"https:\/\/www.lyceelafayette.fr\/#\/schema\/logo\/image\/"},"sameAs":["https:\/\/www.youtube.com\/channel\/UC2AOQowoMGBKdY4ToZsf9mw"]},{"@type":"Person","@id":"https:\/\/www.lyceelafayette.fr\/#\/schema\/person\/ce6db8a1157d50329e1fd65f9a9b5df8","name":"Alexandre Facchin","image":{"@type":"ImageObject","inLanguage":"fr-FR","@id":"https:\/\/secure.gravatar.com\/avatar\/c94ab2db74f6be2880cb92feeab1c3c9a55baee6dab0b6f9fbb80e1bc3336b7a?s=96&d=blank&r=g","url":"https:\/\/secure.gravatar.com\/avatar\/c94ab2db74f6be2880cb92feeab1c3c9a55baee6dab0b6f9fbb80e1bc3336b7a?s=96&d=blank&r=g","contentUrl":"https:\/\/secure.gravatar.com\/avatar\/c94ab2db74f6be2880cb92feeab1c3c9a55baee6dab0b6f9fbb80e1bc3336b7a?s=96&d=blank&r=g","caption":"Alexandre Facchin"},"url":"https:\/\/www.lyceelafayette.fr\/index.php\/author\/admin\/"}]}},"_links":{"self":[{"href":"https:\/\/www.lyceelafayette.fr\/index.php\/wp-json\/wp\/v2\/posts\/6080","targetHints":{"allow":["GET"]}}],"collection":[{"href":"https:\/\/www.lyceelafayette.fr\/index.php\/wp-json\/wp\/v2\/posts"}],"about":[{"href":"https:\/\/www.lyceelafayette.fr\/index.php\/wp-json\/wp\/v2\/types\/post"}],"author":[{"embeddable":true,"href":"https:\/\/www.lyceelafayette.fr\/index.php\/wp-json\/wp\/v2\/users\/8"}],"replies":[{"embeddable":true,"href":"https:\/\/www.lyceelafayette.fr\/index.php\/wp-json\/wp\/v2\/comments?post=6080"}],"version-history":[{"count":3,"href":"https:\/\/www.lyceelafayette.fr\/index.php\/wp-json\/wp\/v2\/posts\/6080\/revisions"}],"predecessor-version":[{"id":6088,"href":"https:\/\/www.lyceelafayette.fr\/index.php\/wp-json\/wp\/v2\/posts\/6080\/revisions\/6088"}],"wp:featuredmedia":[{"embeddable":true,"href":"https:\/\/www.lyceelafayette.fr\/index.php\/wp-json\/wp\/v2\/media\/6085"}],"wp:attachment":[{"href":"https:\/\/www.lyceelafayette.fr\/index.php\/wp-json\/wp\/v2\/media?parent=6080"}],"wp:term":[{"taxonomy":"category","embeddable":true,"href":"https:\/\/www.lyceelafayette.fr\/index.php\/wp-json\/wp\/v2\/categories?post=6080"},{"taxonomy":"post_tag","embeddable":true,"href":"https:\/\/www.lyceelafayette.fr\/index.php\/wp-json\/wp\/v2\/tags?post=6080"}],"curies":[{"name":"wp","href":"https:\/\/api.w.org\/{rel}","templated":true}]}}