{"id":5906,"date":"2022-10-04T14:18:56","date_gmt":"2022-10-04T12:18:56","guid":{"rendered":"https:\/\/www.lyceelafayette.fr\/?p=5906"},"modified":"2022-10-04T14:20:26","modified_gmt":"2022-10-04T12:20:26","slug":"visite-de-la-centrale-nucleaire","status":"publish","type":"post","link":"https:\/\/www.lyceelafayette.fr\/index.php\/2022\/10\/04\/visite-de-la-centrale-nucleaire\/","title":{"rendered":"Visite de la centrale nucl\u00e9aire"},"content":{"rendered":"\n<p>Les \u00e9l\u00e8ves de la Tmelec1 accompagn\u00e9s de leurs professeurs ont visit\u00e9 le jeudi 22 septembre la centrale \u00e9lectrique nucl\u00e9aire de Nogent-sur-Seine.<\/p>\n\n\n\n<!--more-->\n\n\n\n<p>Apr\u00e8s une petite explication du fonctionnement d&rsquo;une centrale nucl\u00e9aire et des probl\u00e9matiques \u00e9nerg\u00e9tiques et environnementales, la visite du site et notamment de la salle des machines fut r\u00e9alis\u00e9e.<\/p>\n\n\n\n<figure class=\"wp-block-image size-large\"><img loading=\"lazy\" decoding=\"async\" width=\"1024\" height=\"765\" src=\"https:\/\/www.lyceelafayette.fr\/wp-content\/uploads\/2022\/10\/photos--1024x765.jpg\" alt=\"\" class=\"wp-image-5907\" srcset=\"https:\/\/www.lyceelafayette.fr\/wp-content\/uploads\/2022\/10\/photos--1024x765.jpg 1024w, https:\/\/www.lyceelafayette.fr\/wp-content\/uploads\/2022\/10\/photos--300x224.jpg 300w, https:\/\/www.lyceelafayette.fr\/wp-content\/uploads\/2022\/10\/photos--768x574.jpg 768w, https:\/\/www.lyceelafayette.fr\/wp-content\/uploads\/2022\/10\/photos--1536x1147.jpg 1536w, https:\/\/www.lyceelafayette.fr\/wp-content\/uploads\/2022\/10\/photos--2048x1530.jpg 2048w, https:\/\/www.lyceelafayette.fr\/wp-content\/uploads\/2022\/10\/photos--150x112.jpg 150w\" sizes=\"auto, (max-width: 1024px) 100vw, 1024px\" \/><\/figure>\n","protected":false},"excerpt":{"rendered":"<p>Les \u00e9l\u00e8ves de la Tmelec1 accompagn\u00e9s de leurs professeurs ont visit\u00e9 le jeudi 22 septembre la centrale \u00e9lectrique nucl\u00e9aire de Nogent-sur-Seine. <a class=\"continue-reading-link\" href=\"https:\/\/www.lyceelafayette.fr\/index.php\/2022\/10\/04\/visite-de-la-centrale-nucleaire\/\">lire la suite<\/a><\/p>\n","protected":false},"author":8,"featured_media":0,"comment_status":"closed","ping_status":"open","sticky":false,"template":"","format":"standard","meta":{"footnotes":""},"categories":[1],"tags":[],"class_list":["post-5906","post","type-post","status-publish","format-standard","hentry","category-non-classe"],"yoast_head":"<!-- This site is optimized with the Yoast SEO plugin v27.5 - https:\/\/yoast.com\/product\/yoast-seo-wordpress\/ -->\n<title>Visite de la centrale nucl\u00e9aire - Lyc\u00e9e La Fayette<\/title>\n<meta name=\"description\" content=\"Visite centrale nucl\u00e9aire bac pro elec Nogent-sur-Seine\" \/>\n<meta name=\"robots\" content=\"index, follow, max-snippet:-1, max-image-preview:large, max-video-preview:-1\" \/>\n<link rel=\"canonical\" href=\"https:\/\/www.lyceelafayette.fr\/index.php\/2022\/10\/04\/visite-de-la-centrale-nucleaire\/\" \/>\n<meta property=\"og:locale\" content=\"fr_FR\" \/>\n<meta property=\"og:type\" content=\"article\" \/>\n<meta property=\"og:title\" content=\"Visite de la centrale nucl\u00e9aire - Lyc\u00e9e La Fayette\" \/>\n<meta property=\"og:description\" content=\"Visite centrale nucl\u00e9aire bac pro elec Nogent-sur-Seine\" \/>\n<meta property=\"og:url\" content=\"https:\/\/www.lyceelafayette.fr\/index.php\/2022\/10\/04\/visite-de-la-centrale-nucleaire\/\" \/>\n<meta property=\"og:site_name\" content=\"Lyc\u00e9e La Fayette\" \/>\n<meta property=\"article:published_time\" content=\"2022-10-04T12:18:56+00:00\" \/>\n<meta property=\"article:modified_time\" content=\"2022-10-04T12:20:26+00:00\" \/>\n<meta property=\"og:image\" content=\"https:\/\/www.lyceelafayette.fr\/wp-content\/uploads\/2022\/10\/photos--1024x765.jpg\" \/>\n<meta name=\"author\" content=\"Alexandre Facchin\" \/>\n<meta name=\"twitter:card\" content=\"summary_large_image\" \/>\n<meta name=\"twitter:label1\" content=\"\u00c9crit par\" \/>\n\t<meta name=\"twitter:data1\" content=\"Alexandre Facchin\" \/>\n\t<meta name=\"twitter:label2\" content=\"Dur\u00e9e de lecture estim\u00e9e\" \/>\n\t<meta name=\"twitter:data2\" content=\"1 minute\" \/>\n<script type=\"application\/ld+json\" class=\"yoast-schema-graph\">{\"@context\":\"https:\\\/\\\/schema.org\",\"@graph\":[{\"@type\":\"Article\",\"@id\":\"https:\\\/\\\/www.lyceelafayette.fr\\\/index.php\\\/2022\\\/10\\\/04\\\/visite-de-la-centrale-nucleaire\\\/#article\",\"isPartOf\":{\"@id\":\"https:\\\/\\\/www.lyceelafayette.fr\\\/index.php\\\/2022\\\/10\\\/04\\\/visite-de-la-centrale-nucleaire\\\/\"},\"author\":{\"name\":\"Alexandre Facchin\",\"@id\":\"https:\\\/\\\/www.lyceelafayette.fr\\\/#\\\/schema\\\/person\\\/ce6db8a1157d50329e1fd65f9a9b5df8\"},\"headline\":\"Visite de la centrale nucl\u00e9aire\",\"datePublished\":\"2022-10-04T12:18:56+00:00\",\"dateModified\":\"2022-10-04T12:20:26+00:00\",\"mainEntityOfPage\":{\"@id\":\"https:\\\/\\\/www.lyceelafayette.fr\\\/index.php\\\/2022\\\/10\\\/04\\\/visite-de-la-centrale-nucleaire\\\/\"},\"wordCount\":64,\"publisher\":{\"@id\":\"https:\\\/\\\/www.lyceelafayette.fr\\\/#organization\"},\"image\":{\"@id\":\"https:\\\/\\\/www.lyceelafayette.fr\\\/index.php\\\/2022\\\/10\\\/04\\\/visite-de-la-centrale-nucleaire\\\/#primaryimage\"},\"thumbnailUrl\":\"https:\\\/\\\/www.lyceelafayette.fr\\\/wp-content\\\/uploads\\\/2022\\\/10\\\/photos--1024x765.jpg\",\"inLanguage\":\"fr-FR\"},{\"@type\":\"WebPage\",\"@id\":\"https:\\\/\\\/www.lyceelafayette.fr\\\/index.php\\\/2022\\\/10\\\/04\\\/visite-de-la-centrale-nucleaire\\\/\",\"url\":\"https:\\\/\\\/www.lyceelafayette.fr\\\/index.php\\\/2022\\\/10\\\/04\\\/visite-de-la-centrale-nucleaire\\\/\",\"name\":\"Visite de la centrale nucl\u00e9aire - Lyc\u00e9e La Fayette\",\"isPartOf\":{\"@id\":\"https:\\\/\\\/www.lyceelafayette.fr\\\/#website\"},\"primaryImageOfPage\":{\"@id\":\"https:\\\/\\\/www.lyceelafayette.fr\\\/index.php\\\/2022\\\/10\\\/04\\\/visite-de-la-centrale-nucleaire\\\/#primaryimage\"},\"image\":{\"@id\":\"https:\\\/\\\/www.lyceelafayette.fr\\\/index.php\\\/2022\\\/10\\\/04\\\/visite-de-la-centrale-nucleaire\\\/#primaryimage\"},\"thumbnailUrl\":\"https:\\\/\\\/www.lyceelafayette.fr\\\/wp-content\\\/uploads\\\/2022\\\/10\\\/photos--1024x765.jpg\",\"datePublished\":\"2022-10-04T12:18:56+00:00\",\"dateModified\":\"2022-10-04T12:20:26+00:00\",\"description\":\"Visite centrale nucl\u00e9aire bac pro elec Nogent-sur-Seine\",\"breadcrumb\":{\"@id\":\"https:\\\/\\\/www.lyceelafayette.fr\\\/index.php\\\/2022\\\/10\\\/04\\\/visite-de-la-centrale-nucleaire\\\/#breadcrumb\"},\"inLanguage\":\"fr-FR\",\"potentialAction\":[{\"@type\":\"ReadAction\",\"target\":[\"https:\\\/\\\/www.lyceelafayette.fr\\\/index.php\\\/2022\\\/10\\\/04\\\/visite-de-la-centrale-nucleaire\\\/\"]}]},{\"@type\":\"ImageObject\",\"inLanguage\":\"fr-FR\",\"@id\":\"https:\\\/\\\/www.lyceelafayette.fr\\\/index.php\\\/2022\\\/10\\\/04\\\/visite-de-la-centrale-nucleaire\\\/#primaryimage\",\"url\":\"https:\\\/\\\/www.lyceelafayette.fr\\\/wp-content\\\/uploads\\\/2022\\\/10\\\/photos--1024x765.jpg\",\"contentUrl\":\"https:\\\/\\\/www.lyceelafayette.fr\\\/wp-content\\\/uploads\\\/2022\\\/10\\\/photos--1024x765.jpg\"},{\"@type\":\"BreadcrumbList\",\"@id\":\"https:\\\/\\\/www.lyceelafayette.fr\\\/index.php\\\/2022\\\/10\\\/04\\\/visite-de-la-centrale-nucleaire\\\/#breadcrumb\",\"itemListElement\":[{\"@type\":\"ListItem\",\"position\":1,\"name\":\"Accueil\",\"item\":\"https:\\\/\\\/www.lyceelafayette.fr\\\/\"},{\"@type\":\"ListItem\",\"position\":2,\"name\":\"Visite de la centrale nucl\u00e9aire\"}]},{\"@type\":\"WebSite\",\"@id\":\"https:\\\/\\\/www.lyceelafayette.fr\\\/#website\",\"url\":\"https:\\\/\\\/www.lyceelafayette.fr\\\/\",\"name\":\"Lyc\u00e9e La Fayette\",\"description\":\"\",\"publisher\":{\"@id\":\"https:\\\/\\\/www.lyceelafayette.fr\\\/#organization\"},\"potentialAction\":[{\"@type\":\"SearchAction\",\"target\":{\"@type\":\"EntryPoint\",\"urlTemplate\":\"https:\\\/\\\/www.lyceelafayette.fr\\\/?s={search_term_string}\"},\"query-input\":{\"@type\":\"PropertyValueSpecification\",\"valueRequired\":true,\"valueName\":\"search_term_string\"}}],\"inLanguage\":\"fr-FR\"},{\"@type\":\"Organization\",\"@id\":\"https:\\\/\\\/www.lyceelafayette.fr\\\/#organization\",\"name\":\"Lyc\u00e9e La Fayette\",\"url\":\"https:\\\/\\\/www.lyceelafayette.fr\\\/\",\"logo\":{\"@type\":\"ImageObject\",\"inLanguage\":\"fr-FR\",\"@id\":\"https:\\\/\\\/www.lyceelafayette.fr\\\/#\\\/schema\\\/logo\\\/image\\\/\",\"url\":\"https:\\\/\\\/www.lyceelafayette.fr\\\/wp-content\\\/uploads\\\/2019\\\/06\\\/llf_logo_alpha.png\",\"contentUrl\":\"https:\\\/\\\/www.lyceelafayette.fr\\\/wp-content\\\/uploads\\\/2019\\\/06\\\/llf_logo_alpha.png\",\"width\":1583,\"height\":792,\"caption\":\"Lyc\u00e9e La Fayette\"},\"image\":{\"@id\":\"https:\\\/\\\/www.lyceelafayette.fr\\\/#\\\/schema\\\/logo\\\/image\\\/\"},\"sameAs\":[\"https:\\\/\\\/www.youtube.com\\\/channel\\\/UC2AOQowoMGBKdY4ToZsf9mw\"]},{\"@type\":\"Person\",\"@id\":\"https:\\\/\\\/www.lyceelafayette.fr\\\/#\\\/schema\\\/person\\\/ce6db8a1157d50329e1fd65f9a9b5df8\",\"name\":\"Alexandre Facchin\",\"image\":{\"@type\":\"ImageObject\",\"inLanguage\":\"fr-FR\",\"@id\":\"https:\\\/\\\/secure.gravatar.com\\\/avatar\\\/c94ab2db74f6be2880cb92feeab1c3c9a55baee6dab0b6f9fbb80e1bc3336b7a?s=96&d=blank&r=g\",\"url\":\"https:\\\/\\\/secure.gravatar.com\\\/avatar\\\/c94ab2db74f6be2880cb92feeab1c3c9a55baee6dab0b6f9fbb80e1bc3336b7a?s=96&d=blank&r=g\",\"contentUrl\":\"https:\\\/\\\/secure.gravatar.com\\\/avatar\\\/c94ab2db74f6be2880cb92feeab1c3c9a55baee6dab0b6f9fbb80e1bc3336b7a?s=96&d=blank&r=g\",\"caption\":\"Alexandre Facchin\"},\"url\":\"https:\\\/\\\/www.lyceelafayette.fr\\\/index.php\\\/author\\\/admin\\\/\"}]}<\/script>\n<!-- \/ Yoast SEO plugin. -->","yoast_head_json":{"title":"Visite de la centrale nucl\u00e9aire - Lyc\u00e9e La Fayette","description":"Visite centrale nucl\u00e9aire bac pro elec Nogent-sur-Seine","robots":{"index":"index","follow":"follow","max-snippet":"max-snippet:-1","max-image-preview":"max-image-preview:large","max-video-preview":"max-video-preview:-1"},"canonical":"https:\/\/www.lyceelafayette.fr\/index.php\/2022\/10\/04\/visite-de-la-centrale-nucleaire\/","og_locale":"fr_FR","og_type":"article","og_title":"Visite de la centrale nucl\u00e9aire - Lyc\u00e9e La Fayette","og_description":"Visite centrale nucl\u00e9aire bac pro elec Nogent-sur-Seine","og_url":"https:\/\/www.lyceelafayette.fr\/index.php\/2022\/10\/04\/visite-de-la-centrale-nucleaire\/","og_site_name":"Lyc\u00e9e La Fayette","article_published_time":"2022-10-04T12:18:56+00:00","article_modified_time":"2022-10-04T12:20:26+00:00","og_image":[{"url":"https:\/\/www.lyceelafayette.fr\/wp-content\/uploads\/2022\/10\/photos--1024x765.jpg","type":"","width":"","height":""}],"author":"Alexandre Facchin","twitter_card":"summary_large_image","twitter_misc":{"\u00c9crit par":"Alexandre Facchin","Dur\u00e9e de lecture estim\u00e9e":"1 minute"},"schema":{"@context":"https:\/\/schema.org","@graph":[{"@type":"Article","@id":"https:\/\/www.lyceelafayette.fr\/index.php\/2022\/10\/04\/visite-de-la-centrale-nucleaire\/#article","isPartOf":{"@id":"https:\/\/www.lyceelafayette.fr\/index.php\/2022\/10\/04\/visite-de-la-centrale-nucleaire\/"},"author":{"name":"Alexandre Facchin","@id":"https:\/\/www.lyceelafayette.fr\/#\/schema\/person\/ce6db8a1157d50329e1fd65f9a9b5df8"},"headline":"Visite de la centrale nucl\u00e9aire","datePublished":"2022-10-04T12:18:56+00:00","dateModified":"2022-10-04T12:20:26+00:00","mainEntityOfPage":{"@id":"https:\/\/www.lyceelafayette.fr\/index.php\/2022\/10\/04\/visite-de-la-centrale-nucleaire\/"},"wordCount":64,"publisher":{"@id":"https:\/\/www.lyceelafayette.fr\/#organization"},"image":{"@id":"https:\/\/www.lyceelafayette.fr\/index.php\/2022\/10\/04\/visite-de-la-centrale-nucleaire\/#primaryimage"},"thumbnailUrl":"https:\/\/www.lyceelafayette.fr\/wp-content\/uploads\/2022\/10\/photos--1024x765.jpg","inLanguage":"fr-FR"},{"@type":"WebPage","@id":"https:\/\/www.lyceelafayette.fr\/index.php\/2022\/10\/04\/visite-de-la-centrale-nucleaire\/","url":"https:\/\/www.lyceelafayette.fr\/index.php\/2022\/10\/04\/visite-de-la-centrale-nucleaire\/","name":"Visite de la centrale nucl\u00e9aire - Lyc\u00e9e La Fayette","isPartOf":{"@id":"https:\/\/www.lyceelafayette.fr\/#website"},"primaryImageOfPage":{"@id":"https:\/\/www.lyceelafayette.fr\/index.php\/2022\/10\/04\/visite-de-la-centrale-nucleaire\/#primaryimage"},"image":{"@id":"https:\/\/www.lyceelafayette.fr\/index.php\/2022\/10\/04\/visite-de-la-centrale-nucleaire\/#primaryimage"},"thumbnailUrl":"https:\/\/www.lyceelafayette.fr\/wp-content\/uploads\/2022\/10\/photos--1024x765.jpg","datePublished":"2022-10-04T12:18:56+00:00","dateModified":"2022-10-04T12:20:26+00:00","description":"Visite centrale nucl\u00e9aire bac pro elec Nogent-sur-Seine","breadcrumb":{"@id":"https:\/\/www.lyceelafayette.fr\/index.php\/2022\/10\/04\/visite-de-la-centrale-nucleaire\/#breadcrumb"},"inLanguage":"fr-FR","potentialAction":[{"@type":"ReadAction","target":["https:\/\/www.lyceelafayette.fr\/index.php\/2022\/10\/04\/visite-de-la-centrale-nucleaire\/"]}]},{"@type":"ImageObject","inLanguage":"fr-FR","@id":"https:\/\/www.lyceelafayette.fr\/index.php\/2022\/10\/04\/visite-de-la-centrale-nucleaire\/#primaryimage","url":"https:\/\/www.lyceelafayette.fr\/wp-content\/uploads\/2022\/10\/photos--1024x765.jpg","contentUrl":"https:\/\/www.lyceelafayette.fr\/wp-content\/uploads\/2022\/10\/photos--1024x765.jpg"},{"@type":"BreadcrumbList","@id":"https:\/\/www.lyceelafayette.fr\/index.php\/2022\/10\/04\/visite-de-la-centrale-nucleaire\/#breadcrumb","itemListElement":[{"@type":"ListItem","position":1,"name":"Accueil","item":"https:\/\/www.lyceelafayette.fr\/"},{"@type":"ListItem","position":2,"name":"Visite de la centrale nucl\u00e9aire"}]},{"@type":"WebSite","@id":"https:\/\/www.lyceelafayette.fr\/#website","url":"https:\/\/www.lyceelafayette.fr\/","name":"Lyc\u00e9e La Fayette","description":"","publisher":{"@id":"https:\/\/www.lyceelafayette.fr\/#organization"},"potentialAction":[{"@type":"SearchAction","target":{"@type":"EntryPoint","urlTemplate":"https:\/\/www.lyceelafayette.fr\/?s={search_term_string}"},"query-input":{"@type":"PropertyValueSpecification","valueRequired":true,"valueName":"search_term_string"}}],"inLanguage":"fr-FR"},{"@type":"Organization","@id":"https:\/\/www.lyceelafayette.fr\/#organization","name":"Lyc\u00e9e La Fayette","url":"https:\/\/www.lyceelafayette.fr\/","logo":{"@type":"ImageObject","inLanguage":"fr-FR","@id":"https:\/\/www.lyceelafayette.fr\/#\/schema\/logo\/image\/","url":"https:\/\/www.lyceelafayette.fr\/wp-content\/uploads\/2019\/06\/llf_logo_alpha.png","contentUrl":"https:\/\/www.lyceelafayette.fr\/wp-content\/uploads\/2019\/06\/llf_logo_alpha.png","width":1583,"height":792,"caption":"Lyc\u00e9e La Fayette"},"image":{"@id":"https:\/\/www.lyceelafayette.fr\/#\/schema\/logo\/image\/"},"sameAs":["https:\/\/www.youtube.com\/channel\/UC2AOQowoMGBKdY4ToZsf9mw"]},{"@type":"Person","@id":"https:\/\/www.lyceelafayette.fr\/#\/schema\/person\/ce6db8a1157d50329e1fd65f9a9b5df8","name":"Alexandre Facchin","image":{"@type":"ImageObject","inLanguage":"fr-FR","@id":"https:\/\/secure.gravatar.com\/avatar\/c94ab2db74f6be2880cb92feeab1c3c9a55baee6dab0b6f9fbb80e1bc3336b7a?s=96&d=blank&r=g","url":"https:\/\/secure.gravatar.com\/avatar\/c94ab2db74f6be2880cb92feeab1c3c9a55baee6dab0b6f9fbb80e1bc3336b7a?s=96&d=blank&r=g","contentUrl":"https:\/\/secure.gravatar.com\/avatar\/c94ab2db74f6be2880cb92feeab1c3c9a55baee6dab0b6f9fbb80e1bc3336b7a?s=96&d=blank&r=g","caption":"Alexandre Facchin"},"url":"https:\/\/www.lyceelafayette.fr\/index.php\/author\/admin\/"}]}},"_links":{"self":[{"href":"https:\/\/www.lyceelafayette.fr\/index.php\/wp-json\/wp\/v2\/posts\/5906","targetHints":{"allow":["GET"]}}],"collection":[{"href":"https:\/\/www.lyceelafayette.fr\/index.php\/wp-json\/wp\/v2\/posts"}],"about":[{"href":"https:\/\/www.lyceelafayette.fr\/index.php\/wp-json\/wp\/v2\/types\/post"}],"author":[{"embeddable":true,"href":"https:\/\/www.lyceelafayette.fr\/index.php\/wp-json\/wp\/v2\/users\/8"}],"replies":[{"embeddable":true,"href":"https:\/\/www.lyceelafayette.fr\/index.php\/wp-json\/wp\/v2\/comments?post=5906"}],"version-history":[{"count":2,"href":"https:\/\/www.lyceelafayette.fr\/index.php\/wp-json\/wp\/v2\/posts\/5906\/revisions"}],"predecessor-version":[{"id":5909,"href":"https:\/\/www.lyceelafayette.fr\/index.php\/wp-json\/wp\/v2\/posts\/5906\/revisions\/5909"}],"wp:attachment":[{"href":"https:\/\/www.lyceelafayette.fr\/index.php\/wp-json\/wp\/v2\/media?parent=5906"}],"wp:term":[{"taxonomy":"category","embeddable":true,"href":"https:\/\/www.lyceelafayette.fr\/index.php\/wp-json\/wp\/v2\/categories?post=5906"},{"taxonomy":"post_tag","embeddable":true,"href":"https:\/\/www.lyceelafayette.fr\/index.php\/wp-json\/wp\/v2\/tags?post=5906"}],"curies":[{"name":"wp","href":"https:\/\/api.w.org\/{rel}","templated":true}]}}