{"id":5634,"date":"2022-04-14T10:14:08","date_gmt":"2022-04-14T08:14:08","guid":{"rendered":"https:\/\/www.lyceelafayette.fr\/?p=5634"},"modified":"2022-04-14T10:14:09","modified_gmt":"2022-04-14T08:14:09","slug":"chantier-ecole-bac-pro-melec","status":"publish","type":"post","link":"https:\/\/www.lyceelafayette.fr\/index.php\/2022\/04\/14\/chantier-ecole-bac-pro-melec\/","title":{"rendered":"Chantier \u00e9cole Bac Pro MELEC"},"content":{"rendered":"\n<p>Suite au projet r\u00e9alis\u00e9 par les \u00e9tudiants de BTS \u00e9lectrotechnique en juin 2021, les \u00e9l\u00e8ves de <strong>Bac Pro MELEC<\/strong> ont r\u00e9alis\u00e9 la premi\u00e8re phase d\u2019installation du projet sur site le Mercredi 6 avril 2022.<\/p>\n\n\n\n<figure class=\"wp-block-image size-large\"><img loading=\"lazy\" decoding=\"async\" width=\"1024\" height=\"768\" src=\"https:\/\/www.lyceelafayette.fr\/wp-content\/uploads\/2022\/04\/IMG_1753-2-1024x768.jpg\" alt=\"\" class=\"wp-image-5635\" srcset=\"https:\/\/www.lyceelafayette.fr\/wp-content\/uploads\/2022\/04\/IMG_1753-2-1024x768.jpg 1024w, https:\/\/www.lyceelafayette.fr\/wp-content\/uploads\/2022\/04\/IMG_1753-2-300x225.jpg 300w, https:\/\/www.lyceelafayette.fr\/wp-content\/uploads\/2022\/04\/IMG_1753-2-768x576.jpg 768w, https:\/\/www.lyceelafayette.fr\/wp-content\/uploads\/2022\/04\/IMG_1753-2-1536x1152.jpg 1536w, https:\/\/www.lyceelafayette.fr\/wp-content\/uploads\/2022\/04\/IMG_1753-2-2048x1536.jpg 2048w, https:\/\/www.lyceelafayette.fr\/wp-content\/uploads\/2022\/04\/IMG_1753-2-150x113.jpg 150w\" sizes=\"auto, (max-width: 1024px) 100vw, 1024px\" \/><\/figure>\n\n\n\n<p>Ce projet concerne la r\u00e9novation du pilotage des treuils de levage du chantier naval Rousseau situ\u00e9 \u00e0 Veneux-les-Sablons, le long du Loing.<\/p>\n\n\n\n<p>21 \u00e9l\u00e8ves de la classe de <strong>TMELEC1<\/strong>, encadr\u00e9s par trois enseignants, ont mis en place l\u2019ensemble des c\u00e2bles permettant d\u2019alimenter les nouveaux moteurs des treuils, ainsi que tous les accessoires de chacun des trois treuils (arr\u00eats d\u2019urgence, gyrophare, capteur de freins).<\/p>\n\n\n\n<figure class=\"wp-block-image size-large\"><img loading=\"lazy\" decoding=\"async\" width=\"1024\" height=\"487\" src=\"https:\/\/www.lyceelafayette.fr\/wp-content\/uploads\/2022\/04\/image-1024x487.png\" alt=\"\" class=\"wp-image-5643\" srcset=\"https:\/\/www.lyceelafayette.fr\/wp-content\/uploads\/2022\/04\/image-1024x487.png 1024w, https:\/\/www.lyceelafayette.fr\/wp-content\/uploads\/2022\/04\/image-300x143.png 300w, https:\/\/www.lyceelafayette.fr\/wp-content\/uploads\/2022\/04\/image-768x366.png 768w, https:\/\/www.lyceelafayette.fr\/wp-content\/uploads\/2022\/04\/image-1536x731.png 1536w, https:\/\/www.lyceelafayette.fr\/wp-content\/uploads\/2022\/04\/image-2048x975.png 2048w, https:\/\/www.lyceelafayette.fr\/wp-content\/uploads\/2022\/04\/image-150x71.png 150w\" sizes=\"auto, (max-width: 1024px) 100vw, 1024px\" \/><\/figure>\n\n\n\n<p><strong>En tout, 34 c\u00e2bles ont \u00e9t\u00e9 install\u00e9s, soit plus de 400 m\u00e8tres de c\u00e2bles, du 5G10<sup>2<\/sup>\u00a0au 3 x 0,75<sup>2<\/sup>.<\/strong><\/p>\n\n\n\n<p>L\u2019ensemble des \u00e9l\u00e8ves de la classe a men\u00e9 \u00e0 bien cette premi\u00e8re phase du chantier.<\/p>\n\n\n\n<p>La prochaine journ\u00e9e, programm\u00e9e pour le 1<sup>er<\/sup>&nbsp;juin 2022, permettra de raccorder l\u2019ensemble des mat\u00e9riels pour une premi\u00e8re mise en service.<\/p>\n\n\n\n<figure class=\"wp-block-gallery has-nested-images columns-default is-cropped wp-block-gallery-1 is-layout-flex wp-block-gallery-is-layout-flex\">\n<figure class=\"wp-block-image size-large\"><img loading=\"lazy\" decoding=\"async\" width=\"768\" height=\"1024\" data-id=\"5639\" src=\"https:\/\/www.lyceelafayette.fr\/wp-content\/uploads\/2022\/04\/IMG_1752-2-768x1024.jpg\" alt=\"\" class=\"wp-image-5639\" srcset=\"https:\/\/www.lyceelafayette.fr\/wp-content\/uploads\/2022\/04\/IMG_1752-2-768x1024.jpg 768w, https:\/\/www.lyceelafayette.fr\/wp-content\/uploads\/2022\/04\/IMG_1752-2-225x300.jpg 225w, https:\/\/www.lyceelafayette.fr\/wp-content\/uploads\/2022\/04\/IMG_1752-2-1152x1536.jpg 1152w, https:\/\/www.lyceelafayette.fr\/wp-content\/uploads\/2022\/04\/IMG_1752-2-1536x2048.jpg 1536w, https:\/\/www.lyceelafayette.fr\/wp-content\/uploads\/2022\/04\/IMG_1752-2-113x150.jpg 113w, https:\/\/www.lyceelafayette.fr\/wp-content\/uploads\/2022\/04\/IMG_1752-2-scaled.jpg 1920w\" sizes=\"auto, (max-width: 768px) 100vw, 768px\" \/><\/figure>\n\n\n\n<figure class=\"wp-block-image size-large\"><img loading=\"lazy\" decoding=\"async\" width=\"1024\" height=\"768\" data-id=\"5637\" src=\"https:\/\/www.lyceelafayette.fr\/wp-content\/uploads\/2022\/04\/IMG_1754-2-1024x768.jpg\" alt=\"\" class=\"wp-image-5637\" srcset=\"https:\/\/www.lyceelafayette.fr\/wp-content\/uploads\/2022\/04\/IMG_1754-2-1024x768.jpg 1024w, https:\/\/www.lyceelafayette.fr\/wp-content\/uploads\/2022\/04\/IMG_1754-2-300x225.jpg 300w, https:\/\/www.lyceelafayette.fr\/wp-content\/uploads\/2022\/04\/IMG_1754-2-768x576.jpg 768w, https:\/\/www.lyceelafayette.fr\/wp-content\/uploads\/2022\/04\/IMG_1754-2-1536x1152.jpg 1536w, https:\/\/www.lyceelafayette.fr\/wp-content\/uploads\/2022\/04\/IMG_1754-2-2048x1536.jpg 2048w, https:\/\/www.lyceelafayette.fr\/wp-content\/uploads\/2022\/04\/IMG_1754-2-150x113.jpg 150w\" sizes=\"auto, (max-width: 1024px) 100vw, 1024px\" \/><\/figure>\n\n\n\n<figure class=\"wp-block-image size-large\"><img loading=\"lazy\" decoding=\"async\" width=\"1024\" height=\"768\" data-id=\"5638\" src=\"https:\/\/www.lyceelafayette.fr\/wp-content\/uploads\/2022\/04\/IMG_1755-2-1024x768.jpg\" alt=\"\" class=\"wp-image-5638\" srcset=\"https:\/\/www.lyceelafayette.fr\/wp-content\/uploads\/2022\/04\/IMG_1755-2-1024x768.jpg 1024w, https:\/\/www.lyceelafayette.fr\/wp-content\/uploads\/2022\/04\/IMG_1755-2-300x225.jpg 300w, https:\/\/www.lyceelafayette.fr\/wp-content\/uploads\/2022\/04\/IMG_1755-2-768x576.jpg 768w, https:\/\/www.lyceelafayette.fr\/wp-content\/uploads\/2022\/04\/IMG_1755-2-1536x1152.jpg 1536w, https:\/\/www.lyceelafayette.fr\/wp-content\/uploads\/2022\/04\/IMG_1755-2-2048x1536.jpg 2048w, https:\/\/www.lyceelafayette.fr\/wp-content\/uploads\/2022\/04\/IMG_1755-2-150x113.jpg 150w\" sizes=\"auto, (max-width: 1024px) 100vw, 1024px\" \/><\/figure>\n\n\n\n<figure class=\"wp-block-image size-large\"><img loading=\"lazy\" decoding=\"async\" width=\"1024\" height=\"768\" data-id=\"5636\" src=\"https:\/\/www.lyceelafayette.fr\/wp-content\/uploads\/2022\/04\/IMG_1759-2-1024x768.jpg\" alt=\"\" class=\"wp-image-5636\" srcset=\"https:\/\/www.lyceelafayette.fr\/wp-content\/uploads\/2022\/04\/IMG_1759-2-1024x768.jpg 1024w, https:\/\/www.lyceelafayette.fr\/wp-content\/uploads\/2022\/04\/IMG_1759-2-300x225.jpg 300w, https:\/\/www.lyceelafayette.fr\/wp-content\/uploads\/2022\/04\/IMG_1759-2-768x576.jpg 768w, https:\/\/www.lyceelafayette.fr\/wp-content\/uploads\/2022\/04\/IMG_1759-2-1536x1152.jpg 1536w, https:\/\/www.lyceelafayette.fr\/wp-content\/uploads\/2022\/04\/IMG_1759-2-2048x1536.jpg 2048w, https:\/\/www.lyceelafayette.fr\/wp-content\/uploads\/2022\/04\/IMG_1759-2-150x113.jpg 150w\" sizes=\"auto, (max-width: 1024px) 100vw, 1024px\" \/><\/figure>\n\n\n\n<figure class=\"wp-block-image size-large\"><img loading=\"lazy\" decoding=\"async\" width=\"768\" height=\"1024\" data-id=\"5646\" src=\"https:\/\/www.lyceelafayette.fr\/wp-content\/uploads\/2022\/04\/IMG_1760-2-768x1024.jpg\" alt=\"\" class=\"wp-image-5646\" srcset=\"https:\/\/www.lyceelafayette.fr\/wp-content\/uploads\/2022\/04\/IMG_1760-2-768x1024.jpg 768w, https:\/\/www.lyceelafayette.fr\/wp-content\/uploads\/2022\/04\/IMG_1760-2-225x300.jpg 225w, https:\/\/www.lyceelafayette.fr\/wp-content\/uploads\/2022\/04\/IMG_1760-2-1152x1536.jpg 1152w, https:\/\/www.lyceelafayette.fr\/wp-content\/uploads\/2022\/04\/IMG_1760-2-1536x2048.jpg 1536w, https:\/\/www.lyceelafayette.fr\/wp-content\/uploads\/2022\/04\/IMG_1760-2-113x150.jpg 113w, https:\/\/www.lyceelafayette.fr\/wp-content\/uploads\/2022\/04\/IMG_1760-2-scaled.jpg 1920w\" sizes=\"auto, (max-width: 768px) 100vw, 768px\" \/><\/figure>\n\n\n\n<figure class=\"wp-block-image size-large\"><img loading=\"lazy\" decoding=\"async\" width=\"768\" height=\"1024\" data-id=\"5647\" src=\"https:\/\/www.lyceelafayette.fr\/wp-content\/uploads\/2022\/04\/IMG_1762-2-768x1024.jpg\" alt=\"\" class=\"wp-image-5647\" srcset=\"https:\/\/www.lyceelafayette.fr\/wp-content\/uploads\/2022\/04\/IMG_1762-2-768x1024.jpg 768w, https:\/\/www.lyceelafayette.fr\/wp-content\/uploads\/2022\/04\/IMG_1762-2-225x300.jpg 225w, https:\/\/www.lyceelafayette.fr\/wp-content\/uploads\/2022\/04\/IMG_1762-2-1152x1536.jpg 1152w, https:\/\/www.lyceelafayette.fr\/wp-content\/uploads\/2022\/04\/IMG_1762-2-1536x2048.jpg 1536w, https:\/\/www.lyceelafayette.fr\/wp-content\/uploads\/2022\/04\/IMG_1762-2-113x150.jpg 113w, https:\/\/www.lyceelafayette.fr\/wp-content\/uploads\/2022\/04\/IMG_1762-2-scaled.jpg 1920w\" sizes=\"auto, (max-width: 768px) 100vw, 768px\" \/><\/figure>\n\n\n\n<figure class=\"wp-block-image size-large\"><img loading=\"lazy\" decoding=\"async\" width=\"1024\" height=\"768\" data-id=\"5641\" src=\"https:\/\/www.lyceelafayette.fr\/wp-content\/uploads\/2022\/04\/IMG_1768-2-1024x768.jpg\" alt=\"\" class=\"wp-image-5641\" srcset=\"https:\/\/www.lyceelafayette.fr\/wp-content\/uploads\/2022\/04\/IMG_1768-2-1024x768.jpg 1024w, https:\/\/www.lyceelafayette.fr\/wp-content\/uploads\/2022\/04\/IMG_1768-2-300x225.jpg 300w, https:\/\/www.lyceelafayette.fr\/wp-content\/uploads\/2022\/04\/IMG_1768-2-768x576.jpg 768w, https:\/\/www.lyceelafayette.fr\/wp-content\/uploads\/2022\/04\/IMG_1768-2-1536x1152.jpg 1536w, https:\/\/www.lyceelafayette.fr\/wp-content\/uploads\/2022\/04\/IMG_1768-2-2048x1536.jpg 2048w, https:\/\/www.lyceelafayette.fr\/wp-content\/uploads\/2022\/04\/IMG_1768-2-150x113.jpg 150w\" sizes=\"auto, (max-width: 1024px) 100vw, 1024px\" \/><\/figure>\n<\/figure>\n","protected":false},"excerpt":{"rendered":"<p>Suite au projet r\u00e9alis\u00e9 par les \u00e9tudiants de BTS \u00e9lectrotechnique en juin 2021, les \u00e9l\u00e8ves de Bac Pro MELEC ont r\u00e9alis\u00e9 la premi\u00e8re phase d\u2019installation du projet sur site le Mercredi 6 avril 2022. Ce projet concerne la r\u00e9novation du pilotage des treuils de levage du chantier naval Rousseau situ\u00e9&#8230; <a class=\"continue-reading-link\" href=\"https:\/\/www.lyceelafayette.fr\/index.php\/2022\/04\/14\/chantier-ecole-bac-pro-melec\/\">lire la suite<\/a><\/p>\n","protected":false},"author":8,"featured_media":0,"comment_status":"closed","ping_status":"open","sticky":false,"template":"","format":"standard","meta":{"footnotes":""},"categories":[93,1],"tags":[77,29,109,76],"class_list":["post-5634","post","type-post","status-publish","format-standard","hentry","category-formations","category-non-classe","tag-bac-pro","tag-chantier","tag-electrotechnique-2","tag-melec"],"yoast_head":"<!-- This site is optimized with the Yoast SEO plugin v27.5 - https:\/\/yoast.com\/product\/yoast-seo-wordpress\/ -->\n<title>Chantier \u00e9cole Bac Pro MELEC - Lyc\u00e9e La Fayette<\/title>\n<meta name=\"robots\" content=\"index, follow, max-snippet:-1, max-image-preview:large, max-video-preview:-1\" \/>\n<link rel=\"canonical\" href=\"https:\/\/www.lyceelafayette.fr\/index.php\/2022\/04\/14\/chantier-ecole-bac-pro-melec\/\" \/>\n<meta property=\"og:locale\" content=\"fr_FR\" \/>\n<meta property=\"og:type\" content=\"article\" \/>\n<meta property=\"og:title\" content=\"Chantier \u00e9cole Bac Pro MELEC - Lyc\u00e9e La Fayette\" \/>\n<meta property=\"og:description\" content=\"Suite au projet r\u00e9alis\u00e9 par les \u00e9tudiants de BTS \u00e9lectrotechnique en juin 2021, les \u00e9l\u00e8ves de Bac Pro MELEC ont r\u00e9alis\u00e9 la premi\u00e8re phase d\u2019installation du projet sur site le Mercredi 6 avril 2022. Ce projet concerne la r\u00e9novation du pilotage des treuils de levage du chantier naval Rousseau situ\u00e9... lire la suite\" \/>\n<meta property=\"og:url\" content=\"https:\/\/www.lyceelafayette.fr\/index.php\/2022\/04\/14\/chantier-ecole-bac-pro-melec\/\" \/>\n<meta property=\"og:site_name\" content=\"Lyc\u00e9e La Fayette\" \/>\n<meta property=\"article:published_time\" content=\"2022-04-14T08:14:08+00:00\" \/>\n<meta property=\"article:modified_time\" content=\"2022-04-14T08:14:09+00:00\" \/>\n<meta property=\"og:image\" content=\"https:\/\/www.lyceelafayette.fr\/wp-content\/uploads\/2022\/04\/IMG_1753-2-1024x768.jpg\" \/>\n<meta name=\"author\" content=\"Alexandre Facchin\" \/>\n<meta name=\"twitter:card\" content=\"summary_large_image\" \/>\n<meta name=\"twitter:label1\" content=\"\u00c9crit par\" \/>\n\t<meta name=\"twitter:data1\" content=\"Alexandre Facchin\" \/>\n\t<meta name=\"twitter:label2\" content=\"Dur\u00e9e de lecture estim\u00e9e\" \/>\n\t<meta name=\"twitter:data2\" content=\"3 minutes\" \/>\n<script type=\"application\/ld+json\" class=\"yoast-schema-graph\">{\"@context\":\"https:\\\/\\\/schema.org\",\"@graph\":[{\"@type\":\"Article\",\"@id\":\"https:\\\/\\\/www.lyceelafayette.fr\\\/index.php\\\/2022\\\/04\\\/14\\\/chantier-ecole-bac-pro-melec\\\/#article\",\"isPartOf\":{\"@id\":\"https:\\\/\\\/www.lyceelafayette.fr\\\/index.php\\\/2022\\\/04\\\/14\\\/chantier-ecole-bac-pro-melec\\\/\"},\"author\":{\"name\":\"Alexandre Facchin\",\"@id\":\"https:\\\/\\\/www.lyceelafayette.fr\\\/#\\\/schema\\\/person\\\/ce6db8a1157d50329e1fd65f9a9b5df8\"},\"headline\":\"Chantier \u00e9cole Bac Pro MELEC\",\"datePublished\":\"2022-04-14T08:14:08+00:00\",\"dateModified\":\"2022-04-14T08:14:09+00:00\",\"mainEntityOfPage\":{\"@id\":\"https:\\\/\\\/www.lyceelafayette.fr\\\/index.php\\\/2022\\\/04\\\/14\\\/chantier-ecole-bac-pro-melec\\\/\"},\"wordCount\":173,\"publisher\":{\"@id\":\"https:\\\/\\\/www.lyceelafayette.fr\\\/#organization\"},\"image\":{\"@id\":\"https:\\\/\\\/www.lyceelafayette.fr\\\/index.php\\\/2022\\\/04\\\/14\\\/chantier-ecole-bac-pro-melec\\\/#primaryimage\"},\"thumbnailUrl\":\"https:\\\/\\\/www.lyceelafayette.fr\\\/wp-content\\\/uploads\\\/2022\\\/04\\\/IMG_1753-2-1024x768.jpg\",\"keywords\":[\"BAC PRO\",\"chantier\",\"Electrotechnique\",\"MELEC\"],\"articleSection\":[\"formations\"],\"inLanguage\":\"fr-FR\"},{\"@type\":\"WebPage\",\"@id\":\"https:\\\/\\\/www.lyceelafayette.fr\\\/index.php\\\/2022\\\/04\\\/14\\\/chantier-ecole-bac-pro-melec\\\/\",\"url\":\"https:\\\/\\\/www.lyceelafayette.fr\\\/index.php\\\/2022\\\/04\\\/14\\\/chantier-ecole-bac-pro-melec\\\/\",\"name\":\"Chantier \u00e9cole Bac Pro MELEC - Lyc\u00e9e La Fayette\",\"isPartOf\":{\"@id\":\"https:\\\/\\\/www.lyceelafayette.fr\\\/#website\"},\"primaryImageOfPage\":{\"@id\":\"https:\\\/\\\/www.lyceelafayette.fr\\\/index.php\\\/2022\\\/04\\\/14\\\/chantier-ecole-bac-pro-melec\\\/#primaryimage\"},\"image\":{\"@id\":\"https:\\\/\\\/www.lyceelafayette.fr\\\/index.php\\\/2022\\\/04\\\/14\\\/chantier-ecole-bac-pro-melec\\\/#primaryimage\"},\"thumbnailUrl\":\"https:\\\/\\\/www.lyceelafayette.fr\\\/wp-content\\\/uploads\\\/2022\\\/04\\\/IMG_1753-2-1024x768.jpg\",\"datePublished\":\"2022-04-14T08:14:08+00:00\",\"dateModified\":\"2022-04-14T08:14:09+00:00\",\"breadcrumb\":{\"@id\":\"https:\\\/\\\/www.lyceelafayette.fr\\\/index.php\\\/2022\\\/04\\\/14\\\/chantier-ecole-bac-pro-melec\\\/#breadcrumb\"},\"inLanguage\":\"fr-FR\",\"potentialAction\":[{\"@type\":\"ReadAction\",\"target\":[\"https:\\\/\\\/www.lyceelafayette.fr\\\/index.php\\\/2022\\\/04\\\/14\\\/chantier-ecole-bac-pro-melec\\\/\"]}]},{\"@type\":\"ImageObject\",\"inLanguage\":\"fr-FR\",\"@id\":\"https:\\\/\\\/www.lyceelafayette.fr\\\/index.php\\\/2022\\\/04\\\/14\\\/chantier-ecole-bac-pro-melec\\\/#primaryimage\",\"url\":\"https:\\\/\\\/www.lyceelafayette.fr\\\/wp-content\\\/uploads\\\/2022\\\/04\\\/IMG_1753-2-1024x768.jpg\",\"contentUrl\":\"https:\\\/\\\/www.lyceelafayette.fr\\\/wp-content\\\/uploads\\\/2022\\\/04\\\/IMG_1753-2-1024x768.jpg\"},{\"@type\":\"BreadcrumbList\",\"@id\":\"https:\\\/\\\/www.lyceelafayette.fr\\\/index.php\\\/2022\\\/04\\\/14\\\/chantier-ecole-bac-pro-melec\\\/#breadcrumb\",\"itemListElement\":[{\"@type\":\"ListItem\",\"position\":1,\"name\":\"Accueil\",\"item\":\"https:\\\/\\\/www.lyceelafayette.fr\\\/\"},{\"@type\":\"ListItem\",\"position\":2,\"name\":\"Chantier \u00e9cole Bac Pro MELEC\"}]},{\"@type\":\"WebSite\",\"@id\":\"https:\\\/\\\/www.lyceelafayette.fr\\\/#website\",\"url\":\"https:\\\/\\\/www.lyceelafayette.fr\\\/\",\"name\":\"Lyc\u00e9e La Fayette\",\"description\":\"\",\"publisher\":{\"@id\":\"https:\\\/\\\/www.lyceelafayette.fr\\\/#organization\"},\"potentialAction\":[{\"@type\":\"SearchAction\",\"target\":{\"@type\":\"EntryPoint\",\"urlTemplate\":\"https:\\\/\\\/www.lyceelafayette.fr\\\/?s={search_term_string}\"},\"query-input\":{\"@type\":\"PropertyValueSpecification\",\"valueRequired\":true,\"valueName\":\"search_term_string\"}}],\"inLanguage\":\"fr-FR\"},{\"@type\":\"Organization\",\"@id\":\"https:\\\/\\\/www.lyceelafayette.fr\\\/#organization\",\"name\":\"Lyc\u00e9e La Fayette\",\"url\":\"https:\\\/\\\/www.lyceelafayette.fr\\\/\",\"logo\":{\"@type\":\"ImageObject\",\"inLanguage\":\"fr-FR\",\"@id\":\"https:\\\/\\\/www.lyceelafayette.fr\\\/#\\\/schema\\\/logo\\\/image\\\/\",\"url\":\"https:\\\/\\\/www.lyceelafayette.fr\\\/wp-content\\\/uploads\\\/2019\\\/06\\\/llf_logo_alpha.png\",\"contentUrl\":\"https:\\\/\\\/www.lyceelafayette.fr\\\/wp-content\\\/uploads\\\/2019\\\/06\\\/llf_logo_alpha.png\",\"width\":1583,\"height\":792,\"caption\":\"Lyc\u00e9e La Fayette\"},\"image\":{\"@id\":\"https:\\\/\\\/www.lyceelafayette.fr\\\/#\\\/schema\\\/logo\\\/image\\\/\"},\"sameAs\":[\"https:\\\/\\\/www.youtube.com\\\/channel\\\/UC2AOQowoMGBKdY4ToZsf9mw\"]},{\"@type\":\"Person\",\"@id\":\"https:\\\/\\\/www.lyceelafayette.fr\\\/#\\\/schema\\\/person\\\/ce6db8a1157d50329e1fd65f9a9b5df8\",\"name\":\"Alexandre Facchin\",\"image\":{\"@type\":\"ImageObject\",\"inLanguage\":\"fr-FR\",\"@id\":\"https:\\\/\\\/secure.gravatar.com\\\/avatar\\\/c94ab2db74f6be2880cb92feeab1c3c9a55baee6dab0b6f9fbb80e1bc3336b7a?s=96&d=blank&r=g\",\"url\":\"https:\\\/\\\/secure.gravatar.com\\\/avatar\\\/c94ab2db74f6be2880cb92feeab1c3c9a55baee6dab0b6f9fbb80e1bc3336b7a?s=96&d=blank&r=g\",\"contentUrl\":\"https:\\\/\\\/secure.gravatar.com\\\/avatar\\\/c94ab2db74f6be2880cb92feeab1c3c9a55baee6dab0b6f9fbb80e1bc3336b7a?s=96&d=blank&r=g\",\"caption\":\"Alexandre Facchin\"},\"url\":\"https:\\\/\\\/www.lyceelafayette.fr\\\/index.php\\\/author\\\/admin\\\/\"}]}<\/script>\n<!-- \/ Yoast SEO plugin. -->","yoast_head_json":{"title":"Chantier \u00e9cole Bac Pro MELEC - Lyc\u00e9e La Fayette","robots":{"index":"index","follow":"follow","max-snippet":"max-snippet:-1","max-image-preview":"max-image-preview:large","max-video-preview":"max-video-preview:-1"},"canonical":"https:\/\/www.lyceelafayette.fr\/index.php\/2022\/04\/14\/chantier-ecole-bac-pro-melec\/","og_locale":"fr_FR","og_type":"article","og_title":"Chantier \u00e9cole Bac Pro MELEC - Lyc\u00e9e La Fayette","og_description":"Suite au projet r\u00e9alis\u00e9 par les \u00e9tudiants de BTS \u00e9lectrotechnique en juin 2021, les \u00e9l\u00e8ves de Bac Pro MELEC ont r\u00e9alis\u00e9 la premi\u00e8re phase d\u2019installation du projet sur site le Mercredi 6 avril 2022. Ce projet concerne la r\u00e9novation du pilotage des treuils de levage du chantier naval Rousseau situ\u00e9... lire la suite","og_url":"https:\/\/www.lyceelafayette.fr\/index.php\/2022\/04\/14\/chantier-ecole-bac-pro-melec\/","og_site_name":"Lyc\u00e9e La Fayette","article_published_time":"2022-04-14T08:14:08+00:00","article_modified_time":"2022-04-14T08:14:09+00:00","og_image":[{"url":"https:\/\/www.lyceelafayette.fr\/wp-content\/uploads\/2022\/04\/IMG_1753-2-1024x768.jpg","type":"","width":"","height":""}],"author":"Alexandre Facchin","twitter_card":"summary_large_image","twitter_misc":{"\u00c9crit par":"Alexandre Facchin","Dur\u00e9e de lecture estim\u00e9e":"3 minutes"},"schema":{"@context":"https:\/\/schema.org","@graph":[{"@type":"Article","@id":"https:\/\/www.lyceelafayette.fr\/index.php\/2022\/04\/14\/chantier-ecole-bac-pro-melec\/#article","isPartOf":{"@id":"https:\/\/www.lyceelafayette.fr\/index.php\/2022\/04\/14\/chantier-ecole-bac-pro-melec\/"},"author":{"name":"Alexandre Facchin","@id":"https:\/\/www.lyceelafayette.fr\/#\/schema\/person\/ce6db8a1157d50329e1fd65f9a9b5df8"},"headline":"Chantier \u00e9cole Bac Pro MELEC","datePublished":"2022-04-14T08:14:08+00:00","dateModified":"2022-04-14T08:14:09+00:00","mainEntityOfPage":{"@id":"https:\/\/www.lyceelafayette.fr\/index.php\/2022\/04\/14\/chantier-ecole-bac-pro-melec\/"},"wordCount":173,"publisher":{"@id":"https:\/\/www.lyceelafayette.fr\/#organization"},"image":{"@id":"https:\/\/www.lyceelafayette.fr\/index.php\/2022\/04\/14\/chantier-ecole-bac-pro-melec\/#primaryimage"},"thumbnailUrl":"https:\/\/www.lyceelafayette.fr\/wp-content\/uploads\/2022\/04\/IMG_1753-2-1024x768.jpg","keywords":["BAC PRO","chantier","Electrotechnique","MELEC"],"articleSection":["formations"],"inLanguage":"fr-FR"},{"@type":"WebPage","@id":"https:\/\/www.lyceelafayette.fr\/index.php\/2022\/04\/14\/chantier-ecole-bac-pro-melec\/","url":"https:\/\/www.lyceelafayette.fr\/index.php\/2022\/04\/14\/chantier-ecole-bac-pro-melec\/","name":"Chantier \u00e9cole Bac Pro MELEC - Lyc\u00e9e La Fayette","isPartOf":{"@id":"https:\/\/www.lyceelafayette.fr\/#website"},"primaryImageOfPage":{"@id":"https:\/\/www.lyceelafayette.fr\/index.php\/2022\/04\/14\/chantier-ecole-bac-pro-melec\/#primaryimage"},"image":{"@id":"https:\/\/www.lyceelafayette.fr\/index.php\/2022\/04\/14\/chantier-ecole-bac-pro-melec\/#primaryimage"},"thumbnailUrl":"https:\/\/www.lyceelafayette.fr\/wp-content\/uploads\/2022\/04\/IMG_1753-2-1024x768.jpg","datePublished":"2022-04-14T08:14:08+00:00","dateModified":"2022-04-14T08:14:09+00:00","breadcrumb":{"@id":"https:\/\/www.lyceelafayette.fr\/index.php\/2022\/04\/14\/chantier-ecole-bac-pro-melec\/#breadcrumb"},"inLanguage":"fr-FR","potentialAction":[{"@type":"ReadAction","target":["https:\/\/www.lyceelafayette.fr\/index.php\/2022\/04\/14\/chantier-ecole-bac-pro-melec\/"]}]},{"@type":"ImageObject","inLanguage":"fr-FR","@id":"https:\/\/www.lyceelafayette.fr\/index.php\/2022\/04\/14\/chantier-ecole-bac-pro-melec\/#primaryimage","url":"https:\/\/www.lyceelafayette.fr\/wp-content\/uploads\/2022\/04\/IMG_1753-2-1024x768.jpg","contentUrl":"https:\/\/www.lyceelafayette.fr\/wp-content\/uploads\/2022\/04\/IMG_1753-2-1024x768.jpg"},{"@type":"BreadcrumbList","@id":"https:\/\/www.lyceelafayette.fr\/index.php\/2022\/04\/14\/chantier-ecole-bac-pro-melec\/#breadcrumb","itemListElement":[{"@type":"ListItem","position":1,"name":"Accueil","item":"https:\/\/www.lyceelafayette.fr\/"},{"@type":"ListItem","position":2,"name":"Chantier \u00e9cole Bac Pro MELEC"}]},{"@type":"WebSite","@id":"https:\/\/www.lyceelafayette.fr\/#website","url":"https:\/\/www.lyceelafayette.fr\/","name":"Lyc\u00e9e La Fayette","description":"","publisher":{"@id":"https:\/\/www.lyceelafayette.fr\/#organization"},"potentialAction":[{"@type":"SearchAction","target":{"@type":"EntryPoint","urlTemplate":"https:\/\/www.lyceelafayette.fr\/?s={search_term_string}"},"query-input":{"@type":"PropertyValueSpecification","valueRequired":true,"valueName":"search_term_string"}}],"inLanguage":"fr-FR"},{"@type":"Organization","@id":"https:\/\/www.lyceelafayette.fr\/#organization","name":"Lyc\u00e9e La Fayette","url":"https:\/\/www.lyceelafayette.fr\/","logo":{"@type":"ImageObject","inLanguage":"fr-FR","@id":"https:\/\/www.lyceelafayette.fr\/#\/schema\/logo\/image\/","url":"https:\/\/www.lyceelafayette.fr\/wp-content\/uploads\/2019\/06\/llf_logo_alpha.png","contentUrl":"https:\/\/www.lyceelafayette.fr\/wp-content\/uploads\/2019\/06\/llf_logo_alpha.png","width":1583,"height":792,"caption":"Lyc\u00e9e La Fayette"},"image":{"@id":"https:\/\/www.lyceelafayette.fr\/#\/schema\/logo\/image\/"},"sameAs":["https:\/\/www.youtube.com\/channel\/UC2AOQowoMGBKdY4ToZsf9mw"]},{"@type":"Person","@id":"https:\/\/www.lyceelafayette.fr\/#\/schema\/person\/ce6db8a1157d50329e1fd65f9a9b5df8","name":"Alexandre Facchin","image":{"@type":"ImageObject","inLanguage":"fr-FR","@id":"https:\/\/secure.gravatar.com\/avatar\/c94ab2db74f6be2880cb92feeab1c3c9a55baee6dab0b6f9fbb80e1bc3336b7a?s=96&d=blank&r=g","url":"https:\/\/secure.gravatar.com\/avatar\/c94ab2db74f6be2880cb92feeab1c3c9a55baee6dab0b6f9fbb80e1bc3336b7a?s=96&d=blank&r=g","contentUrl":"https:\/\/secure.gravatar.com\/avatar\/c94ab2db74f6be2880cb92feeab1c3c9a55baee6dab0b6f9fbb80e1bc3336b7a?s=96&d=blank&r=g","caption":"Alexandre Facchin"},"url":"https:\/\/www.lyceelafayette.fr\/index.php\/author\/admin\/"}]}},"_links":{"self":[{"href":"https:\/\/www.lyceelafayette.fr\/index.php\/wp-json\/wp\/v2\/posts\/5634","targetHints":{"allow":["GET"]}}],"collection":[{"href":"https:\/\/www.lyceelafayette.fr\/index.php\/wp-json\/wp\/v2\/posts"}],"about":[{"href":"https:\/\/www.lyceelafayette.fr\/index.php\/wp-json\/wp\/v2\/types\/post"}],"author":[{"embeddable":true,"href":"https:\/\/www.lyceelafayette.fr\/index.php\/wp-json\/wp\/v2\/users\/8"}],"replies":[{"embeddable":true,"href":"https:\/\/www.lyceelafayette.fr\/index.php\/wp-json\/wp\/v2\/comments?post=5634"}],"version-history":[{"count":3,"href":"https:\/\/www.lyceelafayette.fr\/index.php\/wp-json\/wp\/v2\/posts\/5634\/revisions"}],"predecessor-version":[{"id":5648,"href":"https:\/\/www.lyceelafayette.fr\/index.php\/wp-json\/wp\/v2\/posts\/5634\/revisions\/5648"}],"wp:attachment":[{"href":"https:\/\/www.lyceelafayette.fr\/index.php\/wp-json\/wp\/v2\/media?parent=5634"}],"wp:term":[{"taxonomy":"category","embeddable":true,"href":"https:\/\/www.lyceelafayette.fr\/index.php\/wp-json\/wp\/v2\/categories?post=5634"},{"taxonomy":"post_tag","embeddable":true,"href":"https:\/\/www.lyceelafayette.fr\/index.php\/wp-json\/wp\/v2\/tags?post=5634"}],"curies":[{"name":"wp","href":"https:\/\/api.w.org\/{rel}","templated":true}]}}