{"id":5600,"date":"2022-04-14T13:10:15","date_gmt":"2022-04-14T11:10:15","guid":{"rendered":"https:\/\/www.lyceelafayette.fr\/?p=5600"},"modified":"2022-04-14T13:10:17","modified_gmt":"2022-04-14T11:10:17","slug":"court-metrage-les-inclus","status":"publish","type":"post","link":"https:\/\/www.lyceelafayette.fr\/index.php\/2022\/04\/14\/court-metrage-les-inclus\/","title":{"rendered":"Court m\u00e9trage \u00ab\u00a0Les inclus\u00a0\u00bb"},"content":{"rendered":"\n<p>Depuis 2 ans, un dispositif unique et exceptionnel a \u00e9t\u00e9 mis en place au lyc\u00e9e : le cours de Fran\u00e7ais Sp\u00e9cialis\u00e9.<br>Il a pour but d\u2019am\u00e9liorer les conditions d\u2019insertion des \u00e9l\u00e8ves les plus en difficult\u00e9 dans la ma\u00eetrise \u00e9crite et orale des apprentissages fondamentaux de la langue fran\u00e7aise.<\/p>\n\n\n\n<hr class=\"wp-block-separator\"\/>\n\n\n\n<p>Il accueille des \u00e9l\u00e8ves allophones pour qui l\u2019apprentissage de la langue (la lecture en particulier) est une urgence. Il accompagne \u00e9galement des \u00e9l\u00e8ves ayant effectu\u00e9 leur coll\u00e8ge dans une Unit\u00e9 Localis\u00e9e pour l\u2019Inclusion Scolaire (ULIS) mais aussi tous ceux qui peuvent avoir besoin de ce suivi particulier en rapport avec un accompagnant d\u2019\u00e9l\u00e8ve en situation de handicap (AESH).<\/p>\n\n\n\n<p>Le court-m\u00e9trage \u00ab\u00a0Les inclus\u00a0\u00bb, r\u00e9alis\u00e9 en classe au cours du mois de mars 2022, d\u00e9fend ce dispositif tr\u00e8s pr\u00e9cieux pour ces \u00e9l\u00e8ves.<\/p>\n\n\n\n<p>Il montre trois d\u2019entre eux : <strong>K\u00e9tia Missikou, Gianny Cassagne<\/strong> et <strong>Lyam Cassagne<\/strong>, inscrits en seconde CAP. S\u00e9rieux et attachants, ils sont lucides sur leurs difficult\u00e9s et toujours d\u00e9sireux de bien faire. Puisse ce petit film les encourager \u00e0 continuer d\u2019avancer.<\/p>\n\n\n\n<figure class=\"wp-block-embed is-type-video is-provider-youtube wp-block-embed-youtube wp-embed-aspect-16-9 wp-has-aspect-ratio\"><div class=\"wp-block-embed__wrapper\">\n<iframe loading=\"lazy\" title=\"INCLUSION Court m\u00e9trage   Les inclus\" width=\"920\" height=\"518\" src=\"https:\/\/www.youtube.com\/embed\/SKxD8yzuhhg?feature=oembed\" frameborder=\"0\" allow=\"accelerometer; autoplay; clipboard-write; encrypted-media; gyroscope; picture-in-picture\" allowfullscreen><\/iframe>\n<\/div><\/figure>\n","protected":false},"excerpt":{"rendered":"<p>Depuis 2 ans, un dispositif unique et exceptionnel a \u00e9t\u00e9 mis en place au lyc\u00e9e : le cours de Fran\u00e7ais Sp\u00e9cialis\u00e9.Il a pour but d\u2019am\u00e9liorer les conditions d\u2019insertion des \u00e9l\u00e8ves les plus en difficult\u00e9 dans la ma\u00eetrise \u00e9crite et orale des apprentissages fondamentaux de la langue fran\u00e7aise. Il accueille des&#8230; <a class=\"continue-reading-link\" href=\"https:\/\/www.lyceelafayette.fr\/index.php\/2022\/04\/14\/court-metrage-les-inclus\/\">lire la suite<\/a><\/p>\n","protected":false},"author":8,"featured_media":5603,"comment_status":"closed","ping_status":"open","sticky":false,"template":"","format":"standard","meta":{"footnotes":""},"categories":[1],"tags":[],"class_list":["post-5600","post","type-post","status-publish","format-standard","has-post-thumbnail","hentry","category-non-classe"],"yoast_head":"<!-- This site is optimized with the Yoast SEO plugin v27.5 - https:\/\/yoast.com\/product\/yoast-seo-wordpress\/ -->\n<title>Court m\u00e9trage &quot;Les inclus&quot; - Lyc\u00e9e La Fayette<\/title>\n<meta name=\"robots\" content=\"index, follow, max-snippet:-1, max-image-preview:large, max-video-preview:-1\" \/>\n<link rel=\"canonical\" href=\"https:\/\/www.lyceelafayette.fr\/index.php\/2022\/04\/14\/court-metrage-les-inclus\/\" \/>\n<meta property=\"og:locale\" content=\"fr_FR\" \/>\n<meta property=\"og:type\" content=\"article\" \/>\n<meta property=\"og:title\" content=\"Court m\u00e9trage &quot;Les inclus&quot; - Lyc\u00e9e La Fayette\" \/>\n<meta property=\"og:description\" content=\"Depuis 2 ans, un dispositif unique et exceptionnel a \u00e9t\u00e9 mis en place au lyc\u00e9e : le cours de Fran\u00e7ais Sp\u00e9cialis\u00e9.Il a pour but d\u2019am\u00e9liorer les conditions d\u2019insertion des \u00e9l\u00e8ves les plus en difficult\u00e9 dans la ma\u00eetrise \u00e9crite et orale des apprentissages fondamentaux de la langue fran\u00e7aise. Il accueille des... lire la suite\" \/>\n<meta property=\"og:url\" content=\"https:\/\/www.lyceelafayette.fr\/index.php\/2022\/04\/14\/court-metrage-les-inclus\/\" \/>\n<meta property=\"og:site_name\" content=\"Lyc\u00e9e La Fayette\" \/>\n<meta property=\"article:published_time\" content=\"2022-04-14T11:10:15+00:00\" \/>\n<meta property=\"article:modified_time\" content=\"2022-04-14T11:10:17+00:00\" \/>\n<meta property=\"og:image\" content=\"https:\/\/www.lyceelafayette.fr\/wp-content\/uploads\/2022\/04\/Capture-de\u0301cran-2022-04-12-a\u0300-14.21.33.png\" \/>\n\t<meta property=\"og:image:width\" content=\"1836\" \/>\n\t<meta property=\"og:image:height\" content=\"1006\" \/>\n\t<meta property=\"og:image:type\" content=\"image\/png\" \/>\n<meta name=\"author\" content=\"Alexandre Facchin\" \/>\n<meta name=\"twitter:card\" content=\"summary_large_image\" \/>\n<meta name=\"twitter:label1\" content=\"\u00c9crit par\" \/>\n\t<meta name=\"twitter:data1\" content=\"Alexandre Facchin\" \/>\n\t<meta name=\"twitter:label2\" content=\"Dur\u00e9e de lecture estim\u00e9e\" \/>\n\t<meta name=\"twitter:data2\" content=\"1 minute\" \/>\n<script type=\"application\/ld+json\" class=\"yoast-schema-graph\">{\"@context\":\"https:\\\/\\\/schema.org\",\"@graph\":[{\"@type\":\"Article\",\"@id\":\"https:\\\/\\\/www.lyceelafayette.fr\\\/index.php\\\/2022\\\/04\\\/14\\\/court-metrage-les-inclus\\\/#article\",\"isPartOf\":{\"@id\":\"https:\\\/\\\/www.lyceelafayette.fr\\\/index.php\\\/2022\\\/04\\\/14\\\/court-metrage-les-inclus\\\/\"},\"author\":{\"name\":\"Alexandre Facchin\",\"@id\":\"https:\\\/\\\/www.lyceelafayette.fr\\\/#\\\/schema\\\/person\\\/ce6db8a1157d50329e1fd65f9a9b5df8\"},\"headline\":\"Court m\u00e9trage \u00ab\u00a0Les inclus\u00a0\u00bb\",\"datePublished\":\"2022-04-14T11:10:15+00:00\",\"dateModified\":\"2022-04-14T11:10:17+00:00\",\"mainEntityOfPage\":{\"@id\":\"https:\\\/\\\/www.lyceelafayette.fr\\\/index.php\\\/2022\\\/04\\\/14\\\/court-metrage-les-inclus\\\/\"},\"wordCount\":203,\"publisher\":{\"@id\":\"https:\\\/\\\/www.lyceelafayette.fr\\\/#organization\"},\"image\":{\"@id\":\"https:\\\/\\\/www.lyceelafayette.fr\\\/index.php\\\/2022\\\/04\\\/14\\\/court-metrage-les-inclus\\\/#primaryimage\"},\"thumbnailUrl\":\"https:\\\/\\\/www.lyceelafayette.fr\\\/wp-content\\\/uploads\\\/2022\\\/04\\\/Capture-de\u0301cran-2022-04-12-a\u0300-14.21.33.png\",\"inLanguage\":\"fr-FR\"},{\"@type\":\"WebPage\",\"@id\":\"https:\\\/\\\/www.lyceelafayette.fr\\\/index.php\\\/2022\\\/04\\\/14\\\/court-metrage-les-inclus\\\/\",\"url\":\"https:\\\/\\\/www.lyceelafayette.fr\\\/index.php\\\/2022\\\/04\\\/14\\\/court-metrage-les-inclus\\\/\",\"name\":\"Court m\u00e9trage \\\"Les inclus\\\" - Lyc\u00e9e La Fayette\",\"isPartOf\":{\"@id\":\"https:\\\/\\\/www.lyceelafayette.fr\\\/#website\"},\"primaryImageOfPage\":{\"@id\":\"https:\\\/\\\/www.lyceelafayette.fr\\\/index.php\\\/2022\\\/04\\\/14\\\/court-metrage-les-inclus\\\/#primaryimage\"},\"image\":{\"@id\":\"https:\\\/\\\/www.lyceelafayette.fr\\\/index.php\\\/2022\\\/04\\\/14\\\/court-metrage-les-inclus\\\/#primaryimage\"},\"thumbnailUrl\":\"https:\\\/\\\/www.lyceelafayette.fr\\\/wp-content\\\/uploads\\\/2022\\\/04\\\/Capture-de\u0301cran-2022-04-12-a\u0300-14.21.33.png\",\"datePublished\":\"2022-04-14T11:10:15+00:00\",\"dateModified\":\"2022-04-14T11:10:17+00:00\",\"breadcrumb\":{\"@id\":\"https:\\\/\\\/www.lyceelafayette.fr\\\/index.php\\\/2022\\\/04\\\/14\\\/court-metrage-les-inclus\\\/#breadcrumb\"},\"inLanguage\":\"fr-FR\",\"potentialAction\":[{\"@type\":\"ReadAction\",\"target\":[\"https:\\\/\\\/www.lyceelafayette.fr\\\/index.php\\\/2022\\\/04\\\/14\\\/court-metrage-les-inclus\\\/\"]}]},{\"@type\":\"ImageObject\",\"inLanguage\":\"fr-FR\",\"@id\":\"https:\\\/\\\/www.lyceelafayette.fr\\\/index.php\\\/2022\\\/04\\\/14\\\/court-metrage-les-inclus\\\/#primaryimage\",\"url\":\"https:\\\/\\\/www.lyceelafayette.fr\\\/wp-content\\\/uploads\\\/2022\\\/04\\\/Capture-de\u0301cran-2022-04-12-a\u0300-14.21.33.png\",\"contentUrl\":\"https:\\\/\\\/www.lyceelafayette.fr\\\/wp-content\\\/uploads\\\/2022\\\/04\\\/Capture-de\u0301cran-2022-04-12-a\u0300-14.21.33.png\",\"width\":1836,\"height\":1006},{\"@type\":\"BreadcrumbList\",\"@id\":\"https:\\\/\\\/www.lyceelafayette.fr\\\/index.php\\\/2022\\\/04\\\/14\\\/court-metrage-les-inclus\\\/#breadcrumb\",\"itemListElement\":[{\"@type\":\"ListItem\",\"position\":1,\"name\":\"Accueil\",\"item\":\"https:\\\/\\\/www.lyceelafayette.fr\\\/\"},{\"@type\":\"ListItem\",\"position\":2,\"name\":\"Court m\u00e9trage \u00ab\u00a0Les inclus\u00a0\u00bb\"}]},{\"@type\":\"WebSite\",\"@id\":\"https:\\\/\\\/www.lyceelafayette.fr\\\/#website\",\"url\":\"https:\\\/\\\/www.lyceelafayette.fr\\\/\",\"name\":\"Lyc\u00e9e La Fayette\",\"description\":\"\",\"publisher\":{\"@id\":\"https:\\\/\\\/www.lyceelafayette.fr\\\/#organization\"},\"potentialAction\":[{\"@type\":\"SearchAction\",\"target\":{\"@type\":\"EntryPoint\",\"urlTemplate\":\"https:\\\/\\\/www.lyceelafayette.fr\\\/?s={search_term_string}\"},\"query-input\":{\"@type\":\"PropertyValueSpecification\",\"valueRequired\":true,\"valueName\":\"search_term_string\"}}],\"inLanguage\":\"fr-FR\"},{\"@type\":\"Organization\",\"@id\":\"https:\\\/\\\/www.lyceelafayette.fr\\\/#organization\",\"name\":\"Lyc\u00e9e La Fayette\",\"url\":\"https:\\\/\\\/www.lyceelafayette.fr\\\/\",\"logo\":{\"@type\":\"ImageObject\",\"inLanguage\":\"fr-FR\",\"@id\":\"https:\\\/\\\/www.lyceelafayette.fr\\\/#\\\/schema\\\/logo\\\/image\\\/\",\"url\":\"https:\\\/\\\/www.lyceelafayette.fr\\\/wp-content\\\/uploads\\\/2019\\\/06\\\/llf_logo_alpha.png\",\"contentUrl\":\"https:\\\/\\\/www.lyceelafayette.fr\\\/wp-content\\\/uploads\\\/2019\\\/06\\\/llf_logo_alpha.png\",\"width\":1583,\"height\":792,\"caption\":\"Lyc\u00e9e La Fayette\"},\"image\":{\"@id\":\"https:\\\/\\\/www.lyceelafayette.fr\\\/#\\\/schema\\\/logo\\\/image\\\/\"},\"sameAs\":[\"https:\\\/\\\/www.youtube.com\\\/channel\\\/UC2AOQowoMGBKdY4ToZsf9mw\"]},{\"@type\":\"Person\",\"@id\":\"https:\\\/\\\/www.lyceelafayette.fr\\\/#\\\/schema\\\/person\\\/ce6db8a1157d50329e1fd65f9a9b5df8\",\"name\":\"Alexandre Facchin\",\"image\":{\"@type\":\"ImageObject\",\"inLanguage\":\"fr-FR\",\"@id\":\"https:\\\/\\\/secure.gravatar.com\\\/avatar\\\/c94ab2db74f6be2880cb92feeab1c3c9a55baee6dab0b6f9fbb80e1bc3336b7a?s=96&d=blank&r=g\",\"url\":\"https:\\\/\\\/secure.gravatar.com\\\/avatar\\\/c94ab2db74f6be2880cb92feeab1c3c9a55baee6dab0b6f9fbb80e1bc3336b7a?s=96&d=blank&r=g\",\"contentUrl\":\"https:\\\/\\\/secure.gravatar.com\\\/avatar\\\/c94ab2db74f6be2880cb92feeab1c3c9a55baee6dab0b6f9fbb80e1bc3336b7a?s=96&d=blank&r=g\",\"caption\":\"Alexandre Facchin\"},\"url\":\"https:\\\/\\\/www.lyceelafayette.fr\\\/index.php\\\/author\\\/admin\\\/\"}]}<\/script>\n<!-- \/ Yoast SEO plugin. -->","yoast_head_json":{"title":"Court m\u00e9trage \"Les inclus\" - Lyc\u00e9e La Fayette","robots":{"index":"index","follow":"follow","max-snippet":"max-snippet:-1","max-image-preview":"max-image-preview:large","max-video-preview":"max-video-preview:-1"},"canonical":"https:\/\/www.lyceelafayette.fr\/index.php\/2022\/04\/14\/court-metrage-les-inclus\/","og_locale":"fr_FR","og_type":"article","og_title":"Court m\u00e9trage \"Les inclus\" - Lyc\u00e9e La Fayette","og_description":"Depuis 2 ans, un dispositif unique et exceptionnel a \u00e9t\u00e9 mis en place au lyc\u00e9e : le cours de Fran\u00e7ais Sp\u00e9cialis\u00e9.Il a pour but d\u2019am\u00e9liorer les conditions d\u2019insertion des \u00e9l\u00e8ves les plus en difficult\u00e9 dans la ma\u00eetrise \u00e9crite et orale des apprentissages fondamentaux de la langue fran\u00e7aise. Il accueille des... lire la suite","og_url":"https:\/\/www.lyceelafayette.fr\/index.php\/2022\/04\/14\/court-metrage-les-inclus\/","og_site_name":"Lyc\u00e9e La Fayette","article_published_time":"2022-04-14T11:10:15+00:00","article_modified_time":"2022-04-14T11:10:17+00:00","og_image":[{"width":1836,"height":1006,"url":"https:\/\/www.lyceelafayette.fr\/wp-content\/uploads\/2022\/04\/Capture-de\u0301cran-2022-04-12-a\u0300-14.21.33.png","type":"image\/png"}],"author":"Alexandre Facchin","twitter_card":"summary_large_image","twitter_misc":{"\u00c9crit par":"Alexandre Facchin","Dur\u00e9e de lecture estim\u00e9e":"1 minute"},"schema":{"@context":"https:\/\/schema.org","@graph":[{"@type":"Article","@id":"https:\/\/www.lyceelafayette.fr\/index.php\/2022\/04\/14\/court-metrage-les-inclus\/#article","isPartOf":{"@id":"https:\/\/www.lyceelafayette.fr\/index.php\/2022\/04\/14\/court-metrage-les-inclus\/"},"author":{"name":"Alexandre Facchin","@id":"https:\/\/www.lyceelafayette.fr\/#\/schema\/person\/ce6db8a1157d50329e1fd65f9a9b5df8"},"headline":"Court m\u00e9trage \u00ab\u00a0Les inclus\u00a0\u00bb","datePublished":"2022-04-14T11:10:15+00:00","dateModified":"2022-04-14T11:10:17+00:00","mainEntityOfPage":{"@id":"https:\/\/www.lyceelafayette.fr\/index.php\/2022\/04\/14\/court-metrage-les-inclus\/"},"wordCount":203,"publisher":{"@id":"https:\/\/www.lyceelafayette.fr\/#organization"},"image":{"@id":"https:\/\/www.lyceelafayette.fr\/index.php\/2022\/04\/14\/court-metrage-les-inclus\/#primaryimage"},"thumbnailUrl":"https:\/\/www.lyceelafayette.fr\/wp-content\/uploads\/2022\/04\/Capture-de\u0301cran-2022-04-12-a\u0300-14.21.33.png","inLanguage":"fr-FR"},{"@type":"WebPage","@id":"https:\/\/www.lyceelafayette.fr\/index.php\/2022\/04\/14\/court-metrage-les-inclus\/","url":"https:\/\/www.lyceelafayette.fr\/index.php\/2022\/04\/14\/court-metrage-les-inclus\/","name":"Court m\u00e9trage \"Les inclus\" - Lyc\u00e9e La Fayette","isPartOf":{"@id":"https:\/\/www.lyceelafayette.fr\/#website"},"primaryImageOfPage":{"@id":"https:\/\/www.lyceelafayette.fr\/index.php\/2022\/04\/14\/court-metrage-les-inclus\/#primaryimage"},"image":{"@id":"https:\/\/www.lyceelafayette.fr\/index.php\/2022\/04\/14\/court-metrage-les-inclus\/#primaryimage"},"thumbnailUrl":"https:\/\/www.lyceelafayette.fr\/wp-content\/uploads\/2022\/04\/Capture-de\u0301cran-2022-04-12-a\u0300-14.21.33.png","datePublished":"2022-04-14T11:10:15+00:00","dateModified":"2022-04-14T11:10:17+00:00","breadcrumb":{"@id":"https:\/\/www.lyceelafayette.fr\/index.php\/2022\/04\/14\/court-metrage-les-inclus\/#breadcrumb"},"inLanguage":"fr-FR","potentialAction":[{"@type":"ReadAction","target":["https:\/\/www.lyceelafayette.fr\/index.php\/2022\/04\/14\/court-metrage-les-inclus\/"]}]},{"@type":"ImageObject","inLanguage":"fr-FR","@id":"https:\/\/www.lyceelafayette.fr\/index.php\/2022\/04\/14\/court-metrage-les-inclus\/#primaryimage","url":"https:\/\/www.lyceelafayette.fr\/wp-content\/uploads\/2022\/04\/Capture-de\u0301cran-2022-04-12-a\u0300-14.21.33.png","contentUrl":"https:\/\/www.lyceelafayette.fr\/wp-content\/uploads\/2022\/04\/Capture-de\u0301cran-2022-04-12-a\u0300-14.21.33.png","width":1836,"height":1006},{"@type":"BreadcrumbList","@id":"https:\/\/www.lyceelafayette.fr\/index.php\/2022\/04\/14\/court-metrage-les-inclus\/#breadcrumb","itemListElement":[{"@type":"ListItem","position":1,"name":"Accueil","item":"https:\/\/www.lyceelafayette.fr\/"},{"@type":"ListItem","position":2,"name":"Court m\u00e9trage \u00ab\u00a0Les inclus\u00a0\u00bb"}]},{"@type":"WebSite","@id":"https:\/\/www.lyceelafayette.fr\/#website","url":"https:\/\/www.lyceelafayette.fr\/","name":"Lyc\u00e9e La Fayette","description":"","publisher":{"@id":"https:\/\/www.lyceelafayette.fr\/#organization"},"potentialAction":[{"@type":"SearchAction","target":{"@type":"EntryPoint","urlTemplate":"https:\/\/www.lyceelafayette.fr\/?s={search_term_string}"},"query-input":{"@type":"PropertyValueSpecification","valueRequired":true,"valueName":"search_term_string"}}],"inLanguage":"fr-FR"},{"@type":"Organization","@id":"https:\/\/www.lyceelafayette.fr\/#organization","name":"Lyc\u00e9e La Fayette","url":"https:\/\/www.lyceelafayette.fr\/","logo":{"@type":"ImageObject","inLanguage":"fr-FR","@id":"https:\/\/www.lyceelafayette.fr\/#\/schema\/logo\/image\/","url":"https:\/\/www.lyceelafayette.fr\/wp-content\/uploads\/2019\/06\/llf_logo_alpha.png","contentUrl":"https:\/\/www.lyceelafayette.fr\/wp-content\/uploads\/2019\/06\/llf_logo_alpha.png","width":1583,"height":792,"caption":"Lyc\u00e9e La Fayette"},"image":{"@id":"https:\/\/www.lyceelafayette.fr\/#\/schema\/logo\/image\/"},"sameAs":["https:\/\/www.youtube.com\/channel\/UC2AOQowoMGBKdY4ToZsf9mw"]},{"@type":"Person","@id":"https:\/\/www.lyceelafayette.fr\/#\/schema\/person\/ce6db8a1157d50329e1fd65f9a9b5df8","name":"Alexandre Facchin","image":{"@type":"ImageObject","inLanguage":"fr-FR","@id":"https:\/\/secure.gravatar.com\/avatar\/c94ab2db74f6be2880cb92feeab1c3c9a55baee6dab0b6f9fbb80e1bc3336b7a?s=96&d=blank&r=g","url":"https:\/\/secure.gravatar.com\/avatar\/c94ab2db74f6be2880cb92feeab1c3c9a55baee6dab0b6f9fbb80e1bc3336b7a?s=96&d=blank&r=g","contentUrl":"https:\/\/secure.gravatar.com\/avatar\/c94ab2db74f6be2880cb92feeab1c3c9a55baee6dab0b6f9fbb80e1bc3336b7a?s=96&d=blank&r=g","caption":"Alexandre Facchin"},"url":"https:\/\/www.lyceelafayette.fr\/index.php\/author\/admin\/"}]}},"_links":{"self":[{"href":"https:\/\/www.lyceelafayette.fr\/index.php\/wp-json\/wp\/v2\/posts\/5600","targetHints":{"allow":["GET"]}}],"collection":[{"href":"https:\/\/www.lyceelafayette.fr\/index.php\/wp-json\/wp\/v2\/posts"}],"about":[{"href":"https:\/\/www.lyceelafayette.fr\/index.php\/wp-json\/wp\/v2\/types\/post"}],"author":[{"embeddable":true,"href":"https:\/\/www.lyceelafayette.fr\/index.php\/wp-json\/wp\/v2\/users\/8"}],"replies":[{"embeddable":true,"href":"https:\/\/www.lyceelafayette.fr\/index.php\/wp-json\/wp\/v2\/comments?post=5600"}],"version-history":[{"count":3,"href":"https:\/\/www.lyceelafayette.fr\/index.php\/wp-json\/wp\/v2\/posts\/5600\/revisions"}],"predecessor-version":[{"id":5650,"href":"https:\/\/www.lyceelafayette.fr\/index.php\/wp-json\/wp\/v2\/posts\/5600\/revisions\/5650"}],"wp:featuredmedia":[{"embeddable":true,"href":"https:\/\/www.lyceelafayette.fr\/index.php\/wp-json\/wp\/v2\/media\/5603"}],"wp:attachment":[{"href":"https:\/\/www.lyceelafayette.fr\/index.php\/wp-json\/wp\/v2\/media?parent=5600"}],"wp:term":[{"taxonomy":"category","embeddable":true,"href":"https:\/\/www.lyceelafayette.fr\/index.php\/wp-json\/wp\/v2\/categories?post=5600"},{"taxonomy":"post_tag","embeddable":true,"href":"https:\/\/www.lyceelafayette.fr\/index.php\/wp-json\/wp\/v2\/tags?post=5600"}],"curies":[{"name":"wp","href":"https:\/\/api.w.org\/{rel}","templated":true}]}}