{"id":5389,"date":"2022-02-10T15:40:34","date_gmt":"2022-02-10T14:40:34","guid":{"rendered":"https:\/\/www.lyceelafayette.fr\/?p=5389"},"modified":"2022-02-10T15:40:36","modified_gmt":"2022-02-10T14:40:36","slug":"sortie-au-musee-mallarme","status":"publish","type":"post","link":"https:\/\/www.lyceelafayette.fr\/index.php\/2022\/02\/10\/sortie-au-musee-mallarme\/","title":{"rendered":"Sortie au mus\u00e9e Mallarm\u00e9"},"content":{"rendered":"\n<figure class=\"wp-block-image size-full\"><img loading=\"lazy\" decoding=\"async\" width=\"908\" height=\"602\" src=\"https:\/\/www.lyceelafayette.fr\/wp-content\/uploads\/2022\/02\/image.png\" alt=\"\" class=\"wp-image-5391\" srcset=\"https:\/\/www.lyceelafayette.fr\/wp-content\/uploads\/2022\/02\/image.png 908w, https:\/\/www.lyceelafayette.fr\/wp-content\/uploads\/2022\/02\/image-300x199.png 300w, https:\/\/www.lyceelafayette.fr\/wp-content\/uploads\/2022\/02\/image-768x509.png 768w, https:\/\/www.lyceelafayette.fr\/wp-content\/uploads\/2022\/02\/image-150x99.png 150w\" sizes=\"auto, (max-width: 908px) 100vw, 908px\" \/><\/figure>\n\n\n\n<p>Ce mardi\u00a08 f\u00e9vrier 2022, les deuxi\u00e8mes ann\u00e9es de BTS SNIR et SNEC se sont rendues \u00e0 la maison de l\u2019\u00e9crivain symboliste St\u00e9phane Mallarm\u00e9 situ\u00e9e \u00e0 Vulaines-sur-Seine.<!--more--> Les guides de cette maison, convertie en mus\u00e9e, ont accueilli les \u00e9l\u00e8ves \u00e0 9\u00a0h\u00a030 et leur ont pr\u00e9sent\u00e9 la demeure de l\u2019auteur. Nous avons donc pu visiter les pi\u00e8ces de cette maison, contenant plusieurs \u0153uvres d\u2019autres artistes qui avaient c\u00f4toy\u00e9 le ma\u00eetre des lieux, mais aussi beaucoup de vers de ses po\u00e8mes, surtout dans son jardin. Nous avons pu d\u00e9couvrir le mobilier utilis\u00e9 par l\u2019auteur, qui \u00e9tait plut\u00f4t rudimentaire vu ses faibles revenus dus \u00e0 sa faible popularit\u00e9 \u00e0 son \u00e9poque. Le mus\u00e9e nous a \u00e9galement fait l\u2019honneur de nous pr\u00e9senter quelques pi\u00e8ces de collection provenant de ses r\u00e9serves, notamment des objets personnels ayant appartenu \u00e0 la fille du po\u00e8te, Genevi\u00e8ve Mallarm\u00e9-Bonniot ou encore des encres qui furent utilis\u00e9es par l\u2019auteur avant sa mort. Cette visite fut tr\u00e8s enrichissante pour nous qui avons un th\u00e8me d\u2019\u00e9criture personnelle qui porte cette ann\u00e9e sur la maison. Celle-ci nous a permis d\u2019en apprendre plus sur la mani\u00e8re dont un auteur ayant v\u00e9cu \u00e0 quelques kilom\u00e8tres du lyc\u00e9e utilisait sa maison ou ce que ce lieu repr\u00e9sentait pour lui. Nous tenons \u00e0 remercier l\u2019\u00e9quipe du mus\u00e9e qui nous a accueillis chaleureusement et qui \u00e9tait \u00e0 l\u2019\u00e9coute durant toute la visite, les guides ont contribu\u00e9 \u00e0 rendre la visite int\u00e9ressante, enrichissante et divertissante.<\/p>\n\n\n\n<h2 class=\"wp-block-heading\">Biographie du po\u00e8te<\/h2>\n\n\n\n<figure class=\"wp-block-image size-full\"><img loading=\"lazy\" decoding=\"async\" width=\"526\" height=\"384\" src=\"https:\/\/www.lyceelafayette.fr\/wp-content\/uploads\/2022\/02\/image-1.png\" alt=\"\" class=\"wp-image-5392\" srcset=\"https:\/\/www.lyceelafayette.fr\/wp-content\/uploads\/2022\/02\/image-1.png 526w, https:\/\/www.lyceelafayette.fr\/wp-content\/uploads\/2022\/02\/image-1-300x219.png 300w, https:\/\/www.lyceelafayette.fr\/wp-content\/uploads\/2022\/02\/image-1-150x110.png 150w\" sizes=\"auto, (max-width: 526px) 100vw, 526px\" \/><\/figure>\n\n\n\n<p>St\u00e9phane Mallarm\u00e9 est n\u00e9 le 18 mars 1842 \u00e0 Paris. Il \u00e9tait professeur d\u2019anglais \u00e0 la capitale, m\u00e9tier qu\u2019il exer\u00e7ait uniquement \u00e0 des fins mon\u00e9taires et qui ne le passionnait pas. En parall\u00e8le de son travail, il publie des po\u00e8mes et des commentaires de texte qui seront vivement critiqu\u00e9s pour leurs difficult\u00e9s de compr\u00e9hension. Il aura deux enfants avec sa femme, Maria Christina Gerhard, Genevi\u00e8ve et Anatole, mais ce dernier mourra d\u2019une maladie infantile \u00e0 l\u2019\u00e2ge de 8&nbsp;ans. Il se trouve en 1974 une maison de vill\u00e9giature en bord de Seine et non loin de la for\u00eat de Fontainebleau qu\u2019il louera jusqu\u2019\u00e0 sa mort en 1898. Il y accueillera, lors de ses fameux mardis litt\u00e9raires, plusieurs grands noms artistiques de l\u2019\u00e9poque, notamment Monet, tr\u00e8s controvers\u00e9 \u00e0 l\u2019\u00e9poque tout comme Mallarm\u00e9, ainsi que d\u2019autres grands noms artistiques&nbsp;: Verlaine, Vuillard, Roussel, pour ne citer que des exemples. Il mourra en 1898 dans cette maison de Valvins \u00e0 l\u2019\u00e2ge de 56&nbsp;ans, notamment \u00e0 cause de sa surconsommation de tabac, courante dans une soci\u00e9t\u00e9 qui, \u00e0 l&rsquo;\u00e9poque, ignorait les probl\u00e8mes de sant\u00e9 que cela engendrait.<br><br><\/p>\n\n\n\n<figure class=\"wp-block-gallery columns-3 is-cropped wp-block-gallery-1 is-layout-flex wp-block-gallery-is-layout-flex\"><ul class=\"blocks-gallery-grid\"><li class=\"blocks-gallery-item\"><figure><img loading=\"lazy\" decoding=\"async\" width=\"1024\" height=\"683\" src=\"https:\/\/www.lyceelafayette.fr\/wp-content\/uploads\/2022\/02\/P1010472-1024x683.jpg\" alt=\"\" data-id=\"5393\" data-full-url=\"https:\/\/www.lyceelafayette.fr\/wp-content\/uploads\/2022\/02\/P1010472-scaled.jpg\" data-link=\"https:\/\/www.lyceelafayette.fr\/?attachment_id=5393\" class=\"wp-image-5393\" srcset=\"https:\/\/www.lyceelafayette.fr\/wp-content\/uploads\/2022\/02\/P1010472-1024x683.jpg 1024w, https:\/\/www.lyceelafayette.fr\/wp-content\/uploads\/2022\/02\/P1010472-300x200.jpg 300w, https:\/\/www.lyceelafayette.fr\/wp-content\/uploads\/2022\/02\/P1010472-768x512.jpg 768w, https:\/\/www.lyceelafayette.fr\/wp-content\/uploads\/2022\/02\/P1010472-1536x1024.jpg 1536w, https:\/\/www.lyceelafayette.fr\/wp-content\/uploads\/2022\/02\/P1010472-2048x1365.jpg 2048w, https:\/\/www.lyceelafayette.fr\/wp-content\/uploads\/2022\/02\/P1010472-150x100.jpg 150w, https:\/\/www.lyceelafayette.fr\/wp-content\/uploads\/2022\/02\/P1010472-272x182.jpg 272w\" sizes=\"auto, (max-width: 1024px) 100vw, 1024px\" \/><\/figure><\/li><li class=\"blocks-gallery-item\"><figure><img loading=\"lazy\" decoding=\"async\" width=\"1024\" height=\"697\" src=\"https:\/\/www.lyceelafayette.fr\/wp-content\/uploads\/2022\/02\/P1010473-1024x697.jpg\" alt=\"\" data-id=\"5394\" data-full-url=\"https:\/\/www.lyceelafayette.fr\/wp-content\/uploads\/2022\/02\/P1010473-scaled.jpg\" data-link=\"https:\/\/www.lyceelafayette.fr\/?attachment_id=5394\" class=\"wp-image-5394\" srcset=\"https:\/\/www.lyceelafayette.fr\/wp-content\/uploads\/2022\/02\/P1010473-1024x697.jpg 1024w, https:\/\/www.lyceelafayette.fr\/wp-content\/uploads\/2022\/02\/P1010473-300x204.jpg 300w, https:\/\/www.lyceelafayette.fr\/wp-content\/uploads\/2022\/02\/P1010473-768x523.jpg 768w, https:\/\/www.lyceelafayette.fr\/wp-content\/uploads\/2022\/02\/P1010473-1536x1046.jpg 1536w, https:\/\/www.lyceelafayette.fr\/wp-content\/uploads\/2022\/02\/P1010473-2048x1395.jpg 2048w, https:\/\/www.lyceelafayette.fr\/wp-content\/uploads\/2022\/02\/P1010473-150x102.jpg 150w\" sizes=\"auto, (max-width: 1024px) 100vw, 1024px\" \/><\/figure><\/li><li class=\"blocks-gallery-item\"><figure><img loading=\"lazy\" decoding=\"async\" width=\"1024\" height=\"760\" src=\"https:\/\/www.lyceelafayette.fr\/wp-content\/uploads\/2022\/02\/P1010474-1024x760.jpg\" alt=\"\" data-id=\"5395\" data-full-url=\"https:\/\/www.lyceelafayette.fr\/wp-content\/uploads\/2022\/02\/P1010474-scaled.jpg\" data-link=\"https:\/\/www.lyceelafayette.fr\/?attachment_id=5395\" class=\"wp-image-5395\" srcset=\"https:\/\/www.lyceelafayette.fr\/wp-content\/uploads\/2022\/02\/P1010474-1024x760.jpg 1024w, https:\/\/www.lyceelafayette.fr\/wp-content\/uploads\/2022\/02\/P1010474-300x223.jpg 300w, https:\/\/www.lyceelafayette.fr\/wp-content\/uploads\/2022\/02\/P1010474-768x570.jpg 768w, https:\/\/www.lyceelafayette.fr\/wp-content\/uploads\/2022\/02\/P1010474-1536x1140.jpg 1536w, https:\/\/www.lyceelafayette.fr\/wp-content\/uploads\/2022\/02\/P1010474-2048x1520.jpg 2048w, https:\/\/www.lyceelafayette.fr\/wp-content\/uploads\/2022\/02\/P1010474-150x111.jpg 150w\" sizes=\"auto, (max-width: 1024px) 100vw, 1024px\" \/><\/figure><\/li><li class=\"blocks-gallery-item\"><figure><img loading=\"lazy\" decoding=\"async\" width=\"1024\" height=\"683\" src=\"https:\/\/www.lyceelafayette.fr\/wp-content\/uploads\/2022\/02\/P1010476-1024x683.jpg\" alt=\"\" data-id=\"5396\" data-full-url=\"https:\/\/www.lyceelafayette.fr\/wp-content\/uploads\/2022\/02\/P1010476-scaled.jpg\" data-link=\"https:\/\/www.lyceelafayette.fr\/?attachment_id=5396\" class=\"wp-image-5396\" srcset=\"https:\/\/www.lyceelafayette.fr\/wp-content\/uploads\/2022\/02\/P1010476-1024x683.jpg 1024w, https:\/\/www.lyceelafayette.fr\/wp-content\/uploads\/2022\/02\/P1010476-300x200.jpg 300w, https:\/\/www.lyceelafayette.fr\/wp-content\/uploads\/2022\/02\/P1010476-768x512.jpg 768w, https:\/\/www.lyceelafayette.fr\/wp-content\/uploads\/2022\/02\/P1010476-1536x1024.jpg 1536w, https:\/\/www.lyceelafayette.fr\/wp-content\/uploads\/2022\/02\/P1010476-2048x1365.jpg 2048w, https:\/\/www.lyceelafayette.fr\/wp-content\/uploads\/2022\/02\/P1010476-150x100.jpg 150w, https:\/\/www.lyceelafayette.fr\/wp-content\/uploads\/2022\/02\/P1010476-272x182.jpg 272w\" sizes=\"auto, (max-width: 1024px) 100vw, 1024px\" \/><\/figure><\/li><li class=\"blocks-gallery-item\"><figure><img loading=\"lazy\" decoding=\"async\" width=\"683\" height=\"1024\" src=\"https:\/\/www.lyceelafayette.fr\/wp-content\/uploads\/2022\/02\/P1010477-683x1024.jpg\" alt=\"\" data-id=\"5397\" data-full-url=\"https:\/\/www.lyceelafayette.fr\/wp-content\/uploads\/2022\/02\/P1010477-scaled.jpg\" data-link=\"https:\/\/www.lyceelafayette.fr\/?attachment_id=5397\" class=\"wp-image-5397\" srcset=\"https:\/\/www.lyceelafayette.fr\/wp-content\/uploads\/2022\/02\/P1010477-683x1024.jpg 683w, https:\/\/www.lyceelafayette.fr\/wp-content\/uploads\/2022\/02\/P1010477-200x300.jpg 200w, https:\/\/www.lyceelafayette.fr\/wp-content\/uploads\/2022\/02\/P1010477-768x1152.jpg 768w, https:\/\/www.lyceelafayette.fr\/wp-content\/uploads\/2022\/02\/P1010477-1024x1536.jpg 1024w, https:\/\/www.lyceelafayette.fr\/wp-content\/uploads\/2022\/02\/P1010477-1365x2048.jpg 1365w, https:\/\/www.lyceelafayette.fr\/wp-content\/uploads\/2022\/02\/P1010477-100x150.jpg 100w, https:\/\/www.lyceelafayette.fr\/wp-content\/uploads\/2022\/02\/P1010477-scaled.jpg 1707w\" sizes=\"auto, (max-width: 683px) 100vw, 683px\" \/><\/figure><\/li><li class=\"blocks-gallery-item\"><figure><img loading=\"lazy\" decoding=\"async\" width=\"1024\" height=\"683\" src=\"https:\/\/www.lyceelafayette.fr\/wp-content\/uploads\/2022\/02\/P1010478-1024x683.jpg\" alt=\"\" data-id=\"5398\" data-full-url=\"https:\/\/www.lyceelafayette.fr\/wp-content\/uploads\/2022\/02\/P1010478-scaled.jpg\" data-link=\"https:\/\/www.lyceelafayette.fr\/?attachment_id=5398\" class=\"wp-image-5398\" srcset=\"https:\/\/www.lyceelafayette.fr\/wp-content\/uploads\/2022\/02\/P1010478-1024x683.jpg 1024w, https:\/\/www.lyceelafayette.fr\/wp-content\/uploads\/2022\/02\/P1010478-300x200.jpg 300w, https:\/\/www.lyceelafayette.fr\/wp-content\/uploads\/2022\/02\/P1010478-768x512.jpg 768w, https:\/\/www.lyceelafayette.fr\/wp-content\/uploads\/2022\/02\/P1010478-1536x1024.jpg 1536w, https:\/\/www.lyceelafayette.fr\/wp-content\/uploads\/2022\/02\/P1010478-2048x1365.jpg 2048w, https:\/\/www.lyceelafayette.fr\/wp-content\/uploads\/2022\/02\/P1010478-150x100.jpg 150w, https:\/\/www.lyceelafayette.fr\/wp-content\/uploads\/2022\/02\/P1010478-272x182.jpg 272w\" sizes=\"auto, (max-width: 1024px) 100vw, 1024px\" \/><\/figure><\/li><li class=\"blocks-gallery-item\"><figure><img loading=\"lazy\" decoding=\"async\" width=\"1024\" height=\"683\" src=\"https:\/\/www.lyceelafayette.fr\/wp-content\/uploads\/2022\/02\/P1010480-1024x683.jpg\" alt=\"\" data-id=\"5399\" data-full-url=\"https:\/\/www.lyceelafayette.fr\/wp-content\/uploads\/2022\/02\/P1010480-scaled.jpg\" data-link=\"https:\/\/www.lyceelafayette.fr\/?attachment_id=5399\" class=\"wp-image-5399\" srcset=\"https:\/\/www.lyceelafayette.fr\/wp-content\/uploads\/2022\/02\/P1010480-1024x683.jpg 1024w, https:\/\/www.lyceelafayette.fr\/wp-content\/uploads\/2022\/02\/P1010480-300x200.jpg 300w, https:\/\/www.lyceelafayette.fr\/wp-content\/uploads\/2022\/02\/P1010480-768x512.jpg 768w, https:\/\/www.lyceelafayette.fr\/wp-content\/uploads\/2022\/02\/P1010480-1536x1024.jpg 1536w, https:\/\/www.lyceelafayette.fr\/wp-content\/uploads\/2022\/02\/P1010480-2048x1365.jpg 2048w, https:\/\/www.lyceelafayette.fr\/wp-content\/uploads\/2022\/02\/P1010480-150x100.jpg 150w, https:\/\/www.lyceelafayette.fr\/wp-content\/uploads\/2022\/02\/P1010480-272x182.jpg 272w\" sizes=\"auto, (max-width: 1024px) 100vw, 1024px\" \/><\/figure><\/li><li class=\"blocks-gallery-item\"><figure><img loading=\"lazy\" decoding=\"async\" width=\"1024\" height=\"683\" src=\"https:\/\/www.lyceelafayette.fr\/wp-content\/uploads\/2022\/02\/P1010482-1024x683.jpg\" alt=\"\" data-id=\"5400\" data-full-url=\"https:\/\/www.lyceelafayette.fr\/wp-content\/uploads\/2022\/02\/P1010482-scaled.jpg\" data-link=\"https:\/\/www.lyceelafayette.fr\/?attachment_id=5400\" class=\"wp-image-5400\" srcset=\"https:\/\/www.lyceelafayette.fr\/wp-content\/uploads\/2022\/02\/P1010482-1024x683.jpg 1024w, https:\/\/www.lyceelafayette.fr\/wp-content\/uploads\/2022\/02\/P1010482-300x200.jpg 300w, https:\/\/www.lyceelafayette.fr\/wp-content\/uploads\/2022\/02\/P1010482-768x512.jpg 768w, https:\/\/www.lyceelafayette.fr\/wp-content\/uploads\/2022\/02\/P1010482-1536x1024.jpg 1536w, https:\/\/www.lyceelafayette.fr\/wp-content\/uploads\/2022\/02\/P1010482-2048x1365.jpg 2048w, https:\/\/www.lyceelafayette.fr\/wp-content\/uploads\/2022\/02\/P1010482-150x100.jpg 150w, https:\/\/www.lyceelafayette.fr\/wp-content\/uploads\/2022\/02\/P1010482-272x182.jpg 272w\" sizes=\"auto, (max-width: 1024px) 100vw, 1024px\" \/><\/figure><\/li><li class=\"blocks-gallery-item\"><figure><img loading=\"lazy\" decoding=\"async\" width=\"1024\" height=\"683\" src=\"https:\/\/www.lyceelafayette.fr\/wp-content\/uploads\/2022\/02\/P1010483-1024x683.jpg\" alt=\"\" data-id=\"5401\" data-full-url=\"https:\/\/www.lyceelafayette.fr\/wp-content\/uploads\/2022\/02\/P1010483-scaled.jpg\" data-link=\"https:\/\/www.lyceelafayette.fr\/?attachment_id=5401\" class=\"wp-image-5401\" srcset=\"https:\/\/www.lyceelafayette.fr\/wp-content\/uploads\/2022\/02\/P1010483-1024x683.jpg 1024w, https:\/\/www.lyceelafayette.fr\/wp-content\/uploads\/2022\/02\/P1010483-300x200.jpg 300w, https:\/\/www.lyceelafayette.fr\/wp-content\/uploads\/2022\/02\/P1010483-768x512.jpg 768w, https:\/\/www.lyceelafayette.fr\/wp-content\/uploads\/2022\/02\/P1010483-1536x1024.jpg 1536w, https:\/\/www.lyceelafayette.fr\/wp-content\/uploads\/2022\/02\/P1010483-2048x1365.jpg 2048w, https:\/\/www.lyceelafayette.fr\/wp-content\/uploads\/2022\/02\/P1010483-150x100.jpg 150w, https:\/\/www.lyceelafayette.fr\/wp-content\/uploads\/2022\/02\/P1010483-272x182.jpg 272w\" sizes=\"auto, (max-width: 1024px) 100vw, 1024px\" \/><\/figure><\/li><li class=\"blocks-gallery-item\"><figure><img loading=\"lazy\" decoding=\"async\" width=\"683\" height=\"1024\" src=\"https:\/\/www.lyceelafayette.fr\/wp-content\/uploads\/2022\/02\/P1010484-683x1024.jpg\" alt=\"\" data-id=\"5402\" data-full-url=\"https:\/\/www.lyceelafayette.fr\/wp-content\/uploads\/2022\/02\/P1010484-scaled.jpg\" data-link=\"https:\/\/www.lyceelafayette.fr\/?attachment_id=5402\" class=\"wp-image-5402\" srcset=\"https:\/\/www.lyceelafayette.fr\/wp-content\/uploads\/2022\/02\/P1010484-683x1024.jpg 683w, https:\/\/www.lyceelafayette.fr\/wp-content\/uploads\/2022\/02\/P1010484-200x300.jpg 200w, https:\/\/www.lyceelafayette.fr\/wp-content\/uploads\/2022\/02\/P1010484-768x1152.jpg 768w, https:\/\/www.lyceelafayette.fr\/wp-content\/uploads\/2022\/02\/P1010484-1024x1536.jpg 1024w, https:\/\/www.lyceelafayette.fr\/wp-content\/uploads\/2022\/02\/P1010484-1365x2048.jpg 1365w, https:\/\/www.lyceelafayette.fr\/wp-content\/uploads\/2022\/02\/P1010484-100x150.jpg 100w, https:\/\/www.lyceelafayette.fr\/wp-content\/uploads\/2022\/02\/P1010484-scaled.jpg 1707w\" sizes=\"auto, (max-width: 683px) 100vw, 683px\" \/><\/figure><\/li><li class=\"blocks-gallery-item\"><figure><img loading=\"lazy\" decoding=\"async\" width=\"683\" height=\"1024\" src=\"https:\/\/www.lyceelafayette.fr\/wp-content\/uploads\/2022\/02\/P1010485-683x1024.jpg\" alt=\"\" data-id=\"5403\" data-full-url=\"https:\/\/www.lyceelafayette.fr\/wp-content\/uploads\/2022\/02\/P1010485-scaled.jpg\" data-link=\"https:\/\/www.lyceelafayette.fr\/?attachment_id=5403\" class=\"wp-image-5403\" srcset=\"https:\/\/www.lyceelafayette.fr\/wp-content\/uploads\/2022\/02\/P1010485-683x1024.jpg 683w, https:\/\/www.lyceelafayette.fr\/wp-content\/uploads\/2022\/02\/P1010485-200x300.jpg 200w, https:\/\/www.lyceelafayette.fr\/wp-content\/uploads\/2022\/02\/P1010485-768x1152.jpg 768w, https:\/\/www.lyceelafayette.fr\/wp-content\/uploads\/2022\/02\/P1010485-1024x1536.jpg 1024w, https:\/\/www.lyceelafayette.fr\/wp-content\/uploads\/2022\/02\/P1010485-1365x2048.jpg 1365w, https:\/\/www.lyceelafayette.fr\/wp-content\/uploads\/2022\/02\/P1010485-100x150.jpg 100w, https:\/\/www.lyceelafayette.fr\/wp-content\/uploads\/2022\/02\/P1010485-scaled.jpg 1707w\" sizes=\"auto, (max-width: 683px) 100vw, 683px\" \/><\/figure><\/li><li class=\"blocks-gallery-item\"><figure><img loading=\"lazy\" decoding=\"async\" width=\"1024\" height=\"743\" src=\"https:\/\/www.lyceelafayette.fr\/wp-content\/uploads\/2022\/02\/P1010487-1024x743.jpg\" alt=\"\" data-id=\"5404\" data-full-url=\"https:\/\/www.lyceelafayette.fr\/wp-content\/uploads\/2022\/02\/P1010487-scaled.jpg\" data-link=\"https:\/\/www.lyceelafayette.fr\/?attachment_id=5404\" class=\"wp-image-5404\" srcset=\"https:\/\/www.lyceelafayette.fr\/wp-content\/uploads\/2022\/02\/P1010487-1024x743.jpg 1024w, https:\/\/www.lyceelafayette.fr\/wp-content\/uploads\/2022\/02\/P1010487-300x218.jpg 300w, https:\/\/www.lyceelafayette.fr\/wp-content\/uploads\/2022\/02\/P1010487-768x557.jpg 768w, https:\/\/www.lyceelafayette.fr\/wp-content\/uploads\/2022\/02\/P1010487-1536x1114.jpg 1536w, https:\/\/www.lyceelafayette.fr\/wp-content\/uploads\/2022\/02\/P1010487-2048x1486.jpg 2048w, https:\/\/www.lyceelafayette.fr\/wp-content\/uploads\/2022\/02\/P1010487-150x109.jpg 150w\" sizes=\"auto, (max-width: 1024px) 100vw, 1024px\" \/><\/figure><\/li><li class=\"blocks-gallery-item\"><figure><img loading=\"lazy\" decoding=\"async\" width=\"1024\" height=\"683\" src=\"https:\/\/www.lyceelafayette.fr\/wp-content\/uploads\/2022\/02\/P1010488-1024x683.jpg\" alt=\"\" data-id=\"5405\" data-full-url=\"https:\/\/www.lyceelafayette.fr\/wp-content\/uploads\/2022\/02\/P1010488-scaled.jpg\" data-link=\"https:\/\/www.lyceelafayette.fr\/?attachment_id=5405\" class=\"wp-image-5405\" srcset=\"https:\/\/www.lyceelafayette.fr\/wp-content\/uploads\/2022\/02\/P1010488-1024x683.jpg 1024w, https:\/\/www.lyceelafayette.fr\/wp-content\/uploads\/2022\/02\/P1010488-300x200.jpg 300w, https:\/\/www.lyceelafayette.fr\/wp-content\/uploads\/2022\/02\/P1010488-768x512.jpg 768w, https:\/\/www.lyceelafayette.fr\/wp-content\/uploads\/2022\/02\/P1010488-1536x1024.jpg 1536w, https:\/\/www.lyceelafayette.fr\/wp-content\/uploads\/2022\/02\/P1010488-2048x1365.jpg 2048w, https:\/\/www.lyceelafayette.fr\/wp-content\/uploads\/2022\/02\/P1010488-150x100.jpg 150w, https:\/\/www.lyceelafayette.fr\/wp-content\/uploads\/2022\/02\/P1010488-272x182.jpg 272w\" sizes=\"auto, (max-width: 1024px) 100vw, 1024px\" \/><\/figure><\/li><li class=\"blocks-gallery-item\"><figure><img loading=\"lazy\" decoding=\"async\" width=\"1024\" height=\"683\" src=\"https:\/\/www.lyceelafayette.fr\/wp-content\/uploads\/2022\/02\/P1010490-1024x683.jpg\" alt=\"\" data-id=\"5406\" data-full-url=\"https:\/\/www.lyceelafayette.fr\/wp-content\/uploads\/2022\/02\/P1010490-scaled.jpg\" data-link=\"https:\/\/www.lyceelafayette.fr\/?attachment_id=5406\" class=\"wp-image-5406\" srcset=\"https:\/\/www.lyceelafayette.fr\/wp-content\/uploads\/2022\/02\/P1010490-1024x683.jpg 1024w, https:\/\/www.lyceelafayette.fr\/wp-content\/uploads\/2022\/02\/P1010490-300x200.jpg 300w, https:\/\/www.lyceelafayette.fr\/wp-content\/uploads\/2022\/02\/P1010490-768x512.jpg 768w, https:\/\/www.lyceelafayette.fr\/wp-content\/uploads\/2022\/02\/P1010490-1536x1024.jpg 1536w, https:\/\/www.lyceelafayette.fr\/wp-content\/uploads\/2022\/02\/P1010490-2048x1365.jpg 2048w, https:\/\/www.lyceelafayette.fr\/wp-content\/uploads\/2022\/02\/P1010490-150x100.jpg 150w, https:\/\/www.lyceelafayette.fr\/wp-content\/uploads\/2022\/02\/P1010490-272x182.jpg 272w\" sizes=\"auto, (max-width: 1024px) 100vw, 1024px\" \/><\/figure><\/li><li class=\"blocks-gallery-item\"><figure><img loading=\"lazy\" decoding=\"async\" width=\"1024\" height=\"860\" src=\"https:\/\/www.lyceelafayette.fr\/wp-content\/uploads\/2022\/02\/P1010492-1024x860.jpg\" alt=\"\" data-id=\"5407\" data-full-url=\"https:\/\/www.lyceelafayette.fr\/wp-content\/uploads\/2022\/02\/P1010492-scaled.jpg\" data-link=\"https:\/\/www.lyceelafayette.fr\/?attachment_id=5407\" class=\"wp-image-5407\" srcset=\"https:\/\/www.lyceelafayette.fr\/wp-content\/uploads\/2022\/02\/P1010492-1024x860.jpg 1024w, https:\/\/www.lyceelafayette.fr\/wp-content\/uploads\/2022\/02\/P1010492-300x252.jpg 300w, https:\/\/www.lyceelafayette.fr\/wp-content\/uploads\/2022\/02\/P1010492-768x645.jpg 768w, https:\/\/www.lyceelafayette.fr\/wp-content\/uploads\/2022\/02\/P1010492-1536x1290.jpg 1536w, https:\/\/www.lyceelafayette.fr\/wp-content\/uploads\/2022\/02\/P1010492-2048x1720.jpg 2048w, https:\/\/www.lyceelafayette.fr\/wp-content\/uploads\/2022\/02\/P1010492-150x126.jpg 150w\" sizes=\"auto, (max-width: 1024px) 100vw, 1024px\" \/><\/figure><\/li><\/ul><\/figure>\n","protected":false},"excerpt":{"rendered":"<p>Ce mardi\u00a08 f\u00e9vrier 2022, les deuxi\u00e8mes ann\u00e9es de BTS SNIR et SNEC se sont rendues \u00e0 la maison de l\u2019\u00e9crivain symboliste St\u00e9phane Mallarm\u00e9 situ\u00e9e \u00e0 Vulaines-sur-Seine. <a class=\"continue-reading-link\" href=\"https:\/\/www.lyceelafayette.fr\/index.php\/2022\/02\/10\/sortie-au-musee-mallarme\/\">lire la suite<\/a><\/p>\n","protected":false},"author":8,"featured_media":0,"comment_status":"closed","ping_status":"open","sticky":false,"template":"","format":"standard","meta":{"footnotes":""},"categories":[1],"tags":[],"class_list":["post-5389","post","type-post","status-publish","format-standard","hentry","category-non-classe"],"yoast_head":"<!-- This site is optimized with the Yoast SEO plugin v27.5 - https:\/\/yoast.com\/product\/yoast-seo-wordpress\/ -->\n<title>Sortie au mus\u00e9e Mallarm\u00e9 - Lyc\u00e9e La Fayette<\/title>\n<meta name=\"robots\" content=\"index, follow, max-snippet:-1, max-image-preview:large, max-video-preview:-1\" \/>\n<link rel=\"canonical\" href=\"https:\/\/www.lyceelafayette.fr\/index.php\/2022\/02\/10\/sortie-au-musee-mallarme\/\" \/>\n<meta property=\"og:locale\" content=\"fr_FR\" \/>\n<meta property=\"og:type\" content=\"article\" \/>\n<meta property=\"og:title\" content=\"Sortie au mus\u00e9e Mallarm\u00e9 - Lyc\u00e9e La Fayette\" \/>\n<meta property=\"og:description\" content=\"Ce mardi\u00a08 f\u00e9vrier 2022, les deuxi\u00e8mes ann\u00e9es de BTS SNIR et SNEC se sont rendues \u00e0 la maison de l\u2019\u00e9crivain symboliste St\u00e9phane Mallarm\u00e9 situ\u00e9e \u00e0 Vulaines-sur-Seine. lire la suite\" \/>\n<meta property=\"og:url\" content=\"https:\/\/www.lyceelafayette.fr\/index.php\/2022\/02\/10\/sortie-au-musee-mallarme\/\" \/>\n<meta property=\"og:site_name\" content=\"Lyc\u00e9e La Fayette\" \/>\n<meta property=\"article:published_time\" content=\"2022-02-10T14:40:34+00:00\" \/>\n<meta property=\"article:modified_time\" content=\"2022-02-10T14:40:36+00:00\" \/>\n<meta property=\"og:image\" content=\"https:\/\/www.lyceelafayette.fr\/wp-content\/uploads\/2022\/02\/image.png\" \/>\n<meta name=\"author\" content=\"Alexandre Facchin\" \/>\n<meta name=\"twitter:card\" content=\"summary_large_image\" \/>\n<meta name=\"twitter:label1\" content=\"\u00c9crit par\" \/>\n\t<meta name=\"twitter:data1\" content=\"Alexandre Facchin\" \/>\n\t<meta name=\"twitter:label2\" content=\"Dur\u00e9e de lecture estim\u00e9e\" \/>\n\t<meta name=\"twitter:data2\" content=\"6 minutes\" \/>\n<script type=\"application\/ld+json\" class=\"yoast-schema-graph\">{\"@context\":\"https:\\\/\\\/schema.org\",\"@graph\":[{\"@type\":\"Article\",\"@id\":\"https:\\\/\\\/www.lyceelafayette.fr\\\/index.php\\\/2022\\\/02\\\/10\\\/sortie-au-musee-mallarme\\\/#article\",\"isPartOf\":{\"@id\":\"https:\\\/\\\/www.lyceelafayette.fr\\\/index.php\\\/2022\\\/02\\\/10\\\/sortie-au-musee-mallarme\\\/\"},\"author\":{\"name\":\"Alexandre Facchin\",\"@id\":\"https:\\\/\\\/www.lyceelafayette.fr\\\/#\\\/schema\\\/person\\\/ce6db8a1157d50329e1fd65f9a9b5df8\"},\"headline\":\"Sortie au mus\u00e9e Mallarm\u00e9\",\"datePublished\":\"2022-02-10T14:40:34+00:00\",\"dateModified\":\"2022-02-10T14:40:36+00:00\",\"mainEntityOfPage\":{\"@id\":\"https:\\\/\\\/www.lyceelafayette.fr\\\/index.php\\\/2022\\\/02\\\/10\\\/sortie-au-musee-mallarme\\\/\"},\"wordCount\":471,\"publisher\":{\"@id\":\"https:\\\/\\\/www.lyceelafayette.fr\\\/#organization\"},\"image\":{\"@id\":\"https:\\\/\\\/www.lyceelafayette.fr\\\/index.php\\\/2022\\\/02\\\/10\\\/sortie-au-musee-mallarme\\\/#primaryimage\"},\"thumbnailUrl\":\"https:\\\/\\\/www.lyceelafayette.fr\\\/wp-content\\\/uploads\\\/2022\\\/02\\\/image.png\",\"inLanguage\":\"fr-FR\"},{\"@type\":\"WebPage\",\"@id\":\"https:\\\/\\\/www.lyceelafayette.fr\\\/index.php\\\/2022\\\/02\\\/10\\\/sortie-au-musee-mallarme\\\/\",\"url\":\"https:\\\/\\\/www.lyceelafayette.fr\\\/index.php\\\/2022\\\/02\\\/10\\\/sortie-au-musee-mallarme\\\/\",\"name\":\"Sortie au mus\u00e9e Mallarm\u00e9 - Lyc\u00e9e La Fayette\",\"isPartOf\":{\"@id\":\"https:\\\/\\\/www.lyceelafayette.fr\\\/#website\"},\"primaryImageOfPage\":{\"@id\":\"https:\\\/\\\/www.lyceelafayette.fr\\\/index.php\\\/2022\\\/02\\\/10\\\/sortie-au-musee-mallarme\\\/#primaryimage\"},\"image\":{\"@id\":\"https:\\\/\\\/www.lyceelafayette.fr\\\/index.php\\\/2022\\\/02\\\/10\\\/sortie-au-musee-mallarme\\\/#primaryimage\"},\"thumbnailUrl\":\"https:\\\/\\\/www.lyceelafayette.fr\\\/wp-content\\\/uploads\\\/2022\\\/02\\\/image.png\",\"datePublished\":\"2022-02-10T14:40:34+00:00\",\"dateModified\":\"2022-02-10T14:40:36+00:00\",\"breadcrumb\":{\"@id\":\"https:\\\/\\\/www.lyceelafayette.fr\\\/index.php\\\/2022\\\/02\\\/10\\\/sortie-au-musee-mallarme\\\/#breadcrumb\"},\"inLanguage\":\"fr-FR\",\"potentialAction\":[{\"@type\":\"ReadAction\",\"target\":[\"https:\\\/\\\/www.lyceelafayette.fr\\\/index.php\\\/2022\\\/02\\\/10\\\/sortie-au-musee-mallarme\\\/\"]}]},{\"@type\":\"ImageObject\",\"inLanguage\":\"fr-FR\",\"@id\":\"https:\\\/\\\/www.lyceelafayette.fr\\\/index.php\\\/2022\\\/02\\\/10\\\/sortie-au-musee-mallarme\\\/#primaryimage\",\"url\":\"https:\\\/\\\/www.lyceelafayette.fr\\\/wp-content\\\/uploads\\\/2022\\\/02\\\/image.png\",\"contentUrl\":\"https:\\\/\\\/www.lyceelafayette.fr\\\/wp-content\\\/uploads\\\/2022\\\/02\\\/image.png\",\"width\":908,\"height\":602},{\"@type\":\"BreadcrumbList\",\"@id\":\"https:\\\/\\\/www.lyceelafayette.fr\\\/index.php\\\/2022\\\/02\\\/10\\\/sortie-au-musee-mallarme\\\/#breadcrumb\",\"itemListElement\":[{\"@type\":\"ListItem\",\"position\":1,\"name\":\"Accueil\",\"item\":\"https:\\\/\\\/www.lyceelafayette.fr\\\/\"},{\"@type\":\"ListItem\",\"position\":2,\"name\":\"Sortie au mus\u00e9e Mallarm\u00e9\"}]},{\"@type\":\"WebSite\",\"@id\":\"https:\\\/\\\/www.lyceelafayette.fr\\\/#website\",\"url\":\"https:\\\/\\\/www.lyceelafayette.fr\\\/\",\"name\":\"Lyc\u00e9e La Fayette\",\"description\":\"\",\"publisher\":{\"@id\":\"https:\\\/\\\/www.lyceelafayette.fr\\\/#organization\"},\"potentialAction\":[{\"@type\":\"SearchAction\",\"target\":{\"@type\":\"EntryPoint\",\"urlTemplate\":\"https:\\\/\\\/www.lyceelafayette.fr\\\/?s={search_term_string}\"},\"query-input\":{\"@type\":\"PropertyValueSpecification\",\"valueRequired\":true,\"valueName\":\"search_term_string\"}}],\"inLanguage\":\"fr-FR\"},{\"@type\":\"Organization\",\"@id\":\"https:\\\/\\\/www.lyceelafayette.fr\\\/#organization\",\"name\":\"Lyc\u00e9e La Fayette\",\"url\":\"https:\\\/\\\/www.lyceelafayette.fr\\\/\",\"logo\":{\"@type\":\"ImageObject\",\"inLanguage\":\"fr-FR\",\"@id\":\"https:\\\/\\\/www.lyceelafayette.fr\\\/#\\\/schema\\\/logo\\\/image\\\/\",\"url\":\"https:\\\/\\\/www.lyceelafayette.fr\\\/wp-content\\\/uploads\\\/2019\\\/06\\\/llf_logo_alpha.png\",\"contentUrl\":\"https:\\\/\\\/www.lyceelafayette.fr\\\/wp-content\\\/uploads\\\/2019\\\/06\\\/llf_logo_alpha.png\",\"width\":1583,\"height\":792,\"caption\":\"Lyc\u00e9e La Fayette\"},\"image\":{\"@id\":\"https:\\\/\\\/www.lyceelafayette.fr\\\/#\\\/schema\\\/logo\\\/image\\\/\"},\"sameAs\":[\"https:\\\/\\\/www.youtube.com\\\/channel\\\/UC2AOQowoMGBKdY4ToZsf9mw\"]},{\"@type\":\"Person\",\"@id\":\"https:\\\/\\\/www.lyceelafayette.fr\\\/#\\\/schema\\\/person\\\/ce6db8a1157d50329e1fd65f9a9b5df8\",\"name\":\"Alexandre Facchin\",\"image\":{\"@type\":\"ImageObject\",\"inLanguage\":\"fr-FR\",\"@id\":\"https:\\\/\\\/secure.gravatar.com\\\/avatar\\\/c94ab2db74f6be2880cb92feeab1c3c9a55baee6dab0b6f9fbb80e1bc3336b7a?s=96&d=blank&r=g\",\"url\":\"https:\\\/\\\/secure.gravatar.com\\\/avatar\\\/c94ab2db74f6be2880cb92feeab1c3c9a55baee6dab0b6f9fbb80e1bc3336b7a?s=96&d=blank&r=g\",\"contentUrl\":\"https:\\\/\\\/secure.gravatar.com\\\/avatar\\\/c94ab2db74f6be2880cb92feeab1c3c9a55baee6dab0b6f9fbb80e1bc3336b7a?s=96&d=blank&r=g\",\"caption\":\"Alexandre Facchin\"},\"url\":\"https:\\\/\\\/www.lyceelafayette.fr\\\/index.php\\\/author\\\/admin\\\/\"}]}<\/script>\n<!-- \/ Yoast SEO plugin. -->","yoast_head_json":{"title":"Sortie au mus\u00e9e Mallarm\u00e9 - Lyc\u00e9e La Fayette","robots":{"index":"index","follow":"follow","max-snippet":"max-snippet:-1","max-image-preview":"max-image-preview:large","max-video-preview":"max-video-preview:-1"},"canonical":"https:\/\/www.lyceelafayette.fr\/index.php\/2022\/02\/10\/sortie-au-musee-mallarme\/","og_locale":"fr_FR","og_type":"article","og_title":"Sortie au mus\u00e9e Mallarm\u00e9 - Lyc\u00e9e La Fayette","og_description":"Ce mardi\u00a08 f\u00e9vrier 2022, les deuxi\u00e8mes ann\u00e9es de BTS SNIR et SNEC se sont rendues \u00e0 la maison de l\u2019\u00e9crivain symboliste St\u00e9phane Mallarm\u00e9 situ\u00e9e \u00e0 Vulaines-sur-Seine. lire la suite","og_url":"https:\/\/www.lyceelafayette.fr\/index.php\/2022\/02\/10\/sortie-au-musee-mallarme\/","og_site_name":"Lyc\u00e9e La Fayette","article_published_time":"2022-02-10T14:40:34+00:00","article_modified_time":"2022-02-10T14:40:36+00:00","og_image":[{"url":"https:\/\/www.lyceelafayette.fr\/wp-content\/uploads\/2022\/02\/image.png","type":"","width":"","height":""}],"author":"Alexandre Facchin","twitter_card":"summary_large_image","twitter_misc":{"\u00c9crit par":"Alexandre Facchin","Dur\u00e9e de lecture estim\u00e9e":"6 minutes"},"schema":{"@context":"https:\/\/schema.org","@graph":[{"@type":"Article","@id":"https:\/\/www.lyceelafayette.fr\/index.php\/2022\/02\/10\/sortie-au-musee-mallarme\/#article","isPartOf":{"@id":"https:\/\/www.lyceelafayette.fr\/index.php\/2022\/02\/10\/sortie-au-musee-mallarme\/"},"author":{"name":"Alexandre Facchin","@id":"https:\/\/www.lyceelafayette.fr\/#\/schema\/person\/ce6db8a1157d50329e1fd65f9a9b5df8"},"headline":"Sortie au mus\u00e9e Mallarm\u00e9","datePublished":"2022-02-10T14:40:34+00:00","dateModified":"2022-02-10T14:40:36+00:00","mainEntityOfPage":{"@id":"https:\/\/www.lyceelafayette.fr\/index.php\/2022\/02\/10\/sortie-au-musee-mallarme\/"},"wordCount":471,"publisher":{"@id":"https:\/\/www.lyceelafayette.fr\/#organization"},"image":{"@id":"https:\/\/www.lyceelafayette.fr\/index.php\/2022\/02\/10\/sortie-au-musee-mallarme\/#primaryimage"},"thumbnailUrl":"https:\/\/www.lyceelafayette.fr\/wp-content\/uploads\/2022\/02\/image.png","inLanguage":"fr-FR"},{"@type":"WebPage","@id":"https:\/\/www.lyceelafayette.fr\/index.php\/2022\/02\/10\/sortie-au-musee-mallarme\/","url":"https:\/\/www.lyceelafayette.fr\/index.php\/2022\/02\/10\/sortie-au-musee-mallarme\/","name":"Sortie au mus\u00e9e Mallarm\u00e9 - Lyc\u00e9e La Fayette","isPartOf":{"@id":"https:\/\/www.lyceelafayette.fr\/#website"},"primaryImageOfPage":{"@id":"https:\/\/www.lyceelafayette.fr\/index.php\/2022\/02\/10\/sortie-au-musee-mallarme\/#primaryimage"},"image":{"@id":"https:\/\/www.lyceelafayette.fr\/index.php\/2022\/02\/10\/sortie-au-musee-mallarme\/#primaryimage"},"thumbnailUrl":"https:\/\/www.lyceelafayette.fr\/wp-content\/uploads\/2022\/02\/image.png","datePublished":"2022-02-10T14:40:34+00:00","dateModified":"2022-02-10T14:40:36+00:00","breadcrumb":{"@id":"https:\/\/www.lyceelafayette.fr\/index.php\/2022\/02\/10\/sortie-au-musee-mallarme\/#breadcrumb"},"inLanguage":"fr-FR","potentialAction":[{"@type":"ReadAction","target":["https:\/\/www.lyceelafayette.fr\/index.php\/2022\/02\/10\/sortie-au-musee-mallarme\/"]}]},{"@type":"ImageObject","inLanguage":"fr-FR","@id":"https:\/\/www.lyceelafayette.fr\/index.php\/2022\/02\/10\/sortie-au-musee-mallarme\/#primaryimage","url":"https:\/\/www.lyceelafayette.fr\/wp-content\/uploads\/2022\/02\/image.png","contentUrl":"https:\/\/www.lyceelafayette.fr\/wp-content\/uploads\/2022\/02\/image.png","width":908,"height":602},{"@type":"BreadcrumbList","@id":"https:\/\/www.lyceelafayette.fr\/index.php\/2022\/02\/10\/sortie-au-musee-mallarme\/#breadcrumb","itemListElement":[{"@type":"ListItem","position":1,"name":"Accueil","item":"https:\/\/www.lyceelafayette.fr\/"},{"@type":"ListItem","position":2,"name":"Sortie au mus\u00e9e Mallarm\u00e9"}]},{"@type":"WebSite","@id":"https:\/\/www.lyceelafayette.fr\/#website","url":"https:\/\/www.lyceelafayette.fr\/","name":"Lyc\u00e9e La Fayette","description":"","publisher":{"@id":"https:\/\/www.lyceelafayette.fr\/#organization"},"potentialAction":[{"@type":"SearchAction","target":{"@type":"EntryPoint","urlTemplate":"https:\/\/www.lyceelafayette.fr\/?s={search_term_string}"},"query-input":{"@type":"PropertyValueSpecification","valueRequired":true,"valueName":"search_term_string"}}],"inLanguage":"fr-FR"},{"@type":"Organization","@id":"https:\/\/www.lyceelafayette.fr\/#organization","name":"Lyc\u00e9e La Fayette","url":"https:\/\/www.lyceelafayette.fr\/","logo":{"@type":"ImageObject","inLanguage":"fr-FR","@id":"https:\/\/www.lyceelafayette.fr\/#\/schema\/logo\/image\/","url":"https:\/\/www.lyceelafayette.fr\/wp-content\/uploads\/2019\/06\/llf_logo_alpha.png","contentUrl":"https:\/\/www.lyceelafayette.fr\/wp-content\/uploads\/2019\/06\/llf_logo_alpha.png","width":1583,"height":792,"caption":"Lyc\u00e9e La Fayette"},"image":{"@id":"https:\/\/www.lyceelafayette.fr\/#\/schema\/logo\/image\/"},"sameAs":["https:\/\/www.youtube.com\/channel\/UC2AOQowoMGBKdY4ToZsf9mw"]},{"@type":"Person","@id":"https:\/\/www.lyceelafayette.fr\/#\/schema\/person\/ce6db8a1157d50329e1fd65f9a9b5df8","name":"Alexandre Facchin","image":{"@type":"ImageObject","inLanguage":"fr-FR","@id":"https:\/\/secure.gravatar.com\/avatar\/c94ab2db74f6be2880cb92feeab1c3c9a55baee6dab0b6f9fbb80e1bc3336b7a?s=96&d=blank&r=g","url":"https:\/\/secure.gravatar.com\/avatar\/c94ab2db74f6be2880cb92feeab1c3c9a55baee6dab0b6f9fbb80e1bc3336b7a?s=96&d=blank&r=g","contentUrl":"https:\/\/secure.gravatar.com\/avatar\/c94ab2db74f6be2880cb92feeab1c3c9a55baee6dab0b6f9fbb80e1bc3336b7a?s=96&d=blank&r=g","caption":"Alexandre Facchin"},"url":"https:\/\/www.lyceelafayette.fr\/index.php\/author\/admin\/"}]}},"_links":{"self":[{"href":"https:\/\/www.lyceelafayette.fr\/index.php\/wp-json\/wp\/v2\/posts\/5389","targetHints":{"allow":["GET"]}}],"collection":[{"href":"https:\/\/www.lyceelafayette.fr\/index.php\/wp-json\/wp\/v2\/posts"}],"about":[{"href":"https:\/\/www.lyceelafayette.fr\/index.php\/wp-json\/wp\/v2\/types\/post"}],"author":[{"embeddable":true,"href":"https:\/\/www.lyceelafayette.fr\/index.php\/wp-json\/wp\/v2\/users\/8"}],"replies":[{"embeddable":true,"href":"https:\/\/www.lyceelafayette.fr\/index.php\/wp-json\/wp\/v2\/comments?post=5389"}],"version-history":[{"count":1,"href":"https:\/\/www.lyceelafayette.fr\/index.php\/wp-json\/wp\/v2\/posts\/5389\/revisions"}],"predecessor-version":[{"id":5408,"href":"https:\/\/www.lyceelafayette.fr\/index.php\/wp-json\/wp\/v2\/posts\/5389\/revisions\/5408"}],"wp:attachment":[{"href":"https:\/\/www.lyceelafayette.fr\/index.php\/wp-json\/wp\/v2\/media?parent=5389"}],"wp:term":[{"taxonomy":"category","embeddable":true,"href":"https:\/\/www.lyceelafayette.fr\/index.php\/wp-json\/wp\/v2\/categories?post=5389"},{"taxonomy":"post_tag","embeddable":true,"href":"https:\/\/www.lyceelafayette.fr\/index.php\/wp-json\/wp\/v2\/tags?post=5389"}],"curies":[{"name":"wp","href":"https:\/\/api.w.org\/{rel}","templated":true}]}}