{"id":5310,"date":"2021-11-30T09:57:54","date_gmt":"2021-11-30T08:57:54","guid":{"rendered":"https:\/\/www.lyceelafayette.fr\/?p=5310"},"modified":"2021-12-02T15:48:02","modified_gmt":"2021-12-02T14:48:02","slug":"un-couloir-mieux-eclaire","status":"publish","type":"post","link":"https:\/\/www.lyceelafayette.fr\/index.php\/2021\/11\/30\/un-couloir-mieux-eclaire\/","title":{"rendered":"<div style=\"background-color:#00E626;color:white;text-align:center;\">Des couloirs mieux \u00e9clair\u00e9s<br\/><\/div>"},"content":{"rendered":"\n<p>Mardi 23 novembre a eu lieu la premi\u00e8re phase de l\u2019\u00e9preuve d\u2019organisation de chantier (E5 \u2013 U2) pour les 2<sup>e<\/sup> ann\u00e9es de BTS \u00e9lectrotechnique, qui est une des \u00e9preuves professionnelles pour l\u2019obtention de leur BTS.<\/p>\n\n\n\n<figure class=\"wp-block-image size-large\"><img loading=\"lazy\" decoding=\"async\" width=\"1024\" height=\"768\" src=\"https:\/\/www.lyceelafayette.fr\/wp-content\/uploads\/2021\/11\/IMG_1065-1024x768.jpg\" alt=\"\" class=\"wp-image-5311\" srcset=\"https:\/\/www.lyceelafayette.fr\/wp-content\/uploads\/2021\/11\/IMG_1065-1024x768.jpg 1024w, https:\/\/www.lyceelafayette.fr\/wp-content\/uploads\/2021\/11\/IMG_1065-300x225.jpg 300w, https:\/\/www.lyceelafayette.fr\/wp-content\/uploads\/2021\/11\/IMG_1065-768x576.jpg 768w, https:\/\/www.lyceelafayette.fr\/wp-content\/uploads\/2021\/11\/IMG_1065-1536x1152.jpg 1536w, https:\/\/www.lyceelafayette.fr\/wp-content\/uploads\/2021\/11\/IMG_1065-2048x1536.jpg 2048w, https:\/\/www.lyceelafayette.fr\/wp-content\/uploads\/2021\/11\/IMG_1065-150x113.jpg 150w\" sizes=\"auto, (max-width: 1024px) 100vw, 1024px\" \/><\/figure>\n\n\n\n<p>Vous \u00eates peut-\u00eatre pass\u00e9 sur le lieu du chantier au cours de cette journ\u00e9e et avez pu voir les \u00e9tudiants en plein travail.<\/p>\n\n\n\n<figure class=\"wp-block-image size-large\"><img loading=\"lazy\" decoding=\"async\" width=\"768\" height=\"1024\" src=\"https:\/\/www.lyceelafayette.fr\/wp-content\/uploads\/2021\/11\/IMG_1067-768x1024.jpg\" alt=\"\" class=\"wp-image-5312\" srcset=\"https:\/\/www.lyceelafayette.fr\/wp-content\/uploads\/2021\/11\/IMG_1067-768x1024.jpg 768w, https:\/\/www.lyceelafayette.fr\/wp-content\/uploads\/2021\/11\/IMG_1067-225x300.jpg 225w, https:\/\/www.lyceelafayette.fr\/wp-content\/uploads\/2021\/11\/IMG_1067-1152x1536.jpg 1152w, https:\/\/www.lyceelafayette.fr\/wp-content\/uploads\/2021\/11\/IMG_1067-1536x2048.jpg 1536w, https:\/\/www.lyceelafayette.fr\/wp-content\/uploads\/2021\/11\/IMG_1067-113x150.jpg 113w, https:\/\/www.lyceelafayette.fr\/wp-content\/uploads\/2021\/11\/IMG_1067-scaled.jpg 1920w\" sizes=\"auto, (max-width: 768px) 100vw, 768px\" \/><\/figure>\n\n\n\n<p>Ils sont \u00e9valu\u00e9s, au cours de cette \u00e9preuve, sur leurs comp\u00e9tences en mati\u00e8re de pr\u00e9paration, conduite et r\u00e9ception d\u2019un chantier. Apr\u00e8s avoir pr\u00e9par\u00e9 un chantier pendant 8h, ils jouent chacun leur tour le r\u00f4le de chef de chantier pendant que les autres \u00e9tudiants jouent celui d\u2019ouvrier \u00e9lectricien.<\/p>\n\n\n\n<p>Gr\u00e2ce \u00e0 ces chantiers, nous r\u00e9novons depuis plus de 10 ans les couloirs du lyc\u00e9e afin de mettre en place des \u00e9clairages LED qui diminuent la consommation \u00e9lectrique et un allumage automatique qui am\u00e9liore le confort des usagers.<\/p>\n\n\n\n<figure class=\"wp-block-image size-large\"><img loading=\"lazy\" decoding=\"async\" width=\"768\" height=\"1024\" src=\"https:\/\/www.lyceelafayette.fr\/wp-content\/uploads\/2021\/11\/IMG_1068-768x1024.jpg\" alt=\"\" class=\"wp-image-5313\" srcset=\"https:\/\/www.lyceelafayette.fr\/wp-content\/uploads\/2021\/11\/IMG_1068-768x1024.jpg 768w, https:\/\/www.lyceelafayette.fr\/wp-content\/uploads\/2021\/11\/IMG_1068-225x300.jpg 225w, https:\/\/www.lyceelafayette.fr\/wp-content\/uploads\/2021\/11\/IMG_1068-1152x1536.jpg 1152w, https:\/\/www.lyceelafayette.fr\/wp-content\/uploads\/2021\/11\/IMG_1068-1536x2048.jpg 1536w, https:\/\/www.lyceelafayette.fr\/wp-content\/uploads\/2021\/11\/IMG_1068-113x150.jpg 113w, https:\/\/www.lyceelafayette.fr\/wp-content\/uploads\/2021\/11\/IMG_1068-scaled.jpg 1920w\" sizes=\"auto, (max-width: 768px) 100vw, 768px\" \/><\/figure>\n\n\n\n<p>La prochaine journ\u00e9e d\u2019ex\u00e9cution des chantiers aura lieu le mardi 7 d\u00e9cembre et concernera la deuxi\u00e8me partie du couloir du 1<sup>er<\/sup>&nbsp;\u00e9tage de l\u2019internat et le couloir d\u2019acc\u00e8s \u00e0 la salle de r\u00e9union.<\/p>\n\n\n\n<figure class=\"wp-block-gallery columns-3 is-cropped wp-block-gallery-1 is-layout-flex wp-block-gallery-is-layout-flex\"><ul class=\"blocks-gallery-grid\"><li class=\"blocks-gallery-item\"><figure><img loading=\"lazy\" decoding=\"async\" width=\"768\" height=\"1024\" src=\"https:\/\/www.lyceelafayette.fr\/wp-content\/uploads\/2021\/11\/IMG_1066-768x1024.jpg\" alt=\"\" data-id=\"5314\" data-full-url=\"https:\/\/www.lyceelafayette.fr\/wp-content\/uploads\/2021\/11\/IMG_1066-scaled.jpg\" data-link=\"https:\/\/www.lyceelafayette.fr\/?attachment_id=5314\" class=\"wp-image-5314\" srcset=\"https:\/\/www.lyceelafayette.fr\/wp-content\/uploads\/2021\/11\/IMG_1066-768x1024.jpg 768w, https:\/\/www.lyceelafayette.fr\/wp-content\/uploads\/2021\/11\/IMG_1066-225x300.jpg 225w, https:\/\/www.lyceelafayette.fr\/wp-content\/uploads\/2021\/11\/IMG_1066-1152x1536.jpg 1152w, https:\/\/www.lyceelafayette.fr\/wp-content\/uploads\/2021\/11\/IMG_1066-1536x2048.jpg 1536w, https:\/\/www.lyceelafayette.fr\/wp-content\/uploads\/2021\/11\/IMG_1066-113x150.jpg 113w, https:\/\/www.lyceelafayette.fr\/wp-content\/uploads\/2021\/11\/IMG_1066-scaled.jpg 1920w\" sizes=\"auto, (max-width: 768px) 100vw, 768px\" \/><\/figure><\/li><li class=\"blocks-gallery-item\"><figure><img loading=\"lazy\" decoding=\"async\" width=\"768\" height=\"1024\" src=\"https:\/\/www.lyceelafayette.fr\/wp-content\/uploads\/2021\/11\/IMG_1069-768x1024.jpg\" alt=\"\" data-id=\"5315\" data-full-url=\"https:\/\/www.lyceelafayette.fr\/wp-content\/uploads\/2021\/11\/IMG_1069-scaled.jpg\" data-link=\"https:\/\/www.lyceelafayette.fr\/?attachment_id=5315\" class=\"wp-image-5315\" srcset=\"https:\/\/www.lyceelafayette.fr\/wp-content\/uploads\/2021\/11\/IMG_1069-768x1024.jpg 768w, https:\/\/www.lyceelafayette.fr\/wp-content\/uploads\/2021\/11\/IMG_1069-225x300.jpg 225w, https:\/\/www.lyceelafayette.fr\/wp-content\/uploads\/2021\/11\/IMG_1069-1152x1536.jpg 1152w, https:\/\/www.lyceelafayette.fr\/wp-content\/uploads\/2021\/11\/IMG_1069-1536x2048.jpg 1536w, https:\/\/www.lyceelafayette.fr\/wp-content\/uploads\/2021\/11\/IMG_1069-113x150.jpg 113w, https:\/\/www.lyceelafayette.fr\/wp-content\/uploads\/2021\/11\/IMG_1069-scaled.jpg 1920w\" sizes=\"auto, (max-width: 768px) 100vw, 768px\" \/><\/figure><\/li><li class=\"blocks-gallery-item\"><figure><img loading=\"lazy\" decoding=\"async\" width=\"768\" height=\"1024\" src=\"https:\/\/www.lyceelafayette.fr\/wp-content\/uploads\/2021\/11\/IMG_1070-768x1024.jpg\" alt=\"\" data-id=\"5316\" data-full-url=\"https:\/\/www.lyceelafayette.fr\/wp-content\/uploads\/2021\/11\/IMG_1070-scaled.jpg\" data-link=\"https:\/\/www.lyceelafayette.fr\/?attachment_id=5316\" class=\"wp-image-5316\" srcset=\"https:\/\/www.lyceelafayette.fr\/wp-content\/uploads\/2021\/11\/IMG_1070-768x1024.jpg 768w, https:\/\/www.lyceelafayette.fr\/wp-content\/uploads\/2021\/11\/IMG_1070-225x300.jpg 225w, https:\/\/www.lyceelafayette.fr\/wp-content\/uploads\/2021\/11\/IMG_1070-1152x1536.jpg 1152w, https:\/\/www.lyceelafayette.fr\/wp-content\/uploads\/2021\/11\/IMG_1070-1536x2048.jpg 1536w, https:\/\/www.lyceelafayette.fr\/wp-content\/uploads\/2021\/11\/IMG_1070-113x150.jpg 113w, https:\/\/www.lyceelafayette.fr\/wp-content\/uploads\/2021\/11\/IMG_1070-scaled.jpg 1920w\" sizes=\"auto, (max-width: 768px) 100vw, 768px\" \/><\/figure><\/li><li class=\"blocks-gallery-item\"><figure><img loading=\"lazy\" decoding=\"async\" width=\"768\" height=\"1024\" src=\"https:\/\/www.lyceelafayette.fr\/wp-content\/uploads\/2021\/11\/IMG_1071-768x1024.jpg\" alt=\"\" data-id=\"5317\" data-full-url=\"https:\/\/www.lyceelafayette.fr\/wp-content\/uploads\/2021\/11\/IMG_1071-scaled.jpg\" data-link=\"https:\/\/www.lyceelafayette.fr\/?attachment_id=5317\" class=\"wp-image-5317\" srcset=\"https:\/\/www.lyceelafayette.fr\/wp-content\/uploads\/2021\/11\/IMG_1071-768x1024.jpg 768w, https:\/\/www.lyceelafayette.fr\/wp-content\/uploads\/2021\/11\/IMG_1071-225x300.jpg 225w, https:\/\/www.lyceelafayette.fr\/wp-content\/uploads\/2021\/11\/IMG_1071-1152x1536.jpg 1152w, https:\/\/www.lyceelafayette.fr\/wp-content\/uploads\/2021\/11\/IMG_1071-1536x2048.jpg 1536w, https:\/\/www.lyceelafayette.fr\/wp-content\/uploads\/2021\/11\/IMG_1071-113x150.jpg 113w, https:\/\/www.lyceelafayette.fr\/wp-content\/uploads\/2021\/11\/IMG_1071-scaled.jpg 1920w\" sizes=\"auto, (max-width: 768px) 100vw, 768px\" \/><\/figure><\/li><\/ul><\/figure>\n","protected":false},"excerpt":{"rendered":"<p>Mardi 23 novembre a eu lieu la premi\u00e8re phase de l\u2019\u00e9preuve d\u2019organisation de chantier (E5 \u2013 U2) pour les 2e ann\u00e9es de BTS \u00e9lectrotechnique, qui est une des \u00e9preuves professionnelles pour l\u2019obtention de leur BTS. Vous \u00eates peut-\u00eatre pass\u00e9 sur le lieu du chantier au cours de cette journ\u00e9e et&#8230; <a class=\"continue-reading-link\" href=\"https:\/\/www.lyceelafayette.fr\/index.php\/2021\/11\/30\/un-couloir-mieux-eclaire\/\">lire la suite<\/a><\/p>\n","protected":false},"author":8,"featured_media":5313,"comment_status":"closed","ping_status":"open","sticky":false,"template":"","format":"standard","meta":{"footnotes":""},"categories":[6,1],"tags":[15,29,75,33],"class_list":["post-5310","post","type-post","status-publish","format-standard","has-post-thumbnail","hentry","category-bts","category-non-classe","tag-bts","tag-chantier","tag-electrotechnique","tag-etudiants"],"yoast_head":"<!-- This site is optimized with the Yoast SEO plugin v27.5 - https:\/\/yoast.com\/product\/yoast-seo-wordpress\/ -->\n<title>Des couloirs mieux \u00e9clair\u00e9s - Lyc\u00e9e La Fayette<\/title>\n<meta name=\"robots\" content=\"index, follow, max-snippet:-1, max-image-preview:large, max-video-preview:-1\" \/>\n<link rel=\"canonical\" href=\"https:\/\/www.lyceelafayette.fr\/index.php\/2021\/11\/30\/un-couloir-mieux-eclaire\/\" \/>\n<meta property=\"og:locale\" content=\"fr_FR\" \/>\n<meta property=\"og:type\" content=\"article\" \/>\n<meta property=\"og:title\" content=\"Des couloirs mieux \u00e9clair\u00e9s - Lyc\u00e9e La Fayette\" \/>\n<meta property=\"og:description\" content=\"Mardi 23 novembre a eu lieu la premi\u00e8re phase de l\u2019\u00e9preuve d\u2019organisation de chantier (E5 \u2013 U2) pour les 2e ann\u00e9es de BTS \u00e9lectrotechnique, qui est une des \u00e9preuves professionnelles pour l\u2019obtention de leur BTS. Vous \u00eates peut-\u00eatre pass\u00e9 sur le lieu du chantier au cours de cette journ\u00e9e et... lire la suite\" \/>\n<meta property=\"og:url\" content=\"https:\/\/www.lyceelafayette.fr\/index.php\/2021\/11\/30\/un-couloir-mieux-eclaire\/\" \/>\n<meta property=\"og:site_name\" content=\"Lyc\u00e9e La Fayette\" \/>\n<meta property=\"article:published_time\" content=\"2021-11-30T08:57:54+00:00\" \/>\n<meta property=\"article:modified_time\" content=\"2021-12-02T14:48:02+00:00\" \/>\n<meta property=\"og:image\" content=\"https:\/\/www.lyceelafayette.fr\/wp-content\/uploads\/2021\/11\/IMG_1068-scaled.jpg\" \/>\n\t<meta property=\"og:image:width\" content=\"1920\" \/>\n\t<meta property=\"og:image:height\" content=\"2560\" \/>\n\t<meta property=\"og:image:type\" content=\"image\/jpeg\" \/>\n<meta name=\"author\" content=\"Alexandre Facchin\" \/>\n<meta name=\"twitter:card\" content=\"summary_large_image\" \/>\n<meta name=\"twitter:label1\" content=\"\u00c9crit par\" \/>\n\t<meta name=\"twitter:data1\" content=\"Alexandre Facchin\" \/>\n\t<meta name=\"twitter:label2\" content=\"Dur\u00e9e de lecture estim\u00e9e\" \/>\n\t<meta name=\"twitter:data2\" content=\"3 minutes\" \/>\n<script type=\"application\/ld+json\" class=\"yoast-schema-graph\">{\"@context\":\"https:\\\/\\\/schema.org\",\"@graph\":[{\"@type\":\"Article\",\"@id\":\"https:\\\/\\\/www.lyceelafayette.fr\\\/index.php\\\/2021\\\/11\\\/30\\\/un-couloir-mieux-eclaire\\\/#article\",\"isPartOf\":{\"@id\":\"https:\\\/\\\/www.lyceelafayette.fr\\\/index.php\\\/2021\\\/11\\\/30\\\/un-couloir-mieux-eclaire\\\/\"},\"author\":{\"name\":\"Alexandre Facchin\",\"@id\":\"https:\\\/\\\/www.lyceelafayette.fr\\\/#\\\/schema\\\/person\\\/ce6db8a1157d50329e1fd65f9a9b5df8\"},\"headline\":\"Des couloirs mieux \u00e9clair\u00e9s\",\"datePublished\":\"2021-11-30T08:57:54+00:00\",\"dateModified\":\"2021-12-02T14:48:02+00:00\",\"mainEntityOfPage\":{\"@id\":\"https:\\\/\\\/www.lyceelafayette.fr\\\/index.php\\\/2021\\\/11\\\/30\\\/un-couloir-mieux-eclaire\\\/\"},\"wordCount\":206,\"publisher\":{\"@id\":\"https:\\\/\\\/www.lyceelafayette.fr\\\/#organization\"},\"image\":{\"@id\":\"https:\\\/\\\/www.lyceelafayette.fr\\\/index.php\\\/2021\\\/11\\\/30\\\/un-couloir-mieux-eclaire\\\/#primaryimage\"},\"thumbnailUrl\":\"https:\\\/\\\/www.lyceelafayette.fr\\\/wp-content\\\/uploads\\\/2021\\\/11\\\/IMG_1068-scaled.jpg\",\"keywords\":[\"BTS\",\"chantier\",\"\u00e9lectrotechnique\",\"\u00e9tudiants\"],\"articleSection\":[\"BTS\"],\"inLanguage\":\"fr-FR\"},{\"@type\":\"WebPage\",\"@id\":\"https:\\\/\\\/www.lyceelafayette.fr\\\/index.php\\\/2021\\\/11\\\/30\\\/un-couloir-mieux-eclaire\\\/\",\"url\":\"https:\\\/\\\/www.lyceelafayette.fr\\\/index.php\\\/2021\\\/11\\\/30\\\/un-couloir-mieux-eclaire\\\/\",\"name\":\"Des couloirs mieux \u00e9clair\u00e9s - Lyc\u00e9e La Fayette\",\"isPartOf\":{\"@id\":\"https:\\\/\\\/www.lyceelafayette.fr\\\/#website\"},\"primaryImageOfPage\":{\"@id\":\"https:\\\/\\\/www.lyceelafayette.fr\\\/index.php\\\/2021\\\/11\\\/30\\\/un-couloir-mieux-eclaire\\\/#primaryimage\"},\"image\":{\"@id\":\"https:\\\/\\\/www.lyceelafayette.fr\\\/index.php\\\/2021\\\/11\\\/30\\\/un-couloir-mieux-eclaire\\\/#primaryimage\"},\"thumbnailUrl\":\"https:\\\/\\\/www.lyceelafayette.fr\\\/wp-content\\\/uploads\\\/2021\\\/11\\\/IMG_1068-scaled.jpg\",\"datePublished\":\"2021-11-30T08:57:54+00:00\",\"dateModified\":\"2021-12-02T14:48:02+00:00\",\"breadcrumb\":{\"@id\":\"https:\\\/\\\/www.lyceelafayette.fr\\\/index.php\\\/2021\\\/11\\\/30\\\/un-couloir-mieux-eclaire\\\/#breadcrumb\"},\"inLanguage\":\"fr-FR\",\"potentialAction\":[{\"@type\":\"ReadAction\",\"target\":[\"https:\\\/\\\/www.lyceelafayette.fr\\\/index.php\\\/2021\\\/11\\\/30\\\/un-couloir-mieux-eclaire\\\/\"]}]},{\"@type\":\"ImageObject\",\"inLanguage\":\"fr-FR\",\"@id\":\"https:\\\/\\\/www.lyceelafayette.fr\\\/index.php\\\/2021\\\/11\\\/30\\\/un-couloir-mieux-eclaire\\\/#primaryimage\",\"url\":\"https:\\\/\\\/www.lyceelafayette.fr\\\/wp-content\\\/uploads\\\/2021\\\/11\\\/IMG_1068-scaled.jpg\",\"contentUrl\":\"https:\\\/\\\/www.lyceelafayette.fr\\\/wp-content\\\/uploads\\\/2021\\\/11\\\/IMG_1068-scaled.jpg\",\"width\":1920,\"height\":2560},{\"@type\":\"BreadcrumbList\",\"@id\":\"https:\\\/\\\/www.lyceelafayette.fr\\\/index.php\\\/2021\\\/11\\\/30\\\/un-couloir-mieux-eclaire\\\/#breadcrumb\",\"itemListElement\":[{\"@type\":\"ListItem\",\"position\":1,\"name\":\"Accueil\",\"item\":\"https:\\\/\\\/www.lyceelafayette.fr\\\/\"},{\"@type\":\"ListItem\",\"position\":2,\"name\":\"Des couloirs mieux \u00e9clair\u00e9s\"}]},{\"@type\":\"WebSite\",\"@id\":\"https:\\\/\\\/www.lyceelafayette.fr\\\/#website\",\"url\":\"https:\\\/\\\/www.lyceelafayette.fr\\\/\",\"name\":\"Lyc\u00e9e La Fayette\",\"description\":\"\",\"publisher\":{\"@id\":\"https:\\\/\\\/www.lyceelafayette.fr\\\/#organization\"},\"potentialAction\":[{\"@type\":\"SearchAction\",\"target\":{\"@type\":\"EntryPoint\",\"urlTemplate\":\"https:\\\/\\\/www.lyceelafayette.fr\\\/?s={search_term_string}\"},\"query-input\":{\"@type\":\"PropertyValueSpecification\",\"valueRequired\":true,\"valueName\":\"search_term_string\"}}],\"inLanguage\":\"fr-FR\"},{\"@type\":\"Organization\",\"@id\":\"https:\\\/\\\/www.lyceelafayette.fr\\\/#organization\",\"name\":\"Lyc\u00e9e La Fayette\",\"url\":\"https:\\\/\\\/www.lyceelafayette.fr\\\/\",\"logo\":{\"@type\":\"ImageObject\",\"inLanguage\":\"fr-FR\",\"@id\":\"https:\\\/\\\/www.lyceelafayette.fr\\\/#\\\/schema\\\/logo\\\/image\\\/\",\"url\":\"https:\\\/\\\/www.lyceelafayette.fr\\\/wp-content\\\/uploads\\\/2019\\\/06\\\/llf_logo_alpha.png\",\"contentUrl\":\"https:\\\/\\\/www.lyceelafayette.fr\\\/wp-content\\\/uploads\\\/2019\\\/06\\\/llf_logo_alpha.png\",\"width\":1583,\"height\":792,\"caption\":\"Lyc\u00e9e La Fayette\"},\"image\":{\"@id\":\"https:\\\/\\\/www.lyceelafayette.fr\\\/#\\\/schema\\\/logo\\\/image\\\/\"},\"sameAs\":[\"https:\\\/\\\/www.youtube.com\\\/channel\\\/UC2AOQowoMGBKdY4ToZsf9mw\"]},{\"@type\":\"Person\",\"@id\":\"https:\\\/\\\/www.lyceelafayette.fr\\\/#\\\/schema\\\/person\\\/ce6db8a1157d50329e1fd65f9a9b5df8\",\"name\":\"Alexandre Facchin\",\"image\":{\"@type\":\"ImageObject\",\"inLanguage\":\"fr-FR\",\"@id\":\"https:\\\/\\\/secure.gravatar.com\\\/avatar\\\/c94ab2db74f6be2880cb92feeab1c3c9a55baee6dab0b6f9fbb80e1bc3336b7a?s=96&d=blank&r=g\",\"url\":\"https:\\\/\\\/secure.gravatar.com\\\/avatar\\\/c94ab2db74f6be2880cb92feeab1c3c9a55baee6dab0b6f9fbb80e1bc3336b7a?s=96&d=blank&r=g\",\"contentUrl\":\"https:\\\/\\\/secure.gravatar.com\\\/avatar\\\/c94ab2db74f6be2880cb92feeab1c3c9a55baee6dab0b6f9fbb80e1bc3336b7a?s=96&d=blank&r=g\",\"caption\":\"Alexandre Facchin\"},\"url\":\"https:\\\/\\\/www.lyceelafayette.fr\\\/index.php\\\/author\\\/admin\\\/\"}]}<\/script>\n<!-- \/ Yoast SEO plugin. -->","yoast_head_json":{"title":"Des couloirs mieux \u00e9clair\u00e9s - Lyc\u00e9e La Fayette","robots":{"index":"index","follow":"follow","max-snippet":"max-snippet:-1","max-image-preview":"max-image-preview:large","max-video-preview":"max-video-preview:-1"},"canonical":"https:\/\/www.lyceelafayette.fr\/index.php\/2021\/11\/30\/un-couloir-mieux-eclaire\/","og_locale":"fr_FR","og_type":"article","og_title":"Des couloirs mieux \u00e9clair\u00e9s - Lyc\u00e9e La Fayette","og_description":"Mardi 23 novembre a eu lieu la premi\u00e8re phase de l\u2019\u00e9preuve d\u2019organisation de chantier (E5 \u2013 U2) pour les 2e ann\u00e9es de BTS \u00e9lectrotechnique, qui est une des \u00e9preuves professionnelles pour l\u2019obtention de leur BTS. Vous \u00eates peut-\u00eatre pass\u00e9 sur le lieu du chantier au cours de cette journ\u00e9e et... lire la suite","og_url":"https:\/\/www.lyceelafayette.fr\/index.php\/2021\/11\/30\/un-couloir-mieux-eclaire\/","og_site_name":"Lyc\u00e9e La Fayette","article_published_time":"2021-11-30T08:57:54+00:00","article_modified_time":"2021-12-02T14:48:02+00:00","og_image":[{"width":1920,"height":2560,"url":"https:\/\/www.lyceelafayette.fr\/wp-content\/uploads\/2021\/11\/IMG_1068-scaled.jpg","type":"image\/jpeg"}],"author":"Alexandre Facchin","twitter_card":"summary_large_image","twitter_misc":{"\u00c9crit par":"Alexandre Facchin","Dur\u00e9e de lecture estim\u00e9e":"3 minutes"},"schema":{"@context":"https:\/\/schema.org","@graph":[{"@type":"Article","@id":"https:\/\/www.lyceelafayette.fr\/index.php\/2021\/11\/30\/un-couloir-mieux-eclaire\/#article","isPartOf":{"@id":"https:\/\/www.lyceelafayette.fr\/index.php\/2021\/11\/30\/un-couloir-mieux-eclaire\/"},"author":{"name":"Alexandre Facchin","@id":"https:\/\/www.lyceelafayette.fr\/#\/schema\/person\/ce6db8a1157d50329e1fd65f9a9b5df8"},"headline":"Des couloirs mieux \u00e9clair\u00e9s","datePublished":"2021-11-30T08:57:54+00:00","dateModified":"2021-12-02T14:48:02+00:00","mainEntityOfPage":{"@id":"https:\/\/www.lyceelafayette.fr\/index.php\/2021\/11\/30\/un-couloir-mieux-eclaire\/"},"wordCount":206,"publisher":{"@id":"https:\/\/www.lyceelafayette.fr\/#organization"},"image":{"@id":"https:\/\/www.lyceelafayette.fr\/index.php\/2021\/11\/30\/un-couloir-mieux-eclaire\/#primaryimage"},"thumbnailUrl":"https:\/\/www.lyceelafayette.fr\/wp-content\/uploads\/2021\/11\/IMG_1068-scaled.jpg","keywords":["BTS","chantier","\u00e9lectrotechnique","\u00e9tudiants"],"articleSection":["BTS"],"inLanguage":"fr-FR"},{"@type":"WebPage","@id":"https:\/\/www.lyceelafayette.fr\/index.php\/2021\/11\/30\/un-couloir-mieux-eclaire\/","url":"https:\/\/www.lyceelafayette.fr\/index.php\/2021\/11\/30\/un-couloir-mieux-eclaire\/","name":"Des couloirs mieux \u00e9clair\u00e9s - Lyc\u00e9e La Fayette","isPartOf":{"@id":"https:\/\/www.lyceelafayette.fr\/#website"},"primaryImageOfPage":{"@id":"https:\/\/www.lyceelafayette.fr\/index.php\/2021\/11\/30\/un-couloir-mieux-eclaire\/#primaryimage"},"image":{"@id":"https:\/\/www.lyceelafayette.fr\/index.php\/2021\/11\/30\/un-couloir-mieux-eclaire\/#primaryimage"},"thumbnailUrl":"https:\/\/www.lyceelafayette.fr\/wp-content\/uploads\/2021\/11\/IMG_1068-scaled.jpg","datePublished":"2021-11-30T08:57:54+00:00","dateModified":"2021-12-02T14:48:02+00:00","breadcrumb":{"@id":"https:\/\/www.lyceelafayette.fr\/index.php\/2021\/11\/30\/un-couloir-mieux-eclaire\/#breadcrumb"},"inLanguage":"fr-FR","potentialAction":[{"@type":"ReadAction","target":["https:\/\/www.lyceelafayette.fr\/index.php\/2021\/11\/30\/un-couloir-mieux-eclaire\/"]}]},{"@type":"ImageObject","inLanguage":"fr-FR","@id":"https:\/\/www.lyceelafayette.fr\/index.php\/2021\/11\/30\/un-couloir-mieux-eclaire\/#primaryimage","url":"https:\/\/www.lyceelafayette.fr\/wp-content\/uploads\/2021\/11\/IMG_1068-scaled.jpg","contentUrl":"https:\/\/www.lyceelafayette.fr\/wp-content\/uploads\/2021\/11\/IMG_1068-scaled.jpg","width":1920,"height":2560},{"@type":"BreadcrumbList","@id":"https:\/\/www.lyceelafayette.fr\/index.php\/2021\/11\/30\/un-couloir-mieux-eclaire\/#breadcrumb","itemListElement":[{"@type":"ListItem","position":1,"name":"Accueil","item":"https:\/\/www.lyceelafayette.fr\/"},{"@type":"ListItem","position":2,"name":"Des couloirs mieux \u00e9clair\u00e9s"}]},{"@type":"WebSite","@id":"https:\/\/www.lyceelafayette.fr\/#website","url":"https:\/\/www.lyceelafayette.fr\/","name":"Lyc\u00e9e La Fayette","description":"","publisher":{"@id":"https:\/\/www.lyceelafayette.fr\/#organization"},"potentialAction":[{"@type":"SearchAction","target":{"@type":"EntryPoint","urlTemplate":"https:\/\/www.lyceelafayette.fr\/?s={search_term_string}"},"query-input":{"@type":"PropertyValueSpecification","valueRequired":true,"valueName":"search_term_string"}}],"inLanguage":"fr-FR"},{"@type":"Organization","@id":"https:\/\/www.lyceelafayette.fr\/#organization","name":"Lyc\u00e9e La Fayette","url":"https:\/\/www.lyceelafayette.fr\/","logo":{"@type":"ImageObject","inLanguage":"fr-FR","@id":"https:\/\/www.lyceelafayette.fr\/#\/schema\/logo\/image\/","url":"https:\/\/www.lyceelafayette.fr\/wp-content\/uploads\/2019\/06\/llf_logo_alpha.png","contentUrl":"https:\/\/www.lyceelafayette.fr\/wp-content\/uploads\/2019\/06\/llf_logo_alpha.png","width":1583,"height":792,"caption":"Lyc\u00e9e La Fayette"},"image":{"@id":"https:\/\/www.lyceelafayette.fr\/#\/schema\/logo\/image\/"},"sameAs":["https:\/\/www.youtube.com\/channel\/UC2AOQowoMGBKdY4ToZsf9mw"]},{"@type":"Person","@id":"https:\/\/www.lyceelafayette.fr\/#\/schema\/person\/ce6db8a1157d50329e1fd65f9a9b5df8","name":"Alexandre Facchin","image":{"@type":"ImageObject","inLanguage":"fr-FR","@id":"https:\/\/secure.gravatar.com\/avatar\/c94ab2db74f6be2880cb92feeab1c3c9a55baee6dab0b6f9fbb80e1bc3336b7a?s=96&d=blank&r=g","url":"https:\/\/secure.gravatar.com\/avatar\/c94ab2db74f6be2880cb92feeab1c3c9a55baee6dab0b6f9fbb80e1bc3336b7a?s=96&d=blank&r=g","contentUrl":"https:\/\/secure.gravatar.com\/avatar\/c94ab2db74f6be2880cb92feeab1c3c9a55baee6dab0b6f9fbb80e1bc3336b7a?s=96&d=blank&r=g","caption":"Alexandre Facchin"},"url":"https:\/\/www.lyceelafayette.fr\/index.php\/author\/admin\/"}]}},"_links":{"self":[{"href":"https:\/\/www.lyceelafayette.fr\/index.php\/wp-json\/wp\/v2\/posts\/5310","targetHints":{"allow":["GET"]}}],"collection":[{"href":"https:\/\/www.lyceelafayette.fr\/index.php\/wp-json\/wp\/v2\/posts"}],"about":[{"href":"https:\/\/www.lyceelafayette.fr\/index.php\/wp-json\/wp\/v2\/types\/post"}],"author":[{"embeddable":true,"href":"https:\/\/www.lyceelafayette.fr\/index.php\/wp-json\/wp\/v2\/users\/8"}],"replies":[{"embeddable":true,"href":"https:\/\/www.lyceelafayette.fr\/index.php\/wp-json\/wp\/v2\/comments?post=5310"}],"version-history":[{"count":6,"href":"https:\/\/www.lyceelafayette.fr\/index.php\/wp-json\/wp\/v2\/posts\/5310\/revisions"}],"predecessor-version":[{"id":5326,"href":"https:\/\/www.lyceelafayette.fr\/index.php\/wp-json\/wp\/v2\/posts\/5310\/revisions\/5326"}],"wp:featuredmedia":[{"embeddable":true,"href":"https:\/\/www.lyceelafayette.fr\/index.php\/wp-json\/wp\/v2\/media\/5313"}],"wp:attachment":[{"href":"https:\/\/www.lyceelafayette.fr\/index.php\/wp-json\/wp\/v2\/media?parent=5310"}],"wp:term":[{"taxonomy":"category","embeddable":true,"href":"https:\/\/www.lyceelafayette.fr\/index.php\/wp-json\/wp\/v2\/categories?post=5310"},{"taxonomy":"post_tag","embeddable":true,"href":"https:\/\/www.lyceelafayette.fr\/index.php\/wp-json\/wp\/v2\/tags?post=5310"}],"curies":[{"name":"wp","href":"https:\/\/api.w.org\/{rel}","templated":true}]}}