{"id":5300,"date":"2021-11-12T17:36:24","date_gmt":"2021-11-12T16:36:24","guid":{"rendered":"https:\/\/www.lyceelafayette.fr\/?p=5300"},"modified":"2021-11-30T10:02:25","modified_gmt":"2021-11-30T09:02:25","slug":"annulation-ceremonie-de-remise-des-diplomes","status":"publish","type":"post","link":"https:\/\/www.lyceelafayette.fr\/index.php\/2021\/11\/12\/annulation-ceremonie-de-remise-des-diplomes\/","title":{"rendered":"<div style=\"background-color:#E63015;color:white;text-align:center;\">Annulation c\u00e9r\u00e9monie de remise des dipl\u00f4mes<div>"},"content":{"rendered":"\n<p>Madame, Monsieur,<\/p>\n\n\n\n<p>En raison du contexte sanitaire, nous sommes contraints d&rsquo;annuler la c\u00e9r\u00e9monie de remise des dipl\u00f4mes du vendredi 19 novembre 2021.<\/p>\n\n\n\n<p>Pour r\u00e9cup\u00e9rer votre dipl\u00f4me, merci de vous pr\u00e9senter<strong> d\u00e8s le lundi 15 novembre<\/strong> \u00e0 l&rsquo;accueil du lyc\u00e9e (<strong>site de Champagne sur Seine uniquement<\/strong>), muni de votre pi\u00e8ce d&rsquo;identit\u00e9.<\/p>\n\n\n\n<p><strong>Le lundi, mardi, jeudi et vendredi de 8h00 \u00e0 17h30 et le mercredi de 8h00 \u00e0 12h30.<\/strong><\/p>\n\n\n\n<p>Si vous n&rsquo;\u00eates pas en mesure de vous d\u00e9placer, vous pouvez donner procuration \u00e0 quelqu&rsquo;un, cette personne devra apporter un courrier lui donnant procuration ainsi qu&rsquo;une copie de votre pi\u00e8ce d&rsquo;identit\u00e9.<\/p>\n\n\n\n<p>Cordialement,<\/p>\n\n\n\n<p>La direction<\/p>\n","protected":false},"excerpt":{"rendered":"<p>Madame, Monsieur, En raison du contexte sanitaire, nous sommes contraints d&rsquo;annuler la c\u00e9r\u00e9monie de remise des dipl\u00f4mes du vendredi 19 novembre 2021. Pour r\u00e9cup\u00e9rer votre dipl\u00f4me, merci de vous pr\u00e9senter d\u00e8s le lundi 15 novembre \u00e0 l&rsquo;accueil du lyc\u00e9e (site de Champagne sur Seine uniquement), muni de votre pi\u00e8ce d&rsquo;identit\u00e9&#8230;. <a class=\"continue-reading-link\" href=\"https:\/\/www.lyceelafayette.fr\/index.php\/2021\/11\/12\/annulation-ceremonie-de-remise-des-diplomes\/\">lire la suite<\/a><\/p>\n","protected":false},"author":8,"featured_media":0,"comment_status":"closed","ping_status":"open","sticky":false,"template":"","format":"standard","meta":{"footnotes":""},"categories":[1],"tags":[],"class_list":["post-5300","post","type-post","status-publish","format-standard","hentry","category-non-classe"],"yoast_head":"<!-- This site is optimized with the Yoast SEO plugin v27.5 - https:\/\/yoast.com\/product\/yoast-seo-wordpress\/ -->\n<title>Annulation c\u00e9r\u00e9monie de remise des dipl\u00f4mes - Lyc\u00e9e La Fayette<\/title>\n<meta name=\"robots\" content=\"index, follow, max-snippet:-1, max-image-preview:large, max-video-preview:-1\" \/>\n<link rel=\"canonical\" href=\"https:\/\/www.lyceelafayette.fr\/index.php\/2021\/11\/12\/annulation-ceremonie-de-remise-des-diplomes\/\" \/>\n<meta property=\"og:locale\" content=\"fr_FR\" \/>\n<meta property=\"og:type\" content=\"article\" \/>\n<meta property=\"og:title\" content=\"Annulation c\u00e9r\u00e9monie de remise des dipl\u00f4mes - Lyc\u00e9e La Fayette\" \/>\n<meta property=\"og:description\" content=\"Madame, Monsieur, En raison du contexte sanitaire, nous sommes contraints d&rsquo;annuler la c\u00e9r\u00e9monie de remise des dipl\u00f4mes du vendredi 19 novembre 2021. Pour r\u00e9cup\u00e9rer votre dipl\u00f4me, merci de vous pr\u00e9senter d\u00e8s le lundi 15 novembre \u00e0 l&rsquo;accueil du lyc\u00e9e (site de Champagne sur Seine uniquement), muni de votre pi\u00e8ce d&rsquo;identit\u00e9.... lire la suite\" \/>\n<meta property=\"og:url\" content=\"https:\/\/www.lyceelafayette.fr\/index.php\/2021\/11\/12\/annulation-ceremonie-de-remise-des-diplomes\/\" \/>\n<meta property=\"og:site_name\" content=\"Lyc\u00e9e La Fayette\" \/>\n<meta property=\"article:published_time\" content=\"2021-11-12T16:36:24+00:00\" \/>\n<meta property=\"article:modified_time\" content=\"2021-11-30T09:02:25+00:00\" \/>\n<meta name=\"author\" content=\"Alexandre Facchin\" \/>\n<meta name=\"twitter:card\" content=\"summary_large_image\" \/>\n<meta name=\"twitter:label1\" content=\"\u00c9crit par\" \/>\n\t<meta name=\"twitter:data1\" content=\"Alexandre Facchin\" \/>\n\t<meta name=\"twitter:label2\" content=\"Dur\u00e9e de lecture estim\u00e9e\" \/>\n\t<meta name=\"twitter:data2\" content=\"1 minute\" \/>\n<script type=\"application\/ld+json\" class=\"yoast-schema-graph\">{\"@context\":\"https:\\\/\\\/schema.org\",\"@graph\":[{\"@type\":\"Article\",\"@id\":\"https:\\\/\\\/www.lyceelafayette.fr\\\/index.php\\\/2021\\\/11\\\/12\\\/annulation-ceremonie-de-remise-des-diplomes\\\/#article\",\"isPartOf\":{\"@id\":\"https:\\\/\\\/www.lyceelafayette.fr\\\/index.php\\\/2021\\\/11\\\/12\\\/annulation-ceremonie-de-remise-des-diplomes\\\/\"},\"author\":{\"name\":\"Alexandre Facchin\",\"@id\":\"https:\\\/\\\/www.lyceelafayette.fr\\\/#\\\/schema\\\/person\\\/ce6db8a1157d50329e1fd65f9a9b5df8\"},\"headline\":\"Annulation c\u00e9r\u00e9monie de remise des dipl\u00f4mes\",\"datePublished\":\"2021-11-12T16:36:24+00:00\",\"dateModified\":\"2021-11-30T09:02:25+00:00\",\"mainEntityOfPage\":{\"@id\":\"https:\\\/\\\/www.lyceelafayette.fr\\\/index.php\\\/2021\\\/11\\\/12\\\/annulation-ceremonie-de-remise-des-diplomes\\\/\"},\"wordCount\":122,\"publisher\":{\"@id\":\"https:\\\/\\\/www.lyceelafayette.fr\\\/#organization\"},\"inLanguage\":\"fr-FR\"},{\"@type\":\"WebPage\",\"@id\":\"https:\\\/\\\/www.lyceelafayette.fr\\\/index.php\\\/2021\\\/11\\\/12\\\/annulation-ceremonie-de-remise-des-diplomes\\\/\",\"url\":\"https:\\\/\\\/www.lyceelafayette.fr\\\/index.php\\\/2021\\\/11\\\/12\\\/annulation-ceremonie-de-remise-des-diplomes\\\/\",\"name\":\"Annulation c\u00e9r\u00e9monie de remise des dipl\u00f4mes - Lyc\u00e9e La Fayette\",\"isPartOf\":{\"@id\":\"https:\\\/\\\/www.lyceelafayette.fr\\\/#website\"},\"datePublished\":\"2021-11-12T16:36:24+00:00\",\"dateModified\":\"2021-11-30T09:02:25+00:00\",\"breadcrumb\":{\"@id\":\"https:\\\/\\\/www.lyceelafayette.fr\\\/index.php\\\/2021\\\/11\\\/12\\\/annulation-ceremonie-de-remise-des-diplomes\\\/#breadcrumb\"},\"inLanguage\":\"fr-FR\",\"potentialAction\":[{\"@type\":\"ReadAction\",\"target\":[\"https:\\\/\\\/www.lyceelafayette.fr\\\/index.php\\\/2021\\\/11\\\/12\\\/annulation-ceremonie-de-remise-des-diplomes\\\/\"]}]},{\"@type\":\"BreadcrumbList\",\"@id\":\"https:\\\/\\\/www.lyceelafayette.fr\\\/index.php\\\/2021\\\/11\\\/12\\\/annulation-ceremonie-de-remise-des-diplomes\\\/#breadcrumb\",\"itemListElement\":[{\"@type\":\"ListItem\",\"position\":1,\"name\":\"Accueil\",\"item\":\"https:\\\/\\\/www.lyceelafayette.fr\\\/\"},{\"@type\":\"ListItem\",\"position\":2,\"name\":\"Annulation c\u00e9r\u00e9monie de remise des dipl\u00f4mes\"}]},{\"@type\":\"WebSite\",\"@id\":\"https:\\\/\\\/www.lyceelafayette.fr\\\/#website\",\"url\":\"https:\\\/\\\/www.lyceelafayette.fr\\\/\",\"name\":\"Lyc\u00e9e La Fayette\",\"description\":\"\",\"publisher\":{\"@id\":\"https:\\\/\\\/www.lyceelafayette.fr\\\/#organization\"},\"potentialAction\":[{\"@type\":\"SearchAction\",\"target\":{\"@type\":\"EntryPoint\",\"urlTemplate\":\"https:\\\/\\\/www.lyceelafayette.fr\\\/?s={search_term_string}\"},\"query-input\":{\"@type\":\"PropertyValueSpecification\",\"valueRequired\":true,\"valueName\":\"search_term_string\"}}],\"inLanguage\":\"fr-FR\"},{\"@type\":\"Organization\",\"@id\":\"https:\\\/\\\/www.lyceelafayette.fr\\\/#organization\",\"name\":\"Lyc\u00e9e La Fayette\",\"url\":\"https:\\\/\\\/www.lyceelafayette.fr\\\/\",\"logo\":{\"@type\":\"ImageObject\",\"inLanguage\":\"fr-FR\",\"@id\":\"https:\\\/\\\/www.lyceelafayette.fr\\\/#\\\/schema\\\/logo\\\/image\\\/\",\"url\":\"https:\\\/\\\/www.lyceelafayette.fr\\\/wp-content\\\/uploads\\\/2019\\\/06\\\/llf_logo_alpha.png\",\"contentUrl\":\"https:\\\/\\\/www.lyceelafayette.fr\\\/wp-content\\\/uploads\\\/2019\\\/06\\\/llf_logo_alpha.png\",\"width\":1583,\"height\":792,\"caption\":\"Lyc\u00e9e La Fayette\"},\"image\":{\"@id\":\"https:\\\/\\\/www.lyceelafayette.fr\\\/#\\\/schema\\\/logo\\\/image\\\/\"},\"sameAs\":[\"https:\\\/\\\/www.youtube.com\\\/channel\\\/UC2AOQowoMGBKdY4ToZsf9mw\"]},{\"@type\":\"Person\",\"@id\":\"https:\\\/\\\/www.lyceelafayette.fr\\\/#\\\/schema\\\/person\\\/ce6db8a1157d50329e1fd65f9a9b5df8\",\"name\":\"Alexandre Facchin\",\"image\":{\"@type\":\"ImageObject\",\"inLanguage\":\"fr-FR\",\"@id\":\"https:\\\/\\\/secure.gravatar.com\\\/avatar\\\/c94ab2db74f6be2880cb92feeab1c3c9a55baee6dab0b6f9fbb80e1bc3336b7a?s=96&d=blank&r=g\",\"url\":\"https:\\\/\\\/secure.gravatar.com\\\/avatar\\\/c94ab2db74f6be2880cb92feeab1c3c9a55baee6dab0b6f9fbb80e1bc3336b7a?s=96&d=blank&r=g\",\"contentUrl\":\"https:\\\/\\\/secure.gravatar.com\\\/avatar\\\/c94ab2db74f6be2880cb92feeab1c3c9a55baee6dab0b6f9fbb80e1bc3336b7a?s=96&d=blank&r=g\",\"caption\":\"Alexandre Facchin\"},\"url\":\"https:\\\/\\\/www.lyceelafayette.fr\\\/index.php\\\/author\\\/admin\\\/\"}]}<\/script>\n<!-- \/ Yoast SEO plugin. -->","yoast_head_json":{"title":"Annulation c\u00e9r\u00e9monie de remise des dipl\u00f4mes - Lyc\u00e9e La Fayette","robots":{"index":"index","follow":"follow","max-snippet":"max-snippet:-1","max-image-preview":"max-image-preview:large","max-video-preview":"max-video-preview:-1"},"canonical":"https:\/\/www.lyceelafayette.fr\/index.php\/2021\/11\/12\/annulation-ceremonie-de-remise-des-diplomes\/","og_locale":"fr_FR","og_type":"article","og_title":"Annulation c\u00e9r\u00e9monie de remise des dipl\u00f4mes - Lyc\u00e9e La Fayette","og_description":"Madame, Monsieur, En raison du contexte sanitaire, nous sommes contraints d&rsquo;annuler la c\u00e9r\u00e9monie de remise des dipl\u00f4mes du vendredi 19 novembre 2021. Pour r\u00e9cup\u00e9rer votre dipl\u00f4me, merci de vous pr\u00e9senter d\u00e8s le lundi 15 novembre \u00e0 l&rsquo;accueil du lyc\u00e9e (site de Champagne sur Seine uniquement), muni de votre pi\u00e8ce d&rsquo;identit\u00e9.... lire la suite","og_url":"https:\/\/www.lyceelafayette.fr\/index.php\/2021\/11\/12\/annulation-ceremonie-de-remise-des-diplomes\/","og_site_name":"Lyc\u00e9e La Fayette","article_published_time":"2021-11-12T16:36:24+00:00","article_modified_time":"2021-11-30T09:02:25+00:00","author":"Alexandre Facchin","twitter_card":"summary_large_image","twitter_misc":{"\u00c9crit par":"Alexandre Facchin","Dur\u00e9e de lecture estim\u00e9e":"1 minute"},"schema":{"@context":"https:\/\/schema.org","@graph":[{"@type":"Article","@id":"https:\/\/www.lyceelafayette.fr\/index.php\/2021\/11\/12\/annulation-ceremonie-de-remise-des-diplomes\/#article","isPartOf":{"@id":"https:\/\/www.lyceelafayette.fr\/index.php\/2021\/11\/12\/annulation-ceremonie-de-remise-des-diplomes\/"},"author":{"name":"Alexandre Facchin","@id":"https:\/\/www.lyceelafayette.fr\/#\/schema\/person\/ce6db8a1157d50329e1fd65f9a9b5df8"},"headline":"Annulation c\u00e9r\u00e9monie de remise des dipl\u00f4mes","datePublished":"2021-11-12T16:36:24+00:00","dateModified":"2021-11-30T09:02:25+00:00","mainEntityOfPage":{"@id":"https:\/\/www.lyceelafayette.fr\/index.php\/2021\/11\/12\/annulation-ceremonie-de-remise-des-diplomes\/"},"wordCount":122,"publisher":{"@id":"https:\/\/www.lyceelafayette.fr\/#organization"},"inLanguage":"fr-FR"},{"@type":"WebPage","@id":"https:\/\/www.lyceelafayette.fr\/index.php\/2021\/11\/12\/annulation-ceremonie-de-remise-des-diplomes\/","url":"https:\/\/www.lyceelafayette.fr\/index.php\/2021\/11\/12\/annulation-ceremonie-de-remise-des-diplomes\/","name":"Annulation c\u00e9r\u00e9monie de remise des dipl\u00f4mes - Lyc\u00e9e La Fayette","isPartOf":{"@id":"https:\/\/www.lyceelafayette.fr\/#website"},"datePublished":"2021-11-12T16:36:24+00:00","dateModified":"2021-11-30T09:02:25+00:00","breadcrumb":{"@id":"https:\/\/www.lyceelafayette.fr\/index.php\/2021\/11\/12\/annulation-ceremonie-de-remise-des-diplomes\/#breadcrumb"},"inLanguage":"fr-FR","potentialAction":[{"@type":"ReadAction","target":["https:\/\/www.lyceelafayette.fr\/index.php\/2021\/11\/12\/annulation-ceremonie-de-remise-des-diplomes\/"]}]},{"@type":"BreadcrumbList","@id":"https:\/\/www.lyceelafayette.fr\/index.php\/2021\/11\/12\/annulation-ceremonie-de-remise-des-diplomes\/#breadcrumb","itemListElement":[{"@type":"ListItem","position":1,"name":"Accueil","item":"https:\/\/www.lyceelafayette.fr\/"},{"@type":"ListItem","position":2,"name":"Annulation c\u00e9r\u00e9monie de remise des dipl\u00f4mes"}]},{"@type":"WebSite","@id":"https:\/\/www.lyceelafayette.fr\/#website","url":"https:\/\/www.lyceelafayette.fr\/","name":"Lyc\u00e9e La Fayette","description":"","publisher":{"@id":"https:\/\/www.lyceelafayette.fr\/#organization"},"potentialAction":[{"@type":"SearchAction","target":{"@type":"EntryPoint","urlTemplate":"https:\/\/www.lyceelafayette.fr\/?s={search_term_string}"},"query-input":{"@type":"PropertyValueSpecification","valueRequired":true,"valueName":"search_term_string"}}],"inLanguage":"fr-FR"},{"@type":"Organization","@id":"https:\/\/www.lyceelafayette.fr\/#organization","name":"Lyc\u00e9e La Fayette","url":"https:\/\/www.lyceelafayette.fr\/","logo":{"@type":"ImageObject","inLanguage":"fr-FR","@id":"https:\/\/www.lyceelafayette.fr\/#\/schema\/logo\/image\/","url":"https:\/\/www.lyceelafayette.fr\/wp-content\/uploads\/2019\/06\/llf_logo_alpha.png","contentUrl":"https:\/\/www.lyceelafayette.fr\/wp-content\/uploads\/2019\/06\/llf_logo_alpha.png","width":1583,"height":792,"caption":"Lyc\u00e9e La Fayette"},"image":{"@id":"https:\/\/www.lyceelafayette.fr\/#\/schema\/logo\/image\/"},"sameAs":["https:\/\/www.youtube.com\/channel\/UC2AOQowoMGBKdY4ToZsf9mw"]},{"@type":"Person","@id":"https:\/\/www.lyceelafayette.fr\/#\/schema\/person\/ce6db8a1157d50329e1fd65f9a9b5df8","name":"Alexandre Facchin","image":{"@type":"ImageObject","inLanguage":"fr-FR","@id":"https:\/\/secure.gravatar.com\/avatar\/c94ab2db74f6be2880cb92feeab1c3c9a55baee6dab0b6f9fbb80e1bc3336b7a?s=96&d=blank&r=g","url":"https:\/\/secure.gravatar.com\/avatar\/c94ab2db74f6be2880cb92feeab1c3c9a55baee6dab0b6f9fbb80e1bc3336b7a?s=96&d=blank&r=g","contentUrl":"https:\/\/secure.gravatar.com\/avatar\/c94ab2db74f6be2880cb92feeab1c3c9a55baee6dab0b6f9fbb80e1bc3336b7a?s=96&d=blank&r=g","caption":"Alexandre Facchin"},"url":"https:\/\/www.lyceelafayette.fr\/index.php\/author\/admin\/"}]}},"_links":{"self":[{"href":"https:\/\/www.lyceelafayette.fr\/index.php\/wp-json\/wp\/v2\/posts\/5300","targetHints":{"allow":["GET"]}}],"collection":[{"href":"https:\/\/www.lyceelafayette.fr\/index.php\/wp-json\/wp\/v2\/posts"}],"about":[{"href":"https:\/\/www.lyceelafayette.fr\/index.php\/wp-json\/wp\/v2\/types\/post"}],"author":[{"embeddable":true,"href":"https:\/\/www.lyceelafayette.fr\/index.php\/wp-json\/wp\/v2\/users\/8"}],"replies":[{"embeddable":true,"href":"https:\/\/www.lyceelafayette.fr\/index.php\/wp-json\/wp\/v2\/comments?post=5300"}],"version-history":[{"count":5,"href":"https:\/\/www.lyceelafayette.fr\/index.php\/wp-json\/wp\/v2\/posts\/5300\/revisions"}],"predecessor-version":[{"id":5308,"href":"https:\/\/www.lyceelafayette.fr\/index.php\/wp-json\/wp\/v2\/posts\/5300\/revisions\/5308"}],"wp:attachment":[{"href":"https:\/\/www.lyceelafayette.fr\/index.php\/wp-json\/wp\/v2\/media?parent=5300"}],"wp:term":[{"taxonomy":"category","embeddable":true,"href":"https:\/\/www.lyceelafayette.fr\/index.php\/wp-json\/wp\/v2\/categories?post=5300"},{"taxonomy":"post_tag","embeddable":true,"href":"https:\/\/www.lyceelafayette.fr\/index.php\/wp-json\/wp\/v2\/tags?post=5300"}],"curies":[{"name":"wp","href":"https:\/\/api.w.org\/{rel}","templated":true}]}}