{"id":5138,"date":"2021-10-11T09:41:03","date_gmt":"2021-10-11T07:41:03","guid":{"rendered":"https:\/\/www.lyceelafayette.fr\/?p=5138"},"modified":"2021-10-12T14:39:42","modified_gmt":"2021-10-12T12:39:42","slug":"les-ateliers-desthetique-ouverture-du-salon-pedagogique-du-lycee-la-fayette","status":"publish","type":"post","link":"https:\/\/www.lyceelafayette.fr\/index.php\/2021\/10\/11\/les-ateliers-desthetique-ouverture-du-salon-pedagogique-du-lycee-la-fayette\/","title":{"rendered":"<div style=\"background-color:#00E626;color:white;text-align:center;\"><\/span> Les ateliers d&rsquo;esth\u00e9tique<br\/>Ouverture du salon p\u00e9dagogique  <\/span><\/div>"},"content":{"rendered":"<p>Mesdames, Messieurs,<\/p>\n<p>Nous sommes heureux de vous annoncer la r\u00e9ouverture du <strong>salon p\u00e9dagogique Beaut\u00e9 et Bien-\u00eatre<\/strong> du lyc\u00e9e La Fayette.<\/p>\n<p><a href=\"https:\/\/www.lyceelafayette.fr\/index.php\/les-ateliers-desthetique-ouverture-du-salon-pedagogique\/\"><img loading=\"lazy\" decoding=\"async\" class=\"size-medium wp-image-5147 aligncenter\" src=\"https:\/\/www.lyceelafayette.fr\/wp-content\/uploads\/2021\/10\/illustration03-212x300.jpg\" alt=\"\" width=\"212\" height=\"300\" srcset=\"https:\/\/www.lyceelafayette.fr\/wp-content\/uploads\/2021\/10\/illustration03-212x300.jpg 212w, https:\/\/www.lyceelafayette.fr\/wp-content\/uploads\/2021\/10\/illustration03-106x150.jpg 106w, https:\/\/www.lyceelafayette.fr\/wp-content\/uploads\/2021\/10\/illustration03.jpg 424w\" sizes=\"auto, (max-width: 212px) 100vw, 212px\" \/><\/a><\/p>\n<p style=\"text-align: center;\"><strong>Leur professeures d&rsquo;esth\u00e9tique, Sandrine Croizer et Lydie Rolland, vous accueillent de <\/strong><strong>15h00 \u00e0 17h00, les 13 mercredis ou vendredis suivants :<\/strong><br \/>\nOctobre : 15 et 20<br \/>\nNovembre : 12 ;17 et 26<br \/>\nD\u00e9cembre : 1 et 10<br \/>\nJanvier : 7 ; 12 et 21<br \/>\nMars : 9 ; 18 et 23.<\/p>\n<p style=\"text-align: left;\">Venez d\u00e9couvrir nos soins, massages, maquillages et autres prestations beaut\u00e9s.<\/p>\n<p>Prenez vite<strong> rendez-vous par t\u00e9l\u00e9phone au 01.64.69.54.10<\/strong>.<\/p>\n<p>Pour en savoir plus sur nos prestations et tarifs cliquez sur le lien suivant : <strong><a href=\"https:\/\/www.lyceelafayette.fr\/index.php\/les-ateliers-desthetique-ouverture-du-salon-pedagogique\/\">prestations et tarifs<\/a><\/strong> (les prestations ray\u00e9es seront, selon la progression p\u00e9dagogique, disponibles en 2022).<\/p>\n<p>Moyen de paiement accept\u00e9s : esp\u00e8ces et ch\u00e8que bancaire.<\/p>\n<p>A tr\u00e8s bient\u00f4t,<br \/>\nL&rsquo;\u00e9quipe du salon p\u00e9dagogique Beaut\u00e9 et Bien-\u00eatre<\/p>\n","protected":false},"excerpt":{"rendered":"<p>Mesdames, Messieurs, Nous sommes heureux de vous annoncer la r\u00e9ouverture du salon p\u00e9dagogique Beaut\u00e9 et Bien-\u00eatre du lyc\u00e9e La Fayette. Leur professeures d&rsquo;esth\u00e9tique, Sandrine Croizer et Lydie Rolland, vous accueillent de 15h00 \u00e0 17h00, les 13 mercredis ou vendredis suivants : Octobre : 15 et 20 Novembre : 12 ;17&#8230; <a class=\"continue-reading-link\" href=\"https:\/\/www.lyceelafayette.fr\/index.php\/2021\/10\/11\/les-ateliers-desthetique-ouverture-du-salon-pedagogique-du-lycee-la-fayette\/\">lire la suite<\/a><\/p>\n","protected":false},"author":8,"featured_media":0,"comment_status":"closed","ping_status":"open","sticky":false,"template":"","format":"standard","meta":{"footnotes":""},"categories":[93,1],"tags":[101,100,49],"class_list":["post-5138","post","type-post","status-publish","format-standard","hentry","category-formations","category-non-classe","tag-ateliers","tag-ateliers-pedagogiques","tag-esthetique"],"yoast_head":"<!-- This site is optimized with the Yoast SEO plugin v27.5 - https:\/\/yoast.com\/product\/yoast-seo-wordpress\/ -->\n<title>Les ateliers d&#039;esth\u00e9tiqueOuverture du salon p\u00e9dagogique  Lyc\u00e9e La Fayette<\/title>\n<meta name=\"robots\" content=\"index, follow, max-snippet:-1, max-image-preview:large, max-video-preview:-1\" \/>\n<link rel=\"canonical\" href=\"https:\/\/www.lyceelafayette.fr\/index.php\/2021\/10\/11\/les-ateliers-desthetique-ouverture-du-salon-pedagogique-du-lycee-la-fayette\/\" \/>\n<meta property=\"og:locale\" content=\"fr_FR\" \/>\n<meta property=\"og:type\" content=\"article\" \/>\n<meta property=\"og:title\" content=\"Les ateliers d&#039;esth\u00e9tiqueOuverture du salon p\u00e9dagogique  Lyc\u00e9e La Fayette\" \/>\n<meta property=\"og:description\" content=\"Mesdames, Messieurs, Nous sommes heureux de vous annoncer la r\u00e9ouverture du salon p\u00e9dagogique Beaut\u00e9 et Bien-\u00eatre du lyc\u00e9e La Fayette. Leur professeures d&rsquo;esth\u00e9tique, Sandrine Croizer et Lydie Rolland, vous accueillent de 15h00 \u00e0 17h00, les 13 mercredis ou vendredis suivants : Octobre : 15 et 20 Novembre : 12 ;17... lire la suite\" \/>\n<meta property=\"og:url\" content=\"https:\/\/www.lyceelafayette.fr\/index.php\/2021\/10\/11\/les-ateliers-desthetique-ouverture-du-salon-pedagogique-du-lycee-la-fayette\/\" \/>\n<meta property=\"og:site_name\" content=\"Lyc\u00e9e La Fayette\" \/>\n<meta property=\"article:published_time\" content=\"2021-10-11T07:41:03+00:00\" \/>\n<meta property=\"article:modified_time\" content=\"2021-10-12T12:39:42+00:00\" \/>\n<meta property=\"og:image\" content=\"https:\/\/www.lyceelafayette.fr\/wp-content\/uploads\/2021\/10\/illustration03-212x300.jpg\" \/>\n<meta name=\"author\" content=\"Alexandre Facchin\" \/>\n<meta name=\"twitter:card\" content=\"summary_large_image\" \/>\n<meta name=\"twitter:label1\" content=\"\u00c9crit par\" \/>\n\t<meta name=\"twitter:data1\" content=\"Alexandre Facchin\" \/>\n\t<meta name=\"twitter:label2\" content=\"Dur\u00e9e de lecture estim\u00e9e\" \/>\n\t<meta name=\"twitter:data2\" content=\"1 minute\" \/>\n<script type=\"application\/ld+json\" class=\"yoast-schema-graph\">{\"@context\":\"https:\\\/\\\/schema.org\",\"@graph\":[{\"@type\":\"Article\",\"@id\":\"https:\\\/\\\/www.lyceelafayette.fr\\\/index.php\\\/2021\\\/10\\\/11\\\/les-ateliers-desthetique-ouverture-du-salon-pedagogique-du-lycee-la-fayette\\\/#article\",\"isPartOf\":{\"@id\":\"https:\\\/\\\/www.lyceelafayette.fr\\\/index.php\\\/2021\\\/10\\\/11\\\/les-ateliers-desthetique-ouverture-du-salon-pedagogique-du-lycee-la-fayette\\\/\"},\"author\":{\"name\":\"Alexandre Facchin\",\"@id\":\"https:\\\/\\\/www.lyceelafayette.fr\\\/#\\\/schema\\\/person\\\/ce6db8a1157d50329e1fd65f9a9b5df8\"},\"headline\":\"Les ateliers d&rsquo;esth\u00e9tique Ouverture du salon p\u00e9dagogique\",\"datePublished\":\"2021-10-11T07:41:03+00:00\",\"dateModified\":\"2021-10-12T12:39:42+00:00\",\"mainEntityOfPage\":{\"@id\":\"https:\\\/\\\/www.lyceelafayette.fr\\\/index.php\\\/2021\\\/10\\\/11\\\/les-ateliers-desthetique-ouverture-du-salon-pedagogique-du-lycee-la-fayette\\\/\"},\"wordCount\":139,\"publisher\":{\"@id\":\"https:\\\/\\\/www.lyceelafayette.fr\\\/#organization\"},\"image\":{\"@id\":\"https:\\\/\\\/www.lyceelafayette.fr\\\/index.php\\\/2021\\\/10\\\/11\\\/les-ateliers-desthetique-ouverture-du-salon-pedagogique-du-lycee-la-fayette\\\/#primaryimage\"},\"thumbnailUrl\":\"https:\\\/\\\/www.lyceelafayette.fr\\\/wp-content\\\/uploads\\\/2021\\\/10\\\/illustration03-212x300.jpg\",\"keywords\":[\"ateliers\",\"ateliers p\u00e9dagogiques\",\"esth\u00e9tique\"],\"articleSection\":[\"formations\"],\"inLanguage\":\"fr-FR\"},{\"@type\":\"WebPage\",\"@id\":\"https:\\\/\\\/www.lyceelafayette.fr\\\/index.php\\\/2021\\\/10\\\/11\\\/les-ateliers-desthetique-ouverture-du-salon-pedagogique-du-lycee-la-fayette\\\/\",\"url\":\"https:\\\/\\\/www.lyceelafayette.fr\\\/index.php\\\/2021\\\/10\\\/11\\\/les-ateliers-desthetique-ouverture-du-salon-pedagogique-du-lycee-la-fayette\\\/\",\"name\":\"Les ateliers d'esth\u00e9tique Ouverture du salon p\u00e9dagogique Lyc\u00e9e La Fayette\",\"isPartOf\":{\"@id\":\"https:\\\/\\\/www.lyceelafayette.fr\\\/#website\"},\"primaryImageOfPage\":{\"@id\":\"https:\\\/\\\/www.lyceelafayette.fr\\\/index.php\\\/2021\\\/10\\\/11\\\/les-ateliers-desthetique-ouverture-du-salon-pedagogique-du-lycee-la-fayette\\\/#primaryimage\"},\"image\":{\"@id\":\"https:\\\/\\\/www.lyceelafayette.fr\\\/index.php\\\/2021\\\/10\\\/11\\\/les-ateliers-desthetique-ouverture-du-salon-pedagogique-du-lycee-la-fayette\\\/#primaryimage\"},\"thumbnailUrl\":\"https:\\\/\\\/www.lyceelafayette.fr\\\/wp-content\\\/uploads\\\/2021\\\/10\\\/illustration03-212x300.jpg\",\"datePublished\":\"2021-10-11T07:41:03+00:00\",\"dateModified\":\"2021-10-12T12:39:42+00:00\",\"breadcrumb\":{\"@id\":\"https:\\\/\\\/www.lyceelafayette.fr\\\/index.php\\\/2021\\\/10\\\/11\\\/les-ateliers-desthetique-ouverture-du-salon-pedagogique-du-lycee-la-fayette\\\/#breadcrumb\"},\"inLanguage\":\"fr-FR\",\"potentialAction\":[{\"@type\":\"ReadAction\",\"target\":[\"https:\\\/\\\/www.lyceelafayette.fr\\\/index.php\\\/2021\\\/10\\\/11\\\/les-ateliers-desthetique-ouverture-du-salon-pedagogique-du-lycee-la-fayette\\\/\"]}]},{\"@type\":\"ImageObject\",\"inLanguage\":\"fr-FR\",\"@id\":\"https:\\\/\\\/www.lyceelafayette.fr\\\/index.php\\\/2021\\\/10\\\/11\\\/les-ateliers-desthetique-ouverture-du-salon-pedagogique-du-lycee-la-fayette\\\/#primaryimage\",\"url\":\"https:\\\/\\\/www.lyceelafayette.fr\\\/wp-content\\\/uploads\\\/2021\\\/10\\\/illustration03.jpg\",\"contentUrl\":\"https:\\\/\\\/www.lyceelafayette.fr\\\/wp-content\\\/uploads\\\/2021\\\/10\\\/illustration03.jpg\",\"width\":424,\"height\":600},{\"@type\":\"BreadcrumbList\",\"@id\":\"https:\\\/\\\/www.lyceelafayette.fr\\\/index.php\\\/2021\\\/10\\\/11\\\/les-ateliers-desthetique-ouverture-du-salon-pedagogique-du-lycee-la-fayette\\\/#breadcrumb\",\"itemListElement\":[{\"@type\":\"ListItem\",\"position\":1,\"name\":\"Accueil\",\"item\":\"https:\\\/\\\/www.lyceelafayette.fr\\\/\"},{\"@type\":\"ListItem\",\"position\":2,\"name\":\"Les ateliers d&rsquo;esth\u00e9tiqueOuverture du salon p\u00e9dagogique\"}]},{\"@type\":\"WebSite\",\"@id\":\"https:\\\/\\\/www.lyceelafayette.fr\\\/#website\",\"url\":\"https:\\\/\\\/www.lyceelafayette.fr\\\/\",\"name\":\"Lyc\u00e9e La Fayette\",\"description\":\"\",\"publisher\":{\"@id\":\"https:\\\/\\\/www.lyceelafayette.fr\\\/#organization\"},\"potentialAction\":[{\"@type\":\"SearchAction\",\"target\":{\"@type\":\"EntryPoint\",\"urlTemplate\":\"https:\\\/\\\/www.lyceelafayette.fr\\\/?s={search_term_string}\"},\"query-input\":{\"@type\":\"PropertyValueSpecification\",\"valueRequired\":true,\"valueName\":\"search_term_string\"}}],\"inLanguage\":\"fr-FR\"},{\"@type\":\"Organization\",\"@id\":\"https:\\\/\\\/www.lyceelafayette.fr\\\/#organization\",\"name\":\"Lyc\u00e9e La Fayette\",\"url\":\"https:\\\/\\\/www.lyceelafayette.fr\\\/\",\"logo\":{\"@type\":\"ImageObject\",\"inLanguage\":\"fr-FR\",\"@id\":\"https:\\\/\\\/www.lyceelafayette.fr\\\/#\\\/schema\\\/logo\\\/image\\\/\",\"url\":\"https:\\\/\\\/www.lyceelafayette.fr\\\/wp-content\\\/uploads\\\/2019\\\/06\\\/llf_logo_alpha.png\",\"contentUrl\":\"https:\\\/\\\/www.lyceelafayette.fr\\\/wp-content\\\/uploads\\\/2019\\\/06\\\/llf_logo_alpha.png\",\"width\":1583,\"height\":792,\"caption\":\"Lyc\u00e9e La Fayette\"},\"image\":{\"@id\":\"https:\\\/\\\/www.lyceelafayette.fr\\\/#\\\/schema\\\/logo\\\/image\\\/\"},\"sameAs\":[\"https:\\\/\\\/www.youtube.com\\\/channel\\\/UC2AOQowoMGBKdY4ToZsf9mw\"]},{\"@type\":\"Person\",\"@id\":\"https:\\\/\\\/www.lyceelafayette.fr\\\/#\\\/schema\\\/person\\\/ce6db8a1157d50329e1fd65f9a9b5df8\",\"name\":\"Alexandre Facchin\",\"image\":{\"@type\":\"ImageObject\",\"inLanguage\":\"fr-FR\",\"@id\":\"https:\\\/\\\/secure.gravatar.com\\\/avatar\\\/c94ab2db74f6be2880cb92feeab1c3c9a55baee6dab0b6f9fbb80e1bc3336b7a?s=96&d=blank&r=g\",\"url\":\"https:\\\/\\\/secure.gravatar.com\\\/avatar\\\/c94ab2db74f6be2880cb92feeab1c3c9a55baee6dab0b6f9fbb80e1bc3336b7a?s=96&d=blank&r=g\",\"contentUrl\":\"https:\\\/\\\/secure.gravatar.com\\\/avatar\\\/c94ab2db74f6be2880cb92feeab1c3c9a55baee6dab0b6f9fbb80e1bc3336b7a?s=96&d=blank&r=g\",\"caption\":\"Alexandre Facchin\"},\"url\":\"https:\\\/\\\/www.lyceelafayette.fr\\\/index.php\\\/author\\\/admin\\\/\"}]}<\/script>\n<!-- \/ Yoast SEO plugin. -->","yoast_head_json":{"title":"Les ateliers d'esth\u00e9tiqueOuverture du salon p\u00e9dagogique  Lyc\u00e9e La Fayette","robots":{"index":"index","follow":"follow","max-snippet":"max-snippet:-1","max-image-preview":"max-image-preview:large","max-video-preview":"max-video-preview:-1"},"canonical":"https:\/\/www.lyceelafayette.fr\/index.php\/2021\/10\/11\/les-ateliers-desthetique-ouverture-du-salon-pedagogique-du-lycee-la-fayette\/","og_locale":"fr_FR","og_type":"article","og_title":"Les ateliers d'esth\u00e9tiqueOuverture du salon p\u00e9dagogique  Lyc\u00e9e La Fayette","og_description":"Mesdames, Messieurs, Nous sommes heureux de vous annoncer la r\u00e9ouverture du salon p\u00e9dagogique Beaut\u00e9 et Bien-\u00eatre du lyc\u00e9e La Fayette. Leur professeures d&rsquo;esth\u00e9tique, Sandrine Croizer et Lydie Rolland, vous accueillent de 15h00 \u00e0 17h00, les 13 mercredis ou vendredis suivants : Octobre : 15 et 20 Novembre : 12 ;17... lire la suite","og_url":"https:\/\/www.lyceelafayette.fr\/index.php\/2021\/10\/11\/les-ateliers-desthetique-ouverture-du-salon-pedagogique-du-lycee-la-fayette\/","og_site_name":"Lyc\u00e9e La Fayette","article_published_time":"2021-10-11T07:41:03+00:00","article_modified_time":"2021-10-12T12:39:42+00:00","og_image":[{"url":"https:\/\/www.lyceelafayette.fr\/wp-content\/uploads\/2021\/10\/illustration03-212x300.jpg","type":"","width":"","height":""}],"author":"Alexandre Facchin","twitter_card":"summary_large_image","twitter_misc":{"\u00c9crit par":"Alexandre Facchin","Dur\u00e9e de lecture estim\u00e9e":"1 minute"},"schema":{"@context":"https:\/\/schema.org","@graph":[{"@type":"Article","@id":"https:\/\/www.lyceelafayette.fr\/index.php\/2021\/10\/11\/les-ateliers-desthetique-ouverture-du-salon-pedagogique-du-lycee-la-fayette\/#article","isPartOf":{"@id":"https:\/\/www.lyceelafayette.fr\/index.php\/2021\/10\/11\/les-ateliers-desthetique-ouverture-du-salon-pedagogique-du-lycee-la-fayette\/"},"author":{"name":"Alexandre Facchin","@id":"https:\/\/www.lyceelafayette.fr\/#\/schema\/person\/ce6db8a1157d50329e1fd65f9a9b5df8"},"headline":"Les ateliers d&rsquo;esth\u00e9tique Ouverture du salon p\u00e9dagogique","datePublished":"2021-10-11T07:41:03+00:00","dateModified":"2021-10-12T12:39:42+00:00","mainEntityOfPage":{"@id":"https:\/\/www.lyceelafayette.fr\/index.php\/2021\/10\/11\/les-ateliers-desthetique-ouverture-du-salon-pedagogique-du-lycee-la-fayette\/"},"wordCount":139,"publisher":{"@id":"https:\/\/www.lyceelafayette.fr\/#organization"},"image":{"@id":"https:\/\/www.lyceelafayette.fr\/index.php\/2021\/10\/11\/les-ateliers-desthetique-ouverture-du-salon-pedagogique-du-lycee-la-fayette\/#primaryimage"},"thumbnailUrl":"https:\/\/www.lyceelafayette.fr\/wp-content\/uploads\/2021\/10\/illustration03-212x300.jpg","keywords":["ateliers","ateliers p\u00e9dagogiques","esth\u00e9tique"],"articleSection":["formations"],"inLanguage":"fr-FR"},{"@type":"WebPage","@id":"https:\/\/www.lyceelafayette.fr\/index.php\/2021\/10\/11\/les-ateliers-desthetique-ouverture-du-salon-pedagogique-du-lycee-la-fayette\/","url":"https:\/\/www.lyceelafayette.fr\/index.php\/2021\/10\/11\/les-ateliers-desthetique-ouverture-du-salon-pedagogique-du-lycee-la-fayette\/","name":"Les ateliers d'esth\u00e9tique Ouverture du salon p\u00e9dagogique Lyc\u00e9e La Fayette","isPartOf":{"@id":"https:\/\/www.lyceelafayette.fr\/#website"},"primaryImageOfPage":{"@id":"https:\/\/www.lyceelafayette.fr\/index.php\/2021\/10\/11\/les-ateliers-desthetique-ouverture-du-salon-pedagogique-du-lycee-la-fayette\/#primaryimage"},"image":{"@id":"https:\/\/www.lyceelafayette.fr\/index.php\/2021\/10\/11\/les-ateliers-desthetique-ouverture-du-salon-pedagogique-du-lycee-la-fayette\/#primaryimage"},"thumbnailUrl":"https:\/\/www.lyceelafayette.fr\/wp-content\/uploads\/2021\/10\/illustration03-212x300.jpg","datePublished":"2021-10-11T07:41:03+00:00","dateModified":"2021-10-12T12:39:42+00:00","breadcrumb":{"@id":"https:\/\/www.lyceelafayette.fr\/index.php\/2021\/10\/11\/les-ateliers-desthetique-ouverture-du-salon-pedagogique-du-lycee-la-fayette\/#breadcrumb"},"inLanguage":"fr-FR","potentialAction":[{"@type":"ReadAction","target":["https:\/\/www.lyceelafayette.fr\/index.php\/2021\/10\/11\/les-ateliers-desthetique-ouverture-du-salon-pedagogique-du-lycee-la-fayette\/"]}]},{"@type":"ImageObject","inLanguage":"fr-FR","@id":"https:\/\/www.lyceelafayette.fr\/index.php\/2021\/10\/11\/les-ateliers-desthetique-ouverture-du-salon-pedagogique-du-lycee-la-fayette\/#primaryimage","url":"https:\/\/www.lyceelafayette.fr\/wp-content\/uploads\/2021\/10\/illustration03.jpg","contentUrl":"https:\/\/www.lyceelafayette.fr\/wp-content\/uploads\/2021\/10\/illustration03.jpg","width":424,"height":600},{"@type":"BreadcrumbList","@id":"https:\/\/www.lyceelafayette.fr\/index.php\/2021\/10\/11\/les-ateliers-desthetique-ouverture-du-salon-pedagogique-du-lycee-la-fayette\/#breadcrumb","itemListElement":[{"@type":"ListItem","position":1,"name":"Accueil","item":"https:\/\/www.lyceelafayette.fr\/"},{"@type":"ListItem","position":2,"name":"Les ateliers d&rsquo;esth\u00e9tiqueOuverture du salon p\u00e9dagogique"}]},{"@type":"WebSite","@id":"https:\/\/www.lyceelafayette.fr\/#website","url":"https:\/\/www.lyceelafayette.fr\/","name":"Lyc\u00e9e La Fayette","description":"","publisher":{"@id":"https:\/\/www.lyceelafayette.fr\/#organization"},"potentialAction":[{"@type":"SearchAction","target":{"@type":"EntryPoint","urlTemplate":"https:\/\/www.lyceelafayette.fr\/?s={search_term_string}"},"query-input":{"@type":"PropertyValueSpecification","valueRequired":true,"valueName":"search_term_string"}}],"inLanguage":"fr-FR"},{"@type":"Organization","@id":"https:\/\/www.lyceelafayette.fr\/#organization","name":"Lyc\u00e9e La Fayette","url":"https:\/\/www.lyceelafayette.fr\/","logo":{"@type":"ImageObject","inLanguage":"fr-FR","@id":"https:\/\/www.lyceelafayette.fr\/#\/schema\/logo\/image\/","url":"https:\/\/www.lyceelafayette.fr\/wp-content\/uploads\/2019\/06\/llf_logo_alpha.png","contentUrl":"https:\/\/www.lyceelafayette.fr\/wp-content\/uploads\/2019\/06\/llf_logo_alpha.png","width":1583,"height":792,"caption":"Lyc\u00e9e La Fayette"},"image":{"@id":"https:\/\/www.lyceelafayette.fr\/#\/schema\/logo\/image\/"},"sameAs":["https:\/\/www.youtube.com\/channel\/UC2AOQowoMGBKdY4ToZsf9mw"]},{"@type":"Person","@id":"https:\/\/www.lyceelafayette.fr\/#\/schema\/person\/ce6db8a1157d50329e1fd65f9a9b5df8","name":"Alexandre Facchin","image":{"@type":"ImageObject","inLanguage":"fr-FR","@id":"https:\/\/secure.gravatar.com\/avatar\/c94ab2db74f6be2880cb92feeab1c3c9a55baee6dab0b6f9fbb80e1bc3336b7a?s=96&d=blank&r=g","url":"https:\/\/secure.gravatar.com\/avatar\/c94ab2db74f6be2880cb92feeab1c3c9a55baee6dab0b6f9fbb80e1bc3336b7a?s=96&d=blank&r=g","contentUrl":"https:\/\/secure.gravatar.com\/avatar\/c94ab2db74f6be2880cb92feeab1c3c9a55baee6dab0b6f9fbb80e1bc3336b7a?s=96&d=blank&r=g","caption":"Alexandre Facchin"},"url":"https:\/\/www.lyceelafayette.fr\/index.php\/author\/admin\/"}]}},"_links":{"self":[{"href":"https:\/\/www.lyceelafayette.fr\/index.php\/wp-json\/wp\/v2\/posts\/5138","targetHints":{"allow":["GET"]}}],"collection":[{"href":"https:\/\/www.lyceelafayette.fr\/index.php\/wp-json\/wp\/v2\/posts"}],"about":[{"href":"https:\/\/www.lyceelafayette.fr\/index.php\/wp-json\/wp\/v2\/types\/post"}],"author":[{"embeddable":true,"href":"https:\/\/www.lyceelafayette.fr\/index.php\/wp-json\/wp\/v2\/users\/8"}],"replies":[{"embeddable":true,"href":"https:\/\/www.lyceelafayette.fr\/index.php\/wp-json\/wp\/v2\/comments?post=5138"}],"version-history":[{"count":26,"href":"https:\/\/www.lyceelafayette.fr\/index.php\/wp-json\/wp\/v2\/posts\/5138\/revisions"}],"predecessor-version":[{"id":5197,"href":"https:\/\/www.lyceelafayette.fr\/index.php\/wp-json\/wp\/v2\/posts\/5138\/revisions\/5197"}],"wp:attachment":[{"href":"https:\/\/www.lyceelafayette.fr\/index.php\/wp-json\/wp\/v2\/media?parent=5138"}],"wp:term":[{"taxonomy":"category","embeddable":true,"href":"https:\/\/www.lyceelafayette.fr\/index.php\/wp-json\/wp\/v2\/categories?post=5138"},{"taxonomy":"post_tag","embeddable":true,"href":"https:\/\/www.lyceelafayette.fr\/index.php\/wp-json\/wp\/v2\/tags?post=5138"}],"curies":[{"name":"wp","href":"https:\/\/api.w.org\/{rel}","templated":true}]}}