{"id":5115,"date":"2021-10-07T11:01:48","date_gmt":"2021-10-07T09:01:48","guid":{"rendered":"https:\/\/www.lyceelafayette.fr\/?p=5115"},"modified":"2021-10-11T08:33:46","modified_gmt":"2021-10-11T06:33:46","slug":"chef-doeuvre-tcap-elec","status":"publish","type":"post","link":"https:\/\/www.lyceelafayette.fr\/index.php\/2021\/10\/07\/chef-doeuvre-tcap-elec\/","title":{"rendered":"<div style=\"background-color:#8414E3;color:white;text-align:center;\"><\/span> Chef-d\u2019\u0153uvre TCAP ELEC <\/span><\/div>"},"content":{"rendered":"\n<p>Ce \u00ab&nbsp;chef-d\u2019\u0153uvre men\u00e9 par la classe de TCAP ELEC&nbsp;\u00bbest un projet concernant la r\u00e9alisation d\u2019une fresque \u00e0 partir de&nbsp;<strong>portraits&nbsp;en couleurs<\/strong>&nbsp;repr\u00e9sentant les personnages importants dans l\u2019\u00e9volution scientifique, et plus particuli\u00e8rement dans l\u2019\u00e9volution de l\u2019\u00e9lectrotechnique :<\/p>\n\n\n\n<ul class=\"wp-block-list\"><li><em>Georg&nbsp;Ohm&nbsp;(1789-1854),&nbsp;<\/em><\/li><li><em>Alessandro Volta (1745-1827),&nbsp;<\/em><\/li><li><em>Andr\u00e9-Marie Amp\u00e8re (1775-1836)&nbsp;<\/em><\/li><li><em>James Watt (1736-1819).<\/em><\/li><\/ul>\n\n\n\n<figure class=\"wp-block-image size-full\"><img loading=\"lazy\" decoding=\"async\" width=\"640\" height=\"481\" src=\"https:\/\/www.lyceelafayette.fr\/wp-content\/uploads\/2021\/10\/ampere__accrochage-atelier-elec-3397.jpg\" alt=\"\" class=\"wp-image-5118\" srcset=\"https:\/\/www.lyceelafayette.fr\/wp-content\/uploads\/2021\/10\/ampere__accrochage-atelier-elec-3397.jpg 640w, https:\/\/www.lyceelafayette.fr\/wp-content\/uploads\/2021\/10\/ampere__accrochage-atelier-elec-3397-300x225.jpg 300w, https:\/\/www.lyceelafayette.fr\/wp-content\/uploads\/2021\/10\/ampere__accrochage-atelier-elec-3397-150x113.jpg 150w\" sizes=\"auto, (max-width: 640px) 100vw, 640px\" \/><\/figure>\n\n\n\n<h2 class=\"wp-block-heading\">Naissance du projet&nbsp;<\/h2>\n\n\n\n<p>Nous avons commenc\u00e9 \u00e0 \u00e9tudier la ville de Champagne-sur-Seine, qui \u00e0 la particularit\u00e9 d\u2019avoir \u00e9t\u00e9 transform\u00e9e au d\u00e9but du XXe si\u00e8cle par&nbsp;l\u2019implantation&nbsp;de l\u2019usine Schneider (sp\u00e9cialis\u00e9e dans le mat\u00e9riel \u00e9lectrique) et dont l\u2019architecte est<strong>&nbsp;<\/strong><em>Paul Fries\u00e9<\/em>. Nous avons \u00e9tudi\u00e9 le plan d\u2019urbanisme&nbsp;de la nouvelle ville con\u00e7u par l\u2019architecte&nbsp;<em>Edmond Delaire.&nbsp;<\/em><\/p>\n\n\n\n<figure class=\"wp-block-image size-large\"><img loading=\"lazy\" decoding=\"async\" width=\"784\" height=\"784\" src=\"https:\/\/www.lyceelafayette.fr\/wp-content\/uploads\/2021\/10\/ampere1_accrochage-atelier-elec-3392-edited.jpg\" alt=\"\" class=\"wp-image-5120\" srcset=\"https:\/\/www.lyceelafayette.fr\/wp-content\/uploads\/2021\/10\/ampere1_accrochage-atelier-elec-3392-edited.jpg 784w, https:\/\/www.lyceelafayette.fr\/wp-content\/uploads\/2021\/10\/ampere1_accrochage-atelier-elec-3392-edited-300x300.jpg 300w, https:\/\/www.lyceelafayette.fr\/wp-content\/uploads\/2021\/10\/ampere1_accrochage-atelier-elec-3392-edited-50x50.jpg 50w, https:\/\/www.lyceelafayette.fr\/wp-content\/uploads\/2021\/10\/ampere1_accrochage-atelier-elec-3392-edited-768x768.jpg 768w, https:\/\/www.lyceelafayette.fr\/wp-content\/uploads\/2021\/10\/ampere1_accrochage-atelier-elec-3392-edited-150x150.jpg 150w\" sizes=\"auto, (max-width: 784px) 100vw, 784px\" \/><\/figure>\n\n\n\n<p>Le nom des rues (rue Amp\u00e8re, Impasse Volta\u2026) nous a donn\u00e9 l\u2019id\u00e9e de r\u00e9aliser une fresque sur le th\u00e8me des hommes ayant contribu\u00e9 \u00e0 l\u2019\u00e9volution de l\u2019\u00e9lectrotechnique.<\/p>\n\n\n\n<p>L\u2019objectif&nbsp;de ce projet est d\u2019amener de la&nbsp;<strong>couleur<\/strong>&nbsp;\u00e0 l\u2019environnement dans lequel nous \u00e9voluons, que ce soit au lyc\u00e9e ou \u00e0 Champagne-sur-Seine.&nbsp;<\/p>\n\n\n\n<figure class=\"wp-block-image size-large\"><img loading=\"lazy\" decoding=\"async\" width=\"859\" height=\"869\" src=\"https:\/\/www.lyceelafayette.fr\/wp-content\/uploads\/2021\/10\/volta__accrochage-atelier-elec-3399-edited.jpg\" alt=\"\" class=\"wp-image-5122\" srcset=\"https:\/\/www.lyceelafayette.fr\/wp-content\/uploads\/2021\/10\/volta__accrochage-atelier-elec-3399-edited.jpg 859w, https:\/\/www.lyceelafayette.fr\/wp-content\/uploads\/2021\/10\/volta__accrochage-atelier-elec-3399-edited-297x300.jpg 297w, https:\/\/www.lyceelafayette.fr\/wp-content\/uploads\/2021\/10\/volta__accrochage-atelier-elec-3399-edited-50x50.jpg 50w, https:\/\/www.lyceelafayette.fr\/wp-content\/uploads\/2021\/10\/volta__accrochage-atelier-elec-3399-edited-768x777.jpg 768w, https:\/\/www.lyceelafayette.fr\/wp-content\/uploads\/2021\/10\/volta__accrochage-atelier-elec-3399-edited-148x150.jpg 148w\" sizes=\"auto, (max-width: 859px) 100vw, 859px\" \/><\/figure>\n\n\n\n<p>La classe de T CAP Elec&nbsp;2020-2021 a r\u00e9alis\u00e9 cet accrochage \u00e9ph\u00e9m\u00e8re en juin 2021.<\/p>\n\n\n\n<p>Nous nous pr\u00e9parons cette ann\u00e9e \u00e0 r\u00e9aliser une fresque sur un&nbsp;(ou plusieurs)&nbsp;mur(s)&nbsp;du lyc\u00e9e&nbsp;notamment dans la classe de M.Lecoq&nbsp;enseignant&nbsp;d\u2019\u00e9lectrotechnique&nbsp;qui a collabor\u00e9 \u00e0 ce projet.<\/p>\n\n\n\n<p><em>Je remercie les \u00e9l\u00e8ves de la classe&nbsp;de TCAP ELEC&nbsp;2020-2021&nbsp;qui ont particip\u00e9 pleinement \u00e0 ce projet.<\/em><\/p>\n\n\n\n<p><strong>Christophe Guilpain \/ Enseignant en arts appliqu\u00e9s.<\/strong><\/p>\n\n\n\n<figure class=\"wp-block-gallery columns-3 is-cropped wp-block-gallery-1 is-layout-flex wp-block-gallery-is-layout-flex\"><ul class=\"blocks-gallery-grid\"><li class=\"blocks-gallery-item\"><figure><img loading=\"lazy\" decoding=\"async\" width=\"441\" height=\"423\" src=\"https:\/\/www.lyceelafayette.fr\/wp-content\/uploads\/2021\/10\/watt11_accrochage-atelier-elec-3403.jpg\" alt=\"\" data-id=\"5123\" data-link=\"https:\/\/www.lyceelafayette.fr\/?attachment_id=5123\" class=\"wp-image-5123\" srcset=\"https:\/\/www.lyceelafayette.fr\/wp-content\/uploads\/2021\/10\/watt11_accrochage-atelier-elec-3403.jpg 441w, https:\/\/www.lyceelafayette.fr\/wp-content\/uploads\/2021\/10\/watt11_accrochage-atelier-elec-3403-300x288.jpg 300w, https:\/\/www.lyceelafayette.fr\/wp-content\/uploads\/2021\/10\/watt11_accrochage-atelier-elec-3403-150x144.jpg 150w\" sizes=\"auto, (max-width: 441px) 100vw, 441px\" \/><\/figure><\/li><li class=\"blocks-gallery-item\"><figure><img loading=\"lazy\" decoding=\"async\" width=\"975\" height=\"1024\" src=\"https:\/\/www.lyceelafayette.fr\/wp-content\/uploads\/2021\/10\/ampere1-975x1024.jpg\" alt=\"\" data-id=\"5124\" data-link=\"https:\/\/www.lyceelafayette.fr\/?attachment_id=5124\" class=\"wp-image-5124\" srcset=\"https:\/\/www.lyceelafayette.fr\/wp-content\/uploads\/2021\/10\/ampere1-975x1024.jpg 975w, https:\/\/www.lyceelafayette.fr\/wp-content\/uploads\/2021\/10\/ampere1-286x300.jpg 286w, https:\/\/www.lyceelafayette.fr\/wp-content\/uploads\/2021\/10\/ampere1-768x807.jpg 768w, https:\/\/www.lyceelafayette.fr\/wp-content\/uploads\/2021\/10\/ampere1-143x150.jpg 143w, https:\/\/www.lyceelafayette.fr\/wp-content\/uploads\/2021\/10\/ampere1.jpg 1428w\" sizes=\"auto, (max-width: 975px) 100vw, 975px\" \/><\/figure><\/li><li class=\"blocks-gallery-item\"><figure><img loading=\"lazy\" decoding=\"async\" width=\"977\" height=\"1024\" src=\"https:\/\/www.lyceelafayette.fr\/wp-content\/uploads\/2021\/10\/assemblage1-Volta-Watt-Ampere-Ohm-977x1024.jpg\" alt=\"\" data-id=\"5125\" data-link=\"https:\/\/www.lyceelafayette.fr\/?attachment_id=5125\" class=\"wp-image-5125\" srcset=\"https:\/\/www.lyceelafayette.fr\/wp-content\/uploads\/2021\/10\/assemblage1-Volta-Watt-Ampere-Ohm-977x1024.jpg 977w, https:\/\/www.lyceelafayette.fr\/wp-content\/uploads\/2021\/10\/assemblage1-Volta-Watt-Ampere-Ohm-286x300.jpg 286w, https:\/\/www.lyceelafayette.fr\/wp-content\/uploads\/2021\/10\/assemblage1-Volta-Watt-Ampere-Ohm-768x805.jpg 768w, https:\/\/www.lyceelafayette.fr\/wp-content\/uploads\/2021\/10\/assemblage1-Volta-Watt-Ampere-Ohm-143x150.jpg 143w, https:\/\/www.lyceelafayette.fr\/wp-content\/uploads\/2021\/10\/assemblage1-Volta-Watt-Ampere-Ohm.jpg 1431w\" sizes=\"auto, (max-width: 977px) 100vw, 977px\" \/><\/figure><\/li><li class=\"blocks-gallery-item\"><figure><img loading=\"lazy\" decoding=\"async\" width=\"999\" height=\"1024\" src=\"https:\/\/www.lyceelafayette.fr\/wp-content\/uploads\/2021\/10\/ohm1-999x1024.jpg\" alt=\"\" data-id=\"5126\" data-link=\"https:\/\/www.lyceelafayette.fr\/?attachment_id=5126\" class=\"wp-image-5126\" srcset=\"https:\/\/www.lyceelafayette.fr\/wp-content\/uploads\/2021\/10\/ohm1-999x1024.jpg 999w, https:\/\/www.lyceelafayette.fr\/wp-content\/uploads\/2021\/10\/ohm1-293x300.jpg 293w, https:\/\/www.lyceelafayette.fr\/wp-content\/uploads\/2021\/10\/ohm1-50x50.jpg 50w, https:\/\/www.lyceelafayette.fr\/wp-content\/uploads\/2021\/10\/ohm1-768x787.jpg 768w, https:\/\/www.lyceelafayette.fr\/wp-content\/uploads\/2021\/10\/ohm1-146x150.jpg 146w, https:\/\/www.lyceelafayette.fr\/wp-content\/uploads\/2021\/10\/ohm1.jpg 1464w\" sizes=\"auto, (max-width: 999px) 100vw, 999px\" \/><\/figure><\/li><li class=\"blocks-gallery-item\"><figure><img loading=\"lazy\" decoding=\"async\" width=\"956\" height=\"1024\" src=\"https:\/\/www.lyceelafayette.fr\/wp-content\/uploads\/2021\/10\/volta1-956x1024.jpg\" alt=\"\" data-id=\"5127\" data-link=\"https:\/\/www.lyceelafayette.fr\/?attachment_id=5127\" class=\"wp-image-5127\" srcset=\"https:\/\/www.lyceelafayette.fr\/wp-content\/uploads\/2021\/10\/volta1-956x1024.jpg 956w, https:\/\/www.lyceelafayette.fr\/wp-content\/uploads\/2021\/10\/volta1-280x300.jpg 280w, https:\/\/www.lyceelafayette.fr\/wp-content\/uploads\/2021\/10\/volta1-768x822.jpg 768w, https:\/\/www.lyceelafayette.fr\/wp-content\/uploads\/2021\/10\/volta1-140x150.jpg 140w, https:\/\/www.lyceelafayette.fr\/wp-content\/uploads\/2021\/10\/volta1.jpg 1401w\" sizes=\"auto, (max-width: 956px) 100vw, 956px\" \/><\/figure><\/li><li class=\"blocks-gallery-item\"><figure><img loading=\"lazy\" decoding=\"async\" width=\"973\" height=\"1024\" src=\"https:\/\/www.lyceelafayette.fr\/wp-content\/uploads\/2021\/10\/watt1-973x1024.jpg\" alt=\"\" data-id=\"5128\" data-link=\"https:\/\/www.lyceelafayette.fr\/?attachment_id=5128\" class=\"wp-image-5128\" srcset=\"https:\/\/www.lyceelafayette.fr\/wp-content\/uploads\/2021\/10\/watt1-973x1024.jpg 973w, https:\/\/www.lyceelafayette.fr\/wp-content\/uploads\/2021\/10\/watt1-285x300.jpg 285w, https:\/\/www.lyceelafayette.fr\/wp-content\/uploads\/2021\/10\/watt1-768x808.jpg 768w, https:\/\/www.lyceelafayette.fr\/wp-content\/uploads\/2021\/10\/watt1-143x150.jpg 143w, https:\/\/www.lyceelafayette.fr\/wp-content\/uploads\/2021\/10\/watt1.jpg 1426w\" sizes=\"auto, (max-width: 973px) 100vw, 973px\" \/><\/figure><\/li><li class=\"blocks-gallery-item\"><figure><img loading=\"lazy\" decoding=\"async\" width=\"536\" height=\"564\" src=\"https:\/\/www.lyceelafayette.fr\/wp-content\/uploads\/2021\/10\/ampere11_accrochage-atelier-elec-3392.jpg\" alt=\"\" data-id=\"5129\" data-full-url=\"https:\/\/www.lyceelafayette.fr\/wp-content\/uploads\/2021\/10\/ampere11_accrochage-atelier-elec-3392.jpg\" data-link=\"https:\/\/www.lyceelafayette.fr\/?attachment_id=5129\" class=\"wp-image-5129\" srcset=\"https:\/\/www.lyceelafayette.fr\/wp-content\/uploads\/2021\/10\/ampere11_accrochage-atelier-elec-3392.jpg 536w, https:\/\/www.lyceelafayette.fr\/wp-content\/uploads\/2021\/10\/ampere11_accrochage-atelier-elec-3392-285x300.jpg 285w, https:\/\/www.lyceelafayette.fr\/wp-content\/uploads\/2021\/10\/ampere11_accrochage-atelier-elec-3392-143x150.jpg 143w\" sizes=\"auto, (max-width: 536px) 100vw, 536px\" \/><\/figure><\/li><li class=\"blocks-gallery-item\"><figure><img loading=\"lazy\" decoding=\"async\" width=\"656\" height=\"473\" src=\"https:\/\/www.lyceelafayette.fr\/wp-content\/uploads\/2021\/10\/Ohm-1-accrochage-atelier.jpg\" alt=\"\" data-id=\"5130\" data-full-url=\"https:\/\/www.lyceelafayette.fr\/wp-content\/uploads\/2021\/10\/Ohm-1-accrochage-atelier.jpg\" data-link=\"https:\/\/www.lyceelafayette.fr\/?attachment_id=5130\" class=\"wp-image-5130\" srcset=\"https:\/\/www.lyceelafayette.fr\/wp-content\/uploads\/2021\/10\/Ohm-1-accrochage-atelier.jpg 656w, https:\/\/www.lyceelafayette.fr\/wp-content\/uploads\/2021\/10\/Ohm-1-accrochage-atelier-300x216.jpg 300w, https:\/\/www.lyceelafayette.fr\/wp-content\/uploads\/2021\/10\/Ohm-1-accrochage-atelier-150x108.jpg 150w\" sizes=\"auto, (max-width: 656px) 100vw, 656px\" \/><\/figure><\/li><li class=\"blocks-gallery-item\"><figure><img loading=\"lazy\" decoding=\"async\" width=\"457\" height=\"637\" src=\"https:\/\/www.lyceelafayette.fr\/wp-content\/uploads\/2021\/10\/volta1__accrochage-atelier-elec-3399.jpg\" alt=\"\" data-id=\"5131\" data-full-url=\"https:\/\/www.lyceelafayette.fr\/wp-content\/uploads\/2021\/10\/volta1__accrochage-atelier-elec-3399.jpg\" data-link=\"https:\/\/www.lyceelafayette.fr\/?attachment_id=5131\" class=\"wp-image-5131\" srcset=\"https:\/\/www.lyceelafayette.fr\/wp-content\/uploads\/2021\/10\/volta1__accrochage-atelier-elec-3399.jpg 457w, https:\/\/www.lyceelafayette.fr\/wp-content\/uploads\/2021\/10\/volta1__accrochage-atelier-elec-3399-215x300.jpg 215w, https:\/\/www.lyceelafayette.fr\/wp-content\/uploads\/2021\/10\/volta1__accrochage-atelier-elec-3399-108x150.jpg 108w\" sizes=\"auto, (max-width: 457px) 100vw, 457px\" \/><\/figure><\/li><li class=\"blocks-gallery-item\"><figure><img loading=\"lazy\" decoding=\"async\" width=\"640\" height=\"480\" src=\"https:\/\/www.lyceelafayette.fr\/wp-content\/uploads\/2021\/10\/vue-densemble-accrochage-final-atelier-delectro-bis_3407.jpg\" alt=\"\" data-id=\"5132\" data-full-url=\"https:\/\/www.lyceelafayette.fr\/wp-content\/uploads\/2021\/10\/vue-densemble-accrochage-final-atelier-delectro-bis_3407.jpg\" data-link=\"https:\/\/www.lyceelafayette.fr\/?attachment_id=5132\" class=\"wp-image-5132\" srcset=\"https:\/\/www.lyceelafayette.fr\/wp-content\/uploads\/2021\/10\/vue-densemble-accrochage-final-atelier-delectro-bis_3407.jpg 640w, https:\/\/www.lyceelafayette.fr\/wp-content\/uploads\/2021\/10\/vue-densemble-accrochage-final-atelier-delectro-bis_3407-300x225.jpg 300w, https:\/\/www.lyceelafayette.fr\/wp-content\/uploads\/2021\/10\/vue-densemble-accrochage-final-atelier-delectro-bis_3407-150x113.jpg 150w\" sizes=\"auto, (max-width: 640px) 100vw, 640px\" \/><\/figure><\/li><li class=\"blocks-gallery-item\"><figure><img loading=\"lazy\" decoding=\"async\" width=\"640\" height=\"480\" src=\"https:\/\/www.lyceelafayette.fr\/wp-content\/uploads\/2021\/10\/vue-densemble-accrochage-final-atelier-delectro_3408.jpg\" alt=\"\" data-id=\"5133\" data-full-url=\"https:\/\/www.lyceelafayette.fr\/wp-content\/uploads\/2021\/10\/vue-densemble-accrochage-final-atelier-delectro_3408.jpg\" data-link=\"https:\/\/www.lyceelafayette.fr\/?attachment_id=5133\" class=\"wp-image-5133\" srcset=\"https:\/\/www.lyceelafayette.fr\/wp-content\/uploads\/2021\/10\/vue-densemble-accrochage-final-atelier-delectro_3408.jpg 640w, https:\/\/www.lyceelafayette.fr\/wp-content\/uploads\/2021\/10\/vue-densemble-accrochage-final-atelier-delectro_3408-300x225.jpg 300w, https:\/\/www.lyceelafayette.fr\/wp-content\/uploads\/2021\/10\/vue-densemble-accrochage-final-atelier-delectro_3408-150x113.jpg 150w\" sizes=\"auto, (max-width: 640px) 100vw, 640px\" \/><\/figure><\/li><li class=\"blocks-gallery-item\"><figure><img loading=\"lazy\" decoding=\"async\" width=\"520\" height=\"649\" src=\"https:\/\/www.lyceelafayette.fr\/wp-content\/uploads\/2021\/10\/watt111_accrochage-atelier-elec-3403.jpg\" alt=\"\" data-id=\"5134\" data-full-url=\"https:\/\/www.lyceelafayette.fr\/wp-content\/uploads\/2021\/10\/watt111_accrochage-atelier-elec-3403.jpg\" data-link=\"https:\/\/www.lyceelafayette.fr\/?attachment_id=5134\" class=\"wp-image-5134\" srcset=\"https:\/\/www.lyceelafayette.fr\/wp-content\/uploads\/2021\/10\/watt111_accrochage-atelier-elec-3403.jpg 520w, https:\/\/www.lyceelafayette.fr\/wp-content\/uploads\/2021\/10\/watt111_accrochage-atelier-elec-3403-240x300.jpg 240w, https:\/\/www.lyceelafayette.fr\/wp-content\/uploads\/2021\/10\/watt111_accrochage-atelier-elec-3403-120x150.jpg 120w\" sizes=\"auto, (max-width: 520px) 100vw, 520px\" \/><\/figure><\/li><\/ul><\/figure>\n","protected":false},"excerpt":{"rendered":"<p>Ce \u00ab&nbsp;chef-d\u2019\u0153uvre men\u00e9 par la classe de TCAP ELEC&nbsp;\u00bbest un projet concernant la r\u00e9alisation d\u2019une fresque \u00e0 partir de&nbsp;portraits&nbsp;en couleurs&nbsp;repr\u00e9sentant les personnages importants dans l\u2019\u00e9volution scientifique, et plus particuli\u00e8rement dans l\u2019\u00e9volution de l\u2019\u00e9lectrotechnique : Georg&nbsp;Ohm&nbsp;(1789-1854),&nbsp; Alessandro Volta (1745-1827),&nbsp; Andr\u00e9-Marie Amp\u00e8re (1775-1836)&nbsp; James Watt (1736-1819). Naissance du projet&nbsp; Nous avons commenc\u00e9&#8230; <a class=\"continue-reading-link\" href=\"https:\/\/www.lyceelafayette.fr\/index.php\/2021\/10\/07\/chef-doeuvre-tcap-elec\/\">lire la suite<\/a><\/p>\n","protected":false},"author":8,"featured_media":5132,"comment_status":"closed","ping_status":"open","sticky":false,"template":"","format":"standard","meta":{"footnotes":""},"categories":[1],"tags":[],"class_list":["post-5115","post","type-post","status-publish","format-standard","has-post-thumbnail","hentry","category-non-classe"],"yoast_head":"<!-- This site is optimized with the Yoast SEO plugin v27.5 - https:\/\/yoast.com\/product\/yoast-seo-wordpress\/ -->\n<title>Chef-d\u2019\u0153uvre TCAP ELEC  - Lyc\u00e9e La Fayette<\/title>\n<meta name=\"robots\" content=\"index, follow, max-snippet:-1, max-image-preview:large, max-video-preview:-1\" \/>\n<link rel=\"canonical\" href=\"https:\/\/www.lyceelafayette.fr\/index.php\/2021\/10\/07\/chef-doeuvre-tcap-elec\/\" \/>\n<meta property=\"og:locale\" content=\"fr_FR\" \/>\n<meta property=\"og:type\" content=\"article\" \/>\n<meta property=\"og:title\" content=\"Chef-d\u2019\u0153uvre TCAP ELEC  - Lyc\u00e9e La Fayette\" \/>\n<meta property=\"og:description\" content=\"Ce \u00ab&nbsp;chef-d\u2019\u0153uvre men\u00e9 par la classe de TCAP ELEC&nbsp;\u00bbest un projet concernant la r\u00e9alisation d\u2019une fresque \u00e0 partir de&nbsp;portraits&nbsp;en couleurs&nbsp;repr\u00e9sentant les personnages importants dans l\u2019\u00e9volution scientifique, et plus particuli\u00e8rement dans l\u2019\u00e9volution de l\u2019\u00e9lectrotechnique : Georg&nbsp;Ohm&nbsp;(1789-1854),&nbsp; Alessandro Volta (1745-1827),&nbsp; Andr\u00e9-Marie Amp\u00e8re (1775-1836)&nbsp; James Watt (1736-1819). Naissance du projet&nbsp; Nous avons commenc\u00e9... lire la suite\" \/>\n<meta property=\"og:url\" content=\"https:\/\/www.lyceelafayette.fr\/index.php\/2021\/10\/07\/chef-doeuvre-tcap-elec\/\" \/>\n<meta property=\"og:site_name\" content=\"Lyc\u00e9e La Fayette\" \/>\n<meta property=\"article:published_time\" content=\"2021-10-07T09:01:48+00:00\" \/>\n<meta property=\"article:modified_time\" content=\"2021-10-11T06:33:46+00:00\" \/>\n<meta property=\"og:image\" content=\"https:\/\/www.lyceelafayette.fr\/wp-content\/uploads\/2021\/10\/vue-densemble-accrochage-final-atelier-delectro-bis_3407.jpg\" \/>\n\t<meta property=\"og:image:width\" content=\"640\" \/>\n\t<meta property=\"og:image:height\" content=\"480\" \/>\n\t<meta property=\"og:image:type\" content=\"image\/jpeg\" \/>\n<meta name=\"author\" content=\"Alexandre Facchin\" \/>\n<meta name=\"twitter:card\" content=\"summary_large_image\" \/>\n<meta name=\"twitter:label1\" content=\"\u00c9crit par\" \/>\n\t<meta name=\"twitter:data1\" content=\"Alexandre Facchin\" \/>\n\t<meta name=\"twitter:label2\" content=\"Dur\u00e9e de lecture estim\u00e9e\" \/>\n\t<meta name=\"twitter:data2\" content=\"4 minutes\" \/>\n<script type=\"application\/ld+json\" class=\"yoast-schema-graph\">{\"@context\":\"https:\\\/\\\/schema.org\",\"@graph\":[{\"@type\":\"Article\",\"@id\":\"https:\\\/\\\/www.lyceelafayette.fr\\\/index.php\\\/2021\\\/10\\\/07\\\/chef-doeuvre-tcap-elec\\\/#article\",\"isPartOf\":{\"@id\":\"https:\\\/\\\/www.lyceelafayette.fr\\\/index.php\\\/2021\\\/10\\\/07\\\/chef-doeuvre-tcap-elec\\\/\"},\"author\":{\"name\":\"Alexandre Facchin\",\"@id\":\"https:\\\/\\\/www.lyceelafayette.fr\\\/#\\\/schema\\\/person\\\/ce6db8a1157d50329e1fd65f9a9b5df8\"},\"headline\":\"Chef-d\u2019\u0153uvre TCAP ELEC\",\"datePublished\":\"2021-10-07T09:01:48+00:00\",\"dateModified\":\"2021-10-11T06:33:46+00:00\",\"mainEntityOfPage\":{\"@id\":\"https:\\\/\\\/www.lyceelafayette.fr\\\/index.php\\\/2021\\\/10\\\/07\\\/chef-doeuvre-tcap-elec\\\/\"},\"wordCount\":295,\"publisher\":{\"@id\":\"https:\\\/\\\/www.lyceelafayette.fr\\\/#organization\"},\"image\":{\"@id\":\"https:\\\/\\\/www.lyceelafayette.fr\\\/index.php\\\/2021\\\/10\\\/07\\\/chef-doeuvre-tcap-elec\\\/#primaryimage\"},\"thumbnailUrl\":\"https:\\\/\\\/www.lyceelafayette.fr\\\/wp-content\\\/uploads\\\/2021\\\/10\\\/vue-densemble-accrochage-final-atelier-delectro-bis_3407.jpg\",\"inLanguage\":\"fr-FR\"},{\"@type\":\"WebPage\",\"@id\":\"https:\\\/\\\/www.lyceelafayette.fr\\\/index.php\\\/2021\\\/10\\\/07\\\/chef-doeuvre-tcap-elec\\\/\",\"url\":\"https:\\\/\\\/www.lyceelafayette.fr\\\/index.php\\\/2021\\\/10\\\/07\\\/chef-doeuvre-tcap-elec\\\/\",\"name\":\"Chef-d\u2019\u0153uvre TCAP ELEC - Lyc\u00e9e La Fayette\",\"isPartOf\":{\"@id\":\"https:\\\/\\\/www.lyceelafayette.fr\\\/#website\"},\"primaryImageOfPage\":{\"@id\":\"https:\\\/\\\/www.lyceelafayette.fr\\\/index.php\\\/2021\\\/10\\\/07\\\/chef-doeuvre-tcap-elec\\\/#primaryimage\"},\"image\":{\"@id\":\"https:\\\/\\\/www.lyceelafayette.fr\\\/index.php\\\/2021\\\/10\\\/07\\\/chef-doeuvre-tcap-elec\\\/#primaryimage\"},\"thumbnailUrl\":\"https:\\\/\\\/www.lyceelafayette.fr\\\/wp-content\\\/uploads\\\/2021\\\/10\\\/vue-densemble-accrochage-final-atelier-delectro-bis_3407.jpg\",\"datePublished\":\"2021-10-07T09:01:48+00:00\",\"dateModified\":\"2021-10-11T06:33:46+00:00\",\"breadcrumb\":{\"@id\":\"https:\\\/\\\/www.lyceelafayette.fr\\\/index.php\\\/2021\\\/10\\\/07\\\/chef-doeuvre-tcap-elec\\\/#breadcrumb\"},\"inLanguage\":\"fr-FR\",\"potentialAction\":[{\"@type\":\"ReadAction\",\"target\":[\"https:\\\/\\\/www.lyceelafayette.fr\\\/index.php\\\/2021\\\/10\\\/07\\\/chef-doeuvre-tcap-elec\\\/\"]}]},{\"@type\":\"ImageObject\",\"inLanguage\":\"fr-FR\",\"@id\":\"https:\\\/\\\/www.lyceelafayette.fr\\\/index.php\\\/2021\\\/10\\\/07\\\/chef-doeuvre-tcap-elec\\\/#primaryimage\",\"url\":\"https:\\\/\\\/www.lyceelafayette.fr\\\/wp-content\\\/uploads\\\/2021\\\/10\\\/vue-densemble-accrochage-final-atelier-delectro-bis_3407.jpg\",\"contentUrl\":\"https:\\\/\\\/www.lyceelafayette.fr\\\/wp-content\\\/uploads\\\/2021\\\/10\\\/vue-densemble-accrochage-final-atelier-delectro-bis_3407.jpg\",\"width\":640,\"height\":480},{\"@type\":\"BreadcrumbList\",\"@id\":\"https:\\\/\\\/www.lyceelafayette.fr\\\/index.php\\\/2021\\\/10\\\/07\\\/chef-doeuvre-tcap-elec\\\/#breadcrumb\",\"itemListElement\":[{\"@type\":\"ListItem\",\"position\":1,\"name\":\"Accueil\",\"item\":\"https:\\\/\\\/www.lyceelafayette.fr\\\/\"},{\"@type\":\"ListItem\",\"position\":2,\"name\":\"Chef-d\u2019\u0153uvre TCAP ELEC\"}]},{\"@type\":\"WebSite\",\"@id\":\"https:\\\/\\\/www.lyceelafayette.fr\\\/#website\",\"url\":\"https:\\\/\\\/www.lyceelafayette.fr\\\/\",\"name\":\"Lyc\u00e9e La Fayette\",\"description\":\"\",\"publisher\":{\"@id\":\"https:\\\/\\\/www.lyceelafayette.fr\\\/#organization\"},\"potentialAction\":[{\"@type\":\"SearchAction\",\"target\":{\"@type\":\"EntryPoint\",\"urlTemplate\":\"https:\\\/\\\/www.lyceelafayette.fr\\\/?s={search_term_string}\"},\"query-input\":{\"@type\":\"PropertyValueSpecification\",\"valueRequired\":true,\"valueName\":\"search_term_string\"}}],\"inLanguage\":\"fr-FR\"},{\"@type\":\"Organization\",\"@id\":\"https:\\\/\\\/www.lyceelafayette.fr\\\/#organization\",\"name\":\"Lyc\u00e9e La Fayette\",\"url\":\"https:\\\/\\\/www.lyceelafayette.fr\\\/\",\"logo\":{\"@type\":\"ImageObject\",\"inLanguage\":\"fr-FR\",\"@id\":\"https:\\\/\\\/www.lyceelafayette.fr\\\/#\\\/schema\\\/logo\\\/image\\\/\",\"url\":\"https:\\\/\\\/www.lyceelafayette.fr\\\/wp-content\\\/uploads\\\/2019\\\/06\\\/llf_logo_alpha.png\",\"contentUrl\":\"https:\\\/\\\/www.lyceelafayette.fr\\\/wp-content\\\/uploads\\\/2019\\\/06\\\/llf_logo_alpha.png\",\"width\":1583,\"height\":792,\"caption\":\"Lyc\u00e9e La Fayette\"},\"image\":{\"@id\":\"https:\\\/\\\/www.lyceelafayette.fr\\\/#\\\/schema\\\/logo\\\/image\\\/\"},\"sameAs\":[\"https:\\\/\\\/www.youtube.com\\\/channel\\\/UC2AOQowoMGBKdY4ToZsf9mw\"]},{\"@type\":\"Person\",\"@id\":\"https:\\\/\\\/www.lyceelafayette.fr\\\/#\\\/schema\\\/person\\\/ce6db8a1157d50329e1fd65f9a9b5df8\",\"name\":\"Alexandre Facchin\",\"image\":{\"@type\":\"ImageObject\",\"inLanguage\":\"fr-FR\",\"@id\":\"https:\\\/\\\/secure.gravatar.com\\\/avatar\\\/c94ab2db74f6be2880cb92feeab1c3c9a55baee6dab0b6f9fbb80e1bc3336b7a?s=96&d=blank&r=g\",\"url\":\"https:\\\/\\\/secure.gravatar.com\\\/avatar\\\/c94ab2db74f6be2880cb92feeab1c3c9a55baee6dab0b6f9fbb80e1bc3336b7a?s=96&d=blank&r=g\",\"contentUrl\":\"https:\\\/\\\/secure.gravatar.com\\\/avatar\\\/c94ab2db74f6be2880cb92feeab1c3c9a55baee6dab0b6f9fbb80e1bc3336b7a?s=96&d=blank&r=g\",\"caption\":\"Alexandre Facchin\"},\"url\":\"https:\\\/\\\/www.lyceelafayette.fr\\\/index.php\\\/author\\\/admin\\\/\"}]}<\/script>\n<!-- \/ Yoast SEO plugin. -->","yoast_head_json":{"title":"Chef-d\u2019\u0153uvre TCAP ELEC  - Lyc\u00e9e La Fayette","robots":{"index":"index","follow":"follow","max-snippet":"max-snippet:-1","max-image-preview":"max-image-preview:large","max-video-preview":"max-video-preview:-1"},"canonical":"https:\/\/www.lyceelafayette.fr\/index.php\/2021\/10\/07\/chef-doeuvre-tcap-elec\/","og_locale":"fr_FR","og_type":"article","og_title":"Chef-d\u2019\u0153uvre TCAP ELEC  - Lyc\u00e9e La Fayette","og_description":"Ce \u00ab&nbsp;chef-d\u2019\u0153uvre men\u00e9 par la classe de TCAP ELEC&nbsp;\u00bbest un projet concernant la r\u00e9alisation d\u2019une fresque \u00e0 partir de&nbsp;portraits&nbsp;en couleurs&nbsp;repr\u00e9sentant les personnages importants dans l\u2019\u00e9volution scientifique, et plus particuli\u00e8rement dans l\u2019\u00e9volution de l\u2019\u00e9lectrotechnique : Georg&nbsp;Ohm&nbsp;(1789-1854),&nbsp; Alessandro Volta (1745-1827),&nbsp; Andr\u00e9-Marie Amp\u00e8re (1775-1836)&nbsp; James Watt (1736-1819). Naissance du projet&nbsp; Nous avons commenc\u00e9... lire la suite","og_url":"https:\/\/www.lyceelafayette.fr\/index.php\/2021\/10\/07\/chef-doeuvre-tcap-elec\/","og_site_name":"Lyc\u00e9e La Fayette","article_published_time":"2021-10-07T09:01:48+00:00","article_modified_time":"2021-10-11T06:33:46+00:00","og_image":[{"width":640,"height":480,"url":"https:\/\/www.lyceelafayette.fr\/wp-content\/uploads\/2021\/10\/vue-densemble-accrochage-final-atelier-delectro-bis_3407.jpg","type":"image\/jpeg"}],"author":"Alexandre Facchin","twitter_card":"summary_large_image","twitter_misc":{"\u00c9crit par":"Alexandre Facchin","Dur\u00e9e de lecture estim\u00e9e":"4 minutes"},"schema":{"@context":"https:\/\/schema.org","@graph":[{"@type":"Article","@id":"https:\/\/www.lyceelafayette.fr\/index.php\/2021\/10\/07\/chef-doeuvre-tcap-elec\/#article","isPartOf":{"@id":"https:\/\/www.lyceelafayette.fr\/index.php\/2021\/10\/07\/chef-doeuvre-tcap-elec\/"},"author":{"name":"Alexandre Facchin","@id":"https:\/\/www.lyceelafayette.fr\/#\/schema\/person\/ce6db8a1157d50329e1fd65f9a9b5df8"},"headline":"Chef-d\u2019\u0153uvre TCAP ELEC","datePublished":"2021-10-07T09:01:48+00:00","dateModified":"2021-10-11T06:33:46+00:00","mainEntityOfPage":{"@id":"https:\/\/www.lyceelafayette.fr\/index.php\/2021\/10\/07\/chef-doeuvre-tcap-elec\/"},"wordCount":295,"publisher":{"@id":"https:\/\/www.lyceelafayette.fr\/#organization"},"image":{"@id":"https:\/\/www.lyceelafayette.fr\/index.php\/2021\/10\/07\/chef-doeuvre-tcap-elec\/#primaryimage"},"thumbnailUrl":"https:\/\/www.lyceelafayette.fr\/wp-content\/uploads\/2021\/10\/vue-densemble-accrochage-final-atelier-delectro-bis_3407.jpg","inLanguage":"fr-FR"},{"@type":"WebPage","@id":"https:\/\/www.lyceelafayette.fr\/index.php\/2021\/10\/07\/chef-doeuvre-tcap-elec\/","url":"https:\/\/www.lyceelafayette.fr\/index.php\/2021\/10\/07\/chef-doeuvre-tcap-elec\/","name":"Chef-d\u2019\u0153uvre TCAP ELEC - Lyc\u00e9e La Fayette","isPartOf":{"@id":"https:\/\/www.lyceelafayette.fr\/#website"},"primaryImageOfPage":{"@id":"https:\/\/www.lyceelafayette.fr\/index.php\/2021\/10\/07\/chef-doeuvre-tcap-elec\/#primaryimage"},"image":{"@id":"https:\/\/www.lyceelafayette.fr\/index.php\/2021\/10\/07\/chef-doeuvre-tcap-elec\/#primaryimage"},"thumbnailUrl":"https:\/\/www.lyceelafayette.fr\/wp-content\/uploads\/2021\/10\/vue-densemble-accrochage-final-atelier-delectro-bis_3407.jpg","datePublished":"2021-10-07T09:01:48+00:00","dateModified":"2021-10-11T06:33:46+00:00","breadcrumb":{"@id":"https:\/\/www.lyceelafayette.fr\/index.php\/2021\/10\/07\/chef-doeuvre-tcap-elec\/#breadcrumb"},"inLanguage":"fr-FR","potentialAction":[{"@type":"ReadAction","target":["https:\/\/www.lyceelafayette.fr\/index.php\/2021\/10\/07\/chef-doeuvre-tcap-elec\/"]}]},{"@type":"ImageObject","inLanguage":"fr-FR","@id":"https:\/\/www.lyceelafayette.fr\/index.php\/2021\/10\/07\/chef-doeuvre-tcap-elec\/#primaryimage","url":"https:\/\/www.lyceelafayette.fr\/wp-content\/uploads\/2021\/10\/vue-densemble-accrochage-final-atelier-delectro-bis_3407.jpg","contentUrl":"https:\/\/www.lyceelafayette.fr\/wp-content\/uploads\/2021\/10\/vue-densemble-accrochage-final-atelier-delectro-bis_3407.jpg","width":640,"height":480},{"@type":"BreadcrumbList","@id":"https:\/\/www.lyceelafayette.fr\/index.php\/2021\/10\/07\/chef-doeuvre-tcap-elec\/#breadcrumb","itemListElement":[{"@type":"ListItem","position":1,"name":"Accueil","item":"https:\/\/www.lyceelafayette.fr\/"},{"@type":"ListItem","position":2,"name":"Chef-d\u2019\u0153uvre TCAP ELEC"}]},{"@type":"WebSite","@id":"https:\/\/www.lyceelafayette.fr\/#website","url":"https:\/\/www.lyceelafayette.fr\/","name":"Lyc\u00e9e La Fayette","description":"","publisher":{"@id":"https:\/\/www.lyceelafayette.fr\/#organization"},"potentialAction":[{"@type":"SearchAction","target":{"@type":"EntryPoint","urlTemplate":"https:\/\/www.lyceelafayette.fr\/?s={search_term_string}"},"query-input":{"@type":"PropertyValueSpecification","valueRequired":true,"valueName":"search_term_string"}}],"inLanguage":"fr-FR"},{"@type":"Organization","@id":"https:\/\/www.lyceelafayette.fr\/#organization","name":"Lyc\u00e9e La Fayette","url":"https:\/\/www.lyceelafayette.fr\/","logo":{"@type":"ImageObject","inLanguage":"fr-FR","@id":"https:\/\/www.lyceelafayette.fr\/#\/schema\/logo\/image\/","url":"https:\/\/www.lyceelafayette.fr\/wp-content\/uploads\/2019\/06\/llf_logo_alpha.png","contentUrl":"https:\/\/www.lyceelafayette.fr\/wp-content\/uploads\/2019\/06\/llf_logo_alpha.png","width":1583,"height":792,"caption":"Lyc\u00e9e La Fayette"},"image":{"@id":"https:\/\/www.lyceelafayette.fr\/#\/schema\/logo\/image\/"},"sameAs":["https:\/\/www.youtube.com\/channel\/UC2AOQowoMGBKdY4ToZsf9mw"]},{"@type":"Person","@id":"https:\/\/www.lyceelafayette.fr\/#\/schema\/person\/ce6db8a1157d50329e1fd65f9a9b5df8","name":"Alexandre Facchin","image":{"@type":"ImageObject","inLanguage":"fr-FR","@id":"https:\/\/secure.gravatar.com\/avatar\/c94ab2db74f6be2880cb92feeab1c3c9a55baee6dab0b6f9fbb80e1bc3336b7a?s=96&d=blank&r=g","url":"https:\/\/secure.gravatar.com\/avatar\/c94ab2db74f6be2880cb92feeab1c3c9a55baee6dab0b6f9fbb80e1bc3336b7a?s=96&d=blank&r=g","contentUrl":"https:\/\/secure.gravatar.com\/avatar\/c94ab2db74f6be2880cb92feeab1c3c9a55baee6dab0b6f9fbb80e1bc3336b7a?s=96&d=blank&r=g","caption":"Alexandre Facchin"},"url":"https:\/\/www.lyceelafayette.fr\/index.php\/author\/admin\/"}]}},"_links":{"self":[{"href":"https:\/\/www.lyceelafayette.fr\/index.php\/wp-json\/wp\/v2\/posts\/5115","targetHints":{"allow":["GET"]}}],"collection":[{"href":"https:\/\/www.lyceelafayette.fr\/index.php\/wp-json\/wp\/v2\/posts"}],"about":[{"href":"https:\/\/www.lyceelafayette.fr\/index.php\/wp-json\/wp\/v2\/types\/post"}],"author":[{"embeddable":true,"href":"https:\/\/www.lyceelafayette.fr\/index.php\/wp-json\/wp\/v2\/users\/8"}],"replies":[{"embeddable":true,"href":"https:\/\/www.lyceelafayette.fr\/index.php\/wp-json\/wp\/v2\/comments?post=5115"}],"version-history":[{"count":4,"href":"https:\/\/www.lyceelafayette.fr\/index.php\/wp-json\/wp\/v2\/posts\/5115\/revisions"}],"predecessor-version":[{"id":5137,"href":"https:\/\/www.lyceelafayette.fr\/index.php\/wp-json\/wp\/v2\/posts\/5115\/revisions\/5137"}],"wp:featuredmedia":[{"embeddable":true,"href":"https:\/\/www.lyceelafayette.fr\/index.php\/wp-json\/wp\/v2\/media\/5132"}],"wp:attachment":[{"href":"https:\/\/www.lyceelafayette.fr\/index.php\/wp-json\/wp\/v2\/media?parent=5115"}],"wp:term":[{"taxonomy":"category","embeddable":true,"href":"https:\/\/www.lyceelafayette.fr\/index.php\/wp-json\/wp\/v2\/categories?post=5115"},{"taxonomy":"post_tag","embeddable":true,"href":"https:\/\/www.lyceelafayette.fr\/index.php\/wp-json\/wp\/v2\/tags?post=5115"}],"curies":[{"name":"wp","href":"https:\/\/api.w.org\/{rel}","templated":true}]}}