{"id":3086,"date":"2021-01-05T17:59:38","date_gmt":"2021-01-05T16:59:38","guid":{"rendered":"https:\/\/www.lyceelafayette.fr\/?p=3086"},"modified":"2022-02-08T11:37:40","modified_gmt":"2022-02-08T10:37:40","slug":"jpo-au-lycee-la-fayette-2021","status":"publish","type":"post","link":"https:\/\/www.lyceelafayette.fr\/index.php\/2021\/01\/05\/jpo-au-lycee-la-fayette-2021\/","title":{"rendered":"<div style=\"background-color:#00E626;color:white;text-align:center;\"><\/span> D\u00e9couvrez les formations <\/span><br>De la 3\u00e8me au baccalaur\u00e9at<\/div>"},"content":{"rendered":"\n<ul class=\"wp-block-list\"><li><strong>Formations professionnelles<\/strong>, si vous \u00eates en 3\u00e8me ou vous souhaitez vous r\u00e9orienter, d\u00e9couvrez le programme :<\/li><\/ul>\n\n\n\n<p class=\"has-text-align-center\"><strong><span style=\"text-decoration: underline;\"><a href=\"https:\/\/padlet.com\/ddfptlafayettefontaineroux\/1tx8rm4sru2ebudu\">Informations du CAP et BAC pro<\/a><\/span><\/strong><\/p>\n\n\n\n<p class=\"has-text-align-center\"><\/p>\n\n\n\n<ul class=\"wp-block-list\"><li><strong>Formations g\u00e9n\u00e9rales et technologiques<\/strong>, si vous \u00eates en 3\u00e8me ou vous souhaitez vous r\u00e9orienter, d\u00e9couvrez le programme :<\/li><\/ul>\n\n\n\n<p class=\"has-text-align-center\"><strong><span style=\"text-decoration: underline;\"><a href=\"https:\/\/padlet.com\/ddfptlafayettefontaineroux\/zuureqo8qozxma9b\">Informations du BAC G\u00c9N\u00c9RAL et TECHNOLOGIQUE (STI2D)<\/a><\/span><\/strong><\/p>\n\n\n\n<p class=\"has-text-align-left\">.<\/p>\n\n\n\n<p><\/p>\n\n\n\n<div class=\"wp-block-image\"><figure class=\"aligncenter size-large\"><img loading=\"lazy\" decoding=\"async\" width=\"609\" height=\"862\" src=\"https:\/\/www.lyceelafayette.fr\/wp-content\/uploads\/2021\/02\/affiche-jpo.png\" alt=\"\" class=\"wp-image-3852\" srcset=\"https:\/\/www.lyceelafayette.fr\/wp-content\/uploads\/2021\/02\/affiche-jpo.png 609w, https:\/\/www.lyceelafayette.fr\/wp-content\/uploads\/2021\/02\/affiche-jpo-212x300.png 212w, https:\/\/www.lyceelafayette.fr\/wp-content\/uploads\/2021\/02\/affiche-jpo-106x150.png 106w\" sizes=\"auto, (max-width: 609px) 100vw, 609px\" \/><\/figure><\/div>\n\n\n\n<p><!--more--><\/p>\n\n\n<p><!--\n<\/p>\n\n\n\n\n\n\n\n\n\n\n\n\n\n\n\n\n\n\n\n\n\n\n\n\n\n\n\n\n\n\n\n\n\n\n\n\n\n\n\n\n\n\n\n\n\n\n\n\n\n\n\n\n\n\n\n\n\n\n\n\n\n\n\n\n\n\n\n\n\n\n\n\n\n\n\n\n\n\n\n\n\n\n\n\n\n\n\n\n\n\n\n\n\n\n\n--><\/p>\n\n\n<p><\/p>\n\n\n\n<p><!--<p>(Bonne visite !)<\/p>--><\/p>\n\n\n\n<p><!--<p><a href=\"https:\/\/padlet.com\/lionel1362\/Bookmarks\">https:\/\/padlet.com\/lionel1362\/Bookmarks<\/a><\/p>--><\/p>\n\n\n\n<p><!--<p>Ou bien scannez ce Code QR : <\/p>--><\/p>\n\n\n\n<!--<figure class=\"wp-block-image size-large\"><img loading=\"lazy\" decoding=\"async\" width=\"1024\" height=\"1024\" src=\"https:\/\/www.lyceelafayette.fr\/wp-content\/uploads\/2021\/01\/Test-Padlet-JPO-1024x1024.png\" alt=\"\" class=\"wp-image-3325\"\/><\/figure>-->\n\n\n\n<p><\/p>\n","protected":false},"excerpt":{"rendered":"<p>Le samedi 6 mars 2021 le lyc\u00e9e La Fayette ouvre ses portes toute la journ\u00e9e de 9h00 \u00e0 16h00 sur les sites de Champagne sur Seine et de Fontaineroux et vous pr\u00e9sente toutes ses formations et dipl\u00f4mes. Enseignants et \u00e9l\u00e8ves seront l\u00e0 pour vous accueillir. <a class=\"continue-reading-link\" href=\"https:\/\/www.lyceelafayette.fr\/index.php\/2021\/01\/05\/jpo-au-lycee-la-fayette-2021\/\">lire la suite<\/a><\/p>\n","protected":false},"author":1,"featured_media":0,"comment_status":"closed","ping_status":"open","sticky":false,"template":"","format":"standard","meta":{"footnotes":""},"categories":[86,1],"tags":[90,79,91,92],"class_list":["post-3086","post","type-post","status-publish","format-standard","hentry","category-jpo","category-non-classe","tag-journee-portes-ouvertes","tag-jpo","tag-lycee-lafayette","tag-orientation"],"yoast_head":"<!-- This site is optimized with the Yoast SEO plugin v27.5 - https:\/\/yoast.com\/product\/yoast-seo-wordpress\/ -->\n<title>D\u00e9couvrez les formations De la 3\u00e8me au baccalaur\u00e9at - Lyc\u00e9e La Fayette<\/title>\n<meta name=\"robots\" content=\"index, follow, max-snippet:-1, max-image-preview:large, max-video-preview:-1\" \/>\n<link rel=\"canonical\" href=\"https:\/\/www.lyceelafayette.fr\/index.php\/2021\/01\/05\/jpo-au-lycee-la-fayette-2021\/\" \/>\n<meta property=\"og:locale\" content=\"fr_FR\" \/>\n<meta property=\"og:type\" content=\"article\" \/>\n<meta property=\"og:title\" content=\"D\u00e9couvrez les formations De la 3\u00e8me au baccalaur\u00e9at - Lyc\u00e9e La Fayette\" \/>\n<meta property=\"og:description\" content=\"Le samedi 6 mars 2021 le lyc\u00e9e La Fayette ouvre ses portes toute la journ\u00e9e de 9h00 \u00e0 16h00 sur les sites de Champagne sur Seine et de Fontaineroux et vous pr\u00e9sente toutes ses formations et dipl\u00f4mes. Enseignants et \u00e9l\u00e8ves seront l\u00e0 pour vous accueillir. lire la suite\" \/>\n<meta property=\"og:url\" content=\"https:\/\/www.lyceelafayette.fr\/index.php\/2021\/01\/05\/jpo-au-lycee-la-fayette-2021\/\" \/>\n<meta property=\"og:site_name\" content=\"Lyc\u00e9e La Fayette\" \/>\n<meta property=\"article:published_time\" content=\"2021-01-05T16:59:38+00:00\" \/>\n<meta property=\"article:modified_time\" content=\"2022-02-08T10:37:40+00:00\" \/>\n<meta property=\"og:image\" content=\"https:\/\/www.lyceelafayette.fr\/wp-content\/uploads\/2021\/02\/affiche-jpo.png\" \/>\n<meta name=\"author\" content=\"Patrice B\u00e9nier\" \/>\n<meta name=\"twitter:card\" content=\"summary_large_image\" \/>\n<meta name=\"twitter:label1\" content=\"\u00c9crit par\" \/>\n\t<meta name=\"twitter:data1\" content=\"Patrice B\u00e9nier\" \/>\n\t<meta name=\"twitter:label2\" content=\"Dur\u00e9e de lecture estim\u00e9e\" \/>\n\t<meta name=\"twitter:data2\" content=\"1 minute\" \/>\n<script type=\"application\/ld+json\" class=\"yoast-schema-graph\">{\"@context\":\"https:\\\/\\\/schema.org\",\"@graph\":[{\"@type\":\"Article\",\"@id\":\"https:\\\/\\\/www.lyceelafayette.fr\\\/index.php\\\/2021\\\/01\\\/05\\\/jpo-au-lycee-la-fayette-2021\\\/#article\",\"isPartOf\":{\"@id\":\"https:\\\/\\\/www.lyceelafayette.fr\\\/index.php\\\/2021\\\/01\\\/05\\\/jpo-au-lycee-la-fayette-2021\\\/\"},\"author\":{\"name\":\"Patrice B\u00e9nier\",\"@id\":\"https:\\\/\\\/www.lyceelafayette.fr\\\/#\\\/schema\\\/person\\\/5f4cb4b9d90036fb2c71cd40d4589e29\"},\"headline\":\"D\u00e9couvrez les formations De la 3\u00e8me au baccalaur\u00e9at\",\"datePublished\":\"2021-01-05T16:59:38+00:00\",\"dateModified\":\"2022-02-08T10:37:40+00:00\",\"mainEntityOfPage\":{\"@id\":\"https:\\\/\\\/www.lyceelafayette.fr\\\/index.php\\\/2021\\\/01\\\/05\\\/jpo-au-lycee-la-fayette-2021\\\/\"},\"wordCount\":64,\"publisher\":{\"@id\":\"https:\\\/\\\/www.lyceelafayette.fr\\\/#organization\"},\"image\":{\"@id\":\"https:\\\/\\\/www.lyceelafayette.fr\\\/index.php\\\/2021\\\/01\\\/05\\\/jpo-au-lycee-la-fayette-2021\\\/#primaryimage\"},\"thumbnailUrl\":\"https:\\\/\\\/www.lyceelafayette.fr\\\/wp-content\\\/uploads\\\/2021\\\/02\\\/affiche-jpo.png\",\"keywords\":[\"Journ\u00e9e Portes ouvertes\",\"JPO\",\"Lyc\u00e9e Lafayette\",\"orientation\"],\"articleSection\":[\"JPO\"],\"inLanguage\":\"fr-FR\"},{\"@type\":\"WebPage\",\"@id\":\"https:\\\/\\\/www.lyceelafayette.fr\\\/index.php\\\/2021\\\/01\\\/05\\\/jpo-au-lycee-la-fayette-2021\\\/\",\"url\":\"https:\\\/\\\/www.lyceelafayette.fr\\\/index.php\\\/2021\\\/01\\\/05\\\/jpo-au-lycee-la-fayette-2021\\\/\",\"name\":\"D\u00e9couvrez les formations De la 3\u00e8me au baccalaur\u00e9at - Lyc\u00e9e La Fayette\",\"isPartOf\":{\"@id\":\"https:\\\/\\\/www.lyceelafayette.fr\\\/#website\"},\"primaryImageOfPage\":{\"@id\":\"https:\\\/\\\/www.lyceelafayette.fr\\\/index.php\\\/2021\\\/01\\\/05\\\/jpo-au-lycee-la-fayette-2021\\\/#primaryimage\"},\"image\":{\"@id\":\"https:\\\/\\\/www.lyceelafayette.fr\\\/index.php\\\/2021\\\/01\\\/05\\\/jpo-au-lycee-la-fayette-2021\\\/#primaryimage\"},\"thumbnailUrl\":\"https:\\\/\\\/www.lyceelafayette.fr\\\/wp-content\\\/uploads\\\/2021\\\/02\\\/affiche-jpo.png\",\"datePublished\":\"2021-01-05T16:59:38+00:00\",\"dateModified\":\"2022-02-08T10:37:40+00:00\",\"breadcrumb\":{\"@id\":\"https:\\\/\\\/www.lyceelafayette.fr\\\/index.php\\\/2021\\\/01\\\/05\\\/jpo-au-lycee-la-fayette-2021\\\/#breadcrumb\"},\"inLanguage\":\"fr-FR\",\"potentialAction\":[{\"@type\":\"ReadAction\",\"target\":[\"https:\\\/\\\/www.lyceelafayette.fr\\\/index.php\\\/2021\\\/01\\\/05\\\/jpo-au-lycee-la-fayette-2021\\\/\"]}]},{\"@type\":\"ImageObject\",\"inLanguage\":\"fr-FR\",\"@id\":\"https:\\\/\\\/www.lyceelafayette.fr\\\/index.php\\\/2021\\\/01\\\/05\\\/jpo-au-lycee-la-fayette-2021\\\/#primaryimage\",\"url\":\"https:\\\/\\\/www.lyceelafayette.fr\\\/wp-content\\\/uploads\\\/2021\\\/02\\\/affiche-jpo.png\",\"contentUrl\":\"https:\\\/\\\/www.lyceelafayette.fr\\\/wp-content\\\/uploads\\\/2021\\\/02\\\/affiche-jpo.png\",\"width\":609,\"height\":862},{\"@type\":\"BreadcrumbList\",\"@id\":\"https:\\\/\\\/www.lyceelafayette.fr\\\/index.php\\\/2021\\\/01\\\/05\\\/jpo-au-lycee-la-fayette-2021\\\/#breadcrumb\",\"itemListElement\":[{\"@type\":\"ListItem\",\"position\":1,\"name\":\"Accueil\",\"item\":\"https:\\\/\\\/www.lyceelafayette.fr\\\/\"},{\"@type\":\"ListItem\",\"position\":2,\"name\":\"D\u00e9couvrez les formations De la 3\u00e8me au baccalaur\u00e9at\"}]},{\"@type\":\"WebSite\",\"@id\":\"https:\\\/\\\/www.lyceelafayette.fr\\\/#website\",\"url\":\"https:\\\/\\\/www.lyceelafayette.fr\\\/\",\"name\":\"Lyc\u00e9e La Fayette\",\"description\":\"\",\"publisher\":{\"@id\":\"https:\\\/\\\/www.lyceelafayette.fr\\\/#organization\"},\"potentialAction\":[{\"@type\":\"SearchAction\",\"target\":{\"@type\":\"EntryPoint\",\"urlTemplate\":\"https:\\\/\\\/www.lyceelafayette.fr\\\/?s={search_term_string}\"},\"query-input\":{\"@type\":\"PropertyValueSpecification\",\"valueRequired\":true,\"valueName\":\"search_term_string\"}}],\"inLanguage\":\"fr-FR\"},{\"@type\":\"Organization\",\"@id\":\"https:\\\/\\\/www.lyceelafayette.fr\\\/#organization\",\"name\":\"Lyc\u00e9e La Fayette\",\"url\":\"https:\\\/\\\/www.lyceelafayette.fr\\\/\",\"logo\":{\"@type\":\"ImageObject\",\"inLanguage\":\"fr-FR\",\"@id\":\"https:\\\/\\\/www.lyceelafayette.fr\\\/#\\\/schema\\\/logo\\\/image\\\/\",\"url\":\"https:\\\/\\\/www.lyceelafayette.fr\\\/wp-content\\\/uploads\\\/2019\\\/06\\\/llf_logo_alpha.png\",\"contentUrl\":\"https:\\\/\\\/www.lyceelafayette.fr\\\/wp-content\\\/uploads\\\/2019\\\/06\\\/llf_logo_alpha.png\",\"width\":1583,\"height\":792,\"caption\":\"Lyc\u00e9e La Fayette\"},\"image\":{\"@id\":\"https:\\\/\\\/www.lyceelafayette.fr\\\/#\\\/schema\\\/logo\\\/image\\\/\"},\"sameAs\":[\"https:\\\/\\\/www.youtube.com\\\/channel\\\/UC2AOQowoMGBKdY4ToZsf9mw\"]},{\"@type\":\"Person\",\"@id\":\"https:\\\/\\\/www.lyceelafayette.fr\\\/#\\\/schema\\\/person\\\/5f4cb4b9d90036fb2c71cd40d4589e29\",\"name\":\"Patrice B\u00e9nier\",\"image\":{\"@type\":\"ImageObject\",\"inLanguage\":\"fr-FR\",\"@id\":\"https:\\\/\\\/secure.gravatar.com\\\/avatar\\\/61a0bf0c04ca9c40f61223e7c767537479999b339cc880ec3d3bb92d00426ff7?s=96&d=blank&r=g\",\"url\":\"https:\\\/\\\/secure.gravatar.com\\\/avatar\\\/61a0bf0c04ca9c40f61223e7c767537479999b339cc880ec3d3bb92d00426ff7?s=96&d=blank&r=g\",\"contentUrl\":\"https:\\\/\\\/secure.gravatar.com\\\/avatar\\\/61a0bf0c04ca9c40f61223e7c767537479999b339cc880ec3d3bb92d00426ff7?s=96&d=blank&r=g\",\"caption\":\"Patrice B\u00e9nier\"},\"url\":\"https:\\\/\\\/www.lyceelafayette.fr\\\/index.php\\\/author\\\/patrice\\\/\"}]}<\/script>\n<!-- \/ Yoast SEO plugin. -->","yoast_head_json":{"title":"D\u00e9couvrez les formations De la 3\u00e8me au baccalaur\u00e9at - Lyc\u00e9e La Fayette","robots":{"index":"index","follow":"follow","max-snippet":"max-snippet:-1","max-image-preview":"max-image-preview:large","max-video-preview":"max-video-preview:-1"},"canonical":"https:\/\/www.lyceelafayette.fr\/index.php\/2021\/01\/05\/jpo-au-lycee-la-fayette-2021\/","og_locale":"fr_FR","og_type":"article","og_title":"D\u00e9couvrez les formations De la 3\u00e8me au baccalaur\u00e9at - Lyc\u00e9e La Fayette","og_description":"Le samedi 6 mars 2021 le lyc\u00e9e La Fayette ouvre ses portes toute la journ\u00e9e de 9h00 \u00e0 16h00 sur les sites de Champagne sur Seine et de Fontaineroux et vous pr\u00e9sente toutes ses formations et dipl\u00f4mes. Enseignants et \u00e9l\u00e8ves seront l\u00e0 pour vous accueillir. lire la suite","og_url":"https:\/\/www.lyceelafayette.fr\/index.php\/2021\/01\/05\/jpo-au-lycee-la-fayette-2021\/","og_site_name":"Lyc\u00e9e La Fayette","article_published_time":"2021-01-05T16:59:38+00:00","article_modified_time":"2022-02-08T10:37:40+00:00","og_image":[{"url":"https:\/\/www.lyceelafayette.fr\/wp-content\/uploads\/2021\/02\/affiche-jpo.png","type":"","width":"","height":""}],"author":"Patrice B\u00e9nier","twitter_card":"summary_large_image","twitter_misc":{"\u00c9crit par":"Patrice B\u00e9nier","Dur\u00e9e de lecture estim\u00e9e":"1 minute"},"schema":{"@context":"https:\/\/schema.org","@graph":[{"@type":"Article","@id":"https:\/\/www.lyceelafayette.fr\/index.php\/2021\/01\/05\/jpo-au-lycee-la-fayette-2021\/#article","isPartOf":{"@id":"https:\/\/www.lyceelafayette.fr\/index.php\/2021\/01\/05\/jpo-au-lycee-la-fayette-2021\/"},"author":{"name":"Patrice B\u00e9nier","@id":"https:\/\/www.lyceelafayette.fr\/#\/schema\/person\/5f4cb4b9d90036fb2c71cd40d4589e29"},"headline":"D\u00e9couvrez les formations De la 3\u00e8me au baccalaur\u00e9at","datePublished":"2021-01-05T16:59:38+00:00","dateModified":"2022-02-08T10:37:40+00:00","mainEntityOfPage":{"@id":"https:\/\/www.lyceelafayette.fr\/index.php\/2021\/01\/05\/jpo-au-lycee-la-fayette-2021\/"},"wordCount":64,"publisher":{"@id":"https:\/\/www.lyceelafayette.fr\/#organization"},"image":{"@id":"https:\/\/www.lyceelafayette.fr\/index.php\/2021\/01\/05\/jpo-au-lycee-la-fayette-2021\/#primaryimage"},"thumbnailUrl":"https:\/\/www.lyceelafayette.fr\/wp-content\/uploads\/2021\/02\/affiche-jpo.png","keywords":["Journ\u00e9e Portes ouvertes","JPO","Lyc\u00e9e Lafayette","orientation"],"articleSection":["JPO"],"inLanguage":"fr-FR"},{"@type":"WebPage","@id":"https:\/\/www.lyceelafayette.fr\/index.php\/2021\/01\/05\/jpo-au-lycee-la-fayette-2021\/","url":"https:\/\/www.lyceelafayette.fr\/index.php\/2021\/01\/05\/jpo-au-lycee-la-fayette-2021\/","name":"D\u00e9couvrez les formations De la 3\u00e8me au baccalaur\u00e9at - Lyc\u00e9e La Fayette","isPartOf":{"@id":"https:\/\/www.lyceelafayette.fr\/#website"},"primaryImageOfPage":{"@id":"https:\/\/www.lyceelafayette.fr\/index.php\/2021\/01\/05\/jpo-au-lycee-la-fayette-2021\/#primaryimage"},"image":{"@id":"https:\/\/www.lyceelafayette.fr\/index.php\/2021\/01\/05\/jpo-au-lycee-la-fayette-2021\/#primaryimage"},"thumbnailUrl":"https:\/\/www.lyceelafayette.fr\/wp-content\/uploads\/2021\/02\/affiche-jpo.png","datePublished":"2021-01-05T16:59:38+00:00","dateModified":"2022-02-08T10:37:40+00:00","breadcrumb":{"@id":"https:\/\/www.lyceelafayette.fr\/index.php\/2021\/01\/05\/jpo-au-lycee-la-fayette-2021\/#breadcrumb"},"inLanguage":"fr-FR","potentialAction":[{"@type":"ReadAction","target":["https:\/\/www.lyceelafayette.fr\/index.php\/2021\/01\/05\/jpo-au-lycee-la-fayette-2021\/"]}]},{"@type":"ImageObject","inLanguage":"fr-FR","@id":"https:\/\/www.lyceelafayette.fr\/index.php\/2021\/01\/05\/jpo-au-lycee-la-fayette-2021\/#primaryimage","url":"https:\/\/www.lyceelafayette.fr\/wp-content\/uploads\/2021\/02\/affiche-jpo.png","contentUrl":"https:\/\/www.lyceelafayette.fr\/wp-content\/uploads\/2021\/02\/affiche-jpo.png","width":609,"height":862},{"@type":"BreadcrumbList","@id":"https:\/\/www.lyceelafayette.fr\/index.php\/2021\/01\/05\/jpo-au-lycee-la-fayette-2021\/#breadcrumb","itemListElement":[{"@type":"ListItem","position":1,"name":"Accueil","item":"https:\/\/www.lyceelafayette.fr\/"},{"@type":"ListItem","position":2,"name":"D\u00e9couvrez les formations De la 3\u00e8me au baccalaur\u00e9at"}]},{"@type":"WebSite","@id":"https:\/\/www.lyceelafayette.fr\/#website","url":"https:\/\/www.lyceelafayette.fr\/","name":"Lyc\u00e9e La Fayette","description":"","publisher":{"@id":"https:\/\/www.lyceelafayette.fr\/#organization"},"potentialAction":[{"@type":"SearchAction","target":{"@type":"EntryPoint","urlTemplate":"https:\/\/www.lyceelafayette.fr\/?s={search_term_string}"},"query-input":{"@type":"PropertyValueSpecification","valueRequired":true,"valueName":"search_term_string"}}],"inLanguage":"fr-FR"},{"@type":"Organization","@id":"https:\/\/www.lyceelafayette.fr\/#organization","name":"Lyc\u00e9e La Fayette","url":"https:\/\/www.lyceelafayette.fr\/","logo":{"@type":"ImageObject","inLanguage":"fr-FR","@id":"https:\/\/www.lyceelafayette.fr\/#\/schema\/logo\/image\/","url":"https:\/\/www.lyceelafayette.fr\/wp-content\/uploads\/2019\/06\/llf_logo_alpha.png","contentUrl":"https:\/\/www.lyceelafayette.fr\/wp-content\/uploads\/2019\/06\/llf_logo_alpha.png","width":1583,"height":792,"caption":"Lyc\u00e9e La Fayette"},"image":{"@id":"https:\/\/www.lyceelafayette.fr\/#\/schema\/logo\/image\/"},"sameAs":["https:\/\/www.youtube.com\/channel\/UC2AOQowoMGBKdY4ToZsf9mw"]},{"@type":"Person","@id":"https:\/\/www.lyceelafayette.fr\/#\/schema\/person\/5f4cb4b9d90036fb2c71cd40d4589e29","name":"Patrice B\u00e9nier","image":{"@type":"ImageObject","inLanguage":"fr-FR","@id":"https:\/\/secure.gravatar.com\/avatar\/61a0bf0c04ca9c40f61223e7c767537479999b339cc880ec3d3bb92d00426ff7?s=96&d=blank&r=g","url":"https:\/\/secure.gravatar.com\/avatar\/61a0bf0c04ca9c40f61223e7c767537479999b339cc880ec3d3bb92d00426ff7?s=96&d=blank&r=g","contentUrl":"https:\/\/secure.gravatar.com\/avatar\/61a0bf0c04ca9c40f61223e7c767537479999b339cc880ec3d3bb92d00426ff7?s=96&d=blank&r=g","caption":"Patrice B\u00e9nier"},"url":"https:\/\/www.lyceelafayette.fr\/index.php\/author\/patrice\/"}]}},"_links":{"self":[{"href":"https:\/\/www.lyceelafayette.fr\/index.php\/wp-json\/wp\/v2\/posts\/3086","targetHints":{"allow":["GET"]}}],"collection":[{"href":"https:\/\/www.lyceelafayette.fr\/index.php\/wp-json\/wp\/v2\/posts"}],"about":[{"href":"https:\/\/www.lyceelafayette.fr\/index.php\/wp-json\/wp\/v2\/types\/post"}],"author":[{"embeddable":true,"href":"https:\/\/www.lyceelafayette.fr\/index.php\/wp-json\/wp\/v2\/users\/1"}],"replies":[{"embeddable":true,"href":"https:\/\/www.lyceelafayette.fr\/index.php\/wp-json\/wp\/v2\/comments?post=3086"}],"version-history":[{"count":90,"href":"https:\/\/www.lyceelafayette.fr\/index.php\/wp-json\/wp\/v2\/posts\/3086\/revisions"}],"predecessor-version":[{"id":5114,"href":"https:\/\/www.lyceelafayette.fr\/index.php\/wp-json\/wp\/v2\/posts\/3086\/revisions\/5114"}],"wp:attachment":[{"href":"https:\/\/www.lyceelafayette.fr\/index.php\/wp-json\/wp\/v2\/media?parent=3086"}],"wp:term":[{"taxonomy":"category","embeddable":true,"href":"https:\/\/www.lyceelafayette.fr\/index.php\/wp-json\/wp\/v2\/categories?post=3086"},{"taxonomy":"post_tag","embeddable":true,"href":"https:\/\/www.lyceelafayette.fr\/index.php\/wp-json\/wp\/v2\/tags?post=3086"}],"curies":[{"name":"wp","href":"https:\/\/api.w.org\/{rel}","templated":true}]}}