{"id":303,"date":"2019-01-18T20:57:31","date_gmt":"2019-01-18T19:57:31","guid":{"rendered":"http:\/\/www.lyceelafayette.fr\/?p=303"},"modified":"2019-12-20T13:59:30","modified_gmt":"2019-12-20T12:59:30","slug":"mini-stages-2019","status":"publish","type":"post","link":"https:\/\/www.lyceelafayette.fr\/index.php\/2019\/01\/18\/mini-stages-2019\/","title":{"rendered":"Mini stages 2019"},"content":{"rendered":"\n<figure class=\"wp-block-image\"><img loading=\"lazy\" decoding=\"async\" width=\"1240\" height=\"1753\" src=\"https:\/\/www.lyceelafayette.fr\/wp-content\/uploads\/2019\/01\/MiniStages2019.jpg\" alt=\"\" class=\"wp-image-304\"\/><\/figure>\n","protected":false},"excerpt":{"rendered":"<p> <a class=\"continue-reading-link\" href=\"https:\/\/www.lyceelafayette.fr\/index.php\/2019\/01\/18\/mini-stages-2019\/\">lire la suite<\/a><\/p>\n","protected":false},"author":1,"featured_media":0,"comment_status":"open","ping_status":"open","sticky":false,"template":"","format":"standard","meta":{"footnotes":""},"categories":[1],"tags":[8,69,68],"class_list":["post-303","post","type-post","status-publish","format-standard","hentry","category-non-classe","tag-8","tag-mini-stages","tag-stage"],"yoast_head":"<!-- This site is optimized with the Yoast SEO plugin v27.5 - https:\/\/yoast.com\/product\/yoast-seo-wordpress\/ -->\n<title>Mini stages 2019 - Lyc\u00e9e La Fayette<\/title>\n<meta name=\"robots\" content=\"index, follow, max-snippet:-1, max-image-preview:large, max-video-preview:-1\" \/>\n<link rel=\"canonical\" href=\"https:\/\/www.lyceelafayette.fr\/index.php\/2019\/01\/18\/mini-stages-2019\/\" \/>\n<meta property=\"og:locale\" content=\"fr_FR\" \/>\n<meta property=\"og:type\" content=\"article\" \/>\n<meta property=\"og:title\" content=\"Mini stages 2019 - Lyc\u00e9e La Fayette\" \/>\n<meta property=\"og:description\" content=\"lire la suite\" \/>\n<meta property=\"og:url\" content=\"https:\/\/www.lyceelafayette.fr\/index.php\/2019\/01\/18\/mini-stages-2019\/\" \/>\n<meta property=\"og:site_name\" content=\"Lyc\u00e9e La Fayette\" \/>\n<meta property=\"article:published_time\" content=\"2019-01-18T19:57:31+00:00\" \/>\n<meta property=\"article:modified_time\" content=\"2019-12-20T12:59:30+00:00\" \/>\n<meta property=\"og:image\" content=\"https:\/\/www.lyceelafayette.fr\/wp-content\/uploads\/2019\/01\/MiniStages2019.jpg\" \/>\n<meta name=\"author\" content=\"Patrice B\u00e9nier\" \/>\n<meta name=\"twitter:card\" content=\"summary_large_image\" \/>\n<meta name=\"twitter:label1\" content=\"\u00c9crit par\" \/>\n\t<meta name=\"twitter:data1\" content=\"Patrice B\u00e9nier\" \/>\n<script type=\"application\/ld+json\" class=\"yoast-schema-graph\">{\"@context\":\"https:\\\/\\\/schema.org\",\"@graph\":[{\"@type\":\"Article\",\"@id\":\"https:\\\/\\\/www.lyceelafayette.fr\\\/index.php\\\/2019\\\/01\\\/18\\\/mini-stages-2019\\\/#article\",\"isPartOf\":{\"@id\":\"https:\\\/\\\/www.lyceelafayette.fr\\\/index.php\\\/2019\\\/01\\\/18\\\/mini-stages-2019\\\/\"},\"author\":{\"name\":\"Patrice B\u00e9nier\",\"@id\":\"https:\\\/\\\/www.lyceelafayette.fr\\\/#\\\/schema\\\/person\\\/5f4cb4b9d90036fb2c71cd40d4589e29\"},\"headline\":\"Mini stages 2019\",\"datePublished\":\"2019-01-18T19:57:31+00:00\",\"dateModified\":\"2019-12-20T12:59:30+00:00\",\"mainEntityOfPage\":{\"@id\":\"https:\\\/\\\/www.lyceelafayette.fr\\\/index.php\\\/2019\\\/01\\\/18\\\/mini-stages-2019\\\/\"},\"wordCount\":2,\"commentCount\":0,\"publisher\":{\"@id\":\"https:\\\/\\\/www.lyceelafayette.fr\\\/#organization\"},\"image\":{\"@id\":\"https:\\\/\\\/www.lyceelafayette.fr\\\/index.php\\\/2019\\\/01\\\/18\\\/mini-stages-2019\\\/#primaryimage\"},\"thumbnailUrl\":\"https:\\\/\\\/www.lyceelafayette.fr\\\/wp-content\\\/uploads\\\/2019\\\/01\\\/MiniStages2019.jpg\",\"keywords\":[\"2019\",\"Mini stages\",\"stage\"],\"inLanguage\":\"fr-FR\",\"potentialAction\":[{\"@type\":\"CommentAction\",\"name\":\"Comment\",\"target\":[\"https:\\\/\\\/www.lyceelafayette.fr\\\/index.php\\\/2019\\\/01\\\/18\\\/mini-stages-2019\\\/#respond\"]}]},{\"@type\":\"WebPage\",\"@id\":\"https:\\\/\\\/www.lyceelafayette.fr\\\/index.php\\\/2019\\\/01\\\/18\\\/mini-stages-2019\\\/\",\"url\":\"https:\\\/\\\/www.lyceelafayette.fr\\\/index.php\\\/2019\\\/01\\\/18\\\/mini-stages-2019\\\/\",\"name\":\"Mini stages 2019 - Lyc\u00e9e La Fayette\",\"isPartOf\":{\"@id\":\"https:\\\/\\\/www.lyceelafayette.fr\\\/#website\"},\"primaryImageOfPage\":{\"@id\":\"https:\\\/\\\/www.lyceelafayette.fr\\\/index.php\\\/2019\\\/01\\\/18\\\/mini-stages-2019\\\/#primaryimage\"},\"image\":{\"@id\":\"https:\\\/\\\/www.lyceelafayette.fr\\\/index.php\\\/2019\\\/01\\\/18\\\/mini-stages-2019\\\/#primaryimage\"},\"thumbnailUrl\":\"https:\\\/\\\/www.lyceelafayette.fr\\\/wp-content\\\/uploads\\\/2019\\\/01\\\/MiniStages2019.jpg\",\"datePublished\":\"2019-01-18T19:57:31+00:00\",\"dateModified\":\"2019-12-20T12:59:30+00:00\",\"breadcrumb\":{\"@id\":\"https:\\\/\\\/www.lyceelafayette.fr\\\/index.php\\\/2019\\\/01\\\/18\\\/mini-stages-2019\\\/#breadcrumb\"},\"inLanguage\":\"fr-FR\",\"potentialAction\":[{\"@type\":\"ReadAction\",\"target\":[\"https:\\\/\\\/www.lyceelafayette.fr\\\/index.php\\\/2019\\\/01\\\/18\\\/mini-stages-2019\\\/\"]}]},{\"@type\":\"ImageObject\",\"inLanguage\":\"fr-FR\",\"@id\":\"https:\\\/\\\/www.lyceelafayette.fr\\\/index.php\\\/2019\\\/01\\\/18\\\/mini-stages-2019\\\/#primaryimage\",\"url\":\"https:\\\/\\\/www.lyceelafayette.fr\\\/wp-content\\\/uploads\\\/2019\\\/01\\\/MiniStages2019.jpg\",\"contentUrl\":\"https:\\\/\\\/www.lyceelafayette.fr\\\/wp-content\\\/uploads\\\/2019\\\/01\\\/MiniStages2019.jpg\",\"width\":1240,\"height\":1753},{\"@type\":\"BreadcrumbList\",\"@id\":\"https:\\\/\\\/www.lyceelafayette.fr\\\/index.php\\\/2019\\\/01\\\/18\\\/mini-stages-2019\\\/#breadcrumb\",\"itemListElement\":[{\"@type\":\"ListItem\",\"position\":1,\"name\":\"Accueil\",\"item\":\"https:\\\/\\\/www.lyceelafayette.fr\\\/\"},{\"@type\":\"ListItem\",\"position\":2,\"name\":\"Mini stages 2019\"}]},{\"@type\":\"WebSite\",\"@id\":\"https:\\\/\\\/www.lyceelafayette.fr\\\/#website\",\"url\":\"https:\\\/\\\/www.lyceelafayette.fr\\\/\",\"name\":\"Lyc\u00e9e La Fayette\",\"description\":\"\",\"publisher\":{\"@id\":\"https:\\\/\\\/www.lyceelafayette.fr\\\/#organization\"},\"potentialAction\":[{\"@type\":\"SearchAction\",\"target\":{\"@type\":\"EntryPoint\",\"urlTemplate\":\"https:\\\/\\\/www.lyceelafayette.fr\\\/?s={search_term_string}\"},\"query-input\":{\"@type\":\"PropertyValueSpecification\",\"valueRequired\":true,\"valueName\":\"search_term_string\"}}],\"inLanguage\":\"fr-FR\"},{\"@type\":\"Organization\",\"@id\":\"https:\\\/\\\/www.lyceelafayette.fr\\\/#organization\",\"name\":\"Lyc\u00e9e La Fayette\",\"url\":\"https:\\\/\\\/www.lyceelafayette.fr\\\/\",\"logo\":{\"@type\":\"ImageObject\",\"inLanguage\":\"fr-FR\",\"@id\":\"https:\\\/\\\/www.lyceelafayette.fr\\\/#\\\/schema\\\/logo\\\/image\\\/\",\"url\":\"https:\\\/\\\/www.lyceelafayette.fr\\\/wp-content\\\/uploads\\\/2019\\\/06\\\/llf_logo_alpha.png\",\"contentUrl\":\"https:\\\/\\\/www.lyceelafayette.fr\\\/wp-content\\\/uploads\\\/2019\\\/06\\\/llf_logo_alpha.png\",\"width\":1583,\"height\":792,\"caption\":\"Lyc\u00e9e La Fayette\"},\"image\":{\"@id\":\"https:\\\/\\\/www.lyceelafayette.fr\\\/#\\\/schema\\\/logo\\\/image\\\/\"},\"sameAs\":[\"https:\\\/\\\/www.youtube.com\\\/channel\\\/UC2AOQowoMGBKdY4ToZsf9mw\"]},{\"@type\":\"Person\",\"@id\":\"https:\\\/\\\/www.lyceelafayette.fr\\\/#\\\/schema\\\/person\\\/5f4cb4b9d90036fb2c71cd40d4589e29\",\"name\":\"Patrice B\u00e9nier\",\"image\":{\"@type\":\"ImageObject\",\"inLanguage\":\"fr-FR\",\"@id\":\"https:\\\/\\\/secure.gravatar.com\\\/avatar\\\/61a0bf0c04ca9c40f61223e7c767537479999b339cc880ec3d3bb92d00426ff7?s=96&d=blank&r=g\",\"url\":\"https:\\\/\\\/secure.gravatar.com\\\/avatar\\\/61a0bf0c04ca9c40f61223e7c767537479999b339cc880ec3d3bb92d00426ff7?s=96&d=blank&r=g\",\"contentUrl\":\"https:\\\/\\\/secure.gravatar.com\\\/avatar\\\/61a0bf0c04ca9c40f61223e7c767537479999b339cc880ec3d3bb92d00426ff7?s=96&d=blank&r=g\",\"caption\":\"Patrice B\u00e9nier\"},\"url\":\"https:\\\/\\\/www.lyceelafayette.fr\\\/index.php\\\/author\\\/patrice\\\/\"}]}<\/script>\n<!-- \/ Yoast SEO plugin. -->","yoast_head_json":{"title":"Mini stages 2019 - Lyc\u00e9e La Fayette","robots":{"index":"index","follow":"follow","max-snippet":"max-snippet:-1","max-image-preview":"max-image-preview:large","max-video-preview":"max-video-preview:-1"},"canonical":"https:\/\/www.lyceelafayette.fr\/index.php\/2019\/01\/18\/mini-stages-2019\/","og_locale":"fr_FR","og_type":"article","og_title":"Mini stages 2019 - Lyc\u00e9e La Fayette","og_description":"lire la suite","og_url":"https:\/\/www.lyceelafayette.fr\/index.php\/2019\/01\/18\/mini-stages-2019\/","og_site_name":"Lyc\u00e9e La Fayette","article_published_time":"2019-01-18T19:57:31+00:00","article_modified_time":"2019-12-20T12:59:30+00:00","og_image":[{"url":"https:\/\/www.lyceelafayette.fr\/wp-content\/uploads\/2019\/01\/MiniStages2019.jpg","type":"","width":"","height":""}],"author":"Patrice B\u00e9nier","twitter_card":"summary_large_image","twitter_misc":{"\u00c9crit par":"Patrice B\u00e9nier"},"schema":{"@context":"https:\/\/schema.org","@graph":[{"@type":"Article","@id":"https:\/\/www.lyceelafayette.fr\/index.php\/2019\/01\/18\/mini-stages-2019\/#article","isPartOf":{"@id":"https:\/\/www.lyceelafayette.fr\/index.php\/2019\/01\/18\/mini-stages-2019\/"},"author":{"name":"Patrice B\u00e9nier","@id":"https:\/\/www.lyceelafayette.fr\/#\/schema\/person\/5f4cb4b9d90036fb2c71cd40d4589e29"},"headline":"Mini stages 2019","datePublished":"2019-01-18T19:57:31+00:00","dateModified":"2019-12-20T12:59:30+00:00","mainEntityOfPage":{"@id":"https:\/\/www.lyceelafayette.fr\/index.php\/2019\/01\/18\/mini-stages-2019\/"},"wordCount":2,"commentCount":0,"publisher":{"@id":"https:\/\/www.lyceelafayette.fr\/#organization"},"image":{"@id":"https:\/\/www.lyceelafayette.fr\/index.php\/2019\/01\/18\/mini-stages-2019\/#primaryimage"},"thumbnailUrl":"https:\/\/www.lyceelafayette.fr\/wp-content\/uploads\/2019\/01\/MiniStages2019.jpg","keywords":["2019","Mini stages","stage"],"inLanguage":"fr-FR","potentialAction":[{"@type":"CommentAction","name":"Comment","target":["https:\/\/www.lyceelafayette.fr\/index.php\/2019\/01\/18\/mini-stages-2019\/#respond"]}]},{"@type":"WebPage","@id":"https:\/\/www.lyceelafayette.fr\/index.php\/2019\/01\/18\/mini-stages-2019\/","url":"https:\/\/www.lyceelafayette.fr\/index.php\/2019\/01\/18\/mini-stages-2019\/","name":"Mini stages 2019 - Lyc\u00e9e La Fayette","isPartOf":{"@id":"https:\/\/www.lyceelafayette.fr\/#website"},"primaryImageOfPage":{"@id":"https:\/\/www.lyceelafayette.fr\/index.php\/2019\/01\/18\/mini-stages-2019\/#primaryimage"},"image":{"@id":"https:\/\/www.lyceelafayette.fr\/index.php\/2019\/01\/18\/mini-stages-2019\/#primaryimage"},"thumbnailUrl":"https:\/\/www.lyceelafayette.fr\/wp-content\/uploads\/2019\/01\/MiniStages2019.jpg","datePublished":"2019-01-18T19:57:31+00:00","dateModified":"2019-12-20T12:59:30+00:00","breadcrumb":{"@id":"https:\/\/www.lyceelafayette.fr\/index.php\/2019\/01\/18\/mini-stages-2019\/#breadcrumb"},"inLanguage":"fr-FR","potentialAction":[{"@type":"ReadAction","target":["https:\/\/www.lyceelafayette.fr\/index.php\/2019\/01\/18\/mini-stages-2019\/"]}]},{"@type":"ImageObject","inLanguage":"fr-FR","@id":"https:\/\/www.lyceelafayette.fr\/index.php\/2019\/01\/18\/mini-stages-2019\/#primaryimage","url":"https:\/\/www.lyceelafayette.fr\/wp-content\/uploads\/2019\/01\/MiniStages2019.jpg","contentUrl":"https:\/\/www.lyceelafayette.fr\/wp-content\/uploads\/2019\/01\/MiniStages2019.jpg","width":1240,"height":1753},{"@type":"BreadcrumbList","@id":"https:\/\/www.lyceelafayette.fr\/index.php\/2019\/01\/18\/mini-stages-2019\/#breadcrumb","itemListElement":[{"@type":"ListItem","position":1,"name":"Accueil","item":"https:\/\/www.lyceelafayette.fr\/"},{"@type":"ListItem","position":2,"name":"Mini stages 2019"}]},{"@type":"WebSite","@id":"https:\/\/www.lyceelafayette.fr\/#website","url":"https:\/\/www.lyceelafayette.fr\/","name":"Lyc\u00e9e La Fayette","description":"","publisher":{"@id":"https:\/\/www.lyceelafayette.fr\/#organization"},"potentialAction":[{"@type":"SearchAction","target":{"@type":"EntryPoint","urlTemplate":"https:\/\/www.lyceelafayette.fr\/?s={search_term_string}"},"query-input":{"@type":"PropertyValueSpecification","valueRequired":true,"valueName":"search_term_string"}}],"inLanguage":"fr-FR"},{"@type":"Organization","@id":"https:\/\/www.lyceelafayette.fr\/#organization","name":"Lyc\u00e9e La Fayette","url":"https:\/\/www.lyceelafayette.fr\/","logo":{"@type":"ImageObject","inLanguage":"fr-FR","@id":"https:\/\/www.lyceelafayette.fr\/#\/schema\/logo\/image\/","url":"https:\/\/www.lyceelafayette.fr\/wp-content\/uploads\/2019\/06\/llf_logo_alpha.png","contentUrl":"https:\/\/www.lyceelafayette.fr\/wp-content\/uploads\/2019\/06\/llf_logo_alpha.png","width":1583,"height":792,"caption":"Lyc\u00e9e La Fayette"},"image":{"@id":"https:\/\/www.lyceelafayette.fr\/#\/schema\/logo\/image\/"},"sameAs":["https:\/\/www.youtube.com\/channel\/UC2AOQowoMGBKdY4ToZsf9mw"]},{"@type":"Person","@id":"https:\/\/www.lyceelafayette.fr\/#\/schema\/person\/5f4cb4b9d90036fb2c71cd40d4589e29","name":"Patrice B\u00e9nier","image":{"@type":"ImageObject","inLanguage":"fr-FR","@id":"https:\/\/secure.gravatar.com\/avatar\/61a0bf0c04ca9c40f61223e7c767537479999b339cc880ec3d3bb92d00426ff7?s=96&d=blank&r=g","url":"https:\/\/secure.gravatar.com\/avatar\/61a0bf0c04ca9c40f61223e7c767537479999b339cc880ec3d3bb92d00426ff7?s=96&d=blank&r=g","contentUrl":"https:\/\/secure.gravatar.com\/avatar\/61a0bf0c04ca9c40f61223e7c767537479999b339cc880ec3d3bb92d00426ff7?s=96&d=blank&r=g","caption":"Patrice B\u00e9nier"},"url":"https:\/\/www.lyceelafayette.fr\/index.php\/author\/patrice\/"}]}},"_links":{"self":[{"href":"https:\/\/www.lyceelafayette.fr\/index.php\/wp-json\/wp\/v2\/posts\/303","targetHints":{"allow":["GET"]}}],"collection":[{"href":"https:\/\/www.lyceelafayette.fr\/index.php\/wp-json\/wp\/v2\/posts"}],"about":[{"href":"https:\/\/www.lyceelafayette.fr\/index.php\/wp-json\/wp\/v2\/types\/post"}],"author":[{"embeddable":true,"href":"https:\/\/www.lyceelafayette.fr\/index.php\/wp-json\/wp\/v2\/users\/1"}],"replies":[{"embeddable":true,"href":"https:\/\/www.lyceelafayette.fr\/index.php\/wp-json\/wp\/v2\/comments?post=303"}],"version-history":[{"count":6,"href":"https:\/\/www.lyceelafayette.fr\/index.php\/wp-json\/wp\/v2\/posts\/303\/revisions"}],"predecessor-version":[{"id":337,"href":"https:\/\/www.lyceelafayette.fr\/index.php\/wp-json\/wp\/v2\/posts\/303\/revisions\/337"}],"wp:attachment":[{"href":"https:\/\/www.lyceelafayette.fr\/index.php\/wp-json\/wp\/v2\/media?parent=303"}],"wp:term":[{"taxonomy":"category","embeddable":true,"href":"https:\/\/www.lyceelafayette.fr\/index.php\/wp-json\/wp\/v2\/categories?post=303"},{"taxonomy":"post_tag","embeddable":true,"href":"https:\/\/www.lyceelafayette.fr\/index.php\/wp-json\/wp\/v2\/tags?post=303"}],"curies":[{"name":"wp","href":"https:\/\/api.w.org\/{rel}","templated":true}]}}