{"id":2399,"date":"2020-03-12T13:42:47","date_gmt":"2020-03-12T12:42:47","guid":{"rendered":"https:\/\/www.lyceelafayette.fr\/?p=2399"},"modified":"2020-03-12T13:42:49","modified_gmt":"2020-03-12T12:42:49","slug":"journee-portes-ouvertes-2020","status":"publish","type":"post","link":"https:\/\/www.lyceelafayette.fr\/index.php\/2020\/03\/12\/journee-portes-ouvertes-2020\/","title":{"rendered":"Journ\u00e9e portes ouvertes 2020"},"content":{"rendered":"\n<p>La journ\u00e9e portes ouvertes du lyc\u00e9e La Fayette s\u2019est d\u00e9roul\u00e9e comme pr\u00e9vu le samedi 29 f\u00e9vrier 2020.<\/p>\n\n\n\n<figure class=\"wp-block-image size-large\"><img loading=\"lazy\" decoding=\"async\" width=\"724\" height=\"1024\" src=\"https:\/\/www.lyceelafayette.fr\/wp-content\/uploads\/2020\/03\/Bilan-en-photo-JPO-2020-CHP-724x1024.jpg\" alt=\"\" class=\"wp-image-2400\" srcset=\"https:\/\/www.lyceelafayette.fr\/wp-content\/uploads\/2020\/03\/Bilan-en-photo-JPO-2020-CHP-724x1024.jpg 724w, https:\/\/www.lyceelafayette.fr\/wp-content\/uploads\/2020\/03\/Bilan-en-photo-JPO-2020-CHP-212x300.jpg 212w, https:\/\/www.lyceelafayette.fr\/wp-content\/uploads\/2020\/03\/Bilan-en-photo-JPO-2020-CHP-768x1086.jpg 768w, https:\/\/www.lyceelafayette.fr\/wp-content\/uploads\/2020\/03\/Bilan-en-photo-JPO-2020-CHP-1086x1536.jpg 1086w, https:\/\/www.lyceelafayette.fr\/wp-content\/uploads\/2020\/03\/Bilan-en-photo-JPO-2020-CHP-1448x2048.jpg 1448w, https:\/\/www.lyceelafayette.fr\/wp-content\/uploads\/2020\/03\/Bilan-en-photo-JPO-2020-CHP-106x150.jpg 106w, https:\/\/www.lyceelafayette.fr\/wp-content\/uploads\/2020\/03\/Bilan-en-photo-JPO-2020-CHP-scaled.jpg 1810w\" sizes=\"auto, (max-width: 724px) 100vw, 724px\" \/><\/figure>\n\n\n\n<p>Pr\u00e8s d\u2019un millier de visiteurs ont pu d\u00e9couvrir nos formations pr\u00e9sent\u00e9es par les \u00e9l\u00e8ves et les professeurs du lyc\u00e9e. Et plusieurs familles ont pu se rendre \u00e0 Champagne-sur-Seine et \u00e0 Fontaineroux gr\u00e2ce aux deux navettes gratuites mises \u00e0 disposition pour cette journ\u00e9e.<\/p>\n\n\n\n<p>Les deux internats ont \u00e9galement \u00e9t\u00e9 ouverts aux familles int\u00e9ress\u00e9es.<\/p>\n\n\n\n<p>Quelques photos de cette journ\u00e9e, prises sur nos deux sites de formation, qui illustrent ces \u00e9changes fructueux :<\/p>\n\n\n\n<figure class=\"wp-block-image size-large\"><img loading=\"lazy\" decoding=\"async\" width=\"724\" height=\"1024\" src=\"https:\/\/www.lyceelafayette.fr\/wp-content\/uploads\/2020\/03\/Bilan-en-photo-JPO-2020-FTX-724x1024.jpg\" alt=\"\" class=\"wp-image-2401\" srcset=\"https:\/\/www.lyceelafayette.fr\/wp-content\/uploads\/2020\/03\/Bilan-en-photo-JPO-2020-FTX-724x1024.jpg 724w, https:\/\/www.lyceelafayette.fr\/wp-content\/uploads\/2020\/03\/Bilan-en-photo-JPO-2020-FTX-212x300.jpg 212w, https:\/\/www.lyceelafayette.fr\/wp-content\/uploads\/2020\/03\/Bilan-en-photo-JPO-2020-FTX-768x1086.jpg 768w, https:\/\/www.lyceelafayette.fr\/wp-content\/uploads\/2020\/03\/Bilan-en-photo-JPO-2020-FTX-1086x1536.jpg 1086w, https:\/\/www.lyceelafayette.fr\/wp-content\/uploads\/2020\/03\/Bilan-en-photo-JPO-2020-FTX-1448x2048.jpg 1448w, https:\/\/www.lyceelafayette.fr\/wp-content\/uploads\/2020\/03\/Bilan-en-photo-JPO-2020-FTX-106x150.jpg 106w, https:\/\/www.lyceelafayette.fr\/wp-content\/uploads\/2020\/03\/Bilan-en-photo-JPO-2020-FTX-scaled.jpg 1810w\" sizes=\"auto, (max-width: 724px) 100vw, 724px\" \/><\/figure>\n\n\n\n<p><\/p>\n","protected":false},"excerpt":{"rendered":"<p>La journ\u00e9e portes ouvertes du lyc\u00e9e La Fayette s\u2019est d\u00e9roul\u00e9e comme pr\u00e9vu le samedi 29 f\u00e9vrier 2020. Pr\u00e8s d\u2019un millier de visiteurs ont pu d\u00e9couvrir nos formations pr\u00e9sent\u00e9es par les \u00e9l\u00e8ves et les professeurs du lyc\u00e9e. Et plusieurs familles ont pu se rendre \u00e0 Champagne-sur-Seine et \u00e0 Fontaineroux gr\u00e2ce aux&#8230; <a class=\"continue-reading-link\" href=\"https:\/\/www.lyceelafayette.fr\/index.php\/2020\/03\/12\/journee-portes-ouvertes-2020\/\">lire la suite<\/a><\/p>\n","protected":false},"author":8,"featured_media":2400,"comment_status":"closed","ping_status":"open","sticky":false,"template":"","format":"standard","meta":{"footnotes":""},"categories":[1],"tags":[10,79],"class_list":["post-2399","post","type-post","status-publish","format-standard","has-post-thumbnail","hentry","category-non-classe","tag-10","tag-jpo"],"yoast_head":"<!-- This site is optimized with the Yoast SEO plugin v27.5 - https:\/\/yoast.com\/product\/yoast-seo-wordpress\/ -->\n<title>Journ\u00e9e portes ouvertes 2020 - Lyc\u00e9e La Fayette<\/title>\n<meta name=\"robots\" content=\"index, follow, max-snippet:-1, max-image-preview:large, max-video-preview:-1\" \/>\n<link rel=\"canonical\" href=\"https:\/\/www.lyceelafayette.fr\/index.php\/2020\/03\/12\/journee-portes-ouvertes-2020\/\" \/>\n<meta property=\"og:locale\" content=\"fr_FR\" \/>\n<meta property=\"og:type\" content=\"article\" \/>\n<meta property=\"og:title\" content=\"Journ\u00e9e portes ouvertes 2020 - Lyc\u00e9e La Fayette\" \/>\n<meta property=\"og:description\" content=\"La journ\u00e9e portes ouvertes du lyc\u00e9e La Fayette s\u2019est d\u00e9roul\u00e9e comme pr\u00e9vu le samedi 29 f\u00e9vrier 2020. Pr\u00e8s d\u2019un millier de visiteurs ont pu d\u00e9couvrir nos formations pr\u00e9sent\u00e9es par les \u00e9l\u00e8ves et les professeurs du lyc\u00e9e. Et plusieurs familles ont pu se rendre \u00e0 Champagne-sur-Seine et \u00e0 Fontaineroux gr\u00e2ce aux... lire la suite\" \/>\n<meta property=\"og:url\" content=\"https:\/\/www.lyceelafayette.fr\/index.php\/2020\/03\/12\/journee-portes-ouvertes-2020\/\" \/>\n<meta property=\"og:site_name\" content=\"Lyc\u00e9e La Fayette\" \/>\n<meta property=\"article:published_time\" content=\"2020-03-12T12:42:47+00:00\" \/>\n<meta property=\"article:modified_time\" content=\"2020-03-12T12:42:49+00:00\" \/>\n<meta property=\"og:image\" content=\"https:\/\/www.lyceelafayette.fr\/wp-content\/uploads\/2020\/03\/Bilan-en-photo-JPO-2020-CHP-scaled.jpg\" \/>\n\t<meta property=\"og:image:width\" content=\"1810\" \/>\n\t<meta property=\"og:image:height\" content=\"2560\" \/>\n\t<meta property=\"og:image:type\" content=\"image\/jpeg\" \/>\n<meta name=\"author\" content=\"Alexandre Facchin\" \/>\n<meta name=\"twitter:card\" content=\"summary_large_image\" \/>\n<meta name=\"twitter:label1\" content=\"\u00c9crit par\" \/>\n\t<meta name=\"twitter:data1\" content=\"Alexandre Facchin\" \/>\n\t<meta name=\"twitter:label2\" content=\"Dur\u00e9e de lecture estim\u00e9e\" \/>\n\t<meta name=\"twitter:data2\" content=\"1 minute\" \/>\n<script type=\"application\/ld+json\" class=\"yoast-schema-graph\">{\"@context\":\"https:\\\/\\\/schema.org\",\"@graph\":[{\"@type\":\"Article\",\"@id\":\"https:\\\/\\\/www.lyceelafayette.fr\\\/index.php\\\/2020\\\/03\\\/12\\\/journee-portes-ouvertes-2020\\\/#article\",\"isPartOf\":{\"@id\":\"https:\\\/\\\/www.lyceelafayette.fr\\\/index.php\\\/2020\\\/03\\\/12\\\/journee-portes-ouvertes-2020\\\/\"},\"author\":{\"name\":\"Alexandre Facchin\",\"@id\":\"https:\\\/\\\/www.lyceelafayette.fr\\\/#\\\/schema\\\/person\\\/ce6db8a1157d50329e1fd65f9a9b5df8\"},\"headline\":\"Journ\u00e9e portes ouvertes 2020\",\"datePublished\":\"2020-03-12T12:42:47+00:00\",\"dateModified\":\"2020-03-12T12:42:49+00:00\",\"mainEntityOfPage\":{\"@id\":\"https:\\\/\\\/www.lyceelafayette.fr\\\/index.php\\\/2020\\\/03\\\/12\\\/journee-portes-ouvertes-2020\\\/\"},\"wordCount\":104,\"publisher\":{\"@id\":\"https:\\\/\\\/www.lyceelafayette.fr\\\/#organization\"},\"image\":{\"@id\":\"https:\\\/\\\/www.lyceelafayette.fr\\\/index.php\\\/2020\\\/03\\\/12\\\/journee-portes-ouvertes-2020\\\/#primaryimage\"},\"thumbnailUrl\":\"https:\\\/\\\/www.lyceelafayette.fr\\\/wp-content\\\/uploads\\\/2020\\\/03\\\/Bilan-en-photo-JPO-2020-CHP-scaled.jpg\",\"keywords\":[\"2020\",\"JPO\"],\"inLanguage\":\"fr-FR\"},{\"@type\":\"WebPage\",\"@id\":\"https:\\\/\\\/www.lyceelafayette.fr\\\/index.php\\\/2020\\\/03\\\/12\\\/journee-portes-ouvertes-2020\\\/\",\"url\":\"https:\\\/\\\/www.lyceelafayette.fr\\\/index.php\\\/2020\\\/03\\\/12\\\/journee-portes-ouvertes-2020\\\/\",\"name\":\"Journ\u00e9e portes ouvertes 2020 - Lyc\u00e9e La Fayette\",\"isPartOf\":{\"@id\":\"https:\\\/\\\/www.lyceelafayette.fr\\\/#website\"},\"primaryImageOfPage\":{\"@id\":\"https:\\\/\\\/www.lyceelafayette.fr\\\/index.php\\\/2020\\\/03\\\/12\\\/journee-portes-ouvertes-2020\\\/#primaryimage\"},\"image\":{\"@id\":\"https:\\\/\\\/www.lyceelafayette.fr\\\/index.php\\\/2020\\\/03\\\/12\\\/journee-portes-ouvertes-2020\\\/#primaryimage\"},\"thumbnailUrl\":\"https:\\\/\\\/www.lyceelafayette.fr\\\/wp-content\\\/uploads\\\/2020\\\/03\\\/Bilan-en-photo-JPO-2020-CHP-scaled.jpg\",\"datePublished\":\"2020-03-12T12:42:47+00:00\",\"dateModified\":\"2020-03-12T12:42:49+00:00\",\"breadcrumb\":{\"@id\":\"https:\\\/\\\/www.lyceelafayette.fr\\\/index.php\\\/2020\\\/03\\\/12\\\/journee-portes-ouvertes-2020\\\/#breadcrumb\"},\"inLanguage\":\"fr-FR\",\"potentialAction\":[{\"@type\":\"ReadAction\",\"target\":[\"https:\\\/\\\/www.lyceelafayette.fr\\\/index.php\\\/2020\\\/03\\\/12\\\/journee-portes-ouvertes-2020\\\/\"]}]},{\"@type\":\"ImageObject\",\"inLanguage\":\"fr-FR\",\"@id\":\"https:\\\/\\\/www.lyceelafayette.fr\\\/index.php\\\/2020\\\/03\\\/12\\\/journee-portes-ouvertes-2020\\\/#primaryimage\",\"url\":\"https:\\\/\\\/www.lyceelafayette.fr\\\/wp-content\\\/uploads\\\/2020\\\/03\\\/Bilan-en-photo-JPO-2020-CHP-scaled.jpg\",\"contentUrl\":\"https:\\\/\\\/www.lyceelafayette.fr\\\/wp-content\\\/uploads\\\/2020\\\/03\\\/Bilan-en-photo-JPO-2020-CHP-scaled.jpg\",\"width\":1810,\"height\":2560},{\"@type\":\"BreadcrumbList\",\"@id\":\"https:\\\/\\\/www.lyceelafayette.fr\\\/index.php\\\/2020\\\/03\\\/12\\\/journee-portes-ouvertes-2020\\\/#breadcrumb\",\"itemListElement\":[{\"@type\":\"ListItem\",\"position\":1,\"name\":\"Accueil\",\"item\":\"https:\\\/\\\/www.lyceelafayette.fr\\\/\"},{\"@type\":\"ListItem\",\"position\":2,\"name\":\"Journ\u00e9e portes ouvertes 2020\"}]},{\"@type\":\"WebSite\",\"@id\":\"https:\\\/\\\/www.lyceelafayette.fr\\\/#website\",\"url\":\"https:\\\/\\\/www.lyceelafayette.fr\\\/\",\"name\":\"Lyc\u00e9e La Fayette\",\"description\":\"\",\"publisher\":{\"@id\":\"https:\\\/\\\/www.lyceelafayette.fr\\\/#organization\"},\"potentialAction\":[{\"@type\":\"SearchAction\",\"target\":{\"@type\":\"EntryPoint\",\"urlTemplate\":\"https:\\\/\\\/www.lyceelafayette.fr\\\/?s={search_term_string}\"},\"query-input\":{\"@type\":\"PropertyValueSpecification\",\"valueRequired\":true,\"valueName\":\"search_term_string\"}}],\"inLanguage\":\"fr-FR\"},{\"@type\":\"Organization\",\"@id\":\"https:\\\/\\\/www.lyceelafayette.fr\\\/#organization\",\"name\":\"Lyc\u00e9e La Fayette\",\"url\":\"https:\\\/\\\/www.lyceelafayette.fr\\\/\",\"logo\":{\"@type\":\"ImageObject\",\"inLanguage\":\"fr-FR\",\"@id\":\"https:\\\/\\\/www.lyceelafayette.fr\\\/#\\\/schema\\\/logo\\\/image\\\/\",\"url\":\"https:\\\/\\\/www.lyceelafayette.fr\\\/wp-content\\\/uploads\\\/2019\\\/06\\\/llf_logo_alpha.png\",\"contentUrl\":\"https:\\\/\\\/www.lyceelafayette.fr\\\/wp-content\\\/uploads\\\/2019\\\/06\\\/llf_logo_alpha.png\",\"width\":1583,\"height\":792,\"caption\":\"Lyc\u00e9e La Fayette\"},\"image\":{\"@id\":\"https:\\\/\\\/www.lyceelafayette.fr\\\/#\\\/schema\\\/logo\\\/image\\\/\"},\"sameAs\":[\"https:\\\/\\\/www.youtube.com\\\/channel\\\/UC2AOQowoMGBKdY4ToZsf9mw\"]},{\"@type\":\"Person\",\"@id\":\"https:\\\/\\\/www.lyceelafayette.fr\\\/#\\\/schema\\\/person\\\/ce6db8a1157d50329e1fd65f9a9b5df8\",\"name\":\"Alexandre Facchin\",\"image\":{\"@type\":\"ImageObject\",\"inLanguage\":\"fr-FR\",\"@id\":\"https:\\\/\\\/secure.gravatar.com\\\/avatar\\\/c94ab2db74f6be2880cb92feeab1c3c9a55baee6dab0b6f9fbb80e1bc3336b7a?s=96&d=blank&r=g\",\"url\":\"https:\\\/\\\/secure.gravatar.com\\\/avatar\\\/c94ab2db74f6be2880cb92feeab1c3c9a55baee6dab0b6f9fbb80e1bc3336b7a?s=96&d=blank&r=g\",\"contentUrl\":\"https:\\\/\\\/secure.gravatar.com\\\/avatar\\\/c94ab2db74f6be2880cb92feeab1c3c9a55baee6dab0b6f9fbb80e1bc3336b7a?s=96&d=blank&r=g\",\"caption\":\"Alexandre Facchin\"},\"url\":\"https:\\\/\\\/www.lyceelafayette.fr\\\/index.php\\\/author\\\/admin\\\/\"}]}<\/script>\n<!-- \/ Yoast SEO plugin. -->","yoast_head_json":{"title":"Journ\u00e9e portes ouvertes 2020 - Lyc\u00e9e La Fayette","robots":{"index":"index","follow":"follow","max-snippet":"max-snippet:-1","max-image-preview":"max-image-preview:large","max-video-preview":"max-video-preview:-1"},"canonical":"https:\/\/www.lyceelafayette.fr\/index.php\/2020\/03\/12\/journee-portes-ouvertes-2020\/","og_locale":"fr_FR","og_type":"article","og_title":"Journ\u00e9e portes ouvertes 2020 - Lyc\u00e9e La Fayette","og_description":"La journ\u00e9e portes ouvertes du lyc\u00e9e La Fayette s\u2019est d\u00e9roul\u00e9e comme pr\u00e9vu le samedi 29 f\u00e9vrier 2020. Pr\u00e8s d\u2019un millier de visiteurs ont pu d\u00e9couvrir nos formations pr\u00e9sent\u00e9es par les \u00e9l\u00e8ves et les professeurs du lyc\u00e9e. Et plusieurs familles ont pu se rendre \u00e0 Champagne-sur-Seine et \u00e0 Fontaineroux gr\u00e2ce aux... lire la suite","og_url":"https:\/\/www.lyceelafayette.fr\/index.php\/2020\/03\/12\/journee-portes-ouvertes-2020\/","og_site_name":"Lyc\u00e9e La Fayette","article_published_time":"2020-03-12T12:42:47+00:00","article_modified_time":"2020-03-12T12:42:49+00:00","og_image":[{"width":1810,"height":2560,"url":"https:\/\/www.lyceelafayette.fr\/wp-content\/uploads\/2020\/03\/Bilan-en-photo-JPO-2020-CHP-scaled.jpg","type":"image\/jpeg"}],"author":"Alexandre Facchin","twitter_card":"summary_large_image","twitter_misc":{"\u00c9crit par":"Alexandre Facchin","Dur\u00e9e de lecture estim\u00e9e":"1 minute"},"schema":{"@context":"https:\/\/schema.org","@graph":[{"@type":"Article","@id":"https:\/\/www.lyceelafayette.fr\/index.php\/2020\/03\/12\/journee-portes-ouvertes-2020\/#article","isPartOf":{"@id":"https:\/\/www.lyceelafayette.fr\/index.php\/2020\/03\/12\/journee-portes-ouvertes-2020\/"},"author":{"name":"Alexandre Facchin","@id":"https:\/\/www.lyceelafayette.fr\/#\/schema\/person\/ce6db8a1157d50329e1fd65f9a9b5df8"},"headline":"Journ\u00e9e portes ouvertes 2020","datePublished":"2020-03-12T12:42:47+00:00","dateModified":"2020-03-12T12:42:49+00:00","mainEntityOfPage":{"@id":"https:\/\/www.lyceelafayette.fr\/index.php\/2020\/03\/12\/journee-portes-ouvertes-2020\/"},"wordCount":104,"publisher":{"@id":"https:\/\/www.lyceelafayette.fr\/#organization"},"image":{"@id":"https:\/\/www.lyceelafayette.fr\/index.php\/2020\/03\/12\/journee-portes-ouvertes-2020\/#primaryimage"},"thumbnailUrl":"https:\/\/www.lyceelafayette.fr\/wp-content\/uploads\/2020\/03\/Bilan-en-photo-JPO-2020-CHP-scaled.jpg","keywords":["2020","JPO"],"inLanguage":"fr-FR"},{"@type":"WebPage","@id":"https:\/\/www.lyceelafayette.fr\/index.php\/2020\/03\/12\/journee-portes-ouvertes-2020\/","url":"https:\/\/www.lyceelafayette.fr\/index.php\/2020\/03\/12\/journee-portes-ouvertes-2020\/","name":"Journ\u00e9e portes ouvertes 2020 - Lyc\u00e9e La Fayette","isPartOf":{"@id":"https:\/\/www.lyceelafayette.fr\/#website"},"primaryImageOfPage":{"@id":"https:\/\/www.lyceelafayette.fr\/index.php\/2020\/03\/12\/journee-portes-ouvertes-2020\/#primaryimage"},"image":{"@id":"https:\/\/www.lyceelafayette.fr\/index.php\/2020\/03\/12\/journee-portes-ouvertes-2020\/#primaryimage"},"thumbnailUrl":"https:\/\/www.lyceelafayette.fr\/wp-content\/uploads\/2020\/03\/Bilan-en-photo-JPO-2020-CHP-scaled.jpg","datePublished":"2020-03-12T12:42:47+00:00","dateModified":"2020-03-12T12:42:49+00:00","breadcrumb":{"@id":"https:\/\/www.lyceelafayette.fr\/index.php\/2020\/03\/12\/journee-portes-ouvertes-2020\/#breadcrumb"},"inLanguage":"fr-FR","potentialAction":[{"@type":"ReadAction","target":["https:\/\/www.lyceelafayette.fr\/index.php\/2020\/03\/12\/journee-portes-ouvertes-2020\/"]}]},{"@type":"ImageObject","inLanguage":"fr-FR","@id":"https:\/\/www.lyceelafayette.fr\/index.php\/2020\/03\/12\/journee-portes-ouvertes-2020\/#primaryimage","url":"https:\/\/www.lyceelafayette.fr\/wp-content\/uploads\/2020\/03\/Bilan-en-photo-JPO-2020-CHP-scaled.jpg","contentUrl":"https:\/\/www.lyceelafayette.fr\/wp-content\/uploads\/2020\/03\/Bilan-en-photo-JPO-2020-CHP-scaled.jpg","width":1810,"height":2560},{"@type":"BreadcrumbList","@id":"https:\/\/www.lyceelafayette.fr\/index.php\/2020\/03\/12\/journee-portes-ouvertes-2020\/#breadcrumb","itemListElement":[{"@type":"ListItem","position":1,"name":"Accueil","item":"https:\/\/www.lyceelafayette.fr\/"},{"@type":"ListItem","position":2,"name":"Journ\u00e9e portes ouvertes 2020"}]},{"@type":"WebSite","@id":"https:\/\/www.lyceelafayette.fr\/#website","url":"https:\/\/www.lyceelafayette.fr\/","name":"Lyc\u00e9e La Fayette","description":"","publisher":{"@id":"https:\/\/www.lyceelafayette.fr\/#organization"},"potentialAction":[{"@type":"SearchAction","target":{"@type":"EntryPoint","urlTemplate":"https:\/\/www.lyceelafayette.fr\/?s={search_term_string}"},"query-input":{"@type":"PropertyValueSpecification","valueRequired":true,"valueName":"search_term_string"}}],"inLanguage":"fr-FR"},{"@type":"Organization","@id":"https:\/\/www.lyceelafayette.fr\/#organization","name":"Lyc\u00e9e La Fayette","url":"https:\/\/www.lyceelafayette.fr\/","logo":{"@type":"ImageObject","inLanguage":"fr-FR","@id":"https:\/\/www.lyceelafayette.fr\/#\/schema\/logo\/image\/","url":"https:\/\/www.lyceelafayette.fr\/wp-content\/uploads\/2019\/06\/llf_logo_alpha.png","contentUrl":"https:\/\/www.lyceelafayette.fr\/wp-content\/uploads\/2019\/06\/llf_logo_alpha.png","width":1583,"height":792,"caption":"Lyc\u00e9e La Fayette"},"image":{"@id":"https:\/\/www.lyceelafayette.fr\/#\/schema\/logo\/image\/"},"sameAs":["https:\/\/www.youtube.com\/channel\/UC2AOQowoMGBKdY4ToZsf9mw"]},{"@type":"Person","@id":"https:\/\/www.lyceelafayette.fr\/#\/schema\/person\/ce6db8a1157d50329e1fd65f9a9b5df8","name":"Alexandre Facchin","image":{"@type":"ImageObject","inLanguage":"fr-FR","@id":"https:\/\/secure.gravatar.com\/avatar\/c94ab2db74f6be2880cb92feeab1c3c9a55baee6dab0b6f9fbb80e1bc3336b7a?s=96&d=blank&r=g","url":"https:\/\/secure.gravatar.com\/avatar\/c94ab2db74f6be2880cb92feeab1c3c9a55baee6dab0b6f9fbb80e1bc3336b7a?s=96&d=blank&r=g","contentUrl":"https:\/\/secure.gravatar.com\/avatar\/c94ab2db74f6be2880cb92feeab1c3c9a55baee6dab0b6f9fbb80e1bc3336b7a?s=96&d=blank&r=g","caption":"Alexandre Facchin"},"url":"https:\/\/www.lyceelafayette.fr\/index.php\/author\/admin\/"}]}},"_links":{"self":[{"href":"https:\/\/www.lyceelafayette.fr\/index.php\/wp-json\/wp\/v2\/posts\/2399","targetHints":{"allow":["GET"]}}],"collection":[{"href":"https:\/\/www.lyceelafayette.fr\/index.php\/wp-json\/wp\/v2\/posts"}],"about":[{"href":"https:\/\/www.lyceelafayette.fr\/index.php\/wp-json\/wp\/v2\/types\/post"}],"author":[{"embeddable":true,"href":"https:\/\/www.lyceelafayette.fr\/index.php\/wp-json\/wp\/v2\/users\/8"}],"replies":[{"embeddable":true,"href":"https:\/\/www.lyceelafayette.fr\/index.php\/wp-json\/wp\/v2\/comments?post=2399"}],"version-history":[{"count":3,"href":"https:\/\/www.lyceelafayette.fr\/index.php\/wp-json\/wp\/v2\/posts\/2399\/revisions"}],"predecessor-version":[{"id":2411,"href":"https:\/\/www.lyceelafayette.fr\/index.php\/wp-json\/wp\/v2\/posts\/2399\/revisions\/2411"}],"wp:featuredmedia":[{"embeddable":true,"href":"https:\/\/www.lyceelafayette.fr\/index.php\/wp-json\/wp\/v2\/media\/2400"}],"wp:attachment":[{"href":"https:\/\/www.lyceelafayette.fr\/index.php\/wp-json\/wp\/v2\/media?parent=2399"}],"wp:term":[{"taxonomy":"category","embeddable":true,"href":"https:\/\/www.lyceelafayette.fr\/index.php\/wp-json\/wp\/v2\/categories?post=2399"},{"taxonomy":"post_tag","embeddable":true,"href":"https:\/\/www.lyceelafayette.fr\/index.php\/wp-json\/wp\/v2\/tags?post=2399"}],"curies":[{"name":"wp","href":"https:\/\/api.w.org\/{rel}","templated":true}]}}