{"id":2388,"date":"2020-03-05T14:39:46","date_gmt":"2020-03-05T13:39:46","guid":{"rendered":"https:\/\/www.lyceelafayette.fr\/?p=2388"},"modified":"2020-03-05T14:39:47","modified_gmt":"2020-03-05T13:39:47","slug":"retrospective-projet-melec-2019","status":"publish","type":"post","link":"https:\/\/www.lyceelafayette.fr\/index.php\/2020\/03\/05\/retrospective-projet-melec-2019\/","title":{"rendered":"R\u00e9trospective projet MELEC 2019"},"content":{"rendered":"\n<div class=\"wp-block-image\"><figure class=\"alignright size-medium is-resized\"><img loading=\"lazy\" decoding=\"async\" src=\"https:\/\/www.lyceelafayette.fr\/wp-content\/uploads\/2020\/03\/legrand-specialiste-des-infrastructures-electriques-et-numeriques-du-batiment-300x300.jpg\" alt=\"\" class=\"wp-image-2389\" width=\"150\" height=\"150\" srcset=\"https:\/\/www.lyceelafayette.fr\/wp-content\/uploads\/2020\/03\/legrand-specialiste-des-infrastructures-electriques-et-numeriques-du-batiment-300x300.jpg 300w, https:\/\/www.lyceelafayette.fr\/wp-content\/uploads\/2020\/03\/legrand-specialiste-des-infrastructures-electriques-et-numeriques-du-batiment-50x50.jpg 50w, https:\/\/www.lyceelafayette.fr\/wp-content\/uploads\/2020\/03\/legrand-specialiste-des-infrastructures-electriques-et-numeriques-du-batiment-768x768.jpg 768w, https:\/\/www.lyceelafayette.fr\/wp-content\/uploads\/2020\/03\/legrand-specialiste-des-infrastructures-electriques-et-numeriques-du-batiment-150x150.jpg 150w, https:\/\/www.lyceelafayette.fr\/wp-content\/uploads\/2020\/03\/legrand-specialiste-des-infrastructures-electriques-et-numeriques-du-batiment.jpg 900w\" sizes=\"auto, (max-width: 150px) 100vw, 150px\" \/><\/figure><\/div>\n\n\n\n<p>Dans le cadre de la r\u00e9forme de la fili\u00e8re MELEC, les \u00e9l\u00e8ves de la classe de terminal Bac pro Melec ont travaill\u00e9 sous la forme de projets \u00e0 r\u00e9aliser avec l\u2019aide financi\u00e8re de la soci\u00e9t\u00e9 <strong>LEGRAND<\/strong>.<\/p>\n\n\n\n<p>Chacun\ndes projets comporte une phase de pr\u00e9paration (dimensionnement et choix de l\u2019appareillage),\nde r\u00e9alisation (pose du mat\u00e9riel) et de livraison du chantier (mise en service\net r\u00e9glage de l\u2019installation).<\/p>\n\n\n\n<p>Les\nchantiers en question ont port\u00e9 sur les th\u00e8mes suivants&nbsp;:<\/p>\n\n\n\n<ul class=\"wp-block-list\"><li>Chantier n\u00b01\u00a0: alarme anti-intrusion<\/li><li>Chantier N\u00b02\u00a0: modernisation d\u2019une installation \u00e9lectrique par la pose d\u2019objets connect\u00e9s<\/li><li>Chantier n\u00b03\u00a0: installation d\u2019un portier vid\u00e9o connect\u00e9<\/li><li>Chantier n\u00b04\u00a0: compl\u00e9ter l\u2019installation \u00e9lectrique d\u2019une commande vocale<\/li><\/ul>\n\n\n\n<p>David Poujol<\/p>\n","protected":false},"excerpt":{"rendered":"<p>Dans le cadre de la r\u00e9forme de la fili\u00e8re MELEC, les \u00e9l\u00e8ves de la classe de terminal Bac pro Melec ont travaill\u00e9 sous la forme de projets \u00e0 r\u00e9aliser avec l\u2019aide financi\u00e8re de la soci\u00e9t\u00e9 LEGRAND. Chacun des projets comporte une phase de pr\u00e9paration (dimensionnement et choix de l\u2019appareillage), de&#8230; <a class=\"continue-reading-link\" href=\"https:\/\/www.lyceelafayette.fr\/index.php\/2020\/03\/05\/retrospective-projet-melec-2019\/\">lire la suite<\/a><\/p>\n","protected":false},"author":8,"featured_media":2389,"comment_status":"closed","ping_status":"open","sticky":false,"template":"","format":"standard","meta":{"footnotes":""},"categories":[1],"tags":[8,78,77,20,76],"class_list":["post-2388","post","type-post","status-publish","format-standard","has-post-thumbnail","hentry","category-non-classe","tag-8","tag-alarmes","tag-bac-pro","tag-electricite","tag-melec"],"yoast_head":"<!-- This site is optimized with the Yoast SEO plugin v27.5 - https:\/\/yoast.com\/product\/yoast-seo-wordpress\/ -->\n<title>R\u00e9trospective projet MELEC 2019 - Lyc\u00e9e La Fayette<\/title>\n<meta name=\"robots\" content=\"index, follow, max-snippet:-1, max-image-preview:large, max-video-preview:-1\" \/>\n<link rel=\"canonical\" href=\"https:\/\/www.lyceelafayette.fr\/index.php\/2020\/03\/05\/retrospective-projet-melec-2019\/\" \/>\n<meta property=\"og:locale\" content=\"fr_FR\" \/>\n<meta property=\"og:type\" content=\"article\" \/>\n<meta property=\"og:title\" content=\"R\u00e9trospective projet MELEC 2019 - Lyc\u00e9e La Fayette\" \/>\n<meta property=\"og:description\" content=\"Dans le cadre de la r\u00e9forme de la fili\u00e8re MELEC, les \u00e9l\u00e8ves de la classe de terminal Bac pro Melec ont travaill\u00e9 sous la forme de projets \u00e0 r\u00e9aliser avec l\u2019aide financi\u00e8re de la soci\u00e9t\u00e9 LEGRAND. Chacun des projets comporte une phase de pr\u00e9paration (dimensionnement et choix de l\u2019appareillage), de... lire la suite\" \/>\n<meta property=\"og:url\" content=\"https:\/\/www.lyceelafayette.fr\/index.php\/2020\/03\/05\/retrospective-projet-melec-2019\/\" \/>\n<meta property=\"og:site_name\" content=\"Lyc\u00e9e La Fayette\" \/>\n<meta property=\"article:published_time\" content=\"2020-03-05T13:39:46+00:00\" \/>\n<meta property=\"article:modified_time\" content=\"2020-03-05T13:39:47+00:00\" \/>\n<meta property=\"og:image\" content=\"https:\/\/www.lyceelafayette.fr\/wp-content\/uploads\/2020\/03\/legrand-specialiste-des-infrastructures-electriques-et-numeriques-du-batiment.jpg\" \/>\n\t<meta property=\"og:image:width\" content=\"900\" \/>\n\t<meta property=\"og:image:height\" content=\"900\" \/>\n\t<meta property=\"og:image:type\" content=\"image\/jpeg\" \/>\n<meta name=\"author\" content=\"Alexandre Facchin\" \/>\n<meta name=\"twitter:card\" content=\"summary_large_image\" \/>\n<meta name=\"twitter:label1\" content=\"\u00c9crit par\" \/>\n\t<meta name=\"twitter:data1\" content=\"Alexandre Facchin\" \/>\n\t<meta name=\"twitter:label2\" content=\"Dur\u00e9e de lecture estim\u00e9e\" \/>\n\t<meta name=\"twitter:data2\" content=\"1 minute\" \/>\n<script type=\"application\/ld+json\" class=\"yoast-schema-graph\">{\"@context\":\"https:\\\/\\\/schema.org\",\"@graph\":[{\"@type\":\"Article\",\"@id\":\"https:\\\/\\\/www.lyceelafayette.fr\\\/index.php\\\/2020\\\/03\\\/05\\\/retrospective-projet-melec-2019\\\/#article\",\"isPartOf\":{\"@id\":\"https:\\\/\\\/www.lyceelafayette.fr\\\/index.php\\\/2020\\\/03\\\/05\\\/retrospective-projet-melec-2019\\\/\"},\"author\":{\"name\":\"Alexandre Facchin\",\"@id\":\"https:\\\/\\\/www.lyceelafayette.fr\\\/#\\\/schema\\\/person\\\/ce6db8a1157d50329e1fd65f9a9b5df8\"},\"headline\":\"R\u00e9trospective projet MELEC 2019\",\"datePublished\":\"2020-03-05T13:39:46+00:00\",\"dateModified\":\"2020-03-05T13:39:47+00:00\",\"mainEntityOfPage\":{\"@id\":\"https:\\\/\\\/www.lyceelafayette.fr\\\/index.php\\\/2020\\\/03\\\/05\\\/retrospective-projet-melec-2019\\\/\"},\"wordCount\":134,\"publisher\":{\"@id\":\"https:\\\/\\\/www.lyceelafayette.fr\\\/#organization\"},\"image\":{\"@id\":\"https:\\\/\\\/www.lyceelafayette.fr\\\/index.php\\\/2020\\\/03\\\/05\\\/retrospective-projet-melec-2019\\\/#primaryimage\"},\"thumbnailUrl\":\"https:\\\/\\\/www.lyceelafayette.fr\\\/wp-content\\\/uploads\\\/2020\\\/03\\\/legrand-specialiste-des-infrastructures-electriques-et-numeriques-du-batiment.jpg\",\"keywords\":[\"2019\",\"Alarmes\",\"BAC PRO\",\"\u00e9lectricit\u00e9\",\"MELEC\"],\"inLanguage\":\"fr-FR\"},{\"@type\":\"WebPage\",\"@id\":\"https:\\\/\\\/www.lyceelafayette.fr\\\/index.php\\\/2020\\\/03\\\/05\\\/retrospective-projet-melec-2019\\\/\",\"url\":\"https:\\\/\\\/www.lyceelafayette.fr\\\/index.php\\\/2020\\\/03\\\/05\\\/retrospective-projet-melec-2019\\\/\",\"name\":\"R\u00e9trospective projet MELEC 2019 - Lyc\u00e9e La Fayette\",\"isPartOf\":{\"@id\":\"https:\\\/\\\/www.lyceelafayette.fr\\\/#website\"},\"primaryImageOfPage\":{\"@id\":\"https:\\\/\\\/www.lyceelafayette.fr\\\/index.php\\\/2020\\\/03\\\/05\\\/retrospective-projet-melec-2019\\\/#primaryimage\"},\"image\":{\"@id\":\"https:\\\/\\\/www.lyceelafayette.fr\\\/index.php\\\/2020\\\/03\\\/05\\\/retrospective-projet-melec-2019\\\/#primaryimage\"},\"thumbnailUrl\":\"https:\\\/\\\/www.lyceelafayette.fr\\\/wp-content\\\/uploads\\\/2020\\\/03\\\/legrand-specialiste-des-infrastructures-electriques-et-numeriques-du-batiment.jpg\",\"datePublished\":\"2020-03-05T13:39:46+00:00\",\"dateModified\":\"2020-03-05T13:39:47+00:00\",\"breadcrumb\":{\"@id\":\"https:\\\/\\\/www.lyceelafayette.fr\\\/index.php\\\/2020\\\/03\\\/05\\\/retrospective-projet-melec-2019\\\/#breadcrumb\"},\"inLanguage\":\"fr-FR\",\"potentialAction\":[{\"@type\":\"ReadAction\",\"target\":[\"https:\\\/\\\/www.lyceelafayette.fr\\\/index.php\\\/2020\\\/03\\\/05\\\/retrospective-projet-melec-2019\\\/\"]}]},{\"@type\":\"ImageObject\",\"inLanguage\":\"fr-FR\",\"@id\":\"https:\\\/\\\/www.lyceelafayette.fr\\\/index.php\\\/2020\\\/03\\\/05\\\/retrospective-projet-melec-2019\\\/#primaryimage\",\"url\":\"https:\\\/\\\/www.lyceelafayette.fr\\\/wp-content\\\/uploads\\\/2020\\\/03\\\/legrand-specialiste-des-infrastructures-electriques-et-numeriques-du-batiment.jpg\",\"contentUrl\":\"https:\\\/\\\/www.lyceelafayette.fr\\\/wp-content\\\/uploads\\\/2020\\\/03\\\/legrand-specialiste-des-infrastructures-electriques-et-numeriques-du-batiment.jpg\",\"width\":900,\"height\":900},{\"@type\":\"BreadcrumbList\",\"@id\":\"https:\\\/\\\/www.lyceelafayette.fr\\\/index.php\\\/2020\\\/03\\\/05\\\/retrospective-projet-melec-2019\\\/#breadcrumb\",\"itemListElement\":[{\"@type\":\"ListItem\",\"position\":1,\"name\":\"Accueil\",\"item\":\"https:\\\/\\\/www.lyceelafayette.fr\\\/\"},{\"@type\":\"ListItem\",\"position\":2,\"name\":\"R\u00e9trospective projet MELEC 2019\"}]},{\"@type\":\"WebSite\",\"@id\":\"https:\\\/\\\/www.lyceelafayette.fr\\\/#website\",\"url\":\"https:\\\/\\\/www.lyceelafayette.fr\\\/\",\"name\":\"Lyc\u00e9e La Fayette\",\"description\":\"\",\"publisher\":{\"@id\":\"https:\\\/\\\/www.lyceelafayette.fr\\\/#organization\"},\"potentialAction\":[{\"@type\":\"SearchAction\",\"target\":{\"@type\":\"EntryPoint\",\"urlTemplate\":\"https:\\\/\\\/www.lyceelafayette.fr\\\/?s={search_term_string}\"},\"query-input\":{\"@type\":\"PropertyValueSpecification\",\"valueRequired\":true,\"valueName\":\"search_term_string\"}}],\"inLanguage\":\"fr-FR\"},{\"@type\":\"Organization\",\"@id\":\"https:\\\/\\\/www.lyceelafayette.fr\\\/#organization\",\"name\":\"Lyc\u00e9e La Fayette\",\"url\":\"https:\\\/\\\/www.lyceelafayette.fr\\\/\",\"logo\":{\"@type\":\"ImageObject\",\"inLanguage\":\"fr-FR\",\"@id\":\"https:\\\/\\\/www.lyceelafayette.fr\\\/#\\\/schema\\\/logo\\\/image\\\/\",\"url\":\"https:\\\/\\\/www.lyceelafayette.fr\\\/wp-content\\\/uploads\\\/2019\\\/06\\\/llf_logo_alpha.png\",\"contentUrl\":\"https:\\\/\\\/www.lyceelafayette.fr\\\/wp-content\\\/uploads\\\/2019\\\/06\\\/llf_logo_alpha.png\",\"width\":1583,\"height\":792,\"caption\":\"Lyc\u00e9e La Fayette\"},\"image\":{\"@id\":\"https:\\\/\\\/www.lyceelafayette.fr\\\/#\\\/schema\\\/logo\\\/image\\\/\"},\"sameAs\":[\"https:\\\/\\\/www.youtube.com\\\/channel\\\/UC2AOQowoMGBKdY4ToZsf9mw\"]},{\"@type\":\"Person\",\"@id\":\"https:\\\/\\\/www.lyceelafayette.fr\\\/#\\\/schema\\\/person\\\/ce6db8a1157d50329e1fd65f9a9b5df8\",\"name\":\"Alexandre Facchin\",\"image\":{\"@type\":\"ImageObject\",\"inLanguage\":\"fr-FR\",\"@id\":\"https:\\\/\\\/secure.gravatar.com\\\/avatar\\\/c94ab2db74f6be2880cb92feeab1c3c9a55baee6dab0b6f9fbb80e1bc3336b7a?s=96&d=blank&r=g\",\"url\":\"https:\\\/\\\/secure.gravatar.com\\\/avatar\\\/c94ab2db74f6be2880cb92feeab1c3c9a55baee6dab0b6f9fbb80e1bc3336b7a?s=96&d=blank&r=g\",\"contentUrl\":\"https:\\\/\\\/secure.gravatar.com\\\/avatar\\\/c94ab2db74f6be2880cb92feeab1c3c9a55baee6dab0b6f9fbb80e1bc3336b7a?s=96&d=blank&r=g\",\"caption\":\"Alexandre Facchin\"},\"url\":\"https:\\\/\\\/www.lyceelafayette.fr\\\/index.php\\\/author\\\/admin\\\/\"}]}<\/script>\n<!-- \/ Yoast SEO plugin. -->","yoast_head_json":{"title":"R\u00e9trospective projet MELEC 2019 - Lyc\u00e9e La Fayette","robots":{"index":"index","follow":"follow","max-snippet":"max-snippet:-1","max-image-preview":"max-image-preview:large","max-video-preview":"max-video-preview:-1"},"canonical":"https:\/\/www.lyceelafayette.fr\/index.php\/2020\/03\/05\/retrospective-projet-melec-2019\/","og_locale":"fr_FR","og_type":"article","og_title":"R\u00e9trospective projet MELEC 2019 - Lyc\u00e9e La Fayette","og_description":"Dans le cadre de la r\u00e9forme de la fili\u00e8re MELEC, les \u00e9l\u00e8ves de la classe de terminal Bac pro Melec ont travaill\u00e9 sous la forme de projets \u00e0 r\u00e9aliser avec l\u2019aide financi\u00e8re de la soci\u00e9t\u00e9 LEGRAND. Chacun des projets comporte une phase de pr\u00e9paration (dimensionnement et choix de l\u2019appareillage), de... lire la suite","og_url":"https:\/\/www.lyceelafayette.fr\/index.php\/2020\/03\/05\/retrospective-projet-melec-2019\/","og_site_name":"Lyc\u00e9e La Fayette","article_published_time":"2020-03-05T13:39:46+00:00","article_modified_time":"2020-03-05T13:39:47+00:00","og_image":[{"width":900,"height":900,"url":"https:\/\/www.lyceelafayette.fr\/wp-content\/uploads\/2020\/03\/legrand-specialiste-des-infrastructures-electriques-et-numeriques-du-batiment.jpg","type":"image\/jpeg"}],"author":"Alexandre Facchin","twitter_card":"summary_large_image","twitter_misc":{"\u00c9crit par":"Alexandre Facchin","Dur\u00e9e de lecture estim\u00e9e":"1 minute"},"schema":{"@context":"https:\/\/schema.org","@graph":[{"@type":"Article","@id":"https:\/\/www.lyceelafayette.fr\/index.php\/2020\/03\/05\/retrospective-projet-melec-2019\/#article","isPartOf":{"@id":"https:\/\/www.lyceelafayette.fr\/index.php\/2020\/03\/05\/retrospective-projet-melec-2019\/"},"author":{"name":"Alexandre Facchin","@id":"https:\/\/www.lyceelafayette.fr\/#\/schema\/person\/ce6db8a1157d50329e1fd65f9a9b5df8"},"headline":"R\u00e9trospective projet MELEC 2019","datePublished":"2020-03-05T13:39:46+00:00","dateModified":"2020-03-05T13:39:47+00:00","mainEntityOfPage":{"@id":"https:\/\/www.lyceelafayette.fr\/index.php\/2020\/03\/05\/retrospective-projet-melec-2019\/"},"wordCount":134,"publisher":{"@id":"https:\/\/www.lyceelafayette.fr\/#organization"},"image":{"@id":"https:\/\/www.lyceelafayette.fr\/index.php\/2020\/03\/05\/retrospective-projet-melec-2019\/#primaryimage"},"thumbnailUrl":"https:\/\/www.lyceelafayette.fr\/wp-content\/uploads\/2020\/03\/legrand-specialiste-des-infrastructures-electriques-et-numeriques-du-batiment.jpg","keywords":["2019","Alarmes","BAC PRO","\u00e9lectricit\u00e9","MELEC"],"inLanguage":"fr-FR"},{"@type":"WebPage","@id":"https:\/\/www.lyceelafayette.fr\/index.php\/2020\/03\/05\/retrospective-projet-melec-2019\/","url":"https:\/\/www.lyceelafayette.fr\/index.php\/2020\/03\/05\/retrospective-projet-melec-2019\/","name":"R\u00e9trospective projet MELEC 2019 - Lyc\u00e9e La Fayette","isPartOf":{"@id":"https:\/\/www.lyceelafayette.fr\/#website"},"primaryImageOfPage":{"@id":"https:\/\/www.lyceelafayette.fr\/index.php\/2020\/03\/05\/retrospective-projet-melec-2019\/#primaryimage"},"image":{"@id":"https:\/\/www.lyceelafayette.fr\/index.php\/2020\/03\/05\/retrospective-projet-melec-2019\/#primaryimage"},"thumbnailUrl":"https:\/\/www.lyceelafayette.fr\/wp-content\/uploads\/2020\/03\/legrand-specialiste-des-infrastructures-electriques-et-numeriques-du-batiment.jpg","datePublished":"2020-03-05T13:39:46+00:00","dateModified":"2020-03-05T13:39:47+00:00","breadcrumb":{"@id":"https:\/\/www.lyceelafayette.fr\/index.php\/2020\/03\/05\/retrospective-projet-melec-2019\/#breadcrumb"},"inLanguage":"fr-FR","potentialAction":[{"@type":"ReadAction","target":["https:\/\/www.lyceelafayette.fr\/index.php\/2020\/03\/05\/retrospective-projet-melec-2019\/"]}]},{"@type":"ImageObject","inLanguage":"fr-FR","@id":"https:\/\/www.lyceelafayette.fr\/index.php\/2020\/03\/05\/retrospective-projet-melec-2019\/#primaryimage","url":"https:\/\/www.lyceelafayette.fr\/wp-content\/uploads\/2020\/03\/legrand-specialiste-des-infrastructures-electriques-et-numeriques-du-batiment.jpg","contentUrl":"https:\/\/www.lyceelafayette.fr\/wp-content\/uploads\/2020\/03\/legrand-specialiste-des-infrastructures-electriques-et-numeriques-du-batiment.jpg","width":900,"height":900},{"@type":"BreadcrumbList","@id":"https:\/\/www.lyceelafayette.fr\/index.php\/2020\/03\/05\/retrospective-projet-melec-2019\/#breadcrumb","itemListElement":[{"@type":"ListItem","position":1,"name":"Accueil","item":"https:\/\/www.lyceelafayette.fr\/"},{"@type":"ListItem","position":2,"name":"R\u00e9trospective projet MELEC 2019"}]},{"@type":"WebSite","@id":"https:\/\/www.lyceelafayette.fr\/#website","url":"https:\/\/www.lyceelafayette.fr\/","name":"Lyc\u00e9e La Fayette","description":"","publisher":{"@id":"https:\/\/www.lyceelafayette.fr\/#organization"},"potentialAction":[{"@type":"SearchAction","target":{"@type":"EntryPoint","urlTemplate":"https:\/\/www.lyceelafayette.fr\/?s={search_term_string}"},"query-input":{"@type":"PropertyValueSpecification","valueRequired":true,"valueName":"search_term_string"}}],"inLanguage":"fr-FR"},{"@type":"Organization","@id":"https:\/\/www.lyceelafayette.fr\/#organization","name":"Lyc\u00e9e La Fayette","url":"https:\/\/www.lyceelafayette.fr\/","logo":{"@type":"ImageObject","inLanguage":"fr-FR","@id":"https:\/\/www.lyceelafayette.fr\/#\/schema\/logo\/image\/","url":"https:\/\/www.lyceelafayette.fr\/wp-content\/uploads\/2019\/06\/llf_logo_alpha.png","contentUrl":"https:\/\/www.lyceelafayette.fr\/wp-content\/uploads\/2019\/06\/llf_logo_alpha.png","width":1583,"height":792,"caption":"Lyc\u00e9e La Fayette"},"image":{"@id":"https:\/\/www.lyceelafayette.fr\/#\/schema\/logo\/image\/"},"sameAs":["https:\/\/www.youtube.com\/channel\/UC2AOQowoMGBKdY4ToZsf9mw"]},{"@type":"Person","@id":"https:\/\/www.lyceelafayette.fr\/#\/schema\/person\/ce6db8a1157d50329e1fd65f9a9b5df8","name":"Alexandre Facchin","image":{"@type":"ImageObject","inLanguage":"fr-FR","@id":"https:\/\/secure.gravatar.com\/avatar\/c94ab2db74f6be2880cb92feeab1c3c9a55baee6dab0b6f9fbb80e1bc3336b7a?s=96&d=blank&r=g","url":"https:\/\/secure.gravatar.com\/avatar\/c94ab2db74f6be2880cb92feeab1c3c9a55baee6dab0b6f9fbb80e1bc3336b7a?s=96&d=blank&r=g","contentUrl":"https:\/\/secure.gravatar.com\/avatar\/c94ab2db74f6be2880cb92feeab1c3c9a55baee6dab0b6f9fbb80e1bc3336b7a?s=96&d=blank&r=g","caption":"Alexandre Facchin"},"url":"https:\/\/www.lyceelafayette.fr\/index.php\/author\/admin\/"}]}},"_links":{"self":[{"href":"https:\/\/www.lyceelafayette.fr\/index.php\/wp-json\/wp\/v2\/posts\/2388","targetHints":{"allow":["GET"]}}],"collection":[{"href":"https:\/\/www.lyceelafayette.fr\/index.php\/wp-json\/wp\/v2\/posts"}],"about":[{"href":"https:\/\/www.lyceelafayette.fr\/index.php\/wp-json\/wp\/v2\/types\/post"}],"author":[{"embeddable":true,"href":"https:\/\/www.lyceelafayette.fr\/index.php\/wp-json\/wp\/v2\/users\/8"}],"replies":[{"embeddable":true,"href":"https:\/\/www.lyceelafayette.fr\/index.php\/wp-json\/wp\/v2\/comments?post=2388"}],"version-history":[{"count":4,"href":"https:\/\/www.lyceelafayette.fr\/index.php\/wp-json\/wp\/v2\/posts\/2388\/revisions"}],"predecessor-version":[{"id":2398,"href":"https:\/\/www.lyceelafayette.fr\/index.php\/wp-json\/wp\/v2\/posts\/2388\/revisions\/2398"}],"wp:featuredmedia":[{"embeddable":true,"href":"https:\/\/www.lyceelafayette.fr\/index.php\/wp-json\/wp\/v2\/media\/2389"}],"wp:attachment":[{"href":"https:\/\/www.lyceelafayette.fr\/index.php\/wp-json\/wp\/v2\/media?parent=2388"}],"wp:term":[{"taxonomy":"category","embeddable":true,"href":"https:\/\/www.lyceelafayette.fr\/index.php\/wp-json\/wp\/v2\/categories?post=2388"},{"taxonomy":"post_tag","embeddable":true,"href":"https:\/\/www.lyceelafayette.fr\/index.php\/wp-json\/wp\/v2\/tags?post=2388"}],"curies":[{"name":"wp","href":"https:\/\/api.w.org\/{rel}","templated":true}]}}