{"id":2369,"date":"2020-01-30T14:03:15","date_gmt":"2020-01-30T13:03:15","guid":{"rendered":"https:\/\/www.lyceelafayette.fr\/?p=2369"},"modified":"2020-01-30T14:03:16","modified_gmt":"2020-01-30T13:03:16","slug":"visite-rd-edf-renardieres","status":"publish","type":"post","link":"https:\/\/www.lyceelafayette.fr\/index.php\/2020\/01\/30\/visite-rd-edf-renardieres\/","title":{"rendered":"Visite R&#038;D EDF Renardi\u00e8res"},"content":{"rendered":"\n<p>BTS \u00c9lectrotechnique\u00a0: visite du centre de recherche EDF des Renardi\u00e8res<\/p>\n\n\n\n<figure class=\"wp-block-embed-youtube wp-block-embed is-type-video is-provider-youtube wp-embed-aspect-16-9 wp-has-aspect-ratio\"><div class=\"wp-block-embed__wrapper\">\n<iframe loading=\"lazy\" title=\"EDF Lab Les Renardi\u00e8res - Au c\u0153ur de l&#039;exp\u00e9rimental\" width=\"920\" height=\"518\" src=\"https:\/\/www.youtube.com\/embed\/GW6Vqg4imk0?feature=oembed\" frameborder=\"0\" allow=\"accelerometer; autoplay; encrypted-media; gyroscope; picture-in-picture\" allowfullscreen><\/iframe>\n<\/div><\/figure>\n\n\n\n<div class=\"wp-block-image\"><figure class=\"alignright size-large is-resized\"><img loading=\"lazy\" decoding=\"async\" src=\"https:\/\/www.lyceelafayette.fr\/wp-content\/uploads\/2020\/01\/3-767x1024.png\" alt=\"\" class=\"wp-image-2371\" width=\"192\" height=\"256\" srcset=\"https:\/\/www.lyceelafayette.fr\/wp-content\/uploads\/2020\/01\/3-767x1024.png 767w, https:\/\/www.lyceelafayette.fr\/wp-content\/uploads\/2020\/01\/3-225x300.png 225w, https:\/\/www.lyceelafayette.fr\/wp-content\/uploads\/2020\/01\/3-768x1025.png 768w, https:\/\/www.lyceelafayette.fr\/wp-content\/uploads\/2020\/01\/3-112x150.png 112w, https:\/\/www.lyceelafayette.fr\/wp-content\/uploads\/2020\/01\/3.png 858w\" sizes=\"auto, (max-width: 192px) 100vw, 192px\" \/><\/figure><\/div>\n\n\n\n<p>Grace \u00e0 l\u2019intervention de\nl\u2019ing\u00e9nieur pour l\u2019\u00e9cole, M. LANGLAIS, les \u00e9tudiants de 2<sup>\u00e8me<\/sup> ann\u00e9e\nde BTS \u00c9lectrotechnique ont pu visiter le d\u00e9partement LME (Laboratoire des\nMat\u00e9riels \u00c9lectriques) le 3 d\u00e9cembre dernier. Ce d\u00e9partement comporte plusieurs\nlaboratoires.<\/p>\n\n\n\n<p>Le premier que nous avons visit\u00e9 (le laboratoire di\u00e9lectrique) permet de\nr\u00e9aliser des essais \u00e0 tr\u00e8s haute tension (au-dessus de 400 kV) sur le mat\u00e9riel\ninstall\u00e9 sur le r\u00e9seau de distribution RTE (<a href=\"https:\/\/www.rte-france.com\/fr\/la-carte-du-reseau\">https:\/\/www.rte-france.com\/fr\/la-carte-du-reseau<\/a>), mais aussi sur des mat\u00e9riels susceptibles d\u2019\u00eatre\nutilis\u00e9s sur ces r\u00e9seaux (ex&nbsp;: nacelle \u00e9l\u00e9vatrice isol\u00e9e). Les essais\ndi\u00e9lectriques permettent de s\u2019assurer de la qualit\u00e9 des diff\u00e9rents isolants\n\u00e9lectriques des moyens de production, transport et distribution.<\/p>\n\n\n\n<div class=\"wp-block-image\"><figure class=\"alignleft size-large is-resized\"><img loading=\"lazy\" decoding=\"async\" src=\"https:\/\/www.lyceelafayette.fr\/wp-content\/uploads\/2020\/01\/4.png\" alt=\"\" class=\"wp-image-2372\" width=\"185\" height=\"248\" srcset=\"https:\/\/www.lyceelafayette.fr\/wp-content\/uploads\/2020\/01\/4.png 370w, https:\/\/www.lyceelafayette.fr\/wp-content\/uploads\/2020\/01\/4-224x300.png 224w, https:\/\/www.lyceelafayette.fr\/wp-content\/uploads\/2020\/01\/4-112x150.png 112w\" sizes=\"auto, (max-width: 185px) 100vw, 185px\" \/><\/figure><\/div>\n\n\n\n<p>Le mat\u00e9riel figurant en arri\u00e8re-plan\net ressemblant \u00e0 un micro g\u00e9ant est un transformateur \u00e9l\u00e9vateur monophas\u00e9 qui\npermet d\u2019atteindre jusqu\u2019\u00e0 800 kV, et jusqu\u2019\u00e0 2 MV pour des essais de tenue aux\nchocs \u00e9lectriques type foudre.<\/p>\n\n\n\n<p>Nous avons ensuite visit\u00e9 le laboratoire\nd\u2019essai au courant permanent (Hall 50 kA) qui permet de faire passer jusqu\u2019\u00e0 50\n000 A dans un mat\u00e9riel \u00e9lectrique. Les c\u00e2bles d\u2019alimentation de ce laboratoire\nsont refroidis par eau afin de permettre le passage d\u2019une telle intensit\u00e9.<\/p>\n\n\n\n<p>Nous avons enfin pu visiter le\nlaboratoire station d\u2019essais \u00e0 grande puissance (SEGP) o\u00f9 sont test\u00e9s les\nmat\u00e9riels qui sont install\u00e9s sur le r\u00e9seau de distribution 400 kV. Des essais\nsont effectu\u00e9s en charge et d\u2019autres \u00e0 vide. Des essais de tenu \u00e0 la foudre\nsont aussi men\u00e9s avec des tensions jusqu\u2019\u00e0 800 kV.<\/p>\n\n\n\n<div class=\"wp-block-image\"><figure class=\"alignright size-large is-resized\"><img loading=\"lazy\" decoding=\"async\" src=\"https:\/\/www.lyceelafayette.fr\/wp-content\/uploads\/2020\/01\/5.png\" alt=\"\" class=\"wp-image-2373\" width=\"221\" height=\"295\" srcset=\"https:\/\/www.lyceelafayette.fr\/wp-content\/uploads\/2020\/01\/5.png 441w, https:\/\/www.lyceelafayette.fr\/wp-content\/uploads\/2020\/01\/5-225x300.png 225w, https:\/\/www.lyceelafayette.fr\/wp-content\/uploads\/2020\/01\/5-112x150.png 112w\" sizes=\"auto, (max-width: 221px) 100vw, 221px\" \/><\/figure><\/div>\n\n\n\n<p>On peut voir en arri\u00e8re-plan, sur\nles murs du b\u00e2timent, les r\u00e9sultats de projection de m\u00e9tal en fusion suite \u00e0 un\nessai.<\/p>\n\n\n\n<p>Cette visite a \u00e9t\u00e9 tr\u00e8s\nenrichissante pour les \u00e9tudiants, mais aussi pour les accompagnateurs, et a\nnotamment permis de voir un des seuls centres d\u2019essais au monde de cette\nimportance et de cette taille. Merci \u00e0 nos h\u00f4tes du centre de recherche des\nRenardi\u00e8res.<\/p>\n\n\n\n<p>Pour en savoir plus&nbsp;: <a href=\"https:\/\/www.edf.fr\/NetworksLab\">https:\/\/www.edf.fr\/NetworksLab<\/a><\/p>\n","protected":false},"excerpt":{"rendered":"<p>BTS \u00c9lectrotechnique\u00a0: visite du centre de recherche EDF des Renardi\u00e8res Grace \u00e0 l\u2019intervention de l\u2019ing\u00e9nieur pour l\u2019\u00e9cole, M. LANGLAIS, les \u00e9tudiants de 2\u00e8me ann\u00e9e de BTS \u00c9lectrotechnique ont pu visiter le d\u00e9partement LME (Laboratoire des Mat\u00e9riels \u00c9lectriques) le 3 d\u00e9cembre dernier. Ce d\u00e9partement comporte plusieurs laboratoires. Le premier que nous&#8230; <a class=\"continue-reading-link\" href=\"https:\/\/www.lyceelafayette.fr\/index.php\/2020\/01\/30\/visite-rd-edf-renardieres\/\">lire la suite<\/a><\/p>\n","protected":false},"author":8,"featured_media":2371,"comment_status":"closed","ping_status":"open","sticky":false,"template":"","format":"standard","meta":{"footnotes":""},"categories":[6,1],"tags":[15,20,75,74],"class_list":["post-2369","post","type-post","status-publish","format-standard","has-post-thumbnail","hentry","category-bts","category-non-classe","tag-bts","tag-electricite","tag-electrotechnique","tag-partenaires"],"yoast_head":"<!-- This site is optimized with the Yoast SEO plugin v27.5 - https:\/\/yoast.com\/product\/yoast-seo-wordpress\/ -->\n<title>Visite R&amp;D EDF Renardi\u00e8res - Lyc\u00e9e La Fayette<\/title>\n<meta name=\"robots\" content=\"index, follow, max-snippet:-1, max-image-preview:large, max-video-preview:-1\" \/>\n<link rel=\"canonical\" href=\"https:\/\/www.lyceelafayette.fr\/index.php\/2020\/01\/30\/visite-rd-edf-renardieres\/\" \/>\n<meta property=\"og:locale\" content=\"fr_FR\" \/>\n<meta property=\"og:type\" content=\"article\" \/>\n<meta property=\"og:title\" content=\"Visite R&amp;D EDF Renardi\u00e8res - Lyc\u00e9e La Fayette\" \/>\n<meta property=\"og:description\" content=\"BTS \u00c9lectrotechnique\u00a0: visite du centre de recherche EDF des Renardi\u00e8res Grace \u00e0 l\u2019intervention de l\u2019ing\u00e9nieur pour l\u2019\u00e9cole, M. LANGLAIS, les \u00e9tudiants de 2\u00e8me ann\u00e9e de BTS \u00c9lectrotechnique ont pu visiter le d\u00e9partement LME (Laboratoire des Mat\u00e9riels \u00c9lectriques) le 3 d\u00e9cembre dernier. Ce d\u00e9partement comporte plusieurs laboratoires. Le premier que nous... lire la suite\" \/>\n<meta property=\"og:url\" content=\"https:\/\/www.lyceelafayette.fr\/index.php\/2020\/01\/30\/visite-rd-edf-renardieres\/\" \/>\n<meta property=\"og:site_name\" content=\"Lyc\u00e9e La Fayette\" \/>\n<meta property=\"article:published_time\" content=\"2020-01-30T13:03:15+00:00\" \/>\n<meta property=\"article:modified_time\" content=\"2020-01-30T13:03:16+00:00\" \/>\n<meta property=\"og:image\" content=\"https:\/\/www.lyceelafayette.fr\/wp-content\/uploads\/2020\/01\/3.png\" \/>\n\t<meta property=\"og:image:width\" content=\"858\" \/>\n\t<meta property=\"og:image:height\" content=\"1145\" \/>\n\t<meta property=\"og:image:type\" content=\"image\/png\" \/>\n<meta name=\"author\" content=\"Alexandre Facchin\" \/>\n<meta name=\"twitter:card\" content=\"summary_large_image\" \/>\n<meta name=\"twitter:label1\" content=\"\u00c9crit par\" \/>\n\t<meta name=\"twitter:data1\" content=\"Alexandre Facchin\" \/>\n\t<meta name=\"twitter:label2\" content=\"Dur\u00e9e de lecture estim\u00e9e\" \/>\n\t<meta name=\"twitter:data2\" content=\"2 minutes\" \/>\n<script type=\"application\/ld+json\" class=\"yoast-schema-graph\">{\"@context\":\"https:\\\/\\\/schema.org\",\"@graph\":[{\"@type\":\"Article\",\"@id\":\"https:\\\/\\\/www.lyceelafayette.fr\\\/index.php\\\/2020\\\/01\\\/30\\\/visite-rd-edf-renardieres\\\/#article\",\"isPartOf\":{\"@id\":\"https:\\\/\\\/www.lyceelafayette.fr\\\/index.php\\\/2020\\\/01\\\/30\\\/visite-rd-edf-renardieres\\\/\"},\"author\":{\"name\":\"Alexandre Facchin\",\"@id\":\"https:\\\/\\\/www.lyceelafayette.fr\\\/#\\\/schema\\\/person\\\/ce6db8a1157d50329e1fd65f9a9b5df8\"},\"headline\":\"Visite R&#038;D EDF Renardi\u00e8res\",\"datePublished\":\"2020-01-30T13:03:15+00:00\",\"dateModified\":\"2020-01-30T13:03:16+00:00\",\"mainEntityOfPage\":{\"@id\":\"https:\\\/\\\/www.lyceelafayette.fr\\\/index.php\\\/2020\\\/01\\\/30\\\/visite-rd-edf-renardieres\\\/\"},\"wordCount\":375,\"publisher\":{\"@id\":\"https:\\\/\\\/www.lyceelafayette.fr\\\/#organization\"},\"image\":{\"@id\":\"https:\\\/\\\/www.lyceelafayette.fr\\\/index.php\\\/2020\\\/01\\\/30\\\/visite-rd-edf-renardieres\\\/#primaryimage\"},\"thumbnailUrl\":\"https:\\\/\\\/www.lyceelafayette.fr\\\/wp-content\\\/uploads\\\/2020\\\/01\\\/3.png\",\"keywords\":[\"BTS\",\"\u00e9lectricit\u00e9\",\"\u00e9lectrotechnique\",\"partenaires\"],\"articleSection\":[\"BTS\"],\"inLanguage\":\"fr-FR\"},{\"@type\":\"WebPage\",\"@id\":\"https:\\\/\\\/www.lyceelafayette.fr\\\/index.php\\\/2020\\\/01\\\/30\\\/visite-rd-edf-renardieres\\\/\",\"url\":\"https:\\\/\\\/www.lyceelafayette.fr\\\/index.php\\\/2020\\\/01\\\/30\\\/visite-rd-edf-renardieres\\\/\",\"name\":\"Visite R&D EDF Renardi\u00e8res - Lyc\u00e9e La Fayette\",\"isPartOf\":{\"@id\":\"https:\\\/\\\/www.lyceelafayette.fr\\\/#website\"},\"primaryImageOfPage\":{\"@id\":\"https:\\\/\\\/www.lyceelafayette.fr\\\/index.php\\\/2020\\\/01\\\/30\\\/visite-rd-edf-renardieres\\\/#primaryimage\"},\"image\":{\"@id\":\"https:\\\/\\\/www.lyceelafayette.fr\\\/index.php\\\/2020\\\/01\\\/30\\\/visite-rd-edf-renardieres\\\/#primaryimage\"},\"thumbnailUrl\":\"https:\\\/\\\/www.lyceelafayette.fr\\\/wp-content\\\/uploads\\\/2020\\\/01\\\/3.png\",\"datePublished\":\"2020-01-30T13:03:15+00:00\",\"dateModified\":\"2020-01-30T13:03:16+00:00\",\"breadcrumb\":{\"@id\":\"https:\\\/\\\/www.lyceelafayette.fr\\\/index.php\\\/2020\\\/01\\\/30\\\/visite-rd-edf-renardieres\\\/#breadcrumb\"},\"inLanguage\":\"fr-FR\",\"potentialAction\":[{\"@type\":\"ReadAction\",\"target\":[\"https:\\\/\\\/www.lyceelafayette.fr\\\/index.php\\\/2020\\\/01\\\/30\\\/visite-rd-edf-renardieres\\\/\"]}]},{\"@type\":\"ImageObject\",\"inLanguage\":\"fr-FR\",\"@id\":\"https:\\\/\\\/www.lyceelafayette.fr\\\/index.php\\\/2020\\\/01\\\/30\\\/visite-rd-edf-renardieres\\\/#primaryimage\",\"url\":\"https:\\\/\\\/www.lyceelafayette.fr\\\/wp-content\\\/uploads\\\/2020\\\/01\\\/3.png\",\"contentUrl\":\"https:\\\/\\\/www.lyceelafayette.fr\\\/wp-content\\\/uploads\\\/2020\\\/01\\\/3.png\",\"width\":858,\"height\":1145},{\"@type\":\"BreadcrumbList\",\"@id\":\"https:\\\/\\\/www.lyceelafayette.fr\\\/index.php\\\/2020\\\/01\\\/30\\\/visite-rd-edf-renardieres\\\/#breadcrumb\",\"itemListElement\":[{\"@type\":\"ListItem\",\"position\":1,\"name\":\"Accueil\",\"item\":\"https:\\\/\\\/www.lyceelafayette.fr\\\/\"},{\"@type\":\"ListItem\",\"position\":2,\"name\":\"Visite R&#038;D EDF Renardi\u00e8res\"}]},{\"@type\":\"WebSite\",\"@id\":\"https:\\\/\\\/www.lyceelafayette.fr\\\/#website\",\"url\":\"https:\\\/\\\/www.lyceelafayette.fr\\\/\",\"name\":\"Lyc\u00e9e La Fayette\",\"description\":\"\",\"publisher\":{\"@id\":\"https:\\\/\\\/www.lyceelafayette.fr\\\/#organization\"},\"potentialAction\":[{\"@type\":\"SearchAction\",\"target\":{\"@type\":\"EntryPoint\",\"urlTemplate\":\"https:\\\/\\\/www.lyceelafayette.fr\\\/?s={search_term_string}\"},\"query-input\":{\"@type\":\"PropertyValueSpecification\",\"valueRequired\":true,\"valueName\":\"search_term_string\"}}],\"inLanguage\":\"fr-FR\"},{\"@type\":\"Organization\",\"@id\":\"https:\\\/\\\/www.lyceelafayette.fr\\\/#organization\",\"name\":\"Lyc\u00e9e La Fayette\",\"url\":\"https:\\\/\\\/www.lyceelafayette.fr\\\/\",\"logo\":{\"@type\":\"ImageObject\",\"inLanguage\":\"fr-FR\",\"@id\":\"https:\\\/\\\/www.lyceelafayette.fr\\\/#\\\/schema\\\/logo\\\/image\\\/\",\"url\":\"https:\\\/\\\/www.lyceelafayette.fr\\\/wp-content\\\/uploads\\\/2019\\\/06\\\/llf_logo_alpha.png\",\"contentUrl\":\"https:\\\/\\\/www.lyceelafayette.fr\\\/wp-content\\\/uploads\\\/2019\\\/06\\\/llf_logo_alpha.png\",\"width\":1583,\"height\":792,\"caption\":\"Lyc\u00e9e La Fayette\"},\"image\":{\"@id\":\"https:\\\/\\\/www.lyceelafayette.fr\\\/#\\\/schema\\\/logo\\\/image\\\/\"},\"sameAs\":[\"https:\\\/\\\/www.youtube.com\\\/channel\\\/UC2AOQowoMGBKdY4ToZsf9mw\"]},{\"@type\":\"Person\",\"@id\":\"https:\\\/\\\/www.lyceelafayette.fr\\\/#\\\/schema\\\/person\\\/ce6db8a1157d50329e1fd65f9a9b5df8\",\"name\":\"Alexandre Facchin\",\"image\":{\"@type\":\"ImageObject\",\"inLanguage\":\"fr-FR\",\"@id\":\"https:\\\/\\\/secure.gravatar.com\\\/avatar\\\/c94ab2db74f6be2880cb92feeab1c3c9a55baee6dab0b6f9fbb80e1bc3336b7a?s=96&d=blank&r=g\",\"url\":\"https:\\\/\\\/secure.gravatar.com\\\/avatar\\\/c94ab2db74f6be2880cb92feeab1c3c9a55baee6dab0b6f9fbb80e1bc3336b7a?s=96&d=blank&r=g\",\"contentUrl\":\"https:\\\/\\\/secure.gravatar.com\\\/avatar\\\/c94ab2db74f6be2880cb92feeab1c3c9a55baee6dab0b6f9fbb80e1bc3336b7a?s=96&d=blank&r=g\",\"caption\":\"Alexandre Facchin\"},\"url\":\"https:\\\/\\\/www.lyceelafayette.fr\\\/index.php\\\/author\\\/admin\\\/\"}]}<\/script>\n<!-- \/ Yoast SEO plugin. -->","yoast_head_json":{"title":"Visite R&D EDF Renardi\u00e8res - Lyc\u00e9e La Fayette","robots":{"index":"index","follow":"follow","max-snippet":"max-snippet:-1","max-image-preview":"max-image-preview:large","max-video-preview":"max-video-preview:-1"},"canonical":"https:\/\/www.lyceelafayette.fr\/index.php\/2020\/01\/30\/visite-rd-edf-renardieres\/","og_locale":"fr_FR","og_type":"article","og_title":"Visite R&D EDF Renardi\u00e8res - Lyc\u00e9e La Fayette","og_description":"BTS \u00c9lectrotechnique\u00a0: visite du centre de recherche EDF des Renardi\u00e8res Grace \u00e0 l\u2019intervention de l\u2019ing\u00e9nieur pour l\u2019\u00e9cole, M. LANGLAIS, les \u00e9tudiants de 2\u00e8me ann\u00e9e de BTS \u00c9lectrotechnique ont pu visiter le d\u00e9partement LME (Laboratoire des Mat\u00e9riels \u00c9lectriques) le 3 d\u00e9cembre dernier. Ce d\u00e9partement comporte plusieurs laboratoires. Le premier que nous... lire la suite","og_url":"https:\/\/www.lyceelafayette.fr\/index.php\/2020\/01\/30\/visite-rd-edf-renardieres\/","og_site_name":"Lyc\u00e9e La Fayette","article_published_time":"2020-01-30T13:03:15+00:00","article_modified_time":"2020-01-30T13:03:16+00:00","og_image":[{"width":858,"height":1145,"url":"https:\/\/www.lyceelafayette.fr\/wp-content\/uploads\/2020\/01\/3.png","type":"image\/png"}],"author":"Alexandre Facchin","twitter_card":"summary_large_image","twitter_misc":{"\u00c9crit par":"Alexandre Facchin","Dur\u00e9e de lecture estim\u00e9e":"2 minutes"},"schema":{"@context":"https:\/\/schema.org","@graph":[{"@type":"Article","@id":"https:\/\/www.lyceelafayette.fr\/index.php\/2020\/01\/30\/visite-rd-edf-renardieres\/#article","isPartOf":{"@id":"https:\/\/www.lyceelafayette.fr\/index.php\/2020\/01\/30\/visite-rd-edf-renardieres\/"},"author":{"name":"Alexandre Facchin","@id":"https:\/\/www.lyceelafayette.fr\/#\/schema\/person\/ce6db8a1157d50329e1fd65f9a9b5df8"},"headline":"Visite R&#038;D EDF Renardi\u00e8res","datePublished":"2020-01-30T13:03:15+00:00","dateModified":"2020-01-30T13:03:16+00:00","mainEntityOfPage":{"@id":"https:\/\/www.lyceelafayette.fr\/index.php\/2020\/01\/30\/visite-rd-edf-renardieres\/"},"wordCount":375,"publisher":{"@id":"https:\/\/www.lyceelafayette.fr\/#organization"},"image":{"@id":"https:\/\/www.lyceelafayette.fr\/index.php\/2020\/01\/30\/visite-rd-edf-renardieres\/#primaryimage"},"thumbnailUrl":"https:\/\/www.lyceelafayette.fr\/wp-content\/uploads\/2020\/01\/3.png","keywords":["BTS","\u00e9lectricit\u00e9","\u00e9lectrotechnique","partenaires"],"articleSection":["BTS"],"inLanguage":"fr-FR"},{"@type":"WebPage","@id":"https:\/\/www.lyceelafayette.fr\/index.php\/2020\/01\/30\/visite-rd-edf-renardieres\/","url":"https:\/\/www.lyceelafayette.fr\/index.php\/2020\/01\/30\/visite-rd-edf-renardieres\/","name":"Visite R&D EDF Renardi\u00e8res - Lyc\u00e9e La Fayette","isPartOf":{"@id":"https:\/\/www.lyceelafayette.fr\/#website"},"primaryImageOfPage":{"@id":"https:\/\/www.lyceelafayette.fr\/index.php\/2020\/01\/30\/visite-rd-edf-renardieres\/#primaryimage"},"image":{"@id":"https:\/\/www.lyceelafayette.fr\/index.php\/2020\/01\/30\/visite-rd-edf-renardieres\/#primaryimage"},"thumbnailUrl":"https:\/\/www.lyceelafayette.fr\/wp-content\/uploads\/2020\/01\/3.png","datePublished":"2020-01-30T13:03:15+00:00","dateModified":"2020-01-30T13:03:16+00:00","breadcrumb":{"@id":"https:\/\/www.lyceelafayette.fr\/index.php\/2020\/01\/30\/visite-rd-edf-renardieres\/#breadcrumb"},"inLanguage":"fr-FR","potentialAction":[{"@type":"ReadAction","target":["https:\/\/www.lyceelafayette.fr\/index.php\/2020\/01\/30\/visite-rd-edf-renardieres\/"]}]},{"@type":"ImageObject","inLanguage":"fr-FR","@id":"https:\/\/www.lyceelafayette.fr\/index.php\/2020\/01\/30\/visite-rd-edf-renardieres\/#primaryimage","url":"https:\/\/www.lyceelafayette.fr\/wp-content\/uploads\/2020\/01\/3.png","contentUrl":"https:\/\/www.lyceelafayette.fr\/wp-content\/uploads\/2020\/01\/3.png","width":858,"height":1145},{"@type":"BreadcrumbList","@id":"https:\/\/www.lyceelafayette.fr\/index.php\/2020\/01\/30\/visite-rd-edf-renardieres\/#breadcrumb","itemListElement":[{"@type":"ListItem","position":1,"name":"Accueil","item":"https:\/\/www.lyceelafayette.fr\/"},{"@type":"ListItem","position":2,"name":"Visite R&#038;D EDF Renardi\u00e8res"}]},{"@type":"WebSite","@id":"https:\/\/www.lyceelafayette.fr\/#website","url":"https:\/\/www.lyceelafayette.fr\/","name":"Lyc\u00e9e La Fayette","description":"","publisher":{"@id":"https:\/\/www.lyceelafayette.fr\/#organization"},"potentialAction":[{"@type":"SearchAction","target":{"@type":"EntryPoint","urlTemplate":"https:\/\/www.lyceelafayette.fr\/?s={search_term_string}"},"query-input":{"@type":"PropertyValueSpecification","valueRequired":true,"valueName":"search_term_string"}}],"inLanguage":"fr-FR"},{"@type":"Organization","@id":"https:\/\/www.lyceelafayette.fr\/#organization","name":"Lyc\u00e9e La Fayette","url":"https:\/\/www.lyceelafayette.fr\/","logo":{"@type":"ImageObject","inLanguage":"fr-FR","@id":"https:\/\/www.lyceelafayette.fr\/#\/schema\/logo\/image\/","url":"https:\/\/www.lyceelafayette.fr\/wp-content\/uploads\/2019\/06\/llf_logo_alpha.png","contentUrl":"https:\/\/www.lyceelafayette.fr\/wp-content\/uploads\/2019\/06\/llf_logo_alpha.png","width":1583,"height":792,"caption":"Lyc\u00e9e La Fayette"},"image":{"@id":"https:\/\/www.lyceelafayette.fr\/#\/schema\/logo\/image\/"},"sameAs":["https:\/\/www.youtube.com\/channel\/UC2AOQowoMGBKdY4ToZsf9mw"]},{"@type":"Person","@id":"https:\/\/www.lyceelafayette.fr\/#\/schema\/person\/ce6db8a1157d50329e1fd65f9a9b5df8","name":"Alexandre Facchin","image":{"@type":"ImageObject","inLanguage":"fr-FR","@id":"https:\/\/secure.gravatar.com\/avatar\/c94ab2db74f6be2880cb92feeab1c3c9a55baee6dab0b6f9fbb80e1bc3336b7a?s=96&d=blank&r=g","url":"https:\/\/secure.gravatar.com\/avatar\/c94ab2db74f6be2880cb92feeab1c3c9a55baee6dab0b6f9fbb80e1bc3336b7a?s=96&d=blank&r=g","contentUrl":"https:\/\/secure.gravatar.com\/avatar\/c94ab2db74f6be2880cb92feeab1c3c9a55baee6dab0b6f9fbb80e1bc3336b7a?s=96&d=blank&r=g","caption":"Alexandre Facchin"},"url":"https:\/\/www.lyceelafayette.fr\/index.php\/author\/admin\/"}]}},"_links":{"self":[{"href":"https:\/\/www.lyceelafayette.fr\/index.php\/wp-json\/wp\/v2\/posts\/2369","targetHints":{"allow":["GET"]}}],"collection":[{"href":"https:\/\/www.lyceelafayette.fr\/index.php\/wp-json\/wp\/v2\/posts"}],"about":[{"href":"https:\/\/www.lyceelafayette.fr\/index.php\/wp-json\/wp\/v2\/types\/post"}],"author":[{"embeddable":true,"href":"https:\/\/www.lyceelafayette.fr\/index.php\/wp-json\/wp\/v2\/users\/8"}],"replies":[{"embeddable":true,"href":"https:\/\/www.lyceelafayette.fr\/index.php\/wp-json\/wp\/v2\/comments?post=2369"}],"version-history":[{"count":4,"href":"https:\/\/www.lyceelafayette.fr\/index.php\/wp-json\/wp\/v2\/posts\/2369\/revisions"}],"predecessor-version":[{"id":2378,"href":"https:\/\/www.lyceelafayette.fr\/index.php\/wp-json\/wp\/v2\/posts\/2369\/revisions\/2378"}],"wp:featuredmedia":[{"embeddable":true,"href":"https:\/\/www.lyceelafayette.fr\/index.php\/wp-json\/wp\/v2\/media\/2371"}],"wp:attachment":[{"href":"https:\/\/www.lyceelafayette.fr\/index.php\/wp-json\/wp\/v2\/media?parent=2369"}],"wp:term":[{"taxonomy":"category","embeddable":true,"href":"https:\/\/www.lyceelafayette.fr\/index.php\/wp-json\/wp\/v2\/categories?post=2369"},{"taxonomy":"post_tag","embeddable":true,"href":"https:\/\/www.lyceelafayette.fr\/index.php\/wp-json\/wp\/v2\/tags?post=2369"}],"curies":[{"name":"wp","href":"https:\/\/api.w.org\/{rel}","templated":true}]}}