{"id":2360,"date":"2020-01-30T13:52:00","date_gmt":"2020-01-30T12:52:00","guid":{"rendered":"https:\/\/www.lyceelafayette.fr\/?p=2360"},"modified":"2020-03-05T14:32:26","modified_gmt":"2020-03-05T13:32:26","slug":"le-lycee-a-lhonneur","status":"publish","type":"post","link":"https:\/\/www.lyceelafayette.fr\/index.php\/2020\/01\/30\/le-lycee-a-lhonneur\/","title":{"rendered":"Le lyc\u00e9e \u00e0 l\u2019honneur"},"content":{"rendered":"\n<div class=\"wp-block-image\"><figure class=\"alignright size-large\"><img loading=\"lazy\" decoding=\"async\" width=\"227\" height=\"120\" src=\"https:\/\/www.lyceelafayette.fr\/wp-content\/uploads\/2020\/01\/cisco.png\" alt=\"\" class=\"wp-image-2363\" srcset=\"https:\/\/www.lyceelafayette.fr\/wp-content\/uploads\/2020\/01\/cisco.png 227w, https:\/\/www.lyceelafayette.fr\/wp-content\/uploads\/2020\/01\/cisco-150x79.png 150w\" sizes=\"auto, (max-width: 227px) 100vw, 227px\" \/><\/figure><\/div>\n\n\n\n<p>Le <strong>lyc\u00e9e La Fayette, au sein de la section de BTS SN-IR<\/strong>, est engag\u00e9 depuis plus de 5 ans maintenant, dans la formation des \u00e9tudiants aux certifications CISCO CCNA.  <\/p>\n\n\n\n<p><em>SNIR =&gt; Syst\u00e8mes Num\u00e9riques Option A, Informatique et R\u00e9seaux<\/em><\/p>\n\n\n\n<p>Le lyc\u00e9e est ce que l\u2019on appelle une Cisco Acad\u00e9mie.<\/p>\n\n\n\n<p>CCNA, acronyme de Certified Cisco Network Associate, met en ligne des cours et examens ax\u00e9s sur les m\u00e9tiers des r\u00e9seaux.<\/p>\n\n\n\n<p><strong>Cisco d\u00e9tient toujours 50&nbsp;% des parts de march\u00e9 mondial<\/strong> en \u00e9quipement r\u00e9seau.<\/p>\n\n\n\n<p>Tout \u00e9tudiant recevant une (ou plusieurs) certification(s) obtient par l\u00e0 m\u00eame un s\u00e9same de plus pour son embauche future apr\u00e8s son BTS. Ces certifications sont mondialement reconnues et normalement payantes hors cadre scolaire.<\/p>\n\n\n\n<p>Leurs enseignants seront heureux <strong>de vous accueillir<\/strong> dans <strong>l\u2019une des 400 meilleures Cisco acad\u00e9mie d\u2019Europe en 2019, et ce depuis 5 ans.<\/strong> Pour information, les crit\u00e8res d\u2019\u00e9ligibilit\u00e9 \u00e0 cette distinction sont&nbsp;: <\/p>\n\n\n\n<ul class=\"wp-block-list\"><li> d&rsquo;avoir au moins 50&nbsp;% des \u00e9tudiants inscrits dipl\u00f4m\u00e9s chaque ann\u00e9e&nbsp;;<\/li><li>que les notes obtenues sur l\u2019ensemble des cours et \u00e0 l\u2019examen final soient sup\u00e9rieures \u00e0 70 %.<\/li><\/ul>\n\n\n\n<p>Venez nous rencontrer lors des portes ouvertes et, pourquoi pas, int\u00e9grer le cursus BTS SN-IR avec la formation CISCO&nbsp;!<\/p>\n\n\n\n<figure class=\"wp-block-image size-large\"><img loading=\"lazy\" decoding=\"async\" width=\"1024\" height=\"717\" src=\"https:\/\/www.lyceelafayette.fr\/wp-content\/uploads\/2020\/01\/1-1024x717.png\" alt=\"\" class=\"wp-image-2361\" srcset=\"https:\/\/www.lyceelafayette.fr\/wp-content\/uploads\/2020\/01\/1-1024x717.png 1024w, https:\/\/www.lyceelafayette.fr\/wp-content\/uploads\/2020\/01\/1-300x210.png 300w, https:\/\/www.lyceelafayette.fr\/wp-content\/uploads\/2020\/01\/1-768x538.png 768w, https:\/\/www.lyceelafayette.fr\/wp-content\/uploads\/2020\/01\/1-150x105.png 150w, https:\/\/www.lyceelafayette.fr\/wp-content\/uploads\/2020\/01\/1.png 1422w\" sizes=\"auto, (max-width: 1024px) 100vw, 1024px\" \/><\/figure>\n\n\n\n<figure class=\"wp-block-image size-large\"><img loading=\"lazy\" decoding=\"async\" width=\"1024\" height=\"667\" src=\"https:\/\/www.lyceelafayette.fr\/wp-content\/uploads\/2020\/01\/2-1024x667.png\" alt=\"\" class=\"wp-image-2362\" srcset=\"https:\/\/www.lyceelafayette.fr\/wp-content\/uploads\/2020\/01\/2-1024x667.png 1024w, https:\/\/www.lyceelafayette.fr\/wp-content\/uploads\/2020\/01\/2-300x195.png 300w, https:\/\/www.lyceelafayette.fr\/wp-content\/uploads\/2020\/01\/2-768x500.png 768w, https:\/\/www.lyceelafayette.fr\/wp-content\/uploads\/2020\/01\/2-1536x1000.png 1536w, https:\/\/www.lyceelafayette.fr\/wp-content\/uploads\/2020\/01\/2-2048x1334.png 2048w, https:\/\/www.lyceelafayette.fr\/wp-content\/uploads\/2020\/01\/2-150x98.png 150w\" sizes=\"auto, (max-width: 1024px) 100vw, 1024px\" \/><\/figure>\n\n\n\n<p><\/p>\n","protected":false},"excerpt":{"rendered":"<p>Le lyc\u00e9e La Fayette, au sein de la section de BTS SN-IR, est engag\u00e9 depuis plus de 5 ans maintenant, dans la formation des \u00e9tudiants aux certifications CISCO CCNA. SNIR =&gt; Syst\u00e8mes Num\u00e9riques Option A, Informatique et R\u00e9seaux Le lyc\u00e9e est ce que l\u2019on appelle une Cisco Acad\u00e9mie. CCNA, acronyme&#8230; <a class=\"continue-reading-link\" href=\"https:\/\/www.lyceelafayette.fr\/index.php\/2020\/01\/30\/le-lycee-a-lhonneur\/\">lire la suite<\/a><\/p>\n","protected":false},"author":8,"featured_media":2363,"comment_status":"closed","ping_status":"open","sticky":false,"template":"","format":"standard","meta":{"footnotes":""},"categories":[6,1],"tags":[10,15,73,33,72],"class_list":["post-2360","post","type-post","status-publish","format-standard","has-post-thumbnail","hentry","category-bts","category-non-classe","tag-10","tag-bts","tag-cisco","tag-etudiants","tag-snir"],"yoast_head":"<!-- This site is optimized with the Yoast SEO plugin v27.5 - https:\/\/yoast.com\/product\/yoast-seo-wordpress\/ -->\n<title>Le lyc\u00e9e \u00e0 l\u2019honneur - Lyc\u00e9e La Fayette<\/title>\n<meta name=\"robots\" content=\"index, follow, max-snippet:-1, max-image-preview:large, max-video-preview:-1\" \/>\n<link rel=\"canonical\" href=\"https:\/\/www.lyceelafayette.fr\/index.php\/2020\/01\/30\/le-lycee-a-lhonneur\/\" \/>\n<meta property=\"og:locale\" content=\"fr_FR\" \/>\n<meta property=\"og:type\" content=\"article\" \/>\n<meta property=\"og:title\" content=\"Le lyc\u00e9e \u00e0 l\u2019honneur - Lyc\u00e9e La Fayette\" \/>\n<meta property=\"og:description\" content=\"Le lyc\u00e9e La Fayette, au sein de la section de BTS SN-IR, est engag\u00e9 depuis plus de 5 ans maintenant, dans la formation des \u00e9tudiants aux certifications CISCO CCNA. SNIR =&gt; Syst\u00e8mes Num\u00e9riques Option A, Informatique et R\u00e9seaux Le lyc\u00e9e est ce que l\u2019on appelle une Cisco Acad\u00e9mie. CCNA, acronyme... lire la suite\" \/>\n<meta property=\"og:url\" content=\"https:\/\/www.lyceelafayette.fr\/index.php\/2020\/01\/30\/le-lycee-a-lhonneur\/\" \/>\n<meta property=\"og:site_name\" content=\"Lyc\u00e9e La Fayette\" \/>\n<meta property=\"article:published_time\" content=\"2020-01-30T12:52:00+00:00\" \/>\n<meta property=\"article:modified_time\" content=\"2020-03-05T13:32:26+00:00\" \/>\n<meta property=\"og:image\" content=\"https:\/\/www.lyceelafayette.fr\/wp-content\/uploads\/2020\/01\/cisco.png\" \/>\n\t<meta property=\"og:image:width\" content=\"227\" \/>\n\t<meta property=\"og:image:height\" content=\"120\" \/>\n\t<meta property=\"og:image:type\" content=\"image\/png\" \/>\n<meta name=\"author\" content=\"Alexandre Facchin\" \/>\n<meta name=\"twitter:card\" content=\"summary_large_image\" \/>\n<meta name=\"twitter:label1\" content=\"\u00c9crit par\" \/>\n\t<meta name=\"twitter:data1\" content=\"Alexandre Facchin\" \/>\n\t<meta name=\"twitter:label2\" content=\"Dur\u00e9e de lecture estim\u00e9e\" \/>\n\t<meta name=\"twitter:data2\" content=\"1 minute\" \/>\n<script type=\"application\/ld+json\" class=\"yoast-schema-graph\">{\"@context\":\"https:\\\/\\\/schema.org\",\"@graph\":[{\"@type\":\"Article\",\"@id\":\"https:\\\/\\\/www.lyceelafayette.fr\\\/index.php\\\/2020\\\/01\\\/30\\\/le-lycee-a-lhonneur\\\/#article\",\"isPartOf\":{\"@id\":\"https:\\\/\\\/www.lyceelafayette.fr\\\/index.php\\\/2020\\\/01\\\/30\\\/le-lycee-a-lhonneur\\\/\"},\"author\":{\"name\":\"Alexandre Facchin\",\"@id\":\"https:\\\/\\\/www.lyceelafayette.fr\\\/#\\\/schema\\\/person\\\/ce6db8a1157d50329e1fd65f9a9b5df8\"},\"headline\":\"Le lyc\u00e9e \u00e0 l\u2019honneur\",\"datePublished\":\"2020-01-30T12:52:00+00:00\",\"dateModified\":\"2020-03-05T13:32:26+00:00\",\"mainEntityOfPage\":{\"@id\":\"https:\\\/\\\/www.lyceelafayette.fr\\\/index.php\\\/2020\\\/01\\\/30\\\/le-lycee-a-lhonneur\\\/\"},\"wordCount\":218,\"publisher\":{\"@id\":\"https:\\\/\\\/www.lyceelafayette.fr\\\/#organization\"},\"image\":{\"@id\":\"https:\\\/\\\/www.lyceelafayette.fr\\\/index.php\\\/2020\\\/01\\\/30\\\/le-lycee-a-lhonneur\\\/#primaryimage\"},\"thumbnailUrl\":\"https:\\\/\\\/www.lyceelafayette.fr\\\/wp-content\\\/uploads\\\/2020\\\/01\\\/cisco.png\",\"keywords\":[\"2020\",\"BTS\",\"CISCO\",\"\u00e9tudiants\",\"SNIR\"],\"articleSection\":[\"BTS\"],\"inLanguage\":\"fr-FR\"},{\"@type\":\"WebPage\",\"@id\":\"https:\\\/\\\/www.lyceelafayette.fr\\\/index.php\\\/2020\\\/01\\\/30\\\/le-lycee-a-lhonneur\\\/\",\"url\":\"https:\\\/\\\/www.lyceelafayette.fr\\\/index.php\\\/2020\\\/01\\\/30\\\/le-lycee-a-lhonneur\\\/\",\"name\":\"Le lyc\u00e9e \u00e0 l\u2019honneur - Lyc\u00e9e La Fayette\",\"isPartOf\":{\"@id\":\"https:\\\/\\\/www.lyceelafayette.fr\\\/#website\"},\"primaryImageOfPage\":{\"@id\":\"https:\\\/\\\/www.lyceelafayette.fr\\\/index.php\\\/2020\\\/01\\\/30\\\/le-lycee-a-lhonneur\\\/#primaryimage\"},\"image\":{\"@id\":\"https:\\\/\\\/www.lyceelafayette.fr\\\/index.php\\\/2020\\\/01\\\/30\\\/le-lycee-a-lhonneur\\\/#primaryimage\"},\"thumbnailUrl\":\"https:\\\/\\\/www.lyceelafayette.fr\\\/wp-content\\\/uploads\\\/2020\\\/01\\\/cisco.png\",\"datePublished\":\"2020-01-30T12:52:00+00:00\",\"dateModified\":\"2020-03-05T13:32:26+00:00\",\"breadcrumb\":{\"@id\":\"https:\\\/\\\/www.lyceelafayette.fr\\\/index.php\\\/2020\\\/01\\\/30\\\/le-lycee-a-lhonneur\\\/#breadcrumb\"},\"inLanguage\":\"fr-FR\",\"potentialAction\":[{\"@type\":\"ReadAction\",\"target\":[\"https:\\\/\\\/www.lyceelafayette.fr\\\/index.php\\\/2020\\\/01\\\/30\\\/le-lycee-a-lhonneur\\\/\"]}]},{\"@type\":\"ImageObject\",\"inLanguage\":\"fr-FR\",\"@id\":\"https:\\\/\\\/www.lyceelafayette.fr\\\/index.php\\\/2020\\\/01\\\/30\\\/le-lycee-a-lhonneur\\\/#primaryimage\",\"url\":\"https:\\\/\\\/www.lyceelafayette.fr\\\/wp-content\\\/uploads\\\/2020\\\/01\\\/cisco.png\",\"contentUrl\":\"https:\\\/\\\/www.lyceelafayette.fr\\\/wp-content\\\/uploads\\\/2020\\\/01\\\/cisco.png\",\"width\":227,\"height\":120},{\"@type\":\"BreadcrumbList\",\"@id\":\"https:\\\/\\\/www.lyceelafayette.fr\\\/index.php\\\/2020\\\/01\\\/30\\\/le-lycee-a-lhonneur\\\/#breadcrumb\",\"itemListElement\":[{\"@type\":\"ListItem\",\"position\":1,\"name\":\"Accueil\",\"item\":\"https:\\\/\\\/www.lyceelafayette.fr\\\/\"},{\"@type\":\"ListItem\",\"position\":2,\"name\":\"Le lyc\u00e9e \u00e0 l\u2019honneur\"}]},{\"@type\":\"WebSite\",\"@id\":\"https:\\\/\\\/www.lyceelafayette.fr\\\/#website\",\"url\":\"https:\\\/\\\/www.lyceelafayette.fr\\\/\",\"name\":\"Lyc\u00e9e La Fayette\",\"description\":\"\",\"publisher\":{\"@id\":\"https:\\\/\\\/www.lyceelafayette.fr\\\/#organization\"},\"potentialAction\":[{\"@type\":\"SearchAction\",\"target\":{\"@type\":\"EntryPoint\",\"urlTemplate\":\"https:\\\/\\\/www.lyceelafayette.fr\\\/?s={search_term_string}\"},\"query-input\":{\"@type\":\"PropertyValueSpecification\",\"valueRequired\":true,\"valueName\":\"search_term_string\"}}],\"inLanguage\":\"fr-FR\"},{\"@type\":\"Organization\",\"@id\":\"https:\\\/\\\/www.lyceelafayette.fr\\\/#organization\",\"name\":\"Lyc\u00e9e La Fayette\",\"url\":\"https:\\\/\\\/www.lyceelafayette.fr\\\/\",\"logo\":{\"@type\":\"ImageObject\",\"inLanguage\":\"fr-FR\",\"@id\":\"https:\\\/\\\/www.lyceelafayette.fr\\\/#\\\/schema\\\/logo\\\/image\\\/\",\"url\":\"https:\\\/\\\/www.lyceelafayette.fr\\\/wp-content\\\/uploads\\\/2019\\\/06\\\/llf_logo_alpha.png\",\"contentUrl\":\"https:\\\/\\\/www.lyceelafayette.fr\\\/wp-content\\\/uploads\\\/2019\\\/06\\\/llf_logo_alpha.png\",\"width\":1583,\"height\":792,\"caption\":\"Lyc\u00e9e La Fayette\"},\"image\":{\"@id\":\"https:\\\/\\\/www.lyceelafayette.fr\\\/#\\\/schema\\\/logo\\\/image\\\/\"},\"sameAs\":[\"https:\\\/\\\/www.youtube.com\\\/channel\\\/UC2AOQowoMGBKdY4ToZsf9mw\"]},{\"@type\":\"Person\",\"@id\":\"https:\\\/\\\/www.lyceelafayette.fr\\\/#\\\/schema\\\/person\\\/ce6db8a1157d50329e1fd65f9a9b5df8\",\"name\":\"Alexandre Facchin\",\"image\":{\"@type\":\"ImageObject\",\"inLanguage\":\"fr-FR\",\"@id\":\"https:\\\/\\\/secure.gravatar.com\\\/avatar\\\/c94ab2db74f6be2880cb92feeab1c3c9a55baee6dab0b6f9fbb80e1bc3336b7a?s=96&d=blank&r=g\",\"url\":\"https:\\\/\\\/secure.gravatar.com\\\/avatar\\\/c94ab2db74f6be2880cb92feeab1c3c9a55baee6dab0b6f9fbb80e1bc3336b7a?s=96&d=blank&r=g\",\"contentUrl\":\"https:\\\/\\\/secure.gravatar.com\\\/avatar\\\/c94ab2db74f6be2880cb92feeab1c3c9a55baee6dab0b6f9fbb80e1bc3336b7a?s=96&d=blank&r=g\",\"caption\":\"Alexandre Facchin\"},\"url\":\"https:\\\/\\\/www.lyceelafayette.fr\\\/index.php\\\/author\\\/admin\\\/\"}]}<\/script>\n<!-- \/ Yoast SEO plugin. -->","yoast_head_json":{"title":"Le lyc\u00e9e \u00e0 l\u2019honneur - Lyc\u00e9e La Fayette","robots":{"index":"index","follow":"follow","max-snippet":"max-snippet:-1","max-image-preview":"max-image-preview:large","max-video-preview":"max-video-preview:-1"},"canonical":"https:\/\/www.lyceelafayette.fr\/index.php\/2020\/01\/30\/le-lycee-a-lhonneur\/","og_locale":"fr_FR","og_type":"article","og_title":"Le lyc\u00e9e \u00e0 l\u2019honneur - Lyc\u00e9e La Fayette","og_description":"Le lyc\u00e9e La Fayette, au sein de la section de BTS SN-IR, est engag\u00e9 depuis plus de 5 ans maintenant, dans la formation des \u00e9tudiants aux certifications CISCO CCNA. SNIR =&gt; Syst\u00e8mes Num\u00e9riques Option A, Informatique et R\u00e9seaux Le lyc\u00e9e est ce que l\u2019on appelle une Cisco Acad\u00e9mie. CCNA, acronyme... lire la suite","og_url":"https:\/\/www.lyceelafayette.fr\/index.php\/2020\/01\/30\/le-lycee-a-lhonneur\/","og_site_name":"Lyc\u00e9e La Fayette","article_published_time":"2020-01-30T12:52:00+00:00","article_modified_time":"2020-03-05T13:32:26+00:00","og_image":[{"width":227,"height":120,"url":"https:\/\/www.lyceelafayette.fr\/wp-content\/uploads\/2020\/01\/cisco.png","type":"image\/png"}],"author":"Alexandre Facchin","twitter_card":"summary_large_image","twitter_misc":{"\u00c9crit par":"Alexandre Facchin","Dur\u00e9e de lecture estim\u00e9e":"1 minute"},"schema":{"@context":"https:\/\/schema.org","@graph":[{"@type":"Article","@id":"https:\/\/www.lyceelafayette.fr\/index.php\/2020\/01\/30\/le-lycee-a-lhonneur\/#article","isPartOf":{"@id":"https:\/\/www.lyceelafayette.fr\/index.php\/2020\/01\/30\/le-lycee-a-lhonneur\/"},"author":{"name":"Alexandre Facchin","@id":"https:\/\/www.lyceelafayette.fr\/#\/schema\/person\/ce6db8a1157d50329e1fd65f9a9b5df8"},"headline":"Le lyc\u00e9e \u00e0 l\u2019honneur","datePublished":"2020-01-30T12:52:00+00:00","dateModified":"2020-03-05T13:32:26+00:00","mainEntityOfPage":{"@id":"https:\/\/www.lyceelafayette.fr\/index.php\/2020\/01\/30\/le-lycee-a-lhonneur\/"},"wordCount":218,"publisher":{"@id":"https:\/\/www.lyceelafayette.fr\/#organization"},"image":{"@id":"https:\/\/www.lyceelafayette.fr\/index.php\/2020\/01\/30\/le-lycee-a-lhonneur\/#primaryimage"},"thumbnailUrl":"https:\/\/www.lyceelafayette.fr\/wp-content\/uploads\/2020\/01\/cisco.png","keywords":["2020","BTS","CISCO","\u00e9tudiants","SNIR"],"articleSection":["BTS"],"inLanguage":"fr-FR"},{"@type":"WebPage","@id":"https:\/\/www.lyceelafayette.fr\/index.php\/2020\/01\/30\/le-lycee-a-lhonneur\/","url":"https:\/\/www.lyceelafayette.fr\/index.php\/2020\/01\/30\/le-lycee-a-lhonneur\/","name":"Le lyc\u00e9e \u00e0 l\u2019honneur - Lyc\u00e9e La Fayette","isPartOf":{"@id":"https:\/\/www.lyceelafayette.fr\/#website"},"primaryImageOfPage":{"@id":"https:\/\/www.lyceelafayette.fr\/index.php\/2020\/01\/30\/le-lycee-a-lhonneur\/#primaryimage"},"image":{"@id":"https:\/\/www.lyceelafayette.fr\/index.php\/2020\/01\/30\/le-lycee-a-lhonneur\/#primaryimage"},"thumbnailUrl":"https:\/\/www.lyceelafayette.fr\/wp-content\/uploads\/2020\/01\/cisco.png","datePublished":"2020-01-30T12:52:00+00:00","dateModified":"2020-03-05T13:32:26+00:00","breadcrumb":{"@id":"https:\/\/www.lyceelafayette.fr\/index.php\/2020\/01\/30\/le-lycee-a-lhonneur\/#breadcrumb"},"inLanguage":"fr-FR","potentialAction":[{"@type":"ReadAction","target":["https:\/\/www.lyceelafayette.fr\/index.php\/2020\/01\/30\/le-lycee-a-lhonneur\/"]}]},{"@type":"ImageObject","inLanguage":"fr-FR","@id":"https:\/\/www.lyceelafayette.fr\/index.php\/2020\/01\/30\/le-lycee-a-lhonneur\/#primaryimage","url":"https:\/\/www.lyceelafayette.fr\/wp-content\/uploads\/2020\/01\/cisco.png","contentUrl":"https:\/\/www.lyceelafayette.fr\/wp-content\/uploads\/2020\/01\/cisco.png","width":227,"height":120},{"@type":"BreadcrumbList","@id":"https:\/\/www.lyceelafayette.fr\/index.php\/2020\/01\/30\/le-lycee-a-lhonneur\/#breadcrumb","itemListElement":[{"@type":"ListItem","position":1,"name":"Accueil","item":"https:\/\/www.lyceelafayette.fr\/"},{"@type":"ListItem","position":2,"name":"Le lyc\u00e9e \u00e0 l\u2019honneur"}]},{"@type":"WebSite","@id":"https:\/\/www.lyceelafayette.fr\/#website","url":"https:\/\/www.lyceelafayette.fr\/","name":"Lyc\u00e9e La Fayette","description":"","publisher":{"@id":"https:\/\/www.lyceelafayette.fr\/#organization"},"potentialAction":[{"@type":"SearchAction","target":{"@type":"EntryPoint","urlTemplate":"https:\/\/www.lyceelafayette.fr\/?s={search_term_string}"},"query-input":{"@type":"PropertyValueSpecification","valueRequired":true,"valueName":"search_term_string"}}],"inLanguage":"fr-FR"},{"@type":"Organization","@id":"https:\/\/www.lyceelafayette.fr\/#organization","name":"Lyc\u00e9e La Fayette","url":"https:\/\/www.lyceelafayette.fr\/","logo":{"@type":"ImageObject","inLanguage":"fr-FR","@id":"https:\/\/www.lyceelafayette.fr\/#\/schema\/logo\/image\/","url":"https:\/\/www.lyceelafayette.fr\/wp-content\/uploads\/2019\/06\/llf_logo_alpha.png","contentUrl":"https:\/\/www.lyceelafayette.fr\/wp-content\/uploads\/2019\/06\/llf_logo_alpha.png","width":1583,"height":792,"caption":"Lyc\u00e9e La Fayette"},"image":{"@id":"https:\/\/www.lyceelafayette.fr\/#\/schema\/logo\/image\/"},"sameAs":["https:\/\/www.youtube.com\/channel\/UC2AOQowoMGBKdY4ToZsf9mw"]},{"@type":"Person","@id":"https:\/\/www.lyceelafayette.fr\/#\/schema\/person\/ce6db8a1157d50329e1fd65f9a9b5df8","name":"Alexandre Facchin","image":{"@type":"ImageObject","inLanguage":"fr-FR","@id":"https:\/\/secure.gravatar.com\/avatar\/c94ab2db74f6be2880cb92feeab1c3c9a55baee6dab0b6f9fbb80e1bc3336b7a?s=96&d=blank&r=g","url":"https:\/\/secure.gravatar.com\/avatar\/c94ab2db74f6be2880cb92feeab1c3c9a55baee6dab0b6f9fbb80e1bc3336b7a?s=96&d=blank&r=g","contentUrl":"https:\/\/secure.gravatar.com\/avatar\/c94ab2db74f6be2880cb92feeab1c3c9a55baee6dab0b6f9fbb80e1bc3336b7a?s=96&d=blank&r=g","caption":"Alexandre Facchin"},"url":"https:\/\/www.lyceelafayette.fr\/index.php\/author\/admin\/"}]}},"_links":{"self":[{"href":"https:\/\/www.lyceelafayette.fr\/index.php\/wp-json\/wp\/v2\/posts\/2360","targetHints":{"allow":["GET"]}}],"collection":[{"href":"https:\/\/www.lyceelafayette.fr\/index.php\/wp-json\/wp\/v2\/posts"}],"about":[{"href":"https:\/\/www.lyceelafayette.fr\/index.php\/wp-json\/wp\/v2\/types\/post"}],"author":[{"embeddable":true,"href":"https:\/\/www.lyceelafayette.fr\/index.php\/wp-json\/wp\/v2\/users\/8"}],"replies":[{"embeddable":true,"href":"https:\/\/www.lyceelafayette.fr\/index.php\/wp-json\/wp\/v2\/comments?post=2360"}],"version-history":[{"count":6,"href":"https:\/\/www.lyceelafayette.fr\/index.php\/wp-json\/wp\/v2\/posts\/2360\/revisions"}],"predecessor-version":[{"id":2396,"href":"https:\/\/www.lyceelafayette.fr\/index.php\/wp-json\/wp\/v2\/posts\/2360\/revisions\/2396"}],"wp:featuredmedia":[{"embeddable":true,"href":"https:\/\/www.lyceelafayette.fr\/index.php\/wp-json\/wp\/v2\/media\/2363"}],"wp:attachment":[{"href":"https:\/\/www.lyceelafayette.fr\/index.php\/wp-json\/wp\/v2\/media?parent=2360"}],"wp:term":[{"taxonomy":"category","embeddable":true,"href":"https:\/\/www.lyceelafayette.fr\/index.php\/wp-json\/wp\/v2\/categories?post=2360"},{"taxonomy":"post_tag","embeddable":true,"href":"https:\/\/www.lyceelafayette.fr\/index.php\/wp-json\/wp\/v2\/tags?post=2360"}],"curies":[{"name":"wp","href":"https:\/\/api.w.org\/{rel}","templated":true}]}}