{"id":2192,"date":"2019-12-03T08:59:06","date_gmt":"2019-12-03T07:59:06","guid":{"rendered":"https:\/\/www.lyceelafayette.fr\/?p=2192"},"modified":"2021-01-07T08:59:03","modified_gmt":"2021-01-07T07:59:03","slug":"portes-ouvertes","status":"publish","type":"post","link":"https:\/\/www.lyceelafayette.fr\/index.php\/2019\/12\/03\/portes-ouvertes\/","title":{"rendered":"Journ\u00e9e Portes ouvertes 2021"},"content":{"rendered":"\n<p><strong>Le 6 mars de 9h \u00e0 16h <\/strong>aura lieu la journ\u00e9e portes ouvertes du lyc\u00e9e La Fayette sur les deux sites de formation.<\/p>\n\n\n\n<figure class=\"wp-block-image size-large\"><img loading=\"lazy\" decoding=\"async\" width=\"583\" height=\"826\" src=\"https:\/\/www.lyceelafayette.fr\/wp-content\/uploads\/2019\/12\/FLYER-LLF-2021.jpg\" alt=\"\" class=\"wp-image-3148\" srcset=\"https:\/\/www.lyceelafayette.fr\/wp-content\/uploads\/2019\/12\/FLYER-LLF-2021.jpg 583w, https:\/\/www.lyceelafayette.fr\/wp-content\/uploads\/2019\/12\/FLYER-LLF-2021-212x300.jpg 212w, https:\/\/www.lyceelafayette.fr\/wp-content\/uploads\/2019\/12\/FLYER-LLF-2021-106x150.jpg 106w\" sizes=\"auto, (max-width: 583px) 100vw, 583px\" \/><\/figure>\n\n\n\n<p><!--more--><\/p>\n\n\n\n<figure class=\"wp-block-table is-style-stripes\"><table><tbody><tr><td><strong>Site de Champagne-sur-Seine<\/strong><\/td><td><\/td><td><strong>Site de Fontaineroux<\/strong><\/td><\/tr><tr><td>Place des C\u00e9lestins\n\t\t\t\t<\/td><td><\/td><td>\n\t\t\t\t\t847, Route de Fontaineroux\n\t\t\t\t<\/td><\/tr><tr><td>\n\t\t\t\t\t77430 CHAMPAGNE-SUR-SEINE\n\t\t\t\t<\/td><td><\/td><td> 77850 H\u00c9RICY<br><\/td><\/tr><\/tbody><\/table><\/figure>\n\n\n\n<p>Une navette gratuite sera mise \u00e0 disposition entre les deux sites.<\/p>\n\n\n\n<figure class=\"wp-block-image size-large\"><img decoding=\"async\" src=\"https:\/\/www.lyceelafayette.fr\/wp-content\/uploads\/2021\/01\/affiche-JPO21-br3-2-723x1024.jpg\" alt=\"\" class=\"wp-image-3089\"\/><\/figure>\n\n\n\n<p><\/p>\n","protected":false},"excerpt":{"rendered":"<p>Le 6 mars de 9h \u00e0 16h aura lieu la journ\u00e9e portes ouvertes du lyc\u00e9e La Fayette sur les deux sites de formation. <a class=\"continue-reading-link\" href=\"https:\/\/www.lyceelafayette.fr\/index.php\/2019\/12\/03\/portes-ouvertes\/\">lire la suite<\/a><\/p>\n","protected":false},"author":8,"featured_media":0,"comment_status":"closed","ping_status":"open","sticky":false,"template":"","format":"standard","meta":{"footnotes":""},"categories":[1],"tags":[10,11,17,15,18,13,16,20,21,12,14,9,19],"class_list":["post-2192","post","type-post","status-publish","format-standard","hentry","category-non-classe","tag-10","tag-accueil","tag-bac","tag-bts","tag-cap","tag-commerce","tag-cpge","tag-electricite","tag-electronique","tag-formations","tag-informatique","tag-porte-ouverte","tag-pro"],"yoast_head":"<!-- This site is optimized with the Yoast SEO plugin v27.5 - https:\/\/yoast.com\/product\/yoast-seo-wordpress\/ -->\n<title>Journ\u00e9e Portes ouvertes 2021 - Lyc\u00e9e La Fayette<\/title>\n<meta name=\"robots\" content=\"index, follow, max-snippet:-1, max-image-preview:large, max-video-preview:-1\" \/>\n<link rel=\"canonical\" href=\"https:\/\/www.lyceelafayette.fr\/index.php\/2019\/12\/03\/portes-ouvertes\/\" \/>\n<meta property=\"og:locale\" content=\"fr_FR\" \/>\n<meta property=\"og:type\" content=\"article\" \/>\n<meta property=\"og:title\" content=\"Journ\u00e9e Portes ouvertes 2021 - Lyc\u00e9e La Fayette\" \/>\n<meta property=\"og:description\" content=\"Le 6 mars de 9h \u00e0 16h aura lieu la journ\u00e9e portes ouvertes du lyc\u00e9e La Fayette sur les deux sites de formation. lire la suite\" \/>\n<meta property=\"og:url\" content=\"https:\/\/www.lyceelafayette.fr\/index.php\/2019\/12\/03\/portes-ouvertes\/\" \/>\n<meta property=\"og:site_name\" content=\"Lyc\u00e9e La Fayette\" \/>\n<meta property=\"article:published_time\" content=\"2019-12-03T07:59:06+00:00\" \/>\n<meta property=\"article:modified_time\" content=\"2021-01-07T07:59:03+00:00\" \/>\n<meta property=\"og:image\" content=\"https:\/\/www.lyceelafayette.fr\/wp-content\/uploads\/2019\/12\/FLYER-LLF-2021.jpg\" \/>\n<meta name=\"author\" content=\"Alexandre Facchin\" \/>\n<meta name=\"twitter:card\" content=\"summary_large_image\" \/>\n<meta name=\"twitter:label1\" content=\"\u00c9crit par\" \/>\n\t<meta name=\"twitter:data1\" content=\"Alexandre Facchin\" \/>\n<script type=\"application\/ld+json\" class=\"yoast-schema-graph\">{\"@context\":\"https:\\\/\\\/schema.org\",\"@graph\":[{\"@type\":\"Article\",\"@id\":\"https:\\\/\\\/www.lyceelafayette.fr\\\/index.php\\\/2019\\\/12\\\/03\\\/portes-ouvertes\\\/#article\",\"isPartOf\":{\"@id\":\"https:\\\/\\\/www.lyceelafayette.fr\\\/index.php\\\/2019\\\/12\\\/03\\\/portes-ouvertes\\\/\"},\"author\":{\"name\":\"Alexandre Facchin\",\"@id\":\"https:\\\/\\\/www.lyceelafayette.fr\\\/#\\\/schema\\\/person\\\/ce6db8a1157d50329e1fd65f9a9b5df8\"},\"headline\":\"Journ\u00e9e Portes ouvertes 2021\",\"datePublished\":\"2019-12-03T07:59:06+00:00\",\"dateModified\":\"2021-01-07T07:59:03+00:00\",\"mainEntityOfPage\":{\"@id\":\"https:\\\/\\\/www.lyceelafayette.fr\\\/index.php\\\/2019\\\/12\\\/03\\\/portes-ouvertes\\\/\"},\"wordCount\":53,\"publisher\":{\"@id\":\"https:\\\/\\\/www.lyceelafayette.fr\\\/#organization\"},\"image\":{\"@id\":\"https:\\\/\\\/www.lyceelafayette.fr\\\/index.php\\\/2019\\\/12\\\/03\\\/portes-ouvertes\\\/#primaryimage\"},\"thumbnailUrl\":\"https:\\\/\\\/www.lyceelafayette.fr\\\/wp-content\\\/uploads\\\/2019\\\/12\\\/FLYER-LLF-2021.jpg\",\"keywords\":[\"2020\",\"accueil\",\"BAC\",\"BTS\",\"CAP\",\"commerce\",\"CPGE\",\"\u00e9lectricit\u00e9\",\"\u00e9lectronique\",\"formations\",\"informatique\",\"Porte ouverte\",\"PRO\"],\"inLanguage\":\"fr-FR\"},{\"@type\":\"WebPage\",\"@id\":\"https:\\\/\\\/www.lyceelafayette.fr\\\/index.php\\\/2019\\\/12\\\/03\\\/portes-ouvertes\\\/\",\"url\":\"https:\\\/\\\/www.lyceelafayette.fr\\\/index.php\\\/2019\\\/12\\\/03\\\/portes-ouvertes\\\/\",\"name\":\"Journ\u00e9e Portes ouvertes 2021 - Lyc\u00e9e La Fayette\",\"isPartOf\":{\"@id\":\"https:\\\/\\\/www.lyceelafayette.fr\\\/#website\"},\"primaryImageOfPage\":{\"@id\":\"https:\\\/\\\/www.lyceelafayette.fr\\\/index.php\\\/2019\\\/12\\\/03\\\/portes-ouvertes\\\/#primaryimage\"},\"image\":{\"@id\":\"https:\\\/\\\/www.lyceelafayette.fr\\\/index.php\\\/2019\\\/12\\\/03\\\/portes-ouvertes\\\/#primaryimage\"},\"thumbnailUrl\":\"https:\\\/\\\/www.lyceelafayette.fr\\\/wp-content\\\/uploads\\\/2019\\\/12\\\/FLYER-LLF-2021.jpg\",\"datePublished\":\"2019-12-03T07:59:06+00:00\",\"dateModified\":\"2021-01-07T07:59:03+00:00\",\"breadcrumb\":{\"@id\":\"https:\\\/\\\/www.lyceelafayette.fr\\\/index.php\\\/2019\\\/12\\\/03\\\/portes-ouvertes\\\/#breadcrumb\"},\"inLanguage\":\"fr-FR\",\"potentialAction\":[{\"@type\":\"ReadAction\",\"target\":[\"https:\\\/\\\/www.lyceelafayette.fr\\\/index.php\\\/2019\\\/12\\\/03\\\/portes-ouvertes\\\/\"]}]},{\"@type\":\"ImageObject\",\"inLanguage\":\"fr-FR\",\"@id\":\"https:\\\/\\\/www.lyceelafayette.fr\\\/index.php\\\/2019\\\/12\\\/03\\\/portes-ouvertes\\\/#primaryimage\",\"url\":\"https:\\\/\\\/www.lyceelafayette.fr\\\/wp-content\\\/uploads\\\/2019\\\/12\\\/FLYER-LLF-2021.jpg\",\"contentUrl\":\"https:\\\/\\\/www.lyceelafayette.fr\\\/wp-content\\\/uploads\\\/2019\\\/12\\\/FLYER-LLF-2021.jpg\",\"width\":583,\"height\":826},{\"@type\":\"BreadcrumbList\",\"@id\":\"https:\\\/\\\/www.lyceelafayette.fr\\\/index.php\\\/2019\\\/12\\\/03\\\/portes-ouvertes\\\/#breadcrumb\",\"itemListElement\":[{\"@type\":\"ListItem\",\"position\":1,\"name\":\"Accueil\",\"item\":\"https:\\\/\\\/www.lyceelafayette.fr\\\/\"},{\"@type\":\"ListItem\",\"position\":2,\"name\":\"Journ\u00e9e Portes ouvertes 2021\"}]},{\"@type\":\"WebSite\",\"@id\":\"https:\\\/\\\/www.lyceelafayette.fr\\\/#website\",\"url\":\"https:\\\/\\\/www.lyceelafayette.fr\\\/\",\"name\":\"Lyc\u00e9e La Fayette\",\"description\":\"\",\"publisher\":{\"@id\":\"https:\\\/\\\/www.lyceelafayette.fr\\\/#organization\"},\"potentialAction\":[{\"@type\":\"SearchAction\",\"target\":{\"@type\":\"EntryPoint\",\"urlTemplate\":\"https:\\\/\\\/www.lyceelafayette.fr\\\/?s={search_term_string}\"},\"query-input\":{\"@type\":\"PropertyValueSpecification\",\"valueRequired\":true,\"valueName\":\"search_term_string\"}}],\"inLanguage\":\"fr-FR\"},{\"@type\":\"Organization\",\"@id\":\"https:\\\/\\\/www.lyceelafayette.fr\\\/#organization\",\"name\":\"Lyc\u00e9e La Fayette\",\"url\":\"https:\\\/\\\/www.lyceelafayette.fr\\\/\",\"logo\":{\"@type\":\"ImageObject\",\"inLanguage\":\"fr-FR\",\"@id\":\"https:\\\/\\\/www.lyceelafayette.fr\\\/#\\\/schema\\\/logo\\\/image\\\/\",\"url\":\"https:\\\/\\\/www.lyceelafayette.fr\\\/wp-content\\\/uploads\\\/2019\\\/06\\\/llf_logo_alpha.png\",\"contentUrl\":\"https:\\\/\\\/www.lyceelafayette.fr\\\/wp-content\\\/uploads\\\/2019\\\/06\\\/llf_logo_alpha.png\",\"width\":1583,\"height\":792,\"caption\":\"Lyc\u00e9e La Fayette\"},\"image\":{\"@id\":\"https:\\\/\\\/www.lyceelafayette.fr\\\/#\\\/schema\\\/logo\\\/image\\\/\"},\"sameAs\":[\"https:\\\/\\\/www.youtube.com\\\/channel\\\/UC2AOQowoMGBKdY4ToZsf9mw\"]},{\"@type\":\"Person\",\"@id\":\"https:\\\/\\\/www.lyceelafayette.fr\\\/#\\\/schema\\\/person\\\/ce6db8a1157d50329e1fd65f9a9b5df8\",\"name\":\"Alexandre Facchin\",\"image\":{\"@type\":\"ImageObject\",\"inLanguage\":\"fr-FR\",\"@id\":\"https:\\\/\\\/secure.gravatar.com\\\/avatar\\\/c94ab2db74f6be2880cb92feeab1c3c9a55baee6dab0b6f9fbb80e1bc3336b7a?s=96&d=blank&r=g\",\"url\":\"https:\\\/\\\/secure.gravatar.com\\\/avatar\\\/c94ab2db74f6be2880cb92feeab1c3c9a55baee6dab0b6f9fbb80e1bc3336b7a?s=96&d=blank&r=g\",\"contentUrl\":\"https:\\\/\\\/secure.gravatar.com\\\/avatar\\\/c94ab2db74f6be2880cb92feeab1c3c9a55baee6dab0b6f9fbb80e1bc3336b7a?s=96&d=blank&r=g\",\"caption\":\"Alexandre Facchin\"},\"url\":\"https:\\\/\\\/www.lyceelafayette.fr\\\/index.php\\\/author\\\/admin\\\/\"}]}<\/script>\n<!-- \/ Yoast SEO plugin. -->","yoast_head_json":{"title":"Journ\u00e9e Portes ouvertes 2021 - Lyc\u00e9e La Fayette","robots":{"index":"index","follow":"follow","max-snippet":"max-snippet:-1","max-image-preview":"max-image-preview:large","max-video-preview":"max-video-preview:-1"},"canonical":"https:\/\/www.lyceelafayette.fr\/index.php\/2019\/12\/03\/portes-ouvertes\/","og_locale":"fr_FR","og_type":"article","og_title":"Journ\u00e9e Portes ouvertes 2021 - Lyc\u00e9e La Fayette","og_description":"Le 6 mars de 9h \u00e0 16h aura lieu la journ\u00e9e portes ouvertes du lyc\u00e9e La Fayette sur les deux sites de formation. lire la suite","og_url":"https:\/\/www.lyceelafayette.fr\/index.php\/2019\/12\/03\/portes-ouvertes\/","og_site_name":"Lyc\u00e9e La Fayette","article_published_time":"2019-12-03T07:59:06+00:00","article_modified_time":"2021-01-07T07:59:03+00:00","og_image":[{"url":"https:\/\/www.lyceelafayette.fr\/wp-content\/uploads\/2019\/12\/FLYER-LLF-2021.jpg","type":"","width":"","height":""}],"author":"Alexandre Facchin","twitter_card":"summary_large_image","twitter_misc":{"\u00c9crit par":"Alexandre Facchin"},"schema":{"@context":"https:\/\/schema.org","@graph":[{"@type":"Article","@id":"https:\/\/www.lyceelafayette.fr\/index.php\/2019\/12\/03\/portes-ouvertes\/#article","isPartOf":{"@id":"https:\/\/www.lyceelafayette.fr\/index.php\/2019\/12\/03\/portes-ouvertes\/"},"author":{"name":"Alexandre Facchin","@id":"https:\/\/www.lyceelafayette.fr\/#\/schema\/person\/ce6db8a1157d50329e1fd65f9a9b5df8"},"headline":"Journ\u00e9e Portes ouvertes 2021","datePublished":"2019-12-03T07:59:06+00:00","dateModified":"2021-01-07T07:59:03+00:00","mainEntityOfPage":{"@id":"https:\/\/www.lyceelafayette.fr\/index.php\/2019\/12\/03\/portes-ouvertes\/"},"wordCount":53,"publisher":{"@id":"https:\/\/www.lyceelafayette.fr\/#organization"},"image":{"@id":"https:\/\/www.lyceelafayette.fr\/index.php\/2019\/12\/03\/portes-ouvertes\/#primaryimage"},"thumbnailUrl":"https:\/\/www.lyceelafayette.fr\/wp-content\/uploads\/2019\/12\/FLYER-LLF-2021.jpg","keywords":["2020","accueil","BAC","BTS","CAP","commerce","CPGE","\u00e9lectricit\u00e9","\u00e9lectronique","formations","informatique","Porte ouverte","PRO"],"inLanguage":"fr-FR"},{"@type":"WebPage","@id":"https:\/\/www.lyceelafayette.fr\/index.php\/2019\/12\/03\/portes-ouvertes\/","url":"https:\/\/www.lyceelafayette.fr\/index.php\/2019\/12\/03\/portes-ouvertes\/","name":"Journ\u00e9e Portes ouvertes 2021 - Lyc\u00e9e La Fayette","isPartOf":{"@id":"https:\/\/www.lyceelafayette.fr\/#website"},"primaryImageOfPage":{"@id":"https:\/\/www.lyceelafayette.fr\/index.php\/2019\/12\/03\/portes-ouvertes\/#primaryimage"},"image":{"@id":"https:\/\/www.lyceelafayette.fr\/index.php\/2019\/12\/03\/portes-ouvertes\/#primaryimage"},"thumbnailUrl":"https:\/\/www.lyceelafayette.fr\/wp-content\/uploads\/2019\/12\/FLYER-LLF-2021.jpg","datePublished":"2019-12-03T07:59:06+00:00","dateModified":"2021-01-07T07:59:03+00:00","breadcrumb":{"@id":"https:\/\/www.lyceelafayette.fr\/index.php\/2019\/12\/03\/portes-ouvertes\/#breadcrumb"},"inLanguage":"fr-FR","potentialAction":[{"@type":"ReadAction","target":["https:\/\/www.lyceelafayette.fr\/index.php\/2019\/12\/03\/portes-ouvertes\/"]}]},{"@type":"ImageObject","inLanguage":"fr-FR","@id":"https:\/\/www.lyceelafayette.fr\/index.php\/2019\/12\/03\/portes-ouvertes\/#primaryimage","url":"https:\/\/www.lyceelafayette.fr\/wp-content\/uploads\/2019\/12\/FLYER-LLF-2021.jpg","contentUrl":"https:\/\/www.lyceelafayette.fr\/wp-content\/uploads\/2019\/12\/FLYER-LLF-2021.jpg","width":583,"height":826},{"@type":"BreadcrumbList","@id":"https:\/\/www.lyceelafayette.fr\/index.php\/2019\/12\/03\/portes-ouvertes\/#breadcrumb","itemListElement":[{"@type":"ListItem","position":1,"name":"Accueil","item":"https:\/\/www.lyceelafayette.fr\/"},{"@type":"ListItem","position":2,"name":"Journ\u00e9e Portes ouvertes 2021"}]},{"@type":"WebSite","@id":"https:\/\/www.lyceelafayette.fr\/#website","url":"https:\/\/www.lyceelafayette.fr\/","name":"Lyc\u00e9e La Fayette","description":"","publisher":{"@id":"https:\/\/www.lyceelafayette.fr\/#organization"},"potentialAction":[{"@type":"SearchAction","target":{"@type":"EntryPoint","urlTemplate":"https:\/\/www.lyceelafayette.fr\/?s={search_term_string}"},"query-input":{"@type":"PropertyValueSpecification","valueRequired":true,"valueName":"search_term_string"}}],"inLanguage":"fr-FR"},{"@type":"Organization","@id":"https:\/\/www.lyceelafayette.fr\/#organization","name":"Lyc\u00e9e La Fayette","url":"https:\/\/www.lyceelafayette.fr\/","logo":{"@type":"ImageObject","inLanguage":"fr-FR","@id":"https:\/\/www.lyceelafayette.fr\/#\/schema\/logo\/image\/","url":"https:\/\/www.lyceelafayette.fr\/wp-content\/uploads\/2019\/06\/llf_logo_alpha.png","contentUrl":"https:\/\/www.lyceelafayette.fr\/wp-content\/uploads\/2019\/06\/llf_logo_alpha.png","width":1583,"height":792,"caption":"Lyc\u00e9e La Fayette"},"image":{"@id":"https:\/\/www.lyceelafayette.fr\/#\/schema\/logo\/image\/"},"sameAs":["https:\/\/www.youtube.com\/channel\/UC2AOQowoMGBKdY4ToZsf9mw"]},{"@type":"Person","@id":"https:\/\/www.lyceelafayette.fr\/#\/schema\/person\/ce6db8a1157d50329e1fd65f9a9b5df8","name":"Alexandre Facchin","image":{"@type":"ImageObject","inLanguage":"fr-FR","@id":"https:\/\/secure.gravatar.com\/avatar\/c94ab2db74f6be2880cb92feeab1c3c9a55baee6dab0b6f9fbb80e1bc3336b7a?s=96&d=blank&r=g","url":"https:\/\/secure.gravatar.com\/avatar\/c94ab2db74f6be2880cb92feeab1c3c9a55baee6dab0b6f9fbb80e1bc3336b7a?s=96&d=blank&r=g","contentUrl":"https:\/\/secure.gravatar.com\/avatar\/c94ab2db74f6be2880cb92feeab1c3c9a55baee6dab0b6f9fbb80e1bc3336b7a?s=96&d=blank&r=g","caption":"Alexandre Facchin"},"url":"https:\/\/www.lyceelafayette.fr\/index.php\/author\/admin\/"}]}},"_links":{"self":[{"href":"https:\/\/www.lyceelafayette.fr\/index.php\/wp-json\/wp\/v2\/posts\/2192","targetHints":{"allow":["GET"]}}],"collection":[{"href":"https:\/\/www.lyceelafayette.fr\/index.php\/wp-json\/wp\/v2\/posts"}],"about":[{"href":"https:\/\/www.lyceelafayette.fr\/index.php\/wp-json\/wp\/v2\/types\/post"}],"author":[{"embeddable":true,"href":"https:\/\/www.lyceelafayette.fr\/index.php\/wp-json\/wp\/v2\/users\/8"}],"replies":[{"embeddable":true,"href":"https:\/\/www.lyceelafayette.fr\/index.php\/wp-json\/wp\/v2\/comments?post=2192"}],"version-history":[{"count":8,"href":"https:\/\/www.lyceelafayette.fr\/index.php\/wp-json\/wp\/v2\/posts\/2192\/revisions"}],"predecessor-version":[{"id":3152,"href":"https:\/\/www.lyceelafayette.fr\/index.php\/wp-json\/wp\/v2\/posts\/2192\/revisions\/3152"}],"wp:attachment":[{"href":"https:\/\/www.lyceelafayette.fr\/index.php\/wp-json\/wp\/v2\/media?parent=2192"}],"wp:term":[{"taxonomy":"category","embeddable":true,"href":"https:\/\/www.lyceelafayette.fr\/index.php\/wp-json\/wp\/v2\/categories?post=2192"},{"taxonomy":"post_tag","embeddable":true,"href":"https:\/\/www.lyceelafayette.fr\/index.php\/wp-json\/wp\/v2\/tags?post=2192"}],"curies":[{"name":"wp","href":"https:\/\/api.w.org\/{rel}","templated":true}]}}