{"id":2086,"date":"2019-10-03T11:54:54","date_gmt":"2019-10-03T09:54:54","guid":{"rendered":"https:\/\/www.lyceelafayette.fr\/?p=2086"},"modified":"2019-12-20T09:07:58","modified_gmt":"2019-12-20T08:07:58","slug":"elections-des-representants-au-conseil-administration","status":"publish","type":"post","link":"https:\/\/www.lyceelafayette.fr\/index.php\/2019\/10\/03\/elections-des-representants-au-conseil-administration\/","title":{"rendered":"\u00c9lections des repr\u00e9sentants au conseil d&rsquo;administration"},"content":{"rendered":"\n<figure class=\"wp-block-image is-resized\"><img loading=\"lazy\" decoding=\"async\" src=\"https:\/\/www.lyceelafayette.fr\/wp-content\/uploads\/2019\/10\/urne-vote.png\" alt=\"\" class=\"wp-image-2103\" width=\"97\" height=\"125\" srcset=\"https:\/\/www.lyceelafayette.fr\/wp-content\/uploads\/2019\/10\/urne-vote.png 386w, https:\/\/www.lyceelafayette.fr\/wp-content\/uploads\/2019\/10\/urne-vote-232x300.png 232w, https:\/\/www.lyceelafayette.fr\/wp-content\/uploads\/2019\/10\/urne-vote-116x150.png 116w\" sizes=\"auto, (max-width: 97px) 100vw, 97px\" \/><\/figure>\n\n\n\n<p>VENDREDI 11 OCTOBRE et JEUDI 10 Octobre<\/p>\n<p><!--more--><\/p>\n\n\n\n<p><strong>Pour les parents d&rsquo;\u00e9l\u00e8ves :<\/strong><\/p>\n\n\n\n<p>Distribution aux \u00e9l\u00e8ves des enveloppes choix du vote par correspondance ou VENDREDI 11 OCTOBRE 2019 BUREAU DE VOTE OUVERT DE 8H00 A 16H00 sur le site de CHAMPAGNE SUR SEINE<\/p>\n\n\n\n<p><strong>Pour les personnels :<\/strong><\/p>\n\n\n\n<p>JEUDI 10 OCTOBRE 2019 BUREAU DE VOTE OUVERT DE 8H00 A 16H30<\/p>\n","protected":false},"excerpt":{"rendered":"<p>VENDREDI 11 OCTOBRE et JEUDI 10 Octobre <a class=\"continue-reading-link\" href=\"https:\/\/www.lyceelafayette.fr\/index.php\/2019\/10\/03\/elections-des-representants-au-conseil-administration\/\">lire la suite<\/a><\/p>\n","protected":false},"author":9,"featured_media":0,"comment_status":"closed","ping_status":"open","sticky":false,"template":"","format":"standard","meta":{"footnotes":""},"categories":[1],"tags":[59],"class_list":["post-2086","post","type-post","status-publish","format-standard","hentry","category-non-classe","tag-elections"],"yoast_head":"<!-- This site is optimized with the Yoast SEO plugin v27.5 - https:\/\/yoast.com\/product\/yoast-seo-wordpress\/ -->\n<title>\u00c9lections des repr\u00e9sentants au conseil d&#039;administration - Lyc\u00e9e La Fayette<\/title>\n<meta name=\"robots\" content=\"index, follow, max-snippet:-1, max-image-preview:large, max-video-preview:-1\" \/>\n<link rel=\"canonical\" href=\"https:\/\/www.lyceelafayette.fr\/index.php\/2019\/10\/03\/elections-des-representants-au-conseil-administration\/\" \/>\n<meta property=\"og:locale\" content=\"fr_FR\" \/>\n<meta property=\"og:type\" content=\"article\" \/>\n<meta property=\"og:title\" content=\"\u00c9lections des repr\u00e9sentants au conseil d&#039;administration - Lyc\u00e9e La Fayette\" \/>\n<meta property=\"og:description\" content=\"VENDREDI 11 OCTOBRE et JEUDI 10 Octobre lire la suite\" \/>\n<meta property=\"og:url\" content=\"https:\/\/www.lyceelafayette.fr\/index.php\/2019\/10\/03\/elections-des-representants-au-conseil-administration\/\" \/>\n<meta property=\"og:site_name\" content=\"Lyc\u00e9e La Fayette\" \/>\n<meta property=\"article:published_time\" content=\"2019-10-03T09:54:54+00:00\" \/>\n<meta property=\"article:modified_time\" content=\"2019-12-20T08:07:58+00:00\" \/>\n<meta property=\"og:image\" content=\"https:\/\/www.lyceelafayette.fr\/wp-content\/uploads\/2019\/10\/urne-vote.png\" \/>\n<meta name=\"author\" content=\"Nathalie Romien\" \/>\n<meta name=\"twitter:card\" content=\"summary_large_image\" \/>\n<meta name=\"twitter:label1\" content=\"\u00c9crit par\" \/>\n\t<meta name=\"twitter:data1\" content=\"Nathalie Romien\" \/>\n<script type=\"application\/ld+json\" class=\"yoast-schema-graph\">{\"@context\":\"https:\\\/\\\/schema.org\",\"@graph\":[{\"@type\":\"Article\",\"@id\":\"https:\\\/\\\/www.lyceelafayette.fr\\\/index.php\\\/2019\\\/10\\\/03\\\/elections-des-representants-au-conseil-administration\\\/#article\",\"isPartOf\":{\"@id\":\"https:\\\/\\\/www.lyceelafayette.fr\\\/index.php\\\/2019\\\/10\\\/03\\\/elections-des-representants-au-conseil-administration\\\/\"},\"author\":{\"name\":\"Nathalie Romien\",\"@id\":\"https:\\\/\\\/www.lyceelafayette.fr\\\/#\\\/schema\\\/person\\\/4c4873f48cf6e89a791d19f54cdbae8c\"},\"headline\":\"\u00c9lections des repr\u00e9sentants au conseil d&rsquo;administration\",\"datePublished\":\"2019-10-03T09:54:54+00:00\",\"dateModified\":\"2019-12-20T08:07:58+00:00\",\"mainEntityOfPage\":{\"@id\":\"https:\\\/\\\/www.lyceelafayette.fr\\\/index.php\\\/2019\\\/10\\\/03\\\/elections-des-representants-au-conseil-administration\\\/\"},\"wordCount\":61,\"publisher\":{\"@id\":\"https:\\\/\\\/www.lyceelafayette.fr\\\/#organization\"},\"image\":{\"@id\":\"https:\\\/\\\/www.lyceelafayette.fr\\\/index.php\\\/2019\\\/10\\\/03\\\/elections-des-representants-au-conseil-administration\\\/#primaryimage\"},\"thumbnailUrl\":\"https:\\\/\\\/www.lyceelafayette.fr\\\/wp-content\\\/uploads\\\/2019\\\/10\\\/urne-vote.png\",\"keywords\":[\"\u00e9lections\"],\"inLanguage\":\"fr-FR\"},{\"@type\":\"WebPage\",\"@id\":\"https:\\\/\\\/www.lyceelafayette.fr\\\/index.php\\\/2019\\\/10\\\/03\\\/elections-des-representants-au-conseil-administration\\\/\",\"url\":\"https:\\\/\\\/www.lyceelafayette.fr\\\/index.php\\\/2019\\\/10\\\/03\\\/elections-des-representants-au-conseil-administration\\\/\",\"name\":\"\u00c9lections des repr\u00e9sentants au conseil d'administration - Lyc\u00e9e La Fayette\",\"isPartOf\":{\"@id\":\"https:\\\/\\\/www.lyceelafayette.fr\\\/#website\"},\"primaryImageOfPage\":{\"@id\":\"https:\\\/\\\/www.lyceelafayette.fr\\\/index.php\\\/2019\\\/10\\\/03\\\/elections-des-representants-au-conseil-administration\\\/#primaryimage\"},\"image\":{\"@id\":\"https:\\\/\\\/www.lyceelafayette.fr\\\/index.php\\\/2019\\\/10\\\/03\\\/elections-des-representants-au-conseil-administration\\\/#primaryimage\"},\"thumbnailUrl\":\"https:\\\/\\\/www.lyceelafayette.fr\\\/wp-content\\\/uploads\\\/2019\\\/10\\\/urne-vote.png\",\"datePublished\":\"2019-10-03T09:54:54+00:00\",\"dateModified\":\"2019-12-20T08:07:58+00:00\",\"breadcrumb\":{\"@id\":\"https:\\\/\\\/www.lyceelafayette.fr\\\/index.php\\\/2019\\\/10\\\/03\\\/elections-des-representants-au-conseil-administration\\\/#breadcrumb\"},\"inLanguage\":\"fr-FR\",\"potentialAction\":[{\"@type\":\"ReadAction\",\"target\":[\"https:\\\/\\\/www.lyceelafayette.fr\\\/index.php\\\/2019\\\/10\\\/03\\\/elections-des-representants-au-conseil-administration\\\/\"]}]},{\"@type\":\"ImageObject\",\"inLanguage\":\"fr-FR\",\"@id\":\"https:\\\/\\\/www.lyceelafayette.fr\\\/index.php\\\/2019\\\/10\\\/03\\\/elections-des-representants-au-conseil-administration\\\/#primaryimage\",\"url\":\"https:\\\/\\\/www.lyceelafayette.fr\\\/wp-content\\\/uploads\\\/2019\\\/10\\\/urne-vote.png\",\"contentUrl\":\"https:\\\/\\\/www.lyceelafayette.fr\\\/wp-content\\\/uploads\\\/2019\\\/10\\\/urne-vote.png\",\"width\":386,\"height\":500},{\"@type\":\"BreadcrumbList\",\"@id\":\"https:\\\/\\\/www.lyceelafayette.fr\\\/index.php\\\/2019\\\/10\\\/03\\\/elections-des-representants-au-conseil-administration\\\/#breadcrumb\",\"itemListElement\":[{\"@type\":\"ListItem\",\"position\":1,\"name\":\"Accueil\",\"item\":\"https:\\\/\\\/www.lyceelafayette.fr\\\/\"},{\"@type\":\"ListItem\",\"position\":2,\"name\":\"\u00c9lections des repr\u00e9sentants au conseil d&rsquo;administration\"}]},{\"@type\":\"WebSite\",\"@id\":\"https:\\\/\\\/www.lyceelafayette.fr\\\/#website\",\"url\":\"https:\\\/\\\/www.lyceelafayette.fr\\\/\",\"name\":\"Lyc\u00e9e La Fayette\",\"description\":\"\",\"publisher\":{\"@id\":\"https:\\\/\\\/www.lyceelafayette.fr\\\/#organization\"},\"potentialAction\":[{\"@type\":\"SearchAction\",\"target\":{\"@type\":\"EntryPoint\",\"urlTemplate\":\"https:\\\/\\\/www.lyceelafayette.fr\\\/?s={search_term_string}\"},\"query-input\":{\"@type\":\"PropertyValueSpecification\",\"valueRequired\":true,\"valueName\":\"search_term_string\"}}],\"inLanguage\":\"fr-FR\"},{\"@type\":\"Organization\",\"@id\":\"https:\\\/\\\/www.lyceelafayette.fr\\\/#organization\",\"name\":\"Lyc\u00e9e La Fayette\",\"url\":\"https:\\\/\\\/www.lyceelafayette.fr\\\/\",\"logo\":{\"@type\":\"ImageObject\",\"inLanguage\":\"fr-FR\",\"@id\":\"https:\\\/\\\/www.lyceelafayette.fr\\\/#\\\/schema\\\/logo\\\/image\\\/\",\"url\":\"https:\\\/\\\/www.lyceelafayette.fr\\\/wp-content\\\/uploads\\\/2019\\\/06\\\/llf_logo_alpha.png\",\"contentUrl\":\"https:\\\/\\\/www.lyceelafayette.fr\\\/wp-content\\\/uploads\\\/2019\\\/06\\\/llf_logo_alpha.png\",\"width\":1583,\"height\":792,\"caption\":\"Lyc\u00e9e La Fayette\"},\"image\":{\"@id\":\"https:\\\/\\\/www.lyceelafayette.fr\\\/#\\\/schema\\\/logo\\\/image\\\/\"},\"sameAs\":[\"https:\\\/\\\/www.youtube.com\\\/channel\\\/UC2AOQowoMGBKdY4ToZsf9mw\"]},{\"@type\":\"Person\",\"@id\":\"https:\\\/\\\/www.lyceelafayette.fr\\\/#\\\/schema\\\/person\\\/4c4873f48cf6e89a791d19f54cdbae8c\",\"name\":\"Nathalie Romien\",\"image\":{\"@type\":\"ImageObject\",\"inLanguage\":\"fr-FR\",\"@id\":\"https:\\\/\\\/secure.gravatar.com\\\/avatar\\\/bc7e48dbecb841eccf9846e181c8d99d1202fff40b193ca9cc048255d8c21885?s=96&d=blank&r=g\",\"url\":\"https:\\\/\\\/secure.gravatar.com\\\/avatar\\\/bc7e48dbecb841eccf9846e181c8d99d1202fff40b193ca9cc048255d8c21885?s=96&d=blank&r=g\",\"contentUrl\":\"https:\\\/\\\/secure.gravatar.com\\\/avatar\\\/bc7e48dbecb841eccf9846e181c8d99d1202fff40b193ca9cc048255d8c21885?s=96&d=blank&r=g\",\"caption\":\"Nathalie Romien\"},\"url\":\"https:\\\/\\\/www.lyceelafayette.fr\\\/index.php\\\/author\\\/secprov\\\/\"}]}<\/script>\n<!-- \/ Yoast SEO plugin. -->","yoast_head_json":{"title":"\u00c9lections des repr\u00e9sentants au conseil d'administration - Lyc\u00e9e La Fayette","robots":{"index":"index","follow":"follow","max-snippet":"max-snippet:-1","max-image-preview":"max-image-preview:large","max-video-preview":"max-video-preview:-1"},"canonical":"https:\/\/www.lyceelafayette.fr\/index.php\/2019\/10\/03\/elections-des-representants-au-conseil-administration\/","og_locale":"fr_FR","og_type":"article","og_title":"\u00c9lections des repr\u00e9sentants au conseil d'administration - Lyc\u00e9e La Fayette","og_description":"VENDREDI 11 OCTOBRE et JEUDI 10 Octobre lire la suite","og_url":"https:\/\/www.lyceelafayette.fr\/index.php\/2019\/10\/03\/elections-des-representants-au-conseil-administration\/","og_site_name":"Lyc\u00e9e La Fayette","article_published_time":"2019-10-03T09:54:54+00:00","article_modified_time":"2019-12-20T08:07:58+00:00","og_image":[{"url":"https:\/\/www.lyceelafayette.fr\/wp-content\/uploads\/2019\/10\/urne-vote.png","type":"","width":"","height":""}],"author":"Nathalie Romien","twitter_card":"summary_large_image","twitter_misc":{"\u00c9crit par":"Nathalie Romien"},"schema":{"@context":"https:\/\/schema.org","@graph":[{"@type":"Article","@id":"https:\/\/www.lyceelafayette.fr\/index.php\/2019\/10\/03\/elections-des-representants-au-conseil-administration\/#article","isPartOf":{"@id":"https:\/\/www.lyceelafayette.fr\/index.php\/2019\/10\/03\/elections-des-representants-au-conseil-administration\/"},"author":{"name":"Nathalie Romien","@id":"https:\/\/www.lyceelafayette.fr\/#\/schema\/person\/4c4873f48cf6e89a791d19f54cdbae8c"},"headline":"\u00c9lections des repr\u00e9sentants au conseil d&rsquo;administration","datePublished":"2019-10-03T09:54:54+00:00","dateModified":"2019-12-20T08:07:58+00:00","mainEntityOfPage":{"@id":"https:\/\/www.lyceelafayette.fr\/index.php\/2019\/10\/03\/elections-des-representants-au-conseil-administration\/"},"wordCount":61,"publisher":{"@id":"https:\/\/www.lyceelafayette.fr\/#organization"},"image":{"@id":"https:\/\/www.lyceelafayette.fr\/index.php\/2019\/10\/03\/elections-des-representants-au-conseil-administration\/#primaryimage"},"thumbnailUrl":"https:\/\/www.lyceelafayette.fr\/wp-content\/uploads\/2019\/10\/urne-vote.png","keywords":["\u00e9lections"],"inLanguage":"fr-FR"},{"@type":"WebPage","@id":"https:\/\/www.lyceelafayette.fr\/index.php\/2019\/10\/03\/elections-des-representants-au-conseil-administration\/","url":"https:\/\/www.lyceelafayette.fr\/index.php\/2019\/10\/03\/elections-des-representants-au-conseil-administration\/","name":"\u00c9lections des repr\u00e9sentants au conseil d'administration - Lyc\u00e9e La Fayette","isPartOf":{"@id":"https:\/\/www.lyceelafayette.fr\/#website"},"primaryImageOfPage":{"@id":"https:\/\/www.lyceelafayette.fr\/index.php\/2019\/10\/03\/elections-des-representants-au-conseil-administration\/#primaryimage"},"image":{"@id":"https:\/\/www.lyceelafayette.fr\/index.php\/2019\/10\/03\/elections-des-representants-au-conseil-administration\/#primaryimage"},"thumbnailUrl":"https:\/\/www.lyceelafayette.fr\/wp-content\/uploads\/2019\/10\/urne-vote.png","datePublished":"2019-10-03T09:54:54+00:00","dateModified":"2019-12-20T08:07:58+00:00","breadcrumb":{"@id":"https:\/\/www.lyceelafayette.fr\/index.php\/2019\/10\/03\/elections-des-representants-au-conseil-administration\/#breadcrumb"},"inLanguage":"fr-FR","potentialAction":[{"@type":"ReadAction","target":["https:\/\/www.lyceelafayette.fr\/index.php\/2019\/10\/03\/elections-des-representants-au-conseil-administration\/"]}]},{"@type":"ImageObject","inLanguage":"fr-FR","@id":"https:\/\/www.lyceelafayette.fr\/index.php\/2019\/10\/03\/elections-des-representants-au-conseil-administration\/#primaryimage","url":"https:\/\/www.lyceelafayette.fr\/wp-content\/uploads\/2019\/10\/urne-vote.png","contentUrl":"https:\/\/www.lyceelafayette.fr\/wp-content\/uploads\/2019\/10\/urne-vote.png","width":386,"height":500},{"@type":"BreadcrumbList","@id":"https:\/\/www.lyceelafayette.fr\/index.php\/2019\/10\/03\/elections-des-representants-au-conseil-administration\/#breadcrumb","itemListElement":[{"@type":"ListItem","position":1,"name":"Accueil","item":"https:\/\/www.lyceelafayette.fr\/"},{"@type":"ListItem","position":2,"name":"\u00c9lections des repr\u00e9sentants au conseil d&rsquo;administration"}]},{"@type":"WebSite","@id":"https:\/\/www.lyceelafayette.fr\/#website","url":"https:\/\/www.lyceelafayette.fr\/","name":"Lyc\u00e9e La Fayette","description":"","publisher":{"@id":"https:\/\/www.lyceelafayette.fr\/#organization"},"potentialAction":[{"@type":"SearchAction","target":{"@type":"EntryPoint","urlTemplate":"https:\/\/www.lyceelafayette.fr\/?s={search_term_string}"},"query-input":{"@type":"PropertyValueSpecification","valueRequired":true,"valueName":"search_term_string"}}],"inLanguage":"fr-FR"},{"@type":"Organization","@id":"https:\/\/www.lyceelafayette.fr\/#organization","name":"Lyc\u00e9e La Fayette","url":"https:\/\/www.lyceelafayette.fr\/","logo":{"@type":"ImageObject","inLanguage":"fr-FR","@id":"https:\/\/www.lyceelafayette.fr\/#\/schema\/logo\/image\/","url":"https:\/\/www.lyceelafayette.fr\/wp-content\/uploads\/2019\/06\/llf_logo_alpha.png","contentUrl":"https:\/\/www.lyceelafayette.fr\/wp-content\/uploads\/2019\/06\/llf_logo_alpha.png","width":1583,"height":792,"caption":"Lyc\u00e9e La Fayette"},"image":{"@id":"https:\/\/www.lyceelafayette.fr\/#\/schema\/logo\/image\/"},"sameAs":["https:\/\/www.youtube.com\/channel\/UC2AOQowoMGBKdY4ToZsf9mw"]},{"@type":"Person","@id":"https:\/\/www.lyceelafayette.fr\/#\/schema\/person\/4c4873f48cf6e89a791d19f54cdbae8c","name":"Nathalie Romien","image":{"@type":"ImageObject","inLanguage":"fr-FR","@id":"https:\/\/secure.gravatar.com\/avatar\/bc7e48dbecb841eccf9846e181c8d99d1202fff40b193ca9cc048255d8c21885?s=96&d=blank&r=g","url":"https:\/\/secure.gravatar.com\/avatar\/bc7e48dbecb841eccf9846e181c8d99d1202fff40b193ca9cc048255d8c21885?s=96&d=blank&r=g","contentUrl":"https:\/\/secure.gravatar.com\/avatar\/bc7e48dbecb841eccf9846e181c8d99d1202fff40b193ca9cc048255d8c21885?s=96&d=blank&r=g","caption":"Nathalie Romien"},"url":"https:\/\/www.lyceelafayette.fr\/index.php\/author\/secprov\/"}]}},"_links":{"self":[{"href":"https:\/\/www.lyceelafayette.fr\/index.php\/wp-json\/wp\/v2\/posts\/2086","targetHints":{"allow":["GET"]}}],"collection":[{"href":"https:\/\/www.lyceelafayette.fr\/index.php\/wp-json\/wp\/v2\/posts"}],"about":[{"href":"https:\/\/www.lyceelafayette.fr\/index.php\/wp-json\/wp\/v2\/types\/post"}],"author":[{"embeddable":true,"href":"https:\/\/www.lyceelafayette.fr\/index.php\/wp-json\/wp\/v2\/users\/9"}],"replies":[{"embeddable":true,"href":"https:\/\/www.lyceelafayette.fr\/index.php\/wp-json\/wp\/v2\/comments?post=2086"}],"version-history":[{"count":5,"href":"https:\/\/www.lyceelafayette.fr\/index.php\/wp-json\/wp\/v2\/posts\/2086\/revisions"}],"predecessor-version":[{"id":2104,"href":"https:\/\/www.lyceelafayette.fr\/index.php\/wp-json\/wp\/v2\/posts\/2086\/revisions\/2104"}],"wp:attachment":[{"href":"https:\/\/www.lyceelafayette.fr\/index.php\/wp-json\/wp\/v2\/media?parent=2086"}],"wp:term":[{"taxonomy":"category","embeddable":true,"href":"https:\/\/www.lyceelafayette.fr\/index.php\/wp-json\/wp\/v2\/categories?post=2086"},{"taxonomy":"post_tag","embeddable":true,"href":"https:\/\/www.lyceelafayette.fr\/index.php\/wp-json\/wp\/v2\/tags?post=2086"}],"curies":[{"name":"wp","href":"https:\/\/api.w.org\/{rel}","templated":true}]}}